{"id":40125,"date":"2026-08-23T21:00:33","date_gmt":"2026-08-23T21:00:33","guid":{"rendered":"https:\/\/equestrian.ca\/non-classifiee\/team-canada-closes-out-the-fei-world-championships-with-two-fabulous-freestyles\/"},"modified":"2026-09-04T21:08:04","modified_gmt":"2026-09-04T21:08:04","slug":"team-canada-closes-out-the-fei-world-championships-with-two-fabulous-freestyles","status":"publish","type":"post","link":"https:\/\/equestrian.ca\/fr\/non-classifiee\/team-canada-closes-out-the-fei-world-championships-with-two-fabulous-freestyles\/","title":{"rendered":"\u00c9quipe Canada termine les Championnats du monde de la FEI avec deux fabuleuses \u00e9preuves libres!"},"content":{"rendered":"\n<figure class=\"wp-block-image size-large\"><img loading=\"lazy\" decoding=\"async\" width=\"1024\" height=\"732\" src=\"https:\/\/equestrian.ca\/wp-content\/uploads\/Bert_T3_5603-1024x732.jpg\" alt=\"\" class=\"wp-image-40117\" srcset=\"https:\/\/equestrian.ca\/wp-content\/uploads\/Bert_T3_5603-1024x732.jpg 1024w, https:\/\/equestrian.ca\/wp-content\/uploads\/Bert_T3_5603-300x214.jpg 300w, https:\/\/equestrian.ca\/wp-content\/uploads\/Bert_T3_5603-768x549.jpg 768w, https:\/\/equestrian.ca\/wp-content\/uploads\/Bert_T3_5603-1536x1097.jpg 1536w, https:\/\/equestrian.ca\/wp-content\/uploads\/Bert_T3_5603-640x457.jpg 640w, https:\/\/equestrian.ca\/wp-content\/uploads\/Bert_T3_5603-1200x857.jpg 1200w, https:\/\/equestrian.ca\/wp-content\/uploads\/Bert_T3_5603-1440x1029.jpg 1440w, https:\/\/equestrian.ca\/wp-content\/uploads\/Bert_T3_5603-1512x1080.jpg 1512w, https:\/\/equestrian.ca\/wp-content\/uploads\/Bert_T3_5603.jpg 1600w\" sizes=\"auto, (max-width: 639px) 98vw, (max-width: 1199px) 64vw, 770px\" \/><\/figure>\n\n\n\n\t<section id=\"\" data-is-jumplink=\"false\" data-title=\"\" class=\"ra-block block-column-text anchor-link-section \">\n\t\t\t\t<div class='row'>\n\t\t\t\t\t\t\t\t\t\t\t\t\t\t<div class='col-12 col-md-12 content-column wysiwyg-content'>\n\t\t\t\t\t\t<div class=\"option-holder\">\n<div class=\"canvas\">\n<p><em>Roberta (Bert) Sheffield et Nardando<\/em><\/p>\n<p><strong>23 ao\u00fbt 2026 \u2014 Aix-la-Chapelle, Allemagne<\/strong> \u2014 Les Championnats du monde de paradressage se sont termin\u00e9s dimanche matin sur des \u00e9preuves libres sur musique, avec deux repr\u00e9sentantes canadiennes : Roberta Sheffield avec Nardando et Jody Schloss avec El Colorado. Sheffield comp\u00e9titionne dans le grade II et Schloss dans le grade I. Les deux ont termin\u00e9 en cinqui\u00e8me place dans leurs \u00e9preuves respectives.<\/p>\n<p>Sheffield de Lincolnshire, R.-U., et Nardando ont obtenu une note totale de 71,060 % lors de la finale Allianz-Prize du Grand Prix libre individuel de grade II. Nardando est un hongre KWPN bai de huit ans par Zardando, dont la propri\u00e9taire et \u00e9leveuse est Jolanda Brugman.<\/p>\n<p>\u00ab Nous avons pens\u00e9 que nous ferions mieux d\u2019aller dans le man\u00e8ge de saut d\u2019obstacles lorsque nous nous pr\u00e9parions pour entrer dans le man\u00e8ge! \u00bb, a dit Sheffield en riant. \u00ab Il s\u2019est calm\u00e9 et a effectu\u00e9 une \u00e9preuve exceptionnelle. Nous n\u2019avons pas eu le r\u00e9chauffement le plus facile ce matin, il semblait un peu fatigu\u00e9. Comme tout le monde est en train de faire ses bagages et que plusieurs sont d\u00e9j\u00e0 sur leur d\u00e9part, \u00e7a a \u00e9t\u00e9 un v\u00e9ritable d\u00e9fi de rassembler tout le monde et de faire monter l\u2019intensit\u00e9 au bon moment. Je suis tr\u00e8s satisfaite de Nardando; son travail au trot \u00e9tait fantastique. Son pas s\u2019am\u00e9liore et se renforce. Il a tr\u00e8s bien ex\u00e9cut\u00e9 tous les mouvements requis et il a livr\u00e9 une \u00e9preuve libre pr\u00e9cise et juste. Je suis tr\u00e8s fi\u00e8re de lui. \u00bb<\/p>\n<\/div>\n<\/div>\n\t\t\t\t\t<\/div>\n\t\t\t\t\t\t\t\t\t\t\t<\/div>\n\t<\/section>\n\n\n\n<figure class=\"wp-block-image size-large\"><img loading=\"lazy\" decoding=\"async\" width=\"1024\" height=\"732\" src=\"https:\/\/equestrian.ca\/wp-content\/uploads\/Jody_T3_5856-1024x732.jpg\" alt=\"\" class=\"wp-image-40119\" srcset=\"https:\/\/equestrian.ca\/wp-content\/uploads\/Jody_T3_5856-1024x732.jpg 1024w, https:\/\/equestrian.ca\/wp-content\/uploads\/Jody_T3_5856-300x214.jpg 300w, https:\/\/equestrian.ca\/wp-content\/uploads\/Jody_T3_5856-768x549.jpg 768w, https:\/\/equestrian.ca\/wp-content\/uploads\/Jody_T3_5856-1536x1097.jpg 1536w, https:\/\/equestrian.ca\/wp-content\/uploads\/Jody_T3_5856-640x457.jpg 640w, https:\/\/equestrian.ca\/wp-content\/uploads\/Jody_T3_5856-1200x857.jpg 1200w, https:\/\/equestrian.ca\/wp-content\/uploads\/Jody_T3_5856-1440x1029.jpg 1440w, https:\/\/equestrian.ca\/wp-content\/uploads\/Jody_T3_5856-1512x1080.jpg 1512w, https:\/\/equestrian.ca\/wp-content\/uploads\/Jody_T3_5856.jpg 1600w\" sizes=\"auto, (max-width: 639px) 98vw, (max-width: 1199px) 64vw, 770px\" \/><\/figure>\n\n\n\n\t<section id=\"\" data-is-jumplink=\"false\" data-title=\"\" class=\"ra-block block-column-text anchor-link-section \">\n\t\t\t\t<div class='row'>\n\t\t\t\t\t\t\t\t\t\t\t\t\t\t<div class='col-12 col-md-12 content-column wysiwyg-content'>\n\t\t\t\t\t\t<p><em>Jody Schloss &amp; El Colorado<\/em><\/p>\n<p>Dans les Championnats de grade I, Jody Schloss (Toronto, Ont.) et El Colorado, son hongre KWPN color\u00e9, ont \u00e9galement termin\u00e9 au 5e rang, avec une note de 73,580 %. El Colorado, un hongre de 17 ans par San Remo, a \u00e9t\u00e9 \u00e9lev\u00e9 par Heemskerk.<\/p>\n<p>Apr\u00e8s son \u00e9preuve libre, Schloss a comment\u00e9 : \u00ab Nous nous sommes am\u00e9lior\u00e9s consid\u00e9rablement cette semaine et au cours de la derni\u00e8re ann\u00e9e. \u00c0 l\u2019\u00e9t\u00e9 2025, Denny ne se sentait pas bien, et Karis a d\u00e9couvert qu\u2019il souffrait d\u2019un ulc\u00e8re. Il traversait une p\u00e9riode difficile. Aujourd\u2019hui, notre collaboration est bien plus solide et tout le monde souligne \u00e0 quel point nous nous sommes am\u00e9lior\u00e9s depuis qu\u2019ils nous ont vus \u00e0 l\u2019approche de Paris et apr\u00e8s.<\/p>\n<p>\u00ab Denny adore cette musique d\u2019\u00e9preuve libre, il bouge vraiment avec le rythme.\u00bb M\u00eame si leur note de 73,586 % ne repr\u00e9sente pas un record personnel lors d\u2019un concours \u00ab normal \u00bb, c\u2019en est certainement un \u00e0 une comp\u00e9tition internationale\u2026 et de BEAUCOUP!, a indiqu\u00e9 Schloss. Lorsqu\u2019on lui a demand\u00e9 ce que sera la suite pour ce duo, ce n\u2019est pas surprenant que la r\u00e9ponse ait tout de suite \u00e9t\u00e9 : \u00ab Commencer \u00e0 s\u2019entra\u00eener pour LA! \u00bb<\/p>\n\t\t\t\t\t<\/div>\n\t\t\t\t\t\t\t\t\t\t\t<\/div>\n\t<\/section>\n\n\n\n<figure class=\"wp-block-image size-large\"><img loading=\"lazy\" decoding=\"async\" width=\"1024\" height=\"732\" src=\"https:\/\/equestrian.ca\/wp-content\/uploads\/Eleonore_T3_5538-1024x732.jpg\" alt=\"\" class=\"wp-image-40121\" srcset=\"https:\/\/equestrian.ca\/wp-content\/uploads\/Eleonore_T3_5538-1024x732.jpg 1024w, https:\/\/equestrian.ca\/wp-content\/uploads\/Eleonore_T3_5538-300x214.jpg 300w, https:\/\/equestrian.ca\/wp-content\/uploads\/Eleonore_T3_5538-768x549.jpg 768w, https:\/\/equestrian.ca\/wp-content\/uploads\/Eleonore_T3_5538-1536x1097.jpg 1536w, https:\/\/equestrian.ca\/wp-content\/uploads\/Eleonore_T3_5538-640x457.jpg 640w, https:\/\/equestrian.ca\/wp-content\/uploads\/Eleonore_T3_5538-1200x857.jpg 1200w, https:\/\/equestrian.ca\/wp-content\/uploads\/Eleonore_T3_5538-1440x1029.jpg 1440w, https:\/\/equestrian.ca\/wp-content\/uploads\/Eleonore_T3_5538-1512x1080.jpg 1512w, https:\/\/equestrian.ca\/wp-content\/uploads\/Eleonore_T3_5538.jpg 1600w\" sizes=\"auto, (max-width: 639px) 98vw, (max-width: 1199px) 64vw, 770px\" \/><\/figure>\n\n\n\n\t<section id=\"\" data-is-jumplink=\"false\" data-title=\"\" class=\"ra-block block-column-text anchor-link-section \">\n\t\t\t\t<div class='row'>\n\t\t\t\t\t\t\t\t\t\t\t\t\t\t<div class='col-12 col-md-12 content-column wysiwyg-content'>\n\t\t\t\t\t\t<p><em>Eleonore Elstone &amp; Szecrecy HP<\/em><\/p>\n<p><em>Jody Schloss &amp; El Colorado<\/em><\/p>\n\t\t\t\t\t<\/div>\n\t\t\t\t\t\t\t\t\t\t\t<\/div>\n\t<\/section>\n\n\n\n<figure class=\"wp-block-image size-large\"><img loading=\"lazy\" decoding=\"async\" width=\"1024\" height=\"732\" src=\"https:\/\/equestrian.ca\/wp-content\/uploads\/Jody_T3_5897-1024x732.jpg\" alt=\"\" class=\"wp-image-40115\" srcset=\"https:\/\/equestrian.ca\/wp-content\/uploads\/Jody_T3_5897-1024x732.jpg 1024w, https:\/\/equestrian.ca\/wp-content\/uploads\/Jody_T3_5897-300x214.jpg 300w, https:\/\/equestrian.ca\/wp-content\/uploads\/Jody_T3_5897-768x549.jpg 768w, https:\/\/equestrian.ca\/wp-content\/uploads\/Jody_T3_5897-1536x1097.jpg 1536w, https:\/\/equestrian.ca\/wp-content\/uploads\/Jody_T3_5897-640x457.jpg 640w, https:\/\/equestrian.ca\/wp-content\/uploads\/Jody_T3_5897-1200x857.jpg 1200w, https:\/\/equestrian.ca\/wp-content\/uploads\/Jody_T3_5897-1440x1029.jpg 1440w, https:\/\/equestrian.ca\/wp-content\/uploads\/Jody_T3_5897-1512x1080.jpg 1512w, https:\/\/equestrian.ca\/wp-content\/uploads\/Jody_T3_5897.jpg 1600w\" sizes=\"auto, (max-width: 639px) 98vw, (max-width: 1199px) 64vw, 770px\" \/><\/figure>\n\n\n\n\t<section id=\"\" data-is-jumplink=\"false\" data-title=\"\" class=\"ra-block block-column-text anchor-link-section \">\n\t\t\t\t<div class='row'>\n\t\t\t\t\t\t\t\t\t\t\t\t\t\t<div class='col-12 col-md-12 content-column wysiwyg-content'>\n\t\t\t\t\t\t<p>Clive Milkins, conseiller technique de l\u2019\u00e9quipe, \u00e9tait \u2014 \u00e0 juste titre \u2014 rempli de fiert\u00e9 : \u00ab Quelle journ\u00e9e pour le paradressage canadien! Deux cinqui\u00e8mes places pour la toute premi\u00e8re fois, avec des notes sup\u00e9rieures \u00e0 70 % lors des deux \u00e9preuves et un record personnel de plus de 73 % pour Jody. Cette \u00e9quipe a \u00e9volu\u00e9, consolidant ses liens d\u2019amiti\u00e9 et d\u00e9montrant que le travail acharn\u00e9 et la d\u00e9termination permettent d\u2019atteindre les premiers rangs. C\u2019est un honneur et un privil\u00e8ge de soutenir ces cavali\u00e8res, grooms et chevaux dans leurs parcours. Nous devons remercier tout sp\u00e9cialement \u00c0 nous le podium et le Comit\u00e9 paralympique canadien pour leur soutien continu. Le meilleur reste \u00e0 venir!<\/p>\n<p>Les Championnats du monde de la FEI 2026 \u00e0 Aix-la-Chapelle ont pris fin dimanche apr\u00e8s-midi, avec le couronnement des derniers champions et championnes du monde dans les \u00e9preuves de paradressage, d\u2019attelage \u00e0 quatre chevaux et de saut d\u2019obstacles. F\u00e9licitations \u00e0 celles et ceux qui rentrent \u00e0 la maison avec une m\u00e9daille, aux pays qui concouraient pour la premi\u00e8re fois \u00e0 ces Championnats du monde, ainsi qu\u2019\u00e0 tout le monde ayant particip\u00e9. Merci \u00e0 Aix-la-Chapelle de nous avoir accueillis! Cette exp\u00e9rience sera dure \u00e0 battre.<\/p>\n<p>Pour celles et ceux qui nous suivent sur les m\u00e9dias sociaux, nous poursuivrons nos capsules \u00ab Rencontrez l\u2019\u00e9quipe \u00bb jusqu\u2019\u00e0 ce que nous les ayons toutes publi\u00e9es! Merci \u00e0 tous ceux et celles qui ont apport\u00e9 un soutien incroyable \u00e0 \u00c9quipe Canada, que ce soit sur les m\u00e9dias sociaux par le biais de messages et de commentaires, ou au moyen d\u2019initiatives de collecte de fonds et de dons, comme les Cercles de 500 $, nos \u00e9v\u00e9nements Blanc et Rouge, les dons directs, les partenariats et commandites, et bien plus encore. Nous ne pourrions pas y arriver sans vous!<\/p>\n\t\t\t\t\t<\/div>\n\t\t\t\t\t\t\t\t\t\t\t<\/div>\n\t<\/section>\n","protected":false},"excerpt":{"rendered":"","protected":false},"author":13,"featured_media":0,"comment_status":"closed","ping_status":"closed","sticky":false,"template":"","format":"standard","meta":{"_acf_changed":false,"footnotes":""},"categories":[245,244,240,32,238],"tags":[],"class_list":["post-40125","post","type-post","status-publish","format-standard","hentry","category-canada-equestre","category-faits-marquants-de-levenement","category-grands-jeux","category-non-classifiee","category-sport-de-haut-niveau"],"acf":[],"yoast_head":"<!-- This site is optimized with the Yoast SEO plugin v27.7 - https:\/\/yoast.com\/product\/yoast-seo-wordpress\/ -->\n<title>\u00c9quipe Canada termine les Championnats du monde de la FEI avec deux fabuleuses \u00e9preuves libres! - Equestrian Canada<\/title>\n<meta name=\"robots\" content=\"index, follow, max-snippet:-1, max-image-preview:large, max-video-preview:-1\" \/>\n<link rel=\"canonical\" href=\"https:\/\/equestrian.ca\/fr\/non-classifiee\/team-canada-closes-out-the-fei-world-championships-with-two-fabulous-freestyles\/\" \/>\n<meta property=\"og:locale\" content=\"fr_CA\" \/>\n<meta property=\"og:type\" content=\"article\" \/>\n<meta property=\"og:title\" content=\"\u00c9quipe Canada termine les Championnats du monde de la FEI avec deux fabuleuses \u00e9preuves libres! - Equestrian Canada\" \/>\n<meta property=\"og:url\" content=\"https:\/\/equestrian.ca\/fr\/non-classifiee\/team-canada-closes-out-the-fei-world-championships-with-two-fabulous-freestyles\/\" \/>\n<meta property=\"og:site_name\" content=\"Equestrian Canada\" \/>\n<meta property=\"article:published_time\" content=\"2026-08-23T21:00:33+00:00\" \/>\n<meta property=\"article:modified_time\" content=\"2026-09-04T21:08:04+00:00\" \/>\n<meta property=\"og:image\" content=\"https:\/\/equestrian.ca\/wp-content\/uploads\/Bert_T3_5603.jpg\" \/>\n\t<meta property=\"og:image:width\" content=\"1600\" \/>\n\t<meta property=\"og:image:height\" content=\"1143\" \/>\n\t<meta property=\"og:image:type\" content=\"image\/jpeg\" \/>\n<meta name=\"author\" content=\"gvanblokland@equestrian.ca\" \/>\n<meta name=\"twitter:card\" content=\"summary_large_image\" \/>\n<meta name=\"twitter:label1\" content=\"\u00c9crit par\" \/>\n\t<meta name=\"twitter:data1\" content=\"gvanblokland@equestrian.ca\" \/>\n\t<meta name=\"twitter:label2\" content=\"Estimation du temps de lecture\" \/>\n\t<meta name=\"twitter:data2\" content=\"1 minute\" \/>\n<script type=\"application\/ld+json\" class=\"yoast-schema-graph\">{\"@context\":\"https:\\\/\\\/schema.org\",\"@graph\":[{\"@type\":\"Article\",\"@id\":\"https:\\\/\\\/equestrian.ca\\\/fr\\\/non-classifiee\\\/team-canada-closes-out-the-fei-world-championships-with-two-fabulous-freestyles\\\/#article\",\"isPartOf\":{\"@id\":\"https:\\\/\\\/equestrian.ca\\\/fr\\\/non-classifiee\\\/team-canada-closes-out-the-fei-world-championships-with-two-fabulous-freestyles\\\/\"},\"author\":{\"name\":\"gvanblokland@equestrian.ca\",\"@id\":\"https:\\\/\\\/equestrian.ca\\\/fr\\\/#\\\/schema\\\/person\\\/5c2d7df3876311902835dd216fc10b2d\"},\"headline\":\"\u00c9quipe Canada termine les Championnats du monde de la FEI avec deux fabuleuses \u00e9preuves libres!\",\"datePublished\":\"2026-08-23T21:00:33+00:00\",\"dateModified\":\"2026-09-04T21:08:04+00:00\",\"mainEntityOfPage\":{\"@id\":\"https:\\\/\\\/equestrian.ca\\\/fr\\\/non-classifiee\\\/team-canada-closes-out-the-fei-world-championships-with-two-fabulous-freestyles\\\/\"},\"wordCount\":15,\"image\":{\"@id\":\"https:\\\/\\\/equestrian.ca\\\/fr\\\/non-classifiee\\\/team-canada-closes-out-the-fei-world-championships-with-two-fabulous-freestyles\\\/#primaryimage\"},\"thumbnailUrl\":\"https:\\\/\\\/equestrian.ca\\\/wp-content\\\/uploads\\\/Bert_T3_5603-1024x732.jpg\",\"articleSection\":[\"Canada \u00e9questre\",\"Faits marquants de l&#039;\u00e9v\u00e9nement\",\"Grands Jeux\",\"Non classifi\u00e9(e)\",\"Sport de haut niveau\"],\"inLanguage\":\"fr-CA\"},{\"@type\":\"WebPage\",\"@id\":\"https:\\\/\\\/equestrian.ca\\\/fr\\\/non-classifiee\\\/team-canada-closes-out-the-fei-world-championships-with-two-fabulous-freestyles\\\/\",\"url\":\"https:\\\/\\\/equestrian.ca\\\/fr\\\/non-classifiee\\\/team-canada-closes-out-the-fei-world-championships-with-two-fabulous-freestyles\\\/\",\"name\":\"\u00c9quipe Canada termine les Championnats du monde de la FEI avec deux fabuleuses \u00e9preuves libres! - Equestrian Canada\",\"isPartOf\":{\"@id\":\"https:\\\/\\\/equestrian.ca\\\/fr\\\/#website\"},\"primaryImageOfPage\":{\"@id\":\"https:\\\/\\\/equestrian.ca\\\/fr\\\/non-classifiee\\\/team-canada-closes-out-the-fei-world-championships-with-two-fabulous-freestyles\\\/#primaryimage\"},\"image\":{\"@id\":\"https:\\\/\\\/equestrian.ca\\\/fr\\\/non-classifiee\\\/team-canada-closes-out-the-fei-world-championships-with-two-fabulous-freestyles\\\/#primaryimage\"},\"thumbnailUrl\":\"https:\\\/\\\/equestrian.ca\\\/wp-content\\\/uploads\\\/Bert_T3_5603-1024x732.jpg\",\"datePublished\":\"2026-08-23T21:00:33+00:00\",\"dateModified\":\"2026-09-04T21:08:04+00:00\",\"author\":{\"@id\":\"https:\\\/\\\/equestrian.ca\\\/fr\\\/#\\\/schema\\\/person\\\/5c2d7df3876311902835dd216fc10b2d\"},\"breadcrumb\":{\"@id\":\"https:\\\/\\\/equestrian.ca\\\/fr\\\/non-classifiee\\\/team-canada-closes-out-the-fei-world-championships-with-two-fabulous-freestyles\\\/#breadcrumb\"},\"inLanguage\":\"fr-CA\",\"potentialAction\":[{\"@type\":\"ReadAction\",\"target\":[\"https:\\\/\\\/equestrian.ca\\\/fr\\\/non-classifiee\\\/team-canada-closes-out-the-fei-world-championships-with-two-fabulous-freestyles\\\/\"]}]},{\"@type\":\"ImageObject\",\"inLanguage\":\"fr-CA\",\"@id\":\"https:\\\/\\\/equestrian.ca\\\/fr\\\/non-classifiee\\\/team-canada-closes-out-the-fei-world-championships-with-two-fabulous-freestyles\\\/#primaryimage\",\"url\":\"https:\\\/\\\/equestrian.ca\\\/wp-content\\\/uploads\\\/Bert_T3_5603-1024x732.jpg\",\"contentUrl\":\"https:\\\/\\\/equestrian.ca\\\/wp-content\\\/uploads\\\/Bert_T3_5603-1024x732.jpg\"},{\"@type\":\"BreadcrumbList\",\"@id\":\"https:\\\/\\\/equestrian.ca\\\/fr\\\/non-classifiee\\\/team-canada-closes-out-the-fei-world-championships-with-two-fabulous-freestyles\\\/#breadcrumb\",\"itemListElement\":[{\"@type\":\"ListItem\",\"position\":1,\"name\":\"Home\",\"item\":\"https:\\\/\\\/equestrian.ca\\\/fr\\\/\"},{\"@type\":\"ListItem\",\"position\":2,\"name\":\"\u00c9quipe Canada termine les Championnats du monde de la FEI avec deux fabuleuses \u00e9preuves libres!\"}]},{\"@type\":\"WebSite\",\"@id\":\"https:\\\/\\\/equestrian.ca\\\/fr\\\/#website\",\"url\":\"https:\\\/\\\/equestrian.ca\\\/fr\\\/\",\"name\":\"Equestrian Canada\",\"description\":\"For the love of horses and sport for life.\",\"potentialAction\":[{\"@type\":\"SearchAction\",\"target\":{\"@type\":\"EntryPoint\",\"urlTemplate\":\"https:\\\/\\\/equestrian.ca\\\/fr\\\/?s={search_term_string}\"},\"query-input\":{\"@type\":\"PropertyValueSpecification\",\"valueRequired\":true,\"valueName\":\"search_term_string\"}}],\"inLanguage\":\"fr-CA\"},{\"@type\":\"Person\",\"@id\":\"https:\\\/\\\/equestrian.ca\\\/fr\\\/#\\\/schema\\\/person\\\/5c2d7df3876311902835dd216fc10b2d\",\"name\":\"gvanblokland@equestrian.ca\",\"image\":{\"@type\":\"ImageObject\",\"inLanguage\":\"fr-CA\",\"@id\":\"https:\\\/\\\/secure.gravatar.com\\\/avatar\\\/f162de4b4b3467f7a47a7086a701771be7e105ed707a1ffcc63a9c1e3602c6ae?s=96&d=mm&r=g\",\"url\":\"https:\\\/\\\/secure.gravatar.com\\\/avatar\\\/f162de4b4b3467f7a47a7086a701771be7e105ed707a1ffcc63a9c1e3602c6ae?s=96&d=mm&r=g\",\"contentUrl\":\"https:\\\/\\\/secure.gravatar.com\\\/avatar\\\/f162de4b4b3467f7a47a7086a701771be7e105ed707a1ffcc63a9c1e3602c6ae?s=96&d=mm&r=g\",\"caption\":\"gvanblokland@equestrian.ca\"},\"url\":\"https:\\\/\\\/equestrian.ca\\\/fr\\\/author\\\/gvanbloklandequestrian-ca\\\/\"}]}<\/script>\n<!-- \/ Yoast SEO plugin. -->","yoast_head_json":{"title":"\u00c9quipe Canada termine les Championnats du monde de la FEI avec deux fabuleuses \u00e9preuves libres! - Equestrian Canada","robots":{"index":"index","follow":"follow","max-snippet":"max-snippet:-1","max-image-preview":"max-image-preview:large","max-video-preview":"max-video-preview:-1"},"canonical":"https:\/\/equestrian.ca\/fr\/non-classifiee\/team-canada-closes-out-the-fei-world-championships-with-two-fabulous-freestyles\/","og_locale":"fr_CA","og_type":"article","og_title":"\u00c9quipe Canada termine les Championnats du monde de la FEI avec deux fabuleuses \u00e9preuves libres! - Equestrian Canada","og_url":"https:\/\/equestrian.ca\/fr\/non-classifiee\/team-canada-closes-out-the-fei-world-championships-with-two-fabulous-freestyles\/","og_site_name":"Equestrian Canada","article_published_time":"2026-08-23T21:00:33+00:00","article_modified_time":"2026-09-04T21:08:04+00:00","og_image":[{"width":1600,"height":1143,"url":"https:\/\/equestrian.ca\/wp-content\/uploads\/Bert_T3_5603.jpg","type":"image\/jpeg"}],"author":"gvanblokland@equestrian.ca","twitter_card":"summary_large_image","twitter_misc":{"\u00c9crit par":"gvanblokland@equestrian.ca","Estimation du temps de lecture":"1 minute"},"schema":{"@context":"https:\/\/schema.org","@graph":[{"@type":"Article","@id":"https:\/\/equestrian.ca\/fr\/non-classifiee\/team-canada-closes-out-the-fei-world-championships-with-two-fabulous-freestyles\/#article","isPartOf":{"@id":"https:\/\/equestrian.ca\/fr\/non-classifiee\/team-canada-closes-out-the-fei-world-championships-with-two-fabulous-freestyles\/"},"author":{"name":"gvanblokland@equestrian.ca","@id":"https:\/\/equestrian.ca\/fr\/#\/schema\/person\/5c2d7df3876311902835dd216fc10b2d"},"headline":"\u00c9quipe Canada termine les Championnats du monde de la FEI avec deux fabuleuses \u00e9preuves libres!","datePublished":"2026-08-23T21:00:33+00:00","dateModified":"2026-09-04T21:08:04+00:00","mainEntityOfPage":{"@id":"https:\/\/equestrian.ca\/fr\/non-classifiee\/team-canada-closes-out-the-fei-world-championships-with-two-fabulous-freestyles\/"},"wordCount":15,"image":{"@id":"https:\/\/equestrian.ca\/fr\/non-classifiee\/team-canada-closes-out-the-fei-world-championships-with-two-fabulous-freestyles\/#primaryimage"},"thumbnailUrl":"https:\/\/equestrian.ca\/wp-content\/uploads\/Bert_T3_5603-1024x732.jpg","articleSection":["Canada \u00e9questre","Faits marquants de l&#039;\u00e9v\u00e9nement","Grands Jeux","Non classifi\u00e9(e)","Sport de haut niveau"],"inLanguage":"fr-CA"},{"@type":"WebPage","@id":"https:\/\/equestrian.ca\/fr\/non-classifiee\/team-canada-closes-out-the-fei-world-championships-with-two-fabulous-freestyles\/","url":"https:\/\/equestrian.ca\/fr\/non-classifiee\/team-canada-closes-out-the-fei-world-championships-with-two-fabulous-freestyles\/","name":"\u00c9quipe Canada termine les Championnats du monde de la FEI avec deux fabuleuses \u00e9preuves libres! - Equestrian Canada","isPartOf":{"@id":"https:\/\/equestrian.ca\/fr\/#website"},"primaryImageOfPage":{"@id":"https:\/\/equestrian.ca\/fr\/non-classifiee\/team-canada-closes-out-the-fei-world-championships-with-two-fabulous-freestyles\/#primaryimage"},"image":{"@id":"https:\/\/equestrian.ca\/fr\/non-classifiee\/team-canada-closes-out-the-fei-world-championships-with-two-fabulous-freestyles\/#primaryimage"},"thumbnailUrl":"https:\/\/equestrian.ca\/wp-content\/uploads\/Bert_T3_5603-1024x732.jpg","datePublished":"2026-08-23T21:00:33+00:00","dateModified":"2026-09-04T21:08:04+00:00","author":{"@id":"https:\/\/equestrian.ca\/fr\/#\/schema\/person\/5c2d7df3876311902835dd216fc10b2d"},"breadcrumb":{"@id":"https:\/\/equestrian.ca\/fr\/non-classifiee\/team-canada-closes-out-the-fei-world-championships-with-two-fabulous-freestyles\/#breadcrumb"},"inLanguage":"fr-CA","potentialAction":[{"@type":"ReadAction","target":["https:\/\/equestrian.ca\/fr\/non-classifiee\/team-canada-closes-out-the-fei-world-championships-with-two-fabulous-freestyles\/"]}]},{"@type":"ImageObject","inLanguage":"fr-CA","@id":"https:\/\/equestrian.ca\/fr\/non-classifiee\/team-canada-closes-out-the-fei-world-championships-with-two-fabulous-freestyles\/#primaryimage","url":"https:\/\/equestrian.ca\/wp-content\/uploads\/Bert_T3_5603-1024x732.jpg","contentUrl":"https:\/\/equestrian.ca\/wp-content\/uploads\/Bert_T3_5603-1024x732.jpg"},{"@type":"BreadcrumbList","@id":"https:\/\/equestrian.ca\/fr\/non-classifiee\/team-canada-closes-out-the-fei-world-championships-with-two-fabulous-freestyles\/#breadcrumb","itemListElement":[{"@type":"ListItem","position":1,"name":"Home","item":"https:\/\/equestrian.ca\/fr\/"},{"@type":"ListItem","position":2,"name":"\u00c9quipe Canada termine les Championnats du monde de la FEI avec deux fabuleuses \u00e9preuves libres!"}]},{"@type":"WebSite","@id":"https:\/\/equestrian.ca\/fr\/#website","url":"https:\/\/equestrian.ca\/fr\/","name":"Equestrian Canada","description":"For the love of horses and sport for life.","potentialAction":[{"@type":"SearchAction","target":{"@type":"EntryPoint","urlTemplate":"https:\/\/equestrian.ca\/fr\/?s={search_term_string}"},"query-input":{"@type":"PropertyValueSpecification","valueRequired":true,"valueName":"search_term_string"}}],"inLanguage":"fr-CA"},{"@type":"Person","@id":"https:\/\/equestrian.ca\/fr\/#\/schema\/person\/5c2d7df3876311902835dd216fc10b2d","name":"gvanblokland@equestrian.ca","image":{"@type":"ImageObject","inLanguage":"fr-CA","@id":"https:\/\/secure.gravatar.com\/avatar\/f162de4b4b3467f7a47a7086a701771be7e105ed707a1ffcc63a9c1e3602c6ae?s=96&d=mm&r=g","url":"https:\/\/secure.gravatar.com\/avatar\/f162de4b4b3467f7a47a7086a701771be7e105ed707a1ffcc63a9c1e3602c6ae?s=96&d=mm&r=g","contentUrl":"https:\/\/secure.gravatar.com\/avatar\/f162de4b4b3467f7a47a7086a701771be7e105ed707a1ffcc63a9c1e3602c6ae?s=96&d=mm&r=g","caption":"gvanblokland@equestrian.ca"},"url":"https:\/\/equestrian.ca\/fr\/author\/gvanbloklandequestrian-ca\/"}]}},"_links":{"self":[{"href":"https:\/\/equestrian.ca\/fr\/wp-json\/wp\/v2\/posts\/40125","targetHints":{"allow":["GET"]}}],"collection":[{"href":"https:\/\/equestrian.ca\/fr\/wp-json\/wp\/v2\/posts"}],"about":[{"href":"https:\/\/equestrian.ca\/fr\/wp-json\/wp\/v2\/types\/post"}],"author":[{"embeddable":true,"href":"https:\/\/equestrian.ca\/fr\/wp-json\/wp\/v2\/users\/13"}],"replies":[{"embeddable":true,"href":"https:\/\/equestrian.ca\/fr\/wp-json\/wp\/v2\/comments?post=40125"}],"version-history":[{"count":2,"href":"https:\/\/equestrian.ca\/fr\/wp-json\/wp\/v2\/posts\/40125\/revisions"}],"predecessor-version":[{"id":40128,"href":"https:\/\/equestrian.ca\/fr\/wp-json\/wp\/v2\/posts\/40125\/revisions\/40128"}],"wp:attachment":[{"href":"https:\/\/equestrian.ca\/fr\/wp-json\/wp\/v2\/media?parent=40125"}],"wp:term":[{"taxonomy":"category","embeddable":true,"href":"https:\/\/equestrian.ca\/fr\/wp-json\/wp\/v2\/categories?post=40125"},{"taxonomy":"post_tag","embeddable":true,"href":"https:\/\/equestrian.ca\/fr\/wp-json\/wp\/v2\/tags?post=40125"}],"curies":[{"name":"wp","href":"https:\/\/api.w.org\/{rel}","templated":true}]}}