{"id":40107,"date":"2026-08-22T20:40:10","date_gmt":"2026-08-22T20:40:10","guid":{"rendered":"https:\/\/equestrian.ca\/non-classifiee\/canada-qualifies-two-combinations-for-the-para-dressage-freestyle-to-music-at-the-fei-world-championships-in-aachen-germany\/"},"modified":"2026-09-04T20:49:55","modified_gmt":"2026-09-04T20:49:55","slug":"canada-qualifies-two-combinations-for-the-para-dressage-freestyle-to-music-at-the-fei-world-championships-in-aachen-germany","status":"publish","type":"post","link":"https:\/\/equestrian.ca\/fr\/non-classifiee\/canada-qualifies-two-combinations-for-the-para-dressage-freestyle-to-music-at-the-fei-world-championships-in-aachen-germany\/","title":{"rendered":"Deux Canadiennes se qualifient pour l\u2019\u00e9preuve de paradressage libre sur musique aux Championnats du monde de la FEI \u00e0 Aix-la-Chapelle,en Allemagne"},"content":{"rendered":"\n<figure class=\"wp-block-image size-large\"><img loading=\"lazy\" decoding=\"async\" width=\"1024\" height=\"732\" src=\"https:\/\/equestrian.ca\/wp-content\/uploads\/Bert_T3_3107-1024x732.jpg\" alt=\"\" class=\"wp-image-40096\" srcset=\"https:\/\/equestrian.ca\/wp-content\/uploads\/Bert_T3_3107-1024x732.jpg 1024w, https:\/\/equestrian.ca\/wp-content\/uploads\/Bert_T3_3107-300x214.jpg 300w, https:\/\/equestrian.ca\/wp-content\/uploads\/Bert_T3_3107-768x549.jpg 768w, https:\/\/equestrian.ca\/wp-content\/uploads\/Bert_T3_3107-1536x1097.jpg 1536w, https:\/\/equestrian.ca\/wp-content\/uploads\/Bert_T3_3107-640x457.jpg 640w, https:\/\/equestrian.ca\/wp-content\/uploads\/Bert_T3_3107-1200x857.jpg 1200w, https:\/\/equestrian.ca\/wp-content\/uploads\/Bert_T3_3107-1440x1029.jpg 1440w, https:\/\/equestrian.ca\/wp-content\/uploads\/Bert_T3_3107-1512x1080.jpg 1512w, https:\/\/equestrian.ca\/wp-content\/uploads\/Bert_T3_3107.jpg 1600w\" sizes=\"auto, (max-width: 639px) 98vw, (max-width: 1199px) 64vw, 770px\" \/><\/figure>\n\n\n\n\t<section id=\"\" data-is-jumplink=\"false\" data-title=\"\" class=\"ra-block block-column-text anchor-link-section \">\n\t\t\t\t<div class='row'>\n\t\t\t\t\t\t\t\t\t\t\t\t\t\t<div class='col-12 col-md-12 content-column wysiwyg-content'>\n\t\t\t\t\t\t<p><em>Roberta (Bert) Sheffield &amp; Nardando \u00a9 Cealy Tetley Photo<\/em><\/p>\n<p><strong>22 ao\u00fbt 2026 \u2014 Aix-la-Chapelle, Allemagne \u2014<\/strong><\/p>\n<p>L\u2019\u00e9quipe canadienne de paradressage a termin\u00e9 ses \u00e9preuves de Grand Prix B, la deuxi\u00e8me phase de la comp\u00e9tition par \u00e9quipes et les qualifications finales pour l\u2019\u00e9preuve libre sur musique qui aura lieu dimanche.<\/p>\n<p>Jody Schloss (Toronto, ON) et Roberta (Bert) Sheffield de Lincolnshire, R.-U., qui ont toutes deux r\u00e9alis\u00e9 leurs \u00e9preuves B vendredi, se sont qualifi\u00e9es pour le Grand Prix libre dans les grades I et II, respectivement.<\/p>\n<p>Sheffield, qui a commis une erreur peu courante de parcours dans son Grand Prix A plus t\u00f4t cette semaine, \u00e9tait particuli\u00e8rement nerveuse vendredi matin, soucieuse de ne pas commettre une autre erreur. Elle a fait remarquer que les \u00e9preuves de dressage \u00ab traditionnelles \u00bb sont con\u00e7ues pour passer d\u2019un \u00e9l\u00e9ment \u00e0 l\u2019autre de mani\u00e8re fluide gr\u00e2ce \u00e0 des mouvements de connexion, mais que cela est moins le cas pour les \u00e9preuves de paradressage, ce qui rend ces derni\u00e8res moins intuitives et donc plus difficiles \u00e0 se rappeler.<\/p>\n<p>\u00ab L\u2019un des probl\u00e8mes avec les \u00e9preuves de paradressage, c\u2019est que d\u2019une certaine fa\u00e7on, elles sont particuli\u00e8rement simples, mais en m\u00eame temps, elles demeurent particuli\u00e8rement complexes \u00bb, a comment\u00e9 Sheffield. \u00ab L\u00e0 o\u00f9 une \u00e9preuve \u201ctraditionnelle\u201d comporte un \u00e9l\u00e9ment liant les mouvements faisant office de pr\u00e9paration pour le suivant, nous n\u2019avons pas \u00e7a dans les \u00e9preuves para de grade deux. Ce peut \u00eatre assez difficile de se rappeler quels mouvements on a faits et lesquels restent \u00e0 ex\u00e9cuter. Je montais cette \u00e9preuve en m\u2019assurant que je ne me trompais pas cette fois.<\/p>\n<p>J\u2019ai vraiment essay\u00e9 de monter [Nardando] vers l\u2019avant; il semblait plus en confiance que plus t\u00f4t dans la semaine. Puisqu\u2019il est jeune, il peut avoir tendance \u00e0 se rel\u00e2cher un peu. Le garder dans un \u00e9quilibre ascendant peut s\u2019av\u00e9rer un d\u00e9fi qu\u2019on ne rencontrerait pas avec un cheval plus exp\u00e9riment\u00e9. Cela viendra avec le temps. \u00bb<\/p>\n\t\t\t\t\t<\/div>\n\t\t\t\t\t\t\t\t\t\t\t<\/div>\n\t<\/section>\n\n\n\n<figure class=\"wp-block-image size-large\"><img loading=\"lazy\" decoding=\"async\" width=\"1024\" height=\"732\" src=\"https:\/\/equestrian.ca\/wp-content\/uploads\/Jody_T3_3064-1024x732.jpg\" alt=\"\" class=\"wp-image-40100\" srcset=\"https:\/\/equestrian.ca\/wp-content\/uploads\/Jody_T3_3064-1024x732.jpg 1024w, https:\/\/equestrian.ca\/wp-content\/uploads\/Jody_T3_3064-300x214.jpg 300w, https:\/\/equestrian.ca\/wp-content\/uploads\/Jody_T3_3064-768x549.jpg 768w, https:\/\/equestrian.ca\/wp-content\/uploads\/Jody_T3_3064-1536x1097.jpg 1536w, https:\/\/equestrian.ca\/wp-content\/uploads\/Jody_T3_3064-640x457.jpg 640w, https:\/\/equestrian.ca\/wp-content\/uploads\/Jody_T3_3064-1200x857.jpg 1200w, https:\/\/equestrian.ca\/wp-content\/uploads\/Jody_T3_3064-1440x1029.jpg 1440w, https:\/\/equestrian.ca\/wp-content\/uploads\/Jody_T3_3064-1512x1080.jpg 1512w, https:\/\/equestrian.ca\/wp-content\/uploads\/Jody_T3_3064.jpg 1600w\" sizes=\"auto, (max-width: 639px) 98vw, (max-width: 1199px) 64vw, 770px\" \/><\/figure>\n\n\n\n\t<section id=\"\" data-is-jumplink=\"false\" data-title=\"\" class=\"ra-block block-column-text anchor-link-section \">\n\t\t\t\t<div class='row'>\n\t\t\t\t\t\t\t\t\t\t\t\t\t\t<div class='col-12 col-md-12 content-column wysiwyg-content'>\n\t\t\t\t\t\t<p><em>Jody Schloss &amp; El Colorado \u00a9 Cealy Tetley Photo<\/em><\/p>\n<p>Jody Schloss, cavali\u00e8re de paradressage de grade I, a fait remarquer que la pr\u00e9cision constituait la plus grande am\u00e9lioration entre ses Grands Prix A et B de cette semaine. \u00ab J\u2019ai beaucoup travaill\u00e9 sur la visualisation [apr\u00e8s ma premi\u00e8re \u00e9preuve]. J\u2019ai imagin\u00e9 exactement ce que nous devions faire, et El Colorado (Denver \u00e0 la maison) est ex\u00e9cut\u00e9 \u00e0 la perfection. \u00bb<\/p>\n<p>Lorsque nous lui avons demand\u00e9 sa partie pr\u00e9f\u00e9r\u00e9e de son \u00e9preuve libre et ce \u00e0 quoi elle avait le plus h\u00e2te, Schloss nous a offert son sourire caract\u00e9ristique et a commenc\u00e9 \u00e0 danser. \u00ab J\u2019adore la musique! Et Denver adopte une attitude du genre \u201cOK, c\u2019est PARTI!\u201d \u00bb<\/p>\n<p>Schloss et Denver ont obtenu une note de 71,917 % et Sheffield et Nardando ont obtenu une note de 67,100 %, se classant toutes deux au 6e rang de leurs divisions.<\/p>\n\t\t\t\t\t<\/div>\n\t\t\t\t\t\t\t\t\t\t\t<\/div>\n\t<\/section>\n\n\n\n<figure class=\"wp-block-image size-large\"><img loading=\"lazy\" decoding=\"async\" width=\"1024\" height=\"732\" src=\"https:\/\/equestrian.ca\/wp-content\/uploads\/Eleonore_T3_4399-1024x732.jpg\" alt=\"\" class=\"wp-image-40098\" srcset=\"https:\/\/equestrian.ca\/wp-content\/uploads\/Eleonore_T3_4399-1024x732.jpg 1024w, https:\/\/equestrian.ca\/wp-content\/uploads\/Eleonore_T3_4399-300x214.jpg 300w, https:\/\/equestrian.ca\/wp-content\/uploads\/Eleonore_T3_4399-768x549.jpg 768w, https:\/\/equestrian.ca\/wp-content\/uploads\/Eleonore_T3_4399-1536x1097.jpg 1536w, https:\/\/equestrian.ca\/wp-content\/uploads\/Eleonore_T3_4399-640x457.jpg 640w, https:\/\/equestrian.ca\/wp-content\/uploads\/Eleonore_T3_4399-1200x857.jpg 1200w, https:\/\/equestrian.ca\/wp-content\/uploads\/Eleonore_T3_4399-1440x1029.jpg 1440w, https:\/\/equestrian.ca\/wp-content\/uploads\/Eleonore_T3_4399-1512x1080.jpg 1512w, https:\/\/equestrian.ca\/wp-content\/uploads\/Eleonore_T3_4399.jpg 1600w\" sizes=\"auto, (max-width: 639px) 98vw, (max-width: 1199px) 64vw, 770px\" \/><\/figure>\n\n\n\n\t<section id=\"\" data-is-jumplink=\"false\" data-title=\"\" class=\"ra-block block-column-text anchor-link-section \">\n\t\t\t\t<div class='row'>\n\t\t\t\t\t\t\t\t\t\t\t\t\t\t<div class='col-12 col-md-12 content-column wysiwyg-content'>\n\t\t\t\t\t\t<p><em>Eleonore Elstone &amp; Szecrecy HP \u00a9 Cealy Tetley Photo<\/em><\/p>\n<p>Eleonore Elstone sur Ladysmith et Laura Hall ont effectu\u00e9 leurs \u00e9preuves B samedi. Szecrecy HP, la jument mont\u00e9e par Elstone et appartenant \u00e0 Rachel Blaney et Joshua Carlsen, a r\u00e9alis\u00e9 une \u00e9preuve propre et pr\u00e9cise, ce qui a ravi Elstone, car la jument n\u2019a que sept ans, ce qui est jeune pour un cheval participant \u00e0 des Championnats du monde.<\/p>\n<p>\u00ab Nous avons eu un tr\u00e8s bon \u00e9chauffement, et [Szecrecy] \u00e9tait formidable lorsque je me pr\u00e9parais \u00e0 entrer dans le man\u00e8ge \u00bb, a d\u00e9clar\u00e9 Elstone. \u00ab Nous avons perdu un peu de ce dynamisme une fois dans le man\u00e8ge. Cependant, c\u2019\u00e9tait son tout premier concours int\u00e9rieur, dans un immense environnement, et l\u2019\u00e9preuve B est difficile et comporte des \u00e9l\u00e9ments exigeants. Tout cela s\u2019harmonisera avec l\u2019\u00e2ge et l\u2019exp\u00e9rience. \u00bb<\/p>\n\t\t\t\t\t<\/div>\n\t\t\t\t\t\t\t\t\t\t\t<\/div>\n\t<\/section>\n\n\n\n<figure class=\"wp-block-image size-large\"><img loading=\"lazy\" decoding=\"async\" width=\"1024\" height=\"732\" src=\"https:\/\/equestrian.ca\/wp-content\/uploads\/Laura_Hall_T3_5415-1024x732.jpg\" alt=\"\" class=\"wp-image-40094\" srcset=\"https:\/\/equestrian.ca\/wp-content\/uploads\/Laura_Hall_T3_5415-1024x732.jpg 1024w, https:\/\/equestrian.ca\/wp-content\/uploads\/Laura_Hall_T3_5415-300x214.jpg 300w, https:\/\/equestrian.ca\/wp-content\/uploads\/Laura_Hall_T3_5415-768x549.jpg 768w, https:\/\/equestrian.ca\/wp-content\/uploads\/Laura_Hall_T3_5415-1536x1097.jpg 1536w, https:\/\/equestrian.ca\/wp-content\/uploads\/Laura_Hall_T3_5415-640x457.jpg 640w, https:\/\/equestrian.ca\/wp-content\/uploads\/Laura_Hall_T3_5415-1200x857.jpg 1200w, https:\/\/equestrian.ca\/wp-content\/uploads\/Laura_Hall_T3_5415-1440x1029.jpg 1440w, https:\/\/equestrian.ca\/wp-content\/uploads\/Laura_Hall_T3_5415-1512x1080.jpg 1512w, https:\/\/equestrian.ca\/wp-content\/uploads\/Laura_Hall_T3_5415.jpg 1600w\" sizes=\"auto, (max-width: 639px) 98vw, (max-width: 1199px) 64vw, 770px\" \/><\/figure>\n\n\n\n\t<section id=\"\" data-is-jumplink=\"false\" data-title=\"\" class=\"ra-block block-column-text anchor-link-section \">\n\t\t\t\t<div class='row'>\n\t\t\t\t\t\t\t\t\t\t\t\t\t\t<div class='col-12 col-md-12 content-column wysiwyg-content'>\n\t\t\t\t\t\t<p><em>Laura Hall &amp; Istrano \u00a9 Cealy Tetley Photo<\/em><\/p>\n<p>Hall a indiqu\u00e9 que son cheval, Istrano, \u00e9tait quelque peu tendu lors de l\u2019\u00e9chauffement en raison des temp\u00e9ratures plus fra\u00eeches et du vent, et qu\u2019une partie de cette tension s\u2019est r\u00e9percut\u00e9e sur leur \u00e9preuve d\u2019aujourd\u2019hui.<\/p>\n<p>\u00ab Nous avons am\u00e9lior\u00e9 certains mouvements aujourd\u2019hui \u00bb, a d\u00e9clar\u00e9 Hall. \u00ab Je pense que j\u2019ai mieux mont\u00e9 aujourd\u2019hui que lors de notre derni\u00e8re \u00e9preuve, et j\u2019essayais aussi de me rappeler de profiter d\u2019\u00eatre ici, de respirer et de simplement vivre l\u2019instant pr\u00e9sent. J\u2019ai mieux ex\u00e9cut\u00e9 mes arr\u00eats, et ma position \u00e9tait meilleure. Nous allons nous ressaisir \u00e0 partir de l\u00e0 et continuer d\u2019avancer. \u00bb \u00catre \u00e0 Aix-la-Chapelle a \u00e9t\u00e9 une exp\u00e9rience incroyable et exaltante. Je suis honor\u00e9e d\u2019avoir pu repr\u00e9senter le Canada et de faire partie de cette \u00e9quipe. \u00bb<\/p>\n<p>Clive Milkins, conseiller technique de l\u2019\u00e9quipe, a indiqu\u00e9 \u00e0 quel point il \u00e9tait satisfait de la performance de l\u2019ensemble du groupe cette semaine : \u00ab Au cours de plusieurs journ\u00e9es de comp\u00e9tition intense pour le titre par \u00e9quipe au niveau mondial, nos quatre athl\u00e8tes canadiennes ont toutes livr\u00e9 de solides performances. Pour la toute premi\u00e8re fois, nous avons deux cavali\u00e8res qualifi\u00e9es pour l\u2019\u00e9preuve libre. Je ne pourrais pas \u00eatre plus fier des accomplissements des grooms (et je les mentionne d\u00e9lib\u00e9r\u00e9ment en premier), des chevaux et des athl\u00e8tes. Leur contribution \u00e0 la vie sportive du Canada a \u00e9t\u00e9 exemplaire. J\u2019aimerais remercier tout le monde pour leurs efforts et leur soutien cette semaine aux Championnats du monde. \u00bb<\/p>\n<p>Pour les \u00e9preuves libres de dimanche, Roberta (Bert) Sheffield et Nardando commenceront l\u2019\u00e9preuve dans le grade II \u00e0 9 h 30 et Jody Schloss et El Colorado passeront \u00e0 10 h 58 dans l\u2019\u00e9preuve de grade I (heures locales).<\/p>\n\t\t\t\t\t<\/div>\n\t\t\t\t\t\t\t\t\t\t\t<\/div>\n\t<\/section>\n","protected":false},"excerpt":{"rendered":"","protected":false},"author":13,"featured_media":40097,"comment_status":"closed","ping_status":"closed","sticky":false,"template":"","format":"standard","meta":{"_acf_changed":false,"footnotes":""},"categories":[245,244,240,32,238],"tags":[],"class_list":["post-40107","post","type-post","status-publish","format-standard","has-post-thumbnail","hentry","category-canada-equestre","category-faits-marquants-de-levenement","category-grands-jeux","category-non-classifiee","category-sport-de-haut-niveau"],"acf":[],"yoast_head":"<!-- This site is optimized with the Yoast SEO plugin v27.7 - https:\/\/yoast.com\/product\/yoast-seo-wordpress\/ -->\n<title>Deux Canadiennes se qualifient pour l\u2019\u00e9preuve de paradressage libre sur musique aux Championnats du monde de la FEI \u00e0 Aix-la-Chapelle,en Allemagne - Equestrian Canada<\/title>\n<meta name=\"robots\" content=\"index, follow, max-snippet:-1, max-image-preview:large, max-video-preview:-1\" \/>\n<link rel=\"canonical\" href=\"https:\/\/equestrian.ca\/fr\/non-classifiee\/canada-qualifies-two-combinations-for-the-para-dressage-freestyle-to-music-at-the-fei-world-championships-in-aachen-germany\/\" \/>\n<meta property=\"og:locale\" content=\"fr_CA\" \/>\n<meta property=\"og:type\" content=\"article\" \/>\n<meta property=\"og:title\" content=\"Deux Canadiennes se qualifient pour l\u2019\u00e9preuve de paradressage libre sur musique aux Championnats du monde de la FEI \u00e0 Aix-la-Chapelle,en Allemagne - Equestrian Canada\" \/>\n<meta property=\"og:url\" content=\"https:\/\/equestrian.ca\/fr\/non-classifiee\/canada-qualifies-two-combinations-for-the-para-dressage-freestyle-to-music-at-the-fei-world-championships-in-aachen-germany\/\" \/>\n<meta property=\"og:site_name\" content=\"Equestrian Canada\" \/>\n<meta property=\"article:published_time\" content=\"2026-08-22T20:40:10+00:00\" \/>\n<meta property=\"article:modified_time\" content=\"2026-09-04T20:49:55+00:00\" \/>\n<meta property=\"og:image\" content=\"https:\/\/equestrian.ca\/wp-content\/uploads\/Bert_T3_3107.jpg\" \/>\n\t<meta property=\"og:image:width\" content=\"1600\" \/>\n\t<meta property=\"og:image:height\" content=\"1143\" \/>\n\t<meta property=\"og:image:type\" content=\"image\/jpeg\" \/>\n<meta name=\"author\" content=\"gvanblokland@equestrian.ca\" \/>\n<meta name=\"twitter:card\" content=\"summary_large_image\" \/>\n<meta name=\"twitter:label1\" content=\"\u00c9crit par\" \/>\n\t<meta name=\"twitter:data1\" content=\"gvanblokland@equestrian.ca\" \/>\n\t<meta name=\"twitter:label2\" content=\"Estimation du temps de lecture\" \/>\n\t<meta name=\"twitter:data2\" content=\"1 minute\" \/>\n<script type=\"application\/ld+json\" class=\"yoast-schema-graph\">{\"@context\":\"https:\\\/\\\/schema.org\",\"@graph\":[{\"@type\":\"Article\",\"@id\":\"https:\\\/\\\/equestrian.ca\\\/fr\\\/non-classifiee\\\/canada-qualifies-two-combinations-for-the-para-dressage-freestyle-to-music-at-the-fei-world-championships-in-aachen-germany\\\/#article\",\"isPartOf\":{\"@id\":\"https:\\\/\\\/equestrian.ca\\\/fr\\\/non-classifiee\\\/canada-qualifies-two-combinations-for-the-para-dressage-freestyle-to-music-at-the-fei-world-championships-in-aachen-germany\\\/\"},\"author\":{\"name\":\"gvanblokland@equestrian.ca\",\"@id\":\"https:\\\/\\\/equestrian.ca\\\/fr\\\/#\\\/schema\\\/person\\\/5c2d7df3876311902835dd216fc10b2d\"},\"headline\":\"Deux Canadiennes se qualifient pour l\u2019\u00e9preuve de paradressage libre sur musique aux Championnats du monde de la FEI \u00e0 Aix-la-Chapelle,en Allemagne\",\"datePublished\":\"2026-08-22T20:40:10+00:00\",\"dateModified\":\"2026-09-04T20:49:55+00:00\",\"mainEntityOfPage\":{\"@id\":\"https:\\\/\\\/equestrian.ca\\\/fr\\\/non-classifiee\\\/canada-qualifies-two-combinations-for-the-para-dressage-freestyle-to-music-at-the-fei-world-championships-in-aachen-germany\\\/\"},\"wordCount\":22,\"image\":{\"@id\":\"https:\\\/\\\/equestrian.ca\\\/fr\\\/non-classifiee\\\/canada-qualifies-two-combinations-for-the-para-dressage-freestyle-to-music-at-the-fei-world-championships-in-aachen-germany\\\/#primaryimage\"},\"thumbnailUrl\":\"https:\\\/\\\/equestrian.ca\\\/wp-content\\\/uploads\\\/Bert_T3_3107.jpg\",\"articleSection\":[\"Canada \u00e9questre\",\"Faits marquants de l&#039;\u00e9v\u00e9nement\",\"Grands Jeux\",\"Non classifi\u00e9(e)\",\"Sport de haut niveau\"],\"inLanguage\":\"fr-CA\"},{\"@type\":\"WebPage\",\"@id\":\"https:\\\/\\\/equestrian.ca\\\/fr\\\/non-classifiee\\\/canada-qualifies-two-combinations-for-the-para-dressage-freestyle-to-music-at-the-fei-world-championships-in-aachen-germany\\\/\",\"url\":\"https:\\\/\\\/equestrian.ca\\\/fr\\\/non-classifiee\\\/canada-qualifies-two-combinations-for-the-para-dressage-freestyle-to-music-at-the-fei-world-championships-in-aachen-germany\\\/\",\"name\":\"Deux Canadiennes se qualifient pour l\u2019\u00e9preuve de paradressage libre sur musique aux Championnats du monde de la FEI \u00e0 Aix-la-Chapelle,en Allemagne - Equestrian Canada\",\"isPartOf\":{\"@id\":\"https:\\\/\\\/equestrian.ca\\\/fr\\\/#website\"},\"primaryImageOfPage\":{\"@id\":\"https:\\\/\\\/equestrian.ca\\\/fr\\\/non-classifiee\\\/canada-qualifies-two-combinations-for-the-para-dressage-freestyle-to-music-at-the-fei-world-championships-in-aachen-germany\\\/#primaryimage\"},\"image\":{\"@id\":\"https:\\\/\\\/equestrian.ca\\\/fr\\\/non-classifiee\\\/canada-qualifies-two-combinations-for-the-para-dressage-freestyle-to-music-at-the-fei-world-championships-in-aachen-germany\\\/#primaryimage\"},\"thumbnailUrl\":\"https:\\\/\\\/equestrian.ca\\\/wp-content\\\/uploads\\\/Bert_T3_3107.jpg\",\"datePublished\":\"2026-08-22T20:40:10+00:00\",\"dateModified\":\"2026-09-04T20:49:55+00:00\",\"author\":{\"@id\":\"https:\\\/\\\/equestrian.ca\\\/fr\\\/#\\\/schema\\\/person\\\/5c2d7df3876311902835dd216fc10b2d\"},\"breadcrumb\":{\"@id\":\"https:\\\/\\\/equestrian.ca\\\/fr\\\/non-classifiee\\\/canada-qualifies-two-combinations-for-the-para-dressage-freestyle-to-music-at-the-fei-world-championships-in-aachen-germany\\\/#breadcrumb\"},\"inLanguage\":\"fr-CA\",\"potentialAction\":[{\"@type\":\"ReadAction\",\"target\":[\"https:\\\/\\\/equestrian.ca\\\/fr\\\/non-classifiee\\\/canada-qualifies-two-combinations-for-the-para-dressage-freestyle-to-music-at-the-fei-world-championships-in-aachen-germany\\\/\"]}]},{\"@type\":\"ImageObject\",\"inLanguage\":\"fr-CA\",\"@id\":\"https:\\\/\\\/equestrian.ca\\\/fr\\\/non-classifiee\\\/canada-qualifies-two-combinations-for-the-para-dressage-freestyle-to-music-at-the-fei-world-championships-in-aachen-germany\\\/#primaryimage\",\"url\":\"https:\\\/\\\/equestrian.ca\\\/wp-content\\\/uploads\\\/Bert_T3_3107.jpg\",\"contentUrl\":\"https:\\\/\\\/equestrian.ca\\\/wp-content\\\/uploads\\\/Bert_T3_3107.jpg\",\"width\":1600,\"height\":1143},{\"@type\":\"BreadcrumbList\",\"@id\":\"https:\\\/\\\/equestrian.ca\\\/fr\\\/non-classifiee\\\/canada-qualifies-two-combinations-for-the-para-dressage-freestyle-to-music-at-the-fei-world-championships-in-aachen-germany\\\/#breadcrumb\",\"itemListElement\":[{\"@type\":\"ListItem\",\"position\":1,\"name\":\"Home\",\"item\":\"https:\\\/\\\/equestrian.ca\\\/fr\\\/\"},{\"@type\":\"ListItem\",\"position\":2,\"name\":\"Deux Canadiennes se qualifient pour l\u2019\u00e9preuve de paradressage libre sur musique aux Championnats du monde de la FEI \u00e0 Aix-la-Chapelle,en Allemagne\"}]},{\"@type\":\"WebSite\",\"@id\":\"https:\\\/\\\/equestrian.ca\\\/fr\\\/#website\",\"url\":\"https:\\\/\\\/equestrian.ca\\\/fr\\\/\",\"name\":\"Equestrian Canada\",\"description\":\"For the love of horses and sport for life.\",\"potentialAction\":[{\"@type\":\"SearchAction\",\"target\":{\"@type\":\"EntryPoint\",\"urlTemplate\":\"https:\\\/\\\/equestrian.ca\\\/fr\\\/?s={search_term_string}\"},\"query-input\":{\"@type\":\"PropertyValueSpecification\",\"valueRequired\":true,\"valueName\":\"search_term_string\"}}],\"inLanguage\":\"fr-CA\"},{\"@type\":\"Person\",\"@id\":\"https:\\\/\\\/equestrian.ca\\\/fr\\\/#\\\/schema\\\/person\\\/5c2d7df3876311902835dd216fc10b2d\",\"name\":\"gvanblokland@equestrian.ca\",\"image\":{\"@type\":\"ImageObject\",\"inLanguage\":\"fr-CA\",\"@id\":\"https:\\\/\\\/secure.gravatar.com\\\/avatar\\\/f162de4b4b3467f7a47a7086a701771be7e105ed707a1ffcc63a9c1e3602c6ae?s=96&d=mm&r=g\",\"url\":\"https:\\\/\\\/secure.gravatar.com\\\/avatar\\\/f162de4b4b3467f7a47a7086a701771be7e105ed707a1ffcc63a9c1e3602c6ae?s=96&d=mm&r=g\",\"contentUrl\":\"https:\\\/\\\/secure.gravatar.com\\\/avatar\\\/f162de4b4b3467f7a47a7086a701771be7e105ed707a1ffcc63a9c1e3602c6ae?s=96&d=mm&r=g\",\"caption\":\"gvanblokland@equestrian.ca\"},\"url\":\"https:\\\/\\\/equestrian.ca\\\/fr\\\/author\\\/gvanbloklandequestrian-ca\\\/\"}]}<\/script>\n<!-- \/ Yoast SEO plugin. -->","yoast_head_json":{"title":"Deux Canadiennes se qualifient pour l\u2019\u00e9preuve de paradressage libre sur musique aux Championnats du monde de la FEI \u00e0 Aix-la-Chapelle,en Allemagne - Equestrian Canada","robots":{"index":"index","follow":"follow","max-snippet":"max-snippet:-1","max-image-preview":"max-image-preview:large","max-video-preview":"max-video-preview:-1"},"canonical":"https:\/\/equestrian.ca\/fr\/non-classifiee\/canada-qualifies-two-combinations-for-the-para-dressage-freestyle-to-music-at-the-fei-world-championships-in-aachen-germany\/","og_locale":"fr_CA","og_type":"article","og_title":"Deux Canadiennes se qualifient pour l\u2019\u00e9preuve de paradressage libre sur musique aux Championnats du monde de la FEI \u00e0 Aix-la-Chapelle,en Allemagne - Equestrian Canada","og_url":"https:\/\/equestrian.ca\/fr\/non-classifiee\/canada-qualifies-two-combinations-for-the-para-dressage-freestyle-to-music-at-the-fei-world-championships-in-aachen-germany\/","og_site_name":"Equestrian Canada","article_published_time":"2026-08-22T20:40:10+00:00","article_modified_time":"2026-09-04T20:49:55+00:00","og_image":[{"width":1600,"height":1143,"url":"https:\/\/equestrian.ca\/wp-content\/uploads\/Bert_T3_3107.jpg","type":"image\/jpeg"}],"author":"gvanblokland@equestrian.ca","twitter_card":"summary_large_image","twitter_misc":{"\u00c9crit par":"gvanblokland@equestrian.ca","Estimation du temps de lecture":"1 minute"},"schema":{"@context":"https:\/\/schema.org","@graph":[{"@type":"Article","@id":"https:\/\/equestrian.ca\/fr\/non-classifiee\/canada-qualifies-two-combinations-for-the-para-dressage-freestyle-to-music-at-the-fei-world-championships-in-aachen-germany\/#article","isPartOf":{"@id":"https:\/\/equestrian.ca\/fr\/non-classifiee\/canada-qualifies-two-combinations-for-the-para-dressage-freestyle-to-music-at-the-fei-world-championships-in-aachen-germany\/"},"author":{"name":"gvanblokland@equestrian.ca","@id":"https:\/\/equestrian.ca\/fr\/#\/schema\/person\/5c2d7df3876311902835dd216fc10b2d"},"headline":"Deux Canadiennes se qualifient pour l\u2019\u00e9preuve de paradressage libre sur musique aux Championnats du monde de la FEI \u00e0 Aix-la-Chapelle,en Allemagne","datePublished":"2026-08-22T20:40:10+00:00","dateModified":"2026-09-04T20:49:55+00:00","mainEntityOfPage":{"@id":"https:\/\/equestrian.ca\/fr\/non-classifiee\/canada-qualifies-two-combinations-for-the-para-dressage-freestyle-to-music-at-the-fei-world-championships-in-aachen-germany\/"},"wordCount":22,"image":{"@id":"https:\/\/equestrian.ca\/fr\/non-classifiee\/canada-qualifies-two-combinations-for-the-para-dressage-freestyle-to-music-at-the-fei-world-championships-in-aachen-germany\/#primaryimage"},"thumbnailUrl":"https:\/\/equestrian.ca\/wp-content\/uploads\/Bert_T3_3107.jpg","articleSection":["Canada \u00e9questre","Faits marquants de l&#039;\u00e9v\u00e9nement","Grands Jeux","Non classifi\u00e9(e)","Sport de haut niveau"],"inLanguage":"fr-CA"},{"@type":"WebPage","@id":"https:\/\/equestrian.ca\/fr\/non-classifiee\/canada-qualifies-two-combinations-for-the-para-dressage-freestyle-to-music-at-the-fei-world-championships-in-aachen-germany\/","url":"https:\/\/equestrian.ca\/fr\/non-classifiee\/canada-qualifies-two-combinations-for-the-para-dressage-freestyle-to-music-at-the-fei-world-championships-in-aachen-germany\/","name":"Deux Canadiennes se qualifient pour l\u2019\u00e9preuve de paradressage libre sur musique aux Championnats du monde de la FEI \u00e0 Aix-la-Chapelle,en Allemagne - Equestrian Canada","isPartOf":{"@id":"https:\/\/equestrian.ca\/fr\/#website"},"primaryImageOfPage":{"@id":"https:\/\/equestrian.ca\/fr\/non-classifiee\/canada-qualifies-two-combinations-for-the-para-dressage-freestyle-to-music-at-the-fei-world-championships-in-aachen-germany\/#primaryimage"},"image":{"@id":"https:\/\/equestrian.ca\/fr\/non-classifiee\/canada-qualifies-two-combinations-for-the-para-dressage-freestyle-to-music-at-the-fei-world-championships-in-aachen-germany\/#primaryimage"},"thumbnailUrl":"https:\/\/equestrian.ca\/wp-content\/uploads\/Bert_T3_3107.jpg","datePublished":"2026-08-22T20:40:10+00:00","dateModified":"2026-09-04T20:49:55+00:00","author":{"@id":"https:\/\/equestrian.ca\/fr\/#\/schema\/person\/5c2d7df3876311902835dd216fc10b2d"},"breadcrumb":{"@id":"https:\/\/equestrian.ca\/fr\/non-classifiee\/canada-qualifies-two-combinations-for-the-para-dressage-freestyle-to-music-at-the-fei-world-championships-in-aachen-germany\/#breadcrumb"},"inLanguage":"fr-CA","potentialAction":[{"@type":"ReadAction","target":["https:\/\/equestrian.ca\/fr\/non-classifiee\/canada-qualifies-two-combinations-for-the-para-dressage-freestyle-to-music-at-the-fei-world-championships-in-aachen-germany\/"]}]},{"@type":"ImageObject","inLanguage":"fr-CA","@id":"https:\/\/equestrian.ca\/fr\/non-classifiee\/canada-qualifies-two-combinations-for-the-para-dressage-freestyle-to-music-at-the-fei-world-championships-in-aachen-germany\/#primaryimage","url":"https:\/\/equestrian.ca\/wp-content\/uploads\/Bert_T3_3107.jpg","contentUrl":"https:\/\/equestrian.ca\/wp-content\/uploads\/Bert_T3_3107.jpg","width":1600,"height":1143},{"@type":"BreadcrumbList","@id":"https:\/\/equestrian.ca\/fr\/non-classifiee\/canada-qualifies-two-combinations-for-the-para-dressage-freestyle-to-music-at-the-fei-world-championships-in-aachen-germany\/#breadcrumb","itemListElement":[{"@type":"ListItem","position":1,"name":"Home","item":"https:\/\/equestrian.ca\/fr\/"},{"@type":"ListItem","position":2,"name":"Deux Canadiennes se qualifient pour l\u2019\u00e9preuve de paradressage libre sur musique aux Championnats du monde de la FEI \u00e0 Aix-la-Chapelle,en Allemagne"}]},{"@type":"WebSite","@id":"https:\/\/equestrian.ca\/fr\/#website","url":"https:\/\/equestrian.ca\/fr\/","name":"Equestrian Canada","description":"For the love of horses and sport for life.","potentialAction":[{"@type":"SearchAction","target":{"@type":"EntryPoint","urlTemplate":"https:\/\/equestrian.ca\/fr\/?s={search_term_string}"},"query-input":{"@type":"PropertyValueSpecification","valueRequired":true,"valueName":"search_term_string"}}],"inLanguage":"fr-CA"},{"@type":"Person","@id":"https:\/\/equestrian.ca\/fr\/#\/schema\/person\/5c2d7df3876311902835dd216fc10b2d","name":"gvanblokland@equestrian.ca","image":{"@type":"ImageObject","inLanguage":"fr-CA","@id":"https:\/\/secure.gravatar.com\/avatar\/f162de4b4b3467f7a47a7086a701771be7e105ed707a1ffcc63a9c1e3602c6ae?s=96&d=mm&r=g","url":"https:\/\/secure.gravatar.com\/avatar\/f162de4b4b3467f7a47a7086a701771be7e105ed707a1ffcc63a9c1e3602c6ae?s=96&d=mm&r=g","contentUrl":"https:\/\/secure.gravatar.com\/avatar\/f162de4b4b3467f7a47a7086a701771be7e105ed707a1ffcc63a9c1e3602c6ae?s=96&d=mm&r=g","caption":"gvanblokland@equestrian.ca"},"url":"https:\/\/equestrian.ca\/fr\/author\/gvanbloklandequestrian-ca\/"}]}},"_links":{"self":[{"href":"https:\/\/equestrian.ca\/fr\/wp-json\/wp\/v2\/posts\/40107","targetHints":{"allow":["GET"]}}],"collection":[{"href":"https:\/\/equestrian.ca\/fr\/wp-json\/wp\/v2\/posts"}],"about":[{"href":"https:\/\/equestrian.ca\/fr\/wp-json\/wp\/v2\/types\/post"}],"author":[{"embeddable":true,"href":"https:\/\/equestrian.ca\/fr\/wp-json\/wp\/v2\/users\/13"}],"replies":[{"embeddable":true,"href":"https:\/\/equestrian.ca\/fr\/wp-json\/wp\/v2\/comments?post=40107"}],"version-history":[{"count":5,"href":"https:\/\/equestrian.ca\/fr\/wp-json\/wp\/v2\/posts\/40107\/revisions"}],"predecessor-version":[{"id":40112,"href":"https:\/\/equestrian.ca\/fr\/wp-json\/wp\/v2\/posts\/40107\/revisions\/40112"}],"wp:featuredmedia":[{"embeddable":true,"href":"https:\/\/equestrian.ca\/fr\/wp-json\/wp\/v2\/media\/40097"}],"wp:attachment":[{"href":"https:\/\/equestrian.ca\/fr\/wp-json\/wp\/v2\/media?parent=40107"}],"wp:term":[{"taxonomy":"category","embeddable":true,"href":"https:\/\/equestrian.ca\/fr\/wp-json\/wp\/v2\/categories?post=40107"},{"taxonomy":"post_tag","embeddable":true,"href":"https:\/\/equestrian.ca\/fr\/wp-json\/wp\/v2\/tags?post=40107"}],"curies":[{"name":"wp","href":"https:\/\/api.w.org\/{rel}","templated":true}]}}