{"id":38013,"date":"2026-04-30T20:05:28","date_gmt":"2026-04-30T20:05:28","guid":{"rendered":"https:\/\/equestrian.ca\/non-classifiee\/seven-board-candidates-nominated-for-voting-at-the-equestrian-canada-agm-2026\/"},"modified":"2026-04-30T20:07:55","modified_gmt":"2026-04-30T20:07:55","slug":"seven-board-candidates-nominated-for-voting-at-the-equestrian-canada-agm-2026","status":"publish","type":"post","link":"https:\/\/equestrian.ca\/fr\/non-classifiee\/seven-board-candidates-nominated-for-voting-at-the-equestrian-canada-agm-2026\/","title":{"rendered":"Pr\u00e9sentation de sept candidat(e)s en vue des \u00e9lections du conseil d&rsquo;administration de l&rsquo;AGA de 2026"},"content":{"rendered":"\n\t<section id=\"\" data-is-jumplink=\"false\" data-title=\"\" class=\"ra-block block-column-text anchor-link-section \">\n\t\t\t\t<div class='row'>\n\t\t\t\t\t\t\t\t\t\t\t\t\t\t<div class='col-12 col-md-12 content-column wysiwyg-content'>\n\t\t\t\t\t\t<p>Ottawa (Ontario), le 30 avril 2026 \u2013 Le comit\u00e9 des mises en candidature de Canada \u00c9questre (CE) est heureux d\u2019annoncer les 7 candidates et candidats qui seront pr\u00e9sent\u00e9s aux 26 membres votants des 3 cat\u00e9gories afin d\u2019\u00eatre consid\u00e9r\u00e9s pour un si\u00e8ge au conseil d\u2019administration de 2026 de CE.<\/p>\n<p>Conform\u00e9ment aux <a href=\"https:\/\/equestrian.ca\/fr\/resource\/equestrian-canada-by-laws\/\" target=\"_blank\" rel=\"noopener\">r\u00e8glements administratifs de CE<\/a>, le comit\u00e9 des mises en candidature a pour mandat de veiller \u00e0 ce que CE ait un syst\u00e8me de nomination rigoureux qui permet de recruter chaque ann\u00e9e des personnes qualifi\u00e9es pour l\u2019\u00e9lection des directrices et directeurs. Le nombre de directeurs \u00e9lus lors de l&rsquo;assembl\u00e9e g\u00e9n\u00e9rale annuelle (AGA) correspond au nombre de mandats arrivant \u00e0 \u00e9ch\u00e9ance cette ann\u00e9e-l\u00e0. Le comit\u00e9 a re\u00e7u les candidatures de 13 personnes qualifi\u00e9es au cours de la p\u00e9riode de mise en candidature, qui s\u2019est termin\u00e9e le 27 mars 2026.<\/p>\n<p>\u00c0 la suite de la d\u00e9mission de Nathan Reeve, qui prendra effet \u00e0 l&rsquo;issue de l&rsquo;AGA de 2026, CE ajoutera un poste de directeur au cycle \u00e9lectoral de 2026. Ainsi, quatre (4) candidates et candidats seront \u00e9lus. Les trois (3) premiers exerceront chacun un mandat complet de trois ans se terminant en 2029, et le quatri\u00e8me sera \u00e9lu pour pourvoir le poste vacant cr\u00e9\u00e9 par la d\u00e9mission et exercera les deux (2) ann\u00e9es restantes de ce mandat, qui prend fin en 2028. Sept (7) candidatures seront pr\u00e9sent\u00e9es aux membres votants de la cat\u00e9gorie pour l&rsquo;\u00e9lection de 2026, qui seront responsables d\u2019\u00e9lire les directeurs.<\/p>\n<p>Les membres du comit\u00e9 des mises en candidatures de CE sont les suivants :<\/p>\n<p>Todd Walsh &#8211; (directeur, pr\u00e9sident) \u2013 St. Albert, AB<br \/>\nNick Sutcliffe, (directeur, vice-pr\u00e9sident) \u2013 Hockley Valley, ON<br \/>\nElise Blais \u2013 Brossard, QC<br \/>\nKris Foley \u2013 Sackville, NS<br \/>\nJoan Macartney \u2013 Manotick, ON<br \/>\nMelissa MacKenzie \u2013 St. John, NB<br \/>\nMallory McKewen \u2013 Burford, ON<br \/>\nDoug Orr \u2013 Rocky View County, AB<\/p>\n<p>Le comit\u00e9 a examin\u00e9 toutes les candidatures de fa\u00e7on consciencieuse et a tenu des entrevues individuelles avec les candidates et candidats s\u00e9lectionn\u00e9s. Il a ensuite d\u00e9cid\u00e9, \u00e0 l\u2019unanimit\u00e9, de pr\u00e9senter au comit\u00e9 des mises en candidature les personnes suivantes aux \u00e9lections (en ordre alphab\u00e9tique, par nom de famille) :<\/p>\n<p>Bernd CHRISTMAS \u2013 Queenston, ON<br \/>\nCrystal KISSEL \u2013 Cochrane, AB<br \/>\nGilles LEVASSEUR \u2013 Ottawa, ON<br \/>\nVictoria MCDONALD \u2013 Georgetown, ON<br \/>\nDiane RATIGAN \u2013 Toronto, ON<br \/>\nSergio RODR\u00cdGUEZ \u2013 Toronto, ON<br \/>\nMarcia THOMPSON \u2013 Toronto, ON<\/p>\n\t\t\t\t\t<\/div>\n\t\t\t\t\t\t\t\t\t\t\t<\/div>\n\t<\/section>\n\n\n\n\t<section id=\"\" data-is-jumplink=\"false\" data-title=\"\" class=\"ra-block block-call-to-action anchor-link-section \">\n\t\t\n\t\t<a href=\"https:\/\/equestrian.ca\/fr\/resource\/2025-board-candidate-and-athlete-director-profiles\/\" target=\"_blank\" class=\"call-to-action-col no-background-image\">\t\t\t\n\t\t\t\t<div class='cta-wrapper'>\n\t\t\t\t\t\t\t\t\t\t\t\t\t\t\t\t\t<div class=\"btn\">Portraits des candidatures 2026 pour le CA<\/div>\n\t\t\t\t\t\t\t<\/div>\n\t\t<\/a>\t<\/section>\n\n\n\n\t<section id=\"\" data-is-jumplink=\"false\" data-title=\"\" class=\"ra-block block-column-text anchor-link-section \">\n\t\t\t\t<div class='row'>\n\t\t\t\t\t\t\t\t\t\t\t\t\t\t<div class='col-12 col-md-12 content-column wysiwyg-content'>\n\t\t\t\t\t\t<p>Pour en savoir plus sur les candidates et candidats, et pour consulter leur profil et leur lettre de pr\u00e9sentation, consultez la page : <a href=\"https:\/\/equestrian.ca\/fr\/governance\/\" target=\"_blank\" rel=\"noopener\">https:\/\/equestrian.ca\/fr\/governance<\/a>.<\/p>\n<p>Les membres votants de CE pourront voter aux \u00e9lections du conseil d\u2019administration de 2026 de CE lors de l\u2019assembl\u00e9e g\u00e9n\u00e9rale annuelle, le 26 mai 2026. Les r\u00e9sultats de l\u2019\u00e9lection seront annonc\u00e9s au public le 27 mai 2026.<\/p>\n\t\t\t\t\t<\/div>\n\t\t\t\t\t\t\t\t\t\t\t<\/div>\n\t<\/section>\n","protected":false},"excerpt":{"rendered":"","protected":false},"author":13,"featured_media":0,"comment_status":"closed","ping_status":"closed","sticky":false,"template":"","format":"standard","meta":{"_acf_changed":false,"rs_blank_template":"","rs_page_bg_color":"","slide_template_v7":"","footnotes":""},"categories":[245,234,32],"tags":[],"class_list":["post-38013","post","type-post","status-publish","format-standard","hentry","category-canada-equestre","category-communiques","category-non-classifiee"],"acf":[],"yoast_head":"<!-- This site is optimized with the Yoast SEO plugin v27.0 - https:\/\/yoast.com\/product\/yoast-seo-wordpress\/ -->\n<title>Pr\u00e9sentation de sept candidat(e)s en vue des \u00e9lections du conseil d&#039;administration de l&#039;AGA de 2026 - Equestrian Canada<\/title>\n<meta name=\"robots\" content=\"index, follow, max-snippet:-1, max-image-preview:large, max-video-preview:-1\" \/>\n<link rel=\"canonical\" href=\"https:\/\/equestrian.ca\/fr\/non-classifiee\/seven-board-candidates-nominated-for-voting-at-the-equestrian-canada-agm-2026\/\" \/>\n<meta property=\"og:locale\" content=\"fr_CA\" \/>\n<meta property=\"og:type\" content=\"article\" \/>\n<meta property=\"og:title\" content=\"Pr\u00e9sentation de sept candidat(e)s en vue des \u00e9lections du conseil d&#039;administration de l&#039;AGA de 2026 - Equestrian Canada\" \/>\n<meta property=\"og:url\" content=\"https:\/\/equestrian.ca\/fr\/non-classifiee\/seven-board-candidates-nominated-for-voting-at-the-equestrian-canada-agm-2026\/\" \/>\n<meta property=\"og:site_name\" content=\"Equestrian Canada\" \/>\n<meta property=\"article:published_time\" content=\"2026-04-30T20:05:28+00:00\" \/>\n<meta property=\"article:modified_time\" content=\"2026-04-30T20:07:55+00:00\" \/>\n<meta name=\"author\" content=\"gvanblokland@equestrian.ca\" \/>\n<meta name=\"twitter:card\" content=\"summary_large_image\" \/>\n<meta name=\"twitter:label1\" content=\"\u00c9crit par\" \/>\n\t<meta name=\"twitter:data1\" content=\"gvanblokland@equestrian.ca\" \/>\n<script type=\"application\/ld+json\" class=\"yoast-schema-graph\">{\"@context\":\"https:\/\/schema.org\",\"@graph\":[{\"@type\":\"Article\",\"@id\":\"https:\/\/equestrian.ca\/fr\/non-classifiee\/seven-board-candidates-nominated-for-voting-at-the-equestrian-canada-agm-2026\/#article\",\"isPartOf\":{\"@id\":\"https:\/\/equestrian.ca\/fr\/non-classifiee\/seven-board-candidates-nominated-for-voting-at-the-equestrian-canada-agm-2026\/\"},\"author\":{\"name\":\"gvanblokland@equestrian.ca\",\"@id\":\"https:\/\/equestrian.ca\/fr\/#\/schema\/person\/5c2d7df3876311902835dd216fc10b2d\"},\"headline\":\"Pr\u00e9sentation de sept candidat(e)s en vue des \u00e9lections du conseil d&rsquo;administration de l&rsquo;AGA de 2026\",\"datePublished\":\"2026-04-30T20:05:28+00:00\",\"dateModified\":\"2026-04-30T20:07:55+00:00\",\"mainEntityOfPage\":{\"@id\":\"https:\/\/equestrian.ca\/fr\/non-classifiee\/seven-board-candidates-nominated-for-voting-at-the-equestrian-canada-agm-2026\/\"},\"wordCount\":19,\"articleSection\":[\"Canada \u00e9questre\",\"Communiqu\u00e9s\",\"Non classifi\u00e9(e)\"],\"inLanguage\":\"fr-CA\"},{\"@type\":\"WebPage\",\"@id\":\"https:\/\/equestrian.ca\/fr\/non-classifiee\/seven-board-candidates-nominated-for-voting-at-the-equestrian-canada-agm-2026\/\",\"url\":\"https:\/\/equestrian.ca\/fr\/non-classifiee\/seven-board-candidates-nominated-for-voting-at-the-equestrian-canada-agm-2026\/\",\"name\":\"Pr\u00e9sentation de sept candidat(e)s en vue des \u00e9lections du conseil d'administration de l'AGA de 2026 - Equestrian Canada\",\"isPartOf\":{\"@id\":\"https:\/\/equestrian.ca\/fr\/#website\"},\"datePublished\":\"2026-04-30T20:05:28+00:00\",\"dateModified\":\"2026-04-30T20:07:55+00:00\",\"author\":{\"@id\":\"https:\/\/equestrian.ca\/fr\/#\/schema\/person\/5c2d7df3876311902835dd216fc10b2d\"},\"breadcrumb\":{\"@id\":\"https:\/\/equestrian.ca\/fr\/non-classifiee\/seven-board-candidates-nominated-for-voting-at-the-equestrian-canada-agm-2026\/#breadcrumb\"},\"inLanguage\":\"fr-CA\",\"potentialAction\":[{\"@type\":\"ReadAction\",\"target\":[\"https:\/\/equestrian.ca\/fr\/non-classifiee\/seven-board-candidates-nominated-for-voting-at-the-equestrian-canada-agm-2026\/\"]}]},{\"@type\":\"BreadcrumbList\",\"@id\":\"https:\/\/equestrian.ca\/fr\/non-classifiee\/seven-board-candidates-nominated-for-voting-at-the-equestrian-canada-agm-2026\/#breadcrumb\",\"itemListElement\":[{\"@type\":\"ListItem\",\"position\":1,\"name\":\"Home\",\"item\":\"https:\/\/equestrian.ca\/fr\/\"},{\"@type\":\"ListItem\",\"position\":2,\"name\":\"Pr\u00e9sentation de sept candidat(e)s en vue des \u00e9lections du conseil d&#8217;administration de l&#8217;AGA de 2026\"}]},{\"@type\":\"WebSite\",\"@id\":\"https:\/\/equestrian.ca\/fr\/#website\",\"url\":\"https:\/\/equestrian.ca\/fr\/\",\"name\":\"Equestrian Canada\",\"description\":\"For the love of horses and sport for life.\",\"potentialAction\":[{\"@type\":\"SearchAction\",\"target\":{\"@type\":\"EntryPoint\",\"urlTemplate\":\"https:\/\/equestrian.ca\/fr\/?s={search_term_string}\"},\"query-input\":{\"@type\":\"PropertyValueSpecification\",\"valueRequired\":true,\"valueName\":\"search_term_string\"}}],\"inLanguage\":\"fr-CA\"},{\"@type\":\"Person\",\"@id\":\"https:\/\/equestrian.ca\/fr\/#\/schema\/person\/5c2d7df3876311902835dd216fc10b2d\",\"name\":\"gvanblokland@equestrian.ca\",\"image\":{\"@type\":\"ImageObject\",\"inLanguage\":\"fr-CA\",\"@id\":\"https:\/\/equestrian.ca\/fr\/#\/schema\/person\/image\/\",\"url\":\"https:\/\/secure.gravatar.com\/avatar\/f162de4b4b3467f7a47a7086a701771be7e105ed707a1ffcc63a9c1e3602c6ae?s=96&d=mm&r=g\",\"contentUrl\":\"https:\/\/secure.gravatar.com\/avatar\/f162de4b4b3467f7a47a7086a701771be7e105ed707a1ffcc63a9c1e3602c6ae?s=96&d=mm&r=g\",\"caption\":\"gvanblokland@equestrian.ca\"},\"url\":\"https:\/\/equestrian.ca\/fr\/author\/gvanbloklandequestrian-ca\/\"}]}<\/script>\n<!-- \/ Yoast SEO plugin. -->","yoast_head_json":{"title":"Pr\u00e9sentation de sept candidat(e)s en vue des \u00e9lections du conseil d'administration de l'AGA de 2026 - Equestrian Canada","robots":{"index":"index","follow":"follow","max-snippet":"max-snippet:-1","max-image-preview":"max-image-preview:large","max-video-preview":"max-video-preview:-1"},"canonical":"https:\/\/equestrian.ca\/fr\/non-classifiee\/seven-board-candidates-nominated-for-voting-at-the-equestrian-canada-agm-2026\/","og_locale":"fr_CA","og_type":"article","og_title":"Pr\u00e9sentation de sept candidat(e)s en vue des \u00e9lections du conseil d'administration de l'AGA de 2026 - Equestrian Canada","og_url":"https:\/\/equestrian.ca\/fr\/non-classifiee\/seven-board-candidates-nominated-for-voting-at-the-equestrian-canada-agm-2026\/","og_site_name":"Equestrian Canada","article_published_time":"2026-04-30T20:05:28+00:00","article_modified_time":"2026-04-30T20:07:55+00:00","author":"gvanblokland@equestrian.ca","twitter_card":"summary_large_image","twitter_misc":{"\u00c9crit par":"gvanblokland@equestrian.ca"},"schema":{"@context":"https:\/\/schema.org","@graph":[{"@type":"Article","@id":"https:\/\/equestrian.ca\/fr\/non-classifiee\/seven-board-candidates-nominated-for-voting-at-the-equestrian-canada-agm-2026\/#article","isPartOf":{"@id":"https:\/\/equestrian.ca\/fr\/non-classifiee\/seven-board-candidates-nominated-for-voting-at-the-equestrian-canada-agm-2026\/"},"author":{"name":"gvanblokland@equestrian.ca","@id":"https:\/\/equestrian.ca\/fr\/#\/schema\/person\/5c2d7df3876311902835dd216fc10b2d"},"headline":"Pr\u00e9sentation de sept candidat(e)s en vue des \u00e9lections du conseil d&rsquo;administration de l&rsquo;AGA de 2026","datePublished":"2026-04-30T20:05:28+00:00","dateModified":"2026-04-30T20:07:55+00:00","mainEntityOfPage":{"@id":"https:\/\/equestrian.ca\/fr\/non-classifiee\/seven-board-candidates-nominated-for-voting-at-the-equestrian-canada-agm-2026\/"},"wordCount":19,"articleSection":["Canada \u00e9questre","Communiqu\u00e9s","Non classifi\u00e9(e)"],"inLanguage":"fr-CA"},{"@type":"WebPage","@id":"https:\/\/equestrian.ca\/fr\/non-classifiee\/seven-board-candidates-nominated-for-voting-at-the-equestrian-canada-agm-2026\/","url":"https:\/\/equestrian.ca\/fr\/non-classifiee\/seven-board-candidates-nominated-for-voting-at-the-equestrian-canada-agm-2026\/","name":"Pr\u00e9sentation de sept candidat(e)s en vue des \u00e9lections du conseil d'administration de l'AGA de 2026 - Equestrian Canada","isPartOf":{"@id":"https:\/\/equestrian.ca\/fr\/#website"},"datePublished":"2026-04-30T20:05:28+00:00","dateModified":"2026-04-30T20:07:55+00:00","author":{"@id":"https:\/\/equestrian.ca\/fr\/#\/schema\/person\/5c2d7df3876311902835dd216fc10b2d"},"breadcrumb":{"@id":"https:\/\/equestrian.ca\/fr\/non-classifiee\/seven-board-candidates-nominated-for-voting-at-the-equestrian-canada-agm-2026\/#breadcrumb"},"inLanguage":"fr-CA","potentialAction":[{"@type":"ReadAction","target":["https:\/\/equestrian.ca\/fr\/non-classifiee\/seven-board-candidates-nominated-for-voting-at-the-equestrian-canada-agm-2026\/"]}]},{"@type":"BreadcrumbList","@id":"https:\/\/equestrian.ca\/fr\/non-classifiee\/seven-board-candidates-nominated-for-voting-at-the-equestrian-canada-agm-2026\/#breadcrumb","itemListElement":[{"@type":"ListItem","position":1,"name":"Home","item":"https:\/\/equestrian.ca\/fr\/"},{"@type":"ListItem","position":2,"name":"Pr\u00e9sentation de sept candidat(e)s en vue des \u00e9lections du conseil d&#8217;administration de l&#8217;AGA de 2026"}]},{"@type":"WebSite","@id":"https:\/\/equestrian.ca\/fr\/#website","url":"https:\/\/equestrian.ca\/fr\/","name":"Equestrian Canada","description":"For the love of horses and sport for life.","potentialAction":[{"@type":"SearchAction","target":{"@type":"EntryPoint","urlTemplate":"https:\/\/equestrian.ca\/fr\/?s={search_term_string}"},"query-input":{"@type":"PropertyValueSpecification","valueRequired":true,"valueName":"search_term_string"}}],"inLanguage":"fr-CA"},{"@type":"Person","@id":"https:\/\/equestrian.ca\/fr\/#\/schema\/person\/5c2d7df3876311902835dd216fc10b2d","name":"gvanblokland@equestrian.ca","image":{"@type":"ImageObject","inLanguage":"fr-CA","@id":"https:\/\/equestrian.ca\/fr\/#\/schema\/person\/image\/","url":"https:\/\/secure.gravatar.com\/avatar\/f162de4b4b3467f7a47a7086a701771be7e105ed707a1ffcc63a9c1e3602c6ae?s=96&d=mm&r=g","contentUrl":"https:\/\/secure.gravatar.com\/avatar\/f162de4b4b3467f7a47a7086a701771be7e105ed707a1ffcc63a9c1e3602c6ae?s=96&d=mm&r=g","caption":"gvanblokland@equestrian.ca"},"url":"https:\/\/equestrian.ca\/fr\/author\/gvanbloklandequestrian-ca\/"}]}},"_links":{"self":[{"href":"https:\/\/equestrian.ca\/fr\/wp-json\/wp\/v2\/posts\/38013","targetHints":{"allow":["GET"]}}],"collection":[{"href":"https:\/\/equestrian.ca\/fr\/wp-json\/wp\/v2\/posts"}],"about":[{"href":"https:\/\/equestrian.ca\/fr\/wp-json\/wp\/v2\/types\/post"}],"author":[{"embeddable":true,"href":"https:\/\/equestrian.ca\/fr\/wp-json\/wp\/v2\/users\/13"}],"replies":[{"embeddable":true,"href":"https:\/\/equestrian.ca\/fr\/wp-json\/wp\/v2\/comments?post=38013"}],"version-history":[{"count":3,"href":"https:\/\/equestrian.ca\/fr\/wp-json\/wp\/v2\/posts\/38013\/revisions"}],"predecessor-version":[{"id":38017,"href":"https:\/\/equestrian.ca\/fr\/wp-json\/wp\/v2\/posts\/38013\/revisions\/38017"}],"wp:attachment":[{"href":"https:\/\/equestrian.ca\/fr\/wp-json\/wp\/v2\/media?parent=38013"}],"wp:term":[{"taxonomy":"category","embeddable":true,"href":"https:\/\/equestrian.ca\/fr\/wp-json\/wp\/v2\/categories?post=38013"},{"taxonomy":"post_tag","embeddable":true,"href":"https:\/\/equestrian.ca\/fr\/wp-json\/wp\/v2\/tags?post=38013"}],"curies":[{"name":"wp","href":"https:\/\/api.w.org\/{rel}","templated":true}]}}