{"id":33731,"date":"2025-05-07T13:24:42","date_gmt":"2025-05-07T13:24:42","guid":{"rendered":"https:\/\/equestrian.ca\/non-classifiee\/ec-2025-annual-general-meeting\/"},"modified":"2025-05-08T15:47:24","modified_gmt":"2025-05-08T15:47:24","slug":"ec-2025-annual-general-meeting","status":"publish","type":"post","link":"https:\/\/equestrian.ca\/fr\/non-classifiee\/ec-2025-annual-general-meeting\/","title":{"rendered":"Assembl\u00e9e g\u00e9n\u00e9rale annuelle 2025 de CE"},"content":{"rendered":"\n\t<section id=\"\" data-is-jumplink=\"false\" data-title=\"\" class=\"ra-block block-column-text anchor-link-section \">\n\t\t\t\t<div class='row'>\n\t\t\t\t\t\t\t\t\t\t\t\t\t\t<div class='col-12 col-md-12 content-column wysiwyg-content'>\n\t\t\t\t\t\t<p><strong>Ottawa (Ontario), le 6 mai 2025<\/strong> \u2013 L\u2019assembl\u00e9e g\u00e9n\u00e9rale annuelle des membres (AGA) 2025 de Canada \u00c9questre (CE) aura lieu par conf\u00e9rence Zoom le 27 mai 2025 \u00e0 19 h HE entre les <a href=\"https:\/\/equestrian.ca\/fr\/governance\/#block-staff-directory-block_e870d01f0d0ee94f1e696f8db8a6a603\" target=\"_blank\" rel=\"noopener\">membres du conseil d\u2019administration de CE<\/a> et les 27 <a href=\"https:\/\/equestrian.ca\/fr\/governance\/#membres-votants\" target=\"_blank\" rel=\"noopener\">membres votants de CE<\/a> pr\u00e9sent(e)s.<\/p>\n<p>Conform\u00e9ment aux <a href=\"https:\/\/equestrian.ca\/wp-content\/uploads\/2024\/04\/Canada-Equestre-By-law-2023-FR.pdf\" target=\"_blank\" rel=\"noopener\">r\u00e8glements administratifs<\/a> de CE, l\u2019AGA sera tenue selon un ordre du jour tr\u00e8s pr\u00e9cis. Par cons\u00e9quent, bien que les membres de la collectivit\u00e9 soient invit\u00e9s \u00e0 assister \u00e0 l\u2019AGA en direct sur la page <a href=\"https:\/\/www.facebook.com\/equestriancan\/\" target=\"_blank\" rel=\"noopener\">Facebook de CE<\/a>, aucune question ne pourra \u00eatre pos\u00e9e en temps r\u00e9el. L&rsquo;\u00e9v\u00e9nement sera \u00e9galement diffus\u00e9 en fran\u00e7ais sur la <a href=\"https:\/\/www.youtube.com\/@EquestrianCanada\/streams\" target=\"_blank\" rel=\"noopener\">cha\u00eene YouTube de CE<\/a>. CE invite la communaut\u00e9 \u00e9questre canadienne \u00e0 participer en transmettant toute question relative \u00e0 la gouvernance aux membres votants des cat\u00e9gories A, B et C avant l\u2019AGA.<\/p>\n<p>Les documents pertinents suivants sont disponibles pour t\u00e9l\u00e9chargement :<\/p>\n<ul>\n<li><a href=\"https:\/\/equestrian.ca\/wp-content\/uploads\/Final-2025-EC-AGM-Notice-and-Agenda_FR-1.pdf\" target=\"_blank\" rel=\"noopener\">Avis de convocation de l&rsquo;AGA 2025 de CE<\/a><\/li>\n<li><a href=\"https:\/\/equestrian.ca\/wp-content\/uploads\/Final-2024-EC-AGM-September-17th-Minutes_FR.pdf\" target=\"_blank\" rel=\"noopener\">Proc\u00e8s-verbal de l\u2019AGA 2024 de CE \u2013 17 septembre 2024<\/a><\/li>\n<li><a href=\"https:\/\/equestrian.ca\/wp-content\/uploads\/Final-2024-EC-AGM-QuestionAnswers_FR-1.pdf\" target=\"_blank\" rel=\"noopener\">AGA 2024 Appel \u00e0 questions<\/a><\/li>\n<li><a href=\"https:\/\/equestrian.ca\/wp-content\/uploads\/EC_Annual-Report-2024-2025_FR-1.pdf\" target=\"_blank\" rel=\"noopener\">Rapport annuel de CE de 2024-2025<\/a><\/li>\n<li><a href=\"https:\/\/equestrian.ca\/wp-content\/uploads\/2025-03-31-Equine-Canada-wFS-FRE-draft-May2-2.pdf\" target=\"_blank\" rel=\"noopener\">\u00c9tats financiers v\u00e9rifi\u00e9s de 2024-2025 de CE<\/a><\/li>\n<li>R\u00e8glements administratifs de CE (<a href=\"https:\/\/equestrian.ca\/wp-content\/uploads\/Final-2025-EC-AGM-bylaw-resolution_FR.pdf\" target=\"_blank\" rel=\"noopener\">R\u00e9solution<\/a>, <a href=\"https:\/\/equestrian.ca\/wp-content\/uploads\/Final-2025-EC-AGM-bylaw-amendment-summary_FR-1.pdf\" target=\"_blank\" rel=\"noopener\">r\u00e9sum\u00e9<\/a> et <a href=\"https:\/\/equestrian.ca\/wp-content\/uploads\/Final-2025-EC-AGM-EC-bylaw-amendment-Athlete-Director_FR-1.pdf\" target=\"_blank\" rel=\"noopener\">copie avec identification des modifications<\/a>)<\/li>\n<\/ul>\n<p>Les membres votants acceptent les questions jusqu&rsquo;au 15 mai 2025. Les questions peuvent \u00eatre soumises \u00e0 chaque cat\u00e9gorie de membres avec <a href=\"https:\/\/app.smartsheet.com\/b\/form\/3113f8cab0c045819ce3a70bee071e56\" target=\"_blank\" rel=\"noopener\">ce formulaire<\/a>.<\/p>\n<p><strong>Cat\u00e9gorie A &#8211; Disciplines \u00e9questres<\/strong><\/p>\n<ul>\n<li>La cat\u00e9gorie A de membres votants est compos\u00e9e de neuf repr\u00e9sentant(e)s des sept comit\u00e9s des disciplines \u00e9questres. Les repr\u00e9sentant(e)s servent d\u2019interm\u00e9diaire pour l\u2019\u00e9change d\u2019informations sur les questions de gouvernance, y compris l\u2019orientation strat\u00e9gique et les mises \u00e0 jour.<\/li>\n<\/ul>\n<p><strong>Cat\u00e9gorie B &#8211; Organismes provinciaux et territoriaux de sport (OPTS)<\/strong><\/p>\n<ul>\n<li>La cat\u00e9gorie B de membres votants est compos\u00e9e de neuf repr\u00e9sentant(e)s qui sont des pr\u00e9sident(e)s ou des repr\u00e9sentant(e)s d\u2019OPTS. Ils et elles sont \u00e9lu(e)s par leurs membres provinciaux et repr\u00e9sentent les int\u00e9r\u00eats des membres des OPTS au sein de la gouvernance de CE.<\/li>\n<\/ul>\n<p><strong>Cat\u00e9gorie C \u2013 Organismes \u00e9questres nationaux<\/strong><\/p>\n<ul>\n<li>La cat\u00e9gorie C de membres votants est compos\u00e9e d\u2019organisations nationales ou r\u00e9gionales repr\u00e9sentant un domaine particulier d\u2019int\u00e9r\u00eat \u00e9questre qui n\u2019est pas d\u00e9j\u00e0 repr\u00e9sent\u00e9 dans la cat\u00e9gorie A ou B. Les neuf membres sont charg\u00e9(e)s de repr\u00e9senter les int\u00e9r\u00eats des sports de race et de la communaut\u00e9 du secteur \u00e9quin.<\/li>\n<\/ul>\n<p>Les questions soumises aux membres des cat\u00e9gories A, B et C seront port\u00e9es \u00e0 l\u2019attention du conseil d\u2019administration de CE qui r\u00e9pondra \u00e0 ces questions durant et apr\u00e8s l&rsquo;AGA.<\/p>\n<p>Pour en savoir plus sur l\u2019AGA de CE, veuillez visiter le lien suivant : <a href=\"https:\/\/equestrian.ca\/fr\/governance\/\" target=\"_blank\" rel=\"noopener\">https:\/\/equestrian.ca\/fr\/governance<\/a>.<\/p>\n\t\t\t\t\t<\/div>\n\t\t\t\t\t\t\t\t\t\t\t<\/div>\n\t<\/section>\n\n\n\n\t<section id=\"\" data-is-jumplink=\"false\" data-title=\"\" class=\"ra-block block-call-to-action anchor-link-section \">\n\t\t\n\t\t<a href=\"https:\/\/equestrian.ca\/fr\/non-classifiee\/four-board-candidates-and-one-athlete-director-nominated-for-voting-at-the-equestrian-canada-agm-2025\/\" target=\"\" class=\"call-to-action-col no-background-image\">\t\t\t\n\t\t\t\t<div class='cta-wrapper'>\n\t\t\t\t\t\t\t\t\t<h2 class='title'>Pr\u00e9sentation de quatre candidat(e)s et d&rsquo;un athl\u00e8te en vue des \u00e9lections du conseil d&rsquo;administration de l&rsquo;AGA de 2025<\/h2>\n\t\t\t\t\t\t\t\t\t\t\t\t\t<p class='content'>Le comit\u00e9 des mises en candidature de Canada \u00c9questre (CE) est heureux d\u2019annoncer les 4 candidates et candidats qui seront pr\u00e9sent\u00e9s aux 27 membres votants de CE des 3 cat\u00e9gories afin d\u2019\u00eatre consid\u00e9r\u00e9s pour un si\u00e8ge au conseil d\u2019administration de 2025 de CE.<\/p>\n\t\t\t\t\t\t\t\t\t\t\t\t\t<div class=\"btn\">En savoir plus<\/div>\n\t\t\t\t\t\t\t<\/div>\n\t\t<\/a>\t<\/section>\n","protected":false},"excerpt":{"rendered":"","protected":false},"author":13,"featured_media":33155,"comment_status":"open","ping_status":"open","sticky":false,"template":"","format":"standard","meta":{"_acf_changed":false,"footnotes":""},"categories":[245,234,32],"tags":[],"class_list":["post-33731","post","type-post","status-publish","format-standard","has-post-thumbnail","hentry","category-canada-equestre","category-communiques","category-non-classifiee"],"acf":[],"yoast_head":"<!-- This site is optimized with the Yoast SEO plugin v27.0 - https:\/\/yoast.com\/product\/yoast-seo-wordpress\/ -->\n<title>Assembl\u00e9e g\u00e9n\u00e9rale annuelle 2025 de CE - Equestrian Canada<\/title>\n<meta name=\"robots\" content=\"index, follow, max-snippet:-1, max-image-preview:large, max-video-preview:-1\" \/>\n<link rel=\"canonical\" href=\"https:\/\/equestrian.ca\/fr\/non-classifiee\/ec-2025-annual-general-meeting\/\" \/>\n<meta property=\"og:locale\" content=\"fr_CA\" \/>\n<meta property=\"og:type\" content=\"article\" \/>\n<meta property=\"og:title\" content=\"Assembl\u00e9e g\u00e9n\u00e9rale annuelle 2025 de CE - Equestrian Canada\" \/>\n<meta property=\"og:url\" content=\"https:\/\/equestrian.ca\/fr\/non-classifiee\/ec-2025-annual-general-meeting\/\" \/>\n<meta property=\"og:site_name\" content=\"Equestrian Canada\" \/>\n<meta property=\"article:published_time\" content=\"2025-05-07T13:24:42+00:00\" \/>\n<meta property=\"article:modified_time\" content=\"2025-05-08T15:47:24+00:00\" \/>\n<meta property=\"og:image\" content=\"https:\/\/equestrian.ca\/wp-content\/uploads\/EC-AGM-2025-ii.jpg\" \/>\n\t<meta property=\"og:image:width\" content=\"1440\" \/>\n\t<meta property=\"og:image:height\" content=\"950\" \/>\n\t<meta property=\"og:image:type\" content=\"image\/jpeg\" \/>\n<meta name=\"author\" content=\"gvanblokland@equestrian.ca\" \/>\n<meta name=\"twitter:card\" content=\"summary_large_image\" \/>\n<meta name=\"twitter:label1\" content=\"\u00c9crit par\" \/>\n\t<meta name=\"twitter:data1\" content=\"gvanblokland@equestrian.ca\" \/>\n\t<meta name=\"twitter:label2\" content=\"Estimation du temps de lecture\" \/>\n\t<meta name=\"twitter:data2\" content=\"1 minute\" \/>\n<script type=\"application\/ld+json\" class=\"yoast-schema-graph\">{\"@context\":\"https:\/\/schema.org\",\"@graph\":[{\"@type\":\"Article\",\"@id\":\"https:\/\/equestrian.ca\/fr\/non-classifiee\/ec-2025-annual-general-meeting\/#article\",\"isPartOf\":{\"@id\":\"https:\/\/equestrian.ca\/fr\/non-classifiee\/ec-2025-annual-general-meeting\/\"},\"author\":{\"name\":\"gvanblokland@equestrian.ca\",\"@id\":\"https:\/\/equestrian.ca\/fr\/#\/schema\/person\/5c2d7df3876311902835dd216fc10b2d\"},\"headline\":\"Assembl\u00e9e g\u00e9n\u00e9rale annuelle 2025 de CE\",\"datePublished\":\"2025-05-07T13:24:42+00:00\",\"dateModified\":\"2025-05-08T15:47:24+00:00\",\"mainEntityOfPage\":{\"@id\":\"https:\/\/equestrian.ca\/fr\/non-classifiee\/ec-2025-annual-general-meeting\/\"},\"wordCount\":8,\"commentCount\":0,\"image\":{\"@id\":\"https:\/\/equestrian.ca\/fr\/non-classifiee\/ec-2025-annual-general-meeting\/#primaryimage\"},\"thumbnailUrl\":\"https:\/\/equestrian.ca\/wp-content\/uploads\/EC-AGM-2025-ii.jpg\",\"articleSection\":[\"Canada \u00e9questre\",\"Communiqu\u00e9s\",\"Non classifi\u00e9(e)\"],\"inLanguage\":\"fr-CA\",\"potentialAction\":[{\"@type\":\"CommentAction\",\"name\":\"Comment\",\"target\":[\"https:\/\/equestrian.ca\/fr\/non-classifiee\/ec-2025-annual-general-meeting\/#respond\"]}]},{\"@type\":\"WebPage\",\"@id\":\"https:\/\/equestrian.ca\/fr\/non-classifiee\/ec-2025-annual-general-meeting\/\",\"url\":\"https:\/\/equestrian.ca\/fr\/non-classifiee\/ec-2025-annual-general-meeting\/\",\"name\":\"Assembl\u00e9e g\u00e9n\u00e9rale annuelle 2025 de CE - Equestrian Canada\",\"isPartOf\":{\"@id\":\"https:\/\/equestrian.ca\/fr\/#website\"},\"primaryImageOfPage\":{\"@id\":\"https:\/\/equestrian.ca\/fr\/non-classifiee\/ec-2025-annual-general-meeting\/#primaryimage\"},\"image\":{\"@id\":\"https:\/\/equestrian.ca\/fr\/non-classifiee\/ec-2025-annual-general-meeting\/#primaryimage\"},\"thumbnailUrl\":\"https:\/\/equestrian.ca\/wp-content\/uploads\/EC-AGM-2025-ii.jpg\",\"datePublished\":\"2025-05-07T13:24:42+00:00\",\"dateModified\":\"2025-05-08T15:47:24+00:00\",\"author\":{\"@id\":\"https:\/\/equestrian.ca\/fr\/#\/schema\/person\/5c2d7df3876311902835dd216fc10b2d\"},\"breadcrumb\":{\"@id\":\"https:\/\/equestrian.ca\/fr\/non-classifiee\/ec-2025-annual-general-meeting\/#breadcrumb\"},\"inLanguage\":\"fr-CA\",\"potentialAction\":[{\"@type\":\"ReadAction\",\"target\":[\"https:\/\/equestrian.ca\/fr\/non-classifiee\/ec-2025-annual-general-meeting\/\"]}]},{\"@type\":\"ImageObject\",\"inLanguage\":\"fr-CA\",\"@id\":\"https:\/\/equestrian.ca\/fr\/non-classifiee\/ec-2025-annual-general-meeting\/#primaryimage\",\"url\":\"https:\/\/equestrian.ca\/wp-content\/uploads\/EC-AGM-2025-ii.jpg\",\"contentUrl\":\"https:\/\/equestrian.ca\/wp-content\/uploads\/EC-AGM-2025-ii.jpg\",\"width\":1440,\"height\":950},{\"@type\":\"BreadcrumbList\",\"@id\":\"https:\/\/equestrian.ca\/fr\/non-classifiee\/ec-2025-annual-general-meeting\/#breadcrumb\",\"itemListElement\":[{\"@type\":\"ListItem\",\"position\":1,\"name\":\"Home\",\"item\":\"https:\/\/equestrian.ca\/fr\/\"},{\"@type\":\"ListItem\",\"position\":2,\"name\":\"Assembl\u00e9e g\u00e9n\u00e9rale annuelle 2025 de CE\"}]},{\"@type\":\"WebSite\",\"@id\":\"https:\/\/equestrian.ca\/fr\/#website\",\"url\":\"https:\/\/equestrian.ca\/fr\/\",\"name\":\"Equestrian Canada\",\"description\":\"For the love of horses and sport for life.\",\"potentialAction\":[{\"@type\":\"SearchAction\",\"target\":{\"@type\":\"EntryPoint\",\"urlTemplate\":\"https:\/\/equestrian.ca\/fr\/?s={search_term_string}\"},\"query-input\":{\"@type\":\"PropertyValueSpecification\",\"valueRequired\":true,\"valueName\":\"search_term_string\"}}],\"inLanguage\":\"fr-CA\"},{\"@type\":\"Person\",\"@id\":\"https:\/\/equestrian.ca\/fr\/#\/schema\/person\/5c2d7df3876311902835dd216fc10b2d\",\"name\":\"gvanblokland@equestrian.ca\",\"image\":{\"@type\":\"ImageObject\",\"inLanguage\":\"fr-CA\",\"@id\":\"https:\/\/equestrian.ca\/fr\/#\/schema\/person\/image\/\",\"url\":\"https:\/\/secure.gravatar.com\/avatar\/f162de4b4b3467f7a47a7086a701771be7e105ed707a1ffcc63a9c1e3602c6ae?s=96&d=mm&r=g\",\"contentUrl\":\"https:\/\/secure.gravatar.com\/avatar\/f162de4b4b3467f7a47a7086a701771be7e105ed707a1ffcc63a9c1e3602c6ae?s=96&d=mm&r=g\",\"caption\":\"gvanblokland@equestrian.ca\"},\"url\":\"https:\/\/equestrian.ca\/fr\/author\/gvanbloklandequestrian-ca\/\"}]}<\/script>\n<!-- \/ Yoast SEO plugin. -->","yoast_head_json":{"title":"Assembl\u00e9e g\u00e9n\u00e9rale annuelle 2025 de CE - Equestrian Canada","robots":{"index":"index","follow":"follow","max-snippet":"max-snippet:-1","max-image-preview":"max-image-preview:large","max-video-preview":"max-video-preview:-1"},"canonical":"https:\/\/equestrian.ca\/fr\/non-classifiee\/ec-2025-annual-general-meeting\/","og_locale":"fr_CA","og_type":"article","og_title":"Assembl\u00e9e g\u00e9n\u00e9rale annuelle 2025 de CE - Equestrian Canada","og_url":"https:\/\/equestrian.ca\/fr\/non-classifiee\/ec-2025-annual-general-meeting\/","og_site_name":"Equestrian Canada","article_published_time":"2025-05-07T13:24:42+00:00","article_modified_time":"2025-05-08T15:47:24+00:00","og_image":[{"width":1440,"height":950,"url":"https:\/\/equestrian.ca\/wp-content\/uploads\/EC-AGM-2025-ii.jpg","type":"image\/jpeg"}],"author":"gvanblokland@equestrian.ca","twitter_card":"summary_large_image","twitter_misc":{"\u00c9crit par":"gvanblokland@equestrian.ca","Estimation du temps de lecture":"1 minute"},"schema":{"@context":"https:\/\/schema.org","@graph":[{"@type":"Article","@id":"https:\/\/equestrian.ca\/fr\/non-classifiee\/ec-2025-annual-general-meeting\/#article","isPartOf":{"@id":"https:\/\/equestrian.ca\/fr\/non-classifiee\/ec-2025-annual-general-meeting\/"},"author":{"name":"gvanblokland@equestrian.ca","@id":"https:\/\/equestrian.ca\/fr\/#\/schema\/person\/5c2d7df3876311902835dd216fc10b2d"},"headline":"Assembl\u00e9e g\u00e9n\u00e9rale annuelle 2025 de CE","datePublished":"2025-05-07T13:24:42+00:00","dateModified":"2025-05-08T15:47:24+00:00","mainEntityOfPage":{"@id":"https:\/\/equestrian.ca\/fr\/non-classifiee\/ec-2025-annual-general-meeting\/"},"wordCount":8,"commentCount":0,"image":{"@id":"https:\/\/equestrian.ca\/fr\/non-classifiee\/ec-2025-annual-general-meeting\/#primaryimage"},"thumbnailUrl":"https:\/\/equestrian.ca\/wp-content\/uploads\/EC-AGM-2025-ii.jpg","articleSection":["Canada \u00e9questre","Communiqu\u00e9s","Non classifi\u00e9(e)"],"inLanguage":"fr-CA","potentialAction":[{"@type":"CommentAction","name":"Comment","target":["https:\/\/equestrian.ca\/fr\/non-classifiee\/ec-2025-annual-general-meeting\/#respond"]}]},{"@type":"WebPage","@id":"https:\/\/equestrian.ca\/fr\/non-classifiee\/ec-2025-annual-general-meeting\/","url":"https:\/\/equestrian.ca\/fr\/non-classifiee\/ec-2025-annual-general-meeting\/","name":"Assembl\u00e9e g\u00e9n\u00e9rale annuelle 2025 de CE - Equestrian Canada","isPartOf":{"@id":"https:\/\/equestrian.ca\/fr\/#website"},"primaryImageOfPage":{"@id":"https:\/\/equestrian.ca\/fr\/non-classifiee\/ec-2025-annual-general-meeting\/#primaryimage"},"image":{"@id":"https:\/\/equestrian.ca\/fr\/non-classifiee\/ec-2025-annual-general-meeting\/#primaryimage"},"thumbnailUrl":"https:\/\/equestrian.ca\/wp-content\/uploads\/EC-AGM-2025-ii.jpg","datePublished":"2025-05-07T13:24:42+00:00","dateModified":"2025-05-08T15:47:24+00:00","author":{"@id":"https:\/\/equestrian.ca\/fr\/#\/schema\/person\/5c2d7df3876311902835dd216fc10b2d"},"breadcrumb":{"@id":"https:\/\/equestrian.ca\/fr\/non-classifiee\/ec-2025-annual-general-meeting\/#breadcrumb"},"inLanguage":"fr-CA","potentialAction":[{"@type":"ReadAction","target":["https:\/\/equestrian.ca\/fr\/non-classifiee\/ec-2025-annual-general-meeting\/"]}]},{"@type":"ImageObject","inLanguage":"fr-CA","@id":"https:\/\/equestrian.ca\/fr\/non-classifiee\/ec-2025-annual-general-meeting\/#primaryimage","url":"https:\/\/equestrian.ca\/wp-content\/uploads\/EC-AGM-2025-ii.jpg","contentUrl":"https:\/\/equestrian.ca\/wp-content\/uploads\/EC-AGM-2025-ii.jpg","width":1440,"height":950},{"@type":"BreadcrumbList","@id":"https:\/\/equestrian.ca\/fr\/non-classifiee\/ec-2025-annual-general-meeting\/#breadcrumb","itemListElement":[{"@type":"ListItem","position":1,"name":"Home","item":"https:\/\/equestrian.ca\/fr\/"},{"@type":"ListItem","position":2,"name":"Assembl\u00e9e g\u00e9n\u00e9rale annuelle 2025 de CE"}]},{"@type":"WebSite","@id":"https:\/\/equestrian.ca\/fr\/#website","url":"https:\/\/equestrian.ca\/fr\/","name":"Equestrian Canada","description":"For the love of horses and sport for life.","potentialAction":[{"@type":"SearchAction","target":{"@type":"EntryPoint","urlTemplate":"https:\/\/equestrian.ca\/fr\/?s={search_term_string}"},"query-input":{"@type":"PropertyValueSpecification","valueRequired":true,"valueName":"search_term_string"}}],"inLanguage":"fr-CA"},{"@type":"Person","@id":"https:\/\/equestrian.ca\/fr\/#\/schema\/person\/5c2d7df3876311902835dd216fc10b2d","name":"gvanblokland@equestrian.ca","image":{"@type":"ImageObject","inLanguage":"fr-CA","@id":"https:\/\/equestrian.ca\/fr\/#\/schema\/person\/image\/","url":"https:\/\/secure.gravatar.com\/avatar\/f162de4b4b3467f7a47a7086a701771be7e105ed707a1ffcc63a9c1e3602c6ae?s=96&d=mm&r=g","contentUrl":"https:\/\/secure.gravatar.com\/avatar\/f162de4b4b3467f7a47a7086a701771be7e105ed707a1ffcc63a9c1e3602c6ae?s=96&d=mm&r=g","caption":"gvanblokland@equestrian.ca"},"url":"https:\/\/equestrian.ca\/fr\/author\/gvanbloklandequestrian-ca\/"}]}},"_links":{"self":[{"href":"https:\/\/equestrian.ca\/fr\/wp-json\/wp\/v2\/posts\/33731","targetHints":{"allow":["GET"]}}],"collection":[{"href":"https:\/\/equestrian.ca\/fr\/wp-json\/wp\/v2\/posts"}],"about":[{"href":"https:\/\/equestrian.ca\/fr\/wp-json\/wp\/v2\/types\/post"}],"author":[{"embeddable":true,"href":"https:\/\/equestrian.ca\/fr\/wp-json\/wp\/v2\/users\/13"}],"replies":[{"embeddable":true,"href":"https:\/\/equestrian.ca\/fr\/wp-json\/wp\/v2\/comments?post=33731"}],"version-history":[{"count":6,"href":"https:\/\/equestrian.ca\/fr\/wp-json\/wp\/v2\/posts\/33731\/revisions"}],"predecessor-version":[{"id":33772,"href":"https:\/\/equestrian.ca\/fr\/wp-json\/wp\/v2\/posts\/33731\/revisions\/33772"}],"wp:featuredmedia":[{"embeddable":true,"href":"https:\/\/equestrian.ca\/fr\/wp-json\/wp\/v2\/media\/33155"}],"wp:attachment":[{"href":"https:\/\/equestrian.ca\/fr\/wp-json\/wp\/v2\/media?parent=33731"}],"wp:term":[{"taxonomy":"category","embeddable":true,"href":"https:\/\/equestrian.ca\/fr\/wp-json\/wp\/v2\/categories?post=33731"},{"taxonomy":"post_tag","embeddable":true,"href":"https:\/\/equestrian.ca\/fr\/wp-json\/wp\/v2\/tags?post=33731"}],"curies":[{"name":"wp","href":"https:\/\/api.w.org\/{rel}","templated":true}]}}