{"id":33582,"date":"2025-04-30T13:09:24","date_gmt":"2025-04-30T13:09:24","guid":{"rendered":"https:\/\/equestrian.ca\/non-classifiee\/2024-national-breed-sport-year-end-award-recipients-announced\/"},"modified":"2025-04-30T13:18:09","modified_gmt":"2025-04-30T13:18:09","slug":"2024-national-breed-sport-year-end-award-recipients-announced","status":"publish","type":"post","link":"https:\/\/equestrian.ca\/fr\/non-classifiee\/2024-national-breed-sport-year-end-award-recipients-announced\/","title":{"rendered":"D\u00e9voilement des laur\u00e9at(e)s des Prix nationaux de sports de races de 2024"},"content":{"rendered":"\n\t<section id=\"\" data-is-jumplink=\"false\" data-title=\"\" class=\"ra-block block-column-text anchor-link-section \">\n\t\t\t\t<div class='row'>\n\t\t\t\t\t\t\t\t\t\t\t\t\t\t<div class='col-12 col-md-12 content-column wysiwyg-content'>\n\t\t\t\t\t\t<p><strong>Ottawa (Ontario), 29 avril 2025<\/strong> \u2013 Le comit\u00e9 national des sports de races de Canada \u00c9questre (CE) vous pr\u00e9sente avec joie les laur\u00e9ates et les laur\u00e9ats des Prix de sports de race de l\u2019ann\u00e9e 2024. Ces r\u00e9compenses soulignent les personnes et les \u00e9quid\u00e9s qui ont investi temps et efforts pour atteindre l\u2019excellence en sports de race et stimuler la croissance de leurs disciplines au Canada. Elles et ils ont \u00e9t\u00e9 s\u00e9lectionn\u00e9s selon les r\u00e9sultats obtenus et leur niveau de performance exceptionnel. Ces prix significatifs mettent l\u2019accent sur les performances r\u00e9alis\u00e9es au cours d\u2019une p\u00e9riode d\u2019un an.<\/p>\n<p>Voici les laur\u00e9ates et les laur\u00e9ats de 2024 :<\/p>\n\t\t\t\t\t<\/div>\n\t\t\t\t\t\t\t\t\t\t\t<\/div>\n\t<\/section>\n\n\n\n<figure class=\"wp-block-image size-large\"><img loading=\"lazy\" decoding=\"async\" width=\"1024\" height=\"683\" src=\"https:\/\/equestrian.ca\/wp-content\/uploads\/\/TANASM_1-1024x683.jpg\" alt=\"\" class=\"wp-image-33577\" srcset=\"https:\/\/equestrian.ca\/wp-content\/uploads\/TANASM_1-1024x683.jpg 1024w, https:\/\/equestrian.ca\/wp-content\/uploads\/TANASM_1-300x200.jpg 300w, https:\/\/equestrian.ca\/wp-content\/uploads\/TANASM_1-768x512.jpg 768w, https:\/\/equestrian.ca\/wp-content\/uploads\/TANASM_1-640x427.jpg 640w, https:\/\/equestrian.ca\/wp-content\/uploads\/TANASM_1-1200x800.jpg 1200w, https:\/\/equestrian.ca\/wp-content\/uploads\/TANASM_1-1440x960.jpg 1440w, https:\/\/equestrian.ca\/wp-content\/uploads\/TANASM_1.jpg 1500w\" sizes=\"auto, (max-width: 639px) 98vw, (max-width: 1199px) 64vw, 770px\" \/><\/figure>\n\n\n\n\t<section id=\"\" data-is-jumplink=\"false\" data-title=\"\" class=\"ra-block block-column-text anchor-link-section \">\n\t\t\t\t<div class='row'>\n\t\t\t\t\t\t\t\t\t\t\t\t\t\t<div class='col-12 col-md-12 content-column wysiwyg-content'>\n\t\t\t\t\t\t<h2>ATHL\u00c8TE DE SADDLE SEAT DE L\u2019ANN\u00c9E<\/h2>\n<h3>Tana Smith, Alb.<\/h3>\n<p>Le prix de l\u2019Athl\u00e8te de Saddle Seat de l\u2019ann\u00e9e 2024 a \u00e9t\u00e9 remis \u00e0 Tana Smith : \u00ab Je me sens honor\u00e9e et si reconnaissante de recevoir un prix aussi prestigieux. C\u2019est gr\u00e2ce \u00e0 mon entra\u00eeneure Brittany Rogers que nous avons pu atteindre cet objectif, que j\u2019esp\u00e9rais atteindre au pas-trot. Je tiens \u00e0 remercier Ayden Heemeryk de m\u2019avoir donn\u00e9 la chance de monter un cheval d\u2019\u00e9quitation aussi incroyable qu\u2019Ubetcha (\u00e9levage de Raylene McWade). J\u2019adore la division de Saddle Seat, car elle englobe la gr\u00e2ce, l\u2019\u00e9quitation et les habilet\u00e9s \u00e9questres en une seule \u00e9preuve. \u00bb Photo de Country Wild Photography.<\/p>\n\t\t\t\t\t<\/div>\n\t\t\t\t\t\t\t\t\t\t\t<\/div>\n\t<\/section>\n\n\n\n<figure class=\"wp-block-image size-full is-resized\"><img loading=\"lazy\" decoding=\"async\" width=\"748\" height=\"945\" src=\"https:\/\/equestrian.ca\/wp-content\/uploads\/THEFLA_1.jpg\" alt=\"\" class=\"wp-image-33578\" style=\"width:840px;height:auto\" srcset=\"https:\/\/equestrian.ca\/wp-content\/uploads\/THEFLA_1.jpg 748w, https:\/\/equestrian.ca\/wp-content\/uploads\/THEFLA_1-237x300.jpg 237w, https:\/\/equestrian.ca\/wp-content\/uploads\/THEFLA_1-640x809.jpg 640w\" sizes=\"auto, (max-width: 639px) 98vw, (max-width: 1199px) 64vw, 748px\" \/><\/figure>\n\n\n\n\t<section id=\"\" data-is-jumplink=\"false\" data-title=\"\" class=\"ra-block block-column-text anchor-link-section \">\n\t\t\t\t<div class='row'>\n\t\t\t\t\t\t\t\t\t\t\t\t\t\t<div class='col-12 col-md-12 content-column wysiwyg-content'>\n\t\t\t\t\t\t<h2>CHEVAL AMERICAN SADDLEBRED DE L\u2019ANN\u00c9E<\/h2>\n<h3>THE FLASHPOINT, Rider Milaya Stone, Alb.<\/h3>\n<p>Le prix du Cheval American Saddlebred de l\u2019ann\u00e9e 2024 a \u00e9t\u00e9 remis \u00e0 The Flashpoint (\u00e9levage de Pamela et Shelah Heiman) par l\u2019American Saddlebred Horse Association of Canada, en collaboration avec l\u2019ASHA de l\u2019Alberta. \u00ab The Flashpoint (Nemo) d\u00e9tient un grand talent et d\u00e9gage un \u201cmontre-moi ce que tu peux faire et je ferai de m\u00eame\u201d. Il est pr\u00eat \u00e0 donner son 110 % chaque fois qu\u2019il met les sabots dans l\u2019ar\u00e8ne. Ce prix est devenu r\u00e9alit\u00e9 gr\u00e2ce \u00e0 toutes les personnes qui nous ont appuy\u00e9es jusqu\u2019ici. Je pense notamment \u00e0 nos familles d\u2019\u00e9curie de la Rogers Riding Academy, \u00e0 mon entra\u00eeneure Brittany Rogers et tout sp\u00e9cialement, \u00e0 mes parents. Elles et ils ont \u00e9t\u00e9 nos supporters et nos mentors tout au long de notre \u00e9volution. Je suis tr\u00e8s reconnaissante de recevoir ce prix avec mon co\u00e9quipier The Flashpoint! \u00bb Photo de Sheryl Stone.<\/p>\n<p>&nbsp;<\/p>\n\t\t\t\t\t<\/div>\n\t\t\t\t\t\t\t\t\t\t\t<\/div>\n\t<\/section>\n\n\n\n<figure class=\"wp-block-image size-full\"><img loading=\"lazy\" decoding=\"async\" width=\"542\" height=\"814\" src=\"https:\/\/equestrian.ca\/wp-content\/uploads\/Is-this-Studebaker.jpg\" alt=\"\" class=\"wp-image-33572\" srcset=\"https:\/\/equestrian.ca\/wp-content\/uploads\/Is-this-Studebaker.jpg 542w, https:\/\/equestrian.ca\/wp-content\/uploads\/Is-this-Studebaker-200x300.jpg 200w\" sizes=\"auto, (max-width: 639px) 98vw, (max-width: 1199px) 64vw, 542px\" \/><\/figure>\n\n\n\n\t<section id=\"\" data-is-jumplink=\"false\" data-title=\"\" class=\"ra-block block-column-text anchor-link-section \">\n\t\t\t\t<div class='row'>\n\t\t\t\t\t\t\t\t\t\t\t\t\t\t<div class='col-12 col-md-12 content-column wysiwyg-content'>\n\t\t\t\t\t\t<h2>CHEVAL DEMI-SANG ARABE DE L\u2019ANN\u00c9E<\/h2>\n<h3>WT STUDEBAKER, propri\u00e9t\u00e9 de Colleen S. Kramer, C.-B.<\/h3>\n<p>Le prix du Cheval demi-sang arabe de l\u2019ann\u00e9e a \u00e9t\u00e9 remis \u00e0 WT Studebaker (\u00e9levage de Sandra Nielsen de Wild Timber Farm) par le Canadian Partbred Arabian Register (CPAR). WT Studebaker est un hongre de huit ans crois\u00e9 arabe et westphalien. Il participe \u00e0 des \u00e9preuves en main et en selle pour chevaux de sport et \u00e0 des concours de dressage avec sa propri\u00e9taire Colleen Kramer, son entra\u00eeneur Todd Ehret et Carson Ehret. Durant la saison 2024, il a cumul\u00e9 sept championnats nationaux, trois titres de vice-champion national et neuf classements en championnat r\u00e9gional. Photo de Barbara Gardner, National Horseman.<\/p>\n\t\t\t\t\t<\/div>\n\t\t\t\t\t\t\t\t\t\t\t<\/div>\n\t<\/section>\n\n\n\n<figure class=\"wp-block-image size-full\"><img loading=\"lazy\" decoding=\"async\" width=\"811\" height=\"596\" src=\"https:\/\/equestrian.ca\/wp-content\/uploads\/ARABIA_1.jpg\" alt=\"\" class=\"wp-image-33570\" srcset=\"https:\/\/equestrian.ca\/wp-content\/uploads\/ARABIA_1.jpg 811w, https:\/\/equestrian.ca\/wp-content\/uploads\/ARABIA_1-300x220.jpg 300w, https:\/\/equestrian.ca\/wp-content\/uploads\/ARABIA_1-768x564.jpg 768w, https:\/\/equestrian.ca\/wp-content\/uploads\/ARABIA_1-640x470.jpg 640w\" sizes=\"auto, (max-width: 639px) 98vw, (max-width: 1199px) 64vw, 770px\" \/><\/figure>\n\n\n\n\t<section id=\"\" data-is-jumplink=\"false\" data-title=\"\" class=\"ra-block block-column-text anchor-link-section \">\n\t\t\t\t<div class='row'>\n\t\t\t\t\t\t\t\t\t\t\t\t\t\t<div class='col-12 col-md-12 content-column wysiwyg-content'>\n\t\t\t\t\t\t<h2>CHEVAL PUR-SANG ARABE DE L\u2019ANN\u00c9E<\/h2>\n<h3>ROYAL HAMILTON, propri\u00e9t\u00e9 de Lorraine Prowse, Alb.<\/h3>\n<p>Le prix du Cheval pur-sang arabe de l\u2019ann\u00e9e 2024 a \u00e9t\u00e9 remis \u00e0 Royal Hamilton par le Canadian Arabian Horse Registry (CAHR). \u00ab\u2009Royal Hamilton (Hamm) est un hongre pur-sang arabe de six ans \u00e9lev\u00e9 par Cindy MacGowan et Mark Davis de Royal Arabians (Arizona). Hamm s\u2019est r\u00e9v\u00e9l\u00e9 \u00eatre un cheval de concours exceptionnel en remportant de nombreux championnats tout au long de la saison 2024, et ce, dans plusieurs divisions. Il a notamment cumul\u00e9 des victoires dans des \u00e9preuves en main et en selle pour chevaux de sport, dans des \u00e9preuves de pr\u00e9sentation au licou et en \u00e9preuves de performance au licou. Il est un cheval bien sp\u00e9cial qui sait reconna\u00eetre les moments o\u00f9 il doit se mettre \u00e0 l\u2019\u0153uvre et o\u00f9 il peut l\u00e2cher son fort temp\u00e9rament. Il est donc courant de le voir \u00e0 un moment l\u2019\u0153il vif, la queue bien haute dans l\u2019ar\u00e8ne de concours, puis tranquille et pos\u00e9, avec des enfants qui le caressent et lui donnent des friandises. Il poss\u00e8de toutes les grandes qualit\u00e9s d\u2019un cheval arabe. C\u2019est un honneur de recevoir ce prix pour ce hongre bien sp\u00e9cial.\u2009\u00bb Photo d\u2019Avalon Photography LLC.<\/p>\n\t\t\t\t\t<\/div>\n\t\t\t\t\t\t\t\t\t\t\t<\/div>\n\t<\/section>\n\n\n\n<figure class=\"wp-block-image size-large\"><img loading=\"lazy\" decoding=\"async\" width=\"1024\" height=\"819\" src=\"https:\/\/equestrian.ca\/wp-content\/uploads\/\/Morgan-HOTY-IGF-BYZSOLINI-Hailey-Steffensen-1024x819.jpg\" alt=\"\" class=\"wp-image-33574\" srcset=\"https:\/\/equestrian.ca\/wp-content\/uploads\/Morgan-HOTY-IGF-BYZSOLINI-Hailey-Steffensen-1024x819.jpg 1024w, https:\/\/equestrian.ca\/wp-content\/uploads\/Morgan-HOTY-IGF-BYZSOLINI-Hailey-Steffensen-300x240.jpg 300w, https:\/\/equestrian.ca\/wp-content\/uploads\/Morgan-HOTY-IGF-BYZSOLINI-Hailey-Steffensen-768x614.jpg 768w, https:\/\/equestrian.ca\/wp-content\/uploads\/Morgan-HOTY-IGF-BYZSOLINI-Hailey-Steffensen-640x512.jpg 640w, https:\/\/equestrian.ca\/wp-content\/uploads\/Morgan-HOTY-IGF-BYZSOLINI-Hailey-Steffensen-1200x960.jpg 1200w, https:\/\/equestrian.ca\/wp-content\/uploads\/Morgan-HOTY-IGF-BYZSOLINI-Hailey-Steffensen-1440x1152.jpg 1440w, https:\/\/equestrian.ca\/wp-content\/uploads\/Morgan-HOTY-IGF-BYZSOLINI-Hailey-Steffensen-1350x1080.jpg 1350w, https:\/\/equestrian.ca\/wp-content\/uploads\/Morgan-HOTY-IGF-BYZSOLINI-Hailey-Steffensen.jpg 1500w\" sizes=\"auto, (max-width: 639px) 98vw, (max-width: 1199px) 64vw, 770px\" \/><\/figure>\n\n\n\n\t<section id=\"\" data-is-jumplink=\"false\" data-title=\"\" class=\"ra-block block-column-text anchor-link-section \">\n\t\t\t\t<div class='row'>\n\t\t\t\t\t\t\t\t\t\t\t\t\t\t<div class='col-12 col-md-12 content-column wysiwyg-content'>\n\t\t\t\t\t\t<h2>CHEVAL MORGAN DE L\u2019ANN\u00c9E<\/h2>\n<h3>IGF BYZSOLINI, propri\u00e9t\u00e9 de Hailey Steffensen, Alb.<\/h3>\n<p>Le prix du Cheval Morgan de l\u2019ann\u00e9e 2024 a \u00e9t\u00e9 remis \u00e0 IGF Byzsolini (\u00e9levage de Russel et Judith Roberts) par la Canadian Morgan Horse Association (CMHA). \u00ab\u2009Je suis tr\u00e8s heureuse et choy\u00e9e de recevoir le prix du Cheval Morgan de l\u2019ann\u00e9e 2024 de Canada \u00c9questre pour mon cheval Byzy. Il est un cheval incroyable et extr\u00eamement talentueux. Je suis tellement fi\u00e8re de lui. 2024 \u00e9tait ma toute premi\u00e8re saison de concours avec lui et nous avons accompli de belles choses ensemble. Il m\u2019a aid\u00e9 \u00e0 prendre confiance en moi et en mes habilet\u00e9s. Il adore concourir et fait toujours de son mieux dans l\u2019ar\u00e8ne. Et il a fi\u00e8re allure en le faisant! Je suis tr\u00e8s reconnaissante envers mon entra\u00eeneure Brittany Rogers, qui l\u2019a trouv\u00e9 pour moi. J\u2019ai bien h\u00e2te de voir ce que la saison 2025 nous r\u00e9serve. Merci!\u2009\u00bb, a d\u00e9clar\u00e9 Hailey Steffensen, 15 ans. Photo de Howard Schatzberg.<\/p>\n\t\t\t\t\t<\/div>\n\t\t\t\t\t\t\t\t\t\t\t<\/div>\n\t<\/section>\n","protected":false},"excerpt":{"rendered":"","protected":false},"author":13,"featured_media":33579,"comment_status":"open","ping_status":"open","sticky":false,"template":"","format":"standard","meta":{"_acf_changed":false,"footnotes":""},"categories":[234,32,235],"tags":[],"class_list":["post-33582","post","type-post","status-publish","format-standard","has-post-thumbnail","hentry","category-communiques","category-non-classifiee","category-prix"],"acf":[],"yoast_head":"<!-- This site is optimized with the Yoast SEO plugin v27.0 - https:\/\/yoast.com\/product\/yoast-seo-wordpress\/ -->\n<title>D\u00e9voilement des laur\u00e9at(e)s des Prix nationaux de sports de races de 2024 - Equestrian Canada<\/title>\n<meta name=\"robots\" content=\"index, follow, max-snippet:-1, max-image-preview:large, max-video-preview:-1\" \/>\n<link rel=\"canonical\" href=\"https:\/\/equestrian.ca\/fr\/non-classifiee\/2024-national-breed-sport-year-end-award-recipients-announced\/\" \/>\n<meta property=\"og:locale\" content=\"fr_CA\" \/>\n<meta property=\"og:type\" content=\"article\" \/>\n<meta property=\"og:title\" content=\"D\u00e9voilement des laur\u00e9at(e)s des Prix nationaux de sports de races de 2024 - Equestrian Canada\" \/>\n<meta property=\"og:url\" content=\"https:\/\/equestrian.ca\/fr\/non-classifiee\/2024-national-breed-sport-year-end-award-recipients-announced\/\" \/>\n<meta property=\"og:site_name\" content=\"Equestrian Canada\" \/>\n<meta property=\"article:published_time\" content=\"2025-04-30T13:09:24+00:00\" \/>\n<meta property=\"article:modified_time\" content=\"2025-04-30T13:18:09+00:00\" \/>\n<meta property=\"og:image\" content=\"https:\/\/equestrian.ca\/wp-content\/uploads\/THEFLA_1.jpg\" \/>\n\t<meta property=\"og:image:width\" content=\"748\" \/>\n\t<meta property=\"og:image:height\" content=\"945\" \/>\n\t<meta property=\"og:image:type\" content=\"image\/jpeg\" \/>\n<meta name=\"author\" content=\"gvanblokland@equestrian.ca\" \/>\n<meta name=\"twitter:card\" content=\"summary_large_image\" \/>\n<meta name=\"twitter:label1\" content=\"\u00c9crit par\" \/>\n\t<meta name=\"twitter:data1\" content=\"gvanblokland@equestrian.ca\" \/>\n\t<meta name=\"twitter:label2\" content=\"Estimation du temps de lecture\" \/>\n\t<meta name=\"twitter:data2\" content=\"2 minutes\" \/>\n<script type=\"application\/ld+json\" class=\"yoast-schema-graph\">{\"@context\":\"https:\/\/schema.org\",\"@graph\":[{\"@type\":\"Article\",\"@id\":\"https:\/\/equestrian.ca\/fr\/non-classifiee\/2024-national-breed-sport-year-end-award-recipients-announced\/#article\",\"isPartOf\":{\"@id\":\"https:\/\/equestrian.ca\/fr\/non-classifiee\/2024-national-breed-sport-year-end-award-recipients-announced\/\"},\"author\":{\"name\":\"gvanblokland@equestrian.ca\",\"@id\":\"https:\/\/equestrian.ca\/fr\/#\/schema\/person\/5c2d7df3876311902835dd216fc10b2d\"},\"headline\":\"D\u00e9voilement des laur\u00e9at(e)s des Prix nationaux de sports de races de 2024\",\"datePublished\":\"2025-04-30T13:09:24+00:00\",\"dateModified\":\"2025-04-30T13:18:09+00:00\",\"mainEntityOfPage\":{\"@id\":\"https:\/\/equestrian.ca\/fr\/non-classifiee\/2024-national-breed-sport-year-end-award-recipients-announced\/\"},\"wordCount\":15,\"commentCount\":0,\"image\":{\"@id\":\"https:\/\/equestrian.ca\/fr\/non-classifiee\/2024-national-breed-sport-year-end-award-recipients-announced\/#primaryimage\"},\"thumbnailUrl\":\"https:\/\/equestrian.ca\/wp-content\/uploads\/THEFLA_1.jpg\",\"articleSection\":[\"Communiqu\u00e9s\",\"Non classifi\u00e9(e)\",\"Prix\"],\"inLanguage\":\"fr-CA\",\"potentialAction\":[{\"@type\":\"CommentAction\",\"name\":\"Comment\",\"target\":[\"https:\/\/equestrian.ca\/fr\/non-classifiee\/2024-national-breed-sport-year-end-award-recipients-announced\/#respond\"]}]},{\"@type\":\"WebPage\",\"@id\":\"https:\/\/equestrian.ca\/fr\/non-classifiee\/2024-national-breed-sport-year-end-award-recipients-announced\/\",\"url\":\"https:\/\/equestrian.ca\/fr\/non-classifiee\/2024-national-breed-sport-year-end-award-recipients-announced\/\",\"name\":\"D\u00e9voilement des laur\u00e9at(e)s des Prix nationaux de sports de races de 2024 - Equestrian Canada\",\"isPartOf\":{\"@id\":\"https:\/\/equestrian.ca\/fr\/#website\"},\"primaryImageOfPage\":{\"@id\":\"https:\/\/equestrian.ca\/fr\/non-classifiee\/2024-national-breed-sport-year-end-award-recipients-announced\/#primaryimage\"},\"image\":{\"@id\":\"https:\/\/equestrian.ca\/fr\/non-classifiee\/2024-national-breed-sport-year-end-award-recipients-announced\/#primaryimage\"},\"thumbnailUrl\":\"https:\/\/equestrian.ca\/wp-content\/uploads\/THEFLA_1.jpg\",\"datePublished\":\"2025-04-30T13:09:24+00:00\",\"dateModified\":\"2025-04-30T13:18:09+00:00\",\"author\":{\"@id\":\"https:\/\/equestrian.ca\/fr\/#\/schema\/person\/5c2d7df3876311902835dd216fc10b2d\"},\"breadcrumb\":{\"@id\":\"https:\/\/equestrian.ca\/fr\/non-classifiee\/2024-national-breed-sport-year-end-award-recipients-announced\/#breadcrumb\"},\"inLanguage\":\"fr-CA\",\"potentialAction\":[{\"@type\":\"ReadAction\",\"target\":[\"https:\/\/equestrian.ca\/fr\/non-classifiee\/2024-national-breed-sport-year-end-award-recipients-announced\/\"]}]},{\"@type\":\"ImageObject\",\"inLanguage\":\"fr-CA\",\"@id\":\"https:\/\/equestrian.ca\/fr\/non-classifiee\/2024-national-breed-sport-year-end-award-recipients-announced\/#primaryimage\",\"url\":\"https:\/\/equestrian.ca\/wp-content\/uploads\/THEFLA_1.jpg\",\"contentUrl\":\"https:\/\/equestrian.ca\/wp-content\/uploads\/THEFLA_1.jpg\",\"width\":748,\"height\":945},{\"@type\":\"BreadcrumbList\",\"@id\":\"https:\/\/equestrian.ca\/fr\/non-classifiee\/2024-national-breed-sport-year-end-award-recipients-announced\/#breadcrumb\",\"itemListElement\":[{\"@type\":\"ListItem\",\"position\":1,\"name\":\"Home\",\"item\":\"https:\/\/equestrian.ca\/fr\/\"},{\"@type\":\"ListItem\",\"position\":2,\"name\":\"D\u00e9voilement des laur\u00e9at(e)s des Prix nationaux de sports de races de 2024\"}]},{\"@type\":\"WebSite\",\"@id\":\"https:\/\/equestrian.ca\/fr\/#website\",\"url\":\"https:\/\/equestrian.ca\/fr\/\",\"name\":\"Equestrian Canada\",\"description\":\"For the love of horses and sport for life.\",\"potentialAction\":[{\"@type\":\"SearchAction\",\"target\":{\"@type\":\"EntryPoint\",\"urlTemplate\":\"https:\/\/equestrian.ca\/fr\/?s={search_term_string}\"},\"query-input\":{\"@type\":\"PropertyValueSpecification\",\"valueRequired\":true,\"valueName\":\"search_term_string\"}}],\"inLanguage\":\"fr-CA\"},{\"@type\":\"Person\",\"@id\":\"https:\/\/equestrian.ca\/fr\/#\/schema\/person\/5c2d7df3876311902835dd216fc10b2d\",\"name\":\"gvanblokland@equestrian.ca\",\"image\":{\"@type\":\"ImageObject\",\"inLanguage\":\"fr-CA\",\"@id\":\"https:\/\/equestrian.ca\/fr\/#\/schema\/person\/image\/\",\"url\":\"https:\/\/secure.gravatar.com\/avatar\/f162de4b4b3467f7a47a7086a701771be7e105ed707a1ffcc63a9c1e3602c6ae?s=96&d=mm&r=g\",\"contentUrl\":\"https:\/\/secure.gravatar.com\/avatar\/f162de4b4b3467f7a47a7086a701771be7e105ed707a1ffcc63a9c1e3602c6ae?s=96&d=mm&r=g\",\"caption\":\"gvanblokland@equestrian.ca\"},\"url\":\"https:\/\/equestrian.ca\/fr\/author\/gvanbloklandequestrian-ca\/\"}]}<\/script>\n<!-- \/ Yoast SEO plugin. -->","yoast_head_json":{"title":"D\u00e9voilement des laur\u00e9at(e)s des Prix nationaux de sports de races de 2024 - Equestrian Canada","robots":{"index":"index","follow":"follow","max-snippet":"max-snippet:-1","max-image-preview":"max-image-preview:large","max-video-preview":"max-video-preview:-1"},"canonical":"https:\/\/equestrian.ca\/fr\/non-classifiee\/2024-national-breed-sport-year-end-award-recipients-announced\/","og_locale":"fr_CA","og_type":"article","og_title":"D\u00e9voilement des laur\u00e9at(e)s des Prix nationaux de sports de races de 2024 - Equestrian Canada","og_url":"https:\/\/equestrian.ca\/fr\/non-classifiee\/2024-national-breed-sport-year-end-award-recipients-announced\/","og_site_name":"Equestrian Canada","article_published_time":"2025-04-30T13:09:24+00:00","article_modified_time":"2025-04-30T13:18:09+00:00","og_image":[{"width":748,"height":945,"url":"https:\/\/equestrian.ca\/wp-content\/uploads\/THEFLA_1.jpg","type":"image\/jpeg"}],"author":"gvanblokland@equestrian.ca","twitter_card":"summary_large_image","twitter_misc":{"\u00c9crit par":"gvanblokland@equestrian.ca","Estimation du temps de lecture":"2 minutes"},"schema":{"@context":"https:\/\/schema.org","@graph":[{"@type":"Article","@id":"https:\/\/equestrian.ca\/fr\/non-classifiee\/2024-national-breed-sport-year-end-award-recipients-announced\/#article","isPartOf":{"@id":"https:\/\/equestrian.ca\/fr\/non-classifiee\/2024-national-breed-sport-year-end-award-recipients-announced\/"},"author":{"name":"gvanblokland@equestrian.ca","@id":"https:\/\/equestrian.ca\/fr\/#\/schema\/person\/5c2d7df3876311902835dd216fc10b2d"},"headline":"D\u00e9voilement des laur\u00e9at(e)s des Prix nationaux de sports de races de 2024","datePublished":"2025-04-30T13:09:24+00:00","dateModified":"2025-04-30T13:18:09+00:00","mainEntityOfPage":{"@id":"https:\/\/equestrian.ca\/fr\/non-classifiee\/2024-national-breed-sport-year-end-award-recipients-announced\/"},"wordCount":15,"commentCount":0,"image":{"@id":"https:\/\/equestrian.ca\/fr\/non-classifiee\/2024-national-breed-sport-year-end-award-recipients-announced\/#primaryimage"},"thumbnailUrl":"https:\/\/equestrian.ca\/wp-content\/uploads\/THEFLA_1.jpg","articleSection":["Communiqu\u00e9s","Non classifi\u00e9(e)","Prix"],"inLanguage":"fr-CA","potentialAction":[{"@type":"CommentAction","name":"Comment","target":["https:\/\/equestrian.ca\/fr\/non-classifiee\/2024-national-breed-sport-year-end-award-recipients-announced\/#respond"]}]},{"@type":"WebPage","@id":"https:\/\/equestrian.ca\/fr\/non-classifiee\/2024-national-breed-sport-year-end-award-recipients-announced\/","url":"https:\/\/equestrian.ca\/fr\/non-classifiee\/2024-national-breed-sport-year-end-award-recipients-announced\/","name":"D\u00e9voilement des laur\u00e9at(e)s des Prix nationaux de sports de races de 2024 - Equestrian Canada","isPartOf":{"@id":"https:\/\/equestrian.ca\/fr\/#website"},"primaryImageOfPage":{"@id":"https:\/\/equestrian.ca\/fr\/non-classifiee\/2024-national-breed-sport-year-end-award-recipients-announced\/#primaryimage"},"image":{"@id":"https:\/\/equestrian.ca\/fr\/non-classifiee\/2024-national-breed-sport-year-end-award-recipients-announced\/#primaryimage"},"thumbnailUrl":"https:\/\/equestrian.ca\/wp-content\/uploads\/THEFLA_1.jpg","datePublished":"2025-04-30T13:09:24+00:00","dateModified":"2025-04-30T13:18:09+00:00","author":{"@id":"https:\/\/equestrian.ca\/fr\/#\/schema\/person\/5c2d7df3876311902835dd216fc10b2d"},"breadcrumb":{"@id":"https:\/\/equestrian.ca\/fr\/non-classifiee\/2024-national-breed-sport-year-end-award-recipients-announced\/#breadcrumb"},"inLanguage":"fr-CA","potentialAction":[{"@type":"ReadAction","target":["https:\/\/equestrian.ca\/fr\/non-classifiee\/2024-national-breed-sport-year-end-award-recipients-announced\/"]}]},{"@type":"ImageObject","inLanguage":"fr-CA","@id":"https:\/\/equestrian.ca\/fr\/non-classifiee\/2024-national-breed-sport-year-end-award-recipients-announced\/#primaryimage","url":"https:\/\/equestrian.ca\/wp-content\/uploads\/THEFLA_1.jpg","contentUrl":"https:\/\/equestrian.ca\/wp-content\/uploads\/THEFLA_1.jpg","width":748,"height":945},{"@type":"BreadcrumbList","@id":"https:\/\/equestrian.ca\/fr\/non-classifiee\/2024-national-breed-sport-year-end-award-recipients-announced\/#breadcrumb","itemListElement":[{"@type":"ListItem","position":1,"name":"Home","item":"https:\/\/equestrian.ca\/fr\/"},{"@type":"ListItem","position":2,"name":"D\u00e9voilement des laur\u00e9at(e)s des Prix nationaux de sports de races de 2024"}]},{"@type":"WebSite","@id":"https:\/\/equestrian.ca\/fr\/#website","url":"https:\/\/equestrian.ca\/fr\/","name":"Equestrian Canada","description":"For the love of horses and sport for life.","potentialAction":[{"@type":"SearchAction","target":{"@type":"EntryPoint","urlTemplate":"https:\/\/equestrian.ca\/fr\/?s={search_term_string}"},"query-input":{"@type":"PropertyValueSpecification","valueRequired":true,"valueName":"search_term_string"}}],"inLanguage":"fr-CA"},{"@type":"Person","@id":"https:\/\/equestrian.ca\/fr\/#\/schema\/person\/5c2d7df3876311902835dd216fc10b2d","name":"gvanblokland@equestrian.ca","image":{"@type":"ImageObject","inLanguage":"fr-CA","@id":"https:\/\/equestrian.ca\/fr\/#\/schema\/person\/image\/","url":"https:\/\/secure.gravatar.com\/avatar\/f162de4b4b3467f7a47a7086a701771be7e105ed707a1ffcc63a9c1e3602c6ae?s=96&d=mm&r=g","contentUrl":"https:\/\/secure.gravatar.com\/avatar\/f162de4b4b3467f7a47a7086a701771be7e105ed707a1ffcc63a9c1e3602c6ae?s=96&d=mm&r=g","caption":"gvanblokland@equestrian.ca"},"url":"https:\/\/equestrian.ca\/fr\/author\/gvanbloklandequestrian-ca\/"}]}},"_links":{"self":[{"href":"https:\/\/equestrian.ca\/fr\/wp-json\/wp\/v2\/posts\/33582","targetHints":{"allow":["GET"]}}],"collection":[{"href":"https:\/\/equestrian.ca\/fr\/wp-json\/wp\/v2\/posts"}],"about":[{"href":"https:\/\/equestrian.ca\/fr\/wp-json\/wp\/v2\/types\/post"}],"author":[{"embeddable":true,"href":"https:\/\/equestrian.ca\/fr\/wp-json\/wp\/v2\/users\/13"}],"replies":[{"embeddable":true,"href":"https:\/\/equestrian.ca\/fr\/wp-json\/wp\/v2\/comments?post=33582"}],"version-history":[{"count":9,"href":"https:\/\/equestrian.ca\/fr\/wp-json\/wp\/v2\/posts\/33582\/revisions"}],"predecessor-version":[{"id":33595,"href":"https:\/\/equestrian.ca\/fr\/wp-json\/wp\/v2\/posts\/33582\/revisions\/33595"}],"wp:featuredmedia":[{"embeddable":true,"href":"https:\/\/equestrian.ca\/fr\/wp-json\/wp\/v2\/media\/33579"}],"wp:attachment":[{"href":"https:\/\/equestrian.ca\/fr\/wp-json\/wp\/v2\/media?parent=33582"}],"wp:term":[{"taxonomy":"category","embeddable":true,"href":"https:\/\/equestrian.ca\/fr\/wp-json\/wp\/v2\/categories?post=33582"},{"taxonomy":"post_tag","embeddable":true,"href":"https:\/\/equestrian.ca\/fr\/wp-json\/wp\/v2\/tags?post=33582"}],"curies":[{"name":"wp","href":"https:\/\/api.w.org\/{rel}","templated":true}]}}