{"id":33562,"date":"2025-04-25T18:28:57","date_gmt":"2025-04-25T18:28:57","guid":{"rendered":"https:\/\/equestrian.ca\/non-classifiee\/celebrating-jan-stephens-a-legacy-of-excellence-in-equestrian-stewardship\/"},"modified":"2025-04-25T18:33:25","modified_gmt":"2025-04-25T18:33:25","slug":"celebrating-jan-stephens-a-legacy-of-excellence-in-equestrian-stewardship","status":"publish","type":"post","link":"https:\/\/equestrian.ca\/fr\/non-classifiee\/celebrating-jan-stephens-a-legacy-of-excellence-in-equestrian-stewardship\/","title":{"rendered":"Jan Stephens : Hommage \u00e0 une commissaire \u00e9questre d\u2019excellence"},"content":{"rendered":"\n<p>C\u00e9l\u00e9bration du parcours exceptionnel de Jan Stephens, dont le d\u00e9vouement et l\u2019influence ont marqu\u00e9 les concours \u00e9questres provinciaux, nationaux et internationaux.<\/p>\n\n\n\n\t<section id=\"\" data-is-jumplink=\"false\" data-title=\"\" class=\"ra-block block-column-text anchor-link-section \">\n\t\t\t\t<div class='row'>\n\t\t\t\t\t\t\t\t\t\t\t\t\t\t<div class='col-12 col-md-12 content-column wysiwyg-content'>\n\t\t\t\t\t\t<p><strong>Ottawa (Ontario), 25 avril 2025<\/strong> \u2013 Janis \u00ab Jan \u00bb Stephens, de Springfield, au Manitoba, a officiellement annonc\u00e9 sa retraite en tant que commissaire de comp\u00e9titions \u00e9questres internationales et nationales apr\u00e8s 50 ann\u00e9es exceptionnelles au service de ce sport.<\/p>\n<p>Jan entame sa carri\u00e8re de commissaire vers la fin des ann\u00e9es 1970 aupr\u00e8s de Canada \u00c9questre et du Manitoba. En 2000, elle obtient le titre de commissaire de la F\u00e9d\u00e9ration \u00c9questre Internationale (FEI) pour le reining, le saut d\u2019obstacles et le concours complet. Huit ann\u00e9es plus tard, elle devient commissaire g\u00e9n\u00e9rale de la FEI pour ces trois disciplines, un r\u00f4le qu\u2019elle endosse fi\u00e8rement pour la feuille d\u2019\u00e9rable lors de nombreuses comp\u00e9titions internationales. Ce nouveau titre lui permet \u00e9galement de repr\u00e9senter le Canada aux r\u00e9unions des commissaires de la FEI et de contribuer \u00e0 la formation de la rel\u00e8ve de sa profession partout au pays. Elle r\u00e9dige notamment plusieurs articles et anime des stages pour la FEI, Canada \u00c9questre et le Manitoba Horse Council. Elle pr\u00e9side aussi le comit\u00e9 des commissaires de Canada \u00c9questre et devient une membre cl\u00e9 de leur comit\u00e9 sur la sant\u00e9 et le bien-\u00eatre des chevaux.<\/p>\n\t\t\t\t\t<\/div>\n\t\t\t\t\t\t\t\t\t\t\t<\/div>\n\t<\/section>\n\n\n\n<figure class=\"wp-block-image size-large\"><img loading=\"lazy\" decoding=\"async\" width=\"1024\" height=\"731\" src=\"https:\/\/equestrian.ca\/wp-content\/uploads\/\/insta_Jan-Pan-Am-Toronto-2015-1024x731.jpg\" alt=\"\" class=\"wp-image-33556\" srcset=\"https:\/\/equestrian.ca\/wp-content\/uploads\/insta_Jan-Pan-Am-Toronto-2015-1024x731.jpg 1024w, https:\/\/equestrian.ca\/wp-content\/uploads\/insta_Jan-Pan-Am-Toronto-2015-300x214.jpg 300w, https:\/\/equestrian.ca\/wp-content\/uploads\/insta_Jan-Pan-Am-Toronto-2015-768x549.jpg 768w, https:\/\/equestrian.ca\/wp-content\/uploads\/insta_Jan-Pan-Am-Toronto-2015-1536x1097.jpg 1536w, https:\/\/equestrian.ca\/wp-content\/uploads\/insta_Jan-Pan-Am-Toronto-2015-640x457.jpg 640w, https:\/\/equestrian.ca\/wp-content\/uploads\/insta_Jan-Pan-Am-Toronto-2015-1200x857.jpg 1200w, https:\/\/equestrian.ca\/wp-content\/uploads\/insta_Jan-Pan-Am-Toronto-2015-1920x1371.jpg 1920w, https:\/\/equestrian.ca\/wp-content\/uploads\/insta_Jan-Pan-Am-Toronto-2015-1440x1028.jpg 1440w, https:\/\/equestrian.ca\/wp-content\/uploads\/insta_Jan-Pan-Am-Toronto-2015-1512x1080.jpg 1512w, https:\/\/equestrian.ca\/wp-content\/uploads\/insta_Jan-Pan-Am-Toronto-2015.jpg 1942w\" sizes=\"auto, (max-width: 639px) 98vw, (max-width: 1199px) 64vw, 770px\" \/><\/figure>\n\n\n\n\t<section id=\"\" data-is-jumplink=\"false\" data-title=\"\" class=\"ra-block block-column-text anchor-link-section \">\n\t\t\t\t<div class='row'>\n\t\t\t\t\t\t\t\t\t\t\t\t\t\t<div class='col-12 col-md-12 content-column wysiwyg-content'>\n\t\t\t\t\t\t<p style=\"text-align: center;\"><em>Jan (au centre) avec l&rsquo;\u00e9quipe de commissaires des Jeux panam\u00e9ricains de Toronto 2015<\/em><\/p>\n<p>Au fil de ses exp\u00e9riences comme commissaire, Jan parvient \u00e0 se tailler une place parmi les meilleures de son m\u00e9tier. Des Jeux panam\u00e9ricains (1999 \u00e0 Winnipeg et 2012 au Mexique) aux Jeux \u00e9questres mondiaux (2010 \u00e0 Lexington et 2018 \u00e0 Tryon), en passant par les Jeux centram\u00e9ricains (2014 au Mexique) et les Jeux olympiques (2012 \u00e0 Londres), Jan voyage partout au Canada et dans le monde. Dans son pays natal, elle occupe ses fonctions dans de nombreuses Coupes des Nations, comme Spruce Meadows, le Royal, Thunderbird, Wellington, le WEC, Desert Horse Park, la Super League, le Defender Kentucky Three-Day Event et le MARS Maryland CCI.<\/p>\n<p>Jan re\u00e7oit d\u2019ailleurs un grand nombre de distinctions au cours de sa remarquable carri\u00e8re, dont les prestigieux prix de B\u00e9n\u00e9vole de l\u2019ann\u00e9e 2010 de Canada \u00c9questre et d\u2019Officielle de l\u2019ann\u00e9e 2014 de Saut d\u2019obstacles Canada. Elle est \u00e9galement honor\u00e9e comme l\u2019une des 50 personnes les plus influentes dans le sport \u00e9questre au Canada en 2020.<\/p>\n<p>\u00c0 propos de sa retraite, Jan d\u00e9clare : \u00ab J\u2019ai ador\u00e9 mon travail, les chevaux et les personnes formidables que j\u2019ai rencontr\u00e9es lors de chaque comp\u00e9tition. Mais surtout, je ch\u00e9ris mes coll\u00e8gues, ceux qui m\u2019ont appris, qui ont ri et pleur\u00e9 avec moi, et qui sont devenus des amis tr\u00e8s pr\u00e9cieux. \u00bb<\/p>\n\t\t\t\t\t<\/div>\n\t\t\t\t\t\t\t\t\t\t\t<\/div>\n\t<\/section>\n\n\n\n<figure class=\"wp-block-image size-full is-resized\"><img loading=\"lazy\" decoding=\"async\" width=\"581\" height=\"800\" src=\"https:\/\/equestrian.ca\/wp-content\/uploads\/edit_MD36859-jan-stephens.jpg\" alt=\"\" class=\"wp-image-33554\" style=\"width:840px;height:auto\" srcset=\"https:\/\/equestrian.ca\/wp-content\/uploads\/edit_MD36859-jan-stephens.jpg 581w, https:\/\/equestrian.ca\/wp-content\/uploads\/edit_MD36859-jan-stephens-218x300.jpg 218w\" sizes=\"auto, (max-width: 639px) 98vw, (max-width: 1199px) 64vw, 581px\" \/><\/figure>\n\n\n\n\t<section id=\"\" data-is-jumplink=\"false\" data-title=\"\" class=\"ra-block block-column-text anchor-link-section \">\n\t\t\t\t<div class='row'>\n\t\t\t\t\t\t\t\t\t\t\t\t\t\t<div class='col-12 col-md-12 content-column wysiwyg-content'>\n\t\t\t\t\t\t<p>Sa coll\u00e8gue Susan Adey lui exprime sa gratitude en d\u00e9clarant : \u00ab Je voudrais prendre un moment pour remercier Jan Stephens pour son d\u00e9vouement de longue date et l\u2019expertise inestimable qu\u2019elle a apport\u00e9e \u00e0 tous les nouveaux commissaires et \u00e0 ceux en devenir. Son engagement dans la formation des commissaires \u00e0 l\u2019\u00e9chelle nationale a v\u00e9ritablement rehauss\u00e9 le niveau de professionnalisme que nous observons aujourd\u2019hui dans notre sport. \u00bb<\/p>\n<p>Frances Hesketh-Jones Triulzi, commissaire et juge de niveau 4 de la FEI, a \u00e9galement rendu hommage \u00e0 la contribution de Jan au fil des ans. \u00ab Jan, merci beaucoup pour tout ce que tu as fait pour ce sport et pour tous tes efforts afin de laisser un h\u00e9ritage \u00e0 travers les coll\u00e8gues que tu as form\u00e9s et encadr\u00e9s au fil des ans. Ils font honneur \u00e0 ton d\u00e9vouement et \u00e0 ta passion et, \u00e0 leur tour, ils formeront et encadreront d\u2019autres personnes qui suivront leurs traces et les tiennes. Bonne continuit\u00e9! \u00bb<\/p>\n<p>Rachel Huebert, directrice des op\u00e9rations sportives \u00e0 Canada \u00c9questre, a d\u00e9clar\u00e9 : \u00ab Canada \u00c9questre remercie chaleureusement Jan pour ses ann\u00e9es de service d\u00e9vou\u00e9 en tant que commissaire g\u00e9n\u00e9rale de la FEI. Son leadership, son engagement et sa passion pour le sport ont laiss\u00e9 une empreinte ind\u00e9l\u00e9bile. Jan a toujours \u00e9t\u00e9 tr\u00e8s g\u00e9n\u00e9reuse de son temps et s\u2019est toujours montr\u00e9e disponible pour soutenir et mettre son expertise au service des comit\u00e9s et du personnel de Canada \u00c9questre. Nous lui sommes tr\u00e8s reconnaissants de sa contribution et lui souhaitons tout le meilleur pour sa retraite. \u00bb<\/p>\n<p>Alors que Jan entame ce nouveau chapitre de sa vie, la communaut\u00e9 \u00e9questre c\u00e9l\u00e8bre son h\u00e9ritage remarquable et l\u2019impact durable qu\u2019elle a eu sur ce sport.<\/p>\n\t\t\t\t\t<\/div>\n\t\t\t\t\t\t\t\t\t\t\t<\/div>\n\t<\/section>\n","protected":false},"excerpt":{"rendered":"<p>C\u00e9l\u00e9bration du parcours exceptionnel de Jan Stephens, dont le d\u00e9vouement et l\u2019influence ont marqu\u00e9 les concours \u00e9questres provinciaux, nationaux et internationaux.<\/p>\n","protected":false},"author":13,"featured_media":33555,"comment_status":"open","ping_status":"open","sticky":false,"template":"","format":"standard","meta":{"_acf_changed":false,"footnotes":""},"categories":[247,32],"tags":[],"class_list":["post-33562","post","type-post","status-publish","format-standard","has-post-thumbnail","hentry","category-histoires","category-non-classifiee"],"acf":[],"yoast_head":"<!-- This site is optimized with the Yoast SEO plugin v27.0 - https:\/\/yoast.com\/product\/yoast-seo-wordpress\/ -->\n<title>Jan Stephens : Hommage \u00e0 une commissaire \u00e9questre d\u2019excellence - Equestrian Canada<\/title>\n<meta name=\"robots\" content=\"index, follow, max-snippet:-1, max-image-preview:large, max-video-preview:-1\" \/>\n<link rel=\"canonical\" href=\"https:\/\/equestrian.ca\/fr\/non-classifiee\/celebrating-jan-stephens-a-legacy-of-excellence-in-equestrian-stewardship\/\" \/>\n<meta property=\"og:locale\" content=\"fr_CA\" \/>\n<meta property=\"og:type\" content=\"article\" \/>\n<meta property=\"og:title\" content=\"Jan Stephens : Hommage \u00e0 une commissaire \u00e9questre d\u2019excellence - Equestrian Canada\" \/>\n<meta property=\"og:description\" content=\"C\u00e9l\u00e9bration du parcours exceptionnel de Jan Stephens, dont le d\u00e9vouement et l\u2019influence ont marqu\u00e9 les concours \u00e9questres provinciaux, nationaux et internationaux.\" \/>\n<meta property=\"og:url\" content=\"https:\/\/equestrian.ca\/fr\/non-classifiee\/celebrating-jan-stephens-a-legacy-of-excellence-in-equestrian-stewardship\/\" \/>\n<meta property=\"og:site_name\" content=\"Equestrian Canada\" \/>\n<meta property=\"article:published_time\" content=\"2025-04-25T18:28:57+00:00\" \/>\n<meta property=\"article:modified_time\" content=\"2025-04-25T18:33:25+00:00\" \/>\n<meta property=\"og:image\" content=\"https:\/\/equestrian.ca\/wp-content\/uploads\/edit_MD36859-jan-stephens.jpg\" \/>\n\t<meta property=\"og:image:width\" content=\"581\" \/>\n\t<meta property=\"og:image:height\" content=\"800\" \/>\n\t<meta property=\"og:image:type\" content=\"image\/jpeg\" \/>\n<meta name=\"author\" content=\"gvanblokland@equestrian.ca\" \/>\n<meta name=\"twitter:card\" content=\"summary_large_image\" \/>\n<meta name=\"twitter:label1\" content=\"\u00c9crit par\" \/>\n\t<meta name=\"twitter:data1\" content=\"gvanblokland@equestrian.ca\" \/>\n\t<meta name=\"twitter:label2\" content=\"Estimation du temps de lecture\" \/>\n\t<meta name=\"twitter:data2\" content=\"1 minute\" \/>\n<script type=\"application\/ld+json\" class=\"yoast-schema-graph\">{\"@context\":\"https:\/\/schema.org\",\"@graph\":[{\"@type\":\"Article\",\"@id\":\"https:\/\/equestrian.ca\/fr\/non-classifiee\/celebrating-jan-stephens-a-legacy-of-excellence-in-equestrian-stewardship\/#article\",\"isPartOf\":{\"@id\":\"https:\/\/equestrian.ca\/fr\/non-classifiee\/celebrating-jan-stephens-a-legacy-of-excellence-in-equestrian-stewardship\/\"},\"author\":{\"name\":\"gvanblokland@equestrian.ca\",\"@id\":\"https:\/\/equestrian.ca\/fr\/#\/schema\/person\/5c2d7df3876311902835dd216fc10b2d\"},\"headline\":\"Jan Stephens : Hommage \u00e0 une commissaire \u00e9questre d\u2019excellence\",\"datePublished\":\"2025-04-25T18:28:57+00:00\",\"dateModified\":\"2025-04-25T18:33:25+00:00\",\"mainEntityOfPage\":{\"@id\":\"https:\/\/equestrian.ca\/fr\/non-classifiee\/celebrating-jan-stephens-a-legacy-of-excellence-in-equestrian-stewardship\/\"},\"wordCount\":33,\"commentCount\":0,\"image\":{\"@id\":\"https:\/\/equestrian.ca\/fr\/non-classifiee\/celebrating-jan-stephens-a-legacy-of-excellence-in-equestrian-stewardship\/#primaryimage\"},\"thumbnailUrl\":\"https:\/\/equestrian.ca\/wp-content\/uploads\/edit_MD36859-jan-stephens.jpg\",\"articleSection\":[\"Histoires\",\"Non classifi\u00e9(e)\"],\"inLanguage\":\"fr-CA\",\"potentialAction\":[{\"@type\":\"CommentAction\",\"name\":\"Comment\",\"target\":[\"https:\/\/equestrian.ca\/fr\/non-classifiee\/celebrating-jan-stephens-a-legacy-of-excellence-in-equestrian-stewardship\/#respond\"]}]},{\"@type\":\"WebPage\",\"@id\":\"https:\/\/equestrian.ca\/fr\/non-classifiee\/celebrating-jan-stephens-a-legacy-of-excellence-in-equestrian-stewardship\/\",\"url\":\"https:\/\/equestrian.ca\/fr\/non-classifiee\/celebrating-jan-stephens-a-legacy-of-excellence-in-equestrian-stewardship\/\",\"name\":\"Jan Stephens : Hommage \u00e0 une commissaire \u00e9questre d\u2019excellence - Equestrian Canada\",\"isPartOf\":{\"@id\":\"https:\/\/equestrian.ca\/fr\/#website\"},\"primaryImageOfPage\":{\"@id\":\"https:\/\/equestrian.ca\/fr\/non-classifiee\/celebrating-jan-stephens-a-legacy-of-excellence-in-equestrian-stewardship\/#primaryimage\"},\"image\":{\"@id\":\"https:\/\/equestrian.ca\/fr\/non-classifiee\/celebrating-jan-stephens-a-legacy-of-excellence-in-equestrian-stewardship\/#primaryimage\"},\"thumbnailUrl\":\"https:\/\/equestrian.ca\/wp-content\/uploads\/edit_MD36859-jan-stephens.jpg\",\"datePublished\":\"2025-04-25T18:28:57+00:00\",\"dateModified\":\"2025-04-25T18:33:25+00:00\",\"author\":{\"@id\":\"https:\/\/equestrian.ca\/fr\/#\/schema\/person\/5c2d7df3876311902835dd216fc10b2d\"},\"breadcrumb\":{\"@id\":\"https:\/\/equestrian.ca\/fr\/non-classifiee\/celebrating-jan-stephens-a-legacy-of-excellence-in-equestrian-stewardship\/#breadcrumb\"},\"inLanguage\":\"fr-CA\",\"potentialAction\":[{\"@type\":\"ReadAction\",\"target\":[\"https:\/\/equestrian.ca\/fr\/non-classifiee\/celebrating-jan-stephens-a-legacy-of-excellence-in-equestrian-stewardship\/\"]}]},{\"@type\":\"ImageObject\",\"inLanguage\":\"fr-CA\",\"@id\":\"https:\/\/equestrian.ca\/fr\/non-classifiee\/celebrating-jan-stephens-a-legacy-of-excellence-in-equestrian-stewardship\/#primaryimage\",\"url\":\"https:\/\/equestrian.ca\/wp-content\/uploads\/edit_MD36859-jan-stephens.jpg\",\"contentUrl\":\"https:\/\/equestrian.ca\/wp-content\/uploads\/edit_MD36859-jan-stephens.jpg\",\"width\":581,\"height\":800},{\"@type\":\"BreadcrumbList\",\"@id\":\"https:\/\/equestrian.ca\/fr\/non-classifiee\/celebrating-jan-stephens-a-legacy-of-excellence-in-equestrian-stewardship\/#breadcrumb\",\"itemListElement\":[{\"@type\":\"ListItem\",\"position\":1,\"name\":\"Home\",\"item\":\"https:\/\/equestrian.ca\/fr\/\"},{\"@type\":\"ListItem\",\"position\":2,\"name\":\"Jan Stephens : Hommage \u00e0 une commissaire \u00e9questre d\u2019excellence\"}]},{\"@type\":\"WebSite\",\"@id\":\"https:\/\/equestrian.ca\/fr\/#website\",\"url\":\"https:\/\/equestrian.ca\/fr\/\",\"name\":\"Equestrian Canada\",\"description\":\"For the love of horses and sport for life.\",\"potentialAction\":[{\"@type\":\"SearchAction\",\"target\":{\"@type\":\"EntryPoint\",\"urlTemplate\":\"https:\/\/equestrian.ca\/fr\/?s={search_term_string}\"},\"query-input\":{\"@type\":\"PropertyValueSpecification\",\"valueRequired\":true,\"valueName\":\"search_term_string\"}}],\"inLanguage\":\"fr-CA\"},{\"@type\":\"Person\",\"@id\":\"https:\/\/equestrian.ca\/fr\/#\/schema\/person\/5c2d7df3876311902835dd216fc10b2d\",\"name\":\"gvanblokland@equestrian.ca\",\"image\":{\"@type\":\"ImageObject\",\"inLanguage\":\"fr-CA\",\"@id\":\"https:\/\/equestrian.ca\/fr\/#\/schema\/person\/image\/\",\"url\":\"https:\/\/secure.gravatar.com\/avatar\/f162de4b4b3467f7a47a7086a701771be7e105ed707a1ffcc63a9c1e3602c6ae?s=96&d=mm&r=g\",\"contentUrl\":\"https:\/\/secure.gravatar.com\/avatar\/f162de4b4b3467f7a47a7086a701771be7e105ed707a1ffcc63a9c1e3602c6ae?s=96&d=mm&r=g\",\"caption\":\"gvanblokland@equestrian.ca\"},\"url\":\"https:\/\/equestrian.ca\/fr\/author\/gvanbloklandequestrian-ca\/\"}]}<\/script>\n<!-- \/ Yoast SEO plugin. -->","yoast_head_json":{"title":"Jan Stephens : Hommage \u00e0 une commissaire \u00e9questre d\u2019excellence - Equestrian Canada","robots":{"index":"index","follow":"follow","max-snippet":"max-snippet:-1","max-image-preview":"max-image-preview:large","max-video-preview":"max-video-preview:-1"},"canonical":"https:\/\/equestrian.ca\/fr\/non-classifiee\/celebrating-jan-stephens-a-legacy-of-excellence-in-equestrian-stewardship\/","og_locale":"fr_CA","og_type":"article","og_title":"Jan Stephens : Hommage \u00e0 une commissaire \u00e9questre d\u2019excellence - Equestrian Canada","og_description":"C\u00e9l\u00e9bration du parcours exceptionnel de Jan Stephens, dont le d\u00e9vouement et l\u2019influence ont marqu\u00e9 les concours \u00e9questres provinciaux, nationaux et internationaux.","og_url":"https:\/\/equestrian.ca\/fr\/non-classifiee\/celebrating-jan-stephens-a-legacy-of-excellence-in-equestrian-stewardship\/","og_site_name":"Equestrian Canada","article_published_time":"2025-04-25T18:28:57+00:00","article_modified_time":"2025-04-25T18:33:25+00:00","og_image":[{"width":581,"height":800,"url":"https:\/\/equestrian.ca\/wp-content\/uploads\/edit_MD36859-jan-stephens.jpg","type":"image\/jpeg"}],"author":"gvanblokland@equestrian.ca","twitter_card":"summary_large_image","twitter_misc":{"\u00c9crit par":"gvanblokland@equestrian.ca","Estimation du temps de lecture":"1 minute"},"schema":{"@context":"https:\/\/schema.org","@graph":[{"@type":"Article","@id":"https:\/\/equestrian.ca\/fr\/non-classifiee\/celebrating-jan-stephens-a-legacy-of-excellence-in-equestrian-stewardship\/#article","isPartOf":{"@id":"https:\/\/equestrian.ca\/fr\/non-classifiee\/celebrating-jan-stephens-a-legacy-of-excellence-in-equestrian-stewardship\/"},"author":{"name":"gvanblokland@equestrian.ca","@id":"https:\/\/equestrian.ca\/fr\/#\/schema\/person\/5c2d7df3876311902835dd216fc10b2d"},"headline":"Jan Stephens : Hommage \u00e0 une commissaire \u00e9questre d\u2019excellence","datePublished":"2025-04-25T18:28:57+00:00","dateModified":"2025-04-25T18:33:25+00:00","mainEntityOfPage":{"@id":"https:\/\/equestrian.ca\/fr\/non-classifiee\/celebrating-jan-stephens-a-legacy-of-excellence-in-equestrian-stewardship\/"},"wordCount":33,"commentCount":0,"image":{"@id":"https:\/\/equestrian.ca\/fr\/non-classifiee\/celebrating-jan-stephens-a-legacy-of-excellence-in-equestrian-stewardship\/#primaryimage"},"thumbnailUrl":"https:\/\/equestrian.ca\/wp-content\/uploads\/edit_MD36859-jan-stephens.jpg","articleSection":["Histoires","Non classifi\u00e9(e)"],"inLanguage":"fr-CA","potentialAction":[{"@type":"CommentAction","name":"Comment","target":["https:\/\/equestrian.ca\/fr\/non-classifiee\/celebrating-jan-stephens-a-legacy-of-excellence-in-equestrian-stewardship\/#respond"]}]},{"@type":"WebPage","@id":"https:\/\/equestrian.ca\/fr\/non-classifiee\/celebrating-jan-stephens-a-legacy-of-excellence-in-equestrian-stewardship\/","url":"https:\/\/equestrian.ca\/fr\/non-classifiee\/celebrating-jan-stephens-a-legacy-of-excellence-in-equestrian-stewardship\/","name":"Jan Stephens : Hommage \u00e0 une commissaire \u00e9questre d\u2019excellence - Equestrian Canada","isPartOf":{"@id":"https:\/\/equestrian.ca\/fr\/#website"},"primaryImageOfPage":{"@id":"https:\/\/equestrian.ca\/fr\/non-classifiee\/celebrating-jan-stephens-a-legacy-of-excellence-in-equestrian-stewardship\/#primaryimage"},"image":{"@id":"https:\/\/equestrian.ca\/fr\/non-classifiee\/celebrating-jan-stephens-a-legacy-of-excellence-in-equestrian-stewardship\/#primaryimage"},"thumbnailUrl":"https:\/\/equestrian.ca\/wp-content\/uploads\/edit_MD36859-jan-stephens.jpg","datePublished":"2025-04-25T18:28:57+00:00","dateModified":"2025-04-25T18:33:25+00:00","author":{"@id":"https:\/\/equestrian.ca\/fr\/#\/schema\/person\/5c2d7df3876311902835dd216fc10b2d"},"breadcrumb":{"@id":"https:\/\/equestrian.ca\/fr\/non-classifiee\/celebrating-jan-stephens-a-legacy-of-excellence-in-equestrian-stewardship\/#breadcrumb"},"inLanguage":"fr-CA","potentialAction":[{"@type":"ReadAction","target":["https:\/\/equestrian.ca\/fr\/non-classifiee\/celebrating-jan-stephens-a-legacy-of-excellence-in-equestrian-stewardship\/"]}]},{"@type":"ImageObject","inLanguage":"fr-CA","@id":"https:\/\/equestrian.ca\/fr\/non-classifiee\/celebrating-jan-stephens-a-legacy-of-excellence-in-equestrian-stewardship\/#primaryimage","url":"https:\/\/equestrian.ca\/wp-content\/uploads\/edit_MD36859-jan-stephens.jpg","contentUrl":"https:\/\/equestrian.ca\/wp-content\/uploads\/edit_MD36859-jan-stephens.jpg","width":581,"height":800},{"@type":"BreadcrumbList","@id":"https:\/\/equestrian.ca\/fr\/non-classifiee\/celebrating-jan-stephens-a-legacy-of-excellence-in-equestrian-stewardship\/#breadcrumb","itemListElement":[{"@type":"ListItem","position":1,"name":"Home","item":"https:\/\/equestrian.ca\/fr\/"},{"@type":"ListItem","position":2,"name":"Jan Stephens : Hommage \u00e0 une commissaire \u00e9questre d\u2019excellence"}]},{"@type":"WebSite","@id":"https:\/\/equestrian.ca\/fr\/#website","url":"https:\/\/equestrian.ca\/fr\/","name":"Equestrian Canada","description":"For the love of horses and sport for life.","potentialAction":[{"@type":"SearchAction","target":{"@type":"EntryPoint","urlTemplate":"https:\/\/equestrian.ca\/fr\/?s={search_term_string}"},"query-input":{"@type":"PropertyValueSpecification","valueRequired":true,"valueName":"search_term_string"}}],"inLanguage":"fr-CA"},{"@type":"Person","@id":"https:\/\/equestrian.ca\/fr\/#\/schema\/person\/5c2d7df3876311902835dd216fc10b2d","name":"gvanblokland@equestrian.ca","image":{"@type":"ImageObject","inLanguage":"fr-CA","@id":"https:\/\/equestrian.ca\/fr\/#\/schema\/person\/image\/","url":"https:\/\/secure.gravatar.com\/avatar\/f162de4b4b3467f7a47a7086a701771be7e105ed707a1ffcc63a9c1e3602c6ae?s=96&d=mm&r=g","contentUrl":"https:\/\/secure.gravatar.com\/avatar\/f162de4b4b3467f7a47a7086a701771be7e105ed707a1ffcc63a9c1e3602c6ae?s=96&d=mm&r=g","caption":"gvanblokland@equestrian.ca"},"url":"https:\/\/equestrian.ca\/fr\/author\/gvanbloklandequestrian-ca\/"}]}},"_links":{"self":[{"href":"https:\/\/equestrian.ca\/fr\/wp-json\/wp\/v2\/posts\/33562","targetHints":{"allow":["GET"]}}],"collection":[{"href":"https:\/\/equestrian.ca\/fr\/wp-json\/wp\/v2\/posts"}],"about":[{"href":"https:\/\/equestrian.ca\/fr\/wp-json\/wp\/v2\/types\/post"}],"author":[{"embeddable":true,"href":"https:\/\/equestrian.ca\/fr\/wp-json\/wp\/v2\/users\/13"}],"replies":[{"embeddable":true,"href":"https:\/\/equestrian.ca\/fr\/wp-json\/wp\/v2\/comments?post=33562"}],"version-history":[{"count":3,"href":"https:\/\/equestrian.ca\/fr\/wp-json\/wp\/v2\/posts\/33562\/revisions"}],"predecessor-version":[{"id":33567,"href":"https:\/\/equestrian.ca\/fr\/wp-json\/wp\/v2\/posts\/33562\/revisions\/33567"}],"wp:featuredmedia":[{"embeddable":true,"href":"https:\/\/equestrian.ca\/fr\/wp-json\/wp\/v2\/media\/33555"}],"wp:attachment":[{"href":"https:\/\/equestrian.ca\/fr\/wp-json\/wp\/v2\/media?parent=33562"}],"wp:term":[{"taxonomy":"category","embeddable":true,"href":"https:\/\/equestrian.ca\/fr\/wp-json\/wp\/v2\/categories?post=33562"},{"taxonomy":"post_tag","embeddable":true,"href":"https:\/\/equestrian.ca\/fr\/wp-json\/wp\/v2\/tags?post=33562"}],"curies":[{"name":"wp","href":"https:\/\/api.w.org\/{rel}","templated":true}]}}