{"id":31435,"date":"2024-12-16T18:43:50","date_gmt":"2024-12-16T18:43:50","guid":{"rendered":"https:\/\/equestrian.ca\/non-classifiee\/in-memoriam-jeff-brandmaier\/"},"modified":"2024-12-16T18:46:34","modified_gmt":"2024-12-16T18:46:34","slug":"in-memoriam-jeff-brandmaier","status":"publish","type":"post","link":"https:\/\/equestrian.ca\/fr\/non-classifiee\/in-memoriam-jeff-brandmaier\/","title":{"rendered":"\u00c0 la m\u00e9moire de Jeff Brandmaier"},"content":{"rendered":"\n<figure class=\"wp-block-image size-large\"><img loading=\"lazy\" decoding=\"async\" width=\"1024\" height=\"731\" src=\"https:\/\/equestrian.ca\/wp-content\/uploads\/\/2024-InMemoriam-Jeff-Brandmaier-1024x731.jpg\" alt=\"\" class=\"wp-image-31432\" srcset=\"https:\/\/equestrian.ca\/wp-content\/uploads\/2024-InMemoriam-Jeff-Brandmaier-1024x731.jpg 1024w, https:\/\/equestrian.ca\/wp-content\/uploads\/2024-InMemoriam-Jeff-Brandmaier-300x214.jpg 300w, https:\/\/equestrian.ca\/wp-content\/uploads\/2024-InMemoriam-Jeff-Brandmaier-768x549.jpg 768w, https:\/\/equestrian.ca\/wp-content\/uploads\/2024-InMemoriam-Jeff-Brandmaier-1536x1097.jpg 1536w, https:\/\/equestrian.ca\/wp-content\/uploads\/2024-InMemoriam-Jeff-Brandmaier-640x457.jpg 640w, https:\/\/equestrian.ca\/wp-content\/uploads\/2024-InMemoriam-Jeff-Brandmaier-1200x857.jpg 1200w, https:\/\/equestrian.ca\/wp-content\/uploads\/2024-InMemoriam-Jeff-Brandmaier-1920x1371.jpg 1920w, https:\/\/equestrian.ca\/wp-content\/uploads\/2024-InMemoriam-Jeff-Brandmaier-1440x1029.jpg 1440w, https:\/\/equestrian.ca\/wp-content\/uploads\/2024-InMemoriam-Jeff-Brandmaier-1512x1080.jpg 1512w, https:\/\/equestrian.ca\/wp-content\/uploads\/2024-InMemoriam-Jeff-Brandmaier.jpg 2016w\" sizes=\"auto, (max-width: 639px) 98vw, (max-width: 1199px) 64vw, 770px\" \/><\/figure>\n\n\n\n\t<section id=\"\" data-is-jumplink=\"false\" data-title=\"\" class=\"ra-block block-column-text anchor-link-section \">\n\t\t\t\t<div class='row'>\n\t\t\t\t\t\t\t\t\t\t\t\t\t\t<div class='col-12 col-md-12 content-column wysiwyg-content'>\n\t\t\t\t\t\t<p>La communaut\u00e9 \u00e9questre canadienne pleure le d\u00e9c\u00e8s de Jeff Brandmaier, qui s\u2019est \u00e9teint paisiblement apr\u00e8s une longue maladie le 7 d\u00e9cembre 2024 \u00e0 Guelph, en Ontario. Il \u00e9tait \u00e2g\u00e9 de 65 ans.<\/p>\n<p>Jeff, n\u00e9 \u00e0 Teaneck, New Jersey, en 1959, \u00e9tait mari\u00e9 \u00e0 Margaret (Muffie) Guthrie depuis 14 ans et \u00e9tait le fier p\u00e8re aimant de sa fille, Liza Jean. Sa famille g\u00e8re les \u00e9curies Knightwood \u00e0 Arkell, en Ontario, ainsi que ses installations hivernales de Wellington, en Floride.<\/p>\n<p>Dipl\u00f4m\u00e9 d\u2019une ma\u00eetrise en administration des affaires, Jeff avait plus de 30 ans d\u2019exp\u00e9rience dans le monde des affaires, culminant \u00e0 plusieurs postes de direction au sein de Fortune 500. Sa passion pour les sports \u00e9questres restera quant \u00e0 elle \u00e0 jamais grav\u00e9e dans nos m\u00e9moires. Comp\u00e9titeur de haut niveau en chasse et saut d\u2019obstacles, il a remport\u00e9 de nombreux championnats lors d\u2019\u00e9v\u00e9nements prestigieux tels que la Royal Agricultural Winter Fair, l\u2019American Gold Cup et le circuit de la Floride. Il a mont\u00e9 plusieurs bonnes juments comme Jenny, Caliana et Retina du Vilpion. En 2022, Jeff et Muffie ont \u00e9t\u00e9 couronn\u00e9s respectivement champion et championne de r\u00e9serve dans la division Propri\u00e9taire amateur du Championnat canadien de chasse Michael C. Sifton Memorial du Royal avec leurs montures Nitecap et Round Midnight.<\/p>\n<p>En 2010, Jeff a fond\u00e9 le Circuit canadien de derby de chasse en l\u2019honneur de Lorna Guthrie, qui avait fond\u00e9 le Knightwood Handy Hunter Challenge en 1998. Avec sa femme Muffie et son amie Cawthra Burns, il a fait pression sur les directions des concours, les responsables des r\u00e8glements et les f\u00e9d\u00e9rations provinciales de tout le pays pour d\u00e9velopper et promouvoir des \u00e9preuves amusantes qui rappelaient le \u00ab\u2009bon vieux temps\u2009\u00bb de la discipline, avec des sauts plus hauts et des options pratiques octroyant des points suppl\u00e9mentaires. Ce populaire circuit est devenu un \u00e9v\u00e9nement national; en 2024, 18 derbys ont eu lieu dans l\u2019Ouest et 25 \u00e0 l\u2019Est. Une finale a \u00e9galement \u00e9t\u00e9 tenue au Royal Horse Show en novembre avec plus d\u2019un million de dollars en prix.<\/p>\n<p>John Anderson, qui organise des \u00e9preuves canadiennes de derby de chasse lors de ses concours Rocky Mountain Show Jumping et Royal West, a travaill\u00e9 en \u00e9troite collaboration avec Jeff et a appr\u00e9ci\u00e9 les efforts qu\u2019il a d\u00e9ploy\u00e9s pour d\u00e9fendre la discipline de la chasse. [traduction] \u00ab\u2009C\u2019\u00e9tait toujours un plaisir de travailler avec Jeff, qui \u00e9tait vraiment un visionnaire dans ce sport. Il usait de temps et d\u2019efforts pour rester en contact, allant m\u00eame jusqu\u2019\u00e0 amener sa famille pour voir ce que nous faisions avec les derbys de chasse dans l\u2019Ouest. Jeff a vraiment aid\u00e9 notre sport \u00e0 progresser vers l\u2019avenir. Il va nous manquer.\u2009\u00bb<\/p>\n<p>Grand contributeur de la communaut\u00e9 \u00e9questre, Jeff a \u00e9t\u00e9 nomm\u00e9 B\u00e9n\u00e9vole de l\u2019ann\u00e9e par Canada \u00c9questre en 2021 et a \u00e9t\u00e9 inclus dans le top 50 des personnes les plus influentes au Canada du magazine Horse Sport pour son circuit de concours de chasse. Il \u00e9tait tr\u00e8s fier de construire lui-m\u00eame de nombreux sauts de derby. Il les exp\u00e9diait d\u2019un concours \u00e0 l\u2019autre et \u00e9tait un participant efficace. Nous nous souviendrons de lui comme la force motrice du circuit.<\/p>\n<p>Christine Reupke, directrice d&rsquo;Equestrian &amp; Breed Sport au Royal Horse Show a dit : [traduction] \u00ab Jeff a grandement appuy\u00e9 le Royal Horse Show en y amenant les Championnats nationaux canadiens de derby de chasse. Avec Muffie, il a jou\u00e9 un r\u00f4le important en faisant de ce circuit embl\u00e9matique un \u00e9v\u00e8nement de premier plan dans la discipline de chasse au Canada. Dot\u00e9 d&rsquo;un grand souci du d\u00e9tail, Jeff a consult\u00e9 personnellement le chef de piste et le d\u00e9corateur de parcours pour s&rsquo;assurer que le produit final serait spectaculaire pour le Royal Horse Show. Il s&rsquo;est aussi assur\u00e9 que l&rsquo;on accueillerait la cr\u00e8me des chevaux de derby \u00e0 l&rsquo;\u00e9chelle nationale. Il va \u00e9norm\u00e9ment nous manquer. Nos c\u0153urs et nos pens\u00e9es sont avec Muffie et Liza Jean en ces temps difficiles. \u00bb<\/p>\n<p>Jeff \u00e9tait avant tout un p\u00e8re d\u00e9vou\u00e9 \u00e0 sa fille, Liza Jean. Ensemble, ils aimaient jouer au golf, p\u00eacher, faire de la p\u00e2tisserie et cr\u00e9er des pistes \u00e9labor\u00e9es de bobsleigh. Leur lien \u00e9tait ind\u00e9fectible et ils \u00e9taient les meilleurs amis du monde, ins\u00e9parables dans les aventures de la vie.<\/p>\n<p>Pour honorer l\u2019h\u00e9ritage extraordinaire de Jeff dans le monde \u00e9questre, un derby comm\u00e9moratif aura lieu \u00e0 sa m\u00e9moire \u00e0 une date qui sera confirm\u00e9e l\u2019ann\u00e9e prochaine. La famille invite les gens \u00e0 ne pas envoyer de fleurs et de plut\u00f4t faire un don \u00e0 l\u2019Hospice Wellington de Guelph.<\/p>\n\t\t\t\t\t<\/div>\n\t\t\t\t\t\t\t\t\t\t\t<\/div>\n\t<\/section>\n","protected":false},"excerpt":{"rendered":"","protected":false},"author":13,"featured_media":31433,"comment_status":"open","ping_status":"open","sticky":false,"template":"","format":"standard","meta":{"_acf_changed":false,"rs_blank_template":"","rs_page_bg_color":"","slide_template_v7":"","footnotes":""},"categories":[245,32],"tags":[],"class_list":["post-31435","post","type-post","status-publish","format-standard","has-post-thumbnail","hentry","category-canada-equestre","category-non-classifiee"],"acf":[],"yoast_head":"<!-- This site is optimized with the Yoast SEO plugin v27.0 - https:\/\/yoast.com\/product\/yoast-seo-wordpress\/ -->\n<title>\u00c0 la m\u00e9moire de Jeff Brandmaier - Equestrian Canada<\/title>\n<meta name=\"robots\" content=\"index, follow, max-snippet:-1, max-image-preview:large, max-video-preview:-1\" \/>\n<link rel=\"canonical\" href=\"https:\/\/equestrian.ca\/fr\/non-classifiee\/in-memoriam-jeff-brandmaier\/\" \/>\n<meta property=\"og:locale\" content=\"fr_CA\" \/>\n<meta property=\"og:type\" content=\"article\" \/>\n<meta property=\"og:title\" content=\"\u00c0 la m\u00e9moire de Jeff Brandmaier - Equestrian Canada\" \/>\n<meta property=\"og:url\" content=\"https:\/\/equestrian.ca\/fr\/non-classifiee\/in-memoriam-jeff-brandmaier\/\" \/>\n<meta property=\"og:site_name\" content=\"Equestrian Canada\" \/>\n<meta property=\"article:published_time\" content=\"2024-12-16T18:43:50+00:00\" \/>\n<meta property=\"article:modified_time\" content=\"2024-12-16T18:46:34+00:00\" \/>\n<meta property=\"og:image\" content=\"https:\/\/equestrian.ca\/wp-content\/uploads\/2024-InMemoriam-Jeff-Brandmaier.jpg\" \/>\n\t<meta property=\"og:image:width\" content=\"2016\" \/>\n\t<meta property=\"og:image:height\" content=\"1440\" \/>\n\t<meta property=\"og:image:type\" content=\"image\/jpeg\" \/>\n<meta name=\"author\" content=\"gvanblokland@equestrian.ca\" \/>\n<meta name=\"twitter:card\" content=\"summary_large_image\" \/>\n<meta name=\"twitter:label1\" content=\"\u00c9crit par\" \/>\n\t<meta name=\"twitter:data1\" content=\"gvanblokland@equestrian.ca\" \/>\n\t<meta name=\"twitter:label2\" content=\"Estimation du temps de lecture\" \/>\n\t<meta name=\"twitter:data2\" content=\"1 minute\" \/>\n<script type=\"application\/ld+json\" class=\"yoast-schema-graph\">{\"@context\":\"https:\/\/schema.org\",\"@graph\":[{\"@type\":\"Article\",\"@id\":\"https:\/\/equestrian.ca\/fr\/non-classifiee\/in-memoriam-jeff-brandmaier\/#article\",\"isPartOf\":{\"@id\":\"https:\/\/equestrian.ca\/fr\/non-classifiee\/in-memoriam-jeff-brandmaier\/\"},\"author\":{\"name\":\"gvanblokland@equestrian.ca\",\"@id\":\"https:\/\/equestrian.ca\/fr\/#\/schema\/person\/5c2d7df3876311902835dd216fc10b2d\"},\"headline\":\"\u00c0 la m\u00e9moire de Jeff Brandmaier\",\"datePublished\":\"2024-12-16T18:43:50+00:00\",\"dateModified\":\"2024-12-16T18:46:34+00:00\",\"mainEntityOfPage\":{\"@id\":\"https:\/\/equestrian.ca\/fr\/non-classifiee\/in-memoriam-jeff-brandmaier\/\"},\"wordCount\":6,\"commentCount\":0,\"image\":{\"@id\":\"https:\/\/equestrian.ca\/fr\/non-classifiee\/in-memoriam-jeff-brandmaier\/#primaryimage\"},\"thumbnailUrl\":\"https:\/\/equestrian.ca\/wp-content\/uploads\/2024-InMemoriam-Jeff-Brandmaier.jpg\",\"articleSection\":[\"Canada \u00e9questre\",\"Non classifi\u00e9(e)\"],\"inLanguage\":\"fr-CA\",\"potentialAction\":[{\"@type\":\"CommentAction\",\"name\":\"Comment\",\"target\":[\"https:\/\/equestrian.ca\/fr\/non-classifiee\/in-memoriam-jeff-brandmaier\/#respond\"]}]},{\"@type\":\"WebPage\",\"@id\":\"https:\/\/equestrian.ca\/fr\/non-classifiee\/in-memoriam-jeff-brandmaier\/\",\"url\":\"https:\/\/equestrian.ca\/fr\/non-classifiee\/in-memoriam-jeff-brandmaier\/\",\"name\":\"\u00c0 la m\u00e9moire de Jeff Brandmaier - Equestrian Canada\",\"isPartOf\":{\"@id\":\"https:\/\/equestrian.ca\/fr\/#website\"},\"primaryImageOfPage\":{\"@id\":\"https:\/\/equestrian.ca\/fr\/non-classifiee\/in-memoriam-jeff-brandmaier\/#primaryimage\"},\"image\":{\"@id\":\"https:\/\/equestrian.ca\/fr\/non-classifiee\/in-memoriam-jeff-brandmaier\/#primaryimage\"},\"thumbnailUrl\":\"https:\/\/equestrian.ca\/wp-content\/uploads\/2024-InMemoriam-Jeff-Brandmaier.jpg\",\"datePublished\":\"2024-12-16T18:43:50+00:00\",\"dateModified\":\"2024-12-16T18:46:34+00:00\",\"author\":{\"@id\":\"https:\/\/equestrian.ca\/fr\/#\/schema\/person\/5c2d7df3876311902835dd216fc10b2d\"},\"breadcrumb\":{\"@id\":\"https:\/\/equestrian.ca\/fr\/non-classifiee\/in-memoriam-jeff-brandmaier\/#breadcrumb\"},\"inLanguage\":\"fr-CA\",\"potentialAction\":[{\"@type\":\"ReadAction\",\"target\":[\"https:\/\/equestrian.ca\/fr\/non-classifiee\/in-memoriam-jeff-brandmaier\/\"]}]},{\"@type\":\"ImageObject\",\"inLanguage\":\"fr-CA\",\"@id\":\"https:\/\/equestrian.ca\/fr\/non-classifiee\/in-memoriam-jeff-brandmaier\/#primaryimage\",\"url\":\"https:\/\/equestrian.ca\/wp-content\/uploads\/2024-InMemoriam-Jeff-Brandmaier.jpg\",\"contentUrl\":\"https:\/\/equestrian.ca\/wp-content\/uploads\/2024-InMemoriam-Jeff-Brandmaier.jpg\",\"width\":2016,\"height\":1440},{\"@type\":\"BreadcrumbList\",\"@id\":\"https:\/\/equestrian.ca\/fr\/non-classifiee\/in-memoriam-jeff-brandmaier\/#breadcrumb\",\"itemListElement\":[{\"@type\":\"ListItem\",\"position\":1,\"name\":\"Home\",\"item\":\"https:\/\/equestrian.ca\/fr\/\"},{\"@type\":\"ListItem\",\"position\":2,\"name\":\"\u00c0 la m\u00e9moire de Jeff Brandmaier\"}]},{\"@type\":\"WebSite\",\"@id\":\"https:\/\/equestrian.ca\/fr\/#website\",\"url\":\"https:\/\/equestrian.ca\/fr\/\",\"name\":\"Equestrian Canada\",\"description\":\"For the love of horses and sport for life.\",\"potentialAction\":[{\"@type\":\"SearchAction\",\"target\":{\"@type\":\"EntryPoint\",\"urlTemplate\":\"https:\/\/equestrian.ca\/fr\/?s={search_term_string}\"},\"query-input\":{\"@type\":\"PropertyValueSpecification\",\"valueRequired\":true,\"valueName\":\"search_term_string\"}}],\"inLanguage\":\"fr-CA\"},{\"@type\":\"Person\",\"@id\":\"https:\/\/equestrian.ca\/fr\/#\/schema\/person\/5c2d7df3876311902835dd216fc10b2d\",\"name\":\"gvanblokland@equestrian.ca\",\"image\":{\"@type\":\"ImageObject\",\"inLanguage\":\"fr-CA\",\"@id\":\"https:\/\/equestrian.ca\/fr\/#\/schema\/person\/image\/\",\"url\":\"https:\/\/secure.gravatar.com\/avatar\/f162de4b4b3467f7a47a7086a701771be7e105ed707a1ffcc63a9c1e3602c6ae?s=96&d=mm&r=g\",\"contentUrl\":\"https:\/\/secure.gravatar.com\/avatar\/f162de4b4b3467f7a47a7086a701771be7e105ed707a1ffcc63a9c1e3602c6ae?s=96&d=mm&r=g\",\"caption\":\"gvanblokland@equestrian.ca\"},\"url\":\"https:\/\/equestrian.ca\/fr\/author\/gvanbloklandequestrian-ca\/\"}]}<\/script>\n<!-- \/ Yoast SEO plugin. -->","yoast_head_json":{"title":"\u00c0 la m\u00e9moire de Jeff Brandmaier - Equestrian Canada","robots":{"index":"index","follow":"follow","max-snippet":"max-snippet:-1","max-image-preview":"max-image-preview:large","max-video-preview":"max-video-preview:-1"},"canonical":"https:\/\/equestrian.ca\/fr\/non-classifiee\/in-memoriam-jeff-brandmaier\/","og_locale":"fr_CA","og_type":"article","og_title":"\u00c0 la m\u00e9moire de Jeff Brandmaier - Equestrian Canada","og_url":"https:\/\/equestrian.ca\/fr\/non-classifiee\/in-memoriam-jeff-brandmaier\/","og_site_name":"Equestrian Canada","article_published_time":"2024-12-16T18:43:50+00:00","article_modified_time":"2024-12-16T18:46:34+00:00","og_image":[{"width":2016,"height":1440,"url":"https:\/\/equestrian.ca\/wp-content\/uploads\/2024-InMemoriam-Jeff-Brandmaier.jpg","type":"image\/jpeg"}],"author":"gvanblokland@equestrian.ca","twitter_card":"summary_large_image","twitter_misc":{"\u00c9crit par":"gvanblokland@equestrian.ca","Estimation du temps de lecture":"1 minute"},"schema":{"@context":"https:\/\/schema.org","@graph":[{"@type":"Article","@id":"https:\/\/equestrian.ca\/fr\/non-classifiee\/in-memoriam-jeff-brandmaier\/#article","isPartOf":{"@id":"https:\/\/equestrian.ca\/fr\/non-classifiee\/in-memoriam-jeff-brandmaier\/"},"author":{"name":"gvanblokland@equestrian.ca","@id":"https:\/\/equestrian.ca\/fr\/#\/schema\/person\/5c2d7df3876311902835dd216fc10b2d"},"headline":"\u00c0 la m\u00e9moire de Jeff Brandmaier","datePublished":"2024-12-16T18:43:50+00:00","dateModified":"2024-12-16T18:46:34+00:00","mainEntityOfPage":{"@id":"https:\/\/equestrian.ca\/fr\/non-classifiee\/in-memoriam-jeff-brandmaier\/"},"wordCount":6,"commentCount":0,"image":{"@id":"https:\/\/equestrian.ca\/fr\/non-classifiee\/in-memoriam-jeff-brandmaier\/#primaryimage"},"thumbnailUrl":"https:\/\/equestrian.ca\/wp-content\/uploads\/2024-InMemoriam-Jeff-Brandmaier.jpg","articleSection":["Canada \u00e9questre","Non classifi\u00e9(e)"],"inLanguage":"fr-CA","potentialAction":[{"@type":"CommentAction","name":"Comment","target":["https:\/\/equestrian.ca\/fr\/non-classifiee\/in-memoriam-jeff-brandmaier\/#respond"]}]},{"@type":"WebPage","@id":"https:\/\/equestrian.ca\/fr\/non-classifiee\/in-memoriam-jeff-brandmaier\/","url":"https:\/\/equestrian.ca\/fr\/non-classifiee\/in-memoriam-jeff-brandmaier\/","name":"\u00c0 la m\u00e9moire de Jeff Brandmaier - Equestrian Canada","isPartOf":{"@id":"https:\/\/equestrian.ca\/fr\/#website"},"primaryImageOfPage":{"@id":"https:\/\/equestrian.ca\/fr\/non-classifiee\/in-memoriam-jeff-brandmaier\/#primaryimage"},"image":{"@id":"https:\/\/equestrian.ca\/fr\/non-classifiee\/in-memoriam-jeff-brandmaier\/#primaryimage"},"thumbnailUrl":"https:\/\/equestrian.ca\/wp-content\/uploads\/2024-InMemoriam-Jeff-Brandmaier.jpg","datePublished":"2024-12-16T18:43:50+00:00","dateModified":"2024-12-16T18:46:34+00:00","author":{"@id":"https:\/\/equestrian.ca\/fr\/#\/schema\/person\/5c2d7df3876311902835dd216fc10b2d"},"breadcrumb":{"@id":"https:\/\/equestrian.ca\/fr\/non-classifiee\/in-memoriam-jeff-brandmaier\/#breadcrumb"},"inLanguage":"fr-CA","potentialAction":[{"@type":"ReadAction","target":["https:\/\/equestrian.ca\/fr\/non-classifiee\/in-memoriam-jeff-brandmaier\/"]}]},{"@type":"ImageObject","inLanguage":"fr-CA","@id":"https:\/\/equestrian.ca\/fr\/non-classifiee\/in-memoriam-jeff-brandmaier\/#primaryimage","url":"https:\/\/equestrian.ca\/wp-content\/uploads\/2024-InMemoriam-Jeff-Brandmaier.jpg","contentUrl":"https:\/\/equestrian.ca\/wp-content\/uploads\/2024-InMemoriam-Jeff-Brandmaier.jpg","width":2016,"height":1440},{"@type":"BreadcrumbList","@id":"https:\/\/equestrian.ca\/fr\/non-classifiee\/in-memoriam-jeff-brandmaier\/#breadcrumb","itemListElement":[{"@type":"ListItem","position":1,"name":"Home","item":"https:\/\/equestrian.ca\/fr\/"},{"@type":"ListItem","position":2,"name":"\u00c0 la m\u00e9moire de Jeff Brandmaier"}]},{"@type":"WebSite","@id":"https:\/\/equestrian.ca\/fr\/#website","url":"https:\/\/equestrian.ca\/fr\/","name":"Equestrian Canada","description":"For the love of horses and sport for life.","potentialAction":[{"@type":"SearchAction","target":{"@type":"EntryPoint","urlTemplate":"https:\/\/equestrian.ca\/fr\/?s={search_term_string}"},"query-input":{"@type":"PropertyValueSpecification","valueRequired":true,"valueName":"search_term_string"}}],"inLanguage":"fr-CA"},{"@type":"Person","@id":"https:\/\/equestrian.ca\/fr\/#\/schema\/person\/5c2d7df3876311902835dd216fc10b2d","name":"gvanblokland@equestrian.ca","image":{"@type":"ImageObject","inLanguage":"fr-CA","@id":"https:\/\/equestrian.ca\/fr\/#\/schema\/person\/image\/","url":"https:\/\/secure.gravatar.com\/avatar\/f162de4b4b3467f7a47a7086a701771be7e105ed707a1ffcc63a9c1e3602c6ae?s=96&d=mm&r=g","contentUrl":"https:\/\/secure.gravatar.com\/avatar\/f162de4b4b3467f7a47a7086a701771be7e105ed707a1ffcc63a9c1e3602c6ae?s=96&d=mm&r=g","caption":"gvanblokland@equestrian.ca"},"url":"https:\/\/equestrian.ca\/fr\/author\/gvanbloklandequestrian-ca\/"}]}},"_links":{"self":[{"href":"https:\/\/equestrian.ca\/fr\/wp-json\/wp\/v2\/posts\/31435","targetHints":{"allow":["GET"]}}],"collection":[{"href":"https:\/\/equestrian.ca\/fr\/wp-json\/wp\/v2\/posts"}],"about":[{"href":"https:\/\/equestrian.ca\/fr\/wp-json\/wp\/v2\/types\/post"}],"author":[{"embeddable":true,"href":"https:\/\/equestrian.ca\/fr\/wp-json\/wp\/v2\/users\/13"}],"replies":[{"embeddable":true,"href":"https:\/\/equestrian.ca\/fr\/wp-json\/wp\/v2\/comments?post=31435"}],"version-history":[{"count":1,"href":"https:\/\/equestrian.ca\/fr\/wp-json\/wp\/v2\/posts\/31435\/revisions"}],"predecessor-version":[{"id":31437,"href":"https:\/\/equestrian.ca\/fr\/wp-json\/wp\/v2\/posts\/31435\/revisions\/31437"}],"wp:featuredmedia":[{"embeddable":true,"href":"https:\/\/equestrian.ca\/fr\/wp-json\/wp\/v2\/media\/31433"}],"wp:attachment":[{"href":"https:\/\/equestrian.ca\/fr\/wp-json\/wp\/v2\/media?parent=31435"}],"wp:term":[{"taxonomy":"category","embeddable":true,"href":"https:\/\/equestrian.ca\/fr\/wp-json\/wp\/v2\/categories?post=31435"},{"taxonomy":"post_tag","embeddable":true,"href":"https:\/\/equestrian.ca\/fr\/wp-json\/wp\/v2\/tags?post=31435"}],"curies":[{"name":"wp","href":"https:\/\/api.w.org\/{rel}","templated":true}]}}