{"id":29553,"date":"2024-06-11T18:55:10","date_gmt":"2024-06-11T18:55:10","guid":{"rendered":"https:\/\/equestrian.ca\/non-classifiee\/update-to-u25-series-national-championship-format\/"},"modified":"2024-06-11T19:07:31","modified_gmt":"2024-06-11T19:07:31","slug":"update-to-u25-series-national-championship-format","status":"publish","type":"post","link":"https:\/\/equestrian.ca\/fr\/communiques\/update-to-u25-series-national-championship-format\/","title":{"rendered":"Modification du format de la s\u00e9rie d\u2019\u00e9preuves U25 pour le Championnat national de 2024"},"content":{"rendered":"\n<p>Canada \u00c9questre (CE) souhaite vous informer que le format du Championnat national U25 a \u00e9t\u00e9 modifi\u00e9 pour l\u2019ann\u00e9e\u00a02024. Ce nouveau format permet de stimuler l\u2019esprit de comp\u00e9tition et de souligner les performances exceptionnelles des jeunes talents \u00e9questres.<\/p>\n\n\n\n\t<section id=\"\" data-is-jumplink=\"false\" data-title=\"\" class=\"ra-block block-column-text anchor-link-section \">\n\t\t\t\t<div class='row'>\n\t\t\t\t\t\t\t\t\t\t\t\t\t\t<div class='col-12 col-md-12 content-column wysiwyg-content'>\n\t\t\t\t\t\t<p>\u00c0 compter de cette ann\u00e9e, un maximum de cinq (5) couples athl\u00e8te-cheval sera invit\u00e9 au CSI2* FEI des Championnats nationaux de CE, en fonction des r\u00e9sultats obtenus lors de la s\u00e9rie d\u2019\u00e9preuves U25.<\/p>\n<p>Le couple athl\u00e8te-cheval U25 s\u2019\u00e9tant le mieux class\u00e9 dans les deux \u00e9preuves du CSI2* FEI des Championnats nationaux de CE sera d\u00e9clar\u00e9 Champion national U25 et recevra une selle offerte par Antar\u00e8s Sellier.<\/p>\n<p>Pour en savoir plus sur la s\u00e9rie d\u2019\u00e9preuves U25 et le Championnat national U25, veuillez consulter le document <a href=\"https:\/\/equestrian.ca\/fr\/resource\/under-25-series-criteria\/\" target=\"_blank\" rel=\"noopener\">Crit\u00e8res pour la s\u00e9rie d\u2019\u00e9preuves U25<\/a><\/p>\n<h4>La s\u00e9rie d\u2019\u00e9preuves U25<\/h4>\n<p>La s\u00e9rie d\u2019\u00e9preuves U25 a \u00e9t\u00e9 cr\u00e9\u00e9e dans le cadre du programme des talents identifi\u00e9s. Elle est ouverte aux athl\u00e8tes qui peuvent participer \u00e0 des \u00e9preuves de 1,40 m ou plus. Les athl\u00e8tes sont admissibles du d\u00e9but de l\u2019ann\u00e9e de leur 16e anniversaire jusqu\u2019\u00e0 la fin de l\u2019ann\u00e9e de leur 25e anniversaire.<\/p>\n<p>Pour participer, les couples doivent soumettre une d\u00e9claration d\u2019int\u00e9r\u00eat,<\/p>\n<ul>\n<li>L\u2019\u00e9ch\u00e9ance pour soumettre une telle d\u00e9claration est le 30 juin de chaque ann\u00e9e.<\/li>\n<li>Les cavali\u00e8res et cavaliers peuvent d\u00e9clarer leur int\u00e9r\u00eat avec plus qu\u2019un cheval.<\/li>\n<li>Les d\u00e9clarations peuvent \u00eatre soumises en ligne sur le <a href=\"https:\/\/licence.equestrian.ca\/juu25\/\" target=\"_blank\" rel=\"noopener\">portail de d\u00e9claration<\/a> U25.<\/li>\n<\/ul>\n<p>Les athl\u00e8tes ayant d\u00e9clar\u00e9 leur int\u00e9r\u00eat doivent soumettre leurs r\u00e9sultats au niveau U25 en ligne dans la semaine suivant le concours pour cumuler des points pour les classements nationaux.<\/p>\n<p>Pour en savoir plus, veuillez visiter la page sur les <a href=\"https:\/\/equestrian.ca\/fr\/high-performance\/national-team-program\/youth-programs\/\" target=\"_blank\" rel=\"noopener\">programmes jeunesse<\/a> du site Web de CE.<\/p>\n\t\t\t\t\t<\/div>\n\t\t\t\t\t\t\t\t\t\t\t<\/div>\n\t<\/section>\n\n\n\n<figure class=\"wp-block-image size-full\"><img loading=\"lazy\" decoding=\"async\" width=\"1000\" height=\"778\" src=\"https:\/\/equestrian.ca\/wp-content\/uploads\/PUB-ROYAL-AGRICULTURAL-WINTER-FAIR-1.jpg\" alt=\"\" class=\"wp-image-29549\" srcset=\"https:\/\/equestrian.ca\/wp-content\/uploads\/PUB-ROYAL-AGRICULTURAL-WINTER-FAIR-1.jpg 1000w, https:\/\/equestrian.ca\/wp-content\/uploads\/PUB-ROYAL-AGRICULTURAL-WINTER-FAIR-1-300x233.jpg 300w, https:\/\/equestrian.ca\/wp-content\/uploads\/PUB-ROYAL-AGRICULTURAL-WINTER-FAIR-1-768x598.jpg 768w, https:\/\/equestrian.ca\/wp-content\/uploads\/PUB-ROYAL-AGRICULTURAL-WINTER-FAIR-1-640x498.jpg 640w\" sizes=\"auto, (max-width: 639px) 98vw, (max-width: 1199px) 64vw, 770px\" \/><\/figure>\n","protected":false},"excerpt":{"rendered":"<p>Canada \u00c9questre (CE) souhaite vous informer que le format du Championnat national U25 a \u00e9t\u00e9 modifi\u00e9 pour l\u2019ann\u00e9e\u00a02024. Ce nouveau format permet de stimuler l\u2019esprit de comp\u00e9tition et de souligner les performances exceptionnelles des jeunes talents \u00e9questres.<\/p>\n","protected":false},"author":13,"featured_media":29550,"comment_status":"open","ping_status":"open","sticky":false,"template":"","format":"standard","meta":{"_acf_changed":false,"footnotes":""},"categories":[234],"tags":[],"class_list":["post-29553","post","type-post","status-publish","format-standard","has-post-thumbnail","hentry","category-communiques"],"acf":[],"yoast_head":"<!-- This site is optimized with the Yoast SEO plugin v27.0 - https:\/\/yoast.com\/product\/yoast-seo-wordpress\/ -->\n<title>Modification du format de la s\u00e9rie d\u2019\u00e9preuves U25 pour le Championnat national de 2024 - Equestrian Canada<\/title>\n<meta name=\"robots\" content=\"index, follow, max-snippet:-1, max-image-preview:large, max-video-preview:-1\" \/>\n<link rel=\"canonical\" href=\"https:\/\/equestrian.ca\/fr\/communiques\/update-to-u25-series-national-championship-format\/\" \/>\n<meta property=\"og:locale\" content=\"fr_CA\" \/>\n<meta property=\"og:type\" content=\"article\" \/>\n<meta property=\"og:title\" content=\"Modification du format de la s\u00e9rie d\u2019\u00e9preuves U25 pour le Championnat national de 2024 - Equestrian Canada\" \/>\n<meta property=\"og:description\" content=\"Canada \u00c9questre (CE) souhaite vous informer que le format du Championnat national U25 a \u00e9t\u00e9 modifi\u00e9 pour l\u2019ann\u00e9e\u00a02024. Ce nouveau format permet de stimuler l\u2019esprit de comp\u00e9tition et de souligner les performances exceptionnelles des jeunes talents \u00e9questres.\" \/>\n<meta property=\"og:url\" content=\"https:\/\/equestrian.ca\/fr\/communiques\/update-to-u25-series-national-championship-format\/\" \/>\n<meta property=\"og:site_name\" content=\"Equestrian Canada\" \/>\n<meta property=\"article:published_time\" content=\"2024-06-11T18:55:10+00:00\" \/>\n<meta property=\"article:modified_time\" content=\"2024-06-11T19:07:31+00:00\" \/>\n<meta property=\"og:image\" content=\"https:\/\/equestrian.ca\/wp-content\/uploads\/PUB-ROYAL-AGRICULTURAL-WINTER-FAIR-1.jpg\" \/>\n\t<meta property=\"og:image:width\" content=\"1000\" \/>\n\t<meta property=\"og:image:height\" content=\"778\" \/>\n\t<meta property=\"og:image:type\" content=\"image\/jpeg\" \/>\n<meta name=\"author\" content=\"gvanblokland@equestrian.ca\" \/>\n<meta name=\"twitter:card\" content=\"summary_large_image\" \/>\n<meta name=\"twitter:label1\" content=\"\u00c9crit par\" \/>\n\t<meta name=\"twitter:data1\" content=\"gvanblokland@equestrian.ca\" \/>\n\t<meta name=\"twitter:label2\" content=\"Estimation du temps de lecture\" \/>\n\t<meta name=\"twitter:data2\" content=\"1 minute\" \/>\n<script type=\"application\/ld+json\" class=\"yoast-schema-graph\">{\"@context\":\"https:\/\/schema.org\",\"@graph\":[{\"@type\":\"Article\",\"@id\":\"https:\/\/equestrian.ca\/fr\/communiques\/update-to-u25-series-national-championship-format\/#article\",\"isPartOf\":{\"@id\":\"https:\/\/equestrian.ca\/fr\/communiques\/update-to-u25-series-national-championship-format\/\"},\"author\":{\"name\":\"gvanblokland@equestrian.ca\",\"@id\":\"https:\/\/equestrian.ca\/fr\/#\/schema\/person\/5c2d7df3876311902835dd216fc10b2d\"},\"headline\":\"Modification du format de la s\u00e9rie d\u2019\u00e9preuves U25 pour le Championnat national de 2024\",\"datePublished\":\"2024-06-11T18:55:10+00:00\",\"dateModified\":\"2024-06-11T19:07:31+00:00\",\"mainEntityOfPage\":{\"@id\":\"https:\/\/equestrian.ca\/fr\/communiques\/update-to-u25-series-national-championship-format\/\"},\"wordCount\":56,\"commentCount\":0,\"image\":{\"@id\":\"https:\/\/equestrian.ca\/fr\/communiques\/update-to-u25-series-national-championship-format\/#primaryimage\"},\"thumbnailUrl\":\"https:\/\/equestrian.ca\/wp-content\/uploads\/PUB-ROYAL-AGRICULTURAL-WINTER-FAIR-1.jpg\",\"articleSection\":[\"Communiqu\u00e9s\"],\"inLanguage\":\"fr-CA\",\"potentialAction\":[{\"@type\":\"CommentAction\",\"name\":\"Comment\",\"target\":[\"https:\/\/equestrian.ca\/fr\/communiques\/update-to-u25-series-national-championship-format\/#respond\"]}]},{\"@type\":\"WebPage\",\"@id\":\"https:\/\/equestrian.ca\/fr\/communiques\/update-to-u25-series-national-championship-format\/\",\"url\":\"https:\/\/equestrian.ca\/fr\/communiques\/update-to-u25-series-national-championship-format\/\",\"name\":\"Modification du format de la s\u00e9rie d\u2019\u00e9preuves U25 pour le Championnat national de 2024 - Equestrian Canada\",\"isPartOf\":{\"@id\":\"https:\/\/equestrian.ca\/fr\/#website\"},\"primaryImageOfPage\":{\"@id\":\"https:\/\/equestrian.ca\/fr\/communiques\/update-to-u25-series-national-championship-format\/#primaryimage\"},\"image\":{\"@id\":\"https:\/\/equestrian.ca\/fr\/communiques\/update-to-u25-series-national-championship-format\/#primaryimage\"},\"thumbnailUrl\":\"https:\/\/equestrian.ca\/wp-content\/uploads\/PUB-ROYAL-AGRICULTURAL-WINTER-FAIR-1.jpg\",\"datePublished\":\"2024-06-11T18:55:10+00:00\",\"dateModified\":\"2024-06-11T19:07:31+00:00\",\"author\":{\"@id\":\"https:\/\/equestrian.ca\/fr\/#\/schema\/person\/5c2d7df3876311902835dd216fc10b2d\"},\"breadcrumb\":{\"@id\":\"https:\/\/equestrian.ca\/fr\/communiques\/update-to-u25-series-national-championship-format\/#breadcrumb\"},\"inLanguage\":\"fr-CA\",\"potentialAction\":[{\"@type\":\"ReadAction\",\"target\":[\"https:\/\/equestrian.ca\/fr\/communiques\/update-to-u25-series-national-championship-format\/\"]}]},{\"@type\":\"ImageObject\",\"inLanguage\":\"fr-CA\",\"@id\":\"https:\/\/equestrian.ca\/fr\/communiques\/update-to-u25-series-national-championship-format\/#primaryimage\",\"url\":\"https:\/\/equestrian.ca\/wp-content\/uploads\/PUB-ROYAL-AGRICULTURAL-WINTER-FAIR-1.jpg\",\"contentUrl\":\"https:\/\/equestrian.ca\/wp-content\/uploads\/PUB-ROYAL-AGRICULTURAL-WINTER-FAIR-1.jpg\",\"width\":1000,\"height\":778},{\"@type\":\"BreadcrumbList\",\"@id\":\"https:\/\/equestrian.ca\/fr\/communiques\/update-to-u25-series-national-championship-format\/#breadcrumb\",\"itemListElement\":[{\"@type\":\"ListItem\",\"position\":1,\"name\":\"Home\",\"item\":\"https:\/\/equestrian.ca\/fr\/\"},{\"@type\":\"ListItem\",\"position\":2,\"name\":\"Modification du format de la s\u00e9rie d\u2019\u00e9preuves U25 pour le Championnat national de 2024\"}]},{\"@type\":\"WebSite\",\"@id\":\"https:\/\/equestrian.ca\/fr\/#website\",\"url\":\"https:\/\/equestrian.ca\/fr\/\",\"name\":\"Equestrian Canada\",\"description\":\"For the love of horses and sport for life.\",\"potentialAction\":[{\"@type\":\"SearchAction\",\"target\":{\"@type\":\"EntryPoint\",\"urlTemplate\":\"https:\/\/equestrian.ca\/fr\/?s={search_term_string}\"},\"query-input\":{\"@type\":\"PropertyValueSpecification\",\"valueRequired\":true,\"valueName\":\"search_term_string\"}}],\"inLanguage\":\"fr-CA\"},{\"@type\":\"Person\",\"@id\":\"https:\/\/equestrian.ca\/fr\/#\/schema\/person\/5c2d7df3876311902835dd216fc10b2d\",\"name\":\"gvanblokland@equestrian.ca\",\"image\":{\"@type\":\"ImageObject\",\"inLanguage\":\"fr-CA\",\"@id\":\"https:\/\/equestrian.ca\/fr\/#\/schema\/person\/image\/\",\"url\":\"https:\/\/secure.gravatar.com\/avatar\/f162de4b4b3467f7a47a7086a701771be7e105ed707a1ffcc63a9c1e3602c6ae?s=96&d=mm&r=g\",\"contentUrl\":\"https:\/\/secure.gravatar.com\/avatar\/f162de4b4b3467f7a47a7086a701771be7e105ed707a1ffcc63a9c1e3602c6ae?s=96&d=mm&r=g\",\"caption\":\"gvanblokland@equestrian.ca\"},\"url\":\"https:\/\/equestrian.ca\/fr\/author\/gvanbloklandequestrian-ca\/\"}]}<\/script>\n<!-- \/ Yoast SEO plugin. -->","yoast_head_json":{"title":"Modification du format de la s\u00e9rie d\u2019\u00e9preuves U25 pour le Championnat national de 2024 - Equestrian Canada","robots":{"index":"index","follow":"follow","max-snippet":"max-snippet:-1","max-image-preview":"max-image-preview:large","max-video-preview":"max-video-preview:-1"},"canonical":"https:\/\/equestrian.ca\/fr\/communiques\/update-to-u25-series-national-championship-format\/","og_locale":"fr_CA","og_type":"article","og_title":"Modification du format de la s\u00e9rie d\u2019\u00e9preuves U25 pour le Championnat national de 2024 - Equestrian Canada","og_description":"Canada \u00c9questre (CE) souhaite vous informer que le format du Championnat national U25 a \u00e9t\u00e9 modifi\u00e9 pour l\u2019ann\u00e9e\u00a02024. Ce nouveau format permet de stimuler l\u2019esprit de comp\u00e9tition et de souligner les performances exceptionnelles des jeunes talents \u00e9questres.","og_url":"https:\/\/equestrian.ca\/fr\/communiques\/update-to-u25-series-national-championship-format\/","og_site_name":"Equestrian Canada","article_published_time":"2024-06-11T18:55:10+00:00","article_modified_time":"2024-06-11T19:07:31+00:00","og_image":[{"width":1000,"height":778,"url":"https:\/\/equestrian.ca\/wp-content\/uploads\/PUB-ROYAL-AGRICULTURAL-WINTER-FAIR-1.jpg","type":"image\/jpeg"}],"author":"gvanblokland@equestrian.ca","twitter_card":"summary_large_image","twitter_misc":{"\u00c9crit par":"gvanblokland@equestrian.ca","Estimation du temps de lecture":"1 minute"},"schema":{"@context":"https:\/\/schema.org","@graph":[{"@type":"Article","@id":"https:\/\/equestrian.ca\/fr\/communiques\/update-to-u25-series-national-championship-format\/#article","isPartOf":{"@id":"https:\/\/equestrian.ca\/fr\/communiques\/update-to-u25-series-national-championship-format\/"},"author":{"name":"gvanblokland@equestrian.ca","@id":"https:\/\/equestrian.ca\/fr\/#\/schema\/person\/5c2d7df3876311902835dd216fc10b2d"},"headline":"Modification du format de la s\u00e9rie d\u2019\u00e9preuves U25 pour le Championnat national de 2024","datePublished":"2024-06-11T18:55:10+00:00","dateModified":"2024-06-11T19:07:31+00:00","mainEntityOfPage":{"@id":"https:\/\/equestrian.ca\/fr\/communiques\/update-to-u25-series-national-championship-format\/"},"wordCount":56,"commentCount":0,"image":{"@id":"https:\/\/equestrian.ca\/fr\/communiques\/update-to-u25-series-national-championship-format\/#primaryimage"},"thumbnailUrl":"https:\/\/equestrian.ca\/wp-content\/uploads\/PUB-ROYAL-AGRICULTURAL-WINTER-FAIR-1.jpg","articleSection":["Communiqu\u00e9s"],"inLanguage":"fr-CA","potentialAction":[{"@type":"CommentAction","name":"Comment","target":["https:\/\/equestrian.ca\/fr\/communiques\/update-to-u25-series-national-championship-format\/#respond"]}]},{"@type":"WebPage","@id":"https:\/\/equestrian.ca\/fr\/communiques\/update-to-u25-series-national-championship-format\/","url":"https:\/\/equestrian.ca\/fr\/communiques\/update-to-u25-series-national-championship-format\/","name":"Modification du format de la s\u00e9rie d\u2019\u00e9preuves U25 pour le Championnat national de 2024 - Equestrian Canada","isPartOf":{"@id":"https:\/\/equestrian.ca\/fr\/#website"},"primaryImageOfPage":{"@id":"https:\/\/equestrian.ca\/fr\/communiques\/update-to-u25-series-national-championship-format\/#primaryimage"},"image":{"@id":"https:\/\/equestrian.ca\/fr\/communiques\/update-to-u25-series-national-championship-format\/#primaryimage"},"thumbnailUrl":"https:\/\/equestrian.ca\/wp-content\/uploads\/PUB-ROYAL-AGRICULTURAL-WINTER-FAIR-1.jpg","datePublished":"2024-06-11T18:55:10+00:00","dateModified":"2024-06-11T19:07:31+00:00","author":{"@id":"https:\/\/equestrian.ca\/fr\/#\/schema\/person\/5c2d7df3876311902835dd216fc10b2d"},"breadcrumb":{"@id":"https:\/\/equestrian.ca\/fr\/communiques\/update-to-u25-series-national-championship-format\/#breadcrumb"},"inLanguage":"fr-CA","potentialAction":[{"@type":"ReadAction","target":["https:\/\/equestrian.ca\/fr\/communiques\/update-to-u25-series-national-championship-format\/"]}]},{"@type":"ImageObject","inLanguage":"fr-CA","@id":"https:\/\/equestrian.ca\/fr\/communiques\/update-to-u25-series-national-championship-format\/#primaryimage","url":"https:\/\/equestrian.ca\/wp-content\/uploads\/PUB-ROYAL-AGRICULTURAL-WINTER-FAIR-1.jpg","contentUrl":"https:\/\/equestrian.ca\/wp-content\/uploads\/PUB-ROYAL-AGRICULTURAL-WINTER-FAIR-1.jpg","width":1000,"height":778},{"@type":"BreadcrumbList","@id":"https:\/\/equestrian.ca\/fr\/communiques\/update-to-u25-series-national-championship-format\/#breadcrumb","itemListElement":[{"@type":"ListItem","position":1,"name":"Home","item":"https:\/\/equestrian.ca\/fr\/"},{"@type":"ListItem","position":2,"name":"Modification du format de la s\u00e9rie d\u2019\u00e9preuves U25 pour le Championnat national de 2024"}]},{"@type":"WebSite","@id":"https:\/\/equestrian.ca\/fr\/#website","url":"https:\/\/equestrian.ca\/fr\/","name":"Equestrian Canada","description":"For the love of horses and sport for life.","potentialAction":[{"@type":"SearchAction","target":{"@type":"EntryPoint","urlTemplate":"https:\/\/equestrian.ca\/fr\/?s={search_term_string}"},"query-input":{"@type":"PropertyValueSpecification","valueRequired":true,"valueName":"search_term_string"}}],"inLanguage":"fr-CA"},{"@type":"Person","@id":"https:\/\/equestrian.ca\/fr\/#\/schema\/person\/5c2d7df3876311902835dd216fc10b2d","name":"gvanblokland@equestrian.ca","image":{"@type":"ImageObject","inLanguage":"fr-CA","@id":"https:\/\/equestrian.ca\/fr\/#\/schema\/person\/image\/","url":"https:\/\/secure.gravatar.com\/avatar\/f162de4b4b3467f7a47a7086a701771be7e105ed707a1ffcc63a9c1e3602c6ae?s=96&d=mm&r=g","contentUrl":"https:\/\/secure.gravatar.com\/avatar\/f162de4b4b3467f7a47a7086a701771be7e105ed707a1ffcc63a9c1e3602c6ae?s=96&d=mm&r=g","caption":"gvanblokland@equestrian.ca"},"url":"https:\/\/equestrian.ca\/fr\/author\/gvanbloklandequestrian-ca\/"}]}},"_links":{"self":[{"href":"https:\/\/equestrian.ca\/fr\/wp-json\/wp\/v2\/posts\/29553","targetHints":{"allow":["GET"]}}],"collection":[{"href":"https:\/\/equestrian.ca\/fr\/wp-json\/wp\/v2\/posts"}],"about":[{"href":"https:\/\/equestrian.ca\/fr\/wp-json\/wp\/v2\/types\/post"}],"author":[{"embeddable":true,"href":"https:\/\/equestrian.ca\/fr\/wp-json\/wp\/v2\/users\/13"}],"replies":[{"embeddable":true,"href":"https:\/\/equestrian.ca\/fr\/wp-json\/wp\/v2\/comments?post=29553"}],"version-history":[{"count":1,"href":"https:\/\/equestrian.ca\/fr\/wp-json\/wp\/v2\/posts\/29553\/revisions"}],"predecessor-version":[{"id":29555,"href":"https:\/\/equestrian.ca\/fr\/wp-json\/wp\/v2\/posts\/29553\/revisions\/29555"}],"wp:featuredmedia":[{"embeddable":true,"href":"https:\/\/equestrian.ca\/fr\/wp-json\/wp\/v2\/media\/29550"}],"wp:attachment":[{"href":"https:\/\/equestrian.ca\/fr\/wp-json\/wp\/v2\/media?parent=29553"}],"wp:term":[{"taxonomy":"category","embeddable":true,"href":"https:\/\/equestrian.ca\/fr\/wp-json\/wp\/v2\/categories?post=29553"},{"taxonomy":"post_tag","embeddable":true,"href":"https:\/\/equestrian.ca\/fr\/wp-json\/wp\/v2\/tags?post=29553"}],"curies":[{"name":"wp","href":"https:\/\/api.w.org\/{rel}","templated":true}]}}