{"id":28841,"date":"2024-02-02T21:18:32","date_gmt":"2024-02-02T21:18:32","guid":{"rendered":"https:\/\/equestrian.ca\/non-classifiee\/flashback-friday-starting-the-year-off-with-a-%f0%9f%92%a5-south-of-the-border\/"},"modified":"2024-05-03T02:29:37","modified_gmt":"2024-05-03T02:29:37","slug":"flashback-friday-starting-the-year-off-with-a-%f0%9f%92%a5-south-of-the-border","status":"publish","type":"post","link":"https:\/\/equestrian.ca\/fr\/non-classifiee\/flashback-friday-starting-the-year-off-with-a-%f0%9f%92%a5-south-of-the-border\/","title":{"rendered":"Retour du vendredi : un d\u00e9but d\u2019ann\u00e9e grandiose au sud de la fronti\u00e8re"},"content":{"rendered":"\n<p><strong>F\u00e9licitations aux Canadiens et aux Canadiennes qui ont fait sensation \u00e0 l\u2019international au niveau FEI la semaine derni\u00e8re! C\u2019est un d\u00e9but d\u2019ann\u00e9e prometteur pour nos athl\u00e8tes, pour qui tout est possible. Allez, Canada!<\/strong><\/p>\n\n\n\n<figure class=\"wp-block-image size-full\"><img loading=\"lazy\" decoding=\"async\" width=\"600\" height=\"65\" src=\"https:\/\/equestrian.ca\/wp-content\/uploads\/2024\/02\/cMwHnLEYQJ8AHEAQa.jpeg\" alt=\"\" class=\"wp-image-18619\" srcset=\"https:\/\/equestrian.ca\/wp-content\/uploads\/2024\/02\/cMwHnLEYQJ8AHEAQa.jpeg 600w, https:\/\/equestrian.ca\/wp-content\/uploads\/2024\/02\/cMwHnLEYQJ8AHEAQa-300x33.jpeg 300w\" sizes=\"auto, (max-width: 639px) 98vw, (max-width: 1199px) 64vw, 600px\" \/><\/figure>\n\n\n\n<p>Les athl\u00e8tes de saut d\u2019obstacles du Canada ont enflamm\u00e9 le sud de la fronti\u00e8re le week-end dernier avec d\u2019excellents r\u00e9sultats \u00e0 la troisi\u00e8me semaine du Wellington International, lequel \u00e9tait tenu au Winter Equestrian Festival (WEF) de Wellington, en Floride, ainsi qu\u2019au Desert Circuit 3 de Thermal, en Californie. Il est \u00e9vident que l\u2019unifoli\u00e9 \u00e9tait bien repr\u00e9sent\u00e9 par ce puissant groupe de cavali\u00e8res et leurs partenaires \u00e9quins!<\/p>\n\n\n\n<figure class=\"wp-block-image size-large\"><img loading=\"lazy\" decoding=\"async\" width=\"1024\" height=\"683\" src=\"https:\/\/equestrian.ca\/wp-content\/uploads\/2024\/02\/FJ27NxQ3KbBJF3Mys-1-1024x683.jpeg\" alt=\"\" class=\"wp-image-18622\" srcset=\"https:\/\/equestrian.ca\/wp-content\/uploads\/2024\/02\/FJ27NxQ3KbBJF3Mys-1-1024x683.jpeg 1024w, https:\/\/equestrian.ca\/wp-content\/uploads\/2024\/02\/FJ27NxQ3KbBJF3Mys-1-300x200.jpeg 300w, https:\/\/equestrian.ca\/wp-content\/uploads\/2024\/02\/FJ27NxQ3KbBJF3Mys-1-768x512.jpeg 768w, https:\/\/equestrian.ca\/wp-content\/uploads\/2024\/02\/FJ27NxQ3KbBJF3Mys-1-640x427.jpeg 640w, https:\/\/equestrian.ca\/wp-content\/uploads\/2024\/02\/FJ27NxQ3KbBJF3Mys-1.jpeg 1200w\" sizes=\"auto, (max-width: 639px) 98vw, (max-width: 1199px) 64vw, 770px\" \/><figcaption class=\"wp-element-caption\"><em>Tiffany Foster et Battlecry Cr\u00e9dit photo : Sportfot<\/em><\/figcaption><\/figure>\n\n\n\n<h2 class=\"wp-block-heading\">Tiffany Foster et Battlecry remportent le Grand Prix CSI4* NetJets<\/h2>\n\n\n\n<figure class=\"wp-block-image size-large\"><img loading=\"lazy\" decoding=\"async\" width=\"1024\" height=\"683\" src=\"https:\/\/equestrian.ca\/wp-content\/uploads\/2024\/02\/o7yHPvgPPhKsQ8eYw-1024x683.jpeg\" alt=\"\" class=\"wp-image-18621\" srcset=\"https:\/\/equestrian.ca\/wp-content\/uploads\/2024\/02\/o7yHPvgPPhKsQ8eYw-1024x683.jpeg 1024w, https:\/\/equestrian.ca\/wp-content\/uploads\/2024\/02\/o7yHPvgPPhKsQ8eYw-300x200.jpeg 300w, https:\/\/equestrian.ca\/wp-content\/uploads\/2024\/02\/o7yHPvgPPhKsQ8eYw-768x512.jpeg 768w, https:\/\/equestrian.ca\/wp-content\/uploads\/2024\/02\/o7yHPvgPPhKsQ8eYw-640x427.jpeg 640w, https:\/\/equestrian.ca\/wp-content\/uploads\/2024\/02\/o7yHPvgPPhKsQ8eYw.jpeg 1200w\" sizes=\"auto, (max-width: 639px) 98vw, (max-width: 1199px) 64vw, 770px\" \/><figcaption class=\"wp-element-caption\"><em>Tiffany Foster et Battlecry Cr\u00e9dit photo : Sportfot<\/em><\/figcaption><\/figure>\n\n\n\n<p>[TRADUCTION] L\u2019athl\u00e8te olympique canadienne Tiffany Foster a remport\u00e9 pour la premi\u00e8re fois une \u00e9preuve tenue un samedi en nocturne (Saturday Night Lights) le 28 janvier, lors de la troisi\u00e8me semaine du Winter Equestrian Festival (WEF). La cavali\u00e8re et Battlecry se sont hiss\u00e9s au sommet du podium du Grand Prix CSI4* NetJets \u00e0 215 000 $ devant une foule pleine \u00e0 craquer au Wellington International.<\/p>\n\n\n\n<p>\u2013 Wellington International<\/p>\n\n\n\n<p>Pour lire l\u2019article du @wellingtoninternational (en anglais) : <a href=\"https:\/\/app.cyberimpact.com\/click-tracking?ct=xdyyy9RwOPYKjfJVfQblazh3K2QtiCXQrpQKG4yR0VEuCvwbCySXFvb7ntXPrlIdX9tRQK36X2Zwt0wWpiFX_9RvxFZAdYQyjsofPpr9r78mjKe4y_rm_u_iVNbaenhl\" target=\"_blank\" rel=\"noreferrer noopener\">A First for Tiffany Foster in NetJets CSI4* Grand Prix (wellingtoninternational.com)<\/a><\/p>\n\n\n\n<p>Vous pouvez visionner l\u2019entrevue de Tiffany au sujet de \u00ab Batty \u00bb ici (en anglais) :<\/p>\n\n\n\n\t<section id=\"\" data-is-jumplink=\"false\" data-title=\"\" class=\"ra-block block-media-and-text anchor-link-section \">\n\t\t<div class='row'>\n\t\t\t\n\t\t\t<div class='col-12 col-md-6 media-col order-2 order-md-1'>\n\t\t\t\t\t\t\t\t\t<div class=\"ratio ratio-16x9\">\n\t\t\t\t\t\t<iframe loading=\"lazy\" title=\"Tiffany Foster Claims First SNL Podium in NetJets Grand Prix\" width=\"640\" height=\"360\" src=\"https:\/\/www.youtube.com\/embed\/d5KitgmF0Bc?feature=oembed&#038;controls=1&#038;hd=1&#038;enablejsapi=1&#038;rel=0\" frameborder=\"0\" allow=\"accelerometer; autoplay; clipboard-write; encrypted-media; gyroscope; picture-in-picture; web-share\" referrerpolicy=\"strict-origin-when-cross-origin\" allowfullscreen  id = 'media-iframe-block_0dace66920addef5c8060d61d7561779'><\/iframe>\t\t\t\t\t<\/div>\n\t\t\t\t\t\t\t<\/div>\n\t\t<\/div>\n\t<\/section>\n\n\n\n<h2 class=\"wp-block-heading\">Amy Millar et Christiano prennent la t\u00eate de la Classique \u00e0 1,50 m\u00e8tre du CSI4* Herm\u00e8s<\/h2>\n\n\n\n<figure class=\"wp-block-image size-large\"><img loading=\"lazy\" decoding=\"async\" width=\"1024\" height=\"683\" src=\"https:\/\/equestrian.ca\/wp-content\/uploads\/2024\/02\/tZLRr7YnByFKHbEn2-1024x683.jpeg\" alt=\"\" class=\"wp-image-18623\" srcset=\"https:\/\/equestrian.ca\/wp-content\/uploads\/2024\/02\/tZLRr7YnByFKHbEn2-1024x683.jpeg 1024w, https:\/\/equestrian.ca\/wp-content\/uploads\/2024\/02\/tZLRr7YnByFKHbEn2-300x200.jpeg 300w, https:\/\/equestrian.ca\/wp-content\/uploads\/2024\/02\/tZLRr7YnByFKHbEn2-768x512.jpeg 768w, https:\/\/equestrian.ca\/wp-content\/uploads\/2024\/02\/tZLRr7YnByFKHbEn2-640x427.jpeg 640w, https:\/\/equestrian.ca\/wp-content\/uploads\/2024\/02\/tZLRr7YnByFKHbEn2.jpeg 1200w\" sizes=\"auto, (max-width: 639px) 98vw, (max-width: 1199px) 64vw, 770px\" \/><figcaption class=\"wp-element-caption\"><em>Amy Millar et Christiano Cr\u00e9dit photo : Sportfot<\/em><\/figcaption><\/figure>\n\n\n\n<p>[TRADUCTION] L\u2019hymne national canadien a retenti pour une deuxi\u00e8me fois dans l\u2019International Arena, lors de la troisi\u00e8me semaine du Wellington International du Winter Equestrian Festival (WEF). Amy Millar, qui a particip\u00e9 aux Jeux olympiques de 2016 pour le Canada, a men\u00e9 Christiano au sommet du classement de la Classique \u00e0 1,50 m\u00e8tre du CSI4* Herm\u00e8s de 62 500 $.<\/p>\n\n\n\n<p>&#8212; Wellington International<\/p>\n\n\n\n<p>Pour lire l\u2019article du @wellingtoninternational (en anglais) :\u00a0<a href=\"https:\/\/app.cyberimpact.com\/click-tracking?ct=UcNJ00m8ARWEQ3AlgIZ83s2h1yiJdeEH3gtQohkem211qBIpjadRZR-Kr0NVEknv03d0_9AOm1BfQ4ZSWuLa9V4Cnxwo59VLg_jlMInWdsROlUn3m7VYi7aLruMnjAcf\" target=\"_blank\" rel=\"noreferrer noopener\">Amy Millar and Christiano Clinch WEF 3 Hermes 1.50m<\/a><\/p>\n\n\n\n<p>Pour tous les r\u00e9sultats, veuillez consulter ce lien (en anglais) :\u00a0<a href=\"https:\/\/app.cyberimpact.com\/click-tracking?ct=4IxNciW7yWxEvPSBd7Cbgt0HLGD7yXZHxEjFC8rTEoxBhynexQIPxPu071w47QolZbI4RRej5RXQaO7SHGJl4YI0vqhFXKBQxAydvAXlq7g8kbrK8GeC_L0CNd1mOiiU\" target=\"_blank\" rel=\"noreferrer noopener\">Event Wellington, FL (Equestrian Center) Standard Show | FEI.org<\/a><\/p>\n\n\n\n<h2 class=\"wp-block-heading\">Ali Ramsay et Vanessa Mannix filent \u00e0 toute vitesse au Desert Circuit 3<\/h2>\n\n\n\n<figure class=\"wp-block-image size-large is-resized\"><img loading=\"lazy\" decoding=\"async\" width=\"1024\" height=\"683\" src=\"https:\/\/equestrian.ca\/wp-content\/uploads\/2024\/02\/nJmNAiAyK4ei8unuL-min-1024x683.jpeg\" alt=\"\" class=\"wp-image-18651\" style=\"width:610px;height:auto\" srcset=\"https:\/\/equestrian.ca\/wp-content\/uploads\/2024\/02\/nJmNAiAyK4ei8unuL-min-1024x683.jpeg 1024w, https:\/\/equestrian.ca\/wp-content\/uploads\/2024\/02\/nJmNAiAyK4ei8unuL-min-300x200.jpeg 300w, https:\/\/equestrian.ca\/wp-content\/uploads\/2024\/02\/nJmNAiAyK4ei8unuL-min-768x512.jpeg 768w, https:\/\/equestrian.ca\/wp-content\/uploads\/2024\/02\/nJmNAiAyK4ei8unuL-min-1536x1024.jpeg 1536w, https:\/\/equestrian.ca\/wp-content\/uploads\/2024\/02\/nJmNAiAyK4ei8unuL-min-2048x1365.jpeg 2048w, https:\/\/equestrian.ca\/wp-content\/uploads\/2024\/02\/nJmNAiAyK4ei8unuL-min-640x427.jpeg 640w, https:\/\/equestrian.ca\/wp-content\/uploads\/2024\/02\/nJmNAiAyK4ei8unuL-min-1200x800.jpeg 1200w, https:\/\/equestrian.ca\/wp-content\/uploads\/2024\/02\/nJmNAiAyK4ei8unuL-min-1920x1280.jpeg 1920w, https:\/\/equestrian.ca\/wp-content\/uploads\/2024\/02\/nJmNAiAyK4ei8unuL-min-1440x960.jpeg 1440w, https:\/\/equestrian.ca\/wp-content\/uploads\/2024\/02\/nJmNAiAyK4ei8unuL-min-1620x1080.jpeg 1620w\" sizes=\"auto, (max-width: 639px) 98vw, (max-width: 1199px) 64vw, 770px\" \/><figcaption class=\"wp-element-caption\"><em>Ali Ramsay et Bonita VH Keizershof Z Cr\u00e9dit photo : High Desert Sport Photo<\/em><\/figcaption><\/figure>\n\n\n\n<p>[TRADUCTION] Au Desert Circuit 3, un \u00e9v\u00e9nement pr\u00e9sent\u00e9 par U.S. Bank, tout indiquait que l\u2019Irlandais Conor Swail remporterait la premi\u00e8re et la deuxi\u00e8me place de l\u2019\u00e9preuve de vitesse \u00e0 1,50 m Oz Inc. de 32 000 $ de jeudi. La Canadienne Ali Ramsay n\u2019avait toutefois pas dit son dernier mot. Avec Conor Swail aux deux premiers rangs provisoires, la cavali\u00e8re a observ\u00e9 sa concurrence avec minutie et \u00e9labor\u00e9 et ex\u00e9cut\u00e9 un plan efficace qui lui a permis de s\u2019emparer de la victoire. La gagnante montait Bonita VH Keizershof Z, une monture avec qui elle fait \u00e9quipe depuis presque sept ans.<\/p>\n\n\n\n<p>-D\u00e9sert International<\/p>\n\n\n\n<p>Pour lire l\u2019article du @deserthorsepark (en anglais) : <a href=\"https:\/\/app.cyberimpact.com\/click-tracking?ct=cQKlr-uEOf9R5HUDmRsPY8sIMKUQ1D5eKb3ymmUsiJNTgFQWNkbN2UGyeV4yQybuBy9yvHjDpOMtSwqI8zdSfoy3MgW4TDkt2XceWinhr65fx2UpV-z0zDEhqLQVhq6o\" target=\"_blank\" rel=\"noreferrer noopener\">Ali Ramsay and Bonita VH Keizershof Z Sprout Wings in $32,000 1.50m Speed | Desert International Horse Park (deserthorsepark.com) <\/a><\/p>\n\n\n\n<p>Vous pouvez visionner l\u2019entrevue d&rsquo;Ali au sujet de sa monture et de sa victoire ici (en anglais) :<\/p>\n\n\n\n\t<section id=\"\" data-is-jumplink=\"false\" data-title=\"\" class=\"ra-block block-media-and-text anchor-link-section \">\n\t\t<div class='row'>\n\t\t\t\n\t\t\t<div class='col-12 col-md-6 media-col order-2 order-md-1'>\n\t\t\t\t\t\t\t\t\t<div class=\"ratio ratio-16x9\">\n\t\t\t\t\t\t<iframe loading=\"lazy\" title=\"Ali Ramsay &amp; Bonita VH Keizershof Z: $32,000 Oz Inc. CSI3* 1.50m Speed\" width=\"640\" height=\"360\" src=\"https:\/\/www.youtube.com\/embed\/Vr5MnOHlFt0?feature=oembed&#038;controls=1&#038;hd=1&#038;enablejsapi=1&#038;rel=0\" frameborder=\"0\" allow=\"accelerometer; autoplay; clipboard-write; encrypted-media; gyroscope; picture-in-picture; web-share\" referrerpolicy=\"strict-origin-when-cross-origin\" allowfullscreen  id = 'media-iframe-block_71aa675383b53eb2ba5d8e2b5a577ccd'><\/iframe>\t\t\t\t\t<\/div>\n\t\t\t\t\t\t\t<\/div>\n\t\t<\/div>\n\t<\/section>\n\n\n\n<p>Vanessa Mannix a \u00e9galement \u00e9pat\u00e9 les foules lors de la m\u00eame semaine, le samedi 27 janvier, au Desert International Horse Park, aux commandes de Carmela Z (Candillo 3 x Nissan Caretano Z). La cavali\u00e8re et la jument Zangersheide de 12 ans ont pris le troisi\u00e8me rang du Grand Prix CSI3* U.S. Bank \u00e0 117 000 $ de l\u2019\u00e9v\u00e9nement.<\/p>\n\n\n\n<p>Pour voir tous les r\u00e9sultats, veuillez cliquer ici (en anglais) : <a href=\"https:\/\/app.cyberimpact.com\/click-tracking?ct=zoHFaxmsxQndZjcubLlkVH_u508lgHFhmsKOb9D4oPB_WYMVzwkS7ruMwgoG30Q3q8bnQ3J3gQgT4iDJsjJlJ6D36heSwgaZvhrIYd7VpcZ9254XeA0cKYQYvfXk-Pqs\" target=\"_blank\" rel=\"noreferrer noopener\">Event Thermal CA Standard Show | FEI.org<\/a><\/p>\n\n\n\n<figure class=\"wp-block-image size-full\"><img loading=\"lazy\" decoding=\"async\" width=\"600\" height=\"65\" src=\"https:\/\/equestrian.ca\/wp-content\/uploads\/2024\/02\/yDFRuQxEuDhKZhj49.jpeg\" alt=\"\" class=\"wp-image-18652\" srcset=\"https:\/\/equestrian.ca\/wp-content\/uploads\/2024\/02\/yDFRuQxEuDhKZhj49.jpeg 600w, https:\/\/equestrian.ca\/wp-content\/uploads\/2024\/02\/yDFRuQxEuDhKZhj49-300x33.jpeg 300w\" sizes=\"auto, (max-width: 639px) 98vw, (max-width: 1199px) 64vw, 600px\" \/><\/figure>\n\n\n\n<h2 class=\"wp-block-heading\">Lauren Barwick victorieuse du Grade III CPEDI3* \u00e0 l&rsquo;AGDF<\/h2>\n\n\n\n<figure class=\"wp-block-image size-full\"><img loading=\"lazy\" decoding=\"async\" width=\"1024\" height=\"731\" src=\"https:\/\/equestrian.ca\/wp-content\/uploads\/2024\/02\/rYo9cbHnp3KXK7zku-1.jpeg\" alt=\"\" class=\"wp-image-18653\" srcset=\"https:\/\/equestrian.ca\/wp-content\/uploads\/2024\/02\/rYo9cbHnp3KXK7zku-1.jpeg 1024w, https:\/\/equestrian.ca\/wp-content\/uploads\/2024\/02\/rYo9cbHnp3KXK7zku-1-300x214.jpeg 300w, https:\/\/equestrian.ca\/wp-content\/uploads\/2024\/02\/rYo9cbHnp3KXK7zku-1-768x548.jpeg 768w, https:\/\/equestrian.ca\/wp-content\/uploads\/2024\/02\/rYo9cbHnp3KXK7zku-1-640x457.jpeg 640w\" sizes=\"auto, (max-width: 639px) 98vw, (max-width: 1199px) 64vw, 770px\" \/><figcaption class=\"wp-element-caption\"><em>Lauren Barwick et Sandrino Cr\u00e9dit photo : Susan J. Stickle<\/em><\/figcaption><\/figure>\n\n\n\n<p>Lauren Barwick (Aldergrove, C.-B.) a particip\u00e9 aux \u00e9preuves de paradressage de la troisi\u00e8me semaine de l\u2019Adequan Global Dressage Festival sur la selle de Sandrino (de Spirit of Westfalia), sa monture de Tokyo 2020. La Canadienne, qui a cinq Jeux paralympiques \u00e0 son actif, et le hongre westphalien de 12 ans ont obtenu la victoire du Grand Prix B CPEDI3* de grade III FEI en obtenant un r\u00e9sultat de 70,889 %. Le duo a ensuite conclu le week-end avec une note sup\u00e9rieure de 74,211 % en reprise libre de Grand Prix.<\/p>\n\n\n\n<p>Pour voir les r\u00e9sultats, veuillez consulter ce lien (en anglais) : <a href=\"https:\/\/app.cyberimpact.com\/click-tracking?ct=BP5L3OuPoM1VbSx7XX_dBq9dLdBV0H-NKRnjknzyCE76N6qSCpBwFYCfCgy2y8hqhs-9r2Mvm2NQn_y5y922gVPMumPo69GhN-_xphsHNBVVQI_TW6qoxultyv4sJ5gV\" target=\"_blank\" rel=\"noreferrer noopener\">Event Wellington, FL (Stadium) Standard Show | FEI.org<\/a><\/p>\n","protected":false},"excerpt":{"rendered":"<p>F\u00e9licitations aux Canadiens et aux Canadiennes qui ont fait sensation \u00e0 l\u2019international au niveau FEI la semaine derni\u00e8re! C\u2019est un d\u00e9but d\u2019ann\u00e9e prometteur pour nos athl\u00e8tes, pour qui tout est possible. Allez, Canada! Les athl\u00e8tes de saut d\u2019obstacles du Canada ont enflamm\u00e9 le sud de la fronti\u00e8re le week-end dernier avec d\u2019excellents r\u00e9sultats \u00e0 la [&hellip;]<\/p>\n","protected":false},"author":7,"featured_media":22865,"comment_status":"open","ping_status":"open","sticky":false,"template":"","format":"standard","meta":{"_acf_changed":false,"footnotes":""},"categories":[32],"tags":[],"class_list":["post-28841","post","type-post","status-publish","format-standard","has-post-thumbnail","hentry","category-non-classifiee"],"acf":[],"yoast_head":"<!-- This site is optimized with the Yoast SEO plugin v27.0 - https:\/\/yoast.com\/product\/yoast-seo-wordpress\/ -->\n<title>Retour du vendredi : un d\u00e9but d\u2019ann\u00e9e grandiose au sud de la fronti\u00e8re - Equestrian Canada<\/title>\n<meta name=\"robots\" content=\"index, follow, max-snippet:-1, max-image-preview:large, max-video-preview:-1\" \/>\n<link rel=\"canonical\" href=\"https:\/\/equestrian.ca\/fr\/non-classifiee\/flashback-friday-starting-the-year-off-with-a-%f0%9f%92%a5-south-of-the-border\/\" \/>\n<meta property=\"og:locale\" content=\"fr_CA\" \/>\n<meta property=\"og:type\" content=\"article\" \/>\n<meta property=\"og:title\" content=\"Retour du vendredi : un d\u00e9but d\u2019ann\u00e9e grandiose au sud de la fronti\u00e8re - Equestrian Canada\" \/>\n<meta property=\"og:description\" content=\"F\u00e9licitations aux Canadiens et aux Canadiennes qui ont fait sensation \u00e0 l\u2019international au niveau FEI la semaine derni\u00e8re! C\u2019est un d\u00e9but d\u2019ann\u00e9e prometteur pour nos athl\u00e8tes, pour qui tout est possible. Allez, Canada! Les athl\u00e8tes de saut d\u2019obstacles du Canada ont enflamm\u00e9 le sud de la fronti\u00e8re le week-end dernier avec d\u2019excellents r\u00e9sultats \u00e0 la [&hellip;]\" \/>\n<meta property=\"og:url\" content=\"https:\/\/equestrian.ca\/fr\/non-classifiee\/flashback-friday-starting-the-year-off-with-a-%f0%9f%92%a5-south-of-the-border\/\" \/>\n<meta property=\"og:site_name\" content=\"Equestrian Canada\" \/>\n<meta property=\"article:published_time\" content=\"2024-02-02T21:18:32+00:00\" \/>\n<meta property=\"article:modified_time\" content=\"2024-05-03T02:29:37+00:00\" \/>\n<meta property=\"og:image\" content=\"https:\/\/equestrian.ca\/wp-content\/uploads\/2024\/02\/FJ27NxQ3KbBJF3Mys-1.jpeg\" \/>\n\t<meta property=\"og:image:width\" content=\"1200\" \/>\n\t<meta property=\"og:image:height\" content=\"800\" \/>\n\t<meta property=\"og:image:type\" content=\"image\/jpeg\" \/>\n<meta name=\"author\" content=\"Stephanie Pennacchietti\" \/>\n<meta name=\"twitter:card\" content=\"summary_large_image\" \/>\n<meta name=\"twitter:label1\" content=\"\u00c9crit par\" \/>\n\t<meta name=\"twitter:data1\" content=\"Stephanie Pennacchietti\" \/>\n\t<meta name=\"twitter:label2\" content=\"Estimation du temps de lecture\" \/>\n\t<meta name=\"twitter:data2\" content=\"6 minutes\" \/>\n<script type=\"application\/ld+json\" class=\"yoast-schema-graph\">{\"@context\":\"https:\/\/schema.org\",\"@graph\":[{\"@type\":\"Article\",\"@id\":\"https:\/\/equestrian.ca\/fr\/non-classifiee\/flashback-friday-starting-the-year-off-with-a-%f0%9f%92%a5-south-of-the-border\/#article\",\"isPartOf\":{\"@id\":\"https:\/\/equestrian.ca\/fr\/non-classifiee\/flashback-friday-starting-the-year-off-with-a-%f0%9f%92%a5-south-of-the-border\/\"},\"author\":{\"name\":\"Stephanie Pennacchietti\",\"@id\":\"https:\/\/equestrian.ca\/fr\/#\/schema\/person\/436c694808390c5793f44cd2da6f0d10\"},\"headline\":\"Retour du vendredi : un d\u00e9but d\u2019ann\u00e9e grandiose au sud de la fronti\u00e8re\",\"datePublished\":\"2024-02-02T21:18:32+00:00\",\"dateModified\":\"2024-05-03T02:29:37+00:00\",\"mainEntityOfPage\":{\"@id\":\"https:\/\/equestrian.ca\/fr\/non-classifiee\/flashback-friday-starting-the-year-off-with-a-%f0%9f%92%a5-south-of-the-border\/\"},\"wordCount\":758,\"commentCount\":0,\"image\":{\"@id\":\"https:\/\/equestrian.ca\/fr\/non-classifiee\/flashback-friday-starting-the-year-off-with-a-%f0%9f%92%a5-south-of-the-border\/#primaryimage\"},\"thumbnailUrl\":\"https:\/\/equestrian.ca\/wp-content\/uploads\/2024\/02\/FJ27NxQ3KbBJF3Mys-1.jpeg\",\"articleSection\":[\"Non classifi\u00e9(e)\"],\"inLanguage\":\"fr-CA\",\"potentialAction\":[{\"@type\":\"CommentAction\",\"name\":\"Comment\",\"target\":[\"https:\/\/equestrian.ca\/fr\/non-classifiee\/flashback-friday-starting-the-year-off-with-a-%f0%9f%92%a5-south-of-the-border\/#respond\"]}]},{\"@type\":\"WebPage\",\"@id\":\"https:\/\/equestrian.ca\/fr\/non-classifiee\/flashback-friday-starting-the-year-off-with-a-%f0%9f%92%a5-south-of-the-border\/\",\"url\":\"https:\/\/equestrian.ca\/fr\/non-classifiee\/flashback-friday-starting-the-year-off-with-a-%f0%9f%92%a5-south-of-the-border\/\",\"name\":\"Retour du vendredi : un d\u00e9but d\u2019ann\u00e9e grandiose au sud de la fronti\u00e8re - Equestrian Canada\",\"isPartOf\":{\"@id\":\"https:\/\/equestrian.ca\/fr\/#website\"},\"primaryImageOfPage\":{\"@id\":\"https:\/\/equestrian.ca\/fr\/non-classifiee\/flashback-friday-starting-the-year-off-with-a-%f0%9f%92%a5-south-of-the-border\/#primaryimage\"},\"image\":{\"@id\":\"https:\/\/equestrian.ca\/fr\/non-classifiee\/flashback-friday-starting-the-year-off-with-a-%f0%9f%92%a5-south-of-the-border\/#primaryimage\"},\"thumbnailUrl\":\"https:\/\/equestrian.ca\/wp-content\/uploads\/2024\/02\/FJ27NxQ3KbBJF3Mys-1.jpeg\",\"datePublished\":\"2024-02-02T21:18:32+00:00\",\"dateModified\":\"2024-05-03T02:29:37+00:00\",\"author\":{\"@id\":\"https:\/\/equestrian.ca\/fr\/#\/schema\/person\/436c694808390c5793f44cd2da6f0d10\"},\"breadcrumb\":{\"@id\":\"https:\/\/equestrian.ca\/fr\/non-classifiee\/flashback-friday-starting-the-year-off-with-a-%f0%9f%92%a5-south-of-the-border\/#breadcrumb\"},\"inLanguage\":\"fr-CA\",\"potentialAction\":[{\"@type\":\"ReadAction\",\"target\":[\"https:\/\/equestrian.ca\/fr\/non-classifiee\/flashback-friday-starting-the-year-off-with-a-%f0%9f%92%a5-south-of-the-border\/\"]}]},{\"@type\":\"ImageObject\",\"inLanguage\":\"fr-CA\",\"@id\":\"https:\/\/equestrian.ca\/fr\/non-classifiee\/flashback-friday-starting-the-year-off-with-a-%f0%9f%92%a5-south-of-the-border\/#primaryimage\",\"url\":\"https:\/\/equestrian.ca\/wp-content\/uploads\/2024\/02\/FJ27NxQ3KbBJF3Mys-1.jpeg\",\"contentUrl\":\"https:\/\/equestrian.ca\/wp-content\/uploads\/2024\/02\/FJ27NxQ3KbBJF3Mys-1.jpeg\",\"width\":1200,\"height\":800,\"caption\":\"24\/01\/2024 ; Wellington FL ; Winter Equestrian Festival - Week 3 ; grand prix ; 101, BATTLECRY, TIFFANY FOSTER ; Sportfot\"},{\"@type\":\"BreadcrumbList\",\"@id\":\"https:\/\/equestrian.ca\/fr\/non-classifiee\/flashback-friday-starting-the-year-off-with-a-%f0%9f%92%a5-south-of-the-border\/#breadcrumb\",\"itemListElement\":[{\"@type\":\"ListItem\",\"position\":1,\"name\":\"Home\",\"item\":\"https:\/\/equestrian.ca\/fr\/\"},{\"@type\":\"ListItem\",\"position\":2,\"name\":\"Retour du vendredi : un d\u00e9but d\u2019ann\u00e9e grandiose au sud de la fronti\u00e8re\"}]},{\"@type\":\"WebSite\",\"@id\":\"https:\/\/equestrian.ca\/fr\/#website\",\"url\":\"https:\/\/equestrian.ca\/fr\/\",\"name\":\"Equestrian Canada\",\"description\":\"For the love of horses and sport for life.\",\"potentialAction\":[{\"@type\":\"SearchAction\",\"target\":{\"@type\":\"EntryPoint\",\"urlTemplate\":\"https:\/\/equestrian.ca\/fr\/?s={search_term_string}\"},\"query-input\":{\"@type\":\"PropertyValueSpecification\",\"valueRequired\":true,\"valueName\":\"search_term_string\"}}],\"inLanguage\":\"fr-CA\"},{\"@type\":\"Person\",\"@id\":\"https:\/\/equestrian.ca\/fr\/#\/schema\/person\/436c694808390c5793f44cd2da6f0d10\",\"name\":\"Stephanie Pennacchietti\",\"image\":{\"@type\":\"ImageObject\",\"inLanguage\":\"fr-CA\",\"@id\":\"https:\/\/equestrian.ca\/fr\/#\/schema\/person\/image\/\",\"url\":\"https:\/\/secure.gravatar.com\/avatar\/44dcb7c946f9fb6e1a6ddb3653664f4a9be50bcac1d113f623b3cef6b4980f95?s=96&d=mm&r=g\",\"contentUrl\":\"https:\/\/secure.gravatar.com\/avatar\/44dcb7c946f9fb6e1a6ddb3653664f4a9be50bcac1d113f623b3cef6b4980f95?s=96&d=mm&r=g\",\"caption\":\"Stephanie Pennacchietti\"},\"url\":\"https:\/\/equestrian.ca\/fr\/author\/stephanie\/\"}]}<\/script>\n<!-- \/ Yoast SEO plugin. -->","yoast_head_json":{"title":"Retour du vendredi : un d\u00e9but d\u2019ann\u00e9e grandiose au sud de la fronti\u00e8re - Equestrian Canada","robots":{"index":"index","follow":"follow","max-snippet":"max-snippet:-1","max-image-preview":"max-image-preview:large","max-video-preview":"max-video-preview:-1"},"canonical":"https:\/\/equestrian.ca\/fr\/non-classifiee\/flashback-friday-starting-the-year-off-with-a-%f0%9f%92%a5-south-of-the-border\/","og_locale":"fr_CA","og_type":"article","og_title":"Retour du vendredi : un d\u00e9but d\u2019ann\u00e9e grandiose au sud de la fronti\u00e8re - Equestrian Canada","og_description":"F\u00e9licitations aux Canadiens et aux Canadiennes qui ont fait sensation \u00e0 l\u2019international au niveau FEI la semaine derni\u00e8re! C\u2019est un d\u00e9but d\u2019ann\u00e9e prometteur pour nos athl\u00e8tes, pour qui tout est possible. Allez, Canada! Les athl\u00e8tes de saut d\u2019obstacles du Canada ont enflamm\u00e9 le sud de la fronti\u00e8re le week-end dernier avec d\u2019excellents r\u00e9sultats \u00e0 la [&hellip;]","og_url":"https:\/\/equestrian.ca\/fr\/non-classifiee\/flashback-friday-starting-the-year-off-with-a-%f0%9f%92%a5-south-of-the-border\/","og_site_name":"Equestrian Canada","article_published_time":"2024-02-02T21:18:32+00:00","article_modified_time":"2024-05-03T02:29:37+00:00","og_image":[{"width":1200,"height":800,"url":"https:\/\/equestrian.ca\/wp-content\/uploads\/2024\/02\/FJ27NxQ3KbBJF3Mys-1.jpeg","type":"image\/jpeg"}],"author":"Stephanie Pennacchietti","twitter_card":"summary_large_image","twitter_misc":{"\u00c9crit par":"Stephanie Pennacchietti","Estimation du temps de lecture":"6 minutes"},"schema":{"@context":"https:\/\/schema.org","@graph":[{"@type":"Article","@id":"https:\/\/equestrian.ca\/fr\/non-classifiee\/flashback-friday-starting-the-year-off-with-a-%f0%9f%92%a5-south-of-the-border\/#article","isPartOf":{"@id":"https:\/\/equestrian.ca\/fr\/non-classifiee\/flashback-friday-starting-the-year-off-with-a-%f0%9f%92%a5-south-of-the-border\/"},"author":{"name":"Stephanie Pennacchietti","@id":"https:\/\/equestrian.ca\/fr\/#\/schema\/person\/436c694808390c5793f44cd2da6f0d10"},"headline":"Retour du vendredi : un d\u00e9but d\u2019ann\u00e9e grandiose au sud de la fronti\u00e8re","datePublished":"2024-02-02T21:18:32+00:00","dateModified":"2024-05-03T02:29:37+00:00","mainEntityOfPage":{"@id":"https:\/\/equestrian.ca\/fr\/non-classifiee\/flashback-friday-starting-the-year-off-with-a-%f0%9f%92%a5-south-of-the-border\/"},"wordCount":758,"commentCount":0,"image":{"@id":"https:\/\/equestrian.ca\/fr\/non-classifiee\/flashback-friday-starting-the-year-off-with-a-%f0%9f%92%a5-south-of-the-border\/#primaryimage"},"thumbnailUrl":"https:\/\/equestrian.ca\/wp-content\/uploads\/2024\/02\/FJ27NxQ3KbBJF3Mys-1.jpeg","articleSection":["Non classifi\u00e9(e)"],"inLanguage":"fr-CA","potentialAction":[{"@type":"CommentAction","name":"Comment","target":["https:\/\/equestrian.ca\/fr\/non-classifiee\/flashback-friday-starting-the-year-off-with-a-%f0%9f%92%a5-south-of-the-border\/#respond"]}]},{"@type":"WebPage","@id":"https:\/\/equestrian.ca\/fr\/non-classifiee\/flashback-friday-starting-the-year-off-with-a-%f0%9f%92%a5-south-of-the-border\/","url":"https:\/\/equestrian.ca\/fr\/non-classifiee\/flashback-friday-starting-the-year-off-with-a-%f0%9f%92%a5-south-of-the-border\/","name":"Retour du vendredi : un d\u00e9but d\u2019ann\u00e9e grandiose au sud de la fronti\u00e8re - Equestrian Canada","isPartOf":{"@id":"https:\/\/equestrian.ca\/fr\/#website"},"primaryImageOfPage":{"@id":"https:\/\/equestrian.ca\/fr\/non-classifiee\/flashback-friday-starting-the-year-off-with-a-%f0%9f%92%a5-south-of-the-border\/#primaryimage"},"image":{"@id":"https:\/\/equestrian.ca\/fr\/non-classifiee\/flashback-friday-starting-the-year-off-with-a-%f0%9f%92%a5-south-of-the-border\/#primaryimage"},"thumbnailUrl":"https:\/\/equestrian.ca\/wp-content\/uploads\/2024\/02\/FJ27NxQ3KbBJF3Mys-1.jpeg","datePublished":"2024-02-02T21:18:32+00:00","dateModified":"2024-05-03T02:29:37+00:00","author":{"@id":"https:\/\/equestrian.ca\/fr\/#\/schema\/person\/436c694808390c5793f44cd2da6f0d10"},"breadcrumb":{"@id":"https:\/\/equestrian.ca\/fr\/non-classifiee\/flashback-friday-starting-the-year-off-with-a-%f0%9f%92%a5-south-of-the-border\/#breadcrumb"},"inLanguage":"fr-CA","potentialAction":[{"@type":"ReadAction","target":["https:\/\/equestrian.ca\/fr\/non-classifiee\/flashback-friday-starting-the-year-off-with-a-%f0%9f%92%a5-south-of-the-border\/"]}]},{"@type":"ImageObject","inLanguage":"fr-CA","@id":"https:\/\/equestrian.ca\/fr\/non-classifiee\/flashback-friday-starting-the-year-off-with-a-%f0%9f%92%a5-south-of-the-border\/#primaryimage","url":"https:\/\/equestrian.ca\/wp-content\/uploads\/2024\/02\/FJ27NxQ3KbBJF3Mys-1.jpeg","contentUrl":"https:\/\/equestrian.ca\/wp-content\/uploads\/2024\/02\/FJ27NxQ3KbBJF3Mys-1.jpeg","width":1200,"height":800,"caption":"24\/01\/2024 ; Wellington FL ; Winter Equestrian Festival - Week 3 ; grand prix ; 101, BATTLECRY, TIFFANY FOSTER ; Sportfot"},{"@type":"BreadcrumbList","@id":"https:\/\/equestrian.ca\/fr\/non-classifiee\/flashback-friday-starting-the-year-off-with-a-%f0%9f%92%a5-south-of-the-border\/#breadcrumb","itemListElement":[{"@type":"ListItem","position":1,"name":"Home","item":"https:\/\/equestrian.ca\/fr\/"},{"@type":"ListItem","position":2,"name":"Retour du vendredi : un d\u00e9but d\u2019ann\u00e9e grandiose au sud de la fronti\u00e8re"}]},{"@type":"WebSite","@id":"https:\/\/equestrian.ca\/fr\/#website","url":"https:\/\/equestrian.ca\/fr\/","name":"Equestrian Canada","description":"For the love of horses and sport for life.","potentialAction":[{"@type":"SearchAction","target":{"@type":"EntryPoint","urlTemplate":"https:\/\/equestrian.ca\/fr\/?s={search_term_string}"},"query-input":{"@type":"PropertyValueSpecification","valueRequired":true,"valueName":"search_term_string"}}],"inLanguage":"fr-CA"},{"@type":"Person","@id":"https:\/\/equestrian.ca\/fr\/#\/schema\/person\/436c694808390c5793f44cd2da6f0d10","name":"Stephanie Pennacchietti","image":{"@type":"ImageObject","inLanguage":"fr-CA","@id":"https:\/\/equestrian.ca\/fr\/#\/schema\/person\/image\/","url":"https:\/\/secure.gravatar.com\/avatar\/44dcb7c946f9fb6e1a6ddb3653664f4a9be50bcac1d113f623b3cef6b4980f95?s=96&d=mm&r=g","contentUrl":"https:\/\/secure.gravatar.com\/avatar\/44dcb7c946f9fb6e1a6ddb3653664f4a9be50bcac1d113f623b3cef6b4980f95?s=96&d=mm&r=g","caption":"Stephanie Pennacchietti"},"url":"https:\/\/equestrian.ca\/fr\/author\/stephanie\/"}]}},"_links":{"self":[{"href":"https:\/\/equestrian.ca\/fr\/wp-json\/wp\/v2\/posts\/28841","targetHints":{"allow":["GET"]}}],"collection":[{"href":"https:\/\/equestrian.ca\/fr\/wp-json\/wp\/v2\/posts"}],"about":[{"href":"https:\/\/equestrian.ca\/fr\/wp-json\/wp\/v2\/types\/post"}],"author":[{"embeddable":true,"href":"https:\/\/equestrian.ca\/fr\/wp-json\/wp\/v2\/users\/7"}],"replies":[{"embeddable":true,"href":"https:\/\/equestrian.ca\/fr\/wp-json\/wp\/v2\/comments?post=28841"}],"version-history":[{"count":1,"href":"https:\/\/equestrian.ca\/fr\/wp-json\/wp\/v2\/posts\/28841\/revisions"}],"predecessor-version":[{"id":28843,"href":"https:\/\/equestrian.ca\/fr\/wp-json\/wp\/v2\/posts\/28841\/revisions\/28843"}],"wp:featuredmedia":[{"embeddable":true,"href":"https:\/\/equestrian.ca\/fr\/wp-json\/wp\/v2\/media\/22865"}],"wp:attachment":[{"href":"https:\/\/equestrian.ca\/fr\/wp-json\/wp\/v2\/media?parent=28841"}],"wp:term":[{"taxonomy":"category","embeddable":true,"href":"https:\/\/equestrian.ca\/fr\/wp-json\/wp\/v2\/categories?post=28841"},{"taxonomy":"post_tag","embeddable":true,"href":"https:\/\/equestrian.ca\/fr\/wp-json\/wp\/v2\/tags?post=28841"}],"curies":[{"name":"wp","href":"https:\/\/api.w.org\/{rel}","templated":true}]}}