{"id":26597,"date":"2019-02-06T00:00:00","date_gmt":"2019-02-06T00:00:00","guid":{"rendered":"https:\/\/equestrian.ca\/news\/ava-wong-participera-a-la-finale-enfant-fei\/"},"modified":"2019-02-06T00:00:00","modified_gmt":"2019-02-06T00:00:00","slug":"ava-wong-participera-a-la-finale-enfant-fei","status":"publish","type":"post","link":"https:\/\/equestrian.ca\/fr\/anciens-articles\/ava-wong-participera-a-la-finale-enfant-fei\/","title":{"rendered":"Ava Wong participera \u00e0 la finale enfant FEI"},"content":{"rendered":"<p>Ava Wong (Calgary, Alb.) s\u2019est qualifi\u00e9e pour la finale classique de saut d\u2019obstacles Enfant FEI qui se tiendra \u00e0 Tashkent, en Ouzb\u00e9kistan, du 17 au 21 avril 2019.&nbsp;<\/p>\n<p>R\u00e9serv\u00e9e aux cavaliers et cavali\u00e8res de 12 \u00e0 14 ans montant des chevaux emprunt\u00e9s, l\u2019\u00e9preuve accueille 16 athl\u00e8tes \u00e9trangers qui se mesurent au m\u00eame nombre d\u2019athl\u00e8tes du pays h\u00f4te. Ava Wong s\u2019est qualifi\u00e9e pour la finale lors de l\u2019\u00e9preuve qualificative pr\u00e9sent\u00e9e en 2018 au concours Rocky Mountain Show Jumping de Calgary. En 2018, la jeune fille a fait partie de l\u2019\u00e9quipe canadienne Enfant m\u00e9daill\u00e9e d\u2019or dans le cadre des Championnats nord-am\u00e9ricains Jeunesse FEI Adequan qui ont eu lieu \u00e0 Old Salem, NY.<\/p>\n<p><img src='\/wp-content\/uploads\/cdn\/storage\/images_v2\/Ava-Wong-and-Concelo-by-Jump-Media.jpg' alt='Ava Wong to Contest FEI Children\u2019s Final' \/><\/p>\n<p><b>SOURCE<\/b> \u2013 Jump Media<\/p>\n","protected":false},"excerpt":{"rendered":"<p>Ava Wong (Calgary, Alb.) s\u2019est qualifi\u00e9e pour la finale classique de saut d\u2019obstacles Enfant FEI qui se tiendra \u00e0 Tashkent, en Ouzb\u00e9kistan, du 17 au 21 avril 2019.&nbsp; R\u00e9serv\u00e9e aux cavaliers et cavali\u00e8res de 12 \u00e0 14 ans montant des chevaux emprunt\u00e9s, l\u2019\u00e9preuve accueille 16 athl\u00e8tes \u00e9trangers qui se mesurent au m\u00eame nombre d\u2019athl\u00e8tes du [&hellip;]<\/p>\n","protected":false},"author":3,"featured_media":11350,"comment_status":"open","ping_status":"open","sticky":false,"template":"","format":"standard","meta":{"_acf_changed":false,"footnotes":""},"categories":[241],"tags":[],"class_list":["post-26597","post","type-post","status-publish","format-standard","has-post-thumbnail","hentry","category-anciens-articles"],"acf":[],"yoast_head":"<!-- This site is optimized with the Yoast SEO plugin v27.0 - https:\/\/yoast.com\/product\/yoast-seo-wordpress\/ -->\n<title>Ava Wong participera \u00e0 la finale enfant FEI - Equestrian Canada<\/title>\n<meta name=\"robots\" content=\"index, follow, max-snippet:-1, max-image-preview:large, max-video-preview:-1\" \/>\n<link rel=\"canonical\" href=\"https:\/\/equestrian.ca\/fr\/anciens-articles\/ava-wong-participera-a-la-finale-enfant-fei\/\" \/>\n<meta property=\"og:locale\" content=\"fr_CA\" \/>\n<meta property=\"og:type\" content=\"article\" \/>\n<meta property=\"og:title\" content=\"Ava Wong participera \u00e0 la finale enfant FEI - Equestrian Canada\" \/>\n<meta property=\"og:description\" content=\"Ava Wong (Calgary, Alb.) s\u2019est qualifi\u00e9e pour la finale classique de saut d\u2019obstacles Enfant FEI qui se tiendra \u00e0 Tashkent, en Ouzb\u00e9kistan, du 17 au 21 avril 2019.&nbsp; R\u00e9serv\u00e9e aux cavaliers et cavali\u00e8res de 12 \u00e0 14 ans montant des chevaux emprunt\u00e9s, l\u2019\u00e9preuve accueille 16 athl\u00e8tes \u00e9trangers qui se mesurent au m\u00eame nombre d\u2019athl\u00e8tes du [&hellip;]\" \/>\n<meta property=\"og:url\" content=\"https:\/\/equestrian.ca\/fr\/anciens-articles\/ava-wong-participera-a-la-finale-enfant-fei\/\" \/>\n<meta property=\"og:site_name\" content=\"Equestrian Canada\" \/>\n<meta property=\"article:published_time\" content=\"2019-02-06T00:00:00+00:00\" \/>\n<meta property=\"og:image\" content=\"https:\/\/equestrian.ca\/wp-content\/uploads\/2024\/01\/Ava-Wong-and-Concelo-by-Jump-Media.jpg\" \/>\n\t<meta property=\"og:image:width\" content=\"800\" \/>\n\t<meta property=\"og:image:height\" content=\"533\" \/>\n\t<meta property=\"og:image:type\" content=\"image\/jpeg\" \/>\n<meta name=\"author\" content=\"Berry\" \/>\n<meta name=\"twitter:card\" content=\"summary_large_image\" \/>\n<meta name=\"twitter:label1\" content=\"\u00c9crit par\" \/>\n\t<meta name=\"twitter:data1\" content=\"Berry\" \/>\n\t<meta name=\"twitter:label2\" content=\"Estimation du temps de lecture\" \/>\n\t<meta name=\"twitter:data2\" content=\"1 minute\" \/>\n<script type=\"application\/ld+json\" class=\"yoast-schema-graph\">{\"@context\":\"https:\/\/schema.org\",\"@graph\":[{\"@type\":\"Article\",\"@id\":\"https:\/\/equestrian.ca\/fr\/anciens-articles\/ava-wong-participera-a-la-finale-enfant-fei\/#article\",\"isPartOf\":{\"@id\":\"https:\/\/equestrian.ca\/fr\/anciens-articles\/ava-wong-participera-a-la-finale-enfant-fei\/\"},\"author\":{\"name\":\"Berry\",\"@id\":\"https:\/\/equestrian.ca\/fr\/#\/schema\/person\/9abd3ba4d1027626b07355668e4ee3ad\"},\"headline\":\"Ava Wong participera \u00e0 la finale enfant FEI\",\"datePublished\":\"2019-02-06T00:00:00+00:00\",\"mainEntityOfPage\":{\"@id\":\"https:\/\/equestrian.ca\/fr\/anciens-articles\/ava-wong-participera-a-la-finale-enfant-fei\/\"},\"wordCount\":134,\"commentCount\":0,\"image\":{\"@id\":\"https:\/\/equestrian.ca\/fr\/anciens-articles\/ava-wong-participera-a-la-finale-enfant-fei\/#primaryimage\"},\"thumbnailUrl\":\"https:\/\/equestrian.ca\/wp-content\/uploads\/2024\/01\/Ava-Wong-and-Concelo-by-Jump-Media.jpg\",\"articleSection\":[\"Anciens articles\"],\"inLanguage\":\"fr-CA\",\"potentialAction\":[{\"@type\":\"CommentAction\",\"name\":\"Comment\",\"target\":[\"https:\/\/equestrian.ca\/fr\/anciens-articles\/ava-wong-participera-a-la-finale-enfant-fei\/#respond\"]}]},{\"@type\":\"WebPage\",\"@id\":\"https:\/\/equestrian.ca\/fr\/anciens-articles\/ava-wong-participera-a-la-finale-enfant-fei\/\",\"url\":\"https:\/\/equestrian.ca\/fr\/anciens-articles\/ava-wong-participera-a-la-finale-enfant-fei\/\",\"name\":\"Ava Wong participera \u00e0 la finale enfant FEI - Equestrian Canada\",\"isPartOf\":{\"@id\":\"https:\/\/equestrian.ca\/fr\/#website\"},\"primaryImageOfPage\":{\"@id\":\"https:\/\/equestrian.ca\/fr\/anciens-articles\/ava-wong-participera-a-la-finale-enfant-fei\/#primaryimage\"},\"image\":{\"@id\":\"https:\/\/equestrian.ca\/fr\/anciens-articles\/ava-wong-participera-a-la-finale-enfant-fei\/#primaryimage\"},\"thumbnailUrl\":\"https:\/\/equestrian.ca\/wp-content\/uploads\/2024\/01\/Ava-Wong-and-Concelo-by-Jump-Media.jpg\",\"datePublished\":\"2019-02-06T00:00:00+00:00\",\"author\":{\"@id\":\"https:\/\/equestrian.ca\/fr\/#\/schema\/person\/9abd3ba4d1027626b07355668e4ee3ad\"},\"breadcrumb\":{\"@id\":\"https:\/\/equestrian.ca\/fr\/anciens-articles\/ava-wong-participera-a-la-finale-enfant-fei\/#breadcrumb\"},\"inLanguage\":\"fr-CA\",\"potentialAction\":[{\"@type\":\"ReadAction\",\"target\":[\"https:\/\/equestrian.ca\/fr\/anciens-articles\/ava-wong-participera-a-la-finale-enfant-fei\/\"]}]},{\"@type\":\"ImageObject\",\"inLanguage\":\"fr-CA\",\"@id\":\"https:\/\/equestrian.ca\/fr\/anciens-articles\/ava-wong-participera-a-la-finale-enfant-fei\/#primaryimage\",\"url\":\"https:\/\/equestrian.ca\/wp-content\/uploads\/2024\/01\/Ava-Wong-and-Concelo-by-Jump-Media.jpg\",\"contentUrl\":\"https:\/\/equestrian.ca\/wp-content\/uploads\/2024\/01\/Ava-Wong-and-Concelo-by-Jump-Media.jpg\",\"width\":800,\"height\":533},{\"@type\":\"BreadcrumbList\",\"@id\":\"https:\/\/equestrian.ca\/fr\/anciens-articles\/ava-wong-participera-a-la-finale-enfant-fei\/#breadcrumb\",\"itemListElement\":[{\"@type\":\"ListItem\",\"position\":1,\"name\":\"Home\",\"item\":\"https:\/\/equestrian.ca\/fr\/\"},{\"@type\":\"ListItem\",\"position\":2,\"name\":\"Ava Wong participera \u00e0 la finale enfant FEI\"}]},{\"@type\":\"WebSite\",\"@id\":\"https:\/\/equestrian.ca\/fr\/#website\",\"url\":\"https:\/\/equestrian.ca\/fr\/\",\"name\":\"Equestrian Canada\",\"description\":\"For the love of horses and sport for life.\",\"potentialAction\":[{\"@type\":\"SearchAction\",\"target\":{\"@type\":\"EntryPoint\",\"urlTemplate\":\"https:\/\/equestrian.ca\/fr\/?s={search_term_string}\"},\"query-input\":{\"@type\":\"PropertyValueSpecification\",\"valueRequired\":true,\"valueName\":\"search_term_string\"}}],\"inLanguage\":\"fr-CA\"},{\"@type\":\"Person\",\"@id\":\"https:\/\/equestrian.ca\/fr\/#\/schema\/person\/9abd3ba4d1027626b07355668e4ee3ad\",\"name\":\"Berry\",\"image\":{\"@type\":\"ImageObject\",\"inLanguage\":\"fr-CA\",\"@id\":\"https:\/\/equestrian.ca\/fr\/#\/schema\/person\/image\/\",\"url\":\"https:\/\/secure.gravatar.com\/avatar\/882da3b67056b0c608086d3c77de46948b64244a4c249e81e0bf04a8095ce320?s=96&d=mm&r=g\",\"contentUrl\":\"https:\/\/secure.gravatar.com\/avatar\/882da3b67056b0c608086d3c77de46948b64244a4c249e81e0bf04a8095ce320?s=96&d=mm&r=g\",\"caption\":\"Berry\"},\"url\":\"https:\/\/equestrian.ca\/fr\/author\/mberry\/\"}]}<\/script>\n<!-- \/ Yoast SEO plugin. -->","yoast_head_json":{"title":"Ava Wong participera \u00e0 la finale enfant FEI - Equestrian Canada","robots":{"index":"index","follow":"follow","max-snippet":"max-snippet:-1","max-image-preview":"max-image-preview:large","max-video-preview":"max-video-preview:-1"},"canonical":"https:\/\/equestrian.ca\/fr\/anciens-articles\/ava-wong-participera-a-la-finale-enfant-fei\/","og_locale":"fr_CA","og_type":"article","og_title":"Ava Wong participera \u00e0 la finale enfant FEI - Equestrian Canada","og_description":"Ava Wong (Calgary, Alb.) s\u2019est qualifi\u00e9e pour la finale classique de saut d\u2019obstacles Enfant FEI qui se tiendra \u00e0 Tashkent, en Ouzb\u00e9kistan, du 17 au 21 avril 2019.&nbsp; R\u00e9serv\u00e9e aux cavaliers et cavali\u00e8res de 12 \u00e0 14 ans montant des chevaux emprunt\u00e9s, l\u2019\u00e9preuve accueille 16 athl\u00e8tes \u00e9trangers qui se mesurent au m\u00eame nombre d\u2019athl\u00e8tes du [&hellip;]","og_url":"https:\/\/equestrian.ca\/fr\/anciens-articles\/ava-wong-participera-a-la-finale-enfant-fei\/","og_site_name":"Equestrian Canada","article_published_time":"2019-02-06T00:00:00+00:00","og_image":[{"width":800,"height":533,"url":"https:\/\/equestrian.ca\/wp-content\/uploads\/2024\/01\/Ava-Wong-and-Concelo-by-Jump-Media.jpg","type":"image\/jpeg"}],"author":"Berry","twitter_card":"summary_large_image","twitter_misc":{"\u00c9crit par":"Berry","Estimation du temps de lecture":"1 minute"},"schema":{"@context":"https:\/\/schema.org","@graph":[{"@type":"Article","@id":"https:\/\/equestrian.ca\/fr\/anciens-articles\/ava-wong-participera-a-la-finale-enfant-fei\/#article","isPartOf":{"@id":"https:\/\/equestrian.ca\/fr\/anciens-articles\/ava-wong-participera-a-la-finale-enfant-fei\/"},"author":{"name":"Berry","@id":"https:\/\/equestrian.ca\/fr\/#\/schema\/person\/9abd3ba4d1027626b07355668e4ee3ad"},"headline":"Ava Wong participera \u00e0 la finale enfant FEI","datePublished":"2019-02-06T00:00:00+00:00","mainEntityOfPage":{"@id":"https:\/\/equestrian.ca\/fr\/anciens-articles\/ava-wong-participera-a-la-finale-enfant-fei\/"},"wordCount":134,"commentCount":0,"image":{"@id":"https:\/\/equestrian.ca\/fr\/anciens-articles\/ava-wong-participera-a-la-finale-enfant-fei\/#primaryimage"},"thumbnailUrl":"https:\/\/equestrian.ca\/wp-content\/uploads\/2024\/01\/Ava-Wong-and-Concelo-by-Jump-Media.jpg","articleSection":["Anciens articles"],"inLanguage":"fr-CA","potentialAction":[{"@type":"CommentAction","name":"Comment","target":["https:\/\/equestrian.ca\/fr\/anciens-articles\/ava-wong-participera-a-la-finale-enfant-fei\/#respond"]}]},{"@type":"WebPage","@id":"https:\/\/equestrian.ca\/fr\/anciens-articles\/ava-wong-participera-a-la-finale-enfant-fei\/","url":"https:\/\/equestrian.ca\/fr\/anciens-articles\/ava-wong-participera-a-la-finale-enfant-fei\/","name":"Ava Wong participera \u00e0 la finale enfant FEI - Equestrian Canada","isPartOf":{"@id":"https:\/\/equestrian.ca\/fr\/#website"},"primaryImageOfPage":{"@id":"https:\/\/equestrian.ca\/fr\/anciens-articles\/ava-wong-participera-a-la-finale-enfant-fei\/#primaryimage"},"image":{"@id":"https:\/\/equestrian.ca\/fr\/anciens-articles\/ava-wong-participera-a-la-finale-enfant-fei\/#primaryimage"},"thumbnailUrl":"https:\/\/equestrian.ca\/wp-content\/uploads\/2024\/01\/Ava-Wong-and-Concelo-by-Jump-Media.jpg","datePublished":"2019-02-06T00:00:00+00:00","author":{"@id":"https:\/\/equestrian.ca\/fr\/#\/schema\/person\/9abd3ba4d1027626b07355668e4ee3ad"},"breadcrumb":{"@id":"https:\/\/equestrian.ca\/fr\/anciens-articles\/ava-wong-participera-a-la-finale-enfant-fei\/#breadcrumb"},"inLanguage":"fr-CA","potentialAction":[{"@type":"ReadAction","target":["https:\/\/equestrian.ca\/fr\/anciens-articles\/ava-wong-participera-a-la-finale-enfant-fei\/"]}]},{"@type":"ImageObject","inLanguage":"fr-CA","@id":"https:\/\/equestrian.ca\/fr\/anciens-articles\/ava-wong-participera-a-la-finale-enfant-fei\/#primaryimage","url":"https:\/\/equestrian.ca\/wp-content\/uploads\/2024\/01\/Ava-Wong-and-Concelo-by-Jump-Media.jpg","contentUrl":"https:\/\/equestrian.ca\/wp-content\/uploads\/2024\/01\/Ava-Wong-and-Concelo-by-Jump-Media.jpg","width":800,"height":533},{"@type":"BreadcrumbList","@id":"https:\/\/equestrian.ca\/fr\/anciens-articles\/ava-wong-participera-a-la-finale-enfant-fei\/#breadcrumb","itemListElement":[{"@type":"ListItem","position":1,"name":"Home","item":"https:\/\/equestrian.ca\/fr\/"},{"@type":"ListItem","position":2,"name":"Ava Wong participera \u00e0 la finale enfant FEI"}]},{"@type":"WebSite","@id":"https:\/\/equestrian.ca\/fr\/#website","url":"https:\/\/equestrian.ca\/fr\/","name":"Equestrian Canada","description":"For the love of horses and sport for life.","potentialAction":[{"@type":"SearchAction","target":{"@type":"EntryPoint","urlTemplate":"https:\/\/equestrian.ca\/fr\/?s={search_term_string}"},"query-input":{"@type":"PropertyValueSpecification","valueRequired":true,"valueName":"search_term_string"}}],"inLanguage":"fr-CA"},{"@type":"Person","@id":"https:\/\/equestrian.ca\/fr\/#\/schema\/person\/9abd3ba4d1027626b07355668e4ee3ad","name":"Berry","image":{"@type":"ImageObject","inLanguage":"fr-CA","@id":"https:\/\/equestrian.ca\/fr\/#\/schema\/person\/image\/","url":"https:\/\/secure.gravatar.com\/avatar\/882da3b67056b0c608086d3c77de46948b64244a4c249e81e0bf04a8095ce320?s=96&d=mm&r=g","contentUrl":"https:\/\/secure.gravatar.com\/avatar\/882da3b67056b0c608086d3c77de46948b64244a4c249e81e0bf04a8095ce320?s=96&d=mm&r=g","caption":"Berry"},"url":"https:\/\/equestrian.ca\/fr\/author\/mberry\/"}]}},"_links":{"self":[{"href":"https:\/\/equestrian.ca\/fr\/wp-json\/wp\/v2\/posts\/26597","targetHints":{"allow":["GET"]}}],"collection":[{"href":"https:\/\/equestrian.ca\/fr\/wp-json\/wp\/v2\/posts"}],"about":[{"href":"https:\/\/equestrian.ca\/fr\/wp-json\/wp\/v2\/types\/post"}],"author":[{"embeddable":true,"href":"https:\/\/equestrian.ca\/fr\/wp-json\/wp\/v2\/users\/3"}],"replies":[{"embeddable":true,"href":"https:\/\/equestrian.ca\/fr\/wp-json\/wp\/v2\/comments?post=26597"}],"version-history":[{"count":0,"href":"https:\/\/equestrian.ca\/fr\/wp-json\/wp\/v2\/posts\/26597\/revisions"}],"wp:featuredmedia":[{"embeddable":true,"href":"https:\/\/equestrian.ca\/fr\/wp-json\/wp\/v2\/media\/11350"}],"wp:attachment":[{"href":"https:\/\/equestrian.ca\/fr\/wp-json\/wp\/v2\/media?parent=26597"}],"wp:term":[{"taxonomy":"category","embeddable":true,"href":"https:\/\/equestrian.ca\/fr\/wp-json\/wp\/v2\/categories?post=26597"},{"taxonomy":"post_tag","embeddable":true,"href":"https:\/\/equestrian.ca\/fr\/wp-json\/wp\/v2\/tags?post=26597"}],"curies":[{"name":"wp","href":"https:\/\/api.w.org\/{rel}","templated":true}]}}