{"id":26575,"date":"2021-02-26T00:00:00","date_gmt":"2021-02-26T00:00:00","guid":{"rendered":"https:\/\/equestrian.ca\/news\/a-la-memoire-de-charmaine-bergman\/"},"modified":"2021-02-26T00:00:00","modified_gmt":"2021-02-26T00:00:00","slug":"a-la-memoire-de-charmaine-bergman","status":"publish","type":"post","link":"https:\/\/equestrian.ca\/fr\/anciens-articles\/a-la-memoire-de-charmaine-bergman\/","title":{"rendered":"\u00c0 la m\u00e9moire de Charmaine Bergman"},"content":{"rendered":"<p>Un phare s\u2019est \u00e9teint beaucoup trop t\u00f4t et beaucoup trop vite. Charmaine nous a quitt\u00e9s aujourd\u2019hui (24 f\u00e9vrier) \u00e0 la suite de la r\u00e9cidive d\u2019un cancer qui s\u2019est attaqu\u00e9 \u00e0 sa colonne vert\u00e9brale. Toujours positive, elle a dirig\u00e9 la CWHBA durant une p\u00e9riode difficile de r\u00e9cup\u00e9ration, tout en se remettant elle-m\u00eame d\u2019un cancer pr\u00e9c\u00e9dent. Durant toutes ces ann\u00e9es, elle a illumin\u00e9 la vie des gens gr\u00e2ce \u00e0 son attitude chaleureuse et son d\u00e9vouement constant envers l\u2019association. Elle s\u2019exprimait avec passion et charme et \u00e9voluait avec aise dans toute situation gr\u00e2ce \u00e0 ses connaissances et \u00e0 sa vaste exp\u00e9rience. <\/p>\n<p>\u00ab\u2009Lorsque Charmaine m\u2019a accompagn\u00e9 pour la premi\u00e8re fois \u00e0 l\u2019assembl\u00e9e g\u00e9n\u00e9rale de la WBFSH, j\u2019\u00e9tais un peu inquiet, car je craignais que mes responsabilit\u00e9s ne me donnent pas suffisamment de temps pour la pr\u00e9senter \u00e0 tout le monde. Je m\u2019inqui\u00e9tais pour rien. Je suis certain qu\u2019apr\u00e8s notre d\u00e9part, elle connaissait plus de gens que moi\u2009\u00bb, partage l\u2019ancien pr\u00e9sident Chris Gould.<\/p>\n<p>Il s\u2019agissait de sa plus grande force. Elle pouvait parler avec tout le monde avec profondeur et ne se privait pas de le faire. Elle avait un int\u00e9r\u00eat sinc\u00e8re pour les gens. <\/p>\n<p>Charmaine a travaill\u00e9 durant plus de vingt ans au sein de la CWHBA et a notamment occup\u00e9 les fonctions de pr\u00e9sidente de la section de la Saskatchewan, de secr\u00e9taire-tr\u00e9sori\u00e8re nationale et de pr\u00e9sidente nationale. Elle a \u00e9galement assum\u00e9 les responsabilit\u00e9s d\u2019inspectrice principale et de juge qualifi\u00e9e pour les International Young Breeders.<\/p>\n<p>Sur le plan personnel, elle entretenait un lien avec l\u2019industrie gr\u00e2ce \u00e0 ses r\u00f4les d\u2019\u00e9leveuse, d\u2019\u00e9talonni\u00e8re et de cavali\u00e8re accomplie en dressage. <\/p>\n<p>Nous pr\u00e9sentons nos plus sinc\u00e8res condol\u00e9ances \u00e0 son mari, John, qui a pris soin d\u2019elle seul durant ces mois difficiles. Le soutien et la compr\u00e9hension de John au cours des derni\u00e8res ann\u00e9es ont permis \u00e0 Charmaine d\u2019occuper une place importante au sein de notre communaut\u00e9. Il avait \u00e9galement la chance de profiter des talents culinaires de Charmaine, ainsi que de son sens aigu des affaires, des facettes dont seuls quelques-uns d\u2019entre nous ont pu b\u00e9n\u00e9ficier. <\/p>\n<p>Bien que ce d\u00e9nouement \u00e9tait pr\u00e9vu, nous n\u2019\u00e9tions pas pr\u00eats \u00e0 lui dire au revoir et nous en sommes tr\u00e8s attrist\u00e9s. Elle nous manque et nous continuerons \u00e0 penser \u00e0 elle pour les ann\u00e9es \u00e0 venir. <\/p>\n<p>Veuillez nous partager vos souvenirs et vos anecdotes \u00e0 l\u2019adresse suivante : <a href=\"mailto:submissons@canadianwarmbloods.com\" target=\"_blank\" rel=\"noopener\">submissons@canadianwarmbloods.com<\/a>.<\/p>\n<p><i>Charmaine Bergman de Prince Albert (Saskatchewan) \u00e9tait une membre fort appr\u00e9ci\u00e9e du Comit\u00e9 du d\u00e9veloppement de l\u2019industrie \u00e9quine de Canada \u00c9questre (CE) et une membre votante de la cat\u00e9gorie C.&nbsp;<\/i><\/p>\n<p><img src='\/wp-content\/uploads\/cdn\/storage\/images_v2\/Charmaine_2484web.jpg' alt='In Memoriam: Charmaine Bergman' \/><\/p>\n<p><i><b>Source <\/b>: Gracieuset\u00e9 de la Canadian Warmblood Horse Breeders Association<\/i><\/p>\n","protected":false},"excerpt":{"rendered":"<p>Un phare s\u2019est \u00e9teint beaucoup trop t\u00f4t et beaucoup trop vite. Charmaine nous a quitt\u00e9s aujourd\u2019hui (24 f\u00e9vrier) \u00e0 la suite de la r\u00e9cidive d\u2019un cancer qui s\u2019est attaqu\u00e9 \u00e0 sa colonne vert\u00e9brale. Toujours positive, elle a dirig\u00e9 la CWHBA durant une p\u00e9riode difficile de r\u00e9cup\u00e9ration, tout en se remettant elle-m\u00eame d\u2019un cancer pr\u00e9c\u00e9dent. Durant [&hellip;]<\/p>\n","protected":false},"author":3,"featured_media":12785,"comment_status":"open","ping_status":"open","sticky":false,"template":"","format":"standard","meta":{"_acf_changed":false,"footnotes":""},"categories":[241],"tags":[],"class_list":["post-26575","post","type-post","status-publish","format-standard","has-post-thumbnail","hentry","category-anciens-articles"],"acf":[],"yoast_head":"<!-- This site is optimized with the Yoast SEO plugin v27.0 - https:\/\/yoast.com\/product\/yoast-seo-wordpress\/ -->\n<title>\u00c0 la m\u00e9moire de Charmaine Bergman - Equestrian Canada<\/title>\n<meta name=\"robots\" content=\"index, follow, max-snippet:-1, max-image-preview:large, max-video-preview:-1\" \/>\n<link rel=\"canonical\" href=\"https:\/\/equestrian.ca\/fr\/anciens-articles\/a-la-memoire-de-charmaine-bergman\/\" \/>\n<meta property=\"og:locale\" content=\"fr_CA\" \/>\n<meta property=\"og:type\" content=\"article\" \/>\n<meta property=\"og:title\" content=\"\u00c0 la m\u00e9moire de Charmaine Bergman - Equestrian Canada\" \/>\n<meta property=\"og:description\" content=\"Un phare s\u2019est \u00e9teint beaucoup trop t\u00f4t et beaucoup trop vite. Charmaine nous a quitt\u00e9s aujourd\u2019hui (24 f\u00e9vrier) \u00e0 la suite de la r\u00e9cidive d\u2019un cancer qui s\u2019est attaqu\u00e9 \u00e0 sa colonne vert\u00e9brale. Toujours positive, elle a dirig\u00e9 la CWHBA durant une p\u00e9riode difficile de r\u00e9cup\u00e9ration, tout en se remettant elle-m\u00eame d\u2019un cancer pr\u00e9c\u00e9dent. Durant [&hellip;]\" \/>\n<meta property=\"og:url\" content=\"https:\/\/equestrian.ca\/fr\/anciens-articles\/a-la-memoire-de-charmaine-bergman\/\" \/>\n<meta property=\"og:site_name\" content=\"Equestrian Canada\" \/>\n<meta property=\"article:published_time\" content=\"2021-02-26T00:00:00+00:00\" \/>\n<meta property=\"og:image\" content=\"https:\/\/equestrian.ca\/wp-content\/uploads\/2024\/01\/Charmaine_2484web.jpg\" \/>\n\t<meta property=\"og:image:width\" content=\"500\" \/>\n\t<meta property=\"og:image:height\" content=\"563\" \/>\n\t<meta property=\"og:image:type\" content=\"image\/jpeg\" \/>\n<meta name=\"author\" content=\"Berry\" \/>\n<meta name=\"twitter:card\" content=\"summary_large_image\" \/>\n<meta name=\"twitter:label1\" content=\"\u00c9crit par\" \/>\n\t<meta name=\"twitter:data1\" content=\"Berry\" \/>\n\t<meta name=\"twitter:label2\" content=\"Estimation du temps de lecture\" \/>\n\t<meta name=\"twitter:data2\" content=\"2 minutes\" \/>\n<script type=\"application\/ld+json\" class=\"yoast-schema-graph\">{\"@context\":\"https:\/\/schema.org\",\"@graph\":[{\"@type\":\"Article\",\"@id\":\"https:\/\/equestrian.ca\/fr\/anciens-articles\/a-la-memoire-de-charmaine-bergman\/#article\",\"isPartOf\":{\"@id\":\"https:\/\/equestrian.ca\/fr\/anciens-articles\/a-la-memoire-de-charmaine-bergman\/\"},\"author\":{\"name\":\"Berry\",\"@id\":\"https:\/\/equestrian.ca\/fr\/#\/schema\/person\/9abd3ba4d1027626b07355668e4ee3ad\"},\"headline\":\"\u00c0 la m\u00e9moire de Charmaine Bergman\",\"datePublished\":\"2021-02-26T00:00:00+00:00\",\"mainEntityOfPage\":{\"@id\":\"https:\/\/equestrian.ca\/fr\/anciens-articles\/a-la-memoire-de-charmaine-bergman\/\"},\"wordCount\":500,\"commentCount\":0,\"image\":{\"@id\":\"https:\/\/equestrian.ca\/fr\/anciens-articles\/a-la-memoire-de-charmaine-bergman\/#primaryimage\"},\"thumbnailUrl\":\"https:\/\/equestrian.ca\/wp-content\/uploads\/2024\/01\/Charmaine_2484web.jpg\",\"articleSection\":[\"Anciens articles\"],\"inLanguage\":\"fr-CA\",\"potentialAction\":[{\"@type\":\"CommentAction\",\"name\":\"Comment\",\"target\":[\"https:\/\/equestrian.ca\/fr\/anciens-articles\/a-la-memoire-de-charmaine-bergman\/#respond\"]}]},{\"@type\":\"WebPage\",\"@id\":\"https:\/\/equestrian.ca\/fr\/anciens-articles\/a-la-memoire-de-charmaine-bergman\/\",\"url\":\"https:\/\/equestrian.ca\/fr\/anciens-articles\/a-la-memoire-de-charmaine-bergman\/\",\"name\":\"\u00c0 la m\u00e9moire de Charmaine Bergman - Equestrian Canada\",\"isPartOf\":{\"@id\":\"https:\/\/equestrian.ca\/fr\/#website\"},\"primaryImageOfPage\":{\"@id\":\"https:\/\/equestrian.ca\/fr\/anciens-articles\/a-la-memoire-de-charmaine-bergman\/#primaryimage\"},\"image\":{\"@id\":\"https:\/\/equestrian.ca\/fr\/anciens-articles\/a-la-memoire-de-charmaine-bergman\/#primaryimage\"},\"thumbnailUrl\":\"https:\/\/equestrian.ca\/wp-content\/uploads\/2024\/01\/Charmaine_2484web.jpg\",\"datePublished\":\"2021-02-26T00:00:00+00:00\",\"author\":{\"@id\":\"https:\/\/equestrian.ca\/fr\/#\/schema\/person\/9abd3ba4d1027626b07355668e4ee3ad\"},\"breadcrumb\":{\"@id\":\"https:\/\/equestrian.ca\/fr\/anciens-articles\/a-la-memoire-de-charmaine-bergman\/#breadcrumb\"},\"inLanguage\":\"fr-CA\",\"potentialAction\":[{\"@type\":\"ReadAction\",\"target\":[\"https:\/\/equestrian.ca\/fr\/anciens-articles\/a-la-memoire-de-charmaine-bergman\/\"]}]},{\"@type\":\"ImageObject\",\"inLanguage\":\"fr-CA\",\"@id\":\"https:\/\/equestrian.ca\/fr\/anciens-articles\/a-la-memoire-de-charmaine-bergman\/#primaryimage\",\"url\":\"https:\/\/equestrian.ca\/wp-content\/uploads\/2024\/01\/Charmaine_2484web.jpg\",\"contentUrl\":\"https:\/\/equestrian.ca\/wp-content\/uploads\/2024\/01\/Charmaine_2484web.jpg\",\"width\":500,\"height\":563},{\"@type\":\"BreadcrumbList\",\"@id\":\"https:\/\/equestrian.ca\/fr\/anciens-articles\/a-la-memoire-de-charmaine-bergman\/#breadcrumb\",\"itemListElement\":[{\"@type\":\"ListItem\",\"position\":1,\"name\":\"Home\",\"item\":\"https:\/\/equestrian.ca\/fr\/\"},{\"@type\":\"ListItem\",\"position\":2,\"name\":\"\u00c0 la m\u00e9moire de Charmaine Bergman\"}]},{\"@type\":\"WebSite\",\"@id\":\"https:\/\/equestrian.ca\/fr\/#website\",\"url\":\"https:\/\/equestrian.ca\/fr\/\",\"name\":\"Equestrian Canada\",\"description\":\"For the love of horses and sport for life.\",\"potentialAction\":[{\"@type\":\"SearchAction\",\"target\":{\"@type\":\"EntryPoint\",\"urlTemplate\":\"https:\/\/equestrian.ca\/fr\/?s={search_term_string}\"},\"query-input\":{\"@type\":\"PropertyValueSpecification\",\"valueRequired\":true,\"valueName\":\"search_term_string\"}}],\"inLanguage\":\"fr-CA\"},{\"@type\":\"Person\",\"@id\":\"https:\/\/equestrian.ca\/fr\/#\/schema\/person\/9abd3ba4d1027626b07355668e4ee3ad\",\"name\":\"Berry\",\"image\":{\"@type\":\"ImageObject\",\"inLanguage\":\"fr-CA\",\"@id\":\"https:\/\/equestrian.ca\/fr\/#\/schema\/person\/image\/\",\"url\":\"https:\/\/secure.gravatar.com\/avatar\/882da3b67056b0c608086d3c77de46948b64244a4c249e81e0bf04a8095ce320?s=96&d=mm&r=g\",\"contentUrl\":\"https:\/\/secure.gravatar.com\/avatar\/882da3b67056b0c608086d3c77de46948b64244a4c249e81e0bf04a8095ce320?s=96&d=mm&r=g\",\"caption\":\"Berry\"},\"url\":\"https:\/\/equestrian.ca\/fr\/author\/mberry\/\"}]}<\/script>\n<!-- \/ Yoast SEO plugin. -->","yoast_head_json":{"title":"\u00c0 la m\u00e9moire de Charmaine Bergman - Equestrian Canada","robots":{"index":"index","follow":"follow","max-snippet":"max-snippet:-1","max-image-preview":"max-image-preview:large","max-video-preview":"max-video-preview:-1"},"canonical":"https:\/\/equestrian.ca\/fr\/anciens-articles\/a-la-memoire-de-charmaine-bergman\/","og_locale":"fr_CA","og_type":"article","og_title":"\u00c0 la m\u00e9moire de Charmaine Bergman - Equestrian Canada","og_description":"Un phare s\u2019est \u00e9teint beaucoup trop t\u00f4t et beaucoup trop vite. Charmaine nous a quitt\u00e9s aujourd\u2019hui (24 f\u00e9vrier) \u00e0 la suite de la r\u00e9cidive d\u2019un cancer qui s\u2019est attaqu\u00e9 \u00e0 sa colonne vert\u00e9brale. Toujours positive, elle a dirig\u00e9 la CWHBA durant une p\u00e9riode difficile de r\u00e9cup\u00e9ration, tout en se remettant elle-m\u00eame d\u2019un cancer pr\u00e9c\u00e9dent. Durant [&hellip;]","og_url":"https:\/\/equestrian.ca\/fr\/anciens-articles\/a-la-memoire-de-charmaine-bergman\/","og_site_name":"Equestrian Canada","article_published_time":"2021-02-26T00:00:00+00:00","og_image":[{"width":500,"height":563,"url":"https:\/\/equestrian.ca\/wp-content\/uploads\/2024\/01\/Charmaine_2484web.jpg","type":"image\/jpeg"}],"author":"Berry","twitter_card":"summary_large_image","twitter_misc":{"\u00c9crit par":"Berry","Estimation du temps de lecture":"2 minutes"},"schema":{"@context":"https:\/\/schema.org","@graph":[{"@type":"Article","@id":"https:\/\/equestrian.ca\/fr\/anciens-articles\/a-la-memoire-de-charmaine-bergman\/#article","isPartOf":{"@id":"https:\/\/equestrian.ca\/fr\/anciens-articles\/a-la-memoire-de-charmaine-bergman\/"},"author":{"name":"Berry","@id":"https:\/\/equestrian.ca\/fr\/#\/schema\/person\/9abd3ba4d1027626b07355668e4ee3ad"},"headline":"\u00c0 la m\u00e9moire de Charmaine Bergman","datePublished":"2021-02-26T00:00:00+00:00","mainEntityOfPage":{"@id":"https:\/\/equestrian.ca\/fr\/anciens-articles\/a-la-memoire-de-charmaine-bergman\/"},"wordCount":500,"commentCount":0,"image":{"@id":"https:\/\/equestrian.ca\/fr\/anciens-articles\/a-la-memoire-de-charmaine-bergman\/#primaryimage"},"thumbnailUrl":"https:\/\/equestrian.ca\/wp-content\/uploads\/2024\/01\/Charmaine_2484web.jpg","articleSection":["Anciens articles"],"inLanguage":"fr-CA","potentialAction":[{"@type":"CommentAction","name":"Comment","target":["https:\/\/equestrian.ca\/fr\/anciens-articles\/a-la-memoire-de-charmaine-bergman\/#respond"]}]},{"@type":"WebPage","@id":"https:\/\/equestrian.ca\/fr\/anciens-articles\/a-la-memoire-de-charmaine-bergman\/","url":"https:\/\/equestrian.ca\/fr\/anciens-articles\/a-la-memoire-de-charmaine-bergman\/","name":"\u00c0 la m\u00e9moire de Charmaine Bergman - Equestrian Canada","isPartOf":{"@id":"https:\/\/equestrian.ca\/fr\/#website"},"primaryImageOfPage":{"@id":"https:\/\/equestrian.ca\/fr\/anciens-articles\/a-la-memoire-de-charmaine-bergman\/#primaryimage"},"image":{"@id":"https:\/\/equestrian.ca\/fr\/anciens-articles\/a-la-memoire-de-charmaine-bergman\/#primaryimage"},"thumbnailUrl":"https:\/\/equestrian.ca\/wp-content\/uploads\/2024\/01\/Charmaine_2484web.jpg","datePublished":"2021-02-26T00:00:00+00:00","author":{"@id":"https:\/\/equestrian.ca\/fr\/#\/schema\/person\/9abd3ba4d1027626b07355668e4ee3ad"},"breadcrumb":{"@id":"https:\/\/equestrian.ca\/fr\/anciens-articles\/a-la-memoire-de-charmaine-bergman\/#breadcrumb"},"inLanguage":"fr-CA","potentialAction":[{"@type":"ReadAction","target":["https:\/\/equestrian.ca\/fr\/anciens-articles\/a-la-memoire-de-charmaine-bergman\/"]}]},{"@type":"ImageObject","inLanguage":"fr-CA","@id":"https:\/\/equestrian.ca\/fr\/anciens-articles\/a-la-memoire-de-charmaine-bergman\/#primaryimage","url":"https:\/\/equestrian.ca\/wp-content\/uploads\/2024\/01\/Charmaine_2484web.jpg","contentUrl":"https:\/\/equestrian.ca\/wp-content\/uploads\/2024\/01\/Charmaine_2484web.jpg","width":500,"height":563},{"@type":"BreadcrumbList","@id":"https:\/\/equestrian.ca\/fr\/anciens-articles\/a-la-memoire-de-charmaine-bergman\/#breadcrumb","itemListElement":[{"@type":"ListItem","position":1,"name":"Home","item":"https:\/\/equestrian.ca\/fr\/"},{"@type":"ListItem","position":2,"name":"\u00c0 la m\u00e9moire de Charmaine Bergman"}]},{"@type":"WebSite","@id":"https:\/\/equestrian.ca\/fr\/#website","url":"https:\/\/equestrian.ca\/fr\/","name":"Equestrian Canada","description":"For the love of horses and sport for life.","potentialAction":[{"@type":"SearchAction","target":{"@type":"EntryPoint","urlTemplate":"https:\/\/equestrian.ca\/fr\/?s={search_term_string}"},"query-input":{"@type":"PropertyValueSpecification","valueRequired":true,"valueName":"search_term_string"}}],"inLanguage":"fr-CA"},{"@type":"Person","@id":"https:\/\/equestrian.ca\/fr\/#\/schema\/person\/9abd3ba4d1027626b07355668e4ee3ad","name":"Berry","image":{"@type":"ImageObject","inLanguage":"fr-CA","@id":"https:\/\/equestrian.ca\/fr\/#\/schema\/person\/image\/","url":"https:\/\/secure.gravatar.com\/avatar\/882da3b67056b0c608086d3c77de46948b64244a4c249e81e0bf04a8095ce320?s=96&d=mm&r=g","contentUrl":"https:\/\/secure.gravatar.com\/avatar\/882da3b67056b0c608086d3c77de46948b64244a4c249e81e0bf04a8095ce320?s=96&d=mm&r=g","caption":"Berry"},"url":"https:\/\/equestrian.ca\/fr\/author\/mberry\/"}]}},"_links":{"self":[{"href":"https:\/\/equestrian.ca\/fr\/wp-json\/wp\/v2\/posts\/26575","targetHints":{"allow":["GET"]}}],"collection":[{"href":"https:\/\/equestrian.ca\/fr\/wp-json\/wp\/v2\/posts"}],"about":[{"href":"https:\/\/equestrian.ca\/fr\/wp-json\/wp\/v2\/types\/post"}],"author":[{"embeddable":true,"href":"https:\/\/equestrian.ca\/fr\/wp-json\/wp\/v2\/users\/3"}],"replies":[{"embeddable":true,"href":"https:\/\/equestrian.ca\/fr\/wp-json\/wp\/v2\/comments?post=26575"}],"version-history":[{"count":0,"href":"https:\/\/equestrian.ca\/fr\/wp-json\/wp\/v2\/posts\/26575\/revisions"}],"wp:featuredmedia":[{"embeddable":true,"href":"https:\/\/equestrian.ca\/fr\/wp-json\/wp\/v2\/media\/12785"}],"wp:attachment":[{"href":"https:\/\/equestrian.ca\/fr\/wp-json\/wp\/v2\/media?parent=26575"}],"wp:term":[{"taxonomy":"category","embeddable":true,"href":"https:\/\/equestrian.ca\/fr\/wp-json\/wp\/v2\/categories?post=26575"},{"taxonomy":"post_tag","embeddable":true,"href":"https:\/\/equestrian.ca\/fr\/wp-json\/wp\/v2\/tags?post=26575"}],"curies":[{"name":"wp","href":"https:\/\/api.w.org\/{rel}","templated":true}]}}