{"id":26566,"date":"2019-04-03T00:00:00","date_gmt":"2019-04-03T00:00:00","guid":{"rendered":"https:\/\/equestrian.ca\/news\/invitation-aux-cavaliers-de-14-a-21-ans-representez-le-canada-aux-championnats-nord-americains-de-la-jeunesse\/"},"modified":"2019-04-03T00:00:00","modified_gmt":"2019-04-03T00:00:00","slug":"invitation-aux-cavaliers-de-14-a-21-ans-representez-le-canada-aux-championnats-nord-americains-de-la-jeunesse","status":"publish","type":"post","link":"https:\/\/equestrian.ca\/fr\/anciens-articles\/invitation-aux-cavaliers-de-14-a-21-ans-representez-le-canada-aux-championnats-nord-americains-de-la-jeunesse\/","title":{"rendered":"Invitation aux cavaliers de 14 \u00e0 21 ans! Repr\u00e9sentez le Canada aux Championnats nord-am\u00e9ricains de la jeunesse"},"content":{"rendered":"<p>Les <a href=\"https:\/\/www.usef.org\/events\/youth-championships\" target=\"_blank\" rel=\"noopener\">Championnats nord-am\u00e9ricains de jeunesse de la FEI (CNAJ)<\/a>, anciennement connus sous le nom de Championnats nord-am\u00e9ricains juniors et pour jeunes cavaliers de la FEI est la plus importante comp\u00e9tition \u00e9questre en Am\u00e9rique du Nord pour les jeunes cavaliers de 14 \u00e0 21, de cat\u00e9gorie junior et jeunesse. Les jeunes cavaliers sont invit\u00e9s du Canada, des \u00c9tats-Unis, du Mexique et des Cara\u00efbes pour tenter de remporter les m\u00e9dailles individuelles et par \u00e9quipe.<\/p>\n<p><img src='\/wp-content\/uploads\/cdn\/storage\/images_v2\/2018-NAYC---Jumping-Team-2-by-Equestrian-Canada.jpg' alt='Calling Equestrians Aged 14-21! Represent Canada at the North American Youth Championships' \/><\/p>\n<p><i>\u2028<b>Source<\/b> : \u00a9EC<\/i><\/p>\n<p>D\u00e9marrez votre parcours aux CNAJ 2019 avec les renseignements ci-dessous :<\/p>\n<p>Concours complet&nbsp;<\/p>\n<p><b>Date<\/b> : 24 au 28 juillet<br \/><b>Lieu<\/b> : Rebecca Farm \u2013 Kalispell, Montana<br \/><b>Date limite de d\u00e9claration d\u2019int\u00e9r\u00eat<\/b> : 23 juin (pour les duos athl\u00e8tes\/chevaux. La date limite pour les OPTS est d\u00e9j\u00e0 pass\u00e9e)<br \/><b>Trousse d\u2019information<\/b> : <a href=\"https:\/\/www.equestrian.ca\/cdn\/storage\/resources_v2\/gmTsGowSxg48wQ54m\/original\/gmTsGowSxg48wQ54m.pdf\" target=\"_blank\" rel=\"noopener\">Ligues directrices en mati\u00e8re de qualification et de proc\u00e9dures d\u2019inscription au CNAJ 2019<\/a><br \/><b>Portail de d\u00e9claration<\/b> : <a href=\"https:\/\/licence.equestrian.ca\/ccicic\/login.aspx\" target=\"_blank\" rel=\"noopener\">Portail d\u2019autorisation de concours complet FEI de CE<\/a>\u2028<\/p>\n<p><img src='\/wp-content\/uploads\/cdn\/storage\/images_v2\/2018-NAYC---Tosca-Holmes-Smith-&#038;-Tom-Riddle---Cross-Country---by-Erin-Gilmore.jpg' alt='Calling Equestrians Aged 14-21! Represent Canada at the North American Youth Championships' \/><\/p>\n<p><i><b>Source<\/b> : Erin Gilmore pour Shannon Brinkman Photo<\/i><\/p>\n<p>Saut d\u2019obstacles<\/p>\n<p><b>Date<\/b> : 31 juillet au 4 ao\u00fbt<br \/><b>Lieu<\/b> : Old Salem Farm \u2013 North Salem, New York<br \/><b>Date limite de d\u00e9claration d\u2019int\u00e9r\u00eat<\/b> : 10 juin<br \/><b>Trousse d\u2019information<\/b> : <a href=\"https:\/\/www.equestrian.ca\/cdn\/storage\/resources_v2\/mmYzMZjZGyz7j6CMa\/original\/mmYzMZjZGyz7j6CMa.pdf\" target=\"_blank\" rel=\"noopener\">Crit\u00e8res de s\u00e9lection du CNAJ 2019 \u2013 Saut d\u2019obstacles<\/a><\/p>\n<p><img src='\/wp-content\/uploads\/cdn\/storage\/images_v2\/2018-NAYC-Jumping---Childrens-Podium---Ava-Wong-Stella-Chernoff-Olivia-Stephenson-Charlotte-McLaughlin-&#038;-Eric-Krawitt---by-Cealy-Tetley.jpg' alt='Calling Equestrians Aged 14-21! Represent Canada at the North American Youth Championships' \/><\/p>\n<p><i>\u2028<b>Source<\/b> : Cealy Tetley<\/i><\/p>\n","protected":false},"excerpt":{"rendered":"<p>Les Championnats nord-am\u00e9ricains de jeunesse de la FEI (CNAJ), anciennement connus sous le nom de Championnats nord-am\u00e9ricains juniors et pour jeunes cavaliers de la FEI est la plus importante comp\u00e9tition \u00e9questre en Am\u00e9rique du Nord pour les jeunes cavaliers de 14 \u00e0 21, de cat\u00e9gorie junior et jeunesse. Les jeunes cavaliers sont invit\u00e9s du Canada, [&hellip;]<\/p>\n","protected":false},"author":3,"featured_media":12291,"comment_status":"open","ping_status":"open","sticky":false,"template":"","format":"standard","meta":{"_acf_changed":false,"footnotes":""},"categories":[241],"tags":[],"class_list":["post-26566","post","type-post","status-publish","format-standard","has-post-thumbnail","hentry","category-anciens-articles"],"acf":[],"yoast_head":"<!-- This site is optimized with the Yoast SEO plugin v27.0 - https:\/\/yoast.com\/product\/yoast-seo-wordpress\/ -->\n<title>Invitation aux cavaliers de 14 \u00e0 21 ans! Repr\u00e9sentez le Canada aux Championnats nord-am\u00e9ricains de la jeunesse - Equestrian Canada<\/title>\n<meta name=\"robots\" content=\"index, follow, max-snippet:-1, max-image-preview:large, max-video-preview:-1\" \/>\n<link rel=\"canonical\" href=\"https:\/\/equestrian.ca\/fr\/anciens-articles\/invitation-aux-cavaliers-de-14-a-21-ans-representez-le-canada-aux-championnats-nord-americains-de-la-jeunesse\/\" \/>\n<meta property=\"og:locale\" content=\"fr_CA\" \/>\n<meta property=\"og:type\" content=\"article\" \/>\n<meta property=\"og:title\" content=\"Invitation aux cavaliers de 14 \u00e0 21 ans! Repr\u00e9sentez le Canada aux Championnats nord-am\u00e9ricains de la jeunesse - Equestrian Canada\" \/>\n<meta property=\"og:description\" content=\"Les Championnats nord-am\u00e9ricains de jeunesse de la FEI (CNAJ), anciennement connus sous le nom de Championnats nord-am\u00e9ricains juniors et pour jeunes cavaliers de la FEI est la plus importante comp\u00e9tition \u00e9questre en Am\u00e9rique du Nord pour les jeunes cavaliers de 14 \u00e0 21, de cat\u00e9gorie junior et jeunesse. Les jeunes cavaliers sont invit\u00e9s du Canada, [&hellip;]\" \/>\n<meta property=\"og:url\" content=\"https:\/\/equestrian.ca\/fr\/anciens-articles\/invitation-aux-cavaliers-de-14-a-21-ans-representez-le-canada-aux-championnats-nord-americains-de-la-jeunesse\/\" \/>\n<meta property=\"og:site_name\" content=\"Equestrian Canada\" \/>\n<meta property=\"article:published_time\" content=\"2019-04-03T00:00:00+00:00\" \/>\n<meta property=\"og:image\" content=\"https:\/\/equestrian.ca\/wp-content\/uploads\/2024\/01\/2018-NAYC-Dressage-YR-Team-Podium-Camille-Carier-Bergeron-Rakeya-Moussa-Beatrice-Boucher-by-Cealy-Tetley.jpg\" \/>\n\t<meta property=\"og:image:width\" content=\"900\" \/>\n\t<meta property=\"og:image:height\" content=\"1200\" \/>\n\t<meta property=\"og:image:type\" content=\"image\/jpeg\" \/>\n<meta name=\"author\" content=\"Berry\" \/>\n<meta name=\"twitter:card\" content=\"summary_large_image\" \/>\n<meta name=\"twitter:label1\" content=\"\u00c9crit par\" \/>\n\t<meta name=\"twitter:data1\" content=\"Berry\" \/>\n\t<meta name=\"twitter:label2\" content=\"Estimation du temps de lecture\" \/>\n\t<meta name=\"twitter:data2\" content=\"1 minute\" \/>\n<script type=\"application\/ld+json\" class=\"yoast-schema-graph\">{\"@context\":\"https:\/\/schema.org\",\"@graph\":[{\"@type\":\"Article\",\"@id\":\"https:\/\/equestrian.ca\/fr\/anciens-articles\/invitation-aux-cavaliers-de-14-a-21-ans-representez-le-canada-aux-championnats-nord-americains-de-la-jeunesse\/#article\",\"isPartOf\":{\"@id\":\"https:\/\/equestrian.ca\/fr\/anciens-articles\/invitation-aux-cavaliers-de-14-a-21-ans-representez-le-canada-aux-championnats-nord-americains-de-la-jeunesse\/\"},\"author\":{\"name\":\"Berry\",\"@id\":\"https:\/\/equestrian.ca\/fr\/#\/schema\/person\/9abd3ba4d1027626b07355668e4ee3ad\"},\"headline\":\"Invitation aux cavaliers de 14 \u00e0 21 ans! Repr\u00e9sentez le Canada aux Championnats nord-am\u00e9ricains de la jeunesse\",\"datePublished\":\"2019-04-03T00:00:00+00:00\",\"mainEntityOfPage\":{\"@id\":\"https:\/\/equestrian.ca\/fr\/anciens-articles\/invitation-aux-cavaliers-de-14-a-21-ans-representez-le-canada-aux-championnats-nord-americains-de-la-jeunesse\/\"},\"wordCount\":223,\"commentCount\":0,\"image\":{\"@id\":\"https:\/\/equestrian.ca\/fr\/anciens-articles\/invitation-aux-cavaliers-de-14-a-21-ans-representez-le-canada-aux-championnats-nord-americains-de-la-jeunesse\/#primaryimage\"},\"thumbnailUrl\":\"https:\/\/equestrian.ca\/wp-content\/uploads\/2024\/01\/2018-NAYC-Dressage-YR-Team-Podium-Camille-Carier-Bergeron-Rakeya-Moussa-Beatrice-Boucher-by-Cealy-Tetley.jpg\",\"articleSection\":[\"Anciens articles\"],\"inLanguage\":\"fr-CA\",\"potentialAction\":[{\"@type\":\"CommentAction\",\"name\":\"Comment\",\"target\":[\"https:\/\/equestrian.ca\/fr\/anciens-articles\/invitation-aux-cavaliers-de-14-a-21-ans-representez-le-canada-aux-championnats-nord-americains-de-la-jeunesse\/#respond\"]}]},{\"@type\":\"WebPage\",\"@id\":\"https:\/\/equestrian.ca\/fr\/anciens-articles\/invitation-aux-cavaliers-de-14-a-21-ans-representez-le-canada-aux-championnats-nord-americains-de-la-jeunesse\/\",\"url\":\"https:\/\/equestrian.ca\/fr\/anciens-articles\/invitation-aux-cavaliers-de-14-a-21-ans-representez-le-canada-aux-championnats-nord-americains-de-la-jeunesse\/\",\"name\":\"Invitation aux cavaliers de 14 \u00e0 21 ans! Repr\u00e9sentez le Canada aux Championnats nord-am\u00e9ricains de la jeunesse - Equestrian Canada\",\"isPartOf\":{\"@id\":\"https:\/\/equestrian.ca\/fr\/#website\"},\"primaryImageOfPage\":{\"@id\":\"https:\/\/equestrian.ca\/fr\/anciens-articles\/invitation-aux-cavaliers-de-14-a-21-ans-representez-le-canada-aux-championnats-nord-americains-de-la-jeunesse\/#primaryimage\"},\"image\":{\"@id\":\"https:\/\/equestrian.ca\/fr\/anciens-articles\/invitation-aux-cavaliers-de-14-a-21-ans-representez-le-canada-aux-championnats-nord-americains-de-la-jeunesse\/#primaryimage\"},\"thumbnailUrl\":\"https:\/\/equestrian.ca\/wp-content\/uploads\/2024\/01\/2018-NAYC-Dressage-YR-Team-Podium-Camille-Carier-Bergeron-Rakeya-Moussa-Beatrice-Boucher-by-Cealy-Tetley.jpg\",\"datePublished\":\"2019-04-03T00:00:00+00:00\",\"author\":{\"@id\":\"https:\/\/equestrian.ca\/fr\/#\/schema\/person\/9abd3ba4d1027626b07355668e4ee3ad\"},\"breadcrumb\":{\"@id\":\"https:\/\/equestrian.ca\/fr\/anciens-articles\/invitation-aux-cavaliers-de-14-a-21-ans-representez-le-canada-aux-championnats-nord-americains-de-la-jeunesse\/#breadcrumb\"},\"inLanguage\":\"fr-CA\",\"potentialAction\":[{\"@type\":\"ReadAction\",\"target\":[\"https:\/\/equestrian.ca\/fr\/anciens-articles\/invitation-aux-cavaliers-de-14-a-21-ans-representez-le-canada-aux-championnats-nord-americains-de-la-jeunesse\/\"]}]},{\"@type\":\"ImageObject\",\"inLanguage\":\"fr-CA\",\"@id\":\"https:\/\/equestrian.ca\/fr\/anciens-articles\/invitation-aux-cavaliers-de-14-a-21-ans-representez-le-canada-aux-championnats-nord-americains-de-la-jeunesse\/#primaryimage\",\"url\":\"https:\/\/equestrian.ca\/wp-content\/uploads\/2024\/01\/2018-NAYC-Dressage-YR-Team-Podium-Camille-Carier-Bergeron-Rakeya-Moussa-Beatrice-Boucher-by-Cealy-Tetley.jpg\",\"contentUrl\":\"https:\/\/equestrian.ca\/wp-content\/uploads\/2024\/01\/2018-NAYC-Dressage-YR-Team-Podium-Camille-Carier-Bergeron-Rakeya-Moussa-Beatrice-Boucher-by-Cealy-Tetley.jpg\",\"width\":900,\"height\":1200},{\"@type\":\"BreadcrumbList\",\"@id\":\"https:\/\/equestrian.ca\/fr\/anciens-articles\/invitation-aux-cavaliers-de-14-a-21-ans-representez-le-canada-aux-championnats-nord-americains-de-la-jeunesse\/#breadcrumb\",\"itemListElement\":[{\"@type\":\"ListItem\",\"position\":1,\"name\":\"Home\",\"item\":\"https:\/\/equestrian.ca\/fr\/\"},{\"@type\":\"ListItem\",\"position\":2,\"name\":\"Invitation aux cavaliers de 14 \u00e0 21 ans! Repr\u00e9sentez le Canada aux Championnats nord-am\u00e9ricains de la jeunesse\"}]},{\"@type\":\"WebSite\",\"@id\":\"https:\/\/equestrian.ca\/fr\/#website\",\"url\":\"https:\/\/equestrian.ca\/fr\/\",\"name\":\"Equestrian Canada\",\"description\":\"For the love of horses and sport for life.\",\"potentialAction\":[{\"@type\":\"SearchAction\",\"target\":{\"@type\":\"EntryPoint\",\"urlTemplate\":\"https:\/\/equestrian.ca\/fr\/?s={search_term_string}\"},\"query-input\":{\"@type\":\"PropertyValueSpecification\",\"valueRequired\":true,\"valueName\":\"search_term_string\"}}],\"inLanguage\":\"fr-CA\"},{\"@type\":\"Person\",\"@id\":\"https:\/\/equestrian.ca\/fr\/#\/schema\/person\/9abd3ba4d1027626b07355668e4ee3ad\",\"name\":\"Berry\",\"image\":{\"@type\":\"ImageObject\",\"inLanguage\":\"fr-CA\",\"@id\":\"https:\/\/equestrian.ca\/fr\/#\/schema\/person\/image\/\",\"url\":\"https:\/\/secure.gravatar.com\/avatar\/882da3b67056b0c608086d3c77de46948b64244a4c249e81e0bf04a8095ce320?s=96&d=mm&r=g\",\"contentUrl\":\"https:\/\/secure.gravatar.com\/avatar\/882da3b67056b0c608086d3c77de46948b64244a4c249e81e0bf04a8095ce320?s=96&d=mm&r=g\",\"caption\":\"Berry\"},\"url\":\"https:\/\/equestrian.ca\/fr\/author\/mberry\/\"}]}<\/script>\n<!-- \/ Yoast SEO plugin. -->","yoast_head_json":{"title":"Invitation aux cavaliers de 14 \u00e0 21 ans! Repr\u00e9sentez le Canada aux Championnats nord-am\u00e9ricains de la jeunesse - Equestrian Canada","robots":{"index":"index","follow":"follow","max-snippet":"max-snippet:-1","max-image-preview":"max-image-preview:large","max-video-preview":"max-video-preview:-1"},"canonical":"https:\/\/equestrian.ca\/fr\/anciens-articles\/invitation-aux-cavaliers-de-14-a-21-ans-representez-le-canada-aux-championnats-nord-americains-de-la-jeunesse\/","og_locale":"fr_CA","og_type":"article","og_title":"Invitation aux cavaliers de 14 \u00e0 21 ans! Repr\u00e9sentez le Canada aux Championnats nord-am\u00e9ricains de la jeunesse - Equestrian Canada","og_description":"Les Championnats nord-am\u00e9ricains de jeunesse de la FEI (CNAJ), anciennement connus sous le nom de Championnats nord-am\u00e9ricains juniors et pour jeunes cavaliers de la FEI est la plus importante comp\u00e9tition \u00e9questre en Am\u00e9rique du Nord pour les jeunes cavaliers de 14 \u00e0 21, de cat\u00e9gorie junior et jeunesse. Les jeunes cavaliers sont invit\u00e9s du Canada, [&hellip;]","og_url":"https:\/\/equestrian.ca\/fr\/anciens-articles\/invitation-aux-cavaliers-de-14-a-21-ans-representez-le-canada-aux-championnats-nord-americains-de-la-jeunesse\/","og_site_name":"Equestrian Canada","article_published_time":"2019-04-03T00:00:00+00:00","og_image":[{"width":900,"height":1200,"url":"https:\/\/equestrian.ca\/wp-content\/uploads\/2024\/01\/2018-NAYC-Dressage-YR-Team-Podium-Camille-Carier-Bergeron-Rakeya-Moussa-Beatrice-Boucher-by-Cealy-Tetley.jpg","type":"image\/jpeg"}],"author":"Berry","twitter_card":"summary_large_image","twitter_misc":{"\u00c9crit par":"Berry","Estimation du temps de lecture":"1 minute"},"schema":{"@context":"https:\/\/schema.org","@graph":[{"@type":"Article","@id":"https:\/\/equestrian.ca\/fr\/anciens-articles\/invitation-aux-cavaliers-de-14-a-21-ans-representez-le-canada-aux-championnats-nord-americains-de-la-jeunesse\/#article","isPartOf":{"@id":"https:\/\/equestrian.ca\/fr\/anciens-articles\/invitation-aux-cavaliers-de-14-a-21-ans-representez-le-canada-aux-championnats-nord-americains-de-la-jeunesse\/"},"author":{"name":"Berry","@id":"https:\/\/equestrian.ca\/fr\/#\/schema\/person\/9abd3ba4d1027626b07355668e4ee3ad"},"headline":"Invitation aux cavaliers de 14 \u00e0 21 ans! Repr\u00e9sentez le Canada aux Championnats nord-am\u00e9ricains de la jeunesse","datePublished":"2019-04-03T00:00:00+00:00","mainEntityOfPage":{"@id":"https:\/\/equestrian.ca\/fr\/anciens-articles\/invitation-aux-cavaliers-de-14-a-21-ans-representez-le-canada-aux-championnats-nord-americains-de-la-jeunesse\/"},"wordCount":223,"commentCount":0,"image":{"@id":"https:\/\/equestrian.ca\/fr\/anciens-articles\/invitation-aux-cavaliers-de-14-a-21-ans-representez-le-canada-aux-championnats-nord-americains-de-la-jeunesse\/#primaryimage"},"thumbnailUrl":"https:\/\/equestrian.ca\/wp-content\/uploads\/2024\/01\/2018-NAYC-Dressage-YR-Team-Podium-Camille-Carier-Bergeron-Rakeya-Moussa-Beatrice-Boucher-by-Cealy-Tetley.jpg","articleSection":["Anciens articles"],"inLanguage":"fr-CA","potentialAction":[{"@type":"CommentAction","name":"Comment","target":["https:\/\/equestrian.ca\/fr\/anciens-articles\/invitation-aux-cavaliers-de-14-a-21-ans-representez-le-canada-aux-championnats-nord-americains-de-la-jeunesse\/#respond"]}]},{"@type":"WebPage","@id":"https:\/\/equestrian.ca\/fr\/anciens-articles\/invitation-aux-cavaliers-de-14-a-21-ans-representez-le-canada-aux-championnats-nord-americains-de-la-jeunesse\/","url":"https:\/\/equestrian.ca\/fr\/anciens-articles\/invitation-aux-cavaliers-de-14-a-21-ans-representez-le-canada-aux-championnats-nord-americains-de-la-jeunesse\/","name":"Invitation aux cavaliers de 14 \u00e0 21 ans! Repr\u00e9sentez le Canada aux Championnats nord-am\u00e9ricains de la jeunesse - Equestrian Canada","isPartOf":{"@id":"https:\/\/equestrian.ca\/fr\/#website"},"primaryImageOfPage":{"@id":"https:\/\/equestrian.ca\/fr\/anciens-articles\/invitation-aux-cavaliers-de-14-a-21-ans-representez-le-canada-aux-championnats-nord-americains-de-la-jeunesse\/#primaryimage"},"image":{"@id":"https:\/\/equestrian.ca\/fr\/anciens-articles\/invitation-aux-cavaliers-de-14-a-21-ans-representez-le-canada-aux-championnats-nord-americains-de-la-jeunesse\/#primaryimage"},"thumbnailUrl":"https:\/\/equestrian.ca\/wp-content\/uploads\/2024\/01\/2018-NAYC-Dressage-YR-Team-Podium-Camille-Carier-Bergeron-Rakeya-Moussa-Beatrice-Boucher-by-Cealy-Tetley.jpg","datePublished":"2019-04-03T00:00:00+00:00","author":{"@id":"https:\/\/equestrian.ca\/fr\/#\/schema\/person\/9abd3ba4d1027626b07355668e4ee3ad"},"breadcrumb":{"@id":"https:\/\/equestrian.ca\/fr\/anciens-articles\/invitation-aux-cavaliers-de-14-a-21-ans-representez-le-canada-aux-championnats-nord-americains-de-la-jeunesse\/#breadcrumb"},"inLanguage":"fr-CA","potentialAction":[{"@type":"ReadAction","target":["https:\/\/equestrian.ca\/fr\/anciens-articles\/invitation-aux-cavaliers-de-14-a-21-ans-representez-le-canada-aux-championnats-nord-americains-de-la-jeunesse\/"]}]},{"@type":"ImageObject","inLanguage":"fr-CA","@id":"https:\/\/equestrian.ca\/fr\/anciens-articles\/invitation-aux-cavaliers-de-14-a-21-ans-representez-le-canada-aux-championnats-nord-americains-de-la-jeunesse\/#primaryimage","url":"https:\/\/equestrian.ca\/wp-content\/uploads\/2024\/01\/2018-NAYC-Dressage-YR-Team-Podium-Camille-Carier-Bergeron-Rakeya-Moussa-Beatrice-Boucher-by-Cealy-Tetley.jpg","contentUrl":"https:\/\/equestrian.ca\/wp-content\/uploads\/2024\/01\/2018-NAYC-Dressage-YR-Team-Podium-Camille-Carier-Bergeron-Rakeya-Moussa-Beatrice-Boucher-by-Cealy-Tetley.jpg","width":900,"height":1200},{"@type":"BreadcrumbList","@id":"https:\/\/equestrian.ca\/fr\/anciens-articles\/invitation-aux-cavaliers-de-14-a-21-ans-representez-le-canada-aux-championnats-nord-americains-de-la-jeunesse\/#breadcrumb","itemListElement":[{"@type":"ListItem","position":1,"name":"Home","item":"https:\/\/equestrian.ca\/fr\/"},{"@type":"ListItem","position":2,"name":"Invitation aux cavaliers de 14 \u00e0 21 ans! Repr\u00e9sentez le Canada aux Championnats nord-am\u00e9ricains de la jeunesse"}]},{"@type":"WebSite","@id":"https:\/\/equestrian.ca\/fr\/#website","url":"https:\/\/equestrian.ca\/fr\/","name":"Equestrian Canada","description":"For the love of horses and sport for life.","potentialAction":[{"@type":"SearchAction","target":{"@type":"EntryPoint","urlTemplate":"https:\/\/equestrian.ca\/fr\/?s={search_term_string}"},"query-input":{"@type":"PropertyValueSpecification","valueRequired":true,"valueName":"search_term_string"}}],"inLanguage":"fr-CA"},{"@type":"Person","@id":"https:\/\/equestrian.ca\/fr\/#\/schema\/person\/9abd3ba4d1027626b07355668e4ee3ad","name":"Berry","image":{"@type":"ImageObject","inLanguage":"fr-CA","@id":"https:\/\/equestrian.ca\/fr\/#\/schema\/person\/image\/","url":"https:\/\/secure.gravatar.com\/avatar\/882da3b67056b0c608086d3c77de46948b64244a4c249e81e0bf04a8095ce320?s=96&d=mm&r=g","contentUrl":"https:\/\/secure.gravatar.com\/avatar\/882da3b67056b0c608086d3c77de46948b64244a4c249e81e0bf04a8095ce320?s=96&d=mm&r=g","caption":"Berry"},"url":"https:\/\/equestrian.ca\/fr\/author\/mberry\/"}]}},"_links":{"self":[{"href":"https:\/\/equestrian.ca\/fr\/wp-json\/wp\/v2\/posts\/26566","targetHints":{"allow":["GET"]}}],"collection":[{"href":"https:\/\/equestrian.ca\/fr\/wp-json\/wp\/v2\/posts"}],"about":[{"href":"https:\/\/equestrian.ca\/fr\/wp-json\/wp\/v2\/types\/post"}],"author":[{"embeddable":true,"href":"https:\/\/equestrian.ca\/fr\/wp-json\/wp\/v2\/users\/3"}],"replies":[{"embeddable":true,"href":"https:\/\/equestrian.ca\/fr\/wp-json\/wp\/v2\/comments?post=26566"}],"version-history":[{"count":0,"href":"https:\/\/equestrian.ca\/fr\/wp-json\/wp\/v2\/posts\/26566\/revisions"}],"wp:featuredmedia":[{"embeddable":true,"href":"https:\/\/equestrian.ca\/fr\/wp-json\/wp\/v2\/media\/12291"}],"wp:attachment":[{"href":"https:\/\/equestrian.ca\/fr\/wp-json\/wp\/v2\/media?parent=26566"}],"wp:term":[{"taxonomy":"category","embeddable":true,"href":"https:\/\/equestrian.ca\/fr\/wp-json\/wp\/v2\/categories?post=26566"},{"taxonomy":"post_tag","embeddable":true,"href":"https:\/\/equestrian.ca\/fr\/wp-json\/wp\/v2\/tags?post=26566"}],"curies":[{"name":"wp","href":"https:\/\/api.w.org\/{rel}","templated":true}]}}