{"id":26472,"date":"2022-12-21T00:00:00","date_gmt":"2022-12-21T00:00:00","guid":{"rendered":"https:\/\/equestrian.ca\/news\/a-la-memoire-de-ceux-et-celles-qui-nous-ont-quittes-en-2022\/"},"modified":"2022-12-21T00:00:00","modified_gmt":"2022-12-21T00:00:00","slug":"a-la-memoire-de-ceux-et-celles-qui-nous-ont-quittes-en-2022","status":"publish","type":"post","link":"https:\/\/equestrian.ca\/fr\/anciens-articles\/a-la-memoire-de-ceux-et-celles-qui-nous-ont-quittes-en-2022\/","title":{"rendered":"\u00c0 la m\u00e9moire de ceux et celles qui nous ont quitt\u00e9s en 2022"},"content":{"rendered":"<p><b>Greg Greenough<\/b> (Edmonton, Alberta) nous a marqu\u00e9s par son soutien et son leadership incroyables dans le milieu \u00e9questre national et international. Plusieurs se souviendront de lui pour sa carri\u00e8re dans le secteur, mais la communaut\u00e9 \u00e9questre se souvient de lui comme un p\u00e8re d\u00e9vou\u00e9 envers sa fille, Gail Greenough, dont il a soutenu la carri\u00e8re en saut d\u2019obstacles. Il a \u00e9t\u00e9 propri\u00e9taire de Mr. T., le cheval sur lequel elle a grav\u00e9 l\u2019histoire en devenant la premi\u00e8re femme et la seule Nord-Am\u00e9ricaine \u00e0 remporter les Championnats du monde d\u2019Aix-la-Chapelle (Allemagne), en 1986.<\/p>\n<p>\u00ab Greg \u00e9tait un pionnier dans le milieu \u00e9questre canadien. Il a g\u00e9n\u00e9reusement fait don de son temps et de son expertise et a \u00e9norm\u00e9ment contribu\u00e9 \u00e0 notre pays en faisant du b\u00e9n\u00e9volat et en partageant sa vision et sa passion pour le changement \u00bb, a d\u00e9clar\u00e9 la chef de la direction de CE, Meg Krueger, au sujet du d\u00e9vouement de M. Greenough. \u00ab Il a occup\u00e9 les fonctions de pr\u00e9sident de CE de 1984 \u00e0 1992 (alors connu sous le nom de F\u00e9d\u00e9ration \u00e9questre canadienne). Il a entretenu une longue relation avec le Comit\u00e9 olympique canadien et la FEI, et ce, tout au long de sa vie. Il a travaill\u00e9 comme mentor aupr\u00e8s d\u2019athl\u00e8tes, de propri\u00e9taires, de chevaux et de nos organismes de sport et leur a offert plusieurs opportunit\u00e9s et un grand soutien. Sa vision a permis au sport \u00e9questre de prosp\u00e9rer et son h\u00e9ritage sera transmis dans les ann\u00e9es \u00e0 venir. \u00bb<\/p>\n<p><img src='\/wp-content\/uploads\/cdn\/storage\/images_v2\/Greg_Greenough_web.jpg' alt='In Memoriam: Remembering those we lost in 2022' \/><\/p>\n<p><b>Southern Pride<\/b> (South Pacific x Carentio) \u00e9tait un \u00e9talon Holsteiner de 24 ans appartenant \u00e0 Karen et Blair Cudmore de Heartland Farms (Bennington, Nebraska). Sous la selle de Karen Cudmore, il a repr\u00e9sent\u00e9 l\u2019unifoli\u00e9 \u00e0 de multiples concours, dont les finales de la Coupe du monde FEI de Gen\u00e8ve (Suisse), en 2010. Le couple a \u00e9galement fait office de rempla\u00e7ant aux Jeux panam\u00e9ricains de 2007.<\/p>\n<p><b>Mike Gallagher<\/b> (Codys, Nouveau-Brunswick) \u00e9tait un chef de file d\u00e9vou\u00e9 dans le sport \u00e9questre, autant au Canada que sur la sc\u00e8ne internationale. Il a \u00e9t\u00e9 concurrent, entra\u00eeneur, organisateur de concours, juge et d\u00e9l\u00e9gu\u00e9 technique. C\u2019est avec fiert\u00e9 et enthousiasme qu\u2019il a accompagn\u00e9 l\u2019\u00e9quipe \u00e9questre canadienne (EEC) en comp\u00e9tition internationale, notamment \u00e0 titre de leader et chef d\u2019\u00e9quipe aux Jeux olympiques de 2004 (Ath\u00e8nes) et de 2008 (Beijing), de chef de mission aux Jeux \u00e9questres mondiaux de 2006 (Aix-la-Chapelle) et de leader de l\u2019\u00e9quipe \u00e9questre aux Jeux panam\u00e9ricains de 2007 (Rio de Janeiro). En 2009, Mike Gallagher a \u00e9t\u00e9 nomm\u00e9 \u00e0 la pr\u00e9sidence de CE.<\/p>\n<p>La chef de la direction de CE, Meg Krueger, ne tarissait pas d\u2019\u00e9loges envers M. Gallagher et son leadership : \u00ab Mike \u00e9tait un leader passionn\u00e9 qui d\u00e9fendait le sport \u00e9questre au Canada. Il a repr\u00e9sent\u00e9 notre pays partout dans le monde avec professionnalisme et a attir\u00e9 la confiance et le respect des Canadiens et Canadiennes et de chefs de file mondiaux. Il prenait toujours le temps d\u2019entra\u00eener ses \u00e9l\u00e8ves, de soutenir les athl\u00e8tes et de promouvoir des activit\u00e9s et des opportunit\u00e9s s\u2019adressant autant aux athl\u00e8tes d\u00e9butants qu\u2019aux athl\u00e8tes de haute performance. Il \u00e9tait un chef de file pr\u00e9cieux dans notre sport et il nous manque beaucoup. \u00bb<\/p>\n<p><img src='\/wp-content\/uploads\/cdn\/storage\/images_v2\/MikeGallagher_web.jpg' alt='In Memoriam: Remembering those we lost in 2022' \/><\/p>\n<p>Nous nous souviendrons de <b>Barbara Mitchell<\/b> (Mono, Ontario) pour sa passion et son d\u00e9vouement envers le milieu \u00e9questre \u00e0 l\u2019\u00e9chelle nationale et internationale. Elle \u00e9tait une grande femme de cheval qui a fait don de son expertise tout au long de sa vie. CE lui a d\u00e9cern\u00e9 le Prix pour l\u2019ensemble des r\u00e9alisations en 2018 en reconnaissance de son influence importante qui a am\u00e9lior\u00e9 la qualit\u00e9, l\u2019accessibilit\u00e9 et le professionnalisme dans le sport.<\/p>\n<p>\u00ab Barbara \u00e9tait influente, percutante, embl\u00e9matique, inspirante, confiante, forte, \u00e9l\u00e9gante et r\u00e9siliente. Elle a non seulement enseign\u00e9 \u00e0 des g\u00e9n\u00e9rations d\u2019athl\u00e8tes de diff\u00e9rentes disciplines \u00e9questres, mais elle nous a \u00e9galement tous et toutes aid\u00e9s \u00e0 devenir de meilleures personnes \u00bb, a dit Helen Dillon, l\u2019agente de d\u00e9veloppement des commandites et du financement de CE. \u00ab La communaut\u00e9 \u00e9questre et bien d\u2019autres personnes ont \u00e9t\u00e9 tr\u00e8s attrist\u00e9es d\u2019apprendre son d\u00e9part et elle va nous manquer \u00e9norm\u00e9ment. \u00bb&nbsp;<\/p>\n<p><img src='\/wp-content\/uploads\/cdn\/storage\/images_v2\/Craig-Collins-&#038;-Barbara-Mitchell-&#038;-Meg-Krueger-by-Michelle-C-Dunn.jpg' alt='In Memoriam: Remembering those we lost in 2022' \/><\/p>\n<p><i><b>Source&nbsp;<\/b>: Michelle Dunn<\/i><\/p>\n<p>Nous nous souviendrons de <b>Jack Pemberton <\/b>(Toronto, Ontario) pour son leadership incroyable dans le sport \u00e9questre. Il a fait partie de plus de 20 associations \u00e9questres au cours de sa vie. Il a assist\u00e9 \u00e0 la toute premi\u00e8re r\u00e9union de la Carriage Association of America, en 1960, au sein de laquelle il a occup\u00e9 divers r\u00f4les importants. En 1968, il a repr\u00e9sent\u00e9 le Canada en attelage et s\u2019est impliqu\u00e9 comme juge d\u2019attelage et pr\u00e9sident du comit\u00e9 d\u2019attelage de la FEI. M. Pemberton a re\u00e7u le Prix pour l\u2019ensemble des r\u00e9alisations de CE en 2007.<\/p>\n<p><img src='\/wp-content\/uploads\/cdn\/storage\/images_v2\/JackPemberton.jpg' alt='In Memoriam: Remembering those we lost in 2022' \/><\/p>\n<p>La Dr <b>Lee Garrod<\/b> \u00e9tait une athl\u00e8te de paradressage canadienne, la propri\u00e9taire d\u2019un cheval paralympique (Sandrino), une v\u00e9t\u00e9rinaire et une experte en soins intensifs des animaux et en m\u00e9decine cardiovasculaire et thoracique. Originaire de l\u2019Ontario, elle avait \u00e9lu domicile au New Hampshire. Elle a re\u00e7u son dipl\u00f4me de l\u2019Universit\u00e9 de Guelph en 1989 et a termin\u00e9 sa r\u00e9sidence \u00e0 l\u2019Universit\u00e9 Tufts au Massachusetts en 1993. Elle a dirig\u00e9 plusieurs cliniques et h\u00f4pitaux v\u00e9t\u00e9rinaires prosp\u00e8res en Nouvelle-Angleterre pendant trois d\u00e9cennies.<\/p>\n<p>\u00ab Travailler avec Lee \u00e9tait formidable. Elle \u00e9tait une collaboratrice merveilleuse qui voulait toujours appuyer les activit\u00e9s de d\u00e9veloppement de l\u2019\u00e9quipe \u00bb, a dit Clive Milkins, le conseiller technique de paradressage de CE. \u00ab Son partenariat avec Jonny (Question) \u00e9tait beau \u00e0 voir, puisque Lee \u00e9tait une femme de cheval extraordinaire. Elle \u00e9tait plaisante et facile \u00e0 entra\u00eener. Repose-toi bien ma ch\u00e8re amie, tu vas grandement nous manquer. \u00bb&nbsp;<\/p>\n<p><img src='\/wp-content\/uploads\/cdn\/storage\/images_v2\/AGDF 10 - Lee Garrod &#038; Question by Susan J Stickle.jpg' alt='In Memoriam: Remembering those we lost in 2022' \/><\/p>\n<p><i><b>Source :<\/b> Susan Stickle <\/i><\/p>\n<p><b>Pop Art <\/b>(Amsterdam x Cabochon) \u00e9tait un hongre warmblood n\u00e9erlandais appartenant \u00e0 Moreen Nicoll et Rusty Holzer et \u00e9tait un membre cher de la famille Holzer. \u00ab Poppy \u00bb s\u2019est retir\u00e9 des comp\u00e9titions majeures en novembre 2012 apr\u00e8s avoir fait \u00e9quipe avec Ashley Holzer, athl\u00e8te olympique \u00e0 quatre reprises, notamment aux Jeux olympiques de P\u00e9kin en 2008, \u00e0 la finale de la Coupe du monde FEI 2009 \u00e0 Las Vegas et aux Jeux \u00e9questres mondiaux FEI 2010 \u00e0 Lexington.<\/p>\n<p><img src='\/wp-content\/uploads\/cdn\/storage\/images_v2\/Pop Art and Ashley.jpg' alt='In Memoriam: Remembering those we lost in 2022' \/><\/p>\n<p><b>Don Barnes<\/b> (Hamilton, Ontario) \u00e9tait un chef de file de la communaut\u00e9 de dressage. Il a occup\u00e9 les fonctions de juge de dressage de CE pendant plus de quatre d\u00e9cennies et celles de commissaire pendant pr\u00e8s de vingt ans. Il a \u00e9galement aid\u00e9 \u00e0 organiser de nombreux concours et a pr\u00e9sid\u00e9 les Championnats nationaux de dressage du Canada et les Championnats de dressage de l\u2019Ontario. Il \u00e9tait bien connu comme pr\u00e9sident de la Canadian Dressage Owners and Riders Association (CADORA Inc.) et de CADORA Ontario, r\u00f4les qu\u2019il a conserv\u00e9s entre 1992 et 2020.<\/p>\n<p><img src='\/wp-content\/uploads\/cdn\/storage\/images_v2\/311991557_5515262111896213_2683569807329317955_n.jpg' alt='In Memoriam: Remembering those we lost in 2022' \/><\/p>\n<p><i style=\"\"><b>Source <\/b>: CADORA Inc. Facebook<br \/><\/i><\/p>\n<p><b>Toni Thompson<\/b>, femme de cheval, mentor et chef de file accomplie de la communaut\u00e9 \u00e9questre canadienne.<\/p>\n<p>Toni Thompson, connue de beaucoup pour son organisation assidue et sa direction in\u00e9branlable de poney-clubs, de soci\u00e9t\u00e9s de chevaux l\u00e9gers et de CADORA, entre autres, \u00e9tait l\u2019une des b\u00e9n\u00e9voles de longue date les plus d\u00e9vou\u00e9es de la communaut\u00e9. Passionn\u00e9e par les chevaux, l\u2019enseignement et l\u2019apprentissage, elle \u00e9tait \u00e0 l\u2019aise aussi bien en selle anglaise qu\u2019en selle western.<\/p>\n<p>Plus tard dans sa carri\u00e8re, en plus de travailler comme examinatrice de niveau \u00ab A \u00bb et de former des \u00e9l\u00e8ves au Leitchcroft Pony Club de Thornhill, elle a enseign\u00e9 au Humber College et a fait partie du comit\u00e9 consultatif des \u00e9tudes \u00e9quines de l\u2019\u00e9cole. Elle a \u00e9galement \u00e9t\u00e9 directrice d\u2019Ontario Equestrian et de CE (alors la F\u00e9d\u00e9ration \u00e9questre canadienne) pendant plusieurs ann\u00e9es. Mme Thompson a aussi \u00e9t\u00e9 directrice de la comp\u00e9tition pour les Championnats du monde de dressage de 1984 et a organis\u00e9 plusieurs concours de dressage \u00e0 la Royal Agricultural Winter Fair.<\/p>\n<p><b>Kilrodan Abbott <\/b>(Clover x Leabeg) \u00e9tait un hongre Sport Horse irlandais appartenant \u00e0 Peter et Susan Barry (Dunham, Qu\u00e9bec). Peter et lui ont repr\u00e9sent\u00e9 le Canada dans les \u00e9preuves par \u00e9quipes des Jeux olympiques de Londres, en 2012, ainsi qu\u2019aux Jeux \u00e9questres mondiaux de la Normandie (France), en 2014. Le duo a \u00e9galement compl\u00e9t\u00e9 le prestigieux Kentucky Three-Day Event de Lexington (Kentucky) \u00e0 quatre reprises et le CCI 5*-L de Pau (France), en 2013.<\/p>\n<p><img src='\/wp-content\/uploads\/cdn\/storage\/images_v2\/Peter-Barry-and-Kilrodan-Abbott.jpg' alt='In Memoriam: Remembering those we lost in 2022' \/><\/p>\n<p><b>Jane Casselman<\/b> (Campbellville, Ontario) avait, depuis les ann\u00e9es 90, une grande influence sur le secteur et le sport en tant qu\u2019organisatrice de concours. Propri\u00e9taire et exploitante de la Touch and Go Farms, Mme Casselman a encadr\u00e9 et entra\u00een\u00e9 plusieurs athl\u00e8tes. Elle \u00e9tait \u00e9galement connue pour l\u2019organisation des Lollipop Shows, un circuit d\u2019entra\u00eenement tenu dans la r\u00e9gion du Grand Toronto.<\/p>\n<p>\u00ab Jane \u00e9tait une femme de cheval inspirante. Je me souviendrai toujours de son optimisme et du fait qu\u2019elle \u00e9tait toujours ravie de donner un coup de main \u00bb, a dit Sophie Balogh, la coordonnatrice, \u00c9ducation en ligne de CE. \u00ab Elle a eu une grande influence positive sur les vies de plusieurs jeunes athl\u00e8tes \u00e9questres. Elle sera toujours ma mentore et mon amie et elle nous manque beaucoup. \u00bb<\/p>\n<p><img src='\/wp-content\/uploads\/cdn\/storage\/images_v2\/Jane Casselman.jpg' alt='In Memoriam: Remembering those we lost in 2022' \/><\/p>\n","protected":false},"excerpt":{"rendered":"<p>Greg Greenough (Edmonton, Alberta) nous a marqu\u00e9s par son soutien et son leadership incroyables dans le milieu \u00e9questre national et international. Plusieurs se souviendront de lui pour sa carri\u00e8re dans le secteur, mais la communaut\u00e9 \u00e9questre se souvient de lui comme un p\u00e8re d\u00e9vou\u00e9 envers sa fille, Gail Greenough, dont il a soutenu la carri\u00e8re [&hellip;]<\/p>\n","protected":false},"author":3,"featured_media":10880,"comment_status":"open","ping_status":"open","sticky":false,"template":"","format":"standard","meta":{"_acf_changed":false,"footnotes":""},"categories":[241],"tags":[],"class_list":["post-26472","post","type-post","status-publish","format-standard","has-post-thumbnail","hentry","category-anciens-articles"],"acf":[],"yoast_head":"<!-- This site is optimized with the Yoast SEO plugin v27.0 - https:\/\/yoast.com\/product\/yoast-seo-wordpress\/ -->\n<title>\u00c0 la m\u00e9moire de ceux et celles qui nous ont quitt\u00e9s en 2022 - Equestrian Canada<\/title>\n<meta name=\"robots\" content=\"index, follow, max-snippet:-1, max-image-preview:large, max-video-preview:-1\" \/>\n<link rel=\"canonical\" href=\"https:\/\/equestrian.ca\/fr\/anciens-articles\/a-la-memoire-de-ceux-et-celles-qui-nous-ont-quittes-en-2022\/\" \/>\n<meta property=\"og:locale\" content=\"fr_CA\" \/>\n<meta property=\"og:type\" content=\"article\" \/>\n<meta property=\"og:title\" content=\"\u00c0 la m\u00e9moire de ceux et celles qui nous ont quitt\u00e9s en 2022 - Equestrian Canada\" \/>\n<meta property=\"og:description\" content=\"Greg Greenough (Edmonton, Alberta) nous a marqu\u00e9s par son soutien et son leadership incroyables dans le milieu \u00e9questre national et international. Plusieurs se souviendront de lui pour sa carri\u00e8re dans le secteur, mais la communaut\u00e9 \u00e9questre se souvient de lui comme un p\u00e8re d\u00e9vou\u00e9 envers sa fille, Gail Greenough, dont il a soutenu la carri\u00e8re [&hellip;]\" \/>\n<meta property=\"og:url\" content=\"https:\/\/equestrian.ca\/fr\/anciens-articles\/a-la-memoire-de-ceux-et-celles-qui-nous-ont-quittes-en-2022\/\" \/>\n<meta property=\"og:site_name\" content=\"Equestrian Canada\" \/>\n<meta property=\"article:published_time\" content=\"2022-12-21T00:00:00+00:00\" \/>\n<meta property=\"og:image\" content=\"https:\/\/equestrian.ca\/wp-content\/uploads\/2024\/01\/InMemoriam2022.jpg\" \/>\n\t<meta property=\"og:image:width\" content=\"1920\" \/>\n\t<meta property=\"og:image:height\" content=\"1080\" \/>\n\t<meta property=\"og:image:type\" content=\"image\/jpeg\" \/>\n<meta name=\"author\" content=\"Berry\" \/>\n<meta name=\"twitter:card\" content=\"summary_large_image\" \/>\n<meta name=\"twitter:label1\" content=\"\u00c9crit par\" \/>\n\t<meta name=\"twitter:data1\" content=\"Berry\" \/>\n\t<meta name=\"twitter:label2\" content=\"Estimation du temps de lecture\" \/>\n\t<meta name=\"twitter:data2\" content=\"8 minutes\" \/>\n<script type=\"application\/ld+json\" class=\"yoast-schema-graph\">{\"@context\":\"https:\/\/schema.org\",\"@graph\":[{\"@type\":\"Article\",\"@id\":\"https:\/\/equestrian.ca\/fr\/anciens-articles\/a-la-memoire-de-ceux-et-celles-qui-nous-ont-quittes-en-2022\/#article\",\"isPartOf\":{\"@id\":\"https:\/\/equestrian.ca\/fr\/anciens-articles\/a-la-memoire-de-ceux-et-celles-qui-nous-ont-quittes-en-2022\/\"},\"author\":{\"name\":\"Berry\",\"@id\":\"https:\/\/equestrian.ca\/fr\/#\/schema\/person\/9abd3ba4d1027626b07355668e4ee3ad\"},\"headline\":\"\u00c0 la m\u00e9moire de ceux et celles qui nous ont quitt\u00e9s en 2022\",\"datePublished\":\"2022-12-21T00:00:00+00:00\",\"mainEntityOfPage\":{\"@id\":\"https:\/\/equestrian.ca\/fr\/anciens-articles\/a-la-memoire-de-ceux-et-celles-qui-nous-ont-quittes-en-2022\/\"},\"wordCount\":1577,\"commentCount\":0,\"image\":{\"@id\":\"https:\/\/equestrian.ca\/fr\/anciens-articles\/a-la-memoire-de-ceux-et-celles-qui-nous-ont-quittes-en-2022\/#primaryimage\"},\"thumbnailUrl\":\"https:\/\/equestrian.ca\/wp-content\/uploads\/2024\/01\/InMemoriam2022.jpg\",\"articleSection\":[\"Anciens articles\"],\"inLanguage\":\"fr-CA\",\"potentialAction\":[{\"@type\":\"CommentAction\",\"name\":\"Comment\",\"target\":[\"https:\/\/equestrian.ca\/fr\/anciens-articles\/a-la-memoire-de-ceux-et-celles-qui-nous-ont-quittes-en-2022\/#respond\"]}]},{\"@type\":\"WebPage\",\"@id\":\"https:\/\/equestrian.ca\/fr\/anciens-articles\/a-la-memoire-de-ceux-et-celles-qui-nous-ont-quittes-en-2022\/\",\"url\":\"https:\/\/equestrian.ca\/fr\/anciens-articles\/a-la-memoire-de-ceux-et-celles-qui-nous-ont-quittes-en-2022\/\",\"name\":\"\u00c0 la m\u00e9moire de ceux et celles qui nous ont quitt\u00e9s en 2022 - Equestrian Canada\",\"isPartOf\":{\"@id\":\"https:\/\/equestrian.ca\/fr\/#website\"},\"primaryImageOfPage\":{\"@id\":\"https:\/\/equestrian.ca\/fr\/anciens-articles\/a-la-memoire-de-ceux-et-celles-qui-nous-ont-quittes-en-2022\/#primaryimage\"},\"image\":{\"@id\":\"https:\/\/equestrian.ca\/fr\/anciens-articles\/a-la-memoire-de-ceux-et-celles-qui-nous-ont-quittes-en-2022\/#primaryimage\"},\"thumbnailUrl\":\"https:\/\/equestrian.ca\/wp-content\/uploads\/2024\/01\/InMemoriam2022.jpg\",\"datePublished\":\"2022-12-21T00:00:00+00:00\",\"author\":{\"@id\":\"https:\/\/equestrian.ca\/fr\/#\/schema\/person\/9abd3ba4d1027626b07355668e4ee3ad\"},\"breadcrumb\":{\"@id\":\"https:\/\/equestrian.ca\/fr\/anciens-articles\/a-la-memoire-de-ceux-et-celles-qui-nous-ont-quittes-en-2022\/#breadcrumb\"},\"inLanguage\":\"fr-CA\",\"potentialAction\":[{\"@type\":\"ReadAction\",\"target\":[\"https:\/\/equestrian.ca\/fr\/anciens-articles\/a-la-memoire-de-ceux-et-celles-qui-nous-ont-quittes-en-2022\/\"]}]},{\"@type\":\"ImageObject\",\"inLanguage\":\"fr-CA\",\"@id\":\"https:\/\/equestrian.ca\/fr\/anciens-articles\/a-la-memoire-de-ceux-et-celles-qui-nous-ont-quittes-en-2022\/#primaryimage\",\"url\":\"https:\/\/equestrian.ca\/wp-content\/uploads\/2024\/01\/InMemoriam2022.jpg\",\"contentUrl\":\"https:\/\/equestrian.ca\/wp-content\/uploads\/2024\/01\/InMemoriam2022.jpg\",\"width\":1920,\"height\":1080},{\"@type\":\"BreadcrumbList\",\"@id\":\"https:\/\/equestrian.ca\/fr\/anciens-articles\/a-la-memoire-de-ceux-et-celles-qui-nous-ont-quittes-en-2022\/#breadcrumb\",\"itemListElement\":[{\"@type\":\"ListItem\",\"position\":1,\"name\":\"Home\",\"item\":\"https:\/\/equestrian.ca\/fr\/\"},{\"@type\":\"ListItem\",\"position\":2,\"name\":\"\u00c0 la m\u00e9moire de ceux et celles qui nous ont quitt\u00e9s en 2022\"}]},{\"@type\":\"WebSite\",\"@id\":\"https:\/\/equestrian.ca\/fr\/#website\",\"url\":\"https:\/\/equestrian.ca\/fr\/\",\"name\":\"Equestrian Canada\",\"description\":\"For the love of horses and sport for life.\",\"potentialAction\":[{\"@type\":\"SearchAction\",\"target\":{\"@type\":\"EntryPoint\",\"urlTemplate\":\"https:\/\/equestrian.ca\/fr\/?s={search_term_string}\"},\"query-input\":{\"@type\":\"PropertyValueSpecification\",\"valueRequired\":true,\"valueName\":\"search_term_string\"}}],\"inLanguage\":\"fr-CA\"},{\"@type\":\"Person\",\"@id\":\"https:\/\/equestrian.ca\/fr\/#\/schema\/person\/9abd3ba4d1027626b07355668e4ee3ad\",\"name\":\"Berry\",\"image\":{\"@type\":\"ImageObject\",\"inLanguage\":\"fr-CA\",\"@id\":\"https:\/\/equestrian.ca\/fr\/#\/schema\/person\/image\/\",\"url\":\"https:\/\/secure.gravatar.com\/avatar\/882da3b67056b0c608086d3c77de46948b64244a4c249e81e0bf04a8095ce320?s=96&d=mm&r=g\",\"contentUrl\":\"https:\/\/secure.gravatar.com\/avatar\/882da3b67056b0c608086d3c77de46948b64244a4c249e81e0bf04a8095ce320?s=96&d=mm&r=g\",\"caption\":\"Berry\"},\"url\":\"https:\/\/equestrian.ca\/fr\/author\/mberry\/\"}]}<\/script>\n<!-- \/ Yoast SEO plugin. -->","yoast_head_json":{"title":"\u00c0 la m\u00e9moire de ceux et celles qui nous ont quitt\u00e9s en 2022 - Equestrian Canada","robots":{"index":"index","follow":"follow","max-snippet":"max-snippet:-1","max-image-preview":"max-image-preview:large","max-video-preview":"max-video-preview:-1"},"canonical":"https:\/\/equestrian.ca\/fr\/anciens-articles\/a-la-memoire-de-ceux-et-celles-qui-nous-ont-quittes-en-2022\/","og_locale":"fr_CA","og_type":"article","og_title":"\u00c0 la m\u00e9moire de ceux et celles qui nous ont quitt\u00e9s en 2022 - Equestrian Canada","og_description":"Greg Greenough (Edmonton, Alberta) nous a marqu\u00e9s par son soutien et son leadership incroyables dans le milieu \u00e9questre national et international. Plusieurs se souviendront de lui pour sa carri\u00e8re dans le secteur, mais la communaut\u00e9 \u00e9questre se souvient de lui comme un p\u00e8re d\u00e9vou\u00e9 envers sa fille, Gail Greenough, dont il a soutenu la carri\u00e8re [&hellip;]","og_url":"https:\/\/equestrian.ca\/fr\/anciens-articles\/a-la-memoire-de-ceux-et-celles-qui-nous-ont-quittes-en-2022\/","og_site_name":"Equestrian Canada","article_published_time":"2022-12-21T00:00:00+00:00","og_image":[{"width":1920,"height":1080,"url":"https:\/\/equestrian.ca\/wp-content\/uploads\/2024\/01\/InMemoriam2022.jpg","type":"image\/jpeg"}],"author":"Berry","twitter_card":"summary_large_image","twitter_misc":{"\u00c9crit par":"Berry","Estimation du temps de lecture":"8 minutes"},"schema":{"@context":"https:\/\/schema.org","@graph":[{"@type":"Article","@id":"https:\/\/equestrian.ca\/fr\/anciens-articles\/a-la-memoire-de-ceux-et-celles-qui-nous-ont-quittes-en-2022\/#article","isPartOf":{"@id":"https:\/\/equestrian.ca\/fr\/anciens-articles\/a-la-memoire-de-ceux-et-celles-qui-nous-ont-quittes-en-2022\/"},"author":{"name":"Berry","@id":"https:\/\/equestrian.ca\/fr\/#\/schema\/person\/9abd3ba4d1027626b07355668e4ee3ad"},"headline":"\u00c0 la m\u00e9moire de ceux et celles qui nous ont quitt\u00e9s en 2022","datePublished":"2022-12-21T00:00:00+00:00","mainEntityOfPage":{"@id":"https:\/\/equestrian.ca\/fr\/anciens-articles\/a-la-memoire-de-ceux-et-celles-qui-nous-ont-quittes-en-2022\/"},"wordCount":1577,"commentCount":0,"image":{"@id":"https:\/\/equestrian.ca\/fr\/anciens-articles\/a-la-memoire-de-ceux-et-celles-qui-nous-ont-quittes-en-2022\/#primaryimage"},"thumbnailUrl":"https:\/\/equestrian.ca\/wp-content\/uploads\/2024\/01\/InMemoriam2022.jpg","articleSection":["Anciens articles"],"inLanguage":"fr-CA","potentialAction":[{"@type":"CommentAction","name":"Comment","target":["https:\/\/equestrian.ca\/fr\/anciens-articles\/a-la-memoire-de-ceux-et-celles-qui-nous-ont-quittes-en-2022\/#respond"]}]},{"@type":"WebPage","@id":"https:\/\/equestrian.ca\/fr\/anciens-articles\/a-la-memoire-de-ceux-et-celles-qui-nous-ont-quittes-en-2022\/","url":"https:\/\/equestrian.ca\/fr\/anciens-articles\/a-la-memoire-de-ceux-et-celles-qui-nous-ont-quittes-en-2022\/","name":"\u00c0 la m\u00e9moire de ceux et celles qui nous ont quitt\u00e9s en 2022 - Equestrian Canada","isPartOf":{"@id":"https:\/\/equestrian.ca\/fr\/#website"},"primaryImageOfPage":{"@id":"https:\/\/equestrian.ca\/fr\/anciens-articles\/a-la-memoire-de-ceux-et-celles-qui-nous-ont-quittes-en-2022\/#primaryimage"},"image":{"@id":"https:\/\/equestrian.ca\/fr\/anciens-articles\/a-la-memoire-de-ceux-et-celles-qui-nous-ont-quittes-en-2022\/#primaryimage"},"thumbnailUrl":"https:\/\/equestrian.ca\/wp-content\/uploads\/2024\/01\/InMemoriam2022.jpg","datePublished":"2022-12-21T00:00:00+00:00","author":{"@id":"https:\/\/equestrian.ca\/fr\/#\/schema\/person\/9abd3ba4d1027626b07355668e4ee3ad"},"breadcrumb":{"@id":"https:\/\/equestrian.ca\/fr\/anciens-articles\/a-la-memoire-de-ceux-et-celles-qui-nous-ont-quittes-en-2022\/#breadcrumb"},"inLanguage":"fr-CA","potentialAction":[{"@type":"ReadAction","target":["https:\/\/equestrian.ca\/fr\/anciens-articles\/a-la-memoire-de-ceux-et-celles-qui-nous-ont-quittes-en-2022\/"]}]},{"@type":"ImageObject","inLanguage":"fr-CA","@id":"https:\/\/equestrian.ca\/fr\/anciens-articles\/a-la-memoire-de-ceux-et-celles-qui-nous-ont-quittes-en-2022\/#primaryimage","url":"https:\/\/equestrian.ca\/wp-content\/uploads\/2024\/01\/InMemoriam2022.jpg","contentUrl":"https:\/\/equestrian.ca\/wp-content\/uploads\/2024\/01\/InMemoriam2022.jpg","width":1920,"height":1080},{"@type":"BreadcrumbList","@id":"https:\/\/equestrian.ca\/fr\/anciens-articles\/a-la-memoire-de-ceux-et-celles-qui-nous-ont-quittes-en-2022\/#breadcrumb","itemListElement":[{"@type":"ListItem","position":1,"name":"Home","item":"https:\/\/equestrian.ca\/fr\/"},{"@type":"ListItem","position":2,"name":"\u00c0 la m\u00e9moire de ceux et celles qui nous ont quitt\u00e9s en 2022"}]},{"@type":"WebSite","@id":"https:\/\/equestrian.ca\/fr\/#website","url":"https:\/\/equestrian.ca\/fr\/","name":"Equestrian Canada","description":"For the love of horses and sport for life.","potentialAction":[{"@type":"SearchAction","target":{"@type":"EntryPoint","urlTemplate":"https:\/\/equestrian.ca\/fr\/?s={search_term_string}"},"query-input":{"@type":"PropertyValueSpecification","valueRequired":true,"valueName":"search_term_string"}}],"inLanguage":"fr-CA"},{"@type":"Person","@id":"https:\/\/equestrian.ca\/fr\/#\/schema\/person\/9abd3ba4d1027626b07355668e4ee3ad","name":"Berry","image":{"@type":"ImageObject","inLanguage":"fr-CA","@id":"https:\/\/equestrian.ca\/fr\/#\/schema\/person\/image\/","url":"https:\/\/secure.gravatar.com\/avatar\/882da3b67056b0c608086d3c77de46948b64244a4c249e81e0bf04a8095ce320?s=96&d=mm&r=g","contentUrl":"https:\/\/secure.gravatar.com\/avatar\/882da3b67056b0c608086d3c77de46948b64244a4c249e81e0bf04a8095ce320?s=96&d=mm&r=g","caption":"Berry"},"url":"https:\/\/equestrian.ca\/fr\/author\/mberry\/"}]}},"_links":{"self":[{"href":"https:\/\/equestrian.ca\/fr\/wp-json\/wp\/v2\/posts\/26472","targetHints":{"allow":["GET"]}}],"collection":[{"href":"https:\/\/equestrian.ca\/fr\/wp-json\/wp\/v2\/posts"}],"about":[{"href":"https:\/\/equestrian.ca\/fr\/wp-json\/wp\/v2\/types\/post"}],"author":[{"embeddable":true,"href":"https:\/\/equestrian.ca\/fr\/wp-json\/wp\/v2\/users\/3"}],"replies":[{"embeddable":true,"href":"https:\/\/equestrian.ca\/fr\/wp-json\/wp\/v2\/comments?post=26472"}],"version-history":[{"count":0,"href":"https:\/\/equestrian.ca\/fr\/wp-json\/wp\/v2\/posts\/26472\/revisions"}],"wp:featuredmedia":[{"embeddable":true,"href":"https:\/\/equestrian.ca\/fr\/wp-json\/wp\/v2\/media\/10880"}],"wp:attachment":[{"href":"https:\/\/equestrian.ca\/fr\/wp-json\/wp\/v2\/media?parent=26472"}],"wp:term":[{"taxonomy":"category","embeddable":true,"href":"https:\/\/equestrian.ca\/fr\/wp-json\/wp\/v2\/categories?post=26472"},{"taxonomy":"post_tag","embeddable":true,"href":"https:\/\/equestrian.ca\/fr\/wp-json\/wp\/v2\/tags?post=26472"}],"curies":[{"name":"wp","href":"https:\/\/api.w.org\/{rel}","templated":true}]}}