{"id":26452,"date":"2019-03-05T00:00:00","date_gmt":"2019-03-05T00:00:00","guid":{"rendered":"https:\/\/equestrian.ca\/news\/annonce-des-equipes-de-dressage-en-vue-des-epreuves-de-coupe-des-nations-cdio3-et-cdio-u25-de-wellington-2019\/"},"modified":"2019-03-05T00:00:00","modified_gmt":"2019-03-05T00:00:00","slug":"annonce-des-equipes-de-dressage-en-vue-des-epreuves-de-coupe-des-nations-cdio3-et-cdio-u25-de-wellington-2019","status":"publish","type":"post","link":"https:\/\/equestrian.ca\/fr\/anciens-articles\/annonce-des-equipes-de-dressage-en-vue-des-epreuves-de-coupe-des-nations-cdio3-et-cdio-u25-de-wellington-2019\/","title":{"rendered":"Annonce des \u00e9quipes de dressage en vue des \u00e9preuves de Coupe des nations CDIO3* et CDIO-U25 de Wellington 2019"},"content":{"rendered":"<p>L\u2019\u00c9quipe canadienne de dressage sera repr\u00e9sent\u00e9e par des athl\u00e8tes bien \u00e9tablies et des athl\u00e8tes prometteuses qui se mesureront \u00e0 l\u2019\u00e9lite mondiale du dressage dans un contexte unique d\u2019\u00e9preuves de Coupe des nations par \u00e9quipe. <\/p>\n<p>\u00c9preuve CDIO3* &#8211;  Voici les couples de cavali\u00e8res et de chevaux qui repr\u00e9senteront le pays :<\/p>\n<p><img src='\/wp-content\/uploads\/cdn\/storage\/images_v2\/1905CYBR_CDOA3NationsCup_F_v01.jpg' alt='Canadian Dressage Teams Announced for 2019 CDIO 3*\/CDIO-U25 Wellington Nations Cup' \/><\/p>\n<p><i style=\"\"><b>Photos : <\/b>Susan J. Stickle<\/i><\/p>\n<p>Lanc\u00e9e en 2017, l\u2019\u00e9preuve de Coupe des nations CDIO-U25 reviendra cette ann\u00e9e durant l\u2019AGDF 12. Les athl\u00e8tes de moins de 25 ans gagnent dans cette \u00e9preuve une exp\u00e9rience en \u00e9quipe d\u2019une inestimable valeur.<\/p>\n<p>\u00c9preuve CDIO-U25 \u2013 Deux \u00e9quipes seront d\u00e9ploy\u00e9es pour d\u00e9fendre les couleurs du Canada en 2019 : <\/p>\n<p><b>\u00c9quipe Canada 1<br \/>Cavali\u00e8re \/ Ville de r\u00e9sidence \/ Cheval \/ Propri\u00e9taire<\/b><br \/>Naima Moreira-Lalibert\u00e9 \/ Outremont, QC \/ I Do Kiss \/ KML Sarl<br \/>Laurence Blais-T\u00e9treault \/ Montr\u00e9al, QC \/ Utah \/ Mathilde Blais-T\u00e9treault<br \/>Tanya Strasser-Shostak \/ Sainte-Ad\u00e8le, QC \/ D\u00e9j\u00e0 vu Tyme \/ Evi Strasser<\/p>\n<p>Strasser-Shostak formera aussi un duo de r\u00e9servistes pour l\u2019\u00c9quipe Canada 1 avec une deuxi\u00e8me partenaire, Renaissance Tyme. <\/p>\n<p><b>\u00c9quipe Canada 2<br \/>Cavali\u00e8re \/ Ville de r\u00e9sidence \/ Cheval \/ Propri\u00e9taire<\/b><br \/>Vanessa Creech-Terauds \/ Caistor Centre, ON \/ Hallmark 3 \/ Diane Creech et Louise Leatherdale<br \/>Megan Shea \/ Toronto, ON \/ K2 \/ Stephen Shea<\/p>\n<p>Madame Christine Peters a \u00e9t\u00e9 nomm\u00e9e au poste de chef d\u2019\u00e9quipe afin d\u2019apporter tout le soutien n\u00e9cessaire aux \u00e9quipes canadiennes. Madame Peters est gestionnaire principale de C\u00c9, pour le programme olympique et paralympique en dressage. <\/p>\n<p>Le Canada a toujours excell\u00e9 dans ces \u00e9preuves. De nombreuses m\u00e9dailles ont \u00e9t\u00e9 remport\u00e9es, dont une d\u2019argent en 2018, une d\u2019or en 2017, une d\u2019argent en 2016 et en 2015, les deux \u00e9quipes participantes ont ramen\u00e9 l\u2019argent et le bronze. Les concurrents canadiens ont d\u00e9croch\u00e9 sept m\u00e9dailles des \u00e9preuves individuelles depuis 2013, notamment l\u2019or pour Megan Lane et Tina Irwin et l\u2019argent pour Jamie Irwin en 2017.<\/p>\n<p>Au terme de la toute premi\u00e8re \u00e9preuve de Coupe des nations CDIO-U25 en 2017, le Canada a rafl\u00e9 la m\u00e9daille de bronze, tandis que Mathilde Blais-T\u00e9treault s\u2019appropriait l\u2019or en individuel. <\/p>\n<p>Pour un compl\u00e9ment d\u2019information au sujet de l\u2019AGDF 10 et des \u00e9preuves de Coupe des nations, veuillez visiter le&nbsp;<a href=\"http:\/\/gdf.coth.com\" target=\"_blank\" rel=\"noopener\">http:\/\/gdf.coth.com<\/a>.<\/p>\n<p class=\"\" style=\"text-align: center;\">&#8211; 30 &#8211;<\/p>\n","protected":false},"excerpt":{"rendered":"<p>L\u2019\u00c9quipe canadienne de dressage sera repr\u00e9sent\u00e9e par des athl\u00e8tes bien \u00e9tablies et des athl\u00e8tes prometteuses qui se mesureront \u00e0 l\u2019\u00e9lite mondiale du dressage dans un contexte unique d\u2019\u00e9preuves de Coupe des nations par \u00e9quipe. \u00c9preuve CDIO3* &#8211; Voici les couples de cavali\u00e8res et de chevaux qui repr\u00e9senteront le pays : Photos : Susan J. Stickle [&hellip;]<\/p>\n","protected":false},"author":3,"featured_media":11929,"comment_status":"open","ping_status":"open","sticky":false,"template":"","format":"standard","meta":{"_acf_changed":false,"footnotes":""},"categories":[241],"tags":[],"class_list":["post-26452","post","type-post","status-publish","format-standard","has-post-thumbnail","hentry","category-anciens-articles"],"acf":[],"yoast_head":"<!-- This site is optimized with the Yoast SEO plugin v27.0 - https:\/\/yoast.com\/product\/yoast-seo-wordpress\/ -->\n<title>Annonce des \u00e9quipes de dressage en vue des \u00e9preuves de Coupe des nations CDIO3* et CDIO-U25 de Wellington 2019 - Equestrian Canada<\/title>\n<meta name=\"robots\" content=\"index, follow, max-snippet:-1, max-image-preview:large, max-video-preview:-1\" \/>\n<link rel=\"canonical\" href=\"https:\/\/equestrian.ca\/fr\/anciens-articles\/annonce-des-equipes-de-dressage-en-vue-des-epreuves-de-coupe-des-nations-cdio3-et-cdio-u25-de-wellington-2019\/\" \/>\n<meta property=\"og:locale\" content=\"fr_CA\" \/>\n<meta property=\"og:type\" content=\"article\" \/>\n<meta property=\"og:title\" content=\"Annonce des \u00e9quipes de dressage en vue des \u00e9preuves de Coupe des nations CDIO3* et CDIO-U25 de Wellington 2019 - Equestrian Canada\" \/>\n<meta property=\"og:description\" content=\"L\u2019\u00c9quipe canadienne de dressage sera repr\u00e9sent\u00e9e par des athl\u00e8tes bien \u00e9tablies et des athl\u00e8tes prometteuses qui se mesureront \u00e0 l\u2019\u00e9lite mondiale du dressage dans un contexte unique d\u2019\u00e9preuves de Coupe des nations par \u00e9quipe. \u00c9preuve CDIO3* &#8211; Voici les couples de cavali\u00e8res et de chevaux qui repr\u00e9senteront le pays : Photos : Susan J. Stickle [&hellip;]\" \/>\n<meta property=\"og:url\" content=\"https:\/\/equestrian.ca\/fr\/anciens-articles\/annonce-des-equipes-de-dressage-en-vue-des-epreuves-de-coupe-des-nations-cdio3-et-cdio-u25-de-wellington-2019\/\" \/>\n<meta property=\"og:site_name\" content=\"Equestrian Canada\" \/>\n<meta property=\"article:published_time\" content=\"2019-03-05T00:00:00+00:00\" \/>\n<meta property=\"og:image\" content=\"https:\/\/equestrian.ca\/wp-content\/uploads\/2024\/01\/1905CYBR_CDOA3NationsCup_E_v01.jpg\" \/>\n\t<meta property=\"og:image:width\" content=\"1080\" \/>\n\t<meta property=\"og:image:height\" content=\"1080\" \/>\n\t<meta property=\"og:image:type\" content=\"image\/jpeg\" \/>\n<meta name=\"author\" content=\"Berry\" \/>\n<meta name=\"twitter:card\" content=\"summary_large_image\" \/>\n<meta name=\"twitter:label1\" content=\"\u00c9crit par\" \/>\n\t<meta name=\"twitter:data1\" content=\"Berry\" \/>\n\t<meta name=\"twitter:label2\" content=\"Estimation du temps de lecture\" \/>\n\t<meta name=\"twitter:data2\" content=\"2 minutes\" \/>\n<script type=\"application\/ld+json\" class=\"yoast-schema-graph\">{\"@context\":\"https:\/\/schema.org\",\"@graph\":[{\"@type\":\"Article\",\"@id\":\"https:\/\/equestrian.ca\/fr\/anciens-articles\/annonce-des-equipes-de-dressage-en-vue-des-epreuves-de-coupe-des-nations-cdio3-et-cdio-u25-de-wellington-2019\/#article\",\"isPartOf\":{\"@id\":\"https:\/\/equestrian.ca\/fr\/anciens-articles\/annonce-des-equipes-de-dressage-en-vue-des-epreuves-de-coupe-des-nations-cdio3-et-cdio-u25-de-wellington-2019\/\"},\"author\":{\"name\":\"Berry\",\"@id\":\"https:\/\/equestrian.ca\/fr\/#\/schema\/person\/9abd3ba4d1027626b07355668e4ee3ad\"},\"headline\":\"Annonce des \u00e9quipes de dressage en vue des \u00e9preuves de Coupe des nations CDIO3* et CDIO-U25 de Wellington 2019\",\"datePublished\":\"2019-03-05T00:00:00+00:00\",\"mainEntityOfPage\":{\"@id\":\"https:\/\/equestrian.ca\/fr\/anciens-articles\/annonce-des-equipes-de-dressage-en-vue-des-epreuves-de-coupe-des-nations-cdio3-et-cdio-u25-de-wellington-2019\/\"},\"wordCount\":389,\"commentCount\":0,\"image\":{\"@id\":\"https:\/\/equestrian.ca\/fr\/anciens-articles\/annonce-des-equipes-de-dressage-en-vue-des-epreuves-de-coupe-des-nations-cdio3-et-cdio-u25-de-wellington-2019\/#primaryimage\"},\"thumbnailUrl\":\"https:\/\/equestrian.ca\/wp-content\/uploads\/2024\/01\/1905CYBR_CDOA3NationsCup_E_v01.jpg\",\"articleSection\":[\"Anciens articles\"],\"inLanguage\":\"fr-CA\",\"potentialAction\":[{\"@type\":\"CommentAction\",\"name\":\"Comment\",\"target\":[\"https:\/\/equestrian.ca\/fr\/anciens-articles\/annonce-des-equipes-de-dressage-en-vue-des-epreuves-de-coupe-des-nations-cdio3-et-cdio-u25-de-wellington-2019\/#respond\"]}]},{\"@type\":\"WebPage\",\"@id\":\"https:\/\/equestrian.ca\/fr\/anciens-articles\/annonce-des-equipes-de-dressage-en-vue-des-epreuves-de-coupe-des-nations-cdio3-et-cdio-u25-de-wellington-2019\/\",\"url\":\"https:\/\/equestrian.ca\/fr\/anciens-articles\/annonce-des-equipes-de-dressage-en-vue-des-epreuves-de-coupe-des-nations-cdio3-et-cdio-u25-de-wellington-2019\/\",\"name\":\"Annonce des \u00e9quipes de dressage en vue des \u00e9preuves de Coupe des nations CDIO3* et CDIO-U25 de Wellington 2019 - Equestrian Canada\",\"isPartOf\":{\"@id\":\"https:\/\/equestrian.ca\/fr\/#website\"},\"primaryImageOfPage\":{\"@id\":\"https:\/\/equestrian.ca\/fr\/anciens-articles\/annonce-des-equipes-de-dressage-en-vue-des-epreuves-de-coupe-des-nations-cdio3-et-cdio-u25-de-wellington-2019\/#primaryimage\"},\"image\":{\"@id\":\"https:\/\/equestrian.ca\/fr\/anciens-articles\/annonce-des-equipes-de-dressage-en-vue-des-epreuves-de-coupe-des-nations-cdio3-et-cdio-u25-de-wellington-2019\/#primaryimage\"},\"thumbnailUrl\":\"https:\/\/equestrian.ca\/wp-content\/uploads\/2024\/01\/1905CYBR_CDOA3NationsCup_E_v01.jpg\",\"datePublished\":\"2019-03-05T00:00:00+00:00\",\"author\":{\"@id\":\"https:\/\/equestrian.ca\/fr\/#\/schema\/person\/9abd3ba4d1027626b07355668e4ee3ad\"},\"breadcrumb\":{\"@id\":\"https:\/\/equestrian.ca\/fr\/anciens-articles\/annonce-des-equipes-de-dressage-en-vue-des-epreuves-de-coupe-des-nations-cdio3-et-cdio-u25-de-wellington-2019\/#breadcrumb\"},\"inLanguage\":\"fr-CA\",\"potentialAction\":[{\"@type\":\"ReadAction\",\"target\":[\"https:\/\/equestrian.ca\/fr\/anciens-articles\/annonce-des-equipes-de-dressage-en-vue-des-epreuves-de-coupe-des-nations-cdio3-et-cdio-u25-de-wellington-2019\/\"]}]},{\"@type\":\"ImageObject\",\"inLanguage\":\"fr-CA\",\"@id\":\"https:\/\/equestrian.ca\/fr\/anciens-articles\/annonce-des-equipes-de-dressage-en-vue-des-epreuves-de-coupe-des-nations-cdio3-et-cdio-u25-de-wellington-2019\/#primaryimage\",\"url\":\"https:\/\/equestrian.ca\/wp-content\/uploads\/2024\/01\/1905CYBR_CDOA3NationsCup_E_v01.jpg\",\"contentUrl\":\"https:\/\/equestrian.ca\/wp-content\/uploads\/2024\/01\/1905CYBR_CDOA3NationsCup_E_v01.jpg\",\"width\":1080,\"height\":1080},{\"@type\":\"BreadcrumbList\",\"@id\":\"https:\/\/equestrian.ca\/fr\/anciens-articles\/annonce-des-equipes-de-dressage-en-vue-des-epreuves-de-coupe-des-nations-cdio3-et-cdio-u25-de-wellington-2019\/#breadcrumb\",\"itemListElement\":[{\"@type\":\"ListItem\",\"position\":1,\"name\":\"Home\",\"item\":\"https:\/\/equestrian.ca\/fr\/\"},{\"@type\":\"ListItem\",\"position\":2,\"name\":\"Annonce des \u00e9quipes de dressage en vue des \u00e9preuves de Coupe des nations CDIO3* et CDIO-U25 de Wellington 2019\"}]},{\"@type\":\"WebSite\",\"@id\":\"https:\/\/equestrian.ca\/fr\/#website\",\"url\":\"https:\/\/equestrian.ca\/fr\/\",\"name\":\"Equestrian Canada\",\"description\":\"For the love of horses and sport for life.\",\"potentialAction\":[{\"@type\":\"SearchAction\",\"target\":{\"@type\":\"EntryPoint\",\"urlTemplate\":\"https:\/\/equestrian.ca\/fr\/?s={search_term_string}\"},\"query-input\":{\"@type\":\"PropertyValueSpecification\",\"valueRequired\":true,\"valueName\":\"search_term_string\"}}],\"inLanguage\":\"fr-CA\"},{\"@type\":\"Person\",\"@id\":\"https:\/\/equestrian.ca\/fr\/#\/schema\/person\/9abd3ba4d1027626b07355668e4ee3ad\",\"name\":\"Berry\",\"image\":{\"@type\":\"ImageObject\",\"inLanguage\":\"fr-CA\",\"@id\":\"https:\/\/equestrian.ca\/fr\/#\/schema\/person\/image\/\",\"url\":\"https:\/\/secure.gravatar.com\/avatar\/882da3b67056b0c608086d3c77de46948b64244a4c249e81e0bf04a8095ce320?s=96&d=mm&r=g\",\"contentUrl\":\"https:\/\/secure.gravatar.com\/avatar\/882da3b67056b0c608086d3c77de46948b64244a4c249e81e0bf04a8095ce320?s=96&d=mm&r=g\",\"caption\":\"Berry\"},\"url\":\"https:\/\/equestrian.ca\/fr\/author\/mberry\/\"}]}<\/script>\n<!-- \/ Yoast SEO plugin. -->","yoast_head_json":{"title":"Annonce des \u00e9quipes de dressage en vue des \u00e9preuves de Coupe des nations CDIO3* et CDIO-U25 de Wellington 2019 - Equestrian Canada","robots":{"index":"index","follow":"follow","max-snippet":"max-snippet:-1","max-image-preview":"max-image-preview:large","max-video-preview":"max-video-preview:-1"},"canonical":"https:\/\/equestrian.ca\/fr\/anciens-articles\/annonce-des-equipes-de-dressage-en-vue-des-epreuves-de-coupe-des-nations-cdio3-et-cdio-u25-de-wellington-2019\/","og_locale":"fr_CA","og_type":"article","og_title":"Annonce des \u00e9quipes de dressage en vue des \u00e9preuves de Coupe des nations CDIO3* et CDIO-U25 de Wellington 2019 - Equestrian Canada","og_description":"L\u2019\u00c9quipe canadienne de dressage sera repr\u00e9sent\u00e9e par des athl\u00e8tes bien \u00e9tablies et des athl\u00e8tes prometteuses qui se mesureront \u00e0 l\u2019\u00e9lite mondiale du dressage dans un contexte unique d\u2019\u00e9preuves de Coupe des nations par \u00e9quipe. \u00c9preuve CDIO3* &#8211; Voici les couples de cavali\u00e8res et de chevaux qui repr\u00e9senteront le pays : Photos : Susan J. Stickle [&hellip;]","og_url":"https:\/\/equestrian.ca\/fr\/anciens-articles\/annonce-des-equipes-de-dressage-en-vue-des-epreuves-de-coupe-des-nations-cdio3-et-cdio-u25-de-wellington-2019\/","og_site_name":"Equestrian Canada","article_published_time":"2019-03-05T00:00:00+00:00","og_image":[{"width":1080,"height":1080,"url":"https:\/\/equestrian.ca\/wp-content\/uploads\/2024\/01\/1905CYBR_CDOA3NationsCup_E_v01.jpg","type":"image\/jpeg"}],"author":"Berry","twitter_card":"summary_large_image","twitter_misc":{"\u00c9crit par":"Berry","Estimation du temps de lecture":"2 minutes"},"schema":{"@context":"https:\/\/schema.org","@graph":[{"@type":"Article","@id":"https:\/\/equestrian.ca\/fr\/anciens-articles\/annonce-des-equipes-de-dressage-en-vue-des-epreuves-de-coupe-des-nations-cdio3-et-cdio-u25-de-wellington-2019\/#article","isPartOf":{"@id":"https:\/\/equestrian.ca\/fr\/anciens-articles\/annonce-des-equipes-de-dressage-en-vue-des-epreuves-de-coupe-des-nations-cdio3-et-cdio-u25-de-wellington-2019\/"},"author":{"name":"Berry","@id":"https:\/\/equestrian.ca\/fr\/#\/schema\/person\/9abd3ba4d1027626b07355668e4ee3ad"},"headline":"Annonce des \u00e9quipes de dressage en vue des \u00e9preuves de Coupe des nations CDIO3* et CDIO-U25 de Wellington 2019","datePublished":"2019-03-05T00:00:00+00:00","mainEntityOfPage":{"@id":"https:\/\/equestrian.ca\/fr\/anciens-articles\/annonce-des-equipes-de-dressage-en-vue-des-epreuves-de-coupe-des-nations-cdio3-et-cdio-u25-de-wellington-2019\/"},"wordCount":389,"commentCount":0,"image":{"@id":"https:\/\/equestrian.ca\/fr\/anciens-articles\/annonce-des-equipes-de-dressage-en-vue-des-epreuves-de-coupe-des-nations-cdio3-et-cdio-u25-de-wellington-2019\/#primaryimage"},"thumbnailUrl":"https:\/\/equestrian.ca\/wp-content\/uploads\/2024\/01\/1905CYBR_CDOA3NationsCup_E_v01.jpg","articleSection":["Anciens articles"],"inLanguage":"fr-CA","potentialAction":[{"@type":"CommentAction","name":"Comment","target":["https:\/\/equestrian.ca\/fr\/anciens-articles\/annonce-des-equipes-de-dressage-en-vue-des-epreuves-de-coupe-des-nations-cdio3-et-cdio-u25-de-wellington-2019\/#respond"]}]},{"@type":"WebPage","@id":"https:\/\/equestrian.ca\/fr\/anciens-articles\/annonce-des-equipes-de-dressage-en-vue-des-epreuves-de-coupe-des-nations-cdio3-et-cdio-u25-de-wellington-2019\/","url":"https:\/\/equestrian.ca\/fr\/anciens-articles\/annonce-des-equipes-de-dressage-en-vue-des-epreuves-de-coupe-des-nations-cdio3-et-cdio-u25-de-wellington-2019\/","name":"Annonce des \u00e9quipes de dressage en vue des \u00e9preuves de Coupe des nations CDIO3* et CDIO-U25 de Wellington 2019 - Equestrian Canada","isPartOf":{"@id":"https:\/\/equestrian.ca\/fr\/#website"},"primaryImageOfPage":{"@id":"https:\/\/equestrian.ca\/fr\/anciens-articles\/annonce-des-equipes-de-dressage-en-vue-des-epreuves-de-coupe-des-nations-cdio3-et-cdio-u25-de-wellington-2019\/#primaryimage"},"image":{"@id":"https:\/\/equestrian.ca\/fr\/anciens-articles\/annonce-des-equipes-de-dressage-en-vue-des-epreuves-de-coupe-des-nations-cdio3-et-cdio-u25-de-wellington-2019\/#primaryimage"},"thumbnailUrl":"https:\/\/equestrian.ca\/wp-content\/uploads\/2024\/01\/1905CYBR_CDOA3NationsCup_E_v01.jpg","datePublished":"2019-03-05T00:00:00+00:00","author":{"@id":"https:\/\/equestrian.ca\/fr\/#\/schema\/person\/9abd3ba4d1027626b07355668e4ee3ad"},"breadcrumb":{"@id":"https:\/\/equestrian.ca\/fr\/anciens-articles\/annonce-des-equipes-de-dressage-en-vue-des-epreuves-de-coupe-des-nations-cdio3-et-cdio-u25-de-wellington-2019\/#breadcrumb"},"inLanguage":"fr-CA","potentialAction":[{"@type":"ReadAction","target":["https:\/\/equestrian.ca\/fr\/anciens-articles\/annonce-des-equipes-de-dressage-en-vue-des-epreuves-de-coupe-des-nations-cdio3-et-cdio-u25-de-wellington-2019\/"]}]},{"@type":"ImageObject","inLanguage":"fr-CA","@id":"https:\/\/equestrian.ca\/fr\/anciens-articles\/annonce-des-equipes-de-dressage-en-vue-des-epreuves-de-coupe-des-nations-cdio3-et-cdio-u25-de-wellington-2019\/#primaryimage","url":"https:\/\/equestrian.ca\/wp-content\/uploads\/2024\/01\/1905CYBR_CDOA3NationsCup_E_v01.jpg","contentUrl":"https:\/\/equestrian.ca\/wp-content\/uploads\/2024\/01\/1905CYBR_CDOA3NationsCup_E_v01.jpg","width":1080,"height":1080},{"@type":"BreadcrumbList","@id":"https:\/\/equestrian.ca\/fr\/anciens-articles\/annonce-des-equipes-de-dressage-en-vue-des-epreuves-de-coupe-des-nations-cdio3-et-cdio-u25-de-wellington-2019\/#breadcrumb","itemListElement":[{"@type":"ListItem","position":1,"name":"Home","item":"https:\/\/equestrian.ca\/fr\/"},{"@type":"ListItem","position":2,"name":"Annonce des \u00e9quipes de dressage en vue des \u00e9preuves de Coupe des nations CDIO3* et CDIO-U25 de Wellington 2019"}]},{"@type":"WebSite","@id":"https:\/\/equestrian.ca\/fr\/#website","url":"https:\/\/equestrian.ca\/fr\/","name":"Equestrian Canada","description":"For the love of horses and sport for life.","potentialAction":[{"@type":"SearchAction","target":{"@type":"EntryPoint","urlTemplate":"https:\/\/equestrian.ca\/fr\/?s={search_term_string}"},"query-input":{"@type":"PropertyValueSpecification","valueRequired":true,"valueName":"search_term_string"}}],"inLanguage":"fr-CA"},{"@type":"Person","@id":"https:\/\/equestrian.ca\/fr\/#\/schema\/person\/9abd3ba4d1027626b07355668e4ee3ad","name":"Berry","image":{"@type":"ImageObject","inLanguage":"fr-CA","@id":"https:\/\/equestrian.ca\/fr\/#\/schema\/person\/image\/","url":"https:\/\/secure.gravatar.com\/avatar\/882da3b67056b0c608086d3c77de46948b64244a4c249e81e0bf04a8095ce320?s=96&d=mm&r=g","contentUrl":"https:\/\/secure.gravatar.com\/avatar\/882da3b67056b0c608086d3c77de46948b64244a4c249e81e0bf04a8095ce320?s=96&d=mm&r=g","caption":"Berry"},"url":"https:\/\/equestrian.ca\/fr\/author\/mberry\/"}]}},"_links":{"self":[{"href":"https:\/\/equestrian.ca\/fr\/wp-json\/wp\/v2\/posts\/26452","targetHints":{"allow":["GET"]}}],"collection":[{"href":"https:\/\/equestrian.ca\/fr\/wp-json\/wp\/v2\/posts"}],"about":[{"href":"https:\/\/equestrian.ca\/fr\/wp-json\/wp\/v2\/types\/post"}],"author":[{"embeddable":true,"href":"https:\/\/equestrian.ca\/fr\/wp-json\/wp\/v2\/users\/3"}],"replies":[{"embeddable":true,"href":"https:\/\/equestrian.ca\/fr\/wp-json\/wp\/v2\/comments?post=26452"}],"version-history":[{"count":0,"href":"https:\/\/equestrian.ca\/fr\/wp-json\/wp\/v2\/posts\/26452\/revisions"}],"wp:featuredmedia":[{"embeddable":true,"href":"https:\/\/equestrian.ca\/fr\/wp-json\/wp\/v2\/media\/11929"}],"wp:attachment":[{"href":"https:\/\/equestrian.ca\/fr\/wp-json\/wp\/v2\/media?parent=26452"}],"wp:term":[{"taxonomy":"category","embeddable":true,"href":"https:\/\/equestrian.ca\/fr\/wp-json\/wp\/v2\/categories?post=26452"},{"taxonomy":"post_tag","embeddable":true,"href":"https:\/\/equestrian.ca\/fr\/wp-json\/wp\/v2\/tags?post=26452"}],"curies":[{"name":"wp","href":"https:\/\/api.w.org\/{rel}","templated":true}]}}