{"id":26445,"date":"2022-08-29T00:00:00","date_gmt":"2022-08-29T00:00:00","guid":{"rendered":"https:\/\/equestrian.ca\/news\/assemblee-generale-annuelle-2022-de-canada-equestre-ce-accueille-les-questions-de-la-communaute\/"},"modified":"2022-08-29T00:00:00","modified_gmt":"2022-08-29T00:00:00","slug":"assemblee-generale-annuelle-2022-de-canada-equestre-ce-accueille-les-questions-de-la-communaute","status":"publish","type":"post","link":"https:\/\/equestrian.ca\/fr\/anciens-articles\/assemblee-generale-annuelle-2022-de-canada-equestre-ce-accueille-les-questions-de-la-communaute\/","title":{"rendered":"Assembl\u00e9e g\u00e9n\u00e9rale annuelle 2022 de Canada \u00c9questre : CE accueille les questions de la communaute"},"content":{"rendered":"<p><b>Ottawa (Ontario), le 29 ao\u00fbt 2022<\/b> \u2013 L\u2019assembl\u00e9e g\u00e9n\u00e9rale annuelle des membres (AGA) 2022 de Canada \u00c9questre (CE) aura lieu par conf\u00e9rence Zoom le 20 septembre 2022 \u00e0 19 h HE entre les <a href=\"https:\/\/www.equestrian.ca\/infos\/gouvernance\/conseil\" target=\"_blank\" rel=\"noopener\">membres du conseil d\u2019administration de CE<\/a> et les 27 <a href=\"https:\/\/www.equestrian.ca\/infos\/gouvernance\" target=\"_blank\" rel=\"noopener\">membres votants de CE<\/a> pr\u00e9sent(e)s.<\/p>\n<p>Conform\u00e9ment aux <a href=\"https:\/\/www.equestrian.ca\/cdn\/storage\/resources_v2\/ndHSD5XKQDJFSfaQ3\/original\/ndHSD5XKQDJFSfaQ3.pdf\" target=\"_blank\" rel=\"noopener\">r\u00e8glements administratifs de CE<\/a>, l\u2019AGA sera tenue selon un ordre du jour tr\u00e8s pr\u00e9cis. Par cons\u00e9quent, bien que les membres de la collectivit\u00e9 soient invit\u00e9s \u00e0 assister \u00e0 l\u2019AGA en direct sur la page <a href=\"https:\/\/www.facebook.com\/equestriancan\/\" target=\"_blank\" rel=\"noopener\">Facebook de CE<\/a>, aucune question ne pourra \u00eatre pos\u00e9e en temps r\u00e9el. Cependant, CE invite la communaut\u00e9 \u00e9questre canadienne \u00e0 participer en transmettant par courriel toute question relative \u00e0 la gouvernance aux membres votants des cat\u00e9gories A, B et C avant l\u2019AGA.  <\/p>\n<p>Les documents pertinents suivants sont disponibles pour t\u00e9l\u00e9chargement :<\/p>\n<ul>\n<li><a href=\"https:\/\/www.equestrian.ca\/cdn\/storage\/resources_v2\/czBjq8TKbhZt6E9Ld\/original\/czBjq8TKbhZt6E9Ld.pdf\" target=\"_blank\" rel=\"noopener\">Avis de convocation de l\u2019AGA 2022 de CE<\/a><\/li>\n<li><a href=\"https:\/\/www.equestrian.ca\/cdn\/storage\/resources_v2\/mbgEozBtRruCd4svd\/original\/mbgEozBtRruCd4svd.pdf\" target=\"_blank\" rel=\"noopener\">Proc\u00e8s-verbal de l\u2019AGA 2021 de CE \u2013 28 septembre 2021<\/a><\/li>\n<li><a href=\"https:\/\/www.equestrian.ca\/cdn\/storage\/resources_v2\/8svJJJvtSRHFwXEr8\/original\/8svJJJvtSRHFwXEr8.pdf\" target=\"_blank\" rel=\"noopener\">Foire aux questions de l\u2019AGA 2021 de CE \u2013 28 septembre 2021<\/a><\/li>\n<li><a href=\"https:\/\/www.equestrian.ca\/cdn\/storage\/resources_v2\/f3Ni6gGarkAvZ66CA\/original\/f3Ni6gGarkAvZ66CA.pdf\" target=\"_blank\" rel=\"noopener\">Rapport annuel des activit\u00e9s du conseil d\u2019administration de 2021-2022 de CE<\/a><\/li>\n<li><a href=\"https:\/\/www.equestrian.ca\/cdn\/storage\/resources_v2\/mMAsPAAdJrxAAAmb3\/original\/mMAsPAAdJrxAAAmb3.pdf\" target=\"_blank\" rel=\"noopener\">Rapport annuel du comit\u00e9 des finances et de la v\u00e9rification de 2021-2022 de CE<\/a><\/li>\n<li><a href=\"https:\/\/www.equestrian.ca\/cdn\/storage\/resources_v2\/mww4yMHB7KBYzdFyr\/original\/mww4yMHB7KBYzdFyr.pdf\" target=\"_blank\" rel=\"noopener\">\u00c9tats financiers v\u00e9rifi\u00e9s de 2021-2022 de CE<\/a><\/li>\n<li><a href=\"https:\/\/www.equestrian.ca\/cdn\/storage\/resources_v2\/dBCJtyBddKgWkNL24\/original\/dBCJtyBddKgWkNL24.pdf\" target=\"_blank\" rel=\"noopener\">Rapport de gestion annuel de la chef de la direction de 2021-2022 de CE<\/a><\/li>\n<\/ul>\n<p>Les membres votants acceptent les questions jusqu\u2019au <b>12 septembre 2022<\/b>. Ces derni\u00e8res peuvent \u00eatre transmises \u00e0 la cat\u00e9gorie appropri\u00e9e de la fa\u00e7on suivante :<\/p>\n<p><b>Cat\u00e9gorie A &#8211; Disciplines \u00e9questres<\/b><br \/><a href=\"mailto:CategoryA@equestrian.ca\" target=\"_blank\" rel=\"noopener\">CategoryA@equestrian.ca<\/a><\/p>\n<ul>\n<li>La cat\u00e9gorie A de membres votants est compos\u00e9e de neuf repr\u00e9sentant(e)s des sept comit\u00e9s des disciplines \u00e9questres. Les repr\u00e9sentant(e)s servent d\u2019interm\u00e9diaire pour l\u2019\u00e9change d\u2019informations sur les questions de gouvernance, y compris l\u2019orientation strat\u00e9gique et les mises \u00e0 jour.<\/li>\n<\/ul>\n<p><b>Cat\u00e9gorie B &#8211; Organismes provinciaux et territoriaux de sport (OPTS)<\/b><br \/><a href=\"mailto:CategoryB@equestrian.ca\" target=\"_blank\" rel=\"noopener\">CategoryB@equestrian.ca<\/a><\/p>\n<ul>\n<li>La cat\u00e9gorie B de membres votants est compos\u00e9e de neuf repr\u00e9sentant(e)s qui sont des pr\u00e9sident(e)s ou des repr\u00e9sentant(e)s d\u2019OPTS. Ils et elles sont \u00e9lu(e)s par leurs membres provinciaux et repr\u00e9sentent les int\u00e9r\u00eats des membres des OPTS au sein de la gouvernance de CE. <\/li>\n<\/ul>\n<p><b>Cat\u00e9gorie C \u2013 Organismes \u00e9questres nationaux  <\/b><br \/><a href=\"mailto:CategoryC@equestrian.ca\" target=\"_blank\" rel=\"noopener\">CategoryC@equestrian.ca<\/a><\/p>\n<ul>\n<li>La cat\u00e9gorie C de membres votants est compos\u00e9e d\u2019organisations nationales ou r\u00e9gionales repr\u00e9sentant un domaine particulier d\u2019int\u00e9r\u00eat \u00e9questre qui n\u2019est pas d\u00e9j\u00e0 repr\u00e9sent\u00e9 dans la cat\u00e9gorie A ou B. Les neuf membres sont charg\u00e9(e)s de repr\u00e9senter les int\u00e9r\u00eats des sports de race et de la communaut\u00e9 du secteur \u00e9quin.<\/li>\n<\/ul>\n<p>Les questions soumises aux membres des cat\u00e9gories A, B et C seront port\u00e9es \u00e0 l\u2019attention du conseil d\u2019administration de CE qui r\u00e9pondra \u00e0 ces questions avant l\u2019AGA.<\/p>\n<p>Pour en savoir plus sur l\u2019AGA de CE, veuillez visiter le lien suivant : <a href=\"www.canadaequestre.ca\/evenements-resultats\/assemblee-generale\" target=\"_blank\" rel=\"noopener\">www.canadaequestre.ca\/evenements-resultats\/assemblee-generale<\/a>.<\/p>\n<p style=\"text-align: center;\">&#8211; 30 &#8211;<\/p>\n","protected":false},"excerpt":{"rendered":"<p>Ottawa (Ontario), le 29 ao\u00fbt 2022 \u2013 L\u2019assembl\u00e9e g\u00e9n\u00e9rale annuelle des membres (AGA) 2022 de Canada \u00c9questre (CE) aura lieu par conf\u00e9rence Zoom le 20 septembre 2022 \u00e0 19 h HE entre les membres du conseil d\u2019administration de CE et les 27 membres votants de CE pr\u00e9sent(e)s. Conform\u00e9ment aux r\u00e8glements administratifs de CE, l\u2019AGA sera [&hellip;]<\/p>\n","protected":false},"author":3,"featured_media":0,"comment_status":"open","ping_status":"open","sticky":false,"template":"","format":"standard","meta":{"_acf_changed":false,"rs_blank_template":"","rs_page_bg_color":"","slide_template_v7":"","footnotes":""},"categories":[241],"tags":[],"class_list":["post-26445","post","type-post","status-publish","format-standard","hentry","category-anciens-articles"],"acf":[],"yoast_head":"<!-- This site is optimized with the Yoast SEO plugin v27.0 - https:\/\/yoast.com\/product\/yoast-seo-wordpress\/ -->\n<title>Assembl\u00e9e g\u00e9n\u00e9rale annuelle 2022 de Canada \u00c9questre : CE accueille les questions de la communaute - Equestrian Canada<\/title>\n<meta name=\"robots\" content=\"index, follow, max-snippet:-1, max-image-preview:large, max-video-preview:-1\" \/>\n<link rel=\"canonical\" href=\"https:\/\/equestrian.ca\/fr\/anciens-articles\/assemblee-generale-annuelle-2022-de-canada-equestre-ce-accueille-les-questions-de-la-communaute\/\" \/>\n<meta property=\"og:locale\" content=\"fr_CA\" \/>\n<meta property=\"og:type\" content=\"article\" \/>\n<meta property=\"og:title\" content=\"Assembl\u00e9e g\u00e9n\u00e9rale annuelle 2022 de Canada \u00c9questre : CE accueille les questions de la communaute - Equestrian Canada\" \/>\n<meta property=\"og:description\" content=\"Ottawa (Ontario), le 29 ao\u00fbt 2022 \u2013 L\u2019assembl\u00e9e g\u00e9n\u00e9rale annuelle des membres (AGA) 2022 de Canada \u00c9questre (CE) aura lieu par conf\u00e9rence Zoom le 20 septembre 2022 \u00e0 19 h HE entre les membres du conseil d\u2019administration de CE et les 27 membres votants de CE pr\u00e9sent(e)s. Conform\u00e9ment aux r\u00e8glements administratifs de CE, l\u2019AGA sera [&hellip;]\" \/>\n<meta property=\"og:url\" content=\"https:\/\/equestrian.ca\/fr\/anciens-articles\/assemblee-generale-annuelle-2022-de-canada-equestre-ce-accueille-les-questions-de-la-communaute\/\" \/>\n<meta property=\"og:site_name\" content=\"Equestrian Canada\" \/>\n<meta property=\"article:published_time\" content=\"2022-08-29T00:00:00+00:00\" \/>\n<meta name=\"author\" content=\"Berry\" \/>\n<meta name=\"twitter:card\" content=\"summary_large_image\" \/>\n<meta name=\"twitter:label1\" content=\"\u00c9crit par\" \/>\n\t<meta name=\"twitter:data1\" content=\"Berry\" \/>\n\t<meta name=\"twitter:label2\" content=\"Estimation du temps de lecture\" \/>\n\t<meta name=\"twitter:data2\" content=\"2 minutes\" \/>\n<script type=\"application\/ld+json\" class=\"yoast-schema-graph\">{\"@context\":\"https:\/\/schema.org\",\"@graph\":[{\"@type\":\"Article\",\"@id\":\"https:\/\/equestrian.ca\/fr\/anciens-articles\/assemblee-generale-annuelle-2022-de-canada-equestre-ce-accueille-les-questions-de-la-communaute\/#article\",\"isPartOf\":{\"@id\":\"https:\/\/equestrian.ca\/fr\/anciens-articles\/assemblee-generale-annuelle-2022-de-canada-equestre-ce-accueille-les-questions-de-la-communaute\/\"},\"author\":{\"name\":\"Berry\",\"@id\":\"https:\/\/equestrian.ca\/fr\/#\/schema\/person\/9abd3ba4d1027626b07355668e4ee3ad\"},\"headline\":\"Assembl\u00e9e g\u00e9n\u00e9rale annuelle 2022 de Canada \u00c9questre : CE accueille les questions de la communaute\",\"datePublished\":\"2022-08-29T00:00:00+00:00\",\"mainEntityOfPage\":{\"@id\":\"https:\/\/equestrian.ca\/fr\/anciens-articles\/assemblee-generale-annuelle-2022-de-canada-equestre-ce-accueille-les-questions-de-la-communaute\/\"},\"wordCount\":522,\"commentCount\":0,\"articleSection\":[\"Anciens articles\"],\"inLanguage\":\"fr-CA\",\"potentialAction\":[{\"@type\":\"CommentAction\",\"name\":\"Comment\",\"target\":[\"https:\/\/equestrian.ca\/fr\/anciens-articles\/assemblee-generale-annuelle-2022-de-canada-equestre-ce-accueille-les-questions-de-la-communaute\/#respond\"]}]},{\"@type\":\"WebPage\",\"@id\":\"https:\/\/equestrian.ca\/fr\/anciens-articles\/assemblee-generale-annuelle-2022-de-canada-equestre-ce-accueille-les-questions-de-la-communaute\/\",\"url\":\"https:\/\/equestrian.ca\/fr\/anciens-articles\/assemblee-generale-annuelle-2022-de-canada-equestre-ce-accueille-les-questions-de-la-communaute\/\",\"name\":\"Assembl\u00e9e g\u00e9n\u00e9rale annuelle 2022 de Canada \u00c9questre : CE accueille les questions de la communaute - Equestrian Canada\",\"isPartOf\":{\"@id\":\"https:\/\/equestrian.ca\/fr\/#website\"},\"datePublished\":\"2022-08-29T00:00:00+00:00\",\"author\":{\"@id\":\"https:\/\/equestrian.ca\/fr\/#\/schema\/person\/9abd3ba4d1027626b07355668e4ee3ad\"},\"breadcrumb\":{\"@id\":\"https:\/\/equestrian.ca\/fr\/anciens-articles\/assemblee-generale-annuelle-2022-de-canada-equestre-ce-accueille-les-questions-de-la-communaute\/#breadcrumb\"},\"inLanguage\":\"fr-CA\",\"potentialAction\":[{\"@type\":\"ReadAction\",\"target\":[\"https:\/\/equestrian.ca\/fr\/anciens-articles\/assemblee-generale-annuelle-2022-de-canada-equestre-ce-accueille-les-questions-de-la-communaute\/\"]}]},{\"@type\":\"BreadcrumbList\",\"@id\":\"https:\/\/equestrian.ca\/fr\/anciens-articles\/assemblee-generale-annuelle-2022-de-canada-equestre-ce-accueille-les-questions-de-la-communaute\/#breadcrumb\",\"itemListElement\":[{\"@type\":\"ListItem\",\"position\":1,\"name\":\"Home\",\"item\":\"https:\/\/equestrian.ca\/fr\/\"},{\"@type\":\"ListItem\",\"position\":2,\"name\":\"Assembl\u00e9e g\u00e9n\u00e9rale annuelle 2022 de Canada \u00c9questre : CE accueille les questions de la communaute\"}]},{\"@type\":\"WebSite\",\"@id\":\"https:\/\/equestrian.ca\/fr\/#website\",\"url\":\"https:\/\/equestrian.ca\/fr\/\",\"name\":\"Equestrian Canada\",\"description\":\"For the love of horses and sport for life.\",\"potentialAction\":[{\"@type\":\"SearchAction\",\"target\":{\"@type\":\"EntryPoint\",\"urlTemplate\":\"https:\/\/equestrian.ca\/fr\/?s={search_term_string}\"},\"query-input\":{\"@type\":\"PropertyValueSpecification\",\"valueRequired\":true,\"valueName\":\"search_term_string\"}}],\"inLanguage\":\"fr-CA\"},{\"@type\":\"Person\",\"@id\":\"https:\/\/equestrian.ca\/fr\/#\/schema\/person\/9abd3ba4d1027626b07355668e4ee3ad\",\"name\":\"Berry\",\"image\":{\"@type\":\"ImageObject\",\"inLanguage\":\"fr-CA\",\"@id\":\"https:\/\/equestrian.ca\/fr\/#\/schema\/person\/image\/\",\"url\":\"https:\/\/secure.gravatar.com\/avatar\/882da3b67056b0c608086d3c77de46948b64244a4c249e81e0bf04a8095ce320?s=96&d=mm&r=g\",\"contentUrl\":\"https:\/\/secure.gravatar.com\/avatar\/882da3b67056b0c608086d3c77de46948b64244a4c249e81e0bf04a8095ce320?s=96&d=mm&r=g\",\"caption\":\"Berry\"},\"url\":\"https:\/\/equestrian.ca\/fr\/author\/mberry\/\"}]}<\/script>\n<!-- \/ Yoast SEO plugin. -->","yoast_head_json":{"title":"Assembl\u00e9e g\u00e9n\u00e9rale annuelle 2022 de Canada \u00c9questre : CE accueille les questions de la communaute - Equestrian Canada","robots":{"index":"index","follow":"follow","max-snippet":"max-snippet:-1","max-image-preview":"max-image-preview:large","max-video-preview":"max-video-preview:-1"},"canonical":"https:\/\/equestrian.ca\/fr\/anciens-articles\/assemblee-generale-annuelle-2022-de-canada-equestre-ce-accueille-les-questions-de-la-communaute\/","og_locale":"fr_CA","og_type":"article","og_title":"Assembl\u00e9e g\u00e9n\u00e9rale annuelle 2022 de Canada \u00c9questre : CE accueille les questions de la communaute - Equestrian Canada","og_description":"Ottawa (Ontario), le 29 ao\u00fbt 2022 \u2013 L\u2019assembl\u00e9e g\u00e9n\u00e9rale annuelle des membres (AGA) 2022 de Canada \u00c9questre (CE) aura lieu par conf\u00e9rence Zoom le 20 septembre 2022 \u00e0 19 h HE entre les membres du conseil d\u2019administration de CE et les 27 membres votants de CE pr\u00e9sent(e)s. Conform\u00e9ment aux r\u00e8glements administratifs de CE, l\u2019AGA sera [&hellip;]","og_url":"https:\/\/equestrian.ca\/fr\/anciens-articles\/assemblee-generale-annuelle-2022-de-canada-equestre-ce-accueille-les-questions-de-la-communaute\/","og_site_name":"Equestrian Canada","article_published_time":"2022-08-29T00:00:00+00:00","author":"Berry","twitter_card":"summary_large_image","twitter_misc":{"\u00c9crit par":"Berry","Estimation du temps de lecture":"2 minutes"},"schema":{"@context":"https:\/\/schema.org","@graph":[{"@type":"Article","@id":"https:\/\/equestrian.ca\/fr\/anciens-articles\/assemblee-generale-annuelle-2022-de-canada-equestre-ce-accueille-les-questions-de-la-communaute\/#article","isPartOf":{"@id":"https:\/\/equestrian.ca\/fr\/anciens-articles\/assemblee-generale-annuelle-2022-de-canada-equestre-ce-accueille-les-questions-de-la-communaute\/"},"author":{"name":"Berry","@id":"https:\/\/equestrian.ca\/fr\/#\/schema\/person\/9abd3ba4d1027626b07355668e4ee3ad"},"headline":"Assembl\u00e9e g\u00e9n\u00e9rale annuelle 2022 de Canada \u00c9questre : CE accueille les questions de la communaute","datePublished":"2022-08-29T00:00:00+00:00","mainEntityOfPage":{"@id":"https:\/\/equestrian.ca\/fr\/anciens-articles\/assemblee-generale-annuelle-2022-de-canada-equestre-ce-accueille-les-questions-de-la-communaute\/"},"wordCount":522,"commentCount":0,"articleSection":["Anciens articles"],"inLanguage":"fr-CA","potentialAction":[{"@type":"CommentAction","name":"Comment","target":["https:\/\/equestrian.ca\/fr\/anciens-articles\/assemblee-generale-annuelle-2022-de-canada-equestre-ce-accueille-les-questions-de-la-communaute\/#respond"]}]},{"@type":"WebPage","@id":"https:\/\/equestrian.ca\/fr\/anciens-articles\/assemblee-generale-annuelle-2022-de-canada-equestre-ce-accueille-les-questions-de-la-communaute\/","url":"https:\/\/equestrian.ca\/fr\/anciens-articles\/assemblee-generale-annuelle-2022-de-canada-equestre-ce-accueille-les-questions-de-la-communaute\/","name":"Assembl\u00e9e g\u00e9n\u00e9rale annuelle 2022 de Canada \u00c9questre : CE accueille les questions de la communaute - Equestrian Canada","isPartOf":{"@id":"https:\/\/equestrian.ca\/fr\/#website"},"datePublished":"2022-08-29T00:00:00+00:00","author":{"@id":"https:\/\/equestrian.ca\/fr\/#\/schema\/person\/9abd3ba4d1027626b07355668e4ee3ad"},"breadcrumb":{"@id":"https:\/\/equestrian.ca\/fr\/anciens-articles\/assemblee-generale-annuelle-2022-de-canada-equestre-ce-accueille-les-questions-de-la-communaute\/#breadcrumb"},"inLanguage":"fr-CA","potentialAction":[{"@type":"ReadAction","target":["https:\/\/equestrian.ca\/fr\/anciens-articles\/assemblee-generale-annuelle-2022-de-canada-equestre-ce-accueille-les-questions-de-la-communaute\/"]}]},{"@type":"BreadcrumbList","@id":"https:\/\/equestrian.ca\/fr\/anciens-articles\/assemblee-generale-annuelle-2022-de-canada-equestre-ce-accueille-les-questions-de-la-communaute\/#breadcrumb","itemListElement":[{"@type":"ListItem","position":1,"name":"Home","item":"https:\/\/equestrian.ca\/fr\/"},{"@type":"ListItem","position":2,"name":"Assembl\u00e9e g\u00e9n\u00e9rale annuelle 2022 de Canada \u00c9questre : CE accueille les questions de la communaute"}]},{"@type":"WebSite","@id":"https:\/\/equestrian.ca\/fr\/#website","url":"https:\/\/equestrian.ca\/fr\/","name":"Equestrian Canada","description":"For the love of horses and sport for life.","potentialAction":[{"@type":"SearchAction","target":{"@type":"EntryPoint","urlTemplate":"https:\/\/equestrian.ca\/fr\/?s={search_term_string}"},"query-input":{"@type":"PropertyValueSpecification","valueRequired":true,"valueName":"search_term_string"}}],"inLanguage":"fr-CA"},{"@type":"Person","@id":"https:\/\/equestrian.ca\/fr\/#\/schema\/person\/9abd3ba4d1027626b07355668e4ee3ad","name":"Berry","image":{"@type":"ImageObject","inLanguage":"fr-CA","@id":"https:\/\/equestrian.ca\/fr\/#\/schema\/person\/image\/","url":"https:\/\/secure.gravatar.com\/avatar\/882da3b67056b0c608086d3c77de46948b64244a4c249e81e0bf04a8095ce320?s=96&d=mm&r=g","contentUrl":"https:\/\/secure.gravatar.com\/avatar\/882da3b67056b0c608086d3c77de46948b64244a4c249e81e0bf04a8095ce320?s=96&d=mm&r=g","caption":"Berry"},"url":"https:\/\/equestrian.ca\/fr\/author\/mberry\/"}]}},"_links":{"self":[{"href":"https:\/\/equestrian.ca\/fr\/wp-json\/wp\/v2\/posts\/26445","targetHints":{"allow":["GET"]}}],"collection":[{"href":"https:\/\/equestrian.ca\/fr\/wp-json\/wp\/v2\/posts"}],"about":[{"href":"https:\/\/equestrian.ca\/fr\/wp-json\/wp\/v2\/types\/post"}],"author":[{"embeddable":true,"href":"https:\/\/equestrian.ca\/fr\/wp-json\/wp\/v2\/users\/3"}],"replies":[{"embeddable":true,"href":"https:\/\/equestrian.ca\/fr\/wp-json\/wp\/v2\/comments?post=26445"}],"version-history":[{"count":0,"href":"https:\/\/equestrian.ca\/fr\/wp-json\/wp\/v2\/posts\/26445\/revisions"}],"wp:attachment":[{"href":"https:\/\/equestrian.ca\/fr\/wp-json\/wp\/v2\/media?parent=26445"}],"wp:term":[{"taxonomy":"category","embeddable":true,"href":"https:\/\/equestrian.ca\/fr\/wp-json\/wp\/v2\/categories?post=26445"},{"taxonomy":"post_tag","embeddable":true,"href":"https:\/\/equestrian.ca\/fr\/wp-json\/wp\/v2\/tags?post=26445"}],"curies":[{"name":"wp","href":"https:\/\/api.w.org\/{rel}","templated":true}]}}