{"id":26444,"date":"2022-03-01T00:00:00","date_gmt":"2022-03-01T00:00:00","guid":{"rendered":"https:\/\/equestrian.ca\/news\/lequipe-canadienne-de-saut-dobstacles-fin-prete-pour-la-premiere-coupe-des-nations-de-2022\/"},"modified":"2022-03-01T00:00:00","modified_gmt":"2022-03-01T00:00:00","slug":"lequipe-canadienne-de-saut-dobstacles-fin-prete-pour-la-premiere-coupe-des-nations-de-2022","status":"publish","type":"post","link":"https:\/\/equestrian.ca\/fr\/anciens-articles\/lequipe-canadienne-de-saut-dobstacles-fin-prete-pour-la-premiere-coupe-des-nations-de-2022\/","title":{"rendered":"L\u2019\u00e9quipe canadienne de saut d\u2019obstacles fin pr\u00eate pour la premi\u00e8re Coupe des nations de 2022"},"content":{"rendered":"<p>Erynn Ballard, Tiffany Foster, Amy Millar et Beth Underhill repr\u00e9senteront le Canada le 5 mars aux \u00e9preuves par \u00e9quipe de la Coupe des nations CSIO 4* FEI dot\u00e9e de 150 000 $. Mac Cone et Jacqueline Steffens porteront quant \u00e0 eux la feuille d\u2019\u00e9rable durant les \u00e9preuves individuelles CSIO 4* et feront office de r\u00e9servistes pour l\u2019\u00e9quipe. Eric Lamaze, le nouveau conseiller technique, Saut d\u2019obstacles, y endossera son r\u00f4le de chef d\u2019\u00e9quipe pour la premi\u00e8re fois. \u00ab\u2009Je suis tr\u00e8s heureux de mener cette \u00e9quipe f\u00e9minine cette semaine et de continuer notre progression vers les Championnats du monde de cette ann\u00e9e\u2009\u00bb, a affirm\u00e9 M. Lamaze.\n    <\/p>\n<p>\u00ab Avec mon nouveau poste de conseiller technique chez CE, j\u2019ai eu peu de temps pour me pr\u00e9parer pour la Coupe des nations de Wellington. J\u2019ai ador\u00e9 travailler avec le groupe consultatif sur la haute performance. Nous avons partag\u00e9 des id\u00e9es et discut\u00e9 ouvertement de nos opinions sur les athl\u00e8tes et les chevaux qui ont \u00e9t\u00e9 s\u00e9lectionn\u00e9s pour repr\u00e9senter \u00c9quipe Canada. J\u2019ai bien h\u00e2te de poursuivre cette collaboration durant le processus de s\u00e9lection des \u00e9quipes\u2009\u00bb, a expliqu\u00e9 le chef d\u2019\u00e9quipe, qui occupera ses fonctions aux c\u00f4t\u00e9s de Karen Hendry-Ouellette, la gestionnaire de l\u2019\u00e9quipe.<\/p>\n<p><img src='\/wp-content\/uploads\/cdn\/storage\/images_v2\/CSIO-Nations-Cup-Jumping--2022-03-02.jpg' alt='Canadian Show Jumping Team Ready to Shine at the First Nations\u2019 Cup of 2022' \/><\/p>\n<p><i><b>Source<\/b> : Starting Gate Communications \/&nbsp;<\/i>Portrait de Tiffany, gracieuset\u00e9 de Tiffany Foster<\/p>\n<p>La Coupe des nations r\u00e9unira 12 \u00e9quipes de diff\u00e9rents pays, dont le Canada, l\u2019Argentine, l\u2019Australie, la Belgique, le Br\u00e9sil, le Chili, la Grande-Bretagne, l\u2019Irlande, le Mexique, les \u00c9tats-Unis et le Venezuela. La comp\u00e9tition aura lieu \u00e0 l\u2019International Arena du Palm Beach International Equestrian Center. La premi\u00e8re manche d\u00e9butera \u00e0 16 h 30 (HNE) et la deuxi\u00e8me, \u00e0 19 h (HNE).<\/p>\n<p>Les Coupes des nations sont les seuls \u00e9v\u00e9nements en saut d\u2019obstacles o\u00f9 les concurrentes et concurrents affrontent d\u2019autres pays en \u00e9quipes de quatre. Les trois meilleures notes de chaque \u00e9quipe sont additionn\u00e9es pour obtenir le r\u00e9sultat final des \u00e9quipes pour les deux manches de la comp\u00e9tition. <\/p>\n<p>Le concours fait partie du WEF, une s\u00e9rie de 12 semaines d\u2019\u00e9preuves internationales de haut calibre qui en est maintenant \u00e0 sa huiti\u00e8me semaine. L\u2019\u00e9v\u00e9nement est tenu en Floride chaque ann\u00e9e et attire les meilleurs athl\u00e8tes du globe. <\/p>\n<p>Pour en savoir plus sur la Coupe des nations CSIO 4* du WEF et pour regarder et encourager notre \u00e9quipe en direct, veuillez visiter le site Web (en anglais) : <a href=\"https:\/\/pbiec.coth.com\/\" target=\"_blank\" rel=\"noopener\">pbiec.coth.com\/<\/a>.<\/p>\n<p>Pour des photos de haute r\u00e9solution, veuillez envoyer un courriel \u00e0 <a href=\"mailto:communications@equestrian.ca\" target=\"_blank\" rel=\"noopener\">communications@equestrian.ca<\/a>. <\/p>\n<p style=\"text-align: center;\">&#8211; 30 &#8211;<\/p>\n","protected":false},"excerpt":{"rendered":"<p>Erynn Ballard, Tiffany Foster, Amy Millar et Beth Underhill repr\u00e9senteront le Canada le 5 mars aux \u00e9preuves par \u00e9quipe de la Coupe des nations CSIO 4* FEI dot\u00e9e de 150 000 $. Mac Cone et Jacqueline Steffens porteront quant \u00e0 eux la feuille d\u2019\u00e9rable durant les \u00e9preuves individuelles CSIO 4* et feront office de r\u00e9servistes [&hellip;]<\/p>\n","protected":false},"author":3,"featured_media":11750,"comment_status":"open","ping_status":"open","sticky":false,"template":"","format":"standard","meta":{"_acf_changed":false,"rs_blank_template":"","rs_page_bg_color":"","slide_template_v7":"","footnotes":""},"categories":[241],"tags":[],"class_list":["post-26444","post","type-post","status-publish","format-standard","has-post-thumbnail","hentry","category-anciens-articles"],"acf":[],"yoast_head":"<!-- This site is optimized with the Yoast SEO plugin v27.0 - https:\/\/yoast.com\/product\/yoast-seo-wordpress\/ -->\n<title>L\u2019\u00e9quipe canadienne de saut d\u2019obstacles fin pr\u00eate pour la premi\u00e8re Coupe des nations de 2022 - Equestrian Canada<\/title>\n<meta name=\"robots\" content=\"index, follow, max-snippet:-1, max-image-preview:large, max-video-preview:-1\" \/>\n<link rel=\"canonical\" href=\"https:\/\/equestrian.ca\/fr\/anciens-articles\/lequipe-canadienne-de-saut-dobstacles-fin-prete-pour-la-premiere-coupe-des-nations-de-2022\/\" \/>\n<meta property=\"og:locale\" content=\"fr_CA\" \/>\n<meta property=\"og:type\" content=\"article\" \/>\n<meta property=\"og:title\" content=\"L\u2019\u00e9quipe canadienne de saut d\u2019obstacles fin pr\u00eate pour la premi\u00e8re Coupe des nations de 2022 - Equestrian Canada\" \/>\n<meta property=\"og:description\" content=\"Erynn Ballard, Tiffany Foster, Amy Millar et Beth Underhill repr\u00e9senteront le Canada le 5 mars aux \u00e9preuves par \u00e9quipe de la Coupe des nations CSIO 4* FEI dot\u00e9e de 150 000 $. Mac Cone et Jacqueline Steffens porteront quant \u00e0 eux la feuille d\u2019\u00e9rable durant les \u00e9preuves individuelles CSIO 4* et feront office de r\u00e9servistes [&hellip;]\" \/>\n<meta property=\"og:url\" content=\"https:\/\/equestrian.ca\/fr\/anciens-articles\/lequipe-canadienne-de-saut-dobstacles-fin-prete-pour-la-premiere-coupe-des-nations-de-2022\/\" \/>\n<meta property=\"og:site_name\" content=\"Equestrian Canada\" \/>\n<meta property=\"article:published_time\" content=\"2022-03-01T00:00:00+00:00\" \/>\n<meta property=\"og:image\" content=\"https:\/\/equestrian.ca\/wp-content\/uploads\/2024\/01\/CSIO-Nations-Cup-Jumping-2022-03-02.jpg\" \/>\n\t<meta property=\"og:image:width\" content=\"1080\" \/>\n\t<meta property=\"og:image:height\" content=\"1080\" \/>\n\t<meta property=\"og:image:type\" content=\"image\/jpeg\" \/>\n<meta name=\"author\" content=\"Berry\" \/>\n<meta name=\"twitter:card\" content=\"summary_large_image\" \/>\n<meta name=\"twitter:label1\" content=\"\u00c9crit par\" \/>\n\t<meta name=\"twitter:data1\" content=\"Berry\" \/>\n\t<meta name=\"twitter:label2\" content=\"Estimation du temps de lecture\" \/>\n\t<meta name=\"twitter:data2\" content=\"2 minutes\" \/>\n<script type=\"application\/ld+json\" class=\"yoast-schema-graph\">{\"@context\":\"https:\/\/schema.org\",\"@graph\":[{\"@type\":\"Article\",\"@id\":\"https:\/\/equestrian.ca\/fr\/anciens-articles\/lequipe-canadienne-de-saut-dobstacles-fin-prete-pour-la-premiere-coupe-des-nations-de-2022\/#article\",\"isPartOf\":{\"@id\":\"https:\/\/equestrian.ca\/fr\/anciens-articles\/lequipe-canadienne-de-saut-dobstacles-fin-prete-pour-la-premiere-coupe-des-nations-de-2022\/\"},\"author\":{\"name\":\"Berry\",\"@id\":\"https:\/\/equestrian.ca\/fr\/#\/schema\/person\/9abd3ba4d1027626b07355668e4ee3ad\"},\"headline\":\"L\u2019\u00e9quipe canadienne de saut d\u2019obstacles fin pr\u00eate pour la premi\u00e8re Coupe des nations de 2022\",\"datePublished\":\"2022-03-01T00:00:00+00:00\",\"mainEntityOfPage\":{\"@id\":\"https:\/\/equestrian.ca\/fr\/anciens-articles\/lequipe-canadienne-de-saut-dobstacles-fin-prete-pour-la-premiere-coupe-des-nations-de-2022\/\"},\"wordCount\":451,\"commentCount\":0,\"image\":{\"@id\":\"https:\/\/equestrian.ca\/fr\/anciens-articles\/lequipe-canadienne-de-saut-dobstacles-fin-prete-pour-la-premiere-coupe-des-nations-de-2022\/#primaryimage\"},\"thumbnailUrl\":\"https:\/\/equestrian.ca\/wp-content\/uploads\/2024\/01\/CSIO-Nations-Cup-Jumping-2022-03-02.jpg\",\"articleSection\":[\"Anciens articles\"],\"inLanguage\":\"fr-CA\",\"potentialAction\":[{\"@type\":\"CommentAction\",\"name\":\"Comment\",\"target\":[\"https:\/\/equestrian.ca\/fr\/anciens-articles\/lequipe-canadienne-de-saut-dobstacles-fin-prete-pour-la-premiere-coupe-des-nations-de-2022\/#respond\"]}]},{\"@type\":\"WebPage\",\"@id\":\"https:\/\/equestrian.ca\/fr\/anciens-articles\/lequipe-canadienne-de-saut-dobstacles-fin-prete-pour-la-premiere-coupe-des-nations-de-2022\/\",\"url\":\"https:\/\/equestrian.ca\/fr\/anciens-articles\/lequipe-canadienne-de-saut-dobstacles-fin-prete-pour-la-premiere-coupe-des-nations-de-2022\/\",\"name\":\"L\u2019\u00e9quipe canadienne de saut d\u2019obstacles fin pr\u00eate pour la premi\u00e8re Coupe des nations de 2022 - Equestrian Canada\",\"isPartOf\":{\"@id\":\"https:\/\/equestrian.ca\/fr\/#website\"},\"primaryImageOfPage\":{\"@id\":\"https:\/\/equestrian.ca\/fr\/anciens-articles\/lequipe-canadienne-de-saut-dobstacles-fin-prete-pour-la-premiere-coupe-des-nations-de-2022\/#primaryimage\"},\"image\":{\"@id\":\"https:\/\/equestrian.ca\/fr\/anciens-articles\/lequipe-canadienne-de-saut-dobstacles-fin-prete-pour-la-premiere-coupe-des-nations-de-2022\/#primaryimage\"},\"thumbnailUrl\":\"https:\/\/equestrian.ca\/wp-content\/uploads\/2024\/01\/CSIO-Nations-Cup-Jumping-2022-03-02.jpg\",\"datePublished\":\"2022-03-01T00:00:00+00:00\",\"author\":{\"@id\":\"https:\/\/equestrian.ca\/fr\/#\/schema\/person\/9abd3ba4d1027626b07355668e4ee3ad\"},\"breadcrumb\":{\"@id\":\"https:\/\/equestrian.ca\/fr\/anciens-articles\/lequipe-canadienne-de-saut-dobstacles-fin-prete-pour-la-premiere-coupe-des-nations-de-2022\/#breadcrumb\"},\"inLanguage\":\"fr-CA\",\"potentialAction\":[{\"@type\":\"ReadAction\",\"target\":[\"https:\/\/equestrian.ca\/fr\/anciens-articles\/lequipe-canadienne-de-saut-dobstacles-fin-prete-pour-la-premiere-coupe-des-nations-de-2022\/\"]}]},{\"@type\":\"ImageObject\",\"inLanguage\":\"fr-CA\",\"@id\":\"https:\/\/equestrian.ca\/fr\/anciens-articles\/lequipe-canadienne-de-saut-dobstacles-fin-prete-pour-la-premiere-coupe-des-nations-de-2022\/#primaryimage\",\"url\":\"https:\/\/equestrian.ca\/wp-content\/uploads\/2024\/01\/CSIO-Nations-Cup-Jumping-2022-03-02.jpg\",\"contentUrl\":\"https:\/\/equestrian.ca\/wp-content\/uploads\/2024\/01\/CSIO-Nations-Cup-Jumping-2022-03-02.jpg\",\"width\":1080,\"height\":1080},{\"@type\":\"BreadcrumbList\",\"@id\":\"https:\/\/equestrian.ca\/fr\/anciens-articles\/lequipe-canadienne-de-saut-dobstacles-fin-prete-pour-la-premiere-coupe-des-nations-de-2022\/#breadcrumb\",\"itemListElement\":[{\"@type\":\"ListItem\",\"position\":1,\"name\":\"Home\",\"item\":\"https:\/\/equestrian.ca\/fr\/\"},{\"@type\":\"ListItem\",\"position\":2,\"name\":\"L\u2019\u00e9quipe canadienne de saut d\u2019obstacles fin pr\u00eate pour la premi\u00e8re Coupe des nations de 2022\"}]},{\"@type\":\"WebSite\",\"@id\":\"https:\/\/equestrian.ca\/fr\/#website\",\"url\":\"https:\/\/equestrian.ca\/fr\/\",\"name\":\"Equestrian Canada\",\"description\":\"For the love of horses and sport for life.\",\"potentialAction\":[{\"@type\":\"SearchAction\",\"target\":{\"@type\":\"EntryPoint\",\"urlTemplate\":\"https:\/\/equestrian.ca\/fr\/?s={search_term_string}\"},\"query-input\":{\"@type\":\"PropertyValueSpecification\",\"valueRequired\":true,\"valueName\":\"search_term_string\"}}],\"inLanguage\":\"fr-CA\"},{\"@type\":\"Person\",\"@id\":\"https:\/\/equestrian.ca\/fr\/#\/schema\/person\/9abd3ba4d1027626b07355668e4ee3ad\",\"name\":\"Berry\",\"image\":{\"@type\":\"ImageObject\",\"inLanguage\":\"fr-CA\",\"@id\":\"https:\/\/equestrian.ca\/fr\/#\/schema\/person\/image\/\",\"url\":\"https:\/\/secure.gravatar.com\/avatar\/882da3b67056b0c608086d3c77de46948b64244a4c249e81e0bf04a8095ce320?s=96&d=mm&r=g\",\"contentUrl\":\"https:\/\/secure.gravatar.com\/avatar\/882da3b67056b0c608086d3c77de46948b64244a4c249e81e0bf04a8095ce320?s=96&d=mm&r=g\",\"caption\":\"Berry\"},\"url\":\"https:\/\/equestrian.ca\/fr\/author\/mberry\/\"}]}<\/script>\n<!-- \/ Yoast SEO plugin. -->","yoast_head_json":{"title":"L\u2019\u00e9quipe canadienne de saut d\u2019obstacles fin pr\u00eate pour la premi\u00e8re Coupe des nations de 2022 - Equestrian Canada","robots":{"index":"index","follow":"follow","max-snippet":"max-snippet:-1","max-image-preview":"max-image-preview:large","max-video-preview":"max-video-preview:-1"},"canonical":"https:\/\/equestrian.ca\/fr\/anciens-articles\/lequipe-canadienne-de-saut-dobstacles-fin-prete-pour-la-premiere-coupe-des-nations-de-2022\/","og_locale":"fr_CA","og_type":"article","og_title":"L\u2019\u00e9quipe canadienne de saut d\u2019obstacles fin pr\u00eate pour la premi\u00e8re Coupe des nations de 2022 - Equestrian Canada","og_description":"Erynn Ballard, Tiffany Foster, Amy Millar et Beth Underhill repr\u00e9senteront le Canada le 5 mars aux \u00e9preuves par \u00e9quipe de la Coupe des nations CSIO 4* FEI dot\u00e9e de 150 000 $. Mac Cone et Jacqueline Steffens porteront quant \u00e0 eux la feuille d\u2019\u00e9rable durant les \u00e9preuves individuelles CSIO 4* et feront office de r\u00e9servistes [&hellip;]","og_url":"https:\/\/equestrian.ca\/fr\/anciens-articles\/lequipe-canadienne-de-saut-dobstacles-fin-prete-pour-la-premiere-coupe-des-nations-de-2022\/","og_site_name":"Equestrian Canada","article_published_time":"2022-03-01T00:00:00+00:00","og_image":[{"width":1080,"height":1080,"url":"https:\/\/equestrian.ca\/wp-content\/uploads\/2024\/01\/CSIO-Nations-Cup-Jumping-2022-03-02.jpg","type":"image\/jpeg"}],"author":"Berry","twitter_card":"summary_large_image","twitter_misc":{"\u00c9crit par":"Berry","Estimation du temps de lecture":"2 minutes"},"schema":{"@context":"https:\/\/schema.org","@graph":[{"@type":"Article","@id":"https:\/\/equestrian.ca\/fr\/anciens-articles\/lequipe-canadienne-de-saut-dobstacles-fin-prete-pour-la-premiere-coupe-des-nations-de-2022\/#article","isPartOf":{"@id":"https:\/\/equestrian.ca\/fr\/anciens-articles\/lequipe-canadienne-de-saut-dobstacles-fin-prete-pour-la-premiere-coupe-des-nations-de-2022\/"},"author":{"name":"Berry","@id":"https:\/\/equestrian.ca\/fr\/#\/schema\/person\/9abd3ba4d1027626b07355668e4ee3ad"},"headline":"L\u2019\u00e9quipe canadienne de saut d\u2019obstacles fin pr\u00eate pour la premi\u00e8re Coupe des nations de 2022","datePublished":"2022-03-01T00:00:00+00:00","mainEntityOfPage":{"@id":"https:\/\/equestrian.ca\/fr\/anciens-articles\/lequipe-canadienne-de-saut-dobstacles-fin-prete-pour-la-premiere-coupe-des-nations-de-2022\/"},"wordCount":451,"commentCount":0,"image":{"@id":"https:\/\/equestrian.ca\/fr\/anciens-articles\/lequipe-canadienne-de-saut-dobstacles-fin-prete-pour-la-premiere-coupe-des-nations-de-2022\/#primaryimage"},"thumbnailUrl":"https:\/\/equestrian.ca\/wp-content\/uploads\/2024\/01\/CSIO-Nations-Cup-Jumping-2022-03-02.jpg","articleSection":["Anciens articles"],"inLanguage":"fr-CA","potentialAction":[{"@type":"CommentAction","name":"Comment","target":["https:\/\/equestrian.ca\/fr\/anciens-articles\/lequipe-canadienne-de-saut-dobstacles-fin-prete-pour-la-premiere-coupe-des-nations-de-2022\/#respond"]}]},{"@type":"WebPage","@id":"https:\/\/equestrian.ca\/fr\/anciens-articles\/lequipe-canadienne-de-saut-dobstacles-fin-prete-pour-la-premiere-coupe-des-nations-de-2022\/","url":"https:\/\/equestrian.ca\/fr\/anciens-articles\/lequipe-canadienne-de-saut-dobstacles-fin-prete-pour-la-premiere-coupe-des-nations-de-2022\/","name":"L\u2019\u00e9quipe canadienne de saut d\u2019obstacles fin pr\u00eate pour la premi\u00e8re Coupe des nations de 2022 - Equestrian Canada","isPartOf":{"@id":"https:\/\/equestrian.ca\/fr\/#website"},"primaryImageOfPage":{"@id":"https:\/\/equestrian.ca\/fr\/anciens-articles\/lequipe-canadienne-de-saut-dobstacles-fin-prete-pour-la-premiere-coupe-des-nations-de-2022\/#primaryimage"},"image":{"@id":"https:\/\/equestrian.ca\/fr\/anciens-articles\/lequipe-canadienne-de-saut-dobstacles-fin-prete-pour-la-premiere-coupe-des-nations-de-2022\/#primaryimage"},"thumbnailUrl":"https:\/\/equestrian.ca\/wp-content\/uploads\/2024\/01\/CSIO-Nations-Cup-Jumping-2022-03-02.jpg","datePublished":"2022-03-01T00:00:00+00:00","author":{"@id":"https:\/\/equestrian.ca\/fr\/#\/schema\/person\/9abd3ba4d1027626b07355668e4ee3ad"},"breadcrumb":{"@id":"https:\/\/equestrian.ca\/fr\/anciens-articles\/lequipe-canadienne-de-saut-dobstacles-fin-prete-pour-la-premiere-coupe-des-nations-de-2022\/#breadcrumb"},"inLanguage":"fr-CA","potentialAction":[{"@type":"ReadAction","target":["https:\/\/equestrian.ca\/fr\/anciens-articles\/lequipe-canadienne-de-saut-dobstacles-fin-prete-pour-la-premiere-coupe-des-nations-de-2022\/"]}]},{"@type":"ImageObject","inLanguage":"fr-CA","@id":"https:\/\/equestrian.ca\/fr\/anciens-articles\/lequipe-canadienne-de-saut-dobstacles-fin-prete-pour-la-premiere-coupe-des-nations-de-2022\/#primaryimage","url":"https:\/\/equestrian.ca\/wp-content\/uploads\/2024\/01\/CSIO-Nations-Cup-Jumping-2022-03-02.jpg","contentUrl":"https:\/\/equestrian.ca\/wp-content\/uploads\/2024\/01\/CSIO-Nations-Cup-Jumping-2022-03-02.jpg","width":1080,"height":1080},{"@type":"BreadcrumbList","@id":"https:\/\/equestrian.ca\/fr\/anciens-articles\/lequipe-canadienne-de-saut-dobstacles-fin-prete-pour-la-premiere-coupe-des-nations-de-2022\/#breadcrumb","itemListElement":[{"@type":"ListItem","position":1,"name":"Home","item":"https:\/\/equestrian.ca\/fr\/"},{"@type":"ListItem","position":2,"name":"L\u2019\u00e9quipe canadienne de saut d\u2019obstacles fin pr\u00eate pour la premi\u00e8re Coupe des nations de 2022"}]},{"@type":"WebSite","@id":"https:\/\/equestrian.ca\/fr\/#website","url":"https:\/\/equestrian.ca\/fr\/","name":"Equestrian Canada","description":"For the love of horses and sport for life.","potentialAction":[{"@type":"SearchAction","target":{"@type":"EntryPoint","urlTemplate":"https:\/\/equestrian.ca\/fr\/?s={search_term_string}"},"query-input":{"@type":"PropertyValueSpecification","valueRequired":true,"valueName":"search_term_string"}}],"inLanguage":"fr-CA"},{"@type":"Person","@id":"https:\/\/equestrian.ca\/fr\/#\/schema\/person\/9abd3ba4d1027626b07355668e4ee3ad","name":"Berry","image":{"@type":"ImageObject","inLanguage":"fr-CA","@id":"https:\/\/equestrian.ca\/fr\/#\/schema\/person\/image\/","url":"https:\/\/secure.gravatar.com\/avatar\/882da3b67056b0c608086d3c77de46948b64244a4c249e81e0bf04a8095ce320?s=96&d=mm&r=g","contentUrl":"https:\/\/secure.gravatar.com\/avatar\/882da3b67056b0c608086d3c77de46948b64244a4c249e81e0bf04a8095ce320?s=96&d=mm&r=g","caption":"Berry"},"url":"https:\/\/equestrian.ca\/fr\/author\/mberry\/"}]}},"_links":{"self":[{"href":"https:\/\/equestrian.ca\/fr\/wp-json\/wp\/v2\/posts\/26444","targetHints":{"allow":["GET"]}}],"collection":[{"href":"https:\/\/equestrian.ca\/fr\/wp-json\/wp\/v2\/posts"}],"about":[{"href":"https:\/\/equestrian.ca\/fr\/wp-json\/wp\/v2\/types\/post"}],"author":[{"embeddable":true,"href":"https:\/\/equestrian.ca\/fr\/wp-json\/wp\/v2\/users\/3"}],"replies":[{"embeddable":true,"href":"https:\/\/equestrian.ca\/fr\/wp-json\/wp\/v2\/comments?post=26444"}],"version-history":[{"count":0,"href":"https:\/\/equestrian.ca\/fr\/wp-json\/wp\/v2\/posts\/26444\/revisions"}],"wp:featuredmedia":[{"embeddable":true,"href":"https:\/\/equestrian.ca\/fr\/wp-json\/wp\/v2\/media\/11750"}],"wp:attachment":[{"href":"https:\/\/equestrian.ca\/fr\/wp-json\/wp\/v2\/media?parent=26444"}],"wp:term":[{"taxonomy":"category","embeddable":true,"href":"https:\/\/equestrian.ca\/fr\/wp-json\/wp\/v2\/categories?post=26444"},{"taxonomy":"post_tag","embeddable":true,"href":"https:\/\/equestrian.ca\/fr\/wp-json\/wp\/v2\/tags?post=26444"}],"curies":[{"name":"wp","href":"https:\/\/api.w.org\/{rel}","templated":true}]}}