{"id":26426,"date":"2021-10-06T00:00:00","date_gmt":"2021-10-06T00:00:00","guid":{"rendered":"https:\/\/equestrian.ca\/news\/votez-des-maintenant-la-canadienne-sue-ockendon-en-nomination-pour-le-prix-solidarite-de-la-fei\/"},"modified":"2021-10-06T00:00:00","modified_gmt":"2021-10-06T00:00:00","slug":"votez-des-maintenant-la-canadienne-sue-ockendon-en-nomination-pour-le-prix-solidarite-de-la-fei","status":"publish","type":"post","link":"https:\/\/equestrian.ca\/fr\/anciens-articles\/votez-des-maintenant-la-canadienne-sue-ockendon-en-nomination-pour-le-prix-solidarite-de-la-fei\/","title":{"rendered":"Votez d\u00e8s maintenant : La Canadienne Sue Ockendon en nomination pour le Prix solidarit\u00e9 de la FEI"},"content":{"rendered":"<p><img src='\/wp-content\/uploads\/cdn\/storage\/images_v2\/FEI_Awards_2021_Sue_Ockendon_NF_FR.jpg' alt='Cast Your Vote Today: Canada\u2019s Sue Ockendon Nominated for the FEI Solidarity Award' \/><\/p>\n<\/p>\n<\/p>\n<\/p>\n<ul><\/ul>\n<p><a href=\"http:\/\/www.fei.org\/awards#awards-voting\" class=\"o-button js-wow u-fadeInUpBig\" data-wow-delay=\"0.3s\" style=\"visibility: visible; animation-delay: 0.3s; display: block; margin: 15px auto;width: 50%;\">votez maintenant<\/a><\/p>\n<\/p>\n<\/p>\n<\/p>\n<p>Ayant toujours eu \u00e0 c\u0153ur l\u2019essor du concours complet et souhait\u00e9 que de plus en plus de gens puissent y prendre plaisir, M<sup>me<\/sup> Ockendon s\u2019est particuli\u00e8rement int\u00e9ress\u00e9e au d\u00e9veloppement de jeunes talents. C\u2019est en 1987 que la native de Knowlton (Qu\u00e9bec) a particip\u00e9 \u00e0 l\u2019organisation du Concours complet de Bromont pour la premi\u00e8re fois. Depuis, elle y a tenu de nombreux concours internationaux et championnats pour Jeunes Cavaliers. Elle est une v\u00e9ritable locomotive du concours complet non seulement au Canada, mais aussi en Am\u00e9rique du Sud.<\/p>\n<p>\u00c0 titre de d\u00e9l\u00e9gu\u00e9e technique FEI niveau 3 et d\u2019organisatrice, M<sup>me<\/sup> Ockendon a toujours promu l\u2019excellence des parcours de cross-country en misant notamment sur la conception et la s\u00e9curit\u00e9 des obstacles ainsi que la qualit\u00e9 des surfaces. Elle a \u00e9galement su recruter les meilleurs officiels, concepteurs de parcours et d\u00e9l\u00e9gu\u00e9s techniques cumulant des ann\u00e9es d\u2019exp\u00e9rience aux Jeux olympiques ou Jeux \u00e9questres mondiaux.<\/p>\n<p>M<sup>me<\/sup> Ockendon a exerc\u00e9 ses fonctions d\u2019officielle pendant de nombreuses ann\u00e9es en Am\u00e9rique du Nord et dans plusieurs r\u00e9gions de l\u2019Am\u00e9rique centrale et de l\u2019Am\u00e9rique du Sud (Guatemala, Mexique, \u00c9quateur, Chili) en gardant toujours l\u2019am\u00e9lioration de la qualit\u00e9 et de la s\u00e9curit\u00e9 des parcours de cross-country au c\u0153ur de ses pr\u00e9occupations. Aujourd\u2019hui, elle poursuit sa mission d\u2019aider les jeunes cavaliers de talent \u00e0 se d\u00e9velopper dans le cadre de sa toute derni\u00e8re initiative, le programme U25 Bromont Rising.<\/p>\n<p>L\u2019attribution des Prix FEI 2021 repose \u00e0 50 % sur le vote du public et \u00e0 50 % sur celui d\u2019un jury respect\u00e9. Faites entendre votre voix en votant pour notre candidate canadienne, Sue Ockendon, au <a href=\"http:\/\/www.fei.org\/awards#awards-voting\" target=\"_blank\" rel=\"noopener\">www.fei.org\/awards#awards-voting<\/a>! Le vote se termine le 17 octobre, n\u2019y manquez pas!<\/p>\n<\/p>\n<\/p>\n<\/p>\n<\/p>\n<ul><\/ul>\n<p><a href=\"http:\/\/www.fei.org\/awards#awards-voting\" class=\"o-button js-wow u-fadeInUpBig\" data-wow-delay=\"0.3s\" style=\"visibility: visible; animation-delay: 0.3s; display: block; margin: 15px auto;width: 50%;\">votez maintenant<\/a><\/p>\n<\/p>\n<\/p><\/p>\n","protected":false},"excerpt":{"rendered":"<p>votez maintenant Ayant toujours eu \u00e0 c\u0153ur l\u2019essor du concours complet et souhait\u00e9 que de plus en plus de gens puissent y prendre plaisir, Mme Ockendon s\u2019est particuli\u00e8rement int\u00e9ress\u00e9e au d\u00e9veloppement de jeunes talents. C\u2019est en 1987 que la native de Knowlton (Qu\u00e9bec) a particip\u00e9 \u00e0 l\u2019organisation du Concours complet de Bromont pour la premi\u00e8re [&hellip;]<\/p>\n","protected":false},"author":3,"featured_media":10437,"comment_status":"open","ping_status":"open","sticky":false,"template":"","format":"standard","meta":{"_acf_changed":false,"footnotes":""},"categories":[241],"tags":[],"class_list":["post-26426","post","type-post","status-publish","format-standard","has-post-thumbnail","hentry","category-anciens-articles"],"acf":[],"yoast_head":"<!-- This site is optimized with the Yoast SEO plugin v27.0 - https:\/\/yoast.com\/product\/yoast-seo-wordpress\/ -->\n<title>Votez d\u00e8s maintenant : La Canadienne Sue Ockendon en nomination pour le Prix solidarit\u00e9 de la FEI - Equestrian Canada<\/title>\n<meta name=\"robots\" content=\"index, follow, max-snippet:-1, max-image-preview:large, max-video-preview:-1\" \/>\n<link rel=\"canonical\" href=\"https:\/\/equestrian.ca\/fr\/anciens-articles\/votez-des-maintenant-la-canadienne-sue-ockendon-en-nomination-pour-le-prix-solidarite-de-la-fei\/\" \/>\n<meta property=\"og:locale\" content=\"fr_CA\" \/>\n<meta property=\"og:type\" content=\"article\" \/>\n<meta property=\"og:title\" content=\"Votez d\u00e8s maintenant : La Canadienne Sue Ockendon en nomination pour le Prix solidarit\u00e9 de la FEI - Equestrian Canada\" \/>\n<meta property=\"og:description\" content=\"votez maintenant Ayant toujours eu \u00e0 c\u0153ur l\u2019essor du concours complet et souhait\u00e9 que de plus en plus de gens puissent y prendre plaisir, Mme Ockendon s\u2019est particuli\u00e8rement int\u00e9ress\u00e9e au d\u00e9veloppement de jeunes talents. C\u2019est en 1987 que la native de Knowlton (Qu\u00e9bec) a particip\u00e9 \u00e0 l\u2019organisation du Concours complet de Bromont pour la premi\u00e8re [&hellip;]\" \/>\n<meta property=\"og:url\" content=\"https:\/\/equestrian.ca\/fr\/anciens-articles\/votez-des-maintenant-la-canadienne-sue-ockendon-en-nomination-pour-le-prix-solidarite-de-la-fei\/\" \/>\n<meta property=\"og:site_name\" content=\"Equestrian Canada\" \/>\n<meta property=\"article:published_time\" content=\"2021-10-06T00:00:00+00:00\" \/>\n<meta property=\"og:image\" content=\"https:\/\/equestrian.ca\/wp-content\/uploads\/2024\/01\/FEI_Awards_2021_Sue_Ockendon_NF.jpg\" \/>\n\t<meta property=\"og:image:width\" content=\"1080\" \/>\n\t<meta property=\"og:image:height\" content=\"1080\" \/>\n\t<meta property=\"og:image:type\" content=\"image\/jpeg\" \/>\n<meta name=\"author\" content=\"Berry\" \/>\n<meta name=\"twitter:card\" content=\"summary_large_image\" \/>\n<meta name=\"twitter:label1\" content=\"\u00c9crit par\" \/>\n\t<meta name=\"twitter:data1\" content=\"Berry\" \/>\n\t<meta name=\"twitter:label2\" content=\"Estimation du temps de lecture\" \/>\n\t<meta name=\"twitter:data2\" content=\"2 minutes\" \/>\n<script type=\"application\/ld+json\" class=\"yoast-schema-graph\">{\"@context\":\"https:\/\/schema.org\",\"@graph\":[{\"@type\":\"Article\",\"@id\":\"https:\/\/equestrian.ca\/fr\/anciens-articles\/votez-des-maintenant-la-canadienne-sue-ockendon-en-nomination-pour-le-prix-solidarite-de-la-fei\/#article\",\"isPartOf\":{\"@id\":\"https:\/\/equestrian.ca\/fr\/anciens-articles\/votez-des-maintenant-la-canadienne-sue-ockendon-en-nomination-pour-le-prix-solidarite-de-la-fei\/\"},\"author\":{\"name\":\"Berry\",\"@id\":\"https:\/\/equestrian.ca\/fr\/#\/schema\/person\/9abd3ba4d1027626b07355668e4ee3ad\"},\"headline\":\"Votez d\u00e8s maintenant : La Canadienne Sue Ockendon en nomination pour le Prix solidarit\u00e9 de la FEI\",\"datePublished\":\"2021-10-06T00:00:00+00:00\",\"mainEntityOfPage\":{\"@id\":\"https:\/\/equestrian.ca\/fr\/anciens-articles\/votez-des-maintenant-la-canadienne-sue-ockendon-en-nomination-pour-le-prix-solidarite-de-la-fei\/\"},\"wordCount\":329,\"commentCount\":0,\"image\":{\"@id\":\"https:\/\/equestrian.ca\/fr\/anciens-articles\/votez-des-maintenant-la-canadienne-sue-ockendon-en-nomination-pour-le-prix-solidarite-de-la-fei\/#primaryimage\"},\"thumbnailUrl\":\"https:\/\/equestrian.ca\/wp-content\/uploads\/2024\/01\/FEI_Awards_2021_Sue_Ockendon_NF.jpg\",\"articleSection\":[\"Anciens articles\"],\"inLanguage\":\"fr-CA\",\"potentialAction\":[{\"@type\":\"CommentAction\",\"name\":\"Comment\",\"target\":[\"https:\/\/equestrian.ca\/fr\/anciens-articles\/votez-des-maintenant-la-canadienne-sue-ockendon-en-nomination-pour-le-prix-solidarite-de-la-fei\/#respond\"]}]},{\"@type\":\"WebPage\",\"@id\":\"https:\/\/equestrian.ca\/fr\/anciens-articles\/votez-des-maintenant-la-canadienne-sue-ockendon-en-nomination-pour-le-prix-solidarite-de-la-fei\/\",\"url\":\"https:\/\/equestrian.ca\/fr\/anciens-articles\/votez-des-maintenant-la-canadienne-sue-ockendon-en-nomination-pour-le-prix-solidarite-de-la-fei\/\",\"name\":\"Votez d\u00e8s maintenant : La Canadienne Sue Ockendon en nomination pour le Prix solidarit\u00e9 de la FEI - Equestrian Canada\",\"isPartOf\":{\"@id\":\"https:\/\/equestrian.ca\/fr\/#website\"},\"primaryImageOfPage\":{\"@id\":\"https:\/\/equestrian.ca\/fr\/anciens-articles\/votez-des-maintenant-la-canadienne-sue-ockendon-en-nomination-pour-le-prix-solidarite-de-la-fei\/#primaryimage\"},\"image\":{\"@id\":\"https:\/\/equestrian.ca\/fr\/anciens-articles\/votez-des-maintenant-la-canadienne-sue-ockendon-en-nomination-pour-le-prix-solidarite-de-la-fei\/#primaryimage\"},\"thumbnailUrl\":\"https:\/\/equestrian.ca\/wp-content\/uploads\/2024\/01\/FEI_Awards_2021_Sue_Ockendon_NF.jpg\",\"datePublished\":\"2021-10-06T00:00:00+00:00\",\"author\":{\"@id\":\"https:\/\/equestrian.ca\/fr\/#\/schema\/person\/9abd3ba4d1027626b07355668e4ee3ad\"},\"breadcrumb\":{\"@id\":\"https:\/\/equestrian.ca\/fr\/anciens-articles\/votez-des-maintenant-la-canadienne-sue-ockendon-en-nomination-pour-le-prix-solidarite-de-la-fei\/#breadcrumb\"},\"inLanguage\":\"fr-CA\",\"potentialAction\":[{\"@type\":\"ReadAction\",\"target\":[\"https:\/\/equestrian.ca\/fr\/anciens-articles\/votez-des-maintenant-la-canadienne-sue-ockendon-en-nomination-pour-le-prix-solidarite-de-la-fei\/\"]}]},{\"@type\":\"ImageObject\",\"inLanguage\":\"fr-CA\",\"@id\":\"https:\/\/equestrian.ca\/fr\/anciens-articles\/votez-des-maintenant-la-canadienne-sue-ockendon-en-nomination-pour-le-prix-solidarite-de-la-fei\/#primaryimage\",\"url\":\"https:\/\/equestrian.ca\/wp-content\/uploads\/2024\/01\/FEI_Awards_2021_Sue_Ockendon_NF.jpg\",\"contentUrl\":\"https:\/\/equestrian.ca\/wp-content\/uploads\/2024\/01\/FEI_Awards_2021_Sue_Ockendon_NF.jpg\",\"width\":1080,\"height\":1080},{\"@type\":\"BreadcrumbList\",\"@id\":\"https:\/\/equestrian.ca\/fr\/anciens-articles\/votez-des-maintenant-la-canadienne-sue-ockendon-en-nomination-pour-le-prix-solidarite-de-la-fei\/#breadcrumb\",\"itemListElement\":[{\"@type\":\"ListItem\",\"position\":1,\"name\":\"Home\",\"item\":\"https:\/\/equestrian.ca\/fr\/\"},{\"@type\":\"ListItem\",\"position\":2,\"name\":\"Votez d\u00e8s maintenant : La Canadienne Sue Ockendon en nomination pour le Prix solidarit\u00e9 de la FEI\"}]},{\"@type\":\"WebSite\",\"@id\":\"https:\/\/equestrian.ca\/fr\/#website\",\"url\":\"https:\/\/equestrian.ca\/fr\/\",\"name\":\"Equestrian Canada\",\"description\":\"For the love of horses and sport for life.\",\"potentialAction\":[{\"@type\":\"SearchAction\",\"target\":{\"@type\":\"EntryPoint\",\"urlTemplate\":\"https:\/\/equestrian.ca\/fr\/?s={search_term_string}\"},\"query-input\":{\"@type\":\"PropertyValueSpecification\",\"valueRequired\":true,\"valueName\":\"search_term_string\"}}],\"inLanguage\":\"fr-CA\"},{\"@type\":\"Person\",\"@id\":\"https:\/\/equestrian.ca\/fr\/#\/schema\/person\/9abd3ba4d1027626b07355668e4ee3ad\",\"name\":\"Berry\",\"image\":{\"@type\":\"ImageObject\",\"inLanguage\":\"fr-CA\",\"@id\":\"https:\/\/equestrian.ca\/fr\/#\/schema\/person\/image\/\",\"url\":\"https:\/\/secure.gravatar.com\/avatar\/882da3b67056b0c608086d3c77de46948b64244a4c249e81e0bf04a8095ce320?s=96&d=mm&r=g\",\"contentUrl\":\"https:\/\/secure.gravatar.com\/avatar\/882da3b67056b0c608086d3c77de46948b64244a4c249e81e0bf04a8095ce320?s=96&d=mm&r=g\",\"caption\":\"Berry\"},\"url\":\"https:\/\/equestrian.ca\/fr\/author\/mberry\/\"}]}<\/script>\n<!-- \/ Yoast SEO plugin. -->","yoast_head_json":{"title":"Votez d\u00e8s maintenant : La Canadienne Sue Ockendon en nomination pour le Prix solidarit\u00e9 de la FEI - Equestrian Canada","robots":{"index":"index","follow":"follow","max-snippet":"max-snippet:-1","max-image-preview":"max-image-preview:large","max-video-preview":"max-video-preview:-1"},"canonical":"https:\/\/equestrian.ca\/fr\/anciens-articles\/votez-des-maintenant-la-canadienne-sue-ockendon-en-nomination-pour-le-prix-solidarite-de-la-fei\/","og_locale":"fr_CA","og_type":"article","og_title":"Votez d\u00e8s maintenant : La Canadienne Sue Ockendon en nomination pour le Prix solidarit\u00e9 de la FEI - Equestrian Canada","og_description":"votez maintenant Ayant toujours eu \u00e0 c\u0153ur l\u2019essor du concours complet et souhait\u00e9 que de plus en plus de gens puissent y prendre plaisir, Mme Ockendon s\u2019est particuli\u00e8rement int\u00e9ress\u00e9e au d\u00e9veloppement de jeunes talents. C\u2019est en 1987 que la native de Knowlton (Qu\u00e9bec) a particip\u00e9 \u00e0 l\u2019organisation du Concours complet de Bromont pour la premi\u00e8re [&hellip;]","og_url":"https:\/\/equestrian.ca\/fr\/anciens-articles\/votez-des-maintenant-la-canadienne-sue-ockendon-en-nomination-pour-le-prix-solidarite-de-la-fei\/","og_site_name":"Equestrian Canada","article_published_time":"2021-10-06T00:00:00+00:00","og_image":[{"width":1080,"height":1080,"url":"https:\/\/equestrian.ca\/wp-content\/uploads\/2024\/01\/FEI_Awards_2021_Sue_Ockendon_NF.jpg","type":"image\/jpeg"}],"author":"Berry","twitter_card":"summary_large_image","twitter_misc":{"\u00c9crit par":"Berry","Estimation du temps de lecture":"2 minutes"},"schema":{"@context":"https:\/\/schema.org","@graph":[{"@type":"Article","@id":"https:\/\/equestrian.ca\/fr\/anciens-articles\/votez-des-maintenant-la-canadienne-sue-ockendon-en-nomination-pour-le-prix-solidarite-de-la-fei\/#article","isPartOf":{"@id":"https:\/\/equestrian.ca\/fr\/anciens-articles\/votez-des-maintenant-la-canadienne-sue-ockendon-en-nomination-pour-le-prix-solidarite-de-la-fei\/"},"author":{"name":"Berry","@id":"https:\/\/equestrian.ca\/fr\/#\/schema\/person\/9abd3ba4d1027626b07355668e4ee3ad"},"headline":"Votez d\u00e8s maintenant : La Canadienne Sue Ockendon en nomination pour le Prix solidarit\u00e9 de la FEI","datePublished":"2021-10-06T00:00:00+00:00","mainEntityOfPage":{"@id":"https:\/\/equestrian.ca\/fr\/anciens-articles\/votez-des-maintenant-la-canadienne-sue-ockendon-en-nomination-pour-le-prix-solidarite-de-la-fei\/"},"wordCount":329,"commentCount":0,"image":{"@id":"https:\/\/equestrian.ca\/fr\/anciens-articles\/votez-des-maintenant-la-canadienne-sue-ockendon-en-nomination-pour-le-prix-solidarite-de-la-fei\/#primaryimage"},"thumbnailUrl":"https:\/\/equestrian.ca\/wp-content\/uploads\/2024\/01\/FEI_Awards_2021_Sue_Ockendon_NF.jpg","articleSection":["Anciens articles"],"inLanguage":"fr-CA","potentialAction":[{"@type":"CommentAction","name":"Comment","target":["https:\/\/equestrian.ca\/fr\/anciens-articles\/votez-des-maintenant-la-canadienne-sue-ockendon-en-nomination-pour-le-prix-solidarite-de-la-fei\/#respond"]}]},{"@type":"WebPage","@id":"https:\/\/equestrian.ca\/fr\/anciens-articles\/votez-des-maintenant-la-canadienne-sue-ockendon-en-nomination-pour-le-prix-solidarite-de-la-fei\/","url":"https:\/\/equestrian.ca\/fr\/anciens-articles\/votez-des-maintenant-la-canadienne-sue-ockendon-en-nomination-pour-le-prix-solidarite-de-la-fei\/","name":"Votez d\u00e8s maintenant : La Canadienne Sue Ockendon en nomination pour le Prix solidarit\u00e9 de la FEI - Equestrian Canada","isPartOf":{"@id":"https:\/\/equestrian.ca\/fr\/#website"},"primaryImageOfPage":{"@id":"https:\/\/equestrian.ca\/fr\/anciens-articles\/votez-des-maintenant-la-canadienne-sue-ockendon-en-nomination-pour-le-prix-solidarite-de-la-fei\/#primaryimage"},"image":{"@id":"https:\/\/equestrian.ca\/fr\/anciens-articles\/votez-des-maintenant-la-canadienne-sue-ockendon-en-nomination-pour-le-prix-solidarite-de-la-fei\/#primaryimage"},"thumbnailUrl":"https:\/\/equestrian.ca\/wp-content\/uploads\/2024\/01\/FEI_Awards_2021_Sue_Ockendon_NF.jpg","datePublished":"2021-10-06T00:00:00+00:00","author":{"@id":"https:\/\/equestrian.ca\/fr\/#\/schema\/person\/9abd3ba4d1027626b07355668e4ee3ad"},"breadcrumb":{"@id":"https:\/\/equestrian.ca\/fr\/anciens-articles\/votez-des-maintenant-la-canadienne-sue-ockendon-en-nomination-pour-le-prix-solidarite-de-la-fei\/#breadcrumb"},"inLanguage":"fr-CA","potentialAction":[{"@type":"ReadAction","target":["https:\/\/equestrian.ca\/fr\/anciens-articles\/votez-des-maintenant-la-canadienne-sue-ockendon-en-nomination-pour-le-prix-solidarite-de-la-fei\/"]}]},{"@type":"ImageObject","inLanguage":"fr-CA","@id":"https:\/\/equestrian.ca\/fr\/anciens-articles\/votez-des-maintenant-la-canadienne-sue-ockendon-en-nomination-pour-le-prix-solidarite-de-la-fei\/#primaryimage","url":"https:\/\/equestrian.ca\/wp-content\/uploads\/2024\/01\/FEI_Awards_2021_Sue_Ockendon_NF.jpg","contentUrl":"https:\/\/equestrian.ca\/wp-content\/uploads\/2024\/01\/FEI_Awards_2021_Sue_Ockendon_NF.jpg","width":1080,"height":1080},{"@type":"BreadcrumbList","@id":"https:\/\/equestrian.ca\/fr\/anciens-articles\/votez-des-maintenant-la-canadienne-sue-ockendon-en-nomination-pour-le-prix-solidarite-de-la-fei\/#breadcrumb","itemListElement":[{"@type":"ListItem","position":1,"name":"Home","item":"https:\/\/equestrian.ca\/fr\/"},{"@type":"ListItem","position":2,"name":"Votez d\u00e8s maintenant : La Canadienne Sue Ockendon en nomination pour le Prix solidarit\u00e9 de la FEI"}]},{"@type":"WebSite","@id":"https:\/\/equestrian.ca\/fr\/#website","url":"https:\/\/equestrian.ca\/fr\/","name":"Equestrian Canada","description":"For the love of horses and sport for life.","potentialAction":[{"@type":"SearchAction","target":{"@type":"EntryPoint","urlTemplate":"https:\/\/equestrian.ca\/fr\/?s={search_term_string}"},"query-input":{"@type":"PropertyValueSpecification","valueRequired":true,"valueName":"search_term_string"}}],"inLanguage":"fr-CA"},{"@type":"Person","@id":"https:\/\/equestrian.ca\/fr\/#\/schema\/person\/9abd3ba4d1027626b07355668e4ee3ad","name":"Berry","image":{"@type":"ImageObject","inLanguage":"fr-CA","@id":"https:\/\/equestrian.ca\/fr\/#\/schema\/person\/image\/","url":"https:\/\/secure.gravatar.com\/avatar\/882da3b67056b0c608086d3c77de46948b64244a4c249e81e0bf04a8095ce320?s=96&d=mm&r=g","contentUrl":"https:\/\/secure.gravatar.com\/avatar\/882da3b67056b0c608086d3c77de46948b64244a4c249e81e0bf04a8095ce320?s=96&d=mm&r=g","caption":"Berry"},"url":"https:\/\/equestrian.ca\/fr\/author\/mberry\/"}]}},"_links":{"self":[{"href":"https:\/\/equestrian.ca\/fr\/wp-json\/wp\/v2\/posts\/26426","targetHints":{"allow":["GET"]}}],"collection":[{"href":"https:\/\/equestrian.ca\/fr\/wp-json\/wp\/v2\/posts"}],"about":[{"href":"https:\/\/equestrian.ca\/fr\/wp-json\/wp\/v2\/types\/post"}],"author":[{"embeddable":true,"href":"https:\/\/equestrian.ca\/fr\/wp-json\/wp\/v2\/users\/3"}],"replies":[{"embeddable":true,"href":"https:\/\/equestrian.ca\/fr\/wp-json\/wp\/v2\/comments?post=26426"}],"version-history":[{"count":0,"href":"https:\/\/equestrian.ca\/fr\/wp-json\/wp\/v2\/posts\/26426\/revisions"}],"wp:featuredmedia":[{"embeddable":true,"href":"https:\/\/equestrian.ca\/fr\/wp-json\/wp\/v2\/media\/10437"}],"wp:attachment":[{"href":"https:\/\/equestrian.ca\/fr\/wp-json\/wp\/v2\/media?parent=26426"}],"wp:term":[{"taxonomy":"category","embeddable":true,"href":"https:\/\/equestrian.ca\/fr\/wp-json\/wp\/v2\/categories?post=26426"},{"taxonomy":"post_tag","embeddable":true,"href":"https:\/\/equestrian.ca\/fr\/wp-json\/wp\/v2\/tags?post=26426"}],"curies":[{"name":"wp","href":"https:\/\/api.w.org\/{rel}","templated":true}]}}