{"id":26404,"date":"2020-06-11T00:00:00","date_gmt":"2020-06-11T00:00:00","guid":{"rendered":"https:\/\/equestrian.ca\/news\/ledition-virtuelle-du-jour-du-cheval-2020-unit-les-passionnes-de-chevaux-de-partout-au-pays\/"},"modified":"2020-06-11T00:00:00","modified_gmt":"2020-06-11T00:00:00","slug":"ledition-virtuelle-du-jour-du-cheval-2020-unit-les-passionnes-de-chevaux-de-partout-au-pays","status":"publish","type":"post","link":"https:\/\/equestrian.ca\/fr\/anciens-articles\/ledition-virtuelle-du-jour-du-cheval-2020-unit-les-passionnes-de-chevaux-de-partout-au-pays\/","title":{"rendered":"L\u2019\u00e9dition virtuelle du Jour du Cheval 2020 unit les passionn\u00e9s de chevaux de partout au pays"},"content":{"rendered":"<p>La Journ\u00e9e du cheval est organis\u00e9e et c\u00e9l\u00e9br\u00e9e chaque ann\u00e9e le premier samedi du mois de juin afin de sensibiliser le public aux sports \u00e9questres, \u00e0 l&rsquo;industrie et aux loisirs \u00e9questres, et pour promouvoir le cheval bien-aim\u00e9.<\/p>\n<p>M\u00eame si le Jour du Cheval peut avoir pris une apparence l\u00e9g\u00e8rement diff\u00e9rente en 2020, la tenue des c\u00e9l\u00e9brations en ligne n\u2019a pas refroidi l\u2019\u00e9nergie et la joie bien palpables en cette journ\u00e9e bien sp\u00e9ciale.<\/p>\n<h2>Semaine Instagram en l\u2019honneur du cheval<\/h2>\n<p>La semaine Instagram en l\u2019honneur du cheval a encourag\u00e9 les Canadiens \u00e0 partager leurs photos et leurs souvenirs favoris de leur parcours \u00e9questre. Des centaines de passionn\u00e9s de chevaux de toute discipline et de toute activit\u00e9 \u2013 chasseur\/sauteur, dressage, attelage, concours complet, course et \u00e9quitation th\u00e9rapeutique, pour en nommer quelques-uns \u2013 se sont rendus sur Instagram pour partager la joie unique qui se trouve seulement quand on travaille avec des chevaux. <\/p>\n<p>Visitez <a href=\"https:\/\/www.instagram.com\/equestrian_can\/\" target=\"_blank\" rel=\"noopener\">@equestrian_can<\/a> et utilisez les mots-clics <a href=\"https:\/\/www.instagram.com\/explore\/tags\/jourducheval2020\/\" target=\"_blank\" rel=\"noopener\">#JourduCheval2020<\/a> <a href=\"https:\/\/www.instagram.com\/explore\/tags\/horseday2020\/\" target=\"_blank\" rel=\"noopener\">#HorseDay2020<\/a> pour consulter les faits saillants de partout au pays.<\/p>\n<p>Gagnants du Concours de dessin pour enfants de la Journ\u00e9e du cheval 2020<\/p>\n<p>Le Concours de dessin de la Journ\u00e9e du cheval offrait aux enfants \u00e2g\u00e9s de 3 \u00e0 16 ans une chance de gagner des prix dans quatre cat\u00e9gories d\u2019\u00e2ge.<\/p>\n<p>De splendides dessins ont \u00e9t\u00e9 re\u00e7us dans les quatre cat\u00e9gories, rendant la t\u00e2che de s\u00e9lection ardue pour le jury.  <\/p>\n<p>Suivant les r\u00e8gles du concours, les concurrents devaient dessiner \u00e0 la main et illustrer au moins un cheval dans leur travail. Le jury a s\u00e9lectionn\u00e9 les \u0153uvres gagnantes en fonction de crit\u00e8res de beaut\u00e9, de l\u2019agencement des couleurs et des efforts d\u00e9ploy\u00e9s par les participants. <\/p>\n<p>Voici les dessins gagnants selon les cat\u00e9gories d\u2019\u00e2ge du Concours de dessin de la Journ\u00e9e du cheval :<\/p>\n<p><b>Cat\u00e9gorie : 3 \u00e0 6<br \/><\/b>\u00ab <i>Brushing Dream<\/i> \u00bb par Merridy Hunt, Nouvelle-\u00c9cosse<\/p>\n<p><img src='\/wp-content\/uploads\/cdn\/storage\/images_v2\/Horse-Day-Drawing-Contest-3-6---Brushing-Dream-by-Merridy-Hunt.jpg' alt='Virtual Horse Day 2020 Unites Equestrians Nationwide' \/><\/p>\n<p><b>Cat\u00e9gorie&nbsp;: 7&nbsp;\u00e0&nbsp;9<br \/><\/b>\u00ab <i>My Neeeighbour<\/i> \u00bb par Paolo Roland Self, Colombie-Britannique<\/p>\n<p><img src='\/wp-content\/uploads\/cdn\/storage\/images_v2\/Horse-Day-Drawing-Contest-7-9---My-Neeeighbour-by-Paolo-Roland-Self.jpg' alt='Virtual Horse Day 2020 Unites Equestrians Nationwide' \/><\/p>\n<p class=\"\"><b>Cat\u00e9gorie :&nbsp;&nbsp;10&nbsp;\u00e0&nbsp;12<br \/><\/b>\u00ab&nbsp;<i>Running Free<\/i>&nbsp;\u00bb by Maddy Turek, Colombie-Britannique<\/p>\n<p><img src='\/wp-content\/uploads\/cdn\/storage\/images_v2\/Horse-Day-Drawing-Contest-10-12---Running-Free-by-Maddy-Turek.jpg' alt='Virtual Horse Day 2020 Unites Equestrians Nationwide' \/><\/p>\n<p><b>Cat\u00e9gorie&nbsp;: 13&nbsp;\u00e0&nbsp;16<br \/><\/b>\u00ab <i>In Loving Memory of Caliph<\/i> \u00bb  by Ashlyn Thompson, Ontario<\/p>\n<p><img src='\/wp-content\/uploads\/cdn\/storage\/images_v2\/Horse-Day-Drawing-Contest-13-16---In-Loving-Memory-of-Caliph-by-Ashlyn-Thompson.jpg' alt='Virtual Horse Day 2020 Unites Equestrians Nationwide' \/><\/p>\n<p>F\u00e9licitations aux gagnantes, et un grand merci \u00e0 tous d\u2019avoir pr\u00e9sent\u00e9 vos dessins et de vous vous \u00eatre impliqu\u00e9s \u00e0 la Journ\u00e9e du cheval 2020! Les gagnants de 3 \u00e0 12 ans ont remport\u00e9 une carte-cadeau d&rsquo;une valeur de 50 $. CE d\u00e9sire aussi remercier Equine Guelph qui a commandit\u00e9 le prix pour la gagnante de la cat\u00e9gorie des 13 \u00e0 16 ans. Ashyln a re\u00e7u une inscription gratuite au cours en ligne <i><a href=\"https:\/\/thehorseportal.ca\/course\/horse-behaviour-safety-youth-course-f19\/\" target=\"_blank\" rel=\"noopener\">Horse Behaviour and Safety Course<\/a><\/i> (Comportement du cheval et s\u00e9curit\u00e9) d&rsquo;Equine Guelph.<\/p>\n<p>\u00c0 propos de la Journ\u00e9e du cheval<\/p>\n<p>Chaque ann\u00e9e au Canada, le premier samedi de juin est consacr\u00e9 \u00e0 la Journ\u00e9e du cheval. Ensemble, Canada \u00c9questre et les associations \u00e9questres provinciales et territoriales invitent tous les Canadiens \u00e0 profiter de ce moment unique pour honorer, d\u00e9couvrir et explorer le monde \u00e9questre. Il s\u2019agit pour plusieurs du premier contact avec un cheval en chair et en os. La Journ\u00e9e du cheval est aussi l\u2019occasion r\u00eav\u00e9e de rendre hommage aux nombreux apports des chevaux dans l\u2019h\u00e9ritage de notre nation ainsi qu\u2019aux gens de tous les \u00e2ges et de tous les horizons qui c\u00f4toient ces animaux dans leurs sports et leurs loisirs.<\/p>\n<p>Pour en savoir plus sur la Journ\u00e9e du cheval, consultez <a href=\"https:\/\/www.equestrian.ca\/evenements-resultats\/journee-cheval#\" target=\"_blank\" rel=\"noopener\">canadaequestre.ca\/evenements-resultats\/journee-cheval<\/a>.<\/p>\n<p>CE remercie tout particuli\u00e8rement les <a href=\"https:\/\/www.equestrian.ca\/infos\/gouvernance\/provinciaux-territorial-partenaires\" target=\"_blank\" rel=\"noopener\">organisations sportives provinciales et territoriales (OSPT)<\/a> d&rsquo;avoir contribu\u00e9 \u00e0 faire de la Journ\u00e9e du cheval 2020 un tel succ\u00e8s, ainsi que la communaut\u00e9 \u00e9questre canadienne pour leur engagement continu dans la sensibilisation aux merveilles du monde \u00e9questre.<\/p>\n","protected":false},"excerpt":{"rendered":"<p>La Journ\u00e9e du cheval est organis\u00e9e et c\u00e9l\u00e9br\u00e9e chaque ann\u00e9e le premier samedi du mois de juin afin de sensibiliser le public aux sports \u00e9questres, \u00e0 l&rsquo;industrie et aux loisirs \u00e9questres, et pour promouvoir le cheval bien-aim\u00e9. M\u00eame si le Jour du Cheval peut avoir pris une apparence l\u00e9g\u00e8rement diff\u00e9rente en 2020, la tenue des [&hellip;]<\/p>\n","protected":false},"author":3,"featured_media":4862,"comment_status":"open","ping_status":"open","sticky":false,"template":"","format":"standard","meta":{"_acf_changed":false,"footnotes":""},"categories":[241],"tags":[],"class_list":["post-26404","post","type-post","status-publish","format-standard","has-post-thumbnail","hentry","category-anciens-articles"],"acf":[],"yoast_head":"<!-- This site is optimized with the Yoast SEO plugin v27.0 - https:\/\/yoast.com\/product\/yoast-seo-wordpress\/ -->\n<title>L\u2019\u00e9dition virtuelle du Jour du Cheval 2020 unit les passionn\u00e9s de chevaux de partout au pays - Equestrian Canada<\/title>\n<meta name=\"robots\" content=\"index, follow, max-snippet:-1, max-image-preview:large, max-video-preview:-1\" \/>\n<link rel=\"canonical\" href=\"https:\/\/equestrian.ca\/fr\/anciens-articles\/ledition-virtuelle-du-jour-du-cheval-2020-unit-les-passionnes-de-chevaux-de-partout-au-pays\/\" \/>\n<meta property=\"og:locale\" content=\"fr_CA\" \/>\n<meta property=\"og:type\" content=\"article\" \/>\n<meta property=\"og:title\" content=\"L\u2019\u00e9dition virtuelle du Jour du Cheval 2020 unit les passionn\u00e9s de chevaux de partout au pays - Equestrian Canada\" \/>\n<meta property=\"og:description\" content=\"La Journ\u00e9e du cheval est organis\u00e9e et c\u00e9l\u00e9br\u00e9e chaque ann\u00e9e le premier samedi du mois de juin afin de sensibiliser le public aux sports \u00e9questres, \u00e0 l&rsquo;industrie et aux loisirs \u00e9questres, et pour promouvoir le cheval bien-aim\u00e9. M\u00eame si le Jour du Cheval peut avoir pris une apparence l\u00e9g\u00e8rement diff\u00e9rente en 2020, la tenue des [&hellip;]\" \/>\n<meta property=\"og:url\" content=\"https:\/\/equestrian.ca\/fr\/anciens-articles\/ledition-virtuelle-du-jour-du-cheval-2020-unit-les-passionnes-de-chevaux-de-partout-au-pays\/\" \/>\n<meta property=\"og:site_name\" content=\"Equestrian Canada\" \/>\n<meta property=\"article:published_time\" content=\"2020-06-11T00:00:00+00:00\" \/>\n<meta property=\"og:image\" content=\"https:\/\/equestrian.ca\/wp-content\/uploads\/2023\/09\/Horse-Day-Drawing-Contest-13-16-In-Loving-Memory-of-Caliph-by-Ashlyn-Thompson.jpg\" \/>\n\t<meta property=\"og:image:width\" content=\"528\" \/>\n\t<meta property=\"og:image:height\" content=\"376\" \/>\n\t<meta property=\"og:image:type\" content=\"image\/jpeg\" \/>\n<meta name=\"author\" content=\"Berry\" \/>\n<meta name=\"twitter:card\" content=\"summary_large_image\" \/>\n<meta name=\"twitter:label1\" content=\"\u00c9crit par\" \/>\n\t<meta name=\"twitter:data1\" content=\"Berry\" \/>\n\t<meta name=\"twitter:label2\" content=\"Estimation du temps de lecture\" \/>\n\t<meta name=\"twitter:data2\" content=\"3 minutes\" \/>\n<script type=\"application\/ld+json\" class=\"yoast-schema-graph\">{\"@context\":\"https:\/\/schema.org\",\"@graph\":[{\"@type\":\"Article\",\"@id\":\"https:\/\/equestrian.ca\/fr\/anciens-articles\/ledition-virtuelle-du-jour-du-cheval-2020-unit-les-passionnes-de-chevaux-de-partout-au-pays\/#article\",\"isPartOf\":{\"@id\":\"https:\/\/equestrian.ca\/fr\/anciens-articles\/ledition-virtuelle-du-jour-du-cheval-2020-unit-les-passionnes-de-chevaux-de-partout-au-pays\/\"},\"author\":{\"name\":\"Berry\",\"@id\":\"https:\/\/equestrian.ca\/fr\/#\/schema\/person\/9abd3ba4d1027626b07355668e4ee3ad\"},\"headline\":\"L\u2019\u00e9dition virtuelle du Jour du Cheval 2020 unit les passionn\u00e9s de chevaux de partout au pays\",\"datePublished\":\"2020-06-11T00:00:00+00:00\",\"mainEntityOfPage\":{\"@id\":\"https:\/\/equestrian.ca\/fr\/anciens-articles\/ledition-virtuelle-du-jour-du-cheval-2020-unit-les-passionnes-de-chevaux-de-partout-au-pays\/\"},\"wordCount\":647,\"commentCount\":0,\"image\":{\"@id\":\"https:\/\/equestrian.ca\/fr\/anciens-articles\/ledition-virtuelle-du-jour-du-cheval-2020-unit-les-passionnes-de-chevaux-de-partout-au-pays\/#primaryimage\"},\"thumbnailUrl\":\"https:\/\/equestrian.ca\/wp-content\/uploads\/2023\/09\/Horse-Day-Drawing-Contest-13-16-In-Loving-Memory-of-Caliph-by-Ashlyn-Thompson.jpg\",\"articleSection\":[\"Anciens articles\"],\"inLanguage\":\"fr-CA\",\"potentialAction\":[{\"@type\":\"CommentAction\",\"name\":\"Comment\",\"target\":[\"https:\/\/equestrian.ca\/fr\/anciens-articles\/ledition-virtuelle-du-jour-du-cheval-2020-unit-les-passionnes-de-chevaux-de-partout-au-pays\/#respond\"]}]},{\"@type\":\"WebPage\",\"@id\":\"https:\/\/equestrian.ca\/fr\/anciens-articles\/ledition-virtuelle-du-jour-du-cheval-2020-unit-les-passionnes-de-chevaux-de-partout-au-pays\/\",\"url\":\"https:\/\/equestrian.ca\/fr\/anciens-articles\/ledition-virtuelle-du-jour-du-cheval-2020-unit-les-passionnes-de-chevaux-de-partout-au-pays\/\",\"name\":\"L\u2019\u00e9dition virtuelle du Jour du Cheval 2020 unit les passionn\u00e9s de chevaux de partout au pays - Equestrian Canada\",\"isPartOf\":{\"@id\":\"https:\/\/equestrian.ca\/fr\/#website\"},\"primaryImageOfPage\":{\"@id\":\"https:\/\/equestrian.ca\/fr\/anciens-articles\/ledition-virtuelle-du-jour-du-cheval-2020-unit-les-passionnes-de-chevaux-de-partout-au-pays\/#primaryimage\"},\"image\":{\"@id\":\"https:\/\/equestrian.ca\/fr\/anciens-articles\/ledition-virtuelle-du-jour-du-cheval-2020-unit-les-passionnes-de-chevaux-de-partout-au-pays\/#primaryimage\"},\"thumbnailUrl\":\"https:\/\/equestrian.ca\/wp-content\/uploads\/2023\/09\/Horse-Day-Drawing-Contest-13-16-In-Loving-Memory-of-Caliph-by-Ashlyn-Thompson.jpg\",\"datePublished\":\"2020-06-11T00:00:00+00:00\",\"author\":{\"@id\":\"https:\/\/equestrian.ca\/fr\/#\/schema\/person\/9abd3ba4d1027626b07355668e4ee3ad\"},\"breadcrumb\":{\"@id\":\"https:\/\/equestrian.ca\/fr\/anciens-articles\/ledition-virtuelle-du-jour-du-cheval-2020-unit-les-passionnes-de-chevaux-de-partout-au-pays\/#breadcrumb\"},\"inLanguage\":\"fr-CA\",\"potentialAction\":[{\"@type\":\"ReadAction\",\"target\":[\"https:\/\/equestrian.ca\/fr\/anciens-articles\/ledition-virtuelle-du-jour-du-cheval-2020-unit-les-passionnes-de-chevaux-de-partout-au-pays\/\"]}]},{\"@type\":\"ImageObject\",\"inLanguage\":\"fr-CA\",\"@id\":\"https:\/\/equestrian.ca\/fr\/anciens-articles\/ledition-virtuelle-du-jour-du-cheval-2020-unit-les-passionnes-de-chevaux-de-partout-au-pays\/#primaryimage\",\"url\":\"https:\/\/equestrian.ca\/wp-content\/uploads\/2023\/09\/Horse-Day-Drawing-Contest-13-16-In-Loving-Memory-of-Caliph-by-Ashlyn-Thompson.jpg\",\"contentUrl\":\"https:\/\/equestrian.ca\/wp-content\/uploads\/2023\/09\/Horse-Day-Drawing-Contest-13-16-In-Loving-Memory-of-Caliph-by-Ashlyn-Thompson.jpg\",\"width\":528,\"height\":376},{\"@type\":\"BreadcrumbList\",\"@id\":\"https:\/\/equestrian.ca\/fr\/anciens-articles\/ledition-virtuelle-du-jour-du-cheval-2020-unit-les-passionnes-de-chevaux-de-partout-au-pays\/#breadcrumb\",\"itemListElement\":[{\"@type\":\"ListItem\",\"position\":1,\"name\":\"Home\",\"item\":\"https:\/\/equestrian.ca\/fr\/\"},{\"@type\":\"ListItem\",\"position\":2,\"name\":\"L\u2019\u00e9dition virtuelle du Jour du Cheval 2020 unit les passionn\u00e9s de chevaux de partout au pays\"}]},{\"@type\":\"WebSite\",\"@id\":\"https:\/\/equestrian.ca\/fr\/#website\",\"url\":\"https:\/\/equestrian.ca\/fr\/\",\"name\":\"Equestrian Canada\",\"description\":\"For the love of horses and sport for life.\",\"potentialAction\":[{\"@type\":\"SearchAction\",\"target\":{\"@type\":\"EntryPoint\",\"urlTemplate\":\"https:\/\/equestrian.ca\/fr\/?s={search_term_string}\"},\"query-input\":{\"@type\":\"PropertyValueSpecification\",\"valueRequired\":true,\"valueName\":\"search_term_string\"}}],\"inLanguage\":\"fr-CA\"},{\"@type\":\"Person\",\"@id\":\"https:\/\/equestrian.ca\/fr\/#\/schema\/person\/9abd3ba4d1027626b07355668e4ee3ad\",\"name\":\"Berry\",\"image\":{\"@type\":\"ImageObject\",\"inLanguage\":\"fr-CA\",\"@id\":\"https:\/\/equestrian.ca\/fr\/#\/schema\/person\/image\/\",\"url\":\"https:\/\/secure.gravatar.com\/avatar\/882da3b67056b0c608086d3c77de46948b64244a4c249e81e0bf04a8095ce320?s=96&d=mm&r=g\",\"contentUrl\":\"https:\/\/secure.gravatar.com\/avatar\/882da3b67056b0c608086d3c77de46948b64244a4c249e81e0bf04a8095ce320?s=96&d=mm&r=g\",\"caption\":\"Berry\"},\"url\":\"https:\/\/equestrian.ca\/fr\/author\/mberry\/\"}]}<\/script>\n<!-- \/ Yoast SEO plugin. -->","yoast_head_json":{"title":"L\u2019\u00e9dition virtuelle du Jour du Cheval 2020 unit les passionn\u00e9s de chevaux de partout au pays - Equestrian Canada","robots":{"index":"index","follow":"follow","max-snippet":"max-snippet:-1","max-image-preview":"max-image-preview:large","max-video-preview":"max-video-preview:-1"},"canonical":"https:\/\/equestrian.ca\/fr\/anciens-articles\/ledition-virtuelle-du-jour-du-cheval-2020-unit-les-passionnes-de-chevaux-de-partout-au-pays\/","og_locale":"fr_CA","og_type":"article","og_title":"L\u2019\u00e9dition virtuelle du Jour du Cheval 2020 unit les passionn\u00e9s de chevaux de partout au pays - Equestrian Canada","og_description":"La Journ\u00e9e du cheval est organis\u00e9e et c\u00e9l\u00e9br\u00e9e chaque ann\u00e9e le premier samedi du mois de juin afin de sensibiliser le public aux sports \u00e9questres, \u00e0 l&rsquo;industrie et aux loisirs \u00e9questres, et pour promouvoir le cheval bien-aim\u00e9. M\u00eame si le Jour du Cheval peut avoir pris une apparence l\u00e9g\u00e8rement diff\u00e9rente en 2020, la tenue des [&hellip;]","og_url":"https:\/\/equestrian.ca\/fr\/anciens-articles\/ledition-virtuelle-du-jour-du-cheval-2020-unit-les-passionnes-de-chevaux-de-partout-au-pays\/","og_site_name":"Equestrian Canada","article_published_time":"2020-06-11T00:00:00+00:00","og_image":[{"width":528,"height":376,"url":"https:\/\/equestrian.ca\/wp-content\/uploads\/2023\/09\/Horse-Day-Drawing-Contest-13-16-In-Loving-Memory-of-Caliph-by-Ashlyn-Thompson.jpg","type":"image\/jpeg"}],"author":"Berry","twitter_card":"summary_large_image","twitter_misc":{"\u00c9crit par":"Berry","Estimation du temps de lecture":"3 minutes"},"schema":{"@context":"https:\/\/schema.org","@graph":[{"@type":"Article","@id":"https:\/\/equestrian.ca\/fr\/anciens-articles\/ledition-virtuelle-du-jour-du-cheval-2020-unit-les-passionnes-de-chevaux-de-partout-au-pays\/#article","isPartOf":{"@id":"https:\/\/equestrian.ca\/fr\/anciens-articles\/ledition-virtuelle-du-jour-du-cheval-2020-unit-les-passionnes-de-chevaux-de-partout-au-pays\/"},"author":{"name":"Berry","@id":"https:\/\/equestrian.ca\/fr\/#\/schema\/person\/9abd3ba4d1027626b07355668e4ee3ad"},"headline":"L\u2019\u00e9dition virtuelle du Jour du Cheval 2020 unit les passionn\u00e9s de chevaux de partout au pays","datePublished":"2020-06-11T00:00:00+00:00","mainEntityOfPage":{"@id":"https:\/\/equestrian.ca\/fr\/anciens-articles\/ledition-virtuelle-du-jour-du-cheval-2020-unit-les-passionnes-de-chevaux-de-partout-au-pays\/"},"wordCount":647,"commentCount":0,"image":{"@id":"https:\/\/equestrian.ca\/fr\/anciens-articles\/ledition-virtuelle-du-jour-du-cheval-2020-unit-les-passionnes-de-chevaux-de-partout-au-pays\/#primaryimage"},"thumbnailUrl":"https:\/\/equestrian.ca\/wp-content\/uploads\/2023\/09\/Horse-Day-Drawing-Contest-13-16-In-Loving-Memory-of-Caliph-by-Ashlyn-Thompson.jpg","articleSection":["Anciens articles"],"inLanguage":"fr-CA","potentialAction":[{"@type":"CommentAction","name":"Comment","target":["https:\/\/equestrian.ca\/fr\/anciens-articles\/ledition-virtuelle-du-jour-du-cheval-2020-unit-les-passionnes-de-chevaux-de-partout-au-pays\/#respond"]}]},{"@type":"WebPage","@id":"https:\/\/equestrian.ca\/fr\/anciens-articles\/ledition-virtuelle-du-jour-du-cheval-2020-unit-les-passionnes-de-chevaux-de-partout-au-pays\/","url":"https:\/\/equestrian.ca\/fr\/anciens-articles\/ledition-virtuelle-du-jour-du-cheval-2020-unit-les-passionnes-de-chevaux-de-partout-au-pays\/","name":"L\u2019\u00e9dition virtuelle du Jour du Cheval 2020 unit les passionn\u00e9s de chevaux de partout au pays - Equestrian Canada","isPartOf":{"@id":"https:\/\/equestrian.ca\/fr\/#website"},"primaryImageOfPage":{"@id":"https:\/\/equestrian.ca\/fr\/anciens-articles\/ledition-virtuelle-du-jour-du-cheval-2020-unit-les-passionnes-de-chevaux-de-partout-au-pays\/#primaryimage"},"image":{"@id":"https:\/\/equestrian.ca\/fr\/anciens-articles\/ledition-virtuelle-du-jour-du-cheval-2020-unit-les-passionnes-de-chevaux-de-partout-au-pays\/#primaryimage"},"thumbnailUrl":"https:\/\/equestrian.ca\/wp-content\/uploads\/2023\/09\/Horse-Day-Drawing-Contest-13-16-In-Loving-Memory-of-Caliph-by-Ashlyn-Thompson.jpg","datePublished":"2020-06-11T00:00:00+00:00","author":{"@id":"https:\/\/equestrian.ca\/fr\/#\/schema\/person\/9abd3ba4d1027626b07355668e4ee3ad"},"breadcrumb":{"@id":"https:\/\/equestrian.ca\/fr\/anciens-articles\/ledition-virtuelle-du-jour-du-cheval-2020-unit-les-passionnes-de-chevaux-de-partout-au-pays\/#breadcrumb"},"inLanguage":"fr-CA","potentialAction":[{"@type":"ReadAction","target":["https:\/\/equestrian.ca\/fr\/anciens-articles\/ledition-virtuelle-du-jour-du-cheval-2020-unit-les-passionnes-de-chevaux-de-partout-au-pays\/"]}]},{"@type":"ImageObject","inLanguage":"fr-CA","@id":"https:\/\/equestrian.ca\/fr\/anciens-articles\/ledition-virtuelle-du-jour-du-cheval-2020-unit-les-passionnes-de-chevaux-de-partout-au-pays\/#primaryimage","url":"https:\/\/equestrian.ca\/wp-content\/uploads\/2023\/09\/Horse-Day-Drawing-Contest-13-16-In-Loving-Memory-of-Caliph-by-Ashlyn-Thompson.jpg","contentUrl":"https:\/\/equestrian.ca\/wp-content\/uploads\/2023\/09\/Horse-Day-Drawing-Contest-13-16-In-Loving-Memory-of-Caliph-by-Ashlyn-Thompson.jpg","width":528,"height":376},{"@type":"BreadcrumbList","@id":"https:\/\/equestrian.ca\/fr\/anciens-articles\/ledition-virtuelle-du-jour-du-cheval-2020-unit-les-passionnes-de-chevaux-de-partout-au-pays\/#breadcrumb","itemListElement":[{"@type":"ListItem","position":1,"name":"Home","item":"https:\/\/equestrian.ca\/fr\/"},{"@type":"ListItem","position":2,"name":"L\u2019\u00e9dition virtuelle du Jour du Cheval 2020 unit les passionn\u00e9s de chevaux de partout au pays"}]},{"@type":"WebSite","@id":"https:\/\/equestrian.ca\/fr\/#website","url":"https:\/\/equestrian.ca\/fr\/","name":"Equestrian Canada","description":"For the love of horses and sport for life.","potentialAction":[{"@type":"SearchAction","target":{"@type":"EntryPoint","urlTemplate":"https:\/\/equestrian.ca\/fr\/?s={search_term_string}"},"query-input":{"@type":"PropertyValueSpecification","valueRequired":true,"valueName":"search_term_string"}}],"inLanguage":"fr-CA"},{"@type":"Person","@id":"https:\/\/equestrian.ca\/fr\/#\/schema\/person\/9abd3ba4d1027626b07355668e4ee3ad","name":"Berry","image":{"@type":"ImageObject","inLanguage":"fr-CA","@id":"https:\/\/equestrian.ca\/fr\/#\/schema\/person\/image\/","url":"https:\/\/secure.gravatar.com\/avatar\/882da3b67056b0c608086d3c77de46948b64244a4c249e81e0bf04a8095ce320?s=96&d=mm&r=g","contentUrl":"https:\/\/secure.gravatar.com\/avatar\/882da3b67056b0c608086d3c77de46948b64244a4c249e81e0bf04a8095ce320?s=96&d=mm&r=g","caption":"Berry"},"url":"https:\/\/equestrian.ca\/fr\/author\/mberry\/"}]}},"_links":{"self":[{"href":"https:\/\/equestrian.ca\/fr\/wp-json\/wp\/v2\/posts\/26404","targetHints":{"allow":["GET"]}}],"collection":[{"href":"https:\/\/equestrian.ca\/fr\/wp-json\/wp\/v2\/posts"}],"about":[{"href":"https:\/\/equestrian.ca\/fr\/wp-json\/wp\/v2\/types\/post"}],"author":[{"embeddable":true,"href":"https:\/\/equestrian.ca\/fr\/wp-json\/wp\/v2\/users\/3"}],"replies":[{"embeddable":true,"href":"https:\/\/equestrian.ca\/fr\/wp-json\/wp\/v2\/comments?post=26404"}],"version-history":[{"count":0,"href":"https:\/\/equestrian.ca\/fr\/wp-json\/wp\/v2\/posts\/26404\/revisions"}],"wp:featuredmedia":[{"embeddable":true,"href":"https:\/\/equestrian.ca\/fr\/wp-json\/wp\/v2\/media\/4862"}],"wp:attachment":[{"href":"https:\/\/equestrian.ca\/fr\/wp-json\/wp\/v2\/media?parent=26404"}],"wp:term":[{"taxonomy":"category","embeddable":true,"href":"https:\/\/equestrian.ca\/fr\/wp-json\/wp\/v2\/categories?post=26404"},{"taxonomy":"post_tag","embeddable":true,"href":"https:\/\/equestrian.ca\/fr\/wp-json\/wp\/v2\/tags?post=26404"}],"curies":[{"name":"wp","href":"https:\/\/api.w.org\/{rel}","templated":true}]}}