{"id":26365,"date":"2021-09-14T00:00:00","date_gmt":"2021-09-14T00:00:00","guid":{"rendered":"https:\/\/equestrian.ca\/news\/le-seminaire-des-classificateurs-de-paradressage-aura-lieu-en-saskatchewan-en-novembre-2021-inscrivez-vous-des-aujourdhui\/"},"modified":"2021-09-14T00:00:00","modified_gmt":"2021-09-14T00:00:00","slug":"le-seminaire-des-classificateurs-de-paradressage-aura-lieu-en-saskatchewan-en-novembre-2021-inscrivez-vous-des-aujourdhui","status":"publish","type":"post","link":"https:\/\/equestrian.ca\/fr\/anciens-articles\/le-seminaire-des-classificateurs-de-paradressage-aura-lieu-en-saskatchewan-en-novembre-2021-inscrivez-vous-des-aujourdhui\/","title":{"rendered":"Le s\u00e9minaire des classificateurs de paradressage aura lieu en Saskatchewan en novembre 2021 &#8211; Inscrivez-vous d\u00e8s aujourd\u2019hui!"},"content":{"rendered":"<h2>Qu\u2019est-ce qu\u2019un classificateur national de CE?<\/h2>\n<p>Les classificatrices et classificateurs nationaux de CE sont autoris\u00e9s par CE \u00e0 effectuer des \u00e9valuations pour les athl\u00e8tes qui sont pr\u00eats \u00e0 participer aux comp\u00e9titions de niveau Argent et Or de CE. Elles et ils \u00e9valuent les athl\u00e8tes conform\u00e9ment aux m\u00e9thodes et aux normes de la F\u00e9d\u00e9ration \u00c9questre Internationale (FEI), comme d\u00e9crites dans le manuel de classification de la FEI, afin de d\u00e9terminer le grade correspondant \u00e0 l\u2019athl\u00e8te.<\/p>\n<p>Qui devrait assister au s\u00e9minaire des classificateurs para-\u00e9questres?<\/p>\n<p>La priorit\u00e9 d\u2019inscription au s\u00e9minaire des classificateurs para-\u00e9questres sera accord\u00e9e aux physioth\u00e9rapeutes et aux m\u00e9decins qui souhaitent devenir des classificatrices ou classificateurs nationaux de CE capables d\u2019attribuer des grades de comp\u00e9tition aux athl\u00e8tes para-\u00e9questres. Pour devenir classificatrice ou classificateur national de CE, les candidates et candidats doivent avoir une exp\u00e9rience de travail avec des personnes aux prises avec des d\u00e9ficiences physiques, une bonne compr\u00e9hension du syst\u00e8me de classification para-\u00e9questre et la capacit\u00e9 de s\u2019exprimer clairement en anglais \u00e0 l\u2019oral et \u00e0 l\u2019\u00e9crit. Une connaissance des sports \u00e9questres est aussi souhaitable.    <\/p>\n<p>Que couvrira le s\u00e9minaire?<\/p>\n<p>Les principaux \u00e9l\u00e9ments du s\u00e9minaire seront les suivants :<\/p>\n<ul>\n<li>Une vue d\u2019ensemble du processus de classification et des profils de classification. <\/li>\n<li>Des renseignements sur les troubles neuromusculaires et la classification des personnes ayant une d\u00e9ficience visuelle. <\/li>\n<li>Des d\u00e9tails sur les r\u00e8gles et l\u2019utilisation des aides compensatoires (adapt\u00e9es).<\/li>\n<li>Des possibilit\u00e9s de pratiquer la classification et d\u2019acqu\u00e9rir une exp\u00e9rience pratique.<\/li>\n<\/ul>\n<p>Comment s\u2019inscrire<\/p>\n<p><b>Formulaire d\u2019inscription<\/b> : <a href=\"https:\/\/www.equestrian.ca\/cdn\/storage\/resources_v2\/oLuuXysJ6ws2NBXkn\/original\/oLuuXysJ6ws2NBXkn.pdf\" target=\"_blank\" rel=\"noopener\">Formulaire d\u2019inscription au s\u00e9minaire des classificateurs de paradressage<\/a><br \/><b>Date limite d\u2019inscription<\/b> : 1<sup>er<\/sup> octobre 2021<br \/><b>Soumettre \u00e0<\/b> : <a href=\"mailto:jgoodfellow@equestrian.ca\" target=\"_blank\" rel=\"noopener\">jgoodfellow@equestrian.ca<\/a>&nbsp;<\/p>\n<p>Pourquoi devenir un classificateur national de CE?<\/p>\n<p>L\u2019obtention du statut de classificatrice ou de classificateur en paradressage permet de rendre service \u00e0 la communaut\u00e9, d\u2019am\u00e9liorer la vie d\u2019une personne aux prises avec une d\u00e9ficience physique et de s\u2019\u00e9panouir sur le plan professionnel et personnel. <\/p>\n<p>Les classificatrices et classificateurs nationaux de CE jouent un r\u00f4le essentiel dans le parcours des athl\u00e8tes, de leurs d\u00e9buts jusqu\u2019au niveau international. En fournissant aux athl\u00e8tes une \u00e9valuation initiale de la classification, les classificatrices et classificateurs sont essentiels pour soutenir les athl\u00e8tes et leurs entra\u00eeneurs, et pour identifier les aides compensatoires (adapt\u00e9es) qui conviennent le mieux \u00e0 l\u2019athl\u00e8te concern\u00e9. <\/p>\n<p>Les classificatrices et classificateurs nationaux de CE ont la possibilit\u00e9 de progresser pour devenir des classificatrices et classificateurs internationaux, qui sont invit\u00e9s \u00e0 des comp\u00e9titions dans le monde entier, notamment aux Jeux paralympiques et aux Jeux \u00e9questres mondiaux de la FEI.&nbsp;<\/p>\n<p>\u00c0 propos du sport para-\u00e9questre<\/p>\n<p>Le sport para-\u00e9questre offre la possibilit\u00e9 aux athl\u00e8tes aux prises avec une d\u00e9ficience physique ou visuelle de se mesurer \u00e0 d\u2019autres athl\u00e8tes ayant des capacit\u00e9s similaires. Les athl\u00e8tes sont class\u00e9s et se voient attribuer une cat\u00e9gorie nomm\u00e9e \u00ab\u2009grade\u2009\u00bb en fonction de leur capacit\u00e9 fonctionnelle. Ils sont ensuite jug\u00e9s sur leurs comp\u00e9tences \u00e9questres par rapport \u00e0 d\u2019autres athl\u00e8tes du m\u00eame grade. Il existe cinq grades de comp\u00e9tition en paradressage, le grade I repr\u00e9sentant les athl\u00e8tes aux prises avec des d\u00e9ficiences plus graves et le grade V les athl\u00e8tes aux prises avec des d\u00e9ficiences plus l\u00e9g\u00e8res.\n    <\/p>\n<p>Des questions? Des commentaires?<\/p>\n<p>Pour en savoir plus, veuillez communiquer avec la personne suivante :<\/p>\n<p>Jamie-Ann Goodfellow<br \/>Coordonnatrice, paradressage<br \/>Canada \u00c9questre<br \/><a href=\"mailto:jgoodfellow@equestrian.ca\" target=\"_blank\" rel=\"noopener\">jgoodfellow@equestrian.ca<\/a><br \/>1 866 282-8395, poste 146<\/p>\n","protected":false},"excerpt":{"rendered":"<p>Qu\u2019est-ce qu\u2019un classificateur national de CE? Les classificatrices et classificateurs nationaux de CE sont autoris\u00e9s par CE \u00e0 effectuer des \u00e9valuations pour les athl\u00e8tes qui sont pr\u00eats \u00e0 participer aux comp\u00e9titions de niveau Argent et Or de CE. Elles et ils \u00e9valuent les athl\u00e8tes conform\u00e9ment aux m\u00e9thodes et aux normes de la F\u00e9d\u00e9ration \u00c9questre Internationale [&hellip;]<\/p>\n","protected":false},"author":3,"featured_media":0,"comment_status":"open","ping_status":"open","sticky":false,"template":"","format":"standard","meta":{"_acf_changed":false,"footnotes":""},"categories":[241],"tags":[],"class_list":["post-26365","post","type-post","status-publish","format-standard","hentry","category-anciens-articles"],"acf":[],"yoast_head":"<!-- This site is optimized with the Yoast SEO plugin v27.0 - https:\/\/yoast.com\/product\/yoast-seo-wordpress\/ -->\n<title>Le s\u00e9minaire des classificateurs de paradressage aura lieu en Saskatchewan en novembre 2021 - Inscrivez-vous d\u00e8s aujourd\u2019hui! - Equestrian Canada<\/title>\n<meta name=\"robots\" content=\"index, follow, max-snippet:-1, max-image-preview:large, max-video-preview:-1\" \/>\n<link rel=\"canonical\" href=\"https:\/\/equestrian.ca\/fr\/anciens-articles\/le-seminaire-des-classificateurs-de-paradressage-aura-lieu-en-saskatchewan-en-novembre-2021-inscrivez-vous-des-aujourdhui\/\" \/>\n<meta property=\"og:locale\" content=\"fr_CA\" \/>\n<meta property=\"og:type\" content=\"article\" \/>\n<meta property=\"og:title\" content=\"Le s\u00e9minaire des classificateurs de paradressage aura lieu en Saskatchewan en novembre 2021 - Inscrivez-vous d\u00e8s aujourd\u2019hui! - Equestrian Canada\" \/>\n<meta property=\"og:description\" content=\"Qu\u2019est-ce qu\u2019un classificateur national de CE? Les classificatrices et classificateurs nationaux de CE sont autoris\u00e9s par CE \u00e0 effectuer des \u00e9valuations pour les athl\u00e8tes qui sont pr\u00eats \u00e0 participer aux comp\u00e9titions de niveau Argent et Or de CE. Elles et ils \u00e9valuent les athl\u00e8tes conform\u00e9ment aux m\u00e9thodes et aux normes de la F\u00e9d\u00e9ration \u00c9questre Internationale [&hellip;]\" \/>\n<meta property=\"og:url\" content=\"https:\/\/equestrian.ca\/fr\/anciens-articles\/le-seminaire-des-classificateurs-de-paradressage-aura-lieu-en-saskatchewan-en-novembre-2021-inscrivez-vous-des-aujourdhui\/\" \/>\n<meta property=\"og:site_name\" content=\"Equestrian Canada\" \/>\n<meta property=\"article:published_time\" content=\"2021-09-14T00:00:00+00:00\" \/>\n<meta name=\"author\" content=\"Berry\" \/>\n<meta name=\"twitter:card\" content=\"summary_large_image\" \/>\n<meta name=\"twitter:label1\" content=\"\u00c9crit par\" \/>\n\t<meta name=\"twitter:data1\" content=\"Berry\" \/>\n\t<meta name=\"twitter:label2\" content=\"Estimation du temps de lecture\" \/>\n\t<meta name=\"twitter:data2\" content=\"3 minutes\" \/>\n<script type=\"application\/ld+json\" class=\"yoast-schema-graph\">{\"@context\":\"https:\/\/schema.org\",\"@graph\":[{\"@type\":\"Article\",\"@id\":\"https:\/\/equestrian.ca\/fr\/anciens-articles\/le-seminaire-des-classificateurs-de-paradressage-aura-lieu-en-saskatchewan-en-novembre-2021-inscrivez-vous-des-aujourdhui\/#article\",\"isPartOf\":{\"@id\":\"https:\/\/equestrian.ca\/fr\/anciens-articles\/le-seminaire-des-classificateurs-de-paradressage-aura-lieu-en-saskatchewan-en-novembre-2021-inscrivez-vous-des-aujourdhui\/\"},\"author\":{\"name\":\"Berry\",\"@id\":\"https:\/\/equestrian.ca\/fr\/#\/schema\/person\/9abd3ba4d1027626b07355668e4ee3ad\"},\"headline\":\"Le s\u00e9minaire des classificateurs de paradressage aura lieu en Saskatchewan en novembre 2021 &#8211; Inscrivez-vous d\u00e8s aujourd\u2019hui!\",\"datePublished\":\"2021-09-14T00:00:00+00:00\",\"mainEntityOfPage\":{\"@id\":\"https:\/\/equestrian.ca\/fr\/anciens-articles\/le-seminaire-des-classificateurs-de-paradressage-aura-lieu-en-saskatchewan-en-novembre-2021-inscrivez-vous-des-aujourdhui\/\"},\"wordCount\":624,\"commentCount\":0,\"articleSection\":[\"Anciens articles\"],\"inLanguage\":\"fr-CA\",\"potentialAction\":[{\"@type\":\"CommentAction\",\"name\":\"Comment\",\"target\":[\"https:\/\/equestrian.ca\/fr\/anciens-articles\/le-seminaire-des-classificateurs-de-paradressage-aura-lieu-en-saskatchewan-en-novembre-2021-inscrivez-vous-des-aujourdhui\/#respond\"]}]},{\"@type\":\"WebPage\",\"@id\":\"https:\/\/equestrian.ca\/fr\/anciens-articles\/le-seminaire-des-classificateurs-de-paradressage-aura-lieu-en-saskatchewan-en-novembre-2021-inscrivez-vous-des-aujourdhui\/\",\"url\":\"https:\/\/equestrian.ca\/fr\/anciens-articles\/le-seminaire-des-classificateurs-de-paradressage-aura-lieu-en-saskatchewan-en-novembre-2021-inscrivez-vous-des-aujourdhui\/\",\"name\":\"Le s\u00e9minaire des classificateurs de paradressage aura lieu en Saskatchewan en novembre 2021 - Inscrivez-vous d\u00e8s aujourd\u2019hui! - Equestrian Canada\",\"isPartOf\":{\"@id\":\"https:\/\/equestrian.ca\/fr\/#website\"},\"datePublished\":\"2021-09-14T00:00:00+00:00\",\"author\":{\"@id\":\"https:\/\/equestrian.ca\/fr\/#\/schema\/person\/9abd3ba4d1027626b07355668e4ee3ad\"},\"breadcrumb\":{\"@id\":\"https:\/\/equestrian.ca\/fr\/anciens-articles\/le-seminaire-des-classificateurs-de-paradressage-aura-lieu-en-saskatchewan-en-novembre-2021-inscrivez-vous-des-aujourdhui\/#breadcrumb\"},\"inLanguage\":\"fr-CA\",\"potentialAction\":[{\"@type\":\"ReadAction\",\"target\":[\"https:\/\/equestrian.ca\/fr\/anciens-articles\/le-seminaire-des-classificateurs-de-paradressage-aura-lieu-en-saskatchewan-en-novembre-2021-inscrivez-vous-des-aujourdhui\/\"]}]},{\"@type\":\"BreadcrumbList\",\"@id\":\"https:\/\/equestrian.ca\/fr\/anciens-articles\/le-seminaire-des-classificateurs-de-paradressage-aura-lieu-en-saskatchewan-en-novembre-2021-inscrivez-vous-des-aujourdhui\/#breadcrumb\",\"itemListElement\":[{\"@type\":\"ListItem\",\"position\":1,\"name\":\"Home\",\"item\":\"https:\/\/equestrian.ca\/fr\/\"},{\"@type\":\"ListItem\",\"position\":2,\"name\":\"Le s\u00e9minaire des classificateurs de paradressage aura lieu en Saskatchewan en novembre 2021 &#8211; Inscrivez-vous d\u00e8s aujourd\u2019hui!\"}]},{\"@type\":\"WebSite\",\"@id\":\"https:\/\/equestrian.ca\/fr\/#website\",\"url\":\"https:\/\/equestrian.ca\/fr\/\",\"name\":\"Equestrian Canada\",\"description\":\"For the love of horses and sport for life.\",\"potentialAction\":[{\"@type\":\"SearchAction\",\"target\":{\"@type\":\"EntryPoint\",\"urlTemplate\":\"https:\/\/equestrian.ca\/fr\/?s={search_term_string}\"},\"query-input\":{\"@type\":\"PropertyValueSpecification\",\"valueRequired\":true,\"valueName\":\"search_term_string\"}}],\"inLanguage\":\"fr-CA\"},{\"@type\":\"Person\",\"@id\":\"https:\/\/equestrian.ca\/fr\/#\/schema\/person\/9abd3ba4d1027626b07355668e4ee3ad\",\"name\":\"Berry\",\"image\":{\"@type\":\"ImageObject\",\"inLanguage\":\"fr-CA\",\"@id\":\"https:\/\/equestrian.ca\/fr\/#\/schema\/person\/image\/\",\"url\":\"https:\/\/secure.gravatar.com\/avatar\/882da3b67056b0c608086d3c77de46948b64244a4c249e81e0bf04a8095ce320?s=96&d=mm&r=g\",\"contentUrl\":\"https:\/\/secure.gravatar.com\/avatar\/882da3b67056b0c608086d3c77de46948b64244a4c249e81e0bf04a8095ce320?s=96&d=mm&r=g\",\"caption\":\"Berry\"},\"url\":\"https:\/\/equestrian.ca\/fr\/author\/mberry\/\"}]}<\/script>\n<!-- \/ Yoast SEO plugin. -->","yoast_head_json":{"title":"Le s\u00e9minaire des classificateurs de paradressage aura lieu en Saskatchewan en novembre 2021 - Inscrivez-vous d\u00e8s aujourd\u2019hui! - Equestrian Canada","robots":{"index":"index","follow":"follow","max-snippet":"max-snippet:-1","max-image-preview":"max-image-preview:large","max-video-preview":"max-video-preview:-1"},"canonical":"https:\/\/equestrian.ca\/fr\/anciens-articles\/le-seminaire-des-classificateurs-de-paradressage-aura-lieu-en-saskatchewan-en-novembre-2021-inscrivez-vous-des-aujourdhui\/","og_locale":"fr_CA","og_type":"article","og_title":"Le s\u00e9minaire des classificateurs de paradressage aura lieu en Saskatchewan en novembre 2021 - Inscrivez-vous d\u00e8s aujourd\u2019hui! - Equestrian Canada","og_description":"Qu\u2019est-ce qu\u2019un classificateur national de CE? Les classificatrices et classificateurs nationaux de CE sont autoris\u00e9s par CE \u00e0 effectuer des \u00e9valuations pour les athl\u00e8tes qui sont pr\u00eats \u00e0 participer aux comp\u00e9titions de niveau Argent et Or de CE. Elles et ils \u00e9valuent les athl\u00e8tes conform\u00e9ment aux m\u00e9thodes et aux normes de la F\u00e9d\u00e9ration \u00c9questre Internationale [&hellip;]","og_url":"https:\/\/equestrian.ca\/fr\/anciens-articles\/le-seminaire-des-classificateurs-de-paradressage-aura-lieu-en-saskatchewan-en-novembre-2021-inscrivez-vous-des-aujourdhui\/","og_site_name":"Equestrian Canada","article_published_time":"2021-09-14T00:00:00+00:00","author":"Berry","twitter_card":"summary_large_image","twitter_misc":{"\u00c9crit par":"Berry","Estimation du temps de lecture":"3 minutes"},"schema":{"@context":"https:\/\/schema.org","@graph":[{"@type":"Article","@id":"https:\/\/equestrian.ca\/fr\/anciens-articles\/le-seminaire-des-classificateurs-de-paradressage-aura-lieu-en-saskatchewan-en-novembre-2021-inscrivez-vous-des-aujourdhui\/#article","isPartOf":{"@id":"https:\/\/equestrian.ca\/fr\/anciens-articles\/le-seminaire-des-classificateurs-de-paradressage-aura-lieu-en-saskatchewan-en-novembre-2021-inscrivez-vous-des-aujourdhui\/"},"author":{"name":"Berry","@id":"https:\/\/equestrian.ca\/fr\/#\/schema\/person\/9abd3ba4d1027626b07355668e4ee3ad"},"headline":"Le s\u00e9minaire des classificateurs de paradressage aura lieu en Saskatchewan en novembre 2021 &#8211; Inscrivez-vous d\u00e8s aujourd\u2019hui!","datePublished":"2021-09-14T00:00:00+00:00","mainEntityOfPage":{"@id":"https:\/\/equestrian.ca\/fr\/anciens-articles\/le-seminaire-des-classificateurs-de-paradressage-aura-lieu-en-saskatchewan-en-novembre-2021-inscrivez-vous-des-aujourdhui\/"},"wordCount":624,"commentCount":0,"articleSection":["Anciens articles"],"inLanguage":"fr-CA","potentialAction":[{"@type":"CommentAction","name":"Comment","target":["https:\/\/equestrian.ca\/fr\/anciens-articles\/le-seminaire-des-classificateurs-de-paradressage-aura-lieu-en-saskatchewan-en-novembre-2021-inscrivez-vous-des-aujourdhui\/#respond"]}]},{"@type":"WebPage","@id":"https:\/\/equestrian.ca\/fr\/anciens-articles\/le-seminaire-des-classificateurs-de-paradressage-aura-lieu-en-saskatchewan-en-novembre-2021-inscrivez-vous-des-aujourdhui\/","url":"https:\/\/equestrian.ca\/fr\/anciens-articles\/le-seminaire-des-classificateurs-de-paradressage-aura-lieu-en-saskatchewan-en-novembre-2021-inscrivez-vous-des-aujourdhui\/","name":"Le s\u00e9minaire des classificateurs de paradressage aura lieu en Saskatchewan en novembre 2021 - Inscrivez-vous d\u00e8s aujourd\u2019hui! - Equestrian Canada","isPartOf":{"@id":"https:\/\/equestrian.ca\/fr\/#website"},"datePublished":"2021-09-14T00:00:00+00:00","author":{"@id":"https:\/\/equestrian.ca\/fr\/#\/schema\/person\/9abd3ba4d1027626b07355668e4ee3ad"},"breadcrumb":{"@id":"https:\/\/equestrian.ca\/fr\/anciens-articles\/le-seminaire-des-classificateurs-de-paradressage-aura-lieu-en-saskatchewan-en-novembre-2021-inscrivez-vous-des-aujourdhui\/#breadcrumb"},"inLanguage":"fr-CA","potentialAction":[{"@type":"ReadAction","target":["https:\/\/equestrian.ca\/fr\/anciens-articles\/le-seminaire-des-classificateurs-de-paradressage-aura-lieu-en-saskatchewan-en-novembre-2021-inscrivez-vous-des-aujourdhui\/"]}]},{"@type":"BreadcrumbList","@id":"https:\/\/equestrian.ca\/fr\/anciens-articles\/le-seminaire-des-classificateurs-de-paradressage-aura-lieu-en-saskatchewan-en-novembre-2021-inscrivez-vous-des-aujourdhui\/#breadcrumb","itemListElement":[{"@type":"ListItem","position":1,"name":"Home","item":"https:\/\/equestrian.ca\/fr\/"},{"@type":"ListItem","position":2,"name":"Le s\u00e9minaire des classificateurs de paradressage aura lieu en Saskatchewan en novembre 2021 &#8211; Inscrivez-vous d\u00e8s aujourd\u2019hui!"}]},{"@type":"WebSite","@id":"https:\/\/equestrian.ca\/fr\/#website","url":"https:\/\/equestrian.ca\/fr\/","name":"Equestrian Canada","description":"For the love of horses and sport for life.","potentialAction":[{"@type":"SearchAction","target":{"@type":"EntryPoint","urlTemplate":"https:\/\/equestrian.ca\/fr\/?s={search_term_string}"},"query-input":{"@type":"PropertyValueSpecification","valueRequired":true,"valueName":"search_term_string"}}],"inLanguage":"fr-CA"},{"@type":"Person","@id":"https:\/\/equestrian.ca\/fr\/#\/schema\/person\/9abd3ba4d1027626b07355668e4ee3ad","name":"Berry","image":{"@type":"ImageObject","inLanguage":"fr-CA","@id":"https:\/\/equestrian.ca\/fr\/#\/schema\/person\/image\/","url":"https:\/\/secure.gravatar.com\/avatar\/882da3b67056b0c608086d3c77de46948b64244a4c249e81e0bf04a8095ce320?s=96&d=mm&r=g","contentUrl":"https:\/\/secure.gravatar.com\/avatar\/882da3b67056b0c608086d3c77de46948b64244a4c249e81e0bf04a8095ce320?s=96&d=mm&r=g","caption":"Berry"},"url":"https:\/\/equestrian.ca\/fr\/author\/mberry\/"}]}},"_links":{"self":[{"href":"https:\/\/equestrian.ca\/fr\/wp-json\/wp\/v2\/posts\/26365","targetHints":{"allow":["GET"]}}],"collection":[{"href":"https:\/\/equestrian.ca\/fr\/wp-json\/wp\/v2\/posts"}],"about":[{"href":"https:\/\/equestrian.ca\/fr\/wp-json\/wp\/v2\/types\/post"}],"author":[{"embeddable":true,"href":"https:\/\/equestrian.ca\/fr\/wp-json\/wp\/v2\/users\/3"}],"replies":[{"embeddable":true,"href":"https:\/\/equestrian.ca\/fr\/wp-json\/wp\/v2\/comments?post=26365"}],"version-history":[{"count":0,"href":"https:\/\/equestrian.ca\/fr\/wp-json\/wp\/v2\/posts\/26365\/revisions"}],"wp:attachment":[{"href":"https:\/\/equestrian.ca\/fr\/wp-json\/wp\/v2\/media?parent=26365"}],"wp:term":[{"taxonomy":"category","embeddable":true,"href":"https:\/\/equestrian.ca\/fr\/wp-json\/wp\/v2\/categories?post=26365"},{"taxonomy":"post_tag","embeddable":true,"href":"https:\/\/equestrian.ca\/fr\/wp-json\/wp\/v2\/tags?post=26365"}],"curies":[{"name":"wp","href":"https:\/\/api.w.org\/{rel}","templated":true}]}}