{"id":26353,"date":"2020-01-27T00:00:00","date_gmt":"2020-01-27T00:00:00","guid":{"rendered":"https:\/\/equestrian.ca\/news\/nomination-de-lequipe-canadienne-pour-le-concours-par-equipe-u-25-hermes-de-25-000\/"},"modified":"2020-01-27T00:00:00","modified_gmt":"2020-01-27T00:00:00","slug":"nomination-de-lequipe-canadienne-pour-le-concours-par-equipe-u-25-hermes-de-25-000","status":"publish","type":"post","link":"https:\/\/equestrian.ca\/fr\/anciens-articles\/nomination-de-lequipe-canadienne-pour-le-concours-par-equipe-u-25-hermes-de-25-000\/","title":{"rendered":"Nomination de l\u2019\u00e9quipe canadienne pour le concours par \u00e9quipe U-25 Herm\u00e8s de 25 000 $"},"content":{"rendered":"<p>Cette occasion inestimable offre \u00e0 la prochaine g\u00e9n\u00e9ration d\u2019athl\u00e8tes de saut d\u2019obstacles la chance d\u2019acqu\u00e9rir de l\u2019exp\u00e9rience dans un environnement d\u2019\u00e9quipe sur la sc\u00e8ne internationale. Le Concours par \u00e9quipe U-25 Herm\u00e8s de 25 000 $ d\u00e9marrera \u00e0 16 h HE et pourra \u00eatre suivi en direct gr\u00e2ce \u00e0 la webdiffusion sur <a href=\"https:\/\/pbiec.coth.com\" target=\"_blank\" rel=\"noopener\">https:\/\/pbiec.coth.com<\/a>.<\/p>\n<p>\u00c9quipe Canada sera compos\u00e9e des athl\u00e8tes suivants :<\/p>\n<p><b>Concours par \u00e9quipe U-25 Herm\u00e8s de 25 000 $<br \/>Athl\u00e8te \/ Ville de r\u00e9sidence \/ Cheval \/ Propri\u00e9taire<\/b><br \/>Sabrina Lefebvre \/ Mirabel, QC \/ Alaska \/ Sabrina Lefebvre<br \/>Dannie Murphy \/ Charlottetown, \u00ce.-P.-\u00c9. \/ Isabeau de Laubry \/ Martie Murphy<br \/>Stevie Murphy \/ Charlottetown, \u00ce.-P.-\u00c9. \/ Cabaliero 2 \/ Martie Murphy<br \/>Lexi Ray \/ Campbellville, ON \/ Jewel 8 \/ Lexi, Robert &amp; Tracy Ray<\/p>\n<p>\u00ab Nous sommes encore t\u00f4t dans l\u2019ann\u00e9e, mais nous avons un beau m\u00e9lange d\u2019exp\u00e9rience et de chevaux qui sautent bien, affirme Dayton Gorsline, conseill\u00e8re du programme de d\u00e9veloppement du saut d\u2019obstacles jeunesse. J\u2019ai bien h\u00e2te de vivre cette semaine. \u00bb <\/p>\n<p>Pour de plus amples renseignements sur le Winter Equestrian Festival, visitez le site <a href=\"https:\/\/pbiec.coth.com\" target=\"_blank\" rel=\"noopener\">https:\/\/pbiec.coth.com<\/a>. <\/p>\n<\/p>\n<p><center>&#8211; 30 &#8211;<center><\/p>\n<p><\/center><\/center><\/p>\n","protected":false},"excerpt":{"rendered":"<p>Cette occasion inestimable offre \u00e0 la prochaine g\u00e9n\u00e9ration d\u2019athl\u00e8tes de saut d\u2019obstacles la chance d\u2019acqu\u00e9rir de l\u2019exp\u00e9rience dans un environnement d\u2019\u00e9quipe sur la sc\u00e8ne internationale. Le Concours par \u00e9quipe U-25 Herm\u00e8s de 25 000 $ d\u00e9marrera \u00e0 16 h HE et pourra \u00eatre suivi en direct gr\u00e2ce \u00e0 la webdiffusion sur https:\/\/pbiec.coth.com. \u00c9quipe Canada sera [&hellip;]<\/p>\n","protected":false},"author":3,"featured_media":3404,"comment_status":"open","ping_status":"open","sticky":false,"template":"","format":"standard","meta":{"_acf_changed":false,"footnotes":""},"categories":[241],"tags":[],"class_list":["post-26353","post","type-post","status-publish","format-standard","has-post-thumbnail","hentry","category-anciens-articles"],"acf":[],"yoast_head":"<!-- This site is optimized with the Yoast SEO plugin v27.0 - https:\/\/yoast.com\/product\/yoast-seo-wordpress\/ -->\n<title>Nomination de l\u2019\u00e9quipe canadienne pour le concours par \u00e9quipe U-25 Herm\u00e8s de 25 000 $ - Equestrian Canada<\/title>\n<meta name=\"robots\" content=\"index, follow, max-snippet:-1, max-image-preview:large, max-video-preview:-1\" \/>\n<link rel=\"canonical\" href=\"https:\/\/equestrian.ca\/fr\/anciens-articles\/nomination-de-lequipe-canadienne-pour-le-concours-par-equipe-u-25-hermes-de-25-000\/\" \/>\n<meta property=\"og:locale\" content=\"fr_CA\" \/>\n<meta property=\"og:type\" content=\"article\" \/>\n<meta property=\"og:title\" content=\"Nomination de l\u2019\u00e9quipe canadienne pour le concours par \u00e9quipe U-25 Herm\u00e8s de 25 000 $ - Equestrian Canada\" \/>\n<meta property=\"og:description\" content=\"Cette occasion inestimable offre \u00e0 la prochaine g\u00e9n\u00e9ration d\u2019athl\u00e8tes de saut d\u2019obstacles la chance d\u2019acqu\u00e9rir de l\u2019exp\u00e9rience dans un environnement d\u2019\u00e9quipe sur la sc\u00e8ne internationale. Le Concours par \u00e9quipe U-25 Herm\u00e8s de 25 000 $ d\u00e9marrera \u00e0 16 h HE et pourra \u00eatre suivi en direct gr\u00e2ce \u00e0 la webdiffusion sur https:\/\/pbiec.coth.com. \u00c9quipe Canada sera [&hellip;]\" \/>\n<meta property=\"og:url\" content=\"https:\/\/equestrian.ca\/fr\/anciens-articles\/nomination-de-lequipe-canadienne-pour-le-concours-par-equipe-u-25-hermes-de-25-000\/\" \/>\n<meta property=\"og:site_name\" content=\"Equestrian Canada\" \/>\n<meta property=\"article:published_time\" content=\"2020-01-27T00:00:00+00:00\" \/>\n<meta property=\"og:image\" content=\"https:\/\/equestrian.ca\/wp-content\/uploads\/2023\/09\/EC_Emblem_Navy.jpg\" \/>\n\t<meta property=\"og:image:width\" content=\"800\" \/>\n\t<meta property=\"og:image:height\" content=\"618\" \/>\n\t<meta property=\"og:image:type\" content=\"image\/jpeg\" \/>\n<meta name=\"author\" content=\"Berry\" \/>\n<meta name=\"twitter:card\" content=\"summary_large_image\" \/>\n<meta name=\"twitter:label1\" content=\"\u00c9crit par\" \/>\n\t<meta name=\"twitter:data1\" content=\"Berry\" \/>\n\t<meta name=\"twitter:label2\" content=\"Estimation du temps de lecture\" \/>\n\t<meta name=\"twitter:data2\" content=\"1 minute\" \/>\n<script type=\"application\/ld+json\" class=\"yoast-schema-graph\">{\"@context\":\"https:\/\/schema.org\",\"@graph\":[{\"@type\":\"Article\",\"@id\":\"https:\/\/equestrian.ca\/fr\/anciens-articles\/nomination-de-lequipe-canadienne-pour-le-concours-par-equipe-u-25-hermes-de-25-000\/#article\",\"isPartOf\":{\"@id\":\"https:\/\/equestrian.ca\/fr\/anciens-articles\/nomination-de-lequipe-canadienne-pour-le-concours-par-equipe-u-25-hermes-de-25-000\/\"},\"author\":{\"name\":\"Berry\",\"@id\":\"https:\/\/equestrian.ca\/fr\/#\/schema\/person\/9abd3ba4d1027626b07355668e4ee3ad\"},\"headline\":\"Nomination de l\u2019\u00e9quipe canadienne pour le concours par \u00e9quipe U-25 Herm\u00e8s de 25 000 $\",\"datePublished\":\"2020-01-27T00:00:00+00:00\",\"mainEntityOfPage\":{\"@id\":\"https:\/\/equestrian.ca\/fr\/anciens-articles\/nomination-de-lequipe-canadienne-pour-le-concours-par-equipe-u-25-hermes-de-25-000\/\"},\"wordCount\":200,\"commentCount\":0,\"image\":{\"@id\":\"https:\/\/equestrian.ca\/fr\/anciens-articles\/nomination-de-lequipe-canadienne-pour-le-concours-par-equipe-u-25-hermes-de-25-000\/#primaryimage\"},\"thumbnailUrl\":\"https:\/\/equestrian.ca\/wp-content\/uploads\/2023\/09\/EC_Emblem_Navy.jpg\",\"articleSection\":[\"Anciens articles\"],\"inLanguage\":\"fr-CA\",\"potentialAction\":[{\"@type\":\"CommentAction\",\"name\":\"Comment\",\"target\":[\"https:\/\/equestrian.ca\/fr\/anciens-articles\/nomination-de-lequipe-canadienne-pour-le-concours-par-equipe-u-25-hermes-de-25-000\/#respond\"]}]},{\"@type\":\"WebPage\",\"@id\":\"https:\/\/equestrian.ca\/fr\/anciens-articles\/nomination-de-lequipe-canadienne-pour-le-concours-par-equipe-u-25-hermes-de-25-000\/\",\"url\":\"https:\/\/equestrian.ca\/fr\/anciens-articles\/nomination-de-lequipe-canadienne-pour-le-concours-par-equipe-u-25-hermes-de-25-000\/\",\"name\":\"Nomination de l\u2019\u00e9quipe canadienne pour le concours par \u00e9quipe U-25 Herm\u00e8s de 25 000 $ - Equestrian Canada\",\"isPartOf\":{\"@id\":\"https:\/\/equestrian.ca\/fr\/#website\"},\"primaryImageOfPage\":{\"@id\":\"https:\/\/equestrian.ca\/fr\/anciens-articles\/nomination-de-lequipe-canadienne-pour-le-concours-par-equipe-u-25-hermes-de-25-000\/#primaryimage\"},\"image\":{\"@id\":\"https:\/\/equestrian.ca\/fr\/anciens-articles\/nomination-de-lequipe-canadienne-pour-le-concours-par-equipe-u-25-hermes-de-25-000\/#primaryimage\"},\"thumbnailUrl\":\"https:\/\/equestrian.ca\/wp-content\/uploads\/2023\/09\/EC_Emblem_Navy.jpg\",\"datePublished\":\"2020-01-27T00:00:00+00:00\",\"author\":{\"@id\":\"https:\/\/equestrian.ca\/fr\/#\/schema\/person\/9abd3ba4d1027626b07355668e4ee3ad\"},\"breadcrumb\":{\"@id\":\"https:\/\/equestrian.ca\/fr\/anciens-articles\/nomination-de-lequipe-canadienne-pour-le-concours-par-equipe-u-25-hermes-de-25-000\/#breadcrumb\"},\"inLanguage\":\"fr-CA\",\"potentialAction\":[{\"@type\":\"ReadAction\",\"target\":[\"https:\/\/equestrian.ca\/fr\/anciens-articles\/nomination-de-lequipe-canadienne-pour-le-concours-par-equipe-u-25-hermes-de-25-000\/\"]}]},{\"@type\":\"ImageObject\",\"inLanguage\":\"fr-CA\",\"@id\":\"https:\/\/equestrian.ca\/fr\/anciens-articles\/nomination-de-lequipe-canadienne-pour-le-concours-par-equipe-u-25-hermes-de-25-000\/#primaryimage\",\"url\":\"https:\/\/equestrian.ca\/wp-content\/uploads\/2023\/09\/EC_Emblem_Navy.jpg\",\"contentUrl\":\"https:\/\/equestrian.ca\/wp-content\/uploads\/2023\/09\/EC_Emblem_Navy.jpg\",\"width\":800,\"height\":618},{\"@type\":\"BreadcrumbList\",\"@id\":\"https:\/\/equestrian.ca\/fr\/anciens-articles\/nomination-de-lequipe-canadienne-pour-le-concours-par-equipe-u-25-hermes-de-25-000\/#breadcrumb\",\"itemListElement\":[{\"@type\":\"ListItem\",\"position\":1,\"name\":\"Home\",\"item\":\"https:\/\/equestrian.ca\/fr\/\"},{\"@type\":\"ListItem\",\"position\":2,\"name\":\"Nomination de l\u2019\u00e9quipe canadienne pour le concours par \u00e9quipe U-25 Herm\u00e8s de 25 000 $\"}]},{\"@type\":\"WebSite\",\"@id\":\"https:\/\/equestrian.ca\/fr\/#website\",\"url\":\"https:\/\/equestrian.ca\/fr\/\",\"name\":\"Equestrian Canada\",\"description\":\"For the love of horses and sport for life.\",\"potentialAction\":[{\"@type\":\"SearchAction\",\"target\":{\"@type\":\"EntryPoint\",\"urlTemplate\":\"https:\/\/equestrian.ca\/fr\/?s={search_term_string}\"},\"query-input\":{\"@type\":\"PropertyValueSpecification\",\"valueRequired\":true,\"valueName\":\"search_term_string\"}}],\"inLanguage\":\"fr-CA\"},{\"@type\":\"Person\",\"@id\":\"https:\/\/equestrian.ca\/fr\/#\/schema\/person\/9abd3ba4d1027626b07355668e4ee3ad\",\"name\":\"Berry\",\"image\":{\"@type\":\"ImageObject\",\"inLanguage\":\"fr-CA\",\"@id\":\"https:\/\/equestrian.ca\/fr\/#\/schema\/person\/image\/\",\"url\":\"https:\/\/secure.gravatar.com\/avatar\/882da3b67056b0c608086d3c77de46948b64244a4c249e81e0bf04a8095ce320?s=96&d=mm&r=g\",\"contentUrl\":\"https:\/\/secure.gravatar.com\/avatar\/882da3b67056b0c608086d3c77de46948b64244a4c249e81e0bf04a8095ce320?s=96&d=mm&r=g\",\"caption\":\"Berry\"},\"url\":\"https:\/\/equestrian.ca\/fr\/author\/mberry\/\"}]}<\/script>\n<!-- \/ Yoast SEO plugin. -->","yoast_head_json":{"title":"Nomination de l\u2019\u00e9quipe canadienne pour le concours par \u00e9quipe U-25 Herm\u00e8s de 25 000 $ - Equestrian Canada","robots":{"index":"index","follow":"follow","max-snippet":"max-snippet:-1","max-image-preview":"max-image-preview:large","max-video-preview":"max-video-preview:-1"},"canonical":"https:\/\/equestrian.ca\/fr\/anciens-articles\/nomination-de-lequipe-canadienne-pour-le-concours-par-equipe-u-25-hermes-de-25-000\/","og_locale":"fr_CA","og_type":"article","og_title":"Nomination de l\u2019\u00e9quipe canadienne pour le concours par \u00e9quipe U-25 Herm\u00e8s de 25 000 $ - Equestrian Canada","og_description":"Cette occasion inestimable offre \u00e0 la prochaine g\u00e9n\u00e9ration d\u2019athl\u00e8tes de saut d\u2019obstacles la chance d\u2019acqu\u00e9rir de l\u2019exp\u00e9rience dans un environnement d\u2019\u00e9quipe sur la sc\u00e8ne internationale. Le Concours par \u00e9quipe U-25 Herm\u00e8s de 25 000 $ d\u00e9marrera \u00e0 16 h HE et pourra \u00eatre suivi en direct gr\u00e2ce \u00e0 la webdiffusion sur https:\/\/pbiec.coth.com. \u00c9quipe Canada sera [&hellip;]","og_url":"https:\/\/equestrian.ca\/fr\/anciens-articles\/nomination-de-lequipe-canadienne-pour-le-concours-par-equipe-u-25-hermes-de-25-000\/","og_site_name":"Equestrian Canada","article_published_time":"2020-01-27T00:00:00+00:00","og_image":[{"width":800,"height":618,"url":"https:\/\/equestrian.ca\/wp-content\/uploads\/2023\/09\/EC_Emblem_Navy.jpg","type":"image\/jpeg"}],"author":"Berry","twitter_card":"summary_large_image","twitter_misc":{"\u00c9crit par":"Berry","Estimation du temps de lecture":"1 minute"},"schema":{"@context":"https:\/\/schema.org","@graph":[{"@type":"Article","@id":"https:\/\/equestrian.ca\/fr\/anciens-articles\/nomination-de-lequipe-canadienne-pour-le-concours-par-equipe-u-25-hermes-de-25-000\/#article","isPartOf":{"@id":"https:\/\/equestrian.ca\/fr\/anciens-articles\/nomination-de-lequipe-canadienne-pour-le-concours-par-equipe-u-25-hermes-de-25-000\/"},"author":{"name":"Berry","@id":"https:\/\/equestrian.ca\/fr\/#\/schema\/person\/9abd3ba4d1027626b07355668e4ee3ad"},"headline":"Nomination de l\u2019\u00e9quipe canadienne pour le concours par \u00e9quipe U-25 Herm\u00e8s de 25 000 $","datePublished":"2020-01-27T00:00:00+00:00","mainEntityOfPage":{"@id":"https:\/\/equestrian.ca\/fr\/anciens-articles\/nomination-de-lequipe-canadienne-pour-le-concours-par-equipe-u-25-hermes-de-25-000\/"},"wordCount":200,"commentCount":0,"image":{"@id":"https:\/\/equestrian.ca\/fr\/anciens-articles\/nomination-de-lequipe-canadienne-pour-le-concours-par-equipe-u-25-hermes-de-25-000\/#primaryimage"},"thumbnailUrl":"https:\/\/equestrian.ca\/wp-content\/uploads\/2023\/09\/EC_Emblem_Navy.jpg","articleSection":["Anciens articles"],"inLanguage":"fr-CA","potentialAction":[{"@type":"CommentAction","name":"Comment","target":["https:\/\/equestrian.ca\/fr\/anciens-articles\/nomination-de-lequipe-canadienne-pour-le-concours-par-equipe-u-25-hermes-de-25-000\/#respond"]}]},{"@type":"WebPage","@id":"https:\/\/equestrian.ca\/fr\/anciens-articles\/nomination-de-lequipe-canadienne-pour-le-concours-par-equipe-u-25-hermes-de-25-000\/","url":"https:\/\/equestrian.ca\/fr\/anciens-articles\/nomination-de-lequipe-canadienne-pour-le-concours-par-equipe-u-25-hermes-de-25-000\/","name":"Nomination de l\u2019\u00e9quipe canadienne pour le concours par \u00e9quipe U-25 Herm\u00e8s de 25 000 $ - Equestrian Canada","isPartOf":{"@id":"https:\/\/equestrian.ca\/fr\/#website"},"primaryImageOfPage":{"@id":"https:\/\/equestrian.ca\/fr\/anciens-articles\/nomination-de-lequipe-canadienne-pour-le-concours-par-equipe-u-25-hermes-de-25-000\/#primaryimage"},"image":{"@id":"https:\/\/equestrian.ca\/fr\/anciens-articles\/nomination-de-lequipe-canadienne-pour-le-concours-par-equipe-u-25-hermes-de-25-000\/#primaryimage"},"thumbnailUrl":"https:\/\/equestrian.ca\/wp-content\/uploads\/2023\/09\/EC_Emblem_Navy.jpg","datePublished":"2020-01-27T00:00:00+00:00","author":{"@id":"https:\/\/equestrian.ca\/fr\/#\/schema\/person\/9abd3ba4d1027626b07355668e4ee3ad"},"breadcrumb":{"@id":"https:\/\/equestrian.ca\/fr\/anciens-articles\/nomination-de-lequipe-canadienne-pour-le-concours-par-equipe-u-25-hermes-de-25-000\/#breadcrumb"},"inLanguage":"fr-CA","potentialAction":[{"@type":"ReadAction","target":["https:\/\/equestrian.ca\/fr\/anciens-articles\/nomination-de-lequipe-canadienne-pour-le-concours-par-equipe-u-25-hermes-de-25-000\/"]}]},{"@type":"ImageObject","inLanguage":"fr-CA","@id":"https:\/\/equestrian.ca\/fr\/anciens-articles\/nomination-de-lequipe-canadienne-pour-le-concours-par-equipe-u-25-hermes-de-25-000\/#primaryimage","url":"https:\/\/equestrian.ca\/wp-content\/uploads\/2023\/09\/EC_Emblem_Navy.jpg","contentUrl":"https:\/\/equestrian.ca\/wp-content\/uploads\/2023\/09\/EC_Emblem_Navy.jpg","width":800,"height":618},{"@type":"BreadcrumbList","@id":"https:\/\/equestrian.ca\/fr\/anciens-articles\/nomination-de-lequipe-canadienne-pour-le-concours-par-equipe-u-25-hermes-de-25-000\/#breadcrumb","itemListElement":[{"@type":"ListItem","position":1,"name":"Home","item":"https:\/\/equestrian.ca\/fr\/"},{"@type":"ListItem","position":2,"name":"Nomination de l\u2019\u00e9quipe canadienne pour le concours par \u00e9quipe U-25 Herm\u00e8s de 25 000 $"}]},{"@type":"WebSite","@id":"https:\/\/equestrian.ca\/fr\/#website","url":"https:\/\/equestrian.ca\/fr\/","name":"Equestrian Canada","description":"For the love of horses and sport for life.","potentialAction":[{"@type":"SearchAction","target":{"@type":"EntryPoint","urlTemplate":"https:\/\/equestrian.ca\/fr\/?s={search_term_string}"},"query-input":{"@type":"PropertyValueSpecification","valueRequired":true,"valueName":"search_term_string"}}],"inLanguage":"fr-CA"},{"@type":"Person","@id":"https:\/\/equestrian.ca\/fr\/#\/schema\/person\/9abd3ba4d1027626b07355668e4ee3ad","name":"Berry","image":{"@type":"ImageObject","inLanguage":"fr-CA","@id":"https:\/\/equestrian.ca\/fr\/#\/schema\/person\/image\/","url":"https:\/\/secure.gravatar.com\/avatar\/882da3b67056b0c608086d3c77de46948b64244a4c249e81e0bf04a8095ce320?s=96&d=mm&r=g","contentUrl":"https:\/\/secure.gravatar.com\/avatar\/882da3b67056b0c608086d3c77de46948b64244a4c249e81e0bf04a8095ce320?s=96&d=mm&r=g","caption":"Berry"},"url":"https:\/\/equestrian.ca\/fr\/author\/mberry\/"}]}},"_links":{"self":[{"href":"https:\/\/equestrian.ca\/fr\/wp-json\/wp\/v2\/posts\/26353","targetHints":{"allow":["GET"]}}],"collection":[{"href":"https:\/\/equestrian.ca\/fr\/wp-json\/wp\/v2\/posts"}],"about":[{"href":"https:\/\/equestrian.ca\/fr\/wp-json\/wp\/v2\/types\/post"}],"author":[{"embeddable":true,"href":"https:\/\/equestrian.ca\/fr\/wp-json\/wp\/v2\/users\/3"}],"replies":[{"embeddable":true,"href":"https:\/\/equestrian.ca\/fr\/wp-json\/wp\/v2\/comments?post=26353"}],"version-history":[{"count":0,"href":"https:\/\/equestrian.ca\/fr\/wp-json\/wp\/v2\/posts\/26353\/revisions"}],"wp:featuredmedia":[{"embeddable":true,"href":"https:\/\/equestrian.ca\/fr\/wp-json\/wp\/v2\/media\/3404"}],"wp:attachment":[{"href":"https:\/\/equestrian.ca\/fr\/wp-json\/wp\/v2\/media?parent=26353"}],"wp:term":[{"taxonomy":"category","embeddable":true,"href":"https:\/\/equestrian.ca\/fr\/wp-json\/wp\/v2\/categories?post=26353"},{"taxonomy":"post_tag","embeddable":true,"href":"https:\/\/equestrian.ca\/fr\/wp-json\/wp\/v2\/tags?post=26353"}],"curies":[{"name":"wp","href":"https:\/\/api.w.org\/{rel}","templated":true}]}}