{"id":26279,"date":"2019-09-17T00:00:00","date_gmt":"2019-09-17T00:00:00","guid":{"rendered":"https:\/\/equestrian.ca\/news\/canada-equestre-veut-connaitre-votre-opinion-sur-lelaboration-du-programme-canadien-didentification-des-chevaux\/"},"modified":"2019-09-17T00:00:00","modified_gmt":"2019-09-17T00:00:00","slug":"canada-equestre-veut-connaitre-votre-opinion-sur-lelaboration-du-programme-canadien-didentification-des-chevaux","status":"publish","type":"post","link":"https:\/\/equestrian.ca\/fr\/anciens-articles\/canada-equestre-veut-connaitre-votre-opinion-sur-lelaboration-du-programme-canadien-didentification-des-chevaux\/","title":{"rendered":"Canada \u00c9questre veut conna\u00eetre votre opinion sur l\u2019\u00e9laboration du Programme canadien d\u2019identification des chevaux"},"content":{"rendered":"<p>Pour en apprendre plus, lisez la pr\u00e9sentation compl\u00e8te de la Phase 1 du PCIC en cliquant sur le lien ci-dessous :<\/p>\n<\/p>\n<\/p>\n<\/p>\n<\/p>\n<ul><\/ul>\n<p><a href=\"https:\/\/www.equestrian.ca\/cdn\/storage\/resources_v2\/rJwDZWC8fLhN53WSj\/original\/rJwDZWC8fLhN53WSj.pdf\" class=\"o-button js-wow u-fadeInUpBig\" data-wow-delay=\"0.3s\" style=\"visibility: visible; animation-delay: 0.3s; display: block; margin: 15px auto; width: 50%; animation-name: fadeInUpBig;\">Lisez la pr\u00e9sentation de la Phase 1 du PCIC <\/a><\/p>\n<\/p>\n<\/p>\n<\/p>\n<\/p>\n<p>Si vous avez des questions, des commentaires et des opinions, nous vous invitons \u00e0 les soumettre par courriel \u00e0 Kristy House, gestionnaire du bien-\u00eatre et de l\u2019identification de CE (<a href=\"mailto:khouse@equestrian.ca\" target=\"_blank\" rel=\"noopener\">khouse@equestrian.ca<\/a>) <b>d\u2019ici le 4 novembre 2019<\/b>. <\/p>\n<p>De plus, une assembl\u00e9e publique portant sur l\u2019identification des chevaux se d\u00e9roulera le 3 novembre dans le cadre du Congr\u00e8s 2019 de CE, o\u00f9 House et Doug Orr, vice-pr\u00e9sident de CE et pr\u00e9sident du Comit\u00e9 sur la sant\u00e9 et le bien-\u00eatre du cheval de CE dirigeront une p\u00e9riode de questions sollicitant d\u2019autres commentaires. Pour en savoir plus \u00e0 propos du Congr\u00e8s 2019 de CE et pour vous y inscrire, visitez la page <a href=\"http:\/\/www.canadaequestre.ca\/evenements-resultats\/congres\" target=\"_blank\" rel=\"noopener\">www.canadaequestre.ca\/evenements-resultats\/congres<\/a>.&nbsp;<\/p>\n<p>Questions? Commentaires?<\/p>\n<p>Toute question et tout commentaire au sujet de la pr\u00e9sentation de la Phase 1 du PCIC et de l\u2019appel \u00e0 contributions peuvent \u00eatre achemin\u00e9s directement \u00e0 :<\/p>\n<p>Kristy House<br \/>Gestionnaire, Bien-\u00eatre et identification<br \/><a href=\"mailto:khouse@equestrian.ca\" target=\"_blank\" rel=\"noopener\">khouse@equestrian.ca<\/a><br \/>1-866-282-8395, poste 130<\/p>\n","protected":false},"excerpt":{"rendered":"<p>Pour en apprendre plus, lisez la pr\u00e9sentation compl\u00e8te de la Phase 1 du PCIC en cliquant sur le lien ci-dessous : Lisez la pr\u00e9sentation de la Phase 1 du PCIC Si vous avez des questions, des commentaires et des opinions, nous vous invitons \u00e0 les soumettre par courriel \u00e0 Kristy House, gestionnaire du bien-\u00eatre et [&hellip;]<\/p>\n","protected":false},"author":3,"featured_media":0,"comment_status":"open","ping_status":"open","sticky":false,"template":"","format":"standard","meta":{"_acf_changed":false,"footnotes":""},"categories":[241],"tags":[],"class_list":["post-26279","post","type-post","status-publish","format-standard","hentry","category-anciens-articles"],"acf":[],"yoast_head":"<!-- This site is optimized with the Yoast SEO plugin v27.0 - https:\/\/yoast.com\/product\/yoast-seo-wordpress\/ -->\n<title>Canada \u00c9questre veut conna\u00eetre votre opinion sur l\u2019\u00e9laboration du Programme canadien d\u2019identification des chevaux - Equestrian Canada<\/title>\n<meta name=\"robots\" content=\"index, follow, max-snippet:-1, max-image-preview:large, max-video-preview:-1\" \/>\n<link rel=\"canonical\" href=\"https:\/\/equestrian.ca\/fr\/anciens-articles\/canada-equestre-veut-connaitre-votre-opinion-sur-lelaboration-du-programme-canadien-didentification-des-chevaux\/\" \/>\n<meta property=\"og:locale\" content=\"fr_CA\" \/>\n<meta property=\"og:type\" content=\"article\" \/>\n<meta property=\"og:title\" content=\"Canada \u00c9questre veut conna\u00eetre votre opinion sur l\u2019\u00e9laboration du Programme canadien d\u2019identification des chevaux - Equestrian Canada\" \/>\n<meta property=\"og:description\" content=\"Pour en apprendre plus, lisez la pr\u00e9sentation compl\u00e8te de la Phase 1 du PCIC en cliquant sur le lien ci-dessous : Lisez la pr\u00e9sentation de la Phase 1 du PCIC Si vous avez des questions, des commentaires et des opinions, nous vous invitons \u00e0 les soumettre par courriel \u00e0 Kristy House, gestionnaire du bien-\u00eatre et [&hellip;]\" \/>\n<meta property=\"og:url\" content=\"https:\/\/equestrian.ca\/fr\/anciens-articles\/canada-equestre-veut-connaitre-votre-opinion-sur-lelaboration-du-programme-canadien-didentification-des-chevaux\/\" \/>\n<meta property=\"og:site_name\" content=\"Equestrian Canada\" \/>\n<meta property=\"article:published_time\" content=\"2019-09-17T00:00:00+00:00\" \/>\n<meta name=\"author\" content=\"Berry\" \/>\n<meta name=\"twitter:card\" content=\"summary_large_image\" \/>\n<meta name=\"twitter:label1\" content=\"\u00c9crit par\" \/>\n\t<meta name=\"twitter:data1\" content=\"Berry\" \/>\n\t<meta name=\"twitter:label2\" content=\"Estimation du temps de lecture\" \/>\n\t<meta name=\"twitter:data2\" content=\"1 minute\" \/>\n<script type=\"application\/ld+json\" class=\"yoast-schema-graph\">{\"@context\":\"https:\/\/schema.org\",\"@graph\":[{\"@type\":\"Article\",\"@id\":\"https:\/\/equestrian.ca\/fr\/anciens-articles\/canada-equestre-veut-connaitre-votre-opinion-sur-lelaboration-du-programme-canadien-didentification-des-chevaux\/#article\",\"isPartOf\":{\"@id\":\"https:\/\/equestrian.ca\/fr\/anciens-articles\/canada-equestre-veut-connaitre-votre-opinion-sur-lelaboration-du-programme-canadien-didentification-des-chevaux\/\"},\"author\":{\"name\":\"Berry\",\"@id\":\"https:\/\/equestrian.ca\/fr\/#\/schema\/person\/9abd3ba4d1027626b07355668e4ee3ad\"},\"headline\":\"Canada \u00c9questre veut conna\u00eetre votre opinion sur l\u2019\u00e9laboration du Programme canadien d\u2019identification des chevaux\",\"datePublished\":\"2019-09-17T00:00:00+00:00\",\"mainEntityOfPage\":{\"@id\":\"https:\/\/equestrian.ca\/fr\/anciens-articles\/canada-equestre-veut-connaitre-votre-opinion-sur-lelaboration-du-programme-canadien-didentification-des-chevaux\/\"},\"wordCount\":208,\"commentCount\":0,\"articleSection\":[\"Anciens articles\"],\"inLanguage\":\"fr-CA\",\"potentialAction\":[{\"@type\":\"CommentAction\",\"name\":\"Comment\",\"target\":[\"https:\/\/equestrian.ca\/fr\/anciens-articles\/canada-equestre-veut-connaitre-votre-opinion-sur-lelaboration-du-programme-canadien-didentification-des-chevaux\/#respond\"]}]},{\"@type\":\"WebPage\",\"@id\":\"https:\/\/equestrian.ca\/fr\/anciens-articles\/canada-equestre-veut-connaitre-votre-opinion-sur-lelaboration-du-programme-canadien-didentification-des-chevaux\/\",\"url\":\"https:\/\/equestrian.ca\/fr\/anciens-articles\/canada-equestre-veut-connaitre-votre-opinion-sur-lelaboration-du-programme-canadien-didentification-des-chevaux\/\",\"name\":\"Canada \u00c9questre veut conna\u00eetre votre opinion sur l\u2019\u00e9laboration du Programme canadien d\u2019identification des chevaux - Equestrian Canada\",\"isPartOf\":{\"@id\":\"https:\/\/equestrian.ca\/fr\/#website\"},\"datePublished\":\"2019-09-17T00:00:00+00:00\",\"author\":{\"@id\":\"https:\/\/equestrian.ca\/fr\/#\/schema\/person\/9abd3ba4d1027626b07355668e4ee3ad\"},\"breadcrumb\":{\"@id\":\"https:\/\/equestrian.ca\/fr\/anciens-articles\/canada-equestre-veut-connaitre-votre-opinion-sur-lelaboration-du-programme-canadien-didentification-des-chevaux\/#breadcrumb\"},\"inLanguage\":\"fr-CA\",\"potentialAction\":[{\"@type\":\"ReadAction\",\"target\":[\"https:\/\/equestrian.ca\/fr\/anciens-articles\/canada-equestre-veut-connaitre-votre-opinion-sur-lelaboration-du-programme-canadien-didentification-des-chevaux\/\"]}]},{\"@type\":\"BreadcrumbList\",\"@id\":\"https:\/\/equestrian.ca\/fr\/anciens-articles\/canada-equestre-veut-connaitre-votre-opinion-sur-lelaboration-du-programme-canadien-didentification-des-chevaux\/#breadcrumb\",\"itemListElement\":[{\"@type\":\"ListItem\",\"position\":1,\"name\":\"Home\",\"item\":\"https:\/\/equestrian.ca\/fr\/\"},{\"@type\":\"ListItem\",\"position\":2,\"name\":\"Canada \u00c9questre veut conna\u00eetre votre opinion sur l\u2019\u00e9laboration du Programme canadien d\u2019identification des chevaux\"}]},{\"@type\":\"WebSite\",\"@id\":\"https:\/\/equestrian.ca\/fr\/#website\",\"url\":\"https:\/\/equestrian.ca\/fr\/\",\"name\":\"Equestrian Canada\",\"description\":\"For the love of horses and sport for life.\",\"potentialAction\":[{\"@type\":\"SearchAction\",\"target\":{\"@type\":\"EntryPoint\",\"urlTemplate\":\"https:\/\/equestrian.ca\/fr\/?s={search_term_string}\"},\"query-input\":{\"@type\":\"PropertyValueSpecification\",\"valueRequired\":true,\"valueName\":\"search_term_string\"}}],\"inLanguage\":\"fr-CA\"},{\"@type\":\"Person\",\"@id\":\"https:\/\/equestrian.ca\/fr\/#\/schema\/person\/9abd3ba4d1027626b07355668e4ee3ad\",\"name\":\"Berry\",\"image\":{\"@type\":\"ImageObject\",\"inLanguage\":\"fr-CA\",\"@id\":\"https:\/\/equestrian.ca\/fr\/#\/schema\/person\/image\/\",\"url\":\"https:\/\/secure.gravatar.com\/avatar\/882da3b67056b0c608086d3c77de46948b64244a4c249e81e0bf04a8095ce320?s=96&d=mm&r=g\",\"contentUrl\":\"https:\/\/secure.gravatar.com\/avatar\/882da3b67056b0c608086d3c77de46948b64244a4c249e81e0bf04a8095ce320?s=96&d=mm&r=g\",\"caption\":\"Berry\"},\"url\":\"https:\/\/equestrian.ca\/fr\/author\/mberry\/\"}]}<\/script>\n<!-- \/ Yoast SEO plugin. -->","yoast_head_json":{"title":"Canada \u00c9questre veut conna\u00eetre votre opinion sur l\u2019\u00e9laboration du Programme canadien d\u2019identification des chevaux - Equestrian Canada","robots":{"index":"index","follow":"follow","max-snippet":"max-snippet:-1","max-image-preview":"max-image-preview:large","max-video-preview":"max-video-preview:-1"},"canonical":"https:\/\/equestrian.ca\/fr\/anciens-articles\/canada-equestre-veut-connaitre-votre-opinion-sur-lelaboration-du-programme-canadien-didentification-des-chevaux\/","og_locale":"fr_CA","og_type":"article","og_title":"Canada \u00c9questre veut conna\u00eetre votre opinion sur l\u2019\u00e9laboration du Programme canadien d\u2019identification des chevaux - Equestrian Canada","og_description":"Pour en apprendre plus, lisez la pr\u00e9sentation compl\u00e8te de la Phase 1 du PCIC en cliquant sur le lien ci-dessous : Lisez la pr\u00e9sentation de la Phase 1 du PCIC Si vous avez des questions, des commentaires et des opinions, nous vous invitons \u00e0 les soumettre par courriel \u00e0 Kristy House, gestionnaire du bien-\u00eatre et [&hellip;]","og_url":"https:\/\/equestrian.ca\/fr\/anciens-articles\/canada-equestre-veut-connaitre-votre-opinion-sur-lelaboration-du-programme-canadien-didentification-des-chevaux\/","og_site_name":"Equestrian Canada","article_published_time":"2019-09-17T00:00:00+00:00","author":"Berry","twitter_card":"summary_large_image","twitter_misc":{"\u00c9crit par":"Berry","Estimation du temps de lecture":"1 minute"},"schema":{"@context":"https:\/\/schema.org","@graph":[{"@type":"Article","@id":"https:\/\/equestrian.ca\/fr\/anciens-articles\/canada-equestre-veut-connaitre-votre-opinion-sur-lelaboration-du-programme-canadien-didentification-des-chevaux\/#article","isPartOf":{"@id":"https:\/\/equestrian.ca\/fr\/anciens-articles\/canada-equestre-veut-connaitre-votre-opinion-sur-lelaboration-du-programme-canadien-didentification-des-chevaux\/"},"author":{"name":"Berry","@id":"https:\/\/equestrian.ca\/fr\/#\/schema\/person\/9abd3ba4d1027626b07355668e4ee3ad"},"headline":"Canada \u00c9questre veut conna\u00eetre votre opinion sur l\u2019\u00e9laboration du Programme canadien d\u2019identification des chevaux","datePublished":"2019-09-17T00:00:00+00:00","mainEntityOfPage":{"@id":"https:\/\/equestrian.ca\/fr\/anciens-articles\/canada-equestre-veut-connaitre-votre-opinion-sur-lelaboration-du-programme-canadien-didentification-des-chevaux\/"},"wordCount":208,"commentCount":0,"articleSection":["Anciens articles"],"inLanguage":"fr-CA","potentialAction":[{"@type":"CommentAction","name":"Comment","target":["https:\/\/equestrian.ca\/fr\/anciens-articles\/canada-equestre-veut-connaitre-votre-opinion-sur-lelaboration-du-programme-canadien-didentification-des-chevaux\/#respond"]}]},{"@type":"WebPage","@id":"https:\/\/equestrian.ca\/fr\/anciens-articles\/canada-equestre-veut-connaitre-votre-opinion-sur-lelaboration-du-programme-canadien-didentification-des-chevaux\/","url":"https:\/\/equestrian.ca\/fr\/anciens-articles\/canada-equestre-veut-connaitre-votre-opinion-sur-lelaboration-du-programme-canadien-didentification-des-chevaux\/","name":"Canada \u00c9questre veut conna\u00eetre votre opinion sur l\u2019\u00e9laboration du Programme canadien d\u2019identification des chevaux - Equestrian Canada","isPartOf":{"@id":"https:\/\/equestrian.ca\/fr\/#website"},"datePublished":"2019-09-17T00:00:00+00:00","author":{"@id":"https:\/\/equestrian.ca\/fr\/#\/schema\/person\/9abd3ba4d1027626b07355668e4ee3ad"},"breadcrumb":{"@id":"https:\/\/equestrian.ca\/fr\/anciens-articles\/canada-equestre-veut-connaitre-votre-opinion-sur-lelaboration-du-programme-canadien-didentification-des-chevaux\/#breadcrumb"},"inLanguage":"fr-CA","potentialAction":[{"@type":"ReadAction","target":["https:\/\/equestrian.ca\/fr\/anciens-articles\/canada-equestre-veut-connaitre-votre-opinion-sur-lelaboration-du-programme-canadien-didentification-des-chevaux\/"]}]},{"@type":"BreadcrumbList","@id":"https:\/\/equestrian.ca\/fr\/anciens-articles\/canada-equestre-veut-connaitre-votre-opinion-sur-lelaboration-du-programme-canadien-didentification-des-chevaux\/#breadcrumb","itemListElement":[{"@type":"ListItem","position":1,"name":"Home","item":"https:\/\/equestrian.ca\/fr\/"},{"@type":"ListItem","position":2,"name":"Canada \u00c9questre veut conna\u00eetre votre opinion sur l\u2019\u00e9laboration du Programme canadien d\u2019identification des chevaux"}]},{"@type":"WebSite","@id":"https:\/\/equestrian.ca\/fr\/#website","url":"https:\/\/equestrian.ca\/fr\/","name":"Equestrian Canada","description":"For the love of horses and sport for life.","potentialAction":[{"@type":"SearchAction","target":{"@type":"EntryPoint","urlTemplate":"https:\/\/equestrian.ca\/fr\/?s={search_term_string}"},"query-input":{"@type":"PropertyValueSpecification","valueRequired":true,"valueName":"search_term_string"}}],"inLanguage":"fr-CA"},{"@type":"Person","@id":"https:\/\/equestrian.ca\/fr\/#\/schema\/person\/9abd3ba4d1027626b07355668e4ee3ad","name":"Berry","image":{"@type":"ImageObject","inLanguage":"fr-CA","@id":"https:\/\/equestrian.ca\/fr\/#\/schema\/person\/image\/","url":"https:\/\/secure.gravatar.com\/avatar\/882da3b67056b0c608086d3c77de46948b64244a4c249e81e0bf04a8095ce320?s=96&d=mm&r=g","contentUrl":"https:\/\/secure.gravatar.com\/avatar\/882da3b67056b0c608086d3c77de46948b64244a4c249e81e0bf04a8095ce320?s=96&d=mm&r=g","caption":"Berry"},"url":"https:\/\/equestrian.ca\/fr\/author\/mberry\/"}]}},"_links":{"self":[{"href":"https:\/\/equestrian.ca\/fr\/wp-json\/wp\/v2\/posts\/26279","targetHints":{"allow":["GET"]}}],"collection":[{"href":"https:\/\/equestrian.ca\/fr\/wp-json\/wp\/v2\/posts"}],"about":[{"href":"https:\/\/equestrian.ca\/fr\/wp-json\/wp\/v2\/types\/post"}],"author":[{"embeddable":true,"href":"https:\/\/equestrian.ca\/fr\/wp-json\/wp\/v2\/users\/3"}],"replies":[{"embeddable":true,"href":"https:\/\/equestrian.ca\/fr\/wp-json\/wp\/v2\/comments?post=26279"}],"version-history":[{"count":0,"href":"https:\/\/equestrian.ca\/fr\/wp-json\/wp\/v2\/posts\/26279\/revisions"}],"wp:attachment":[{"href":"https:\/\/equestrian.ca\/fr\/wp-json\/wp\/v2\/media?parent=26279"}],"wp:term":[{"taxonomy":"category","embeddable":true,"href":"https:\/\/equestrian.ca\/fr\/wp-json\/wp\/v2\/categories?post=26279"},{"taxonomy":"post_tag","embeddable":true,"href":"https:\/\/equestrian.ca\/fr\/wp-json\/wp\/v2\/tags?post=26279"}],"curies":[{"name":"wp","href":"https:\/\/api.w.org\/{rel}","templated":true}]}}