{"id":26262,"date":"2022-09-17T00:00:00","date_gmt":"2022-09-17T00:00:00","guid":{"rendered":"https:\/\/equestrian.ca\/news\/mise-a-jour-sur-lequipe-canadienne-a-pratoni-et-le-pin-au-haras-le-samedi-17-septembre\/"},"modified":"2022-09-17T00:00:00","modified_gmt":"2022-09-17T00:00:00","slug":"mise-a-jour-sur-lequipe-canadienne-a-pratoni-et-le-pin-au-haras-le-samedi-17-septembre","status":"publish","type":"post","link":"https:\/\/equestrian.ca\/fr\/anciens-articles\/mise-a-jour-sur-lequipe-canadienne-a-pratoni-et-le-pin-au-haras-le-samedi-17-septembre\/","title":{"rendered":"Mise \u00e0 jour sur l\u2019\u00e9quipe canadienne \u00e0 Pratoni et Le Pin-au-Haras \u2013 le samedi 17 septembre"},"content":{"rendered":"<p><img src='\/wp-content\/uploads\/cdn\/storage\/images_v2\/Cyber_PratoniFrance.jpg' alt='Team Canada Pratoni and Le Pin-au-Haras Updates \u2013 Saturday Sept. 17' \/><img src='\/wp-content\/uploads\/cdn\/storage\/images_v2\/Eventing-Pratoni_FRE.jpg' alt='Team Canada Pratoni and Le Pin-au-Haras Updates \u2013 Saturday Sept. 17' \/><\/p>\n<p>Aid\u00e9s par les temp\u00e9ratures plus fra\u00eeches qu\u2019au d\u00e9but de la semaine et accompagn\u00e9s par les acclamations du public tout au long du parcours, 88 couples ont pris le d\u00e9part d\u2019un cross-country unique et astucieux. 72 d\u2019entre eux ont r\u00e9ussi \u00e0 parcourir les 5,6 kilom\u00e8tres parsem\u00e9s de 30 obstacles, dont une pente glissante composant l\u2019\u00e9l\u00e9ment 7ABC.<\/p>\n<p>La vari\u00e9t\u00e9 des obstacles, le choix des pistes et le terrain difficile se sont r\u00e9v\u00e9l\u00e9s trop \u00e9prouvants pour 16 couples qui se sont retir\u00e9s ou ont \u00e9t\u00e9 \u00e9limin\u00e9s. Ce fut le cas de l\u2019un des partants du contingent canadien. Au terme d\u2019une journ\u00e9e ponctu\u00e9e de bons et de mauvais moments, trois membres de l\u2019\u00e9quipe sont aptes \u00e0 participer \u00e0 la derni\u00e8re \u00e9preuve de saut d\u2019obstacles, soit deux places de mieux, 12e sur 16 \u00e9quipes<\/p>\n<p><img src='\/wp-content\/uploads\/cdn\/storage\/images_v2\/MicrosoftTeams-image (70).png' alt='Team Canada Pratoni and Le Pin-au-Haras Updates \u2013 Saturday Sept. 17' \/><\/p>\n<p><i>Hawley Awad et Jollybo<br \/><b>Source <\/b>: Cealy Tetley<\/i><\/p>\n<p><b>Hawley Awad<\/b> (Aldergrove, C.-B.) et Jollybo (Jumbo x Danzig Connection), une Sport Horse britannique de 18 ans dont elle est copropri\u00e9taire avec le Jollybo Syndicate LLC, formaient le troisi\u00e8me couple partant. Apr\u00e8s avoir livr\u00e9 une solide performance, la cavali\u00e8re a pu partager son exp\u00e9rience avec ses co\u00e9quipiers et co\u00e9quipi\u00e8res afin de leur donner un coup de pouce juste avant leur prestation.<\/p>\n<p>\u00ab J\u2019\u00e9tais fi\u00e8re d\u2019\u00eatre la premi\u00e8re partante de l\u2019\u00e9quipe, et fort heureuse qu\u2019ils et elles me fassent confiance \u00bb, a-t-elle dit. \u00ab Jolly est absolument g\u00e9niale. Rendue \u00e0 la glissade, j\u2019ai perdu une r\u00eane et je me suis retrouv\u00e9e avec une seule r\u00eane en main. Un autre cheval qu\u2019elle aurait paniqu\u00e9, mais elle a continu\u00e9 tout droit. Nous avons un lien de confiance in\u00e9branlable. \u00bb<\/p>\n<p>La chef d\u2019\u00e9quipe <b>Rebecca Howard<\/b> \u00e9tait parfaitement d\u2019accord : \u00ab Hawley a fait un excellent travail. C\u2019\u00e9tait tr\u00e8s difficile d\u2019\u00eatre la troisi\u00e8me partante, mais elle a d\u00e9montr\u00e9 que ce parcours \u00e9tait faisable. \u00bb<\/p>\n<p>Elles ont tout franchi sans heurts, en revanche elles ont r\u00e9colt\u00e9 des p\u00e9nalit\u00e9s en raison d\u2019un d\u00e9passement du temps imparti de 9,50 minutes. \u00ab J\u2019ai \u00e9t\u00e9 aussi rapide que j\u2019ai pu et je crois qu\u2019il est presque impossible de le respecter. Toutefois, si je franchissais ce parcours une seconde fois, je corrigerais le tir \u00e0 quelques endroits \u00bb, a expliqu\u00e9 Hawley Awad.<\/p>\n<p>Le couple a obtenu un temps de 10,41, \u00e9quivalant \u00e0 20,4 p\u00e9nalit\u00e9s de temps. Leur r\u00e9sultat de 55,2 leur a permis de rejoindre la 47e place au classement. Elles sont provisoirement en t\u00eate des athl\u00e8tes canadiens.<\/p>\n<p>\u00ab Je suis satisfaite de ce que nous avons accompli. Je termine mes quatri\u00e8mes championnats du monde avec une ronde sans faute, et c\u2019est tr\u00e8s bien, a-t-elle mentionn\u00e9. Bien que la pression soit extr\u00eame, je me concentre toujours sur ce qu\u2019il y a de positif. Je suis ravie que Jolly ait termin\u00e9 le cross-country en forme car nous sommes \u00e0 la veille de la phase de saut d\u2019obstacles et cette \u00e9preuve est un peu plus difficile pour elle. \u00bb<\/p>\n<\/p>\n<p><img src='\/wp-content\/uploads\/cdn\/storage\/images_v2\/MicrosoftTeams-image (71).png' alt='Team Canada Pratoni and Le Pin-au-Haras Updates \u2013 Saturday Sept. 17' \/><\/p>\n<p><i>Karl Slezak et Fernhill Wishes au sommet de la pente glissante de la combinaison 7ABC<br \/><b>Source <\/b>: Shannon Brinkman<\/i><\/p>\n<p>Les seconds Canadiens en piste \u00e9taient <b>Karl Slezak<\/b> (Tottenham, Ont.) et Fernhill Wishes (Chacoa x Gildawn Diamond). Surnomm\u00e9 Chocy, ce Sport Horse irlandais de 13 ans appartient \u00e0 son cavalier, ainsi qu\u2019\u00e0 Kirk Hoppner. Apr\u00e8s avoir connu un tr\u00e8s bon d\u00e9part, ils se sont heurt\u00e9s \u00e0 des difficult\u00e9s au tiers du parcours. Ils ont \u00e9t\u00e9 \u00e9limin\u00e9s en raison de trois refus \u00e0 l\u2019\u00e9l\u00e9ment D, le Fischer Corner de l\u2019obstacle 11.<\/p>\n<p>\u00ab C\u2019est tr\u00e8s d\u00e9cevant \u00bb, a dit l\u2019athl\u00e8te. \u00ab Il galopait bien en avance sur son temps. Puis il a pris conscience de la pr\u00e9sence du public lorsque nous avons atteint la demie du second tournant. Je n\u2019ai pas r\u00e9ussi \u00e0 faire en sorte qu\u2019il se concentre \u00e0 nouveau. \u00bb<\/p>\n<p><img src='\/wp-content\/uploads\/cdn\/storage\/images_v2\/crowd.jpg' alt='Team Canada Pratoni and Le Pin-au-Haras Updates \u2013 Saturday Sept. 17' \/><\/p>\n<p><i><b>Source <\/b>: Cealy Tetley<\/i><\/p>\n<p>Heureuse de pouvoir compter sur une \u00e9quipe pour analyser la situation, Rebecca Howard a l\u2019intention de travailler avec le cavalier afin d\u2019apprendre de cette exp\u00e9rience. \u00ab Malheureusement pour lui, ce n\u2019\u00e9tait pas son jour. Nous allons identifier ce qui n\u2019a pas fonctionn\u00e9. Ce n\u2019\u00e9tait pas cens\u00e9 se passer de cette fa\u00e7on. \u00bb<\/p>\n<p>Karl Slezak et son \u00e9quipe se tournent vers l\u2019avenir afin de remettre les choses en place, bien que ce ne soit pas chose facile apr\u00e8s avoir subi l\u2019\u00e9limination aujourd\u2019hui. \u00ab Nous allons prendre le temps de tout examiner, m\u00eame si nous sommes un peu dans l\u2019incertitude \u00bb, a-t-il ajout\u00e9. \u00ab Je pense qu\u2019il est difficile pour lui de faire face aux spectateurs. Il a besoin de s\u2019y habituer et d\u2019en voir de plus en plus. Or, cela ne se passe pas comme \u00e7a en Am\u00e9rique du Nord. Nous allons devoir nous d\u00e9placer et participer plus souvent \u00e0 de grands concours comme ceux-l\u00e0. \u00bb<\/p>\n<p><img src='\/wp-content\/uploads\/cdn\/storage\/images_v2\/Dana Cooke and Mississippi by Cealy Tetley.jpg' alt='Team Canada Pratoni and Le Pin-au-Haras Updates \u2013 Saturday Sept. 17' \/><\/p>\n<p><i>Dana Cooke et Mississippi<br \/><b>Source <\/b>: Cealy Tetley<\/i><\/p>\n<p><b>Dana Cooke<\/b> (Merritt, C.-B.) et Mississippi (Cassini II x Legaat), une jument d\u2019origine allemande de 12 ans qui appartient au FE Mississippi Syndicate, participent en individuel \u00e0 Pratoni. Elles formaient le troisi\u00e8me couple \u00e0 prendre le d\u00e9part pour le Canada.<\/p>\n<p>Ayant connu des ennuis tout au long du parcours, notamment \u00e0 7C, au bas de la glissade, ainsi qu\u2019\u00e0 l\u2019\u00e9l\u00e9ment D des combinaisons de l\u2019obstacle 21 (Longines Hydroconquest), elles ont termin\u00e9 avec 40 p\u00e9nalit\u00e9s de saut et 28,4 p\u00e9nalit\u00e9s de temps, soit un r\u00e9sultat provisoire de 102,7 avant l\u2019\u00e9preuve de saut d\u2019obstacles de demain.<\/p>\n<p>Dana Cooke a mentionn\u00e9, au moment d\u2019\u00e9valuer son parcours, que sa jument a fait deux d\u00e9robades (d\u00e9duction de 20 points) : \u00ab Ce n\u2019est pas tout \u00e0 fait ce que j\u2019esp\u00e9rais. Il fallait traverser tout \u00e7a sur des r\u00eanes longues, ce qui limite le contr\u00f4le de la monture. Une fois rendues au triple, nous \u00e9tions un peu trop pr\u00e8s. \u00bb<\/p>\n<p>\u00ab M\u00eame chose apr\u00e8s le passage du plan d\u2019eau \u00bb, a-t-elle dit. \u00ab Je croyais que j\u2019\u00e9tais en parfait contr\u00f4le mais elle a fait un \u00e9cart. Toutefois, elle a \u00e9t\u00e9 formidable pour tout le reste. A la fin, je l\u2019ai sentie fatigu\u00e9e, alors je n\u2019ai pas pris de risque. Malgr\u00e9 tout, je l\u2019ai trouv\u00e9e g\u00e9niale, car nous avons r\u00e9ussi \u00e0 nous rendre au bout du parcours! \u00bb<\/p>\n<p>Rebecca Howard a \u00e9valu\u00e9 la prestation de ce couple avec beaucoup d\u2019attention : \u00ab Dana garde toujours la t\u00eate froide. Son plan de match \u00e9tait bien \u00e9labor\u00e9. Les 20 p\u00e9nalit\u00e9s \u00e0 la glissade nous ont r\u00e9ellement surpris. Nul doute que cela a \u00e9t\u00e9 tr\u00e8s frustrant, mais elle a continu\u00e9 de plus belle et s\u2019est battue jusqu\u2019\u00e0 la fin. Elle a tout mis en \u0153uvre pour traverser la ligne d\u2019arriv\u00e9e avec son cheval. \u00bb<\/p>\n<p><img src='\/wp-content\/uploads\/cdn\/storage\/images_v2\/jfgkmjf.jpg' alt='Team Canada Pratoni and Le Pin-au-Haras Updates \u2013 Saturday Sept. 17' \/><\/p>\n<p><i>Holly Jacks et Candy King<br \/><b>Source <\/b>: Cealy Tetley<\/i><\/p>\n<p>La quatri\u00e8me Canadienne dans le box de d\u00e9part \u00e9tait <b>Holly Jacks<\/b> (Pemberton, C.-B.) avec Candy King (Mr J Halim Burford x Moothyeb), un Sport Horse britannique de 12 ans dont elle est copropri\u00e9taire avec Candy King Eventing Limited Partnership.<\/p>\n<p>\u00ab En r\u00e9alit\u00e9, ce fut l\u2019un de nos meilleurs parcours \u00bb, a \u00e9valu\u00e9 la cavali\u00e8re. \u00ab Ce parcours nous a mis sur la voie du succ\u00e8s. On s\u2019est un peu d\u00e9foul\u00e9s en montant la colline, puis j\u2019ai pu le laisser aller et ce fut merveilleux. J\u2019avais l\u2019impression que nous allions au ralenti et tout s\u2019est d\u00e9roul\u00e9 tel que je l\u2019avais pr\u00e9vu. \u00bb<\/p>\n<p>Sachant que les deux couples restants devaient compl\u00e9ter le parcours, le plan pour ce couple a \u00e9t\u00e9 chang\u00e9 juste avant leur entr\u00e9e sur le site. \u00ab Apr\u00e8s Karl, il fallait qu\u2019un couple termine avec le moins de p\u00e9nalit\u00e9s possible \u00e0 l\u2019obstacle \u00bb, a expliqu\u00e9 la chef d\u2019\u00e9quipe \u00e0 propos de l\u2019approche d\u2019Holly Jacks. \u00ab Holly a \u00e9t\u00e9 excellente. Elle a chang\u00e9 son plan, ce qui est difficile \u00e0 faire pour quiconque, et particuli\u00e8rement pour une athl\u00e8te qui vient de se joindre \u00e0 une \u00e9quipe. Elle a super bien travaill\u00e9, son cheval \u00e9tait \u00e0 l\u2019\u00e9coute et ils ont franchi ce parcours de mani\u00e8re remarquable. \u00bb<\/p>\n<p>Holly Jacks s\u2019est impr\u00e9gn\u00e9e de toutes les connaissances qu\u2019elle et son cheval ont acquises dans ce nouvel environnement. \u00ab J\u2019ai fait quelques entorses \u00e0 mon premier plan \u00bb, a-t-elle dit. \u00ab On m\u2019a demand\u00e9 de prendre deux options et c\u2019est ce que j\u2019ai fait. C\u2019est une belle r\u00e9alisation si l\u2019on consid\u00e8re que c\u2019est ma premi\u00e8re participation dans une \u00e9quipe s\u00e9niore \u2013 j\u2019y suis all\u00e9e en confiance, j\u2019ai appris ce qu\u2019il fallait accomplir, et j\u2019ai apport\u00e9 des changements lors de l\u2019\u00e9chauffement, ce qui est difficile pour moi. Mais nous avons termin\u00e9 et c\u2019est ce dont nous avions besoin. \u00bb<\/p>\n<p>Ayant d\u00e9log\u00e9 un rep\u00e8re frangible \u00e0 l\u2019obstacle 19A (SAP Sunken Road), le couple a encouru 11 fautes \u00e0 l\u2019obstacle et 32 p\u00e9nalit\u00e9s de temps, pour terminer avec un r\u00e9sultat de 75,4. Holly Jacks et Candy King sont actuellement le deuxi\u00e8me couple le mieux plac\u00e9 de l\u2019\u00e9quipe canadienne, juste avant leur participation \u00e0 la phase finale de saut d\u2019obstacles qui se d\u00e9roulera demain.&nbsp;<\/p>\n<p><img src='\/wp-content\/uploads\/cdn\/storage\/images_v2\/Mike Winter and El Mundo by Cealy Tetley.jpg' alt='Team Canada Pratoni and Le Pin-au-Haras Updates \u2013 Saturday Sept. 17' \/><\/p>\n<p><i>Mike Winter et El Mundo<br \/><b>Photo Credit<\/b>: Cealy Tetley<\/i><\/p>\n<p><b>Mike Winter<\/b> (Thornhill, Ont.) et El Mundo (H.G K M. Derks, Merselo x Calvaro F.C), un Warmblood n\u00e9erlandais de 13 ans qu\u2019il poss\u00e8de en copropri\u00e9t\u00e9 avec Emma Winter et Jonathan Nelson, \u00e9taient le dernier couple \u00e0 prendre le d\u00e9part pour le Canada.<\/p>\n<p>La chance ne leur a pas souri, puisqu\u2019ils ont commis une erreur \u00e0 l\u2019obstacle triple Strzegom num\u00e9ro 6. Le duo a \u00e9galement essuy\u00e9 un refus tard dans le parcours \u00e0 la pointe 26B, terminant ainsi l\u2019\u00e9preuve avec 31 p\u00e9nalit\u00e9s de saut et 26,4 p\u00e9nalit\u00e9s de temps.<\/p>\n<p>\u00ab Au d\u00e9but, il \u00e9tait excellent \u00bb, a expliqu\u00e9 le cavalier au sujet de sa performance. \u00ab Nous avons grimp\u00e9 la pente avec beaucoup de puissance. On nous avait dit de prendre la voie la plus longue, ce que nous avons fait, et il a tr\u00e8s bien fait \u00e7a. Certains endroits m\u2019inqui\u00e9taient, comme le cercueil et le plan d\u2019eau, mais il a d\u00e9montr\u00e9 beaucoup d\u2019intelligence et \u00e9tait facile \u00e0 manier. \u00bb<\/p>\n<p>Rebecca Howard avait une opinion similaire : \u00ab Le cheval de Mike a travaill\u00e9 sans rel\u00e2che et a fait de superbes choses. Ils \u00e9taient tr\u00e8s bien. Je sais qu\u2019il va \u00eatre tr\u00e8s frustr\u00e9 \u00e0 cause des obstacles de la vingtaine qui lui ont pos\u00e9 probl\u00e8me tard dans le parcours. Il a r\u00e9ussi tous les endroits difficiles, mais s\u2019est moins bien orient\u00e9 vers la fin. Somme toute, il y a beaucoup d\u2019\u00e9l\u00e9ments positifs \u00e0 tirer de sa performance. \u00bb<\/p>\n<p>Malgr\u00e9 la d\u00e9ception, le cavalier est demeur\u00e9 optimiste en vue de la derni\u00e8re journ\u00e9e de concours : \u00ab J\u2019ai un peu l\u2019impression d\u2019avoir laiss\u00e9 tomber mon cheval et sans doute quelques personnes autour de moi, mais j\u2019aime le monter et je suis chanceux de le faire. Je me sens chanceux de pouvoir repr\u00e9senter le Canada ici et je suis heureux que ma famille soit venue encourager Jonathan Nelson et moi. J\u2019ai quand m\u00eame h\u00e2te \u00e0 demain. \u00bb<\/p>\n<p><img src='\/wp-content\/uploads\/cdn\/storage\/images_v2\/MicrosoftTeams-image (72).png' alt='Team Canada Pratoni and Le Pin-au-Haras Updates \u2013 Saturday Sept. 17' \/><\/p>\n<p><i>Vue sur la pente glissante de la combinaison 7ABC de l&rsquo;obstacle B<br \/><b>Source <\/b>: Pippa Roome (L), Tilly Berendt, Eventing Nation (R)<\/i><\/p>\n<p>Pour terminer, Rebecca Howard a partag\u00e9 son opinion sur la situation de l\u2019\u00e9quipe, qui vient tout juste d\u2019achever cette phase unique \u00e0 leur discipline. Ce faisant, elle a \u00e9galement exprim\u00e9 ses espoirs et attentes quant au futur de l\u2019\u00e9quipe canadienne de concours complet.<\/p>\n<p>\u00ab Avant toute chose, je dois dire que c\u2019est super que notre \u00e9quipe puisse passer \u00e0 la phase de demain. Nous avons h\u00e2te d\u2019y concourir en \u00e9quipe. En ce qui concerne l\u2019ar\u00e8ne de saut d\u2019obstacles, j\u2019y suis all\u00e9e lors de la s\u00e9ance de familiarisation et c\u2019est incroyable. Les chevaux y sautent tr\u00e8s bien. \u00bb<\/p>\n<p>La chef d\u2019\u00e9quipe a ajout\u00e9 : \u00ab C\u2019est une comp\u00e9tition difficile et ce n\u2019est pas facile de se rendre ici et de tout faire. Nous avons remarqu\u00e9 quelques \u00e9l\u00e9ments tr\u00e8s positifs et nous allons essayer de poursuivre sur cette lanc\u00e9e. \u00bb<\/p>\n<p>Tout le monde esp\u00e8re assister \u00e0 une belle conclusion demain, \u00e0 la derni\u00e8re \u00e9preuve des championnats. \u00ab Nous avons de tr\u00e8s bons athl\u00e8tes de saut d\u2019obstacles dans l\u2019\u00e9quipe \u00bb, a conclu Rebecca Howard. \u00ab Nous allons donc prendre bien soin d\u2019eux ce soir et esp\u00e9rer \u00eatre en pleine forme demain. \u00bb<\/p>\n<p><img src='\/wp-content\/uploads\/cdn\/storage\/images_v2\/Driving-France_FRE.jpg' alt='Team Canada Pratoni and Le Pin-au-Haras Updates \u2013 Saturday Sept. 17' \/><\/p>\n<p><b>Le Pin-au-Haras (France), le 17 septembre 2022<\/b> \u2013 Le troisi\u00e8me jour des Championnats du monde d\u2019attelage en simple FEI (F\u00e9d\u00e9ration Equestre Internationale), qui sont tenus du 15 au 18 septembre \u00e0 Le Pin-au-Haras, en France, vient de se terminer. 75 duos athl\u00e8te-cheval se sont affront\u00e9s \u00e0 l\u2019\u00e9preuve de marathon, o\u00f9 quatre d\u2019entre eux ont \u00e9t\u00e9 \u00e9limin\u00e9s. Ils seront donc 71 \u00e0 prendre les guides \u00e0 l\u2019\u00e9preuve de maniabilit\u00e9 de demain.<\/p>\n<p>L\u2019\u00e9preuve de marathon des concours combin\u00e9s d\u2019attelage est similaire \u00e0 la phase de cross-country du concours complet. Les meneurs et meneuses doivent parcourir une distance en franchissant des obstacles et en respectant le temps allou\u00e9. Le parcours \u00e9tabli comptait une premi\u00e8re distance de 6 225 m et un temps accord\u00e9 de 28,44. Apr\u00e8s une courte pause, les athl\u00e8tes devaient ensuite affronter huit obstacles, dont deux d\u2019eau, sur une distance de 7 910 m en un temps accord\u00e9 de 33,54.<\/p>\n<p><b>Kelly Houtappels-Bruder<\/b>, une meneuse d\u2019Ariss (Ontario) r\u00e9sidant \u00e0 Steensel (Pays-Bas) et son partenaire Flip (Fidertanz x Carprilli) ont entam\u00e9 l\u2019\u00e9preuve d\u2019aujourd\u2019hui au deuxi\u00e8me rang gr\u00e2ce \u00e0 leur performance en dressage de la veille.&nbsp;<\/p>\n<p><img src='\/wp-content\/uploads\/cdn\/storage\/images_v2\/KHB-Crosscountry.jpg' alt='Team Canada Pratoni and Le Pin-au-Haras Updates \u2013 Saturday Sept. 17' \/><\/p>\n<p><i><b>Source <\/b>: Melanie Guillamot<\/i><\/p>\n<p>\u00ab Flip \u00e9tait fantastique durant le marathon \u00bb, a d\u00e9clar\u00e9 Kelly Houtappels-Bruder. \u00ab Il a malheureusement perdu un fer, ce qui a affect\u00e9 notre performance. Il va bien heureusement et nous avons \u00e9t\u00e9 capables de terminer l\u2019\u00e9preuve sans subir trop de dommages. Nous sommes maintenant troisi\u00e8mes avec moins d\u2019un point de diff\u00e9rence avec la deuxi\u00e8me place. Nous allons nous concentrer sur la phase de maniabilit\u00e9 de demain\u2026 tout peut encore arriver! \u00bb<\/p>\n<p><img src='\/wp-content\/uploads\/cdn\/storage\/images_v2\/MicrosoftTeams-image (73).png' alt='Team Canada Pratoni and Le Pin-au-Haras Updates \u2013 Saturday Sept. 17' \/><\/p>\n<p><i><b>Source <\/b>: Melanie Guillamot<\/i><\/p>\n<p>Avec l\u2019aide de sa navigatrice et groom Meike Paridaans, la meneuse et son Oldenburg de 12 ans, qu\u2019elle poss\u00e8de en copropri\u00e9t\u00e9 avec son mari Frank Houtappels, ont termin\u00e9 la journ\u00e9e avec une note de 95.15 (12e place). Le duo entamera donc la phase de maniabilit\u00e9 de demain au troisi\u00e8me rang du classement g\u00e9n\u00e9ral avec un r\u00e9sultat de 136,74. Le duo compte bien grimper sur le podium pour une deuxi\u00e8me fois. Il a remport\u00e9 l\u2019argent un peu avant 2020, une premi\u00e8re pour le Canada, qui n\u2019avait alors jamais obtenu de m\u00e9daille aux Championnats du monde d\u2019attelage en simple.<\/p>\n<p>Suivez Canada \u00c9questre sur les r\u00e9seaux sociaux pour suivre les performances de Kelly Houtappels-Bruder et Flip.<\/p>\n<p>Pour conna\u00eetre l\u2019horaire et les r\u00e9sultats du duo canadien, veuillez cliquer <a href=\"https:\/\/www.hoefnet.nl\/kalender-uitslagen-startlijsten\/wch-singles-le-pin-au-haras-2022\/\" target=\"_blank\" rel=\"noopener\">ici<\/a>.<\/p>\n<h2>Sur Canada \u00c9questre<\/h2>\n<p>Organe directeur national des sports et de l\u2019industrie \u00e9questres, Canada \u00c9questre (CE) a le mandat de repr\u00e9senter, de promouvoir et de faire progresser tous les int\u00e9r\u00eats \u00e9quins et \u00e9questres. Rassemblant plus de 18\u2009000 titulaires de licence sportive, quelque 90\u2009000 participants inscrits, 11 organismes provinciaux et territoriaux de sport partenaires et plus de 10 organisations nationales affili\u00e9es, CE est un important contributeur \u00e0 la sant\u00e9 sociale, physique, \u00e9motionnelle et financi\u00e8re de l\u2019industrie \u00e9questre canadienne.<\/p>\n<p>Les m\u00e9dias peuvent communiquer avec :<\/p>\n<p>Melanie McLearon<br \/>Directrice, Marketing et communications<br \/><a href=\"mailto:mmclearon@equestrian.ca\" target=\"_blank\" style=\"background-color: white;\" rel=\"noopener\">mmclearon@equestrian.ca<\/a><br \/>Cellulaire : 705-955-7899<\/p>\n","protected":false},"excerpt":{"rendered":"<p>Aid\u00e9s par les temp\u00e9ratures plus fra\u00eeches qu\u2019au d\u00e9but de la semaine et accompagn\u00e9s par les acclamations du public tout au long du parcours, 88 couples ont pris le d\u00e9part d\u2019un cross-country unique et astucieux. 72 d\u2019entre eux ont r\u00e9ussi \u00e0 parcourir les 5,6 kilom\u00e8tres parsem\u00e9s de 30 obstacles, dont une pente glissante composant l\u2019\u00e9l\u00e9ment 7ABC. [&hellip;]<\/p>\n","protected":false},"author":3,"featured_media":4450,"comment_status":"open","ping_status":"open","sticky":false,"template":"","format":"standard","meta":{"_acf_changed":false,"footnotes":""},"categories":[241],"tags":[],"class_list":["post-26262","post","type-post","status-publish","format-standard","has-post-thumbnail","hentry","category-anciens-articles"],"acf":[],"yoast_head":"<!-- This site is optimized with the Yoast SEO plugin v27.0 - https:\/\/yoast.com\/product\/yoast-seo-wordpress\/ -->\n<title>Mise \u00e0 jour sur l\u2019\u00e9quipe canadienne \u00e0 Pratoni et Le Pin-au-Haras \u2013 le samedi 17 septembre - Equestrian Canada<\/title>\n<meta name=\"robots\" content=\"index, follow, max-snippet:-1, max-image-preview:large, max-video-preview:-1\" \/>\n<link rel=\"canonical\" href=\"https:\/\/equestrian.ca\/fr\/anciens-articles\/mise-a-jour-sur-lequipe-canadienne-a-pratoni-et-le-pin-au-haras-le-samedi-17-septembre\/\" \/>\n<meta property=\"og:locale\" content=\"fr_CA\" \/>\n<meta property=\"og:type\" content=\"article\" \/>\n<meta property=\"og:title\" content=\"Mise \u00e0 jour sur l\u2019\u00e9quipe canadienne \u00e0 Pratoni et Le Pin-au-Haras \u2013 le samedi 17 septembre - Equestrian Canada\" \/>\n<meta property=\"og:description\" content=\"Aid\u00e9s par les temp\u00e9ratures plus fra\u00eeches qu\u2019au d\u00e9but de la semaine et accompagn\u00e9s par les acclamations du public tout au long du parcours, 88 couples ont pris le d\u00e9part d\u2019un cross-country unique et astucieux. 72 d\u2019entre eux ont r\u00e9ussi \u00e0 parcourir les 5,6 kilom\u00e8tres parsem\u00e9s de 30 obstacles, dont une pente glissante composant l\u2019\u00e9l\u00e9ment 7ABC. [&hellip;]\" \/>\n<meta property=\"og:url\" content=\"https:\/\/equestrian.ca\/fr\/anciens-articles\/mise-a-jour-sur-lequipe-canadienne-a-pratoni-et-le-pin-au-haras-le-samedi-17-septembre\/\" \/>\n<meta property=\"og:site_name\" content=\"Equestrian Canada\" \/>\n<meta property=\"article:published_time\" content=\"2022-09-17T00:00:00+00:00\" \/>\n<meta property=\"og:image\" content=\"https:\/\/equestrian.ca\/wp-content\/uploads\/2023\/09\/MicrosoftTeams-image-70.png\" \/>\n\t<meta property=\"og:image:width\" content=\"992\" \/>\n\t<meta property=\"og:image:height\" content=\"985\" \/>\n\t<meta property=\"og:image:type\" content=\"image\/jpeg\" \/>\n<meta name=\"author\" content=\"Berry\" \/>\n<meta name=\"twitter:card\" content=\"summary_large_image\" \/>\n<meta name=\"twitter:label1\" content=\"\u00c9crit par\" \/>\n\t<meta name=\"twitter:data1\" content=\"Berry\" \/>\n\t<meta name=\"twitter:label2\" content=\"Estimation du temps de lecture\" \/>\n\t<meta name=\"twitter:data2\" content=\"13 minutes\" \/>\n<script type=\"application\/ld+json\" class=\"yoast-schema-graph\">{\"@context\":\"https:\/\/schema.org\",\"@graph\":[{\"@type\":\"Article\",\"@id\":\"https:\/\/equestrian.ca\/fr\/anciens-articles\/mise-a-jour-sur-lequipe-canadienne-a-pratoni-et-le-pin-au-haras-le-samedi-17-septembre\/#article\",\"isPartOf\":{\"@id\":\"https:\/\/equestrian.ca\/fr\/anciens-articles\/mise-a-jour-sur-lequipe-canadienne-a-pratoni-et-le-pin-au-haras-le-samedi-17-septembre\/\"},\"author\":{\"name\":\"Berry\",\"@id\":\"https:\/\/equestrian.ca\/fr\/#\/schema\/person\/9abd3ba4d1027626b07355668e4ee3ad\"},\"headline\":\"Mise \u00e0 jour sur l\u2019\u00e9quipe canadienne \u00e0 Pratoni et Le Pin-au-Haras \u2013 le samedi 17 septembre\",\"datePublished\":\"2022-09-17T00:00:00+00:00\",\"mainEntityOfPage\":{\"@id\":\"https:\/\/equestrian.ca\/fr\/anciens-articles\/mise-a-jour-sur-lequipe-canadienne-a-pratoni-et-le-pin-au-haras-le-samedi-17-septembre\/\"},\"wordCount\":2653,\"commentCount\":0,\"image\":{\"@id\":\"https:\/\/equestrian.ca\/fr\/anciens-articles\/mise-a-jour-sur-lequipe-canadienne-a-pratoni-et-le-pin-au-haras-le-samedi-17-septembre\/#primaryimage\"},\"thumbnailUrl\":\"https:\/\/equestrian.ca\/wp-content\/uploads\/2023\/09\/MicrosoftTeams-image-70.png\",\"articleSection\":[\"Anciens articles\"],\"inLanguage\":\"fr-CA\",\"potentialAction\":[{\"@type\":\"CommentAction\",\"name\":\"Comment\",\"target\":[\"https:\/\/equestrian.ca\/fr\/anciens-articles\/mise-a-jour-sur-lequipe-canadienne-a-pratoni-et-le-pin-au-haras-le-samedi-17-septembre\/#respond\"]}]},{\"@type\":\"WebPage\",\"@id\":\"https:\/\/equestrian.ca\/fr\/anciens-articles\/mise-a-jour-sur-lequipe-canadienne-a-pratoni-et-le-pin-au-haras-le-samedi-17-septembre\/\",\"url\":\"https:\/\/equestrian.ca\/fr\/anciens-articles\/mise-a-jour-sur-lequipe-canadienne-a-pratoni-et-le-pin-au-haras-le-samedi-17-septembre\/\",\"name\":\"Mise \u00e0 jour sur l\u2019\u00e9quipe canadienne \u00e0 Pratoni et Le Pin-au-Haras \u2013 le samedi 17 septembre - Equestrian Canada\",\"isPartOf\":{\"@id\":\"https:\/\/equestrian.ca\/fr\/#website\"},\"primaryImageOfPage\":{\"@id\":\"https:\/\/equestrian.ca\/fr\/anciens-articles\/mise-a-jour-sur-lequipe-canadienne-a-pratoni-et-le-pin-au-haras-le-samedi-17-septembre\/#primaryimage\"},\"image\":{\"@id\":\"https:\/\/equestrian.ca\/fr\/anciens-articles\/mise-a-jour-sur-lequipe-canadienne-a-pratoni-et-le-pin-au-haras-le-samedi-17-septembre\/#primaryimage\"},\"thumbnailUrl\":\"https:\/\/equestrian.ca\/wp-content\/uploads\/2023\/09\/MicrosoftTeams-image-70.png\",\"datePublished\":\"2022-09-17T00:00:00+00:00\",\"author\":{\"@id\":\"https:\/\/equestrian.ca\/fr\/#\/schema\/person\/9abd3ba4d1027626b07355668e4ee3ad\"},\"breadcrumb\":{\"@id\":\"https:\/\/equestrian.ca\/fr\/anciens-articles\/mise-a-jour-sur-lequipe-canadienne-a-pratoni-et-le-pin-au-haras-le-samedi-17-septembre\/#breadcrumb\"},\"inLanguage\":\"fr-CA\",\"potentialAction\":[{\"@type\":\"ReadAction\",\"target\":[\"https:\/\/equestrian.ca\/fr\/anciens-articles\/mise-a-jour-sur-lequipe-canadienne-a-pratoni-et-le-pin-au-haras-le-samedi-17-septembre\/\"]}]},{\"@type\":\"ImageObject\",\"inLanguage\":\"fr-CA\",\"@id\":\"https:\/\/equestrian.ca\/fr\/anciens-articles\/mise-a-jour-sur-lequipe-canadienne-a-pratoni-et-le-pin-au-haras-le-samedi-17-septembre\/#primaryimage\",\"url\":\"https:\/\/equestrian.ca\/wp-content\/uploads\/2023\/09\/MicrosoftTeams-image-70.png\",\"contentUrl\":\"https:\/\/equestrian.ca\/wp-content\/uploads\/2023\/09\/MicrosoftTeams-image-70.png\",\"width\":992,\"height\":985},{\"@type\":\"BreadcrumbList\",\"@id\":\"https:\/\/equestrian.ca\/fr\/anciens-articles\/mise-a-jour-sur-lequipe-canadienne-a-pratoni-et-le-pin-au-haras-le-samedi-17-septembre\/#breadcrumb\",\"itemListElement\":[{\"@type\":\"ListItem\",\"position\":1,\"name\":\"Home\",\"item\":\"https:\/\/equestrian.ca\/fr\/\"},{\"@type\":\"ListItem\",\"position\":2,\"name\":\"Mise \u00e0 jour sur l\u2019\u00e9quipe canadienne \u00e0 Pratoni et Le Pin-au-Haras \u2013 le samedi 17 septembre\"}]},{\"@type\":\"WebSite\",\"@id\":\"https:\/\/equestrian.ca\/fr\/#website\",\"url\":\"https:\/\/equestrian.ca\/fr\/\",\"name\":\"Equestrian Canada\",\"description\":\"For the love of horses and sport for life.\",\"potentialAction\":[{\"@type\":\"SearchAction\",\"target\":{\"@type\":\"EntryPoint\",\"urlTemplate\":\"https:\/\/equestrian.ca\/fr\/?s={search_term_string}\"},\"query-input\":{\"@type\":\"PropertyValueSpecification\",\"valueRequired\":true,\"valueName\":\"search_term_string\"}}],\"inLanguage\":\"fr-CA\"},{\"@type\":\"Person\",\"@id\":\"https:\/\/equestrian.ca\/fr\/#\/schema\/person\/9abd3ba4d1027626b07355668e4ee3ad\",\"name\":\"Berry\",\"image\":{\"@type\":\"ImageObject\",\"inLanguage\":\"fr-CA\",\"@id\":\"https:\/\/equestrian.ca\/fr\/#\/schema\/person\/image\/\",\"url\":\"https:\/\/secure.gravatar.com\/avatar\/882da3b67056b0c608086d3c77de46948b64244a4c249e81e0bf04a8095ce320?s=96&d=mm&r=g\",\"contentUrl\":\"https:\/\/secure.gravatar.com\/avatar\/882da3b67056b0c608086d3c77de46948b64244a4c249e81e0bf04a8095ce320?s=96&d=mm&r=g\",\"caption\":\"Berry\"},\"url\":\"https:\/\/equestrian.ca\/fr\/author\/mberry\/\"}]}<\/script>\n<!-- \/ Yoast SEO plugin. -->","yoast_head_json":{"title":"Mise \u00e0 jour sur l\u2019\u00e9quipe canadienne \u00e0 Pratoni et Le Pin-au-Haras \u2013 le samedi 17 septembre - Equestrian Canada","robots":{"index":"index","follow":"follow","max-snippet":"max-snippet:-1","max-image-preview":"max-image-preview:large","max-video-preview":"max-video-preview:-1"},"canonical":"https:\/\/equestrian.ca\/fr\/anciens-articles\/mise-a-jour-sur-lequipe-canadienne-a-pratoni-et-le-pin-au-haras-le-samedi-17-septembre\/","og_locale":"fr_CA","og_type":"article","og_title":"Mise \u00e0 jour sur l\u2019\u00e9quipe canadienne \u00e0 Pratoni et Le Pin-au-Haras \u2013 le samedi 17 septembre - Equestrian Canada","og_description":"Aid\u00e9s par les temp\u00e9ratures plus fra\u00eeches qu\u2019au d\u00e9but de la semaine et accompagn\u00e9s par les acclamations du public tout au long du parcours, 88 couples ont pris le d\u00e9part d\u2019un cross-country unique et astucieux. 72 d\u2019entre eux ont r\u00e9ussi \u00e0 parcourir les 5,6 kilom\u00e8tres parsem\u00e9s de 30 obstacles, dont une pente glissante composant l\u2019\u00e9l\u00e9ment 7ABC. [&hellip;]","og_url":"https:\/\/equestrian.ca\/fr\/anciens-articles\/mise-a-jour-sur-lequipe-canadienne-a-pratoni-et-le-pin-au-haras-le-samedi-17-septembre\/","og_site_name":"Equestrian Canada","article_published_time":"2022-09-17T00:00:00+00:00","og_image":[{"width":992,"height":985,"url":"https:\/\/equestrian.ca\/wp-content\/uploads\/2023\/09\/MicrosoftTeams-image-70.png","type":"image\/jpeg"}],"author":"Berry","twitter_card":"summary_large_image","twitter_misc":{"\u00c9crit par":"Berry","Estimation du temps de lecture":"13 minutes"},"schema":{"@context":"https:\/\/schema.org","@graph":[{"@type":"Article","@id":"https:\/\/equestrian.ca\/fr\/anciens-articles\/mise-a-jour-sur-lequipe-canadienne-a-pratoni-et-le-pin-au-haras-le-samedi-17-septembre\/#article","isPartOf":{"@id":"https:\/\/equestrian.ca\/fr\/anciens-articles\/mise-a-jour-sur-lequipe-canadienne-a-pratoni-et-le-pin-au-haras-le-samedi-17-septembre\/"},"author":{"name":"Berry","@id":"https:\/\/equestrian.ca\/fr\/#\/schema\/person\/9abd3ba4d1027626b07355668e4ee3ad"},"headline":"Mise \u00e0 jour sur l\u2019\u00e9quipe canadienne \u00e0 Pratoni et Le Pin-au-Haras \u2013 le samedi 17 septembre","datePublished":"2022-09-17T00:00:00+00:00","mainEntityOfPage":{"@id":"https:\/\/equestrian.ca\/fr\/anciens-articles\/mise-a-jour-sur-lequipe-canadienne-a-pratoni-et-le-pin-au-haras-le-samedi-17-septembre\/"},"wordCount":2653,"commentCount":0,"image":{"@id":"https:\/\/equestrian.ca\/fr\/anciens-articles\/mise-a-jour-sur-lequipe-canadienne-a-pratoni-et-le-pin-au-haras-le-samedi-17-septembre\/#primaryimage"},"thumbnailUrl":"https:\/\/equestrian.ca\/wp-content\/uploads\/2023\/09\/MicrosoftTeams-image-70.png","articleSection":["Anciens articles"],"inLanguage":"fr-CA","potentialAction":[{"@type":"CommentAction","name":"Comment","target":["https:\/\/equestrian.ca\/fr\/anciens-articles\/mise-a-jour-sur-lequipe-canadienne-a-pratoni-et-le-pin-au-haras-le-samedi-17-septembre\/#respond"]}]},{"@type":"WebPage","@id":"https:\/\/equestrian.ca\/fr\/anciens-articles\/mise-a-jour-sur-lequipe-canadienne-a-pratoni-et-le-pin-au-haras-le-samedi-17-septembre\/","url":"https:\/\/equestrian.ca\/fr\/anciens-articles\/mise-a-jour-sur-lequipe-canadienne-a-pratoni-et-le-pin-au-haras-le-samedi-17-septembre\/","name":"Mise \u00e0 jour sur l\u2019\u00e9quipe canadienne \u00e0 Pratoni et Le Pin-au-Haras \u2013 le samedi 17 septembre - Equestrian Canada","isPartOf":{"@id":"https:\/\/equestrian.ca\/fr\/#website"},"primaryImageOfPage":{"@id":"https:\/\/equestrian.ca\/fr\/anciens-articles\/mise-a-jour-sur-lequipe-canadienne-a-pratoni-et-le-pin-au-haras-le-samedi-17-septembre\/#primaryimage"},"image":{"@id":"https:\/\/equestrian.ca\/fr\/anciens-articles\/mise-a-jour-sur-lequipe-canadienne-a-pratoni-et-le-pin-au-haras-le-samedi-17-septembre\/#primaryimage"},"thumbnailUrl":"https:\/\/equestrian.ca\/wp-content\/uploads\/2023\/09\/MicrosoftTeams-image-70.png","datePublished":"2022-09-17T00:00:00+00:00","author":{"@id":"https:\/\/equestrian.ca\/fr\/#\/schema\/person\/9abd3ba4d1027626b07355668e4ee3ad"},"breadcrumb":{"@id":"https:\/\/equestrian.ca\/fr\/anciens-articles\/mise-a-jour-sur-lequipe-canadienne-a-pratoni-et-le-pin-au-haras-le-samedi-17-septembre\/#breadcrumb"},"inLanguage":"fr-CA","potentialAction":[{"@type":"ReadAction","target":["https:\/\/equestrian.ca\/fr\/anciens-articles\/mise-a-jour-sur-lequipe-canadienne-a-pratoni-et-le-pin-au-haras-le-samedi-17-septembre\/"]}]},{"@type":"ImageObject","inLanguage":"fr-CA","@id":"https:\/\/equestrian.ca\/fr\/anciens-articles\/mise-a-jour-sur-lequipe-canadienne-a-pratoni-et-le-pin-au-haras-le-samedi-17-septembre\/#primaryimage","url":"https:\/\/equestrian.ca\/wp-content\/uploads\/2023\/09\/MicrosoftTeams-image-70.png","contentUrl":"https:\/\/equestrian.ca\/wp-content\/uploads\/2023\/09\/MicrosoftTeams-image-70.png","width":992,"height":985},{"@type":"BreadcrumbList","@id":"https:\/\/equestrian.ca\/fr\/anciens-articles\/mise-a-jour-sur-lequipe-canadienne-a-pratoni-et-le-pin-au-haras-le-samedi-17-septembre\/#breadcrumb","itemListElement":[{"@type":"ListItem","position":1,"name":"Home","item":"https:\/\/equestrian.ca\/fr\/"},{"@type":"ListItem","position":2,"name":"Mise \u00e0 jour sur l\u2019\u00e9quipe canadienne \u00e0 Pratoni et Le Pin-au-Haras \u2013 le samedi 17 septembre"}]},{"@type":"WebSite","@id":"https:\/\/equestrian.ca\/fr\/#website","url":"https:\/\/equestrian.ca\/fr\/","name":"Equestrian Canada","description":"For the love of horses and sport for life.","potentialAction":[{"@type":"SearchAction","target":{"@type":"EntryPoint","urlTemplate":"https:\/\/equestrian.ca\/fr\/?s={search_term_string}"},"query-input":{"@type":"PropertyValueSpecification","valueRequired":true,"valueName":"search_term_string"}}],"inLanguage":"fr-CA"},{"@type":"Person","@id":"https:\/\/equestrian.ca\/fr\/#\/schema\/person\/9abd3ba4d1027626b07355668e4ee3ad","name":"Berry","image":{"@type":"ImageObject","inLanguage":"fr-CA","@id":"https:\/\/equestrian.ca\/fr\/#\/schema\/person\/image\/","url":"https:\/\/secure.gravatar.com\/avatar\/882da3b67056b0c608086d3c77de46948b64244a4c249e81e0bf04a8095ce320?s=96&d=mm&r=g","contentUrl":"https:\/\/secure.gravatar.com\/avatar\/882da3b67056b0c608086d3c77de46948b64244a4c249e81e0bf04a8095ce320?s=96&d=mm&r=g","caption":"Berry"},"url":"https:\/\/equestrian.ca\/fr\/author\/mberry\/"}]}},"_links":{"self":[{"href":"https:\/\/equestrian.ca\/fr\/wp-json\/wp\/v2\/posts\/26262","targetHints":{"allow":["GET"]}}],"collection":[{"href":"https:\/\/equestrian.ca\/fr\/wp-json\/wp\/v2\/posts"}],"about":[{"href":"https:\/\/equestrian.ca\/fr\/wp-json\/wp\/v2\/types\/post"}],"author":[{"embeddable":true,"href":"https:\/\/equestrian.ca\/fr\/wp-json\/wp\/v2\/users\/3"}],"replies":[{"embeddable":true,"href":"https:\/\/equestrian.ca\/fr\/wp-json\/wp\/v2\/comments?post=26262"}],"version-history":[{"count":0,"href":"https:\/\/equestrian.ca\/fr\/wp-json\/wp\/v2\/posts\/26262\/revisions"}],"wp:featuredmedia":[{"embeddable":true,"href":"https:\/\/equestrian.ca\/fr\/wp-json\/wp\/v2\/media\/4450"}],"wp:attachment":[{"href":"https:\/\/equestrian.ca\/fr\/wp-json\/wp\/v2\/media?parent=26262"}],"wp:term":[{"taxonomy":"category","embeddable":true,"href":"https:\/\/equestrian.ca\/fr\/wp-json\/wp\/v2\/categories?post=26262"},{"taxonomy":"post_tag","embeddable":true,"href":"https:\/\/equestrian.ca\/fr\/wp-json\/wp\/v2\/tags?post=26262"}],"curies":[{"name":"wp","href":"https:\/\/api.w.org\/{rel}","templated":true}]}}