{"id":26218,"date":"2021-11-18T00:00:00","date_gmt":"2021-11-18T00:00:00","guid":{"rendered":"https:\/\/equestrian.ca\/news\/la-communaute-des-maritimes-celebre-cet-automne-les-50-ans-de-leur-concours-annuel-du-printemps\/"},"modified":"2021-11-18T00:00:00","modified_gmt":"2021-11-18T00:00:00","slug":"la-communaute-des-maritimes-celebre-cet-automne-les-50-ans-de-leur-concours-annuel-du-printemps","status":"publish","type":"post","link":"https:\/\/equestrian.ca\/fr\/anciens-articles\/la-communaute-des-maritimes-celebre-cet-automne-les-50-ans-de-leur-concours-annuel-du-printemps\/","title":{"rendered":"La communaut\u00e9 des Maritimes c\u00e9l\u00e8bre cet automne les 50 ans de leur concours annuel du printemps"},"content":{"rendered":"<p>Fond\u00e9 par Harry et Ann Ainsworth pour venir en appui au Lions Club, le concours a \u00e9t\u00e9 g\u00e9n\u00e9reusement transmis au Avon Pony Club d\u00e8s la cr\u00e9ation de ce dernier, en 1972. Avant son transfert, il \u00e9tait quelque peu diff\u00e9rent, et mettait en sc\u00e8ne tant l\u2019\u00e9quitation classique que l\u2019\u00e9quitation western. Les droits des juges pour le week-end s\u2019\u00e9levaient \u00e0 aussi peu que 75 $, et les droits d\u2019inscription n\u2019\u00e9taient que de 2,00 $, plus 0,50 $ par \u00e9preuve.<\/p>\n<p>Les profits tir\u00e9s du concours d\u2019ouverture permettaient au club de louer l\u2019\u00e9table utilis\u00e9e pour l\u2019exposition du Windsor Exhibition Grounds, offrant ainsi un endroit d\u00e9di\u00e9 \u00e0 la pr\u00e9paration des enfants souhaitant concourir avec leurs poneys. \u00c0 ce jour, la Spring Competition repr\u00e9sente encore la collecte de fonds la plus fructueuse du Avon Pony Club. Par ailleurs, tous les profits servent \u00e0 financer sa programmation annuelle de le\u00e7ons, conf\u00e9rences, contr\u00f4les et comp\u00e9titions en \u00e9quipe.<\/p>\n<p><img src='\/wp-content\/uploads\/cdn\/storage\/images_v2\/JorjaOulton_ReeceLindsay_SofiaDickie.JPG' alt='Maritimes community celebrates its 50th year hosting spring competition in the fall' \/><\/p>\n<p><i>Jorja Oulton, Reece Lindsay et Sofia Dickie se font photographier avec leurs rubans.<br \/><b>Source <\/b>: Jennifer Lindsay<\/i><\/p>\n<p>Le Windsor Spring Horse Show, l\u2019un des plus anciens concours au Canada, a vu concourir parents, anciens \u00e9l\u00e8ves et enfants, tous plus enthousiastes les uns que les autres \u00e0 l\u2019id\u00e9e de c\u00e9l\u00e9brer son 50<sup>e<\/sup> anniversaire. Toutefois, ne faisant pas exception \u00e0 la r\u00e8gle en ce qui concerne les circonstances des 18 derniers mois, l\u2019\u00e9v\u00e9nement qui se d\u00e9roulait habituellement lors du long week-end de mai a d\u00fb \u00eatre d\u00e9plac\u00e9 au week-end du 14 au 17 octobre 2021.<\/p>\n<p>L\u2019organisatrice de l\u2019exposition, Carrie MacDonald, ainsi que le comit\u00e9, ont tout de m\u00eame su demeurer optimistes malgr\u00e9 les d\u00e9fis auxquels ils ont \u00e9t\u00e9 confront\u00e9s au cours de la derni\u00e8re ann\u00e9e. \u00ab\u2009Apr\u00e8s deux changements de date en raison de la pand\u00e9mie ainsi que des restrictions impos\u00e9es par le gouvernement, nous avons \u00e9t\u00e9 en mesure d\u2019organiser un concours qui a bel et bien au lieu \u00e0 l\u2019automne. Nos commanditaires ont \u00e9t\u00e9 tr\u00e8s compr\u00e9hensifs et nous ont offert leur appui.\u2009\u00bb M<sup>me<\/sup> MacDonald se montre reconnaissante du soutien de la communaut\u00e9 : \u00ab\u2009Tous nos officiels et officielles \u00e9taient soit d\u2019anciens concurrents et concurrentes, soit d\u2019anciens et anciennes du club, tout comme bon nombre de nos entra\u00eeneurs et entra\u00eeneures. En plus de faire office d\u2019activit\u00e9 de financement pour le club, ce concours rev\u00eat une importance capitale pour notre communaut\u00e9.\u2009\u00bb&nbsp;<\/p>\n<p><img src='\/wp-content\/uploads\/cdn\/storage\/images_v2\/HunterDerbyBuild.jpg' alt='Maritimes community celebrates its 50th year hosting spring competition in the fall' \/><\/p>\n<p><i>Des employ\u00e9(e)s et des b\u00e9n\u00e9voles b\u00e2tissent le parcours du Hunter Derby du Windsor Spring Horse Show.<br \/><b>Source <\/b>: Jennifer Lindsay<\/i><\/p>\n<p>Le comit\u00e9 reconna\u00eet que la long\u00e9vit\u00e9 du soutien est en partie attribuable au fait que les Maritimes forment une communaut\u00e9 tr\u00e8s unie. \u00ab\u2009C\u2019est incroyable lorsqu\u2019on r\u00e9fl\u00e9chit au nombre de personnes qui ont pris part \u00e0 ce concours au cours des 50 derni\u00e8res ann\u00e9es\u2009\u00bb, a d\u00e9clar\u00e9 M<sup>me<\/sup> MacDonald. \u00ab\u2009Nous avons pu compter sur le soutien inconditionnel de partisans et partisanes tels que Willowbank Farms (famille Johnson), Mary Henry, Jill Barker, Kevin Crosby, Sandra West Conrad, Judy Covert, Jill Cocheran Swain et bien d\u2019autres.\u2009\u00bb <\/p>\n<p>Le concours a conserv\u00e9 de nombreuses traditions des premi\u00e8res ann\u00e9es (p. ex., les chevaux d\u2019\u00e9levages des Maritimes), et a su pr\u00e9server sa fid\u00e9lit\u00e9, son esprit sportif et son caract\u00e8re \u00e0 travers le temps. Cette ann\u00e9e a vu na\u00eetre une nouvelle tradition avec l\u2019\u00e9preuve Mary Henry Pony Hunter. Mary, bien connue pour sa longue carri\u00e8re d\u2019entra\u00eeneure de poneys de chasse et d\u2019instructrice en chef du club de poneys, est d\u2019ailleurs l\u2019une des fondatrices du club. Les familles Henry et Pratt ont \u00e9galement g\u00e9n\u00e9reusement appuy\u00e9 cette \u00e9preuve. Malgr\u00e9 ses 84 ans, Mary est toujours impliqu\u00e9e et a d\u2019ailleurs form\u00e9 trois concurrents, dont les parents sont d\u2019anciens ou anciennes \u00e9l\u00e8ves, en vue du concours de cette ann\u00e9e. <\/p>\n<p>Par ailleurs, la Spring Competition sera de retour \u00e0 sa date habituelle en 2022, au plus grand bonheur de la fondatrice : \u00ab\u2009Certains participants et participantes repr\u00e9sentent la troisi\u00e8me g\u00e9n\u00e9ration d\u2019une m\u00eame famille de concurrents et concurrentes et, m\u00eame si nous reviendrons en mai l\u2019an prochain, nous avons trouv\u00e9 int\u00e9ressant que notre \u00e9v\u00e9nement cl\u00f4ture la saison de concours de cette ann\u00e9e.\u2009\u00bb Apr\u00e8s de nombreux retards, le fait d\u2019avoir d\u00fb tout reporter en octobre en vue de c\u00e9l\u00e9brer 50 incroyables ann\u00e9es en termes d\u2019\u00e9quitation et d\u2019esprit de communaut\u00e9 est devenu un excellent moyen de clore la saison 2021. <\/p>\n<\/p>\n<p>Fourni par : Melissa Roy (Avon Pony Club Alum), Jennifer Lindsay (Avon Pony Club Alum)<br \/>Contenu de : A serious history lesson de M<sup>me<\/sup> Mary Henry<\/p>\n","protected":false},"excerpt":{"rendered":"<p>Fond\u00e9 par Harry et Ann Ainsworth pour venir en appui au Lions Club, le concours a \u00e9t\u00e9 g\u00e9n\u00e9reusement transmis au Avon Pony Club d\u00e8s la cr\u00e9ation de ce dernier, en 1972. Avant son transfert, il \u00e9tait quelque peu diff\u00e9rent, et mettait en sc\u00e8ne tant l\u2019\u00e9quitation classique que l\u2019\u00e9quitation western. Les droits des juges pour le [&hellip;]<\/p>\n","protected":false},"author":3,"featured_media":4389,"comment_status":"open","ping_status":"open","sticky":false,"template":"","format":"standard","meta":{"_acf_changed":false,"rs_blank_template":"","rs_page_bg_color":"","slide_template_v7":"","footnotes":""},"categories":[241],"tags":[],"class_list":["post-26218","post","type-post","status-publish","format-standard","has-post-thumbnail","hentry","category-anciens-articles"],"acf":[],"yoast_head":"<!-- This site is optimized with the Yoast SEO plugin v27.0 - https:\/\/yoast.com\/product\/yoast-seo-wordpress\/ -->\n<title>La communaut\u00e9 des Maritimes c\u00e9l\u00e8bre cet automne les 50 ans de leur concours annuel du printemps - Equestrian Canada<\/title>\n<meta name=\"robots\" content=\"index, follow, max-snippet:-1, max-image-preview:large, max-video-preview:-1\" \/>\n<link rel=\"canonical\" href=\"https:\/\/equestrian.ca\/fr\/anciens-articles\/la-communaute-des-maritimes-celebre-cet-automne-les-50-ans-de-leur-concours-annuel-du-printemps\/\" \/>\n<meta property=\"og:locale\" content=\"fr_CA\" \/>\n<meta property=\"og:type\" content=\"article\" \/>\n<meta property=\"og:title\" content=\"La communaut\u00e9 des Maritimes c\u00e9l\u00e8bre cet automne les 50 ans de leur concours annuel du printemps - Equestrian Canada\" \/>\n<meta property=\"og:description\" content=\"Fond\u00e9 par Harry et Ann Ainsworth pour venir en appui au Lions Club, le concours a \u00e9t\u00e9 g\u00e9n\u00e9reusement transmis au Avon Pony Club d\u00e8s la cr\u00e9ation de ce dernier, en 1972. Avant son transfert, il \u00e9tait quelque peu diff\u00e9rent, et mettait en sc\u00e8ne tant l\u2019\u00e9quitation classique que l\u2019\u00e9quitation western. Les droits des juges pour le [&hellip;]\" \/>\n<meta property=\"og:url\" content=\"https:\/\/equestrian.ca\/fr\/anciens-articles\/la-communaute-des-maritimes-celebre-cet-automne-les-50-ans-de-leur-concours-annuel-du-printemps\/\" \/>\n<meta property=\"og:site_name\" content=\"Equestrian Canada\" \/>\n<meta property=\"article:published_time\" content=\"2021-11-18T00:00:00+00:00\" \/>\n<meta property=\"og:image\" content=\"https:\/\/equestrian.ca\/wp-content\/uploads\/2023\/09\/JorjaOulton_ReeceLindsay_SofiaDickie.jpg\" \/>\n\t<meta property=\"og:image:width\" content=\"1024\" \/>\n\t<meta property=\"og:image:height\" content=\"768\" \/>\n\t<meta property=\"og:image:type\" content=\"image\/jpeg\" \/>\n<meta name=\"author\" content=\"Berry\" \/>\n<meta name=\"twitter:card\" content=\"summary_large_image\" \/>\n<meta name=\"twitter:label1\" content=\"\u00c9crit par\" \/>\n\t<meta name=\"twitter:data1\" content=\"Berry\" \/>\n\t<meta name=\"twitter:label2\" content=\"Estimation du temps de lecture\" \/>\n\t<meta name=\"twitter:data2\" content=\"4 minutes\" \/>\n<script type=\"application\/ld+json\" class=\"yoast-schema-graph\">{\"@context\":\"https:\/\/schema.org\",\"@graph\":[{\"@type\":\"Article\",\"@id\":\"https:\/\/equestrian.ca\/fr\/anciens-articles\/la-communaute-des-maritimes-celebre-cet-automne-les-50-ans-de-leur-concours-annuel-du-printemps\/#article\",\"isPartOf\":{\"@id\":\"https:\/\/equestrian.ca\/fr\/anciens-articles\/la-communaute-des-maritimes-celebre-cet-automne-les-50-ans-de-leur-concours-annuel-du-printemps\/\"},\"author\":{\"name\":\"Berry\",\"@id\":\"https:\/\/equestrian.ca\/fr\/#\/schema\/person\/9abd3ba4d1027626b07355668e4ee3ad\"},\"headline\":\"La communaut\u00e9 des Maritimes c\u00e9l\u00e8bre cet automne les 50 ans de leur concours annuel du printemps\",\"datePublished\":\"2021-11-18T00:00:00+00:00\",\"mainEntityOfPage\":{\"@id\":\"https:\/\/equestrian.ca\/fr\/anciens-articles\/la-communaute-des-maritimes-celebre-cet-automne-les-50-ans-de-leur-concours-annuel-du-printemps\/\"},\"wordCount\":812,\"commentCount\":0,\"image\":{\"@id\":\"https:\/\/equestrian.ca\/fr\/anciens-articles\/la-communaute-des-maritimes-celebre-cet-automne-les-50-ans-de-leur-concours-annuel-du-printemps\/#primaryimage\"},\"thumbnailUrl\":\"https:\/\/equestrian.ca\/wp-content\/uploads\/2023\/09\/JorjaOulton_ReeceLindsay_SofiaDickie.jpg\",\"articleSection\":[\"Anciens articles\"],\"inLanguage\":\"fr-CA\",\"potentialAction\":[{\"@type\":\"CommentAction\",\"name\":\"Comment\",\"target\":[\"https:\/\/equestrian.ca\/fr\/anciens-articles\/la-communaute-des-maritimes-celebre-cet-automne-les-50-ans-de-leur-concours-annuel-du-printemps\/#respond\"]}]},{\"@type\":\"WebPage\",\"@id\":\"https:\/\/equestrian.ca\/fr\/anciens-articles\/la-communaute-des-maritimes-celebre-cet-automne-les-50-ans-de-leur-concours-annuel-du-printemps\/\",\"url\":\"https:\/\/equestrian.ca\/fr\/anciens-articles\/la-communaute-des-maritimes-celebre-cet-automne-les-50-ans-de-leur-concours-annuel-du-printemps\/\",\"name\":\"La communaut\u00e9 des Maritimes c\u00e9l\u00e8bre cet automne les 50 ans de leur concours annuel du printemps - Equestrian Canada\",\"isPartOf\":{\"@id\":\"https:\/\/equestrian.ca\/fr\/#website\"},\"primaryImageOfPage\":{\"@id\":\"https:\/\/equestrian.ca\/fr\/anciens-articles\/la-communaute-des-maritimes-celebre-cet-automne-les-50-ans-de-leur-concours-annuel-du-printemps\/#primaryimage\"},\"image\":{\"@id\":\"https:\/\/equestrian.ca\/fr\/anciens-articles\/la-communaute-des-maritimes-celebre-cet-automne-les-50-ans-de-leur-concours-annuel-du-printemps\/#primaryimage\"},\"thumbnailUrl\":\"https:\/\/equestrian.ca\/wp-content\/uploads\/2023\/09\/JorjaOulton_ReeceLindsay_SofiaDickie.jpg\",\"datePublished\":\"2021-11-18T00:00:00+00:00\",\"author\":{\"@id\":\"https:\/\/equestrian.ca\/fr\/#\/schema\/person\/9abd3ba4d1027626b07355668e4ee3ad\"},\"breadcrumb\":{\"@id\":\"https:\/\/equestrian.ca\/fr\/anciens-articles\/la-communaute-des-maritimes-celebre-cet-automne-les-50-ans-de-leur-concours-annuel-du-printemps\/#breadcrumb\"},\"inLanguage\":\"fr-CA\",\"potentialAction\":[{\"@type\":\"ReadAction\",\"target\":[\"https:\/\/equestrian.ca\/fr\/anciens-articles\/la-communaute-des-maritimes-celebre-cet-automne-les-50-ans-de-leur-concours-annuel-du-printemps\/\"]}]},{\"@type\":\"ImageObject\",\"inLanguage\":\"fr-CA\",\"@id\":\"https:\/\/equestrian.ca\/fr\/anciens-articles\/la-communaute-des-maritimes-celebre-cet-automne-les-50-ans-de-leur-concours-annuel-du-printemps\/#primaryimage\",\"url\":\"https:\/\/equestrian.ca\/wp-content\/uploads\/2023\/09\/JorjaOulton_ReeceLindsay_SofiaDickie.jpg\",\"contentUrl\":\"https:\/\/equestrian.ca\/wp-content\/uploads\/2023\/09\/JorjaOulton_ReeceLindsay_SofiaDickie.jpg\",\"width\":1024,\"height\":768},{\"@type\":\"BreadcrumbList\",\"@id\":\"https:\/\/equestrian.ca\/fr\/anciens-articles\/la-communaute-des-maritimes-celebre-cet-automne-les-50-ans-de-leur-concours-annuel-du-printemps\/#breadcrumb\",\"itemListElement\":[{\"@type\":\"ListItem\",\"position\":1,\"name\":\"Home\",\"item\":\"https:\/\/equestrian.ca\/fr\/\"},{\"@type\":\"ListItem\",\"position\":2,\"name\":\"La communaut\u00e9 des Maritimes c\u00e9l\u00e8bre cet automne les 50 ans de leur concours annuel du printemps\"}]},{\"@type\":\"WebSite\",\"@id\":\"https:\/\/equestrian.ca\/fr\/#website\",\"url\":\"https:\/\/equestrian.ca\/fr\/\",\"name\":\"Equestrian Canada\",\"description\":\"For the love of horses and sport for life.\",\"potentialAction\":[{\"@type\":\"SearchAction\",\"target\":{\"@type\":\"EntryPoint\",\"urlTemplate\":\"https:\/\/equestrian.ca\/fr\/?s={search_term_string}\"},\"query-input\":{\"@type\":\"PropertyValueSpecification\",\"valueRequired\":true,\"valueName\":\"search_term_string\"}}],\"inLanguage\":\"fr-CA\"},{\"@type\":\"Person\",\"@id\":\"https:\/\/equestrian.ca\/fr\/#\/schema\/person\/9abd3ba4d1027626b07355668e4ee3ad\",\"name\":\"Berry\",\"image\":{\"@type\":\"ImageObject\",\"inLanguage\":\"fr-CA\",\"@id\":\"https:\/\/equestrian.ca\/fr\/#\/schema\/person\/image\/\",\"url\":\"https:\/\/secure.gravatar.com\/avatar\/882da3b67056b0c608086d3c77de46948b64244a4c249e81e0bf04a8095ce320?s=96&d=mm&r=g\",\"contentUrl\":\"https:\/\/secure.gravatar.com\/avatar\/882da3b67056b0c608086d3c77de46948b64244a4c249e81e0bf04a8095ce320?s=96&d=mm&r=g\",\"caption\":\"Berry\"},\"url\":\"https:\/\/equestrian.ca\/fr\/author\/mberry\/\"}]}<\/script>\n<!-- \/ Yoast SEO plugin. -->","yoast_head_json":{"title":"La communaut\u00e9 des Maritimes c\u00e9l\u00e8bre cet automne les 50 ans de leur concours annuel du printemps - Equestrian Canada","robots":{"index":"index","follow":"follow","max-snippet":"max-snippet:-1","max-image-preview":"max-image-preview:large","max-video-preview":"max-video-preview:-1"},"canonical":"https:\/\/equestrian.ca\/fr\/anciens-articles\/la-communaute-des-maritimes-celebre-cet-automne-les-50-ans-de-leur-concours-annuel-du-printemps\/","og_locale":"fr_CA","og_type":"article","og_title":"La communaut\u00e9 des Maritimes c\u00e9l\u00e8bre cet automne les 50 ans de leur concours annuel du printemps - Equestrian Canada","og_description":"Fond\u00e9 par Harry et Ann Ainsworth pour venir en appui au Lions Club, le concours a \u00e9t\u00e9 g\u00e9n\u00e9reusement transmis au Avon Pony Club d\u00e8s la cr\u00e9ation de ce dernier, en 1972. Avant son transfert, il \u00e9tait quelque peu diff\u00e9rent, et mettait en sc\u00e8ne tant l\u2019\u00e9quitation classique que l\u2019\u00e9quitation western. Les droits des juges pour le [&hellip;]","og_url":"https:\/\/equestrian.ca\/fr\/anciens-articles\/la-communaute-des-maritimes-celebre-cet-automne-les-50-ans-de-leur-concours-annuel-du-printemps\/","og_site_name":"Equestrian Canada","article_published_time":"2021-11-18T00:00:00+00:00","og_image":[{"width":1024,"height":768,"url":"https:\/\/equestrian.ca\/wp-content\/uploads\/2023\/09\/JorjaOulton_ReeceLindsay_SofiaDickie.jpg","type":"image\/jpeg"}],"author":"Berry","twitter_card":"summary_large_image","twitter_misc":{"\u00c9crit par":"Berry","Estimation du temps de lecture":"4 minutes"},"schema":{"@context":"https:\/\/schema.org","@graph":[{"@type":"Article","@id":"https:\/\/equestrian.ca\/fr\/anciens-articles\/la-communaute-des-maritimes-celebre-cet-automne-les-50-ans-de-leur-concours-annuel-du-printemps\/#article","isPartOf":{"@id":"https:\/\/equestrian.ca\/fr\/anciens-articles\/la-communaute-des-maritimes-celebre-cet-automne-les-50-ans-de-leur-concours-annuel-du-printemps\/"},"author":{"name":"Berry","@id":"https:\/\/equestrian.ca\/fr\/#\/schema\/person\/9abd3ba4d1027626b07355668e4ee3ad"},"headline":"La communaut\u00e9 des Maritimes c\u00e9l\u00e8bre cet automne les 50 ans de leur concours annuel du printemps","datePublished":"2021-11-18T00:00:00+00:00","mainEntityOfPage":{"@id":"https:\/\/equestrian.ca\/fr\/anciens-articles\/la-communaute-des-maritimes-celebre-cet-automne-les-50-ans-de-leur-concours-annuel-du-printemps\/"},"wordCount":812,"commentCount":0,"image":{"@id":"https:\/\/equestrian.ca\/fr\/anciens-articles\/la-communaute-des-maritimes-celebre-cet-automne-les-50-ans-de-leur-concours-annuel-du-printemps\/#primaryimage"},"thumbnailUrl":"https:\/\/equestrian.ca\/wp-content\/uploads\/2023\/09\/JorjaOulton_ReeceLindsay_SofiaDickie.jpg","articleSection":["Anciens articles"],"inLanguage":"fr-CA","potentialAction":[{"@type":"CommentAction","name":"Comment","target":["https:\/\/equestrian.ca\/fr\/anciens-articles\/la-communaute-des-maritimes-celebre-cet-automne-les-50-ans-de-leur-concours-annuel-du-printemps\/#respond"]}]},{"@type":"WebPage","@id":"https:\/\/equestrian.ca\/fr\/anciens-articles\/la-communaute-des-maritimes-celebre-cet-automne-les-50-ans-de-leur-concours-annuel-du-printemps\/","url":"https:\/\/equestrian.ca\/fr\/anciens-articles\/la-communaute-des-maritimes-celebre-cet-automne-les-50-ans-de-leur-concours-annuel-du-printemps\/","name":"La communaut\u00e9 des Maritimes c\u00e9l\u00e8bre cet automne les 50 ans de leur concours annuel du printemps - Equestrian Canada","isPartOf":{"@id":"https:\/\/equestrian.ca\/fr\/#website"},"primaryImageOfPage":{"@id":"https:\/\/equestrian.ca\/fr\/anciens-articles\/la-communaute-des-maritimes-celebre-cet-automne-les-50-ans-de-leur-concours-annuel-du-printemps\/#primaryimage"},"image":{"@id":"https:\/\/equestrian.ca\/fr\/anciens-articles\/la-communaute-des-maritimes-celebre-cet-automne-les-50-ans-de-leur-concours-annuel-du-printemps\/#primaryimage"},"thumbnailUrl":"https:\/\/equestrian.ca\/wp-content\/uploads\/2023\/09\/JorjaOulton_ReeceLindsay_SofiaDickie.jpg","datePublished":"2021-11-18T00:00:00+00:00","author":{"@id":"https:\/\/equestrian.ca\/fr\/#\/schema\/person\/9abd3ba4d1027626b07355668e4ee3ad"},"breadcrumb":{"@id":"https:\/\/equestrian.ca\/fr\/anciens-articles\/la-communaute-des-maritimes-celebre-cet-automne-les-50-ans-de-leur-concours-annuel-du-printemps\/#breadcrumb"},"inLanguage":"fr-CA","potentialAction":[{"@type":"ReadAction","target":["https:\/\/equestrian.ca\/fr\/anciens-articles\/la-communaute-des-maritimes-celebre-cet-automne-les-50-ans-de-leur-concours-annuel-du-printemps\/"]}]},{"@type":"ImageObject","inLanguage":"fr-CA","@id":"https:\/\/equestrian.ca\/fr\/anciens-articles\/la-communaute-des-maritimes-celebre-cet-automne-les-50-ans-de-leur-concours-annuel-du-printemps\/#primaryimage","url":"https:\/\/equestrian.ca\/wp-content\/uploads\/2023\/09\/JorjaOulton_ReeceLindsay_SofiaDickie.jpg","contentUrl":"https:\/\/equestrian.ca\/wp-content\/uploads\/2023\/09\/JorjaOulton_ReeceLindsay_SofiaDickie.jpg","width":1024,"height":768},{"@type":"BreadcrumbList","@id":"https:\/\/equestrian.ca\/fr\/anciens-articles\/la-communaute-des-maritimes-celebre-cet-automne-les-50-ans-de-leur-concours-annuel-du-printemps\/#breadcrumb","itemListElement":[{"@type":"ListItem","position":1,"name":"Home","item":"https:\/\/equestrian.ca\/fr\/"},{"@type":"ListItem","position":2,"name":"La communaut\u00e9 des Maritimes c\u00e9l\u00e8bre cet automne les 50 ans de leur concours annuel du printemps"}]},{"@type":"WebSite","@id":"https:\/\/equestrian.ca\/fr\/#website","url":"https:\/\/equestrian.ca\/fr\/","name":"Equestrian Canada","description":"For the love of horses and sport for life.","potentialAction":[{"@type":"SearchAction","target":{"@type":"EntryPoint","urlTemplate":"https:\/\/equestrian.ca\/fr\/?s={search_term_string}"},"query-input":{"@type":"PropertyValueSpecification","valueRequired":true,"valueName":"search_term_string"}}],"inLanguage":"fr-CA"},{"@type":"Person","@id":"https:\/\/equestrian.ca\/fr\/#\/schema\/person\/9abd3ba4d1027626b07355668e4ee3ad","name":"Berry","image":{"@type":"ImageObject","inLanguage":"fr-CA","@id":"https:\/\/equestrian.ca\/fr\/#\/schema\/person\/image\/","url":"https:\/\/secure.gravatar.com\/avatar\/882da3b67056b0c608086d3c77de46948b64244a4c249e81e0bf04a8095ce320?s=96&d=mm&r=g","contentUrl":"https:\/\/secure.gravatar.com\/avatar\/882da3b67056b0c608086d3c77de46948b64244a4c249e81e0bf04a8095ce320?s=96&d=mm&r=g","caption":"Berry"},"url":"https:\/\/equestrian.ca\/fr\/author\/mberry\/"}]}},"_links":{"self":[{"href":"https:\/\/equestrian.ca\/fr\/wp-json\/wp\/v2\/posts\/26218","targetHints":{"allow":["GET"]}}],"collection":[{"href":"https:\/\/equestrian.ca\/fr\/wp-json\/wp\/v2\/posts"}],"about":[{"href":"https:\/\/equestrian.ca\/fr\/wp-json\/wp\/v2\/types\/post"}],"author":[{"embeddable":true,"href":"https:\/\/equestrian.ca\/fr\/wp-json\/wp\/v2\/users\/3"}],"replies":[{"embeddable":true,"href":"https:\/\/equestrian.ca\/fr\/wp-json\/wp\/v2\/comments?post=26218"}],"version-history":[{"count":0,"href":"https:\/\/equestrian.ca\/fr\/wp-json\/wp\/v2\/posts\/26218\/revisions"}],"wp:featuredmedia":[{"embeddable":true,"href":"https:\/\/equestrian.ca\/fr\/wp-json\/wp\/v2\/media\/4389"}],"wp:attachment":[{"href":"https:\/\/equestrian.ca\/fr\/wp-json\/wp\/v2\/media?parent=26218"}],"wp:term":[{"taxonomy":"category","embeddable":true,"href":"https:\/\/equestrian.ca\/fr\/wp-json\/wp\/v2\/categories?post=26218"},{"taxonomy":"post_tag","embeddable":true,"href":"https:\/\/equestrian.ca\/fr\/wp-json\/wp\/v2\/tags?post=26218"}],"curies":[{"name":"wp","href":"https:\/\/api.w.org\/{rel}","templated":true}]}}