{"id":26212,"date":"2022-02-25T00:00:00","date_gmt":"2022-02-25T00:00:00","guid":{"rendered":"https:\/\/equestrian.ca\/news\/eric-lamaze-a-la-tete-de-lequipe-canadienne-de-saut-dobstacles\/"},"modified":"2022-02-25T00:00:00","modified_gmt":"2022-02-25T00:00:00","slug":"eric-lamaze-a-la-tete-de-lequipe-canadienne-de-saut-dobstacles","status":"publish","type":"post","link":"https:\/\/equestrian.ca\/fr\/anciens-articles\/eric-lamaze-a-la-tete-de-lequipe-canadienne-de-saut-dobstacles\/","title":{"rendered":"Eric Lamaze \u00e0 la t\u00eate de l\u2019\u00e9quipe canadienne de saut d\u2019obstacles"},"content":{"rendered":"<p>Les chances de voir la feuille d\u2019\u00e9rable sur le podium de Paris 2024 en saut d\u2019obstacles sont maintenant nettement meilleures. Le 7 f\u00e9vrier 2022, Canada \u00c9questre (CE) a s\u00e9lectionn\u00e9 le champion olympique Eric Lamaze pour occuper les r\u00f4les de conseiller technique, Saut d\u2019obstacles, et de chef d\u2019\u00e9quipe de l\u2019\u00e9quipe canadienne de saut d\u2019obstacles.<\/p>\n<p>\u00ab\u2009Nous sommes ravis d\u2019accueillir Eric pour ce poste. Nous sommes tr\u00e8s heureux qu\u2019il ait d\u00e9cid\u00e9 que le moment \u00e9tait bien choisi pour relever ce d\u00e9fi\u2009\u00bb, a exprim\u00e9 Karen Sparks, pr\u00e9sidente du comit\u00e9 de saut d\u2019obstacles de CE et membre du comit\u00e9 d\u2019embauche ayant nomm\u00e9 Lamaze. \u00ab\u2009C\u2019est avec bon espoir que nous lui confions les responsabilit\u00e9s du programme national et du cheminement vers le podium. Nous sommes persuad\u00e9s qu\u2019il sera le meneur dont l\u2019\u00e9quipe a besoin pour r\u00e9ussir sur la sc\u00e8ne internationale!\u2009\u00bb<\/p>\n<p>Le l\u00e9gendaire cavalier est fin pr\u00eat \u00e0 amorcer le retour en force du saut d\u2019obstacles canadien : \u00ab\u2009Mon but est de faire du Canada un pays dominant dans le sport du saut d\u2019obstacles.\u2009\u00bb L\u2019athl\u00e8te de 53 ans est la personne tout indiqu\u00e9e pour cette mission. Il a remport\u00e9 des m\u00e9dailles d\u2019or, d\u2019argent et de bronze aux Jeux olympiques et poss\u00e8de un large et impressionnant historique en saut d\u2019obstacles qui demeure in\u00e9gal\u00e9 au pays.<\/p>\n<p>\u00ab\u2009J\u2019ai concouru en Europe pendant 28 ans contre les meilleurs athl\u00e8tes du monde. J\u2019y ai remport\u00e9 tous les Grand Prix principaux et je suis mont\u00e9 sur le podium de tous les championnats. J\u2019ai \u00e9galement obtenu le titre de meilleur cavalier au monde pour plusieurs longues p\u00e9riodes en 2008, 2010 et 2011\u2009\u00bb, a expliqu\u00e9 M. Lamaze, avant d\u2019admettre qu\u2019il manquait quelque chose \u00e0 ses exp\u00e9riences. \u00ab\u2009Ce qui me d\u00e9rangeait le plus \u00e9tait de ne pas avoir une \u00e9quipe canadienne \u00e0 mes c\u00f4t\u00e9s.\u2009\u00bb<\/p>\n<p>Le comit\u00e9 d\u2019embauche et le cavalier pensent que ce dernier peut user de sa fiabilit\u00e9, de sa passion et de son expertise pour former une \u00e9quipe formidable et pour insuffler aux athl\u00e8tes ce qu\u2019il n\u2019a pas eu le privil\u00e8ge de recevoir \u00e0 l\u2019apog\u00e9e de son succ\u00e8s. \u00ab\u2009J\u2019en suis \u00e0 une \u00e9tape de ma vie o\u00f9 je veux passer la majorit\u00e9 de mon temps \u00e0 partager mes connaissances avec d\u2019autres cavali\u00e8res et cavaliers\u2009\u00bb, a ajout\u00e9 M. Lamaze. \u00ab\u2009Je prends mon amour pour l\u2019\u00e9quipe canadienne tr\u00e8s au s\u00e9rieux. Il n\u2019y a rien de plus plaisant que d\u2019entendre l\u2019hymne national de notre pays apr\u00e8s une victoire. Nous allons rendre le Canada fier.\u2009\u00bb<\/p>\n<p>\u00ab\u2009Eric repr\u00e9sente un atout \u00e9norme pour les athl\u00e8tes du Canada\u2009\u00bb, a \u00e9crit Erynn Ballard, en appuyant la d\u00e9cision. La cavali\u00e8re, qui a r\u00e9cemment \u00e9t\u00e9 couronn\u00e9e meilleure athl\u00e8te f\u00e9minine du monde, est \u00e0 la t\u00eate des athl\u00e8tes de notre pays. \u00ab\u2009Il apporte son soutien et son aide \u00e0 la fois dans la carri\u00e8re d\u2019entra\u00eenement et en bordure de l\u2019ar\u00e8ne. Il observe et est pr\u00eat \u00e0 donner son avis. Sa capacit\u00e9 \u00e0 obtenir la meilleure performance possible est hors du commun.\u2009\u00bb<\/p>\n<p>Ce choix survient durant une p\u00e9riode d\u00e9cisive. Comme cela a \u00e9t\u00e9 annonc\u00e9 en d\u00e9cembre 2021, la recherche d\u2019une nouvelle ou d\u2019un nouveau conseiller technique\/chef d\u2019\u00e9quipe pour le saut d\u2019obstacles au Canada a d\u00e9but\u00e9 plus t\u00f4t cet \u00e9t\u00e9, durant les Jeux olympiques de Tokyo. Meg Krueger, la chef de la direction, est aux commandes depuis f\u00e9vrier 2021 et est bien consciente du caract\u00e8re d\u00e9terminant de ce r\u00f4le quant au succ\u00e8s que conna\u00eetra l\u2019unifoli\u00e9 sur tous les niveaux de la discipline olympique au cours de la prochaine p\u00e9riode quadriennale. <\/p>\n<p>Mme Krueger n\u2019\u00e9tait gu\u00e8re surprise que M. Lamaze ait d\u00e9clar\u00e9 vouloir se mettre \u00e0 l\u2019ouvrage, \u00e0 peine le contrat sign\u00e9 : \u00ab\u2009Les d\u00e9lais engendr\u00e9s par la pand\u00e9mie ont modifi\u00e9 le cycle de quatre ans que nous connaissons. Cela signifie que les Championnats du monde auront lieu d\u00e8s cette ann\u00e9e, en ao\u00fbt.\u2009\u00bb Dans sa candidature, M. Lamaze a clairement soulign\u00e9 qu\u2019il sait ce qu\u2019un conseiller technique doit faire pour commencer \u00e0 encadrer l\u2019\u00e9quipe nationale et obtenir des invitations pour la saison 2022, et ce, d\u00e8s ce mois de f\u00e9vrier.<\/p>\n<p>Mme Krueger et le comit\u00e9 savent que l\u2019historique sportif de M. Lamaze en dit beaucoup. Ils croient fermement qu\u2019il a les habilet\u00e9s n\u00e9cessaires pour inspirer les athl\u00e8tes \u00e9questres qui aiment leur sport et pour toucher les Canadiennes et Canadiens. \u00ab\u2009L\u2019histoire d\u2019Eric est inspirante\u2009\u00bb, a d\u00e9clar\u00e9 Mme Krueger. \u00ab\u2009Nos athl\u00e8tes et notre pays peuvent se reconna\u00eetre dans son histoire et son courage. \u00c0 ses d\u00e9buts, il travaillait dans une \u00e9curie en \u00e9change de quelques montes. Il est ensuite devenu un cavalier de haut niveau sur la sc\u00e8ne mondiale et a cumul\u00e9 des victoires constantes. Il est un vrai ambassadeur \u00e9questre canadien.\u2009\u00bb<\/p>\n<p>C\u2019est avec humilit\u00e9 que M. Lamaze se rappelle les difficult\u00e9s qu\u2019il a rencontr\u00e9es, une exp\u00e9rience qu\u2019il pourra partager avec les membres de l\u2019\u00e9quipe \u00e9questre canadienne : \u00ab\u2009Mon parcours n\u2019a pas toujours \u00e9t\u00e9 facile. Il y a eu des moments tr\u00e8s d\u00e9courageants, mais j\u2019ai trouv\u00e9 des solutions et j\u2019en suis devenu meilleur et plus solide.\u2009\u00bb Les psychologues du sport et les entra\u00eeneurs s\u2019accordent sur ce fait depuis des d\u00e9cennies, recherches \u00e0 l\u2019appui. \u00ab\u2009La r\u00e9silience est l\u2019une des qualit\u00e9s essentielles d\u2019une ou un membre de l\u2019\u00e9quipe \u00e9questre. Il faut \u00eatre courageux et ne pas baisser les bras\u2009\u00bb, a ajout\u00e9 le cavalier, qui a trois Jeux olympiques \u00e0 son actif. \u00ab\u2009J\u2019esp\u00e8re devenir un exemple et une inspiration pour cette g\u00e9n\u00e9ration d\u2019athl\u00e8tes du Canada et pour les g\u00e9n\u00e9rations \u00e0 venir.\u2009\u00bb<\/p>\n<p>Pour l\u2019instant, il se retrousse les manches et s\u2019att\u00e8le \u00e0 la t\u00e2che aux c\u00f4t\u00e9s de Mme Sparks, du comit\u00e9 de saut d\u2019obstacles, du groupe de haute performance de CE, des athl\u00e8tes et des \u00e9quipes de soutien. Soyez pr\u00eats \u00e0 encourager votre \u00e9quipe canadienne!<\/p>\n","protected":false},"excerpt":{"rendered":"<p>Les chances de voir la feuille d\u2019\u00e9rable sur le podium de Paris 2024 en saut d\u2019obstacles sont maintenant nettement meilleures. Le 7 f\u00e9vrier 2022, Canada \u00c9questre (CE) a s\u00e9lectionn\u00e9 le champion olympique Eric Lamaze pour occuper les r\u00f4les de conseiller technique, Saut d\u2019obstacles, et de chef d\u2019\u00e9quipe de l\u2019\u00e9quipe canadienne de saut d\u2019obstacles. \u00ab\u2009Nous sommes [&hellip;]<\/p>\n","protected":false},"author":3,"featured_media":4380,"comment_status":"open","ping_status":"open","sticky":false,"template":"","format":"standard","meta":{"_acf_changed":false,"footnotes":""},"categories":[241],"tags":[],"class_list":["post-26212","post","type-post","status-publish","format-standard","has-post-thumbnail","hentry","category-anciens-articles"],"acf":[],"yoast_head":"<!-- This site is optimized with the Yoast SEO plugin v27.0 - https:\/\/yoast.com\/product\/yoast-seo-wordpress\/ -->\n<title>Eric Lamaze \u00e0 la t\u00eate de l\u2019\u00e9quipe canadienne de saut d\u2019obstacles - Equestrian Canada<\/title>\n<meta name=\"robots\" content=\"index, follow, max-snippet:-1, max-image-preview:large, max-video-preview:-1\" \/>\n<link rel=\"canonical\" href=\"https:\/\/equestrian.ca\/fr\/anciens-articles\/eric-lamaze-a-la-tete-de-lequipe-canadienne-de-saut-dobstacles\/\" \/>\n<meta property=\"og:locale\" content=\"fr_CA\" \/>\n<meta property=\"og:type\" content=\"article\" \/>\n<meta property=\"og:title\" content=\"Eric Lamaze \u00e0 la t\u00eate de l\u2019\u00e9quipe canadienne de saut d\u2019obstacles - Equestrian Canada\" \/>\n<meta property=\"og:description\" content=\"Les chances de voir la feuille d\u2019\u00e9rable sur le podium de Paris 2024 en saut d\u2019obstacles sont maintenant nettement meilleures. Le 7 f\u00e9vrier 2022, Canada \u00c9questre (CE) a s\u00e9lectionn\u00e9 le champion olympique Eric Lamaze pour occuper les r\u00f4les de conseiller technique, Saut d\u2019obstacles, et de chef d\u2019\u00e9quipe de l\u2019\u00e9quipe canadienne de saut d\u2019obstacles. \u00ab\u2009Nous sommes [&hellip;]\" \/>\n<meta property=\"og:url\" content=\"https:\/\/equestrian.ca\/fr\/anciens-articles\/eric-lamaze-a-la-tete-de-lequipe-canadienne-de-saut-dobstacles\/\" \/>\n<meta property=\"og:site_name\" content=\"Equestrian Canada\" \/>\n<meta property=\"article:published_time\" content=\"2022-02-25T00:00:00+00:00\" \/>\n<meta property=\"og:image\" content=\"https:\/\/equestrian.ca\/wp-content\/uploads\/2023\/09\/MicrosoftTeams-image-19-876x1024.png\" \/>\n\t<meta property=\"og:image:width\" content=\"876\" \/>\n\t<meta property=\"og:image:height\" content=\"1024\" \/>\n\t<meta property=\"og:image:type\" content=\"image\/jpeg\" \/>\n<meta name=\"author\" content=\"Berry\" \/>\n<meta name=\"twitter:card\" content=\"summary_large_image\" \/>\n<meta name=\"twitter:label1\" content=\"\u00c9crit par\" \/>\n\t<meta name=\"twitter:data1\" content=\"Berry\" \/>\n\t<meta name=\"twitter:label2\" content=\"Estimation du temps de lecture\" \/>\n\t<meta name=\"twitter:data2\" content=\"5 minutes\" \/>\n<script type=\"application\/ld+json\" class=\"yoast-schema-graph\">{\"@context\":\"https:\/\/schema.org\",\"@graph\":[{\"@type\":\"Article\",\"@id\":\"https:\/\/equestrian.ca\/fr\/anciens-articles\/eric-lamaze-a-la-tete-de-lequipe-canadienne-de-saut-dobstacles\/#article\",\"isPartOf\":{\"@id\":\"https:\/\/equestrian.ca\/fr\/anciens-articles\/eric-lamaze-a-la-tete-de-lequipe-canadienne-de-saut-dobstacles\/\"},\"author\":{\"name\":\"Berry\",\"@id\":\"https:\/\/equestrian.ca\/fr\/#\/schema\/person\/9abd3ba4d1027626b07355668e4ee3ad\"},\"headline\":\"Eric Lamaze \u00e0 la t\u00eate de l\u2019\u00e9quipe canadienne de saut d\u2019obstacles\",\"datePublished\":\"2022-02-25T00:00:00+00:00\",\"mainEntityOfPage\":{\"@id\":\"https:\/\/equestrian.ca\/fr\/anciens-articles\/eric-lamaze-a-la-tete-de-lequipe-canadienne-de-saut-dobstacles\/\"},\"wordCount\":1065,\"commentCount\":0,\"image\":{\"@id\":\"https:\/\/equestrian.ca\/fr\/anciens-articles\/eric-lamaze-a-la-tete-de-lequipe-canadienne-de-saut-dobstacles\/#primaryimage\"},\"thumbnailUrl\":\"https:\/\/equestrian.ca\/wp-content\/uploads\/2023\/09\/MicrosoftTeams-image-19-scaled.png\",\"articleSection\":[\"Anciens articles\"],\"inLanguage\":\"fr-CA\",\"potentialAction\":[{\"@type\":\"CommentAction\",\"name\":\"Comment\",\"target\":[\"https:\/\/equestrian.ca\/fr\/anciens-articles\/eric-lamaze-a-la-tete-de-lequipe-canadienne-de-saut-dobstacles\/#respond\"]}]},{\"@type\":\"WebPage\",\"@id\":\"https:\/\/equestrian.ca\/fr\/anciens-articles\/eric-lamaze-a-la-tete-de-lequipe-canadienne-de-saut-dobstacles\/\",\"url\":\"https:\/\/equestrian.ca\/fr\/anciens-articles\/eric-lamaze-a-la-tete-de-lequipe-canadienne-de-saut-dobstacles\/\",\"name\":\"Eric Lamaze \u00e0 la t\u00eate de l\u2019\u00e9quipe canadienne de saut d\u2019obstacles - Equestrian Canada\",\"isPartOf\":{\"@id\":\"https:\/\/equestrian.ca\/fr\/#website\"},\"primaryImageOfPage\":{\"@id\":\"https:\/\/equestrian.ca\/fr\/anciens-articles\/eric-lamaze-a-la-tete-de-lequipe-canadienne-de-saut-dobstacles\/#primaryimage\"},\"image\":{\"@id\":\"https:\/\/equestrian.ca\/fr\/anciens-articles\/eric-lamaze-a-la-tete-de-lequipe-canadienne-de-saut-dobstacles\/#primaryimage\"},\"thumbnailUrl\":\"https:\/\/equestrian.ca\/wp-content\/uploads\/2023\/09\/MicrosoftTeams-image-19-scaled.png\",\"datePublished\":\"2022-02-25T00:00:00+00:00\",\"author\":{\"@id\":\"https:\/\/equestrian.ca\/fr\/#\/schema\/person\/9abd3ba4d1027626b07355668e4ee3ad\"},\"breadcrumb\":{\"@id\":\"https:\/\/equestrian.ca\/fr\/anciens-articles\/eric-lamaze-a-la-tete-de-lequipe-canadienne-de-saut-dobstacles\/#breadcrumb\"},\"inLanguage\":\"fr-CA\",\"potentialAction\":[{\"@type\":\"ReadAction\",\"target\":[\"https:\/\/equestrian.ca\/fr\/anciens-articles\/eric-lamaze-a-la-tete-de-lequipe-canadienne-de-saut-dobstacles\/\"]}]},{\"@type\":\"ImageObject\",\"inLanguage\":\"fr-CA\",\"@id\":\"https:\/\/equestrian.ca\/fr\/anciens-articles\/eric-lamaze-a-la-tete-de-lequipe-canadienne-de-saut-dobstacles\/#primaryimage\",\"url\":\"https:\/\/equestrian.ca\/wp-content\/uploads\/2023\/09\/MicrosoftTeams-image-19-scaled.png\",\"contentUrl\":\"https:\/\/equestrian.ca\/wp-content\/uploads\/2023\/09\/MicrosoftTeams-image-19-scaled.png\",\"width\":2190,\"height\":2560},{\"@type\":\"BreadcrumbList\",\"@id\":\"https:\/\/equestrian.ca\/fr\/anciens-articles\/eric-lamaze-a-la-tete-de-lequipe-canadienne-de-saut-dobstacles\/#breadcrumb\",\"itemListElement\":[{\"@type\":\"ListItem\",\"position\":1,\"name\":\"Home\",\"item\":\"https:\/\/equestrian.ca\/fr\/\"},{\"@type\":\"ListItem\",\"position\":2,\"name\":\"Eric Lamaze \u00e0 la t\u00eate de l\u2019\u00e9quipe canadienne de saut d\u2019obstacles\"}]},{\"@type\":\"WebSite\",\"@id\":\"https:\/\/equestrian.ca\/fr\/#website\",\"url\":\"https:\/\/equestrian.ca\/fr\/\",\"name\":\"Equestrian Canada\",\"description\":\"For the love of horses and sport for life.\",\"potentialAction\":[{\"@type\":\"SearchAction\",\"target\":{\"@type\":\"EntryPoint\",\"urlTemplate\":\"https:\/\/equestrian.ca\/fr\/?s={search_term_string}\"},\"query-input\":{\"@type\":\"PropertyValueSpecification\",\"valueRequired\":true,\"valueName\":\"search_term_string\"}}],\"inLanguage\":\"fr-CA\"},{\"@type\":\"Person\",\"@id\":\"https:\/\/equestrian.ca\/fr\/#\/schema\/person\/9abd3ba4d1027626b07355668e4ee3ad\",\"name\":\"Berry\",\"image\":{\"@type\":\"ImageObject\",\"inLanguage\":\"fr-CA\",\"@id\":\"https:\/\/equestrian.ca\/fr\/#\/schema\/person\/image\/\",\"url\":\"https:\/\/secure.gravatar.com\/avatar\/882da3b67056b0c608086d3c77de46948b64244a4c249e81e0bf04a8095ce320?s=96&d=mm&r=g\",\"contentUrl\":\"https:\/\/secure.gravatar.com\/avatar\/882da3b67056b0c608086d3c77de46948b64244a4c249e81e0bf04a8095ce320?s=96&d=mm&r=g\",\"caption\":\"Berry\"},\"url\":\"https:\/\/equestrian.ca\/fr\/author\/mberry\/\"}]}<\/script>\n<!-- \/ Yoast SEO plugin. -->","yoast_head_json":{"title":"Eric Lamaze \u00e0 la t\u00eate de l\u2019\u00e9quipe canadienne de saut d\u2019obstacles - Equestrian Canada","robots":{"index":"index","follow":"follow","max-snippet":"max-snippet:-1","max-image-preview":"max-image-preview:large","max-video-preview":"max-video-preview:-1"},"canonical":"https:\/\/equestrian.ca\/fr\/anciens-articles\/eric-lamaze-a-la-tete-de-lequipe-canadienne-de-saut-dobstacles\/","og_locale":"fr_CA","og_type":"article","og_title":"Eric Lamaze \u00e0 la t\u00eate de l\u2019\u00e9quipe canadienne de saut d\u2019obstacles - Equestrian Canada","og_description":"Les chances de voir la feuille d\u2019\u00e9rable sur le podium de Paris 2024 en saut d\u2019obstacles sont maintenant nettement meilleures. Le 7 f\u00e9vrier 2022, Canada \u00c9questre (CE) a s\u00e9lectionn\u00e9 le champion olympique Eric Lamaze pour occuper les r\u00f4les de conseiller technique, Saut d\u2019obstacles, et de chef d\u2019\u00e9quipe de l\u2019\u00e9quipe canadienne de saut d\u2019obstacles. \u00ab\u2009Nous sommes [&hellip;]","og_url":"https:\/\/equestrian.ca\/fr\/anciens-articles\/eric-lamaze-a-la-tete-de-lequipe-canadienne-de-saut-dobstacles\/","og_site_name":"Equestrian Canada","article_published_time":"2022-02-25T00:00:00+00:00","og_image":[{"width":876,"height":1024,"url":"https:\/\/equestrian.ca\/wp-content\/uploads\/2023\/09\/MicrosoftTeams-image-19-876x1024.png","type":"image\/jpeg"}],"author":"Berry","twitter_card":"summary_large_image","twitter_misc":{"\u00c9crit par":"Berry","Estimation du temps de lecture":"5 minutes"},"schema":{"@context":"https:\/\/schema.org","@graph":[{"@type":"Article","@id":"https:\/\/equestrian.ca\/fr\/anciens-articles\/eric-lamaze-a-la-tete-de-lequipe-canadienne-de-saut-dobstacles\/#article","isPartOf":{"@id":"https:\/\/equestrian.ca\/fr\/anciens-articles\/eric-lamaze-a-la-tete-de-lequipe-canadienne-de-saut-dobstacles\/"},"author":{"name":"Berry","@id":"https:\/\/equestrian.ca\/fr\/#\/schema\/person\/9abd3ba4d1027626b07355668e4ee3ad"},"headline":"Eric Lamaze \u00e0 la t\u00eate de l\u2019\u00e9quipe canadienne de saut d\u2019obstacles","datePublished":"2022-02-25T00:00:00+00:00","mainEntityOfPage":{"@id":"https:\/\/equestrian.ca\/fr\/anciens-articles\/eric-lamaze-a-la-tete-de-lequipe-canadienne-de-saut-dobstacles\/"},"wordCount":1065,"commentCount":0,"image":{"@id":"https:\/\/equestrian.ca\/fr\/anciens-articles\/eric-lamaze-a-la-tete-de-lequipe-canadienne-de-saut-dobstacles\/#primaryimage"},"thumbnailUrl":"https:\/\/equestrian.ca\/wp-content\/uploads\/2023\/09\/MicrosoftTeams-image-19-scaled.png","articleSection":["Anciens articles"],"inLanguage":"fr-CA","potentialAction":[{"@type":"CommentAction","name":"Comment","target":["https:\/\/equestrian.ca\/fr\/anciens-articles\/eric-lamaze-a-la-tete-de-lequipe-canadienne-de-saut-dobstacles\/#respond"]}]},{"@type":"WebPage","@id":"https:\/\/equestrian.ca\/fr\/anciens-articles\/eric-lamaze-a-la-tete-de-lequipe-canadienne-de-saut-dobstacles\/","url":"https:\/\/equestrian.ca\/fr\/anciens-articles\/eric-lamaze-a-la-tete-de-lequipe-canadienne-de-saut-dobstacles\/","name":"Eric Lamaze \u00e0 la t\u00eate de l\u2019\u00e9quipe canadienne de saut d\u2019obstacles - Equestrian Canada","isPartOf":{"@id":"https:\/\/equestrian.ca\/fr\/#website"},"primaryImageOfPage":{"@id":"https:\/\/equestrian.ca\/fr\/anciens-articles\/eric-lamaze-a-la-tete-de-lequipe-canadienne-de-saut-dobstacles\/#primaryimage"},"image":{"@id":"https:\/\/equestrian.ca\/fr\/anciens-articles\/eric-lamaze-a-la-tete-de-lequipe-canadienne-de-saut-dobstacles\/#primaryimage"},"thumbnailUrl":"https:\/\/equestrian.ca\/wp-content\/uploads\/2023\/09\/MicrosoftTeams-image-19-scaled.png","datePublished":"2022-02-25T00:00:00+00:00","author":{"@id":"https:\/\/equestrian.ca\/fr\/#\/schema\/person\/9abd3ba4d1027626b07355668e4ee3ad"},"breadcrumb":{"@id":"https:\/\/equestrian.ca\/fr\/anciens-articles\/eric-lamaze-a-la-tete-de-lequipe-canadienne-de-saut-dobstacles\/#breadcrumb"},"inLanguage":"fr-CA","potentialAction":[{"@type":"ReadAction","target":["https:\/\/equestrian.ca\/fr\/anciens-articles\/eric-lamaze-a-la-tete-de-lequipe-canadienne-de-saut-dobstacles\/"]}]},{"@type":"ImageObject","inLanguage":"fr-CA","@id":"https:\/\/equestrian.ca\/fr\/anciens-articles\/eric-lamaze-a-la-tete-de-lequipe-canadienne-de-saut-dobstacles\/#primaryimage","url":"https:\/\/equestrian.ca\/wp-content\/uploads\/2023\/09\/MicrosoftTeams-image-19-scaled.png","contentUrl":"https:\/\/equestrian.ca\/wp-content\/uploads\/2023\/09\/MicrosoftTeams-image-19-scaled.png","width":2190,"height":2560},{"@type":"BreadcrumbList","@id":"https:\/\/equestrian.ca\/fr\/anciens-articles\/eric-lamaze-a-la-tete-de-lequipe-canadienne-de-saut-dobstacles\/#breadcrumb","itemListElement":[{"@type":"ListItem","position":1,"name":"Home","item":"https:\/\/equestrian.ca\/fr\/"},{"@type":"ListItem","position":2,"name":"Eric Lamaze \u00e0 la t\u00eate de l\u2019\u00e9quipe canadienne de saut d\u2019obstacles"}]},{"@type":"WebSite","@id":"https:\/\/equestrian.ca\/fr\/#website","url":"https:\/\/equestrian.ca\/fr\/","name":"Equestrian Canada","description":"For the love of horses and sport for life.","potentialAction":[{"@type":"SearchAction","target":{"@type":"EntryPoint","urlTemplate":"https:\/\/equestrian.ca\/fr\/?s={search_term_string}"},"query-input":{"@type":"PropertyValueSpecification","valueRequired":true,"valueName":"search_term_string"}}],"inLanguage":"fr-CA"},{"@type":"Person","@id":"https:\/\/equestrian.ca\/fr\/#\/schema\/person\/9abd3ba4d1027626b07355668e4ee3ad","name":"Berry","image":{"@type":"ImageObject","inLanguage":"fr-CA","@id":"https:\/\/equestrian.ca\/fr\/#\/schema\/person\/image\/","url":"https:\/\/secure.gravatar.com\/avatar\/882da3b67056b0c608086d3c77de46948b64244a4c249e81e0bf04a8095ce320?s=96&d=mm&r=g","contentUrl":"https:\/\/secure.gravatar.com\/avatar\/882da3b67056b0c608086d3c77de46948b64244a4c249e81e0bf04a8095ce320?s=96&d=mm&r=g","caption":"Berry"},"url":"https:\/\/equestrian.ca\/fr\/author\/mberry\/"}]}},"_links":{"self":[{"href":"https:\/\/equestrian.ca\/fr\/wp-json\/wp\/v2\/posts\/26212","targetHints":{"allow":["GET"]}}],"collection":[{"href":"https:\/\/equestrian.ca\/fr\/wp-json\/wp\/v2\/posts"}],"about":[{"href":"https:\/\/equestrian.ca\/fr\/wp-json\/wp\/v2\/types\/post"}],"author":[{"embeddable":true,"href":"https:\/\/equestrian.ca\/fr\/wp-json\/wp\/v2\/users\/3"}],"replies":[{"embeddable":true,"href":"https:\/\/equestrian.ca\/fr\/wp-json\/wp\/v2\/comments?post=26212"}],"version-history":[{"count":0,"href":"https:\/\/equestrian.ca\/fr\/wp-json\/wp\/v2\/posts\/26212\/revisions"}],"wp:featuredmedia":[{"embeddable":true,"href":"https:\/\/equestrian.ca\/fr\/wp-json\/wp\/v2\/media\/4380"}],"wp:attachment":[{"href":"https:\/\/equestrian.ca\/fr\/wp-json\/wp\/v2\/media?parent=26212"}],"wp:term":[{"taxonomy":"category","embeddable":true,"href":"https:\/\/equestrian.ca\/fr\/wp-json\/wp\/v2\/categories?post=26212"},{"taxonomy":"post_tag","embeddable":true,"href":"https:\/\/equestrian.ca\/fr\/wp-json\/wp\/v2\/tags?post=26212"}],"curies":[{"name":"wp","href":"https:\/\/api.w.org\/{rel}","templated":true}]}}