{"id":26186,"date":"2019-03-14T00:00:00","date_gmt":"2019-03-14T00:00:00","guid":{"rendered":"https:\/\/equestrian.ca\/news\/journee-du-cheval-un-rendez-vous-pancanadien-le-1er-juin-prochain\/"},"modified":"2019-03-14T00:00:00","modified_gmt":"2019-03-14T00:00:00","slug":"journee-du-cheval-un-rendez-vous-pancanadien-le-1er-juin-prochain","status":"publish","type":"post","link":"https:\/\/equestrian.ca\/fr\/anciens-articles\/journee-du-cheval-un-rendez-vous-pancanadien-le-1er-juin-prochain\/","title":{"rendered":"Journ\u00e9e du cheval : un rendez-vous pancanadien le 1er juin prochain"},"content":{"rendered":"<p>La Journ\u00e9e du cheval a \u00e9t\u00e9 cr\u00e9\u00e9e pour mettre le cheval en valeur et le faire d\u00e9couvrir au grand public. Dans tous les coins du pays, des activit\u00e9s et des c\u00e9l\u00e9brations seront organis\u00e9es le 1er juin pour permettre aux Canadiens de tous les \u00e2ges et de tous les horizons d\u2019honorer, de d\u00e9couvrir et d\u2019explorer le monde \u00e9questre. <\/p>\n<p>Ne ratez pas l\u2019occasion d\u2019inclure la Journ\u00e9e du cheval dans vos c\u00e9l\u00e9brations printani\u00e8res. Il y a une foule de moyens de prendre part aux c\u00e9l\u00e9brations :<\/p>\n<p><b>Pour en savoir plus<\/b> sur la Journ\u00e9e du cheval 2019, cliquez <b><a href=\"https:\/\/www.canadaequestre.ca\/evenements-resultats\/journee-cheval\" target=\"_blank\" rel=\"noopener\">ici<\/a><\/b>.<\/p>\n<\/p>\n<p><b>Si vous souhaitez organiser une activit\u00e9 dans le cadre de la Journ\u00e9e du cheval 2019<\/b>, inscrivez-la <b><a href=\"https:\/\/licence.equestrian.ca\/hdevents\/?lang=fr\" target=\"_blank\" rel=\"noopener\">ici<\/a><\/b>.<\/p>\n<p><b>Trouvez une activit\u00e9 de la Journ\u00e9e du cheval 201<\/b>9 pr\u00e8s de chez vous en cliquant <b><a href=\"https:\/\/licence.equestrian.ca\/hdevents\/events.aspx?lang=en\" target=\"_blank\" rel=\"noopener\">ICI<\/a><\/b>. (visitez cette page souvent puisque d\u2019autres activit\u00e9s sont r\u00e9guli\u00e8rement ajout\u00e9es).<\/p>\n<\/p>\n<p>Incitez les jeunes de 3 \u00e0 16 ans de votre entourage \u00e0 participer au <b>Concours national de dessin de la Journ\u00e9e du cheval 2019<\/b>. Ils courront la chance de remporter de magnifiques prix! Pour en savoir plus sur le concours de dessin, cliquez <a href=\"https:\/\/licence.equestrian.ca\/hddrawingcontest\/?lang=fr\" target=\"_blank\" rel=\"noopener\"><b>ici<\/b><\/a>.<\/p>\n<p>Vos clich\u00e9s de la Journ\u00e9e du cheval pourraient \u00e9galement vous valoir un prix. Pour participer au <b>Concours de photo de la Journ\u00e9e du cheval<\/b>, publiez vos photos de l\u2019\u00e9v\u00e9nement sur Facebook, Twitter ou Instagram le 1er juin 2019 en utilisant le mot-clic #Journ\u00e9educheval2019. <\/p>\n<p>Pour plus de renseignements au sujet de la Journ\u00e9e du cheval 2019, rendez-vous \u00e0 <a href=\"https:\/\/www.canadaequestre.ca\/evenements-resultats\/journee-cheval\" target=\"_blank\" rel=\"noopener\">canadaequestre.ca\/evenements-resultats\/journee-cheval<\/a> ou communiquez avec Jessie Christie, gestionnaire principal du marketing et des communications de CE, par courriel \u00e0 <a href=\"mailto:jchristie@equestrian.ca\" target=\"_blank\" rel=\"noopener\">jchristie@equestrian.ca<\/a> ou par t\u00e9l\u00e9phone au 1 866 282-8395 p. 133.<\/p>\n<p>Pour en savoir plus sur les activit\u00e9s de la Journ\u00e9e du cheval organis\u00e9es dans votre r\u00e9gion, communiquez avec votre <a href=\"https:\/\/www.canadaequestre.ca\/infos\/gouvernance\/provinciaux-territorial-partenaires\" target=\"_blank\" rel=\"noopener\">organisation sportive provinciale ou territoriale<\/a> (OSPT).<\/p>\n<p style=\"text-align: center;\">&#8211; 30 &#8211;<\/p>\n<\/p>\n<p style=\"text-align: left;\"><b>\u00c0 propos de la Journ\u00e9e du cheval<\/b><br \/>Chaque ann\u00e9e au Canada, le premier samedi de juin est consacr\u00e9 \u00e0 la Journ\u00e9e du cheval. Ensemble, Canada \u00c9questre et les associations \u00e9questres provinciales et territoriales invitent tous les Canadiens \u00e0 profiter de ce moment unique pour honorer, d\u00e9couvrir et explorer le monde \u00e9questre. Il s\u2019agit pour plusieurs du premier contact avec un cheval en chair et en os. La Journ\u00e9e du cheval est aussi l\u2019occasion r\u00eav\u00e9e de rendre hommage aux nombreux apports des chevaux dans l\u2019h\u00e9ritage de notre nation ainsi qu\u2019aux gens de tous les \u00e2ges et de tous les horizons qui c\u00f4toient ces animaux dans leurs sports et leurs loisirs. Pour plus de renseignements au sujet de cette journ\u00e9e, rendez-vous \u00e0 <a href=\"https:\/\/www.canadaequestre.ca\/evenements-resultats\/journee-cheval\" target=\"_blank\" rel=\"noopener\">canadaequestre.ca\/evenements-resultats\/journee-cheval<\/a>.&nbsp;<\/p>\n<p><img src='\/wp-content\/uploads\/cdn\/storage\/images_v2\/_MG_8941.jpg' alt='Get Ready to Celebrate Horse Day 2019 on June 1, 2019' \/><\/p>\n","protected":false},"excerpt":{"rendered":"<p>La Journ\u00e9e du cheval a \u00e9t\u00e9 cr\u00e9\u00e9e pour mettre le cheval en valeur et le faire d\u00e9couvrir au grand public. Dans tous les coins du pays, des activit\u00e9s et des c\u00e9l\u00e9brations seront organis\u00e9es le 1er juin pour permettre aux Canadiens de tous les \u00e2ges et de tous les horizons d\u2019honorer, de d\u00e9couvrir et d\u2019explorer le [&hellip;]<\/p>\n","protected":false},"author":3,"featured_media":4329,"comment_status":"open","ping_status":"open","sticky":false,"template":"","format":"standard","meta":{"_acf_changed":false,"rs_blank_template":"","rs_page_bg_color":"","slide_template_v7":"","footnotes":""},"categories":[241],"tags":[],"class_list":["post-26186","post","type-post","status-publish","format-standard","has-post-thumbnail","hentry","category-anciens-articles"],"acf":[],"yoast_head":"<!-- This site is optimized with the Yoast SEO plugin v27.0 - https:\/\/yoast.com\/product\/yoast-seo-wordpress\/ -->\n<title>Journ\u00e9e du cheval : un rendez-vous pancanadien le 1er juin prochain - Equestrian Canada<\/title>\n<meta name=\"robots\" content=\"index, follow, max-snippet:-1, max-image-preview:large, max-video-preview:-1\" \/>\n<link rel=\"canonical\" href=\"https:\/\/equestrian.ca\/fr\/anciens-articles\/journee-du-cheval-un-rendez-vous-pancanadien-le-1er-juin-prochain\/\" \/>\n<meta property=\"og:locale\" content=\"fr_CA\" \/>\n<meta property=\"og:type\" content=\"article\" \/>\n<meta property=\"og:title\" content=\"Journ\u00e9e du cheval : un rendez-vous pancanadien le 1er juin prochain - Equestrian Canada\" \/>\n<meta property=\"og:description\" content=\"La Journ\u00e9e du cheval a \u00e9t\u00e9 cr\u00e9\u00e9e pour mettre le cheval en valeur et le faire d\u00e9couvrir au grand public. Dans tous les coins du pays, des activit\u00e9s et des c\u00e9l\u00e9brations seront organis\u00e9es le 1er juin pour permettre aux Canadiens de tous les \u00e2ges et de tous les horizons d\u2019honorer, de d\u00e9couvrir et d\u2019explorer le [&hellip;]\" \/>\n<meta property=\"og:url\" content=\"https:\/\/equestrian.ca\/fr\/anciens-articles\/journee-du-cheval-un-rendez-vous-pancanadien-le-1er-juin-prochain\/\" \/>\n<meta property=\"og:site_name\" content=\"Equestrian Canada\" \/>\n<meta property=\"article:published_time\" content=\"2019-03-14T00:00:00+00:00\" \/>\n<meta property=\"og:image\" content=\"https:\/\/equestrian.ca\/wp-content\/uploads\/2023\/09\/MG_8941-scaled.jpg\" \/>\n\t<meta property=\"og:image:width\" content=\"2055\" \/>\n\t<meta property=\"og:image:height\" content=\"2560\" \/>\n\t<meta property=\"og:image:type\" content=\"image\/jpeg\" \/>\n<meta name=\"author\" content=\"Berry\" \/>\n<meta name=\"twitter:card\" content=\"summary_large_image\" \/>\n<meta name=\"twitter:label1\" content=\"\u00c9crit par\" \/>\n\t<meta name=\"twitter:data1\" content=\"Berry\" \/>\n\t<meta name=\"twitter:label2\" content=\"Estimation du temps de lecture\" \/>\n\t<meta name=\"twitter:data2\" content=\"2 minutes\" \/>\n<script type=\"application\/ld+json\" class=\"yoast-schema-graph\">{\"@context\":\"https:\/\/schema.org\",\"@graph\":[{\"@type\":\"Article\",\"@id\":\"https:\/\/equestrian.ca\/fr\/anciens-articles\/journee-du-cheval-un-rendez-vous-pancanadien-le-1er-juin-prochain\/#article\",\"isPartOf\":{\"@id\":\"https:\/\/equestrian.ca\/fr\/anciens-articles\/journee-du-cheval-un-rendez-vous-pancanadien-le-1er-juin-prochain\/\"},\"author\":{\"name\":\"Berry\",\"@id\":\"https:\/\/equestrian.ca\/fr\/#\/schema\/person\/9abd3ba4d1027626b07355668e4ee3ad\"},\"headline\":\"Journ\u00e9e du cheval : un rendez-vous pancanadien le 1er juin prochain\",\"datePublished\":\"2019-03-14T00:00:00+00:00\",\"mainEntityOfPage\":{\"@id\":\"https:\/\/equestrian.ca\/fr\/anciens-articles\/journee-du-cheval-un-rendez-vous-pancanadien-le-1er-juin-prochain\/\"},\"wordCount\":470,\"commentCount\":0,\"image\":{\"@id\":\"https:\/\/equestrian.ca\/fr\/anciens-articles\/journee-du-cheval-un-rendez-vous-pancanadien-le-1er-juin-prochain\/#primaryimage\"},\"thumbnailUrl\":\"https:\/\/equestrian.ca\/wp-content\/uploads\/2023\/09\/MG_8941-scaled.jpg\",\"articleSection\":[\"Anciens articles\"],\"inLanguage\":\"fr-CA\",\"potentialAction\":[{\"@type\":\"CommentAction\",\"name\":\"Comment\",\"target\":[\"https:\/\/equestrian.ca\/fr\/anciens-articles\/journee-du-cheval-un-rendez-vous-pancanadien-le-1er-juin-prochain\/#respond\"]}]},{\"@type\":\"WebPage\",\"@id\":\"https:\/\/equestrian.ca\/fr\/anciens-articles\/journee-du-cheval-un-rendez-vous-pancanadien-le-1er-juin-prochain\/\",\"url\":\"https:\/\/equestrian.ca\/fr\/anciens-articles\/journee-du-cheval-un-rendez-vous-pancanadien-le-1er-juin-prochain\/\",\"name\":\"Journ\u00e9e du cheval : un rendez-vous pancanadien le 1er juin prochain - Equestrian Canada\",\"isPartOf\":{\"@id\":\"https:\/\/equestrian.ca\/fr\/#website\"},\"primaryImageOfPage\":{\"@id\":\"https:\/\/equestrian.ca\/fr\/anciens-articles\/journee-du-cheval-un-rendez-vous-pancanadien-le-1er-juin-prochain\/#primaryimage\"},\"image\":{\"@id\":\"https:\/\/equestrian.ca\/fr\/anciens-articles\/journee-du-cheval-un-rendez-vous-pancanadien-le-1er-juin-prochain\/#primaryimage\"},\"thumbnailUrl\":\"https:\/\/equestrian.ca\/wp-content\/uploads\/2023\/09\/MG_8941-scaled.jpg\",\"datePublished\":\"2019-03-14T00:00:00+00:00\",\"author\":{\"@id\":\"https:\/\/equestrian.ca\/fr\/#\/schema\/person\/9abd3ba4d1027626b07355668e4ee3ad\"},\"breadcrumb\":{\"@id\":\"https:\/\/equestrian.ca\/fr\/anciens-articles\/journee-du-cheval-un-rendez-vous-pancanadien-le-1er-juin-prochain\/#breadcrumb\"},\"inLanguage\":\"fr-CA\",\"potentialAction\":[{\"@type\":\"ReadAction\",\"target\":[\"https:\/\/equestrian.ca\/fr\/anciens-articles\/journee-du-cheval-un-rendez-vous-pancanadien-le-1er-juin-prochain\/\"]}]},{\"@type\":\"ImageObject\",\"inLanguage\":\"fr-CA\",\"@id\":\"https:\/\/equestrian.ca\/fr\/anciens-articles\/journee-du-cheval-un-rendez-vous-pancanadien-le-1er-juin-prochain\/#primaryimage\",\"url\":\"https:\/\/equestrian.ca\/wp-content\/uploads\/2023\/09\/MG_8941-scaled.jpg\",\"contentUrl\":\"https:\/\/equestrian.ca\/wp-content\/uploads\/2023\/09\/MG_8941-scaled.jpg\",\"width\":2055,\"height\":2560},{\"@type\":\"BreadcrumbList\",\"@id\":\"https:\/\/equestrian.ca\/fr\/anciens-articles\/journee-du-cheval-un-rendez-vous-pancanadien-le-1er-juin-prochain\/#breadcrumb\",\"itemListElement\":[{\"@type\":\"ListItem\",\"position\":1,\"name\":\"Home\",\"item\":\"https:\/\/equestrian.ca\/fr\/\"},{\"@type\":\"ListItem\",\"position\":2,\"name\":\"Journ\u00e9e du cheval : un rendez-vous pancanadien le 1er juin prochain\"}]},{\"@type\":\"WebSite\",\"@id\":\"https:\/\/equestrian.ca\/fr\/#website\",\"url\":\"https:\/\/equestrian.ca\/fr\/\",\"name\":\"Equestrian Canada\",\"description\":\"For the love of horses and sport for life.\",\"potentialAction\":[{\"@type\":\"SearchAction\",\"target\":{\"@type\":\"EntryPoint\",\"urlTemplate\":\"https:\/\/equestrian.ca\/fr\/?s={search_term_string}\"},\"query-input\":{\"@type\":\"PropertyValueSpecification\",\"valueRequired\":true,\"valueName\":\"search_term_string\"}}],\"inLanguage\":\"fr-CA\"},{\"@type\":\"Person\",\"@id\":\"https:\/\/equestrian.ca\/fr\/#\/schema\/person\/9abd3ba4d1027626b07355668e4ee3ad\",\"name\":\"Berry\",\"image\":{\"@type\":\"ImageObject\",\"inLanguage\":\"fr-CA\",\"@id\":\"https:\/\/equestrian.ca\/fr\/#\/schema\/person\/image\/\",\"url\":\"https:\/\/secure.gravatar.com\/avatar\/882da3b67056b0c608086d3c77de46948b64244a4c249e81e0bf04a8095ce320?s=96&d=mm&r=g\",\"contentUrl\":\"https:\/\/secure.gravatar.com\/avatar\/882da3b67056b0c608086d3c77de46948b64244a4c249e81e0bf04a8095ce320?s=96&d=mm&r=g\",\"caption\":\"Berry\"},\"url\":\"https:\/\/equestrian.ca\/fr\/author\/mberry\/\"}]}<\/script>\n<!-- \/ Yoast SEO plugin. -->","yoast_head_json":{"title":"Journ\u00e9e du cheval : un rendez-vous pancanadien le 1er juin prochain - Equestrian Canada","robots":{"index":"index","follow":"follow","max-snippet":"max-snippet:-1","max-image-preview":"max-image-preview:large","max-video-preview":"max-video-preview:-1"},"canonical":"https:\/\/equestrian.ca\/fr\/anciens-articles\/journee-du-cheval-un-rendez-vous-pancanadien-le-1er-juin-prochain\/","og_locale":"fr_CA","og_type":"article","og_title":"Journ\u00e9e du cheval : un rendez-vous pancanadien le 1er juin prochain - Equestrian Canada","og_description":"La Journ\u00e9e du cheval a \u00e9t\u00e9 cr\u00e9\u00e9e pour mettre le cheval en valeur et le faire d\u00e9couvrir au grand public. Dans tous les coins du pays, des activit\u00e9s et des c\u00e9l\u00e9brations seront organis\u00e9es le 1er juin pour permettre aux Canadiens de tous les \u00e2ges et de tous les horizons d\u2019honorer, de d\u00e9couvrir et d\u2019explorer le [&hellip;]","og_url":"https:\/\/equestrian.ca\/fr\/anciens-articles\/journee-du-cheval-un-rendez-vous-pancanadien-le-1er-juin-prochain\/","og_site_name":"Equestrian Canada","article_published_time":"2019-03-14T00:00:00+00:00","og_image":[{"width":2055,"height":2560,"url":"https:\/\/equestrian.ca\/wp-content\/uploads\/2023\/09\/MG_8941-scaled.jpg","type":"image\/jpeg"}],"author":"Berry","twitter_card":"summary_large_image","twitter_misc":{"\u00c9crit par":"Berry","Estimation du temps de lecture":"2 minutes"},"schema":{"@context":"https:\/\/schema.org","@graph":[{"@type":"Article","@id":"https:\/\/equestrian.ca\/fr\/anciens-articles\/journee-du-cheval-un-rendez-vous-pancanadien-le-1er-juin-prochain\/#article","isPartOf":{"@id":"https:\/\/equestrian.ca\/fr\/anciens-articles\/journee-du-cheval-un-rendez-vous-pancanadien-le-1er-juin-prochain\/"},"author":{"name":"Berry","@id":"https:\/\/equestrian.ca\/fr\/#\/schema\/person\/9abd3ba4d1027626b07355668e4ee3ad"},"headline":"Journ\u00e9e du cheval : un rendez-vous pancanadien le 1er juin prochain","datePublished":"2019-03-14T00:00:00+00:00","mainEntityOfPage":{"@id":"https:\/\/equestrian.ca\/fr\/anciens-articles\/journee-du-cheval-un-rendez-vous-pancanadien-le-1er-juin-prochain\/"},"wordCount":470,"commentCount":0,"image":{"@id":"https:\/\/equestrian.ca\/fr\/anciens-articles\/journee-du-cheval-un-rendez-vous-pancanadien-le-1er-juin-prochain\/#primaryimage"},"thumbnailUrl":"https:\/\/equestrian.ca\/wp-content\/uploads\/2023\/09\/MG_8941-scaled.jpg","articleSection":["Anciens articles"],"inLanguage":"fr-CA","potentialAction":[{"@type":"CommentAction","name":"Comment","target":["https:\/\/equestrian.ca\/fr\/anciens-articles\/journee-du-cheval-un-rendez-vous-pancanadien-le-1er-juin-prochain\/#respond"]}]},{"@type":"WebPage","@id":"https:\/\/equestrian.ca\/fr\/anciens-articles\/journee-du-cheval-un-rendez-vous-pancanadien-le-1er-juin-prochain\/","url":"https:\/\/equestrian.ca\/fr\/anciens-articles\/journee-du-cheval-un-rendez-vous-pancanadien-le-1er-juin-prochain\/","name":"Journ\u00e9e du cheval : un rendez-vous pancanadien le 1er juin prochain - Equestrian Canada","isPartOf":{"@id":"https:\/\/equestrian.ca\/fr\/#website"},"primaryImageOfPage":{"@id":"https:\/\/equestrian.ca\/fr\/anciens-articles\/journee-du-cheval-un-rendez-vous-pancanadien-le-1er-juin-prochain\/#primaryimage"},"image":{"@id":"https:\/\/equestrian.ca\/fr\/anciens-articles\/journee-du-cheval-un-rendez-vous-pancanadien-le-1er-juin-prochain\/#primaryimage"},"thumbnailUrl":"https:\/\/equestrian.ca\/wp-content\/uploads\/2023\/09\/MG_8941-scaled.jpg","datePublished":"2019-03-14T00:00:00+00:00","author":{"@id":"https:\/\/equestrian.ca\/fr\/#\/schema\/person\/9abd3ba4d1027626b07355668e4ee3ad"},"breadcrumb":{"@id":"https:\/\/equestrian.ca\/fr\/anciens-articles\/journee-du-cheval-un-rendez-vous-pancanadien-le-1er-juin-prochain\/#breadcrumb"},"inLanguage":"fr-CA","potentialAction":[{"@type":"ReadAction","target":["https:\/\/equestrian.ca\/fr\/anciens-articles\/journee-du-cheval-un-rendez-vous-pancanadien-le-1er-juin-prochain\/"]}]},{"@type":"ImageObject","inLanguage":"fr-CA","@id":"https:\/\/equestrian.ca\/fr\/anciens-articles\/journee-du-cheval-un-rendez-vous-pancanadien-le-1er-juin-prochain\/#primaryimage","url":"https:\/\/equestrian.ca\/wp-content\/uploads\/2023\/09\/MG_8941-scaled.jpg","contentUrl":"https:\/\/equestrian.ca\/wp-content\/uploads\/2023\/09\/MG_8941-scaled.jpg","width":2055,"height":2560},{"@type":"BreadcrumbList","@id":"https:\/\/equestrian.ca\/fr\/anciens-articles\/journee-du-cheval-un-rendez-vous-pancanadien-le-1er-juin-prochain\/#breadcrumb","itemListElement":[{"@type":"ListItem","position":1,"name":"Home","item":"https:\/\/equestrian.ca\/fr\/"},{"@type":"ListItem","position":2,"name":"Journ\u00e9e du cheval : un rendez-vous pancanadien le 1er juin prochain"}]},{"@type":"WebSite","@id":"https:\/\/equestrian.ca\/fr\/#website","url":"https:\/\/equestrian.ca\/fr\/","name":"Equestrian Canada","description":"For the love of horses and sport for life.","potentialAction":[{"@type":"SearchAction","target":{"@type":"EntryPoint","urlTemplate":"https:\/\/equestrian.ca\/fr\/?s={search_term_string}"},"query-input":{"@type":"PropertyValueSpecification","valueRequired":true,"valueName":"search_term_string"}}],"inLanguage":"fr-CA"},{"@type":"Person","@id":"https:\/\/equestrian.ca\/fr\/#\/schema\/person\/9abd3ba4d1027626b07355668e4ee3ad","name":"Berry","image":{"@type":"ImageObject","inLanguage":"fr-CA","@id":"https:\/\/equestrian.ca\/fr\/#\/schema\/person\/image\/","url":"https:\/\/secure.gravatar.com\/avatar\/882da3b67056b0c608086d3c77de46948b64244a4c249e81e0bf04a8095ce320?s=96&d=mm&r=g","contentUrl":"https:\/\/secure.gravatar.com\/avatar\/882da3b67056b0c608086d3c77de46948b64244a4c249e81e0bf04a8095ce320?s=96&d=mm&r=g","caption":"Berry"},"url":"https:\/\/equestrian.ca\/fr\/author\/mberry\/"}]}},"_links":{"self":[{"href":"https:\/\/equestrian.ca\/fr\/wp-json\/wp\/v2\/posts\/26186","targetHints":{"allow":["GET"]}}],"collection":[{"href":"https:\/\/equestrian.ca\/fr\/wp-json\/wp\/v2\/posts"}],"about":[{"href":"https:\/\/equestrian.ca\/fr\/wp-json\/wp\/v2\/types\/post"}],"author":[{"embeddable":true,"href":"https:\/\/equestrian.ca\/fr\/wp-json\/wp\/v2\/users\/3"}],"replies":[{"embeddable":true,"href":"https:\/\/equestrian.ca\/fr\/wp-json\/wp\/v2\/comments?post=26186"}],"version-history":[{"count":0,"href":"https:\/\/equestrian.ca\/fr\/wp-json\/wp\/v2\/posts\/26186\/revisions"}],"wp:featuredmedia":[{"embeddable":true,"href":"https:\/\/equestrian.ca\/fr\/wp-json\/wp\/v2\/media\/4329"}],"wp:attachment":[{"href":"https:\/\/equestrian.ca\/fr\/wp-json\/wp\/v2\/media?parent=26186"}],"wp:term":[{"taxonomy":"category","embeddable":true,"href":"https:\/\/equestrian.ca\/fr\/wp-json\/wp\/v2\/categories?post=26186"},{"taxonomy":"post_tag","embeddable":true,"href":"https:\/\/equestrian.ca\/fr\/wp-json\/wp\/v2\/tags?post=26186"}],"curies":[{"name":"wp","href":"https:\/\/api.w.org\/{rel}","templated":true}]}}