{"id":26134,"date":"2023-10-26T00:00:00","date_gmt":"2023-10-26T00:00:00","guid":{"rendered":"https:\/\/equestrian.ca\/news\/santiago-2023-jour-5\/"},"modified":"2023-10-26T00:00:00","modified_gmt":"2023-10-26T00:00:00","slug":"santiago-2023-jour-5","status":"publish","type":"post","link":"https:\/\/equestrian.ca\/fr\/grands-jeux\/santiago-2023-jour-5\/","title":{"rendered":"Santiago 2023  \u2013 Jour 5"},"content":{"rendered":"<p><img src='\/wp-content\/uploads\/cdn\/storage\/images_v2\/2314PANA_Dressage.jpg' alt='Santiago 2023 \u2013 Update Day 5' \/><\/p>\n<p>Le dernier jour de la comp\u00e9tition de dressage s\u2019est conclue en beaut\u00e9 avec une reprise libre mettant en sc\u00e8ne trois performances par pays, dont celles des trois cavali\u00e8res de niveau Grand Prix du Canada. Ayant d\u00e9j\u00e0 d\u00e9croch\u00e9 leur billet pour les Jeux olympiques gr\u00e2ce \u00e0 une splendide m\u00e9daille de bronze par \u00e9quipes obtenue le lundi, l\u2019ambiance \u00e9tait plus d\u00e9contract\u00e9e pour les athl\u00e8tes, qui avaient bien h\u00e2te de danser avec leurs chevaux devant la foule internationale. <\/p>\n<p>Pas moins de vingt couples de dix pays ont ainsi effectu\u00e9 leurs chor\u00e9graphies au rythme de choix musicaux tous plus vari\u00e9s les uns les autres. On y a notamment entendu de la musique classique et des compilations mettant en vedette les chansons \u00ab Running Up That Hill \u00bb, de Kate Bush, et \u00ab In da Club \u00bb, de 50 Cent. La cavali\u00e8re Camille Carier Bergeron a battu un record personnel assorti d\u2019une septi\u00e8me place, faisant d\u2019elle la Canadienne la mieux plac\u00e9e de la journ\u00e9e. <\/p>\n<p>Les m\u00e9dailles de l\u2019\u00e9preuve ont \u00e9t\u00e9 attribu\u00e9es \u00e0 l\u2019\u00c9quatorien Julio Mendoza Loor et Jewel\u2019s Goldstrike (84,230 \u2013 or), au Br\u00e9silien Joao Victor Marcari et Feel Good VO (83,160 \u2013 argent), et \u00e0 l\u2019\u00c9tasunienne Anna Marek et Firefly (78,305 \u2013 Bronze).<\/p>\n<p>Nous avons discut\u00e9 avec les cavali\u00e8res \u00e0 leur sortie de la carri\u00e8re pour en savoir plus sur leur exp\u00e9rience.<\/p>\n<p><img src='\/wp-content\/uploads\/cdn\/storage\/images_v2\/Mathilde and Fedor.jpg' alt='Santiago 2023 \u2013 Update Day 5' \/><\/p>\n<p><i>Mathilde Blais T\u00e9treault de Montr\u00e9al (Qu\u00e9bec) a obtenu une note de 71,195 % et une 12e place sur le dos de son partenaire Fedor (Johnson TN x Negro), un hongre warmblood n\u00e9erlandais de 13 ans dont la propri\u00e9taire et groom est Laurence Blais T\u00e9treault, la s\u0153ur de la cavali\u00e8re.&nbsp;<br \/><b>Source&nbsp;<\/b>: Cealy Tetley<\/i><\/p>\n<p>[TRADUCTION]<\/p>\n<p><b>Comment \u00e7a s\u2019est pass\u00e9 aujourd\u2019hui, Mathilde?<\/b><\/p>\n<\/p>\n<p>\u00ab Dans l\u2019ensemble, je suis tr\u00e8s contente. Il \u00e9tait tr\u00e8s fatigu\u00e9, mais il a fait de son mieux pour moi. Nous avons fait quelques erreurs, mais je suis super fi\u00e8re en g\u00e9n\u00e9ral. J\u2019ai d\u00fb travailler tr\u00e8s dur, mais il a fait tout ce que je lui demandais alors je suis vraiment satisfaite! \u00bb<\/p>\n<p><b>Comment te sens-tu apr\u00e8s tes premiers Jeux panam\u00e9ricains?<\/b><\/p>\n<p>\u00ab Je ne le r\u00e9alise pas compl\u00e8tement. Je pense que je vais tout r\u00e9aliser une fois de retour \u00e0 la maison, lorsque je vais revoir mes amis et tous mes proches. En ce moment, j\u2019ai surtout l\u2019impression d\u2019avoir v\u00e9cu un grand concours plus stressant qu\u2019\u00e0 l\u2019habitude (rires). Mais je retourne maintenant en Floride pour m\u2019entra\u00eener pour les Jeux olympiques! Wow! \u00bb<\/p>\n<p><img src='\/wp-content\/uploads\/cdn\/storage\/images_v2\/Camille and SOS-Free.jpg' alt='Santiago 2023 \u2013 Update Day 5' \/><\/p>\n<p><i>Camille Carier Bergeron de Laval (Qu\u00e9bec) et Sound of Silence 4 (San Amour I x Limes), le hongre westphalien de 15 ans de Gilles Bergeron (groom : Joanie Carrier), ont battu un record personnel avec une note de 75,195 % et une 7e place.<br \/><b>Source&nbsp;<\/b>: Cealy Tetley<\/p>\n<p><\/i>[TRADUCTION]<i><br \/><\/i><\/p>\n<p><b>Comment \u00e9tait ta performance aujourd\u2019hui, Camille?<\/b><\/p>\n<p>\u00ab C\u2019\u00e9tait incroyable! Il \u00e9tait merveilleux et la connexion \u00e9tait bien l\u00e0. Je suis tr\u00e8s heureuse de ma performance. \u00bb<\/p>\n<p><b>Quel effet \u00e7a te fait de repr\u00e9senter ton pays?<\/b><\/p>\n<p>\u00ab Je me sens vraiment fi\u00e8re. C\u2019est un r\u00eave devenu r\u00e9alit\u00e9 et cela s\u2019est tellement bien termin\u00e9 que je suis hyper contente de tout ce qui s\u2019est pass\u00e9. \u00bb<\/p>\n<p><b>As-tu quelque chose \u00e0 dire aux personnes qui te regardent de chez toi?<\/b><\/p>\n<p>\u00ab Je veux remercier toutes les personnes qui nous appuy\u00e9es, qui nous ont tellement soutenues, qui nous ont envoy\u00e9 des messages, des encouragements, des v\u00eatements\u2026 Je suis aussi tr\u00e8s reconnaissante d\u2019avoir une aussi grande \u00e9quipe derri\u00e8re nous, merci! \u00bb<\/p>\n<p><img src='\/wp-content\/uploads\/cdn\/storage\/images_v2\/Naima - freestyle.jpg' alt='Santiago 2023 \u2013 Update Day 5' \/><\/p>\n<p><i>Naima Moreira-Lalibert\u00e9 d\u2019Outremont (Qu\u00e9bec) et Statesman (Sandro Hit x Brentano II), le hongre hanovrien de 16 ans de KML Inc. (groom : Yasmine Lee Saunders) ont d\u00e9croch\u00e9 une note de 74,130 % et une dixi\u00e8me place.<br \/><b>Source&nbsp;<\/b>: Cealy Tetley<\/p>\n<p><\/i>[TRADUCTION]<i><br \/><\/i><\/p>\n<p><b>Comment s\u2019est pass\u00e9e ta reprise d\u2019aujourd\u2019hui, Naima?<\/b><\/p>\n<p>\u00ab Je me suis beaucoup amus\u00e9e. C\u2019est toujours fabuleux de pouvoir danser avec son cheval! Malheureusement, j\u2019ai encore fait des erreurs dans les changements de pieds aux quatre temps, mais j\u2019ai pu me rattraper un peu durant mon joker. C\u2019\u00e9tait extraordinaire quand m\u00eame. \u00bb<\/p>\n<p><b>\u00c7a fait quoi de repr\u00e9senter le Canada?<\/b><\/p>\n<p>\u00ab \u00catre dans l\u2019\u00e9quipe est toujours sp\u00e9cial. Tu sais qu\u2019il y a plusieurs personnes qui te regardent de chez toi et qui t\u2019admirent, comptent sur toi et t\u2019encouragent. Je crois que c\u2019est formidable que nous ayons r\u00e9ussi \u00e0 qualifier le pays. C\u2019est donc un honneur, mais je le vois aussi comme une responsabilit\u00e9. Je pense que c\u2019est une mission accomplie, merci, tout le monde. \u00bb<\/p>\n<p><b>Y a-t-il autre chose que tu voudrais ajouter?<\/b><\/p>\n<p>\u00ab Je n\u2019arr\u00eate pas de le dire, mais \u00e7a prend une ville \u2013 pas seulement un village \u2013 pour accomplir tout ce que nous avons fait jusqu\u2019\u00e0 maintenant. Je suis tr\u00e8s reconnaissante envers ma famille, mes amis, mon \u00e9quipe \u00e0 la maison, mes v\u00e9t\u00e9rinaires et mes entra\u00eeneur(e)s. Merci infiniment\u2026 Tout ceci \u00e9tait pour vous alors merci, merci, merci! \u00bb<\/p>\n","protected":false},"excerpt":{"rendered":"<p>Le dernier jour de la comp\u00e9tition de dressage s\u2019est conclue en beaut\u00e9 avec une reprise libre mettant en sc\u00e8ne trois performances par pays, dont celles des trois cavali\u00e8res de niveau Grand Prix du Canada. Ayant d\u00e9j\u00e0 d\u00e9croch\u00e9 leur billet pour les Jeux olympiques gr\u00e2ce \u00e0 une splendide m\u00e9daille de bronze par \u00e9quipes obtenue le lundi, [&hellip;]<\/p>\n","protected":false},"author":3,"featured_media":10085,"comment_status":"open","ping_status":"open","sticky":false,"template":"","format":"standard","meta":{"_acf_changed":false,"footnotes":""},"categories":[240],"tags":[],"class_list":["post-26134","post","type-post","status-publish","format-standard","has-post-thumbnail","hentry","category-grands-jeux"],"acf":[],"yoast_head":"<!-- This site is optimized with the Yoast SEO plugin v27.0 - https:\/\/yoast.com\/product\/yoast-seo-wordpress\/ -->\n<title>Santiago 2023 \u2013 Jour 5 - Equestrian Canada<\/title>\n<meta name=\"robots\" content=\"index, follow, max-snippet:-1, max-image-preview:large, max-video-preview:-1\" \/>\n<link rel=\"canonical\" href=\"https:\/\/equestrian.ca\/fr\/grands-jeux\/santiago-2023-jour-5\/\" \/>\n<meta property=\"og:locale\" content=\"fr_CA\" \/>\n<meta property=\"og:type\" content=\"article\" \/>\n<meta property=\"og:title\" content=\"Santiago 2023 \u2013 Jour 5 - Equestrian Canada\" \/>\n<meta property=\"og:description\" content=\"Le dernier jour de la comp\u00e9tition de dressage s\u2019est conclue en beaut\u00e9 avec une reprise libre mettant en sc\u00e8ne trois performances par pays, dont celles des trois cavali\u00e8res de niveau Grand Prix du Canada. Ayant d\u00e9j\u00e0 d\u00e9croch\u00e9 leur billet pour les Jeux olympiques gr\u00e2ce \u00e0 une splendide m\u00e9daille de bronze par \u00e9quipes obtenue le lundi, [&hellip;]\" \/>\n<meta property=\"og:url\" content=\"https:\/\/equestrian.ca\/fr\/grands-jeux\/santiago-2023-jour-5\/\" \/>\n<meta property=\"og:site_name\" content=\"Equestrian Canada\" \/>\n<meta property=\"article:published_time\" content=\"2023-10-26T00:00:00+00:00\" \/>\n<meta property=\"og:image\" content=\"https:\/\/equestrian.ca\/wp-content\/uploads\/2024\/01\/Camille-and-SOS-Free.jpg\" \/>\n\t<meta property=\"og:image:width\" content=\"1350\" \/>\n\t<meta property=\"og:image:height\" content=\"1080\" \/>\n\t<meta property=\"og:image:type\" content=\"image\/jpeg\" \/>\n<meta name=\"author\" content=\"Berry\" \/>\n<meta name=\"twitter:card\" content=\"summary_large_image\" \/>\n<meta name=\"twitter:label1\" content=\"\u00c9crit par\" \/>\n\t<meta name=\"twitter:data1\" content=\"Berry\" \/>\n\t<meta name=\"twitter:label2\" content=\"Estimation du temps de lecture\" \/>\n\t<meta name=\"twitter:data2\" content=\"4 minutes\" \/>\n<script type=\"application\/ld+json\" class=\"yoast-schema-graph\">{\"@context\":\"https:\/\/schema.org\",\"@graph\":[{\"@type\":\"Article\",\"@id\":\"https:\/\/equestrian.ca\/fr\/grands-jeux\/santiago-2023-jour-5\/#article\",\"isPartOf\":{\"@id\":\"https:\/\/equestrian.ca\/fr\/grands-jeux\/santiago-2023-jour-5\/\"},\"author\":{\"name\":\"Berry\",\"@id\":\"https:\/\/equestrian.ca\/fr\/#\/schema\/person\/9abd3ba4d1027626b07355668e4ee3ad\"},\"headline\":\"Santiago 2023 \u2013 Jour 5\",\"datePublished\":\"2023-10-26T00:00:00+00:00\",\"mainEntityOfPage\":{\"@id\":\"https:\/\/equestrian.ca\/fr\/grands-jeux\/santiago-2023-jour-5\/\"},\"wordCount\":859,\"commentCount\":0,\"image\":{\"@id\":\"https:\/\/equestrian.ca\/fr\/grands-jeux\/santiago-2023-jour-5\/#primaryimage\"},\"thumbnailUrl\":\"https:\/\/equestrian.ca\/wp-content\/uploads\/2024\/01\/Camille-and-SOS-Free.jpg\",\"articleSection\":[\"Grands Jeux\"],\"inLanguage\":\"fr-CA\",\"potentialAction\":[{\"@type\":\"CommentAction\",\"name\":\"Comment\",\"target\":[\"https:\/\/equestrian.ca\/fr\/grands-jeux\/santiago-2023-jour-5\/#respond\"]}]},{\"@type\":\"WebPage\",\"@id\":\"https:\/\/equestrian.ca\/fr\/grands-jeux\/santiago-2023-jour-5\/\",\"url\":\"https:\/\/equestrian.ca\/fr\/grands-jeux\/santiago-2023-jour-5\/\",\"name\":\"Santiago 2023 \u2013 Jour 5 - Equestrian Canada\",\"isPartOf\":{\"@id\":\"https:\/\/equestrian.ca\/fr\/#website\"},\"primaryImageOfPage\":{\"@id\":\"https:\/\/equestrian.ca\/fr\/grands-jeux\/santiago-2023-jour-5\/#primaryimage\"},\"image\":{\"@id\":\"https:\/\/equestrian.ca\/fr\/grands-jeux\/santiago-2023-jour-5\/#primaryimage\"},\"thumbnailUrl\":\"https:\/\/equestrian.ca\/wp-content\/uploads\/2024\/01\/Camille-and-SOS-Free.jpg\",\"datePublished\":\"2023-10-26T00:00:00+00:00\",\"author\":{\"@id\":\"https:\/\/equestrian.ca\/fr\/#\/schema\/person\/9abd3ba4d1027626b07355668e4ee3ad\"},\"breadcrumb\":{\"@id\":\"https:\/\/equestrian.ca\/fr\/grands-jeux\/santiago-2023-jour-5\/#breadcrumb\"},\"inLanguage\":\"fr-CA\",\"potentialAction\":[{\"@type\":\"ReadAction\",\"target\":[\"https:\/\/equestrian.ca\/fr\/grands-jeux\/santiago-2023-jour-5\/\"]}]},{\"@type\":\"ImageObject\",\"inLanguage\":\"fr-CA\",\"@id\":\"https:\/\/equestrian.ca\/fr\/grands-jeux\/santiago-2023-jour-5\/#primaryimage\",\"url\":\"https:\/\/equestrian.ca\/wp-content\/uploads\/2024\/01\/Camille-and-SOS-Free.jpg\",\"contentUrl\":\"https:\/\/equestrian.ca\/wp-content\/uploads\/2024\/01\/Camille-and-SOS-Free.jpg\",\"width\":1350,\"height\":1080,\"caption\":\"Camille Carier Bergeron and Sound of Silence 4\"},{\"@type\":\"BreadcrumbList\",\"@id\":\"https:\/\/equestrian.ca\/fr\/grands-jeux\/santiago-2023-jour-5\/#breadcrumb\",\"itemListElement\":[{\"@type\":\"ListItem\",\"position\":1,\"name\":\"Home\",\"item\":\"https:\/\/equestrian.ca\/fr\/\"},{\"@type\":\"ListItem\",\"position\":2,\"name\":\"Santiago 2023 \u2013 Jour 5\"}]},{\"@type\":\"WebSite\",\"@id\":\"https:\/\/equestrian.ca\/fr\/#website\",\"url\":\"https:\/\/equestrian.ca\/fr\/\",\"name\":\"Equestrian Canada\",\"description\":\"For the love of horses and sport for life.\",\"potentialAction\":[{\"@type\":\"SearchAction\",\"target\":{\"@type\":\"EntryPoint\",\"urlTemplate\":\"https:\/\/equestrian.ca\/fr\/?s={search_term_string}\"},\"query-input\":{\"@type\":\"PropertyValueSpecification\",\"valueRequired\":true,\"valueName\":\"search_term_string\"}}],\"inLanguage\":\"fr-CA\"},{\"@type\":\"Person\",\"@id\":\"https:\/\/equestrian.ca\/fr\/#\/schema\/person\/9abd3ba4d1027626b07355668e4ee3ad\",\"name\":\"Berry\",\"image\":{\"@type\":\"ImageObject\",\"inLanguage\":\"fr-CA\",\"@id\":\"https:\/\/equestrian.ca\/fr\/#\/schema\/person\/image\/\",\"url\":\"https:\/\/secure.gravatar.com\/avatar\/882da3b67056b0c608086d3c77de46948b64244a4c249e81e0bf04a8095ce320?s=96&d=mm&r=g\",\"contentUrl\":\"https:\/\/secure.gravatar.com\/avatar\/882da3b67056b0c608086d3c77de46948b64244a4c249e81e0bf04a8095ce320?s=96&d=mm&r=g\",\"caption\":\"Berry\"},\"url\":\"https:\/\/equestrian.ca\/fr\/author\/mberry\/\"}]}<\/script>\n<!-- \/ Yoast SEO plugin. -->","yoast_head_json":{"title":"Santiago 2023 \u2013 Jour 5 - Equestrian Canada","robots":{"index":"index","follow":"follow","max-snippet":"max-snippet:-1","max-image-preview":"max-image-preview:large","max-video-preview":"max-video-preview:-1"},"canonical":"https:\/\/equestrian.ca\/fr\/grands-jeux\/santiago-2023-jour-5\/","og_locale":"fr_CA","og_type":"article","og_title":"Santiago 2023 \u2013 Jour 5 - Equestrian Canada","og_description":"Le dernier jour de la comp\u00e9tition de dressage s\u2019est conclue en beaut\u00e9 avec une reprise libre mettant en sc\u00e8ne trois performances par pays, dont celles des trois cavali\u00e8res de niveau Grand Prix du Canada. Ayant d\u00e9j\u00e0 d\u00e9croch\u00e9 leur billet pour les Jeux olympiques gr\u00e2ce \u00e0 une splendide m\u00e9daille de bronze par \u00e9quipes obtenue le lundi, [&hellip;]","og_url":"https:\/\/equestrian.ca\/fr\/grands-jeux\/santiago-2023-jour-5\/","og_site_name":"Equestrian Canada","article_published_time":"2023-10-26T00:00:00+00:00","og_image":[{"width":1350,"height":1080,"url":"https:\/\/equestrian.ca\/wp-content\/uploads\/2024\/01\/Camille-and-SOS-Free.jpg","type":"image\/jpeg"}],"author":"Berry","twitter_card":"summary_large_image","twitter_misc":{"\u00c9crit par":"Berry","Estimation du temps de lecture":"4 minutes"},"schema":{"@context":"https:\/\/schema.org","@graph":[{"@type":"Article","@id":"https:\/\/equestrian.ca\/fr\/grands-jeux\/santiago-2023-jour-5\/#article","isPartOf":{"@id":"https:\/\/equestrian.ca\/fr\/grands-jeux\/santiago-2023-jour-5\/"},"author":{"name":"Berry","@id":"https:\/\/equestrian.ca\/fr\/#\/schema\/person\/9abd3ba4d1027626b07355668e4ee3ad"},"headline":"Santiago 2023 \u2013 Jour 5","datePublished":"2023-10-26T00:00:00+00:00","mainEntityOfPage":{"@id":"https:\/\/equestrian.ca\/fr\/grands-jeux\/santiago-2023-jour-5\/"},"wordCount":859,"commentCount":0,"image":{"@id":"https:\/\/equestrian.ca\/fr\/grands-jeux\/santiago-2023-jour-5\/#primaryimage"},"thumbnailUrl":"https:\/\/equestrian.ca\/wp-content\/uploads\/2024\/01\/Camille-and-SOS-Free.jpg","articleSection":["Grands Jeux"],"inLanguage":"fr-CA","potentialAction":[{"@type":"CommentAction","name":"Comment","target":["https:\/\/equestrian.ca\/fr\/grands-jeux\/santiago-2023-jour-5\/#respond"]}]},{"@type":"WebPage","@id":"https:\/\/equestrian.ca\/fr\/grands-jeux\/santiago-2023-jour-5\/","url":"https:\/\/equestrian.ca\/fr\/grands-jeux\/santiago-2023-jour-5\/","name":"Santiago 2023 \u2013 Jour 5 - Equestrian Canada","isPartOf":{"@id":"https:\/\/equestrian.ca\/fr\/#website"},"primaryImageOfPage":{"@id":"https:\/\/equestrian.ca\/fr\/grands-jeux\/santiago-2023-jour-5\/#primaryimage"},"image":{"@id":"https:\/\/equestrian.ca\/fr\/grands-jeux\/santiago-2023-jour-5\/#primaryimage"},"thumbnailUrl":"https:\/\/equestrian.ca\/wp-content\/uploads\/2024\/01\/Camille-and-SOS-Free.jpg","datePublished":"2023-10-26T00:00:00+00:00","author":{"@id":"https:\/\/equestrian.ca\/fr\/#\/schema\/person\/9abd3ba4d1027626b07355668e4ee3ad"},"breadcrumb":{"@id":"https:\/\/equestrian.ca\/fr\/grands-jeux\/santiago-2023-jour-5\/#breadcrumb"},"inLanguage":"fr-CA","potentialAction":[{"@type":"ReadAction","target":["https:\/\/equestrian.ca\/fr\/grands-jeux\/santiago-2023-jour-5\/"]}]},{"@type":"ImageObject","inLanguage":"fr-CA","@id":"https:\/\/equestrian.ca\/fr\/grands-jeux\/santiago-2023-jour-5\/#primaryimage","url":"https:\/\/equestrian.ca\/wp-content\/uploads\/2024\/01\/Camille-and-SOS-Free.jpg","contentUrl":"https:\/\/equestrian.ca\/wp-content\/uploads\/2024\/01\/Camille-and-SOS-Free.jpg","width":1350,"height":1080,"caption":"Camille Carier Bergeron and Sound of Silence 4"},{"@type":"BreadcrumbList","@id":"https:\/\/equestrian.ca\/fr\/grands-jeux\/santiago-2023-jour-5\/#breadcrumb","itemListElement":[{"@type":"ListItem","position":1,"name":"Home","item":"https:\/\/equestrian.ca\/fr\/"},{"@type":"ListItem","position":2,"name":"Santiago 2023 \u2013 Jour 5"}]},{"@type":"WebSite","@id":"https:\/\/equestrian.ca\/fr\/#website","url":"https:\/\/equestrian.ca\/fr\/","name":"Equestrian Canada","description":"For the love of horses and sport for life.","potentialAction":[{"@type":"SearchAction","target":{"@type":"EntryPoint","urlTemplate":"https:\/\/equestrian.ca\/fr\/?s={search_term_string}"},"query-input":{"@type":"PropertyValueSpecification","valueRequired":true,"valueName":"search_term_string"}}],"inLanguage":"fr-CA"},{"@type":"Person","@id":"https:\/\/equestrian.ca\/fr\/#\/schema\/person\/9abd3ba4d1027626b07355668e4ee3ad","name":"Berry","image":{"@type":"ImageObject","inLanguage":"fr-CA","@id":"https:\/\/equestrian.ca\/fr\/#\/schema\/person\/image\/","url":"https:\/\/secure.gravatar.com\/avatar\/882da3b67056b0c608086d3c77de46948b64244a4c249e81e0bf04a8095ce320?s=96&d=mm&r=g","contentUrl":"https:\/\/secure.gravatar.com\/avatar\/882da3b67056b0c608086d3c77de46948b64244a4c249e81e0bf04a8095ce320?s=96&d=mm&r=g","caption":"Berry"},"url":"https:\/\/equestrian.ca\/fr\/author\/mberry\/"}]}},"_links":{"self":[{"href":"https:\/\/equestrian.ca\/fr\/wp-json\/wp\/v2\/posts\/26134","targetHints":{"allow":["GET"]}}],"collection":[{"href":"https:\/\/equestrian.ca\/fr\/wp-json\/wp\/v2\/posts"}],"about":[{"href":"https:\/\/equestrian.ca\/fr\/wp-json\/wp\/v2\/types\/post"}],"author":[{"embeddable":true,"href":"https:\/\/equestrian.ca\/fr\/wp-json\/wp\/v2\/users\/3"}],"replies":[{"embeddable":true,"href":"https:\/\/equestrian.ca\/fr\/wp-json\/wp\/v2\/comments?post=26134"}],"version-history":[{"count":0,"href":"https:\/\/equestrian.ca\/fr\/wp-json\/wp\/v2\/posts\/26134\/revisions"}],"wp:featuredmedia":[{"embeddable":true,"href":"https:\/\/equestrian.ca\/fr\/wp-json\/wp\/v2\/media\/10085"}],"wp:attachment":[{"href":"https:\/\/equestrian.ca\/fr\/wp-json\/wp\/v2\/media?parent=26134"}],"wp:term":[{"taxonomy":"category","embeddable":true,"href":"https:\/\/equestrian.ca\/fr\/wp-json\/wp\/v2\/categories?post=26134"},{"taxonomy":"post_tag","embeddable":true,"href":"https:\/\/equestrian.ca\/fr\/wp-json\/wp\/v2\/tags?post=26134"}],"curies":[{"name":"wp","href":"https:\/\/api.w.org\/{rel}","templated":true}]}}