{"id":26061,"date":"2021-09-17T00:00:00","date_gmt":"2021-09-17T00:00:00","guid":{"rendered":"https:\/\/equestrian.ca\/news\/les-athletes-canadiens-se-tournent-vers-paris-apres-les-jeux-de-tokyo-2020\/"},"modified":"2021-09-17T00:00:00","modified_gmt":"2021-09-17T00:00:00","slug":"les-athletes-canadiens-se-tournent-vers-paris-apres-les-jeux-de-tokyo-2020","status":"publish","type":"post","link":"https:\/\/equestrian.ca\/fr\/anciens-articles\/les-athletes-canadiens-se-tournent-vers-paris-apres-les-jeux-de-tokyo-2020\/","title":{"rendered":"Les athl\u00e8tes canadiens se tournent vers Paris, apr\u00e8s les Jeux de Tokyo 2020"},"content":{"rendered":"<p>Les athl\u00e8tes canadiens ont d\u00fb \u00e9voluer dans des conditions tr\u00e8s strictes en mati\u00e8re de sant\u00e9 et s\u00e9curit\u00e9. L\u2019atmosph\u00e8re \u00e9tait \u00e9galement plut\u00f4t calme, car leurs proches les encourageaient depuis le Canada, faute de pouvoir les accompagner. Ils ont toutefois r\u00e9ussi \u00e0 afficher un record national, \u00e0 \u00e9tablir des records personnels et \u00e0 se ranger plusieurs fois parmi les dix meilleurs.<\/p>\n<p>Quatre athl\u00e8tes sont devenus Olympiens ou Paralympiens<\/p>\n<p>Brittany Fraser-Beaulieu (Saint-Bruno, Qu\u00e9bec) et All In, une monture dont elle est copropri\u00e9taire avec son p\u00e8re, Craig Fraser, et son mari, Marc-Andr\u00e9 Beaulieu, ont fait une brillante entr\u00e9e olympique. Qualifi\u00e9 pour la reprise libre de dressage, le duo a inscrit un record canadien dans cette discipline (76,404 %), fracassant ainsi celui qu\u2019avait \u00e9tabli son entra\u00eeneure Ashley Holzer (71,450 %) en 2008 aux Jeux olympiques de Beijing.<\/p>\n<p>Leurs co\u00e9quipiers \u00e9taient : Chris von Martels (Ridgetown, Ontario) et Eclips, une monture qu\u2019il poss\u00e8de avec Barbara Soederhuizen, ainsi que Lindsay Kellock (Toronto, Ontario) et Sebastien, qui est la propri\u00e9t\u00e9 de Enterprise Farm Equestrian, LLC. Ces deux couples entraient dans la carri\u00e8re de Grand Prix des Jeux olympiques pour la toute premi\u00e8re fois. <\/p>\n<p>Voici plus de d\u00e9tails sur les performances de l\u2019\u00c9quipe canadienne de dressage :<\/p>\n<ul>\n<li><a href=\"https:\/\/www.equestrian.ca\/nouvelles\/DdbwtcePidkkFpXM8\/un-debut-olympique-tres-reussi-pour\" target=\"_blank\" rel=\"noopener\">Un d\u00e9but olympique tr\u00e8s r\u00e9ussi pour Chris von Martels<\/a><\/li>\n<li><a href=\"https:\/\/www.equestrian.ca\/nouvelles\/LQ2wd3t97P6nxtCFu\/eblouissants-debuts-olympiques-pour\" target=\"_blank\" rel=\"noopener\">\u00c9blouissants d\u00e9buts olympiques pour Brittany Fraser-Beaulieu aux Jeux de Tokyo 2020<\/a><\/li>\n<li><a href=\"https:\/\/www.equestrian.ca\/nouvelles\/gGFYJTYsoH6xKBEiE\/brittany-fraser-beaulieu-etablit-un\" target=\"_blank\" rel=\"noopener\">Brittany Fraser-Beaulieu \u00e9tablit un record canadien aux Jeux olympiques de Tokyo 2020<\/a><\/li>\n<\/ul>\n<p>Winona Hartvikson (Langley, Colombie-Britannique) qui, \u00e0 62 ans, \u00e9tait l\u2019athl\u00e8te la plus \u00e2g\u00e9e d\u2019\u00c9quipe Canada, a r\u00e9alis\u00e9 une tr\u00e8s belle prestation (69,893 %) lors de la reprise en individuel de Grade I. Winona, qui en \u00e9tait \u00e0 ses d\u00e9buts paralympiques sur Onyx, un cheval qui lui appartient ainsi qu\u2019\u00e0 Jane Macdonald, n\u2019a pu participer \u00e0 la reprise libre, sa note \u00e9tant \u00e0 moins d\u2019un point inf\u00e9rieure \u00e0 celle exig\u00e9e pour \u00eatre admise parmi les huit premiers.   <\/p>\n<p>Tokyo 2020 marquait les d\u00e9buts de Lieutenant Lobin, la nouvelle monture de l\u2019athl\u00e8te des Jeux paralympiques de Rio 2016, Jody Schloss (Toronto, Ontario).<\/p>\n<ul>\n<li><a href=\"https:\/\/www.equestrian.ca\/nouvelles\/v7esmKj6WxjjGPaTb\/les-athletes-de-paradressage-canadiennes\" target=\"_blank\" rel=\"noopener\">Les athl\u00e8tes de paradressage canadiennes se logent deux fois parmi les dix premiers aux classements individuels des Jeux paralympiques de Tokyo 2020<\/a><\/li>\n<\/ul>\n<p>Les v\u00e9t\u00e9rans des Jeux olympiques ou paralympiques<\/p>\n<p>Mario Deslauriers en \u00e9tait \u00e0 sa troisi\u00e8me participation aux Jeux olympiques et \u00e0 ses septi\u00e8mes grands jeux. Le cavalier de 56 ans originaire de Saint-Jean, au Qu\u00e9bec, montait Bardolina 2, une jument dont il est propri\u00e9taire conjointement avec Wishing Well Farm LLC. Lors de la finale de saut d\u2019obstacles en individuel, le couple n\u2019a \u00e9pargn\u00e9 aucun effort pour parvenir au 22<sup>e<\/sup> rang. <\/p>\n<ul>\n<li><a href=\"https:\/\/www.equestrian.ca\/nouvelles\/h2cG2NpSau76ACshD\/mario-deslauriers-se-classe-parmi-les-25\" target=\"_blank\" rel=\"noopener\">Mario Deslauriers se classe parmi les 25 premiers aux Jeux olympiques de Tokyo 2020<\/a><\/li>\n<\/ul>\n<p>La double Olympienne, Colleen Loach (Dunham, Qu\u00e9bec) et Qorry Blue d\u2019Argouges, le cheval de Peter Barry, ont ex\u00e9cut\u00e9 un impeccable cross-country et termin\u00e9 en 28<sup>e<\/sup> position avec un r\u00e9sultat final de 50,80 p\u00e9nalit\u00e9s. Tout au long des trois jours de ce concours complet, la cavali\u00e8re a \u00e9t\u00e9 \u00e9paul\u00e9e par sa co\u00e9quipi\u00e8re, Jessica Phoenix (Cannington, Ontario), qui a malheureusement d\u00fb retirer son cheval, Pavarotti, juste avant le d\u00e9but de la comp\u00e9tition.<\/p>\n<ul>\n<li><a href=\"https:\/\/www.equestrian.ca\/nouvelles\/kqJE3NYmCDngiK7Lh\/colleen-loach-se-hisse-dans-le-top-30\" target=\"_blank\" rel=\"noopener\">Colleen Loach se hisse dans le top 30 aux Jeux olympiques de Tokyo 2020<\/a><\/li>\n<\/ul>\n<p>Apr\u00e8s compilation des r\u00e9sultats de Winona Hartvikson et Onyx, Lauren Barwick (Aldergrove, Colombie-Britannique) et Sandrino (propri\u00e9taire : Lee Garrod), et de Roberta Sheffield sur sa jument Fairuza, l\u2019\u00c9quipe canadienne de paradressage s\u2019est install\u00e9e au 10e rang avec un r\u00e9sultat global de 211,699, soit trois \u00e9chelons sup\u00e9rieurs au classement obtenu aux Jeux paralympiques de Rio 2016!&nbsp;<\/p>\n<ul>\n<li><a href=\"https:\/\/www.equestrian.ca\/nouvelles\/kwvHffk2FcFwXa4yg\/l-equipe-canadienne-de-paradressage\" target=\"_blank\" rel=\"noopener\">L\u2019\u00c9quipe canadienne de paradressage termine 10e aux Jeux paralympiques de Tokyo 2020<\/a><\/li>\n<\/ul>\n<p>Lauren et Sandrino formaient le dernier couple \u00e0 participer aux \u00e9preuves para\u00e9questres de Tokyo 2020. Ils ont pris la sixi\u00e8me position au terme de la reprise libre de grade III. Cette athl\u00e8te cinq fois paralympienne et sa monture ont sign\u00e9 une reprise rythm\u00e9e au son d\u2019une musique instrumentale qui leur a valu une note de 72,507 %.<\/p>\n<ul>\n<li><a href=\"https:\/\/www.equestrian.ca\/nouvelles\/aTKRfqsP6E7T5KpsY\/lauren-barwick-termine-sixieme-a-la\" target=\"_blank\" rel=\"noopener\">Lauren Barwick termine sixi\u00e8me \u00e0 la reprise libre individuelle des Jeux paralympiques de Tokyo 2020<\/a><\/li>\n<\/ul>\n<p>Au revoir Tokyo et bonjour Paris !<\/p>\n<p>Canada \u00c9questre (CE) tient \u00e0 remercier les nombreux partisans \u00e0 travers le monde qui ont encourag\u00e9 les athl\u00e8tes du Canada. CE souhaite \u00e9galement remercier le Comit\u00e9 olympique canadien, le Comit\u00e9 paralympique canadien ainsi que Sport Canada pour leur soutien tout au long des Jeux.<\/p>\n<p>La page d\u2019histoire de Tokyo 2020 est tourn\u00e9e mais la route qui m\u00e8ne \u00e0 Paris est devant nous! D\u2019ici l\u00e0, tous les projecteurs seront point\u00e9s sur Herning, au Danemark, pour les Championnats du monde de 2022!<\/p>\n<p>Pour revivre les moments forts de Tokyo, visitez la page Web <a href=\"https:\/\/www.equestrian.ca\/evenements-resultats\/jeux\/directiontokyo\" target=\"_blank\" rel=\"noopener\">#DirectionTokyo<\/a>.<\/p>\n","protected":false},"excerpt":{"rendered":"<p>Les athl\u00e8tes canadiens ont d\u00fb \u00e9voluer dans des conditions tr\u00e8s strictes en mati\u00e8re de sant\u00e9 et s\u00e9curit\u00e9. L\u2019atmosph\u00e8re \u00e9tait \u00e9galement plut\u00f4t calme, car leurs proches les encourageaient depuis le Canada, faute de pouvoir les accompagner. Ils ont toutefois r\u00e9ussi \u00e0 afficher un record national, \u00e0 \u00e9tablir des records personnels et \u00e0 se ranger plusieurs fois [&hellip;]<\/p>\n","protected":false},"author":3,"featured_media":4122,"comment_status":"open","ping_status":"open","sticky":false,"template":"","format":"standard","meta":{"_acf_changed":false,"footnotes":""},"categories":[241],"tags":[],"class_list":["post-26061","post","type-post","status-publish","format-standard","has-post-thumbnail","hentry","category-anciens-articles"],"acf":[],"yoast_head":"<!-- This site is optimized with the Yoast SEO plugin v27.0 - https:\/\/yoast.com\/product\/yoast-seo-wordpress\/ -->\n<title>Les athl\u00e8tes canadiens se tournent vers Paris, apr\u00e8s les Jeux de Tokyo 2020 - Equestrian Canada<\/title>\n<meta name=\"robots\" content=\"index, follow, max-snippet:-1, max-image-preview:large, max-video-preview:-1\" \/>\n<link rel=\"canonical\" href=\"https:\/\/equestrian.ca\/fr\/anciens-articles\/les-athletes-canadiens-se-tournent-vers-paris-apres-les-jeux-de-tokyo-2020\/\" \/>\n<meta property=\"og:locale\" content=\"fr_CA\" \/>\n<meta property=\"og:type\" content=\"article\" \/>\n<meta property=\"og:title\" content=\"Les athl\u00e8tes canadiens se tournent vers Paris, apr\u00e8s les Jeux de Tokyo 2020 - Equestrian Canada\" \/>\n<meta property=\"og:description\" content=\"Les athl\u00e8tes canadiens ont d\u00fb \u00e9voluer dans des conditions tr\u00e8s strictes en mati\u00e8re de sant\u00e9 et s\u00e9curit\u00e9. L\u2019atmosph\u00e8re \u00e9tait \u00e9galement plut\u00f4t calme, car leurs proches les encourageaient depuis le Canada, faute de pouvoir les accompagner. Ils ont toutefois r\u00e9ussi \u00e0 afficher un record national, \u00e0 \u00e9tablir des records personnels et \u00e0 se ranger plusieurs fois [&hellip;]\" \/>\n<meta property=\"og:url\" content=\"https:\/\/equestrian.ca\/fr\/anciens-articles\/les-athletes-canadiens-se-tournent-vers-paris-apres-les-jeux-de-tokyo-2020\/\" \/>\n<meta property=\"og:site_name\" content=\"Equestrian Canada\" \/>\n<meta property=\"article:published_time\" content=\"2021-09-17T00:00:00+00:00\" \/>\n<meta property=\"og:image\" content=\"https:\/\/equestrian.ca\/wp-content\/uploads\/2023\/09\/Tokyo-2020-Para-Dressage-Individual-Test-Lauren-Barwick-Sandrino-by-Jon-Stroud-Media.jpg\" \/>\n\t<meta property=\"og:image:width\" content=\"2000\" \/>\n\t<meta property=\"og:image:height\" content=\"1333\" \/>\n\t<meta property=\"og:image:type\" content=\"image\/jpeg\" \/>\n<meta name=\"author\" content=\"Berry\" \/>\n<meta name=\"twitter:card\" content=\"summary_large_image\" \/>\n<meta name=\"twitter:label1\" content=\"\u00c9crit par\" \/>\n\t<meta name=\"twitter:data1\" content=\"Berry\" \/>\n\t<meta name=\"twitter:label2\" content=\"Estimation du temps de lecture\" \/>\n\t<meta name=\"twitter:data2\" content=\"4 minutes\" \/>\n<script type=\"application\/ld+json\" class=\"yoast-schema-graph\">{\"@context\":\"https:\/\/schema.org\",\"@graph\":[{\"@type\":\"Article\",\"@id\":\"https:\/\/equestrian.ca\/fr\/anciens-articles\/les-athletes-canadiens-se-tournent-vers-paris-apres-les-jeux-de-tokyo-2020\/#article\",\"isPartOf\":{\"@id\":\"https:\/\/equestrian.ca\/fr\/anciens-articles\/les-athletes-canadiens-se-tournent-vers-paris-apres-les-jeux-de-tokyo-2020\/\"},\"author\":{\"name\":\"Berry\",\"@id\":\"https:\/\/equestrian.ca\/fr\/#\/schema\/person\/9abd3ba4d1027626b07355668e4ee3ad\"},\"headline\":\"Les athl\u00e8tes canadiens se tournent vers Paris, apr\u00e8s les Jeux de Tokyo 2020\",\"datePublished\":\"2021-09-17T00:00:00+00:00\",\"mainEntityOfPage\":{\"@id\":\"https:\/\/equestrian.ca\/fr\/anciens-articles\/les-athletes-canadiens-se-tournent-vers-paris-apres-les-jeux-de-tokyo-2020\/\"},\"wordCount\":806,\"commentCount\":0,\"image\":{\"@id\":\"https:\/\/equestrian.ca\/fr\/anciens-articles\/les-athletes-canadiens-se-tournent-vers-paris-apres-les-jeux-de-tokyo-2020\/#primaryimage\"},\"thumbnailUrl\":\"https:\/\/equestrian.ca\/wp-content\/uploads\/2023\/09\/Tokyo-2020-Para-Dressage-Individual-Test-Lauren-Barwick-Sandrino-by-Jon-Stroud-Media.jpg\",\"articleSection\":[\"Anciens articles\"],\"inLanguage\":\"fr-CA\",\"potentialAction\":[{\"@type\":\"CommentAction\",\"name\":\"Comment\",\"target\":[\"https:\/\/equestrian.ca\/fr\/anciens-articles\/les-athletes-canadiens-se-tournent-vers-paris-apres-les-jeux-de-tokyo-2020\/#respond\"]}]},{\"@type\":\"WebPage\",\"@id\":\"https:\/\/equestrian.ca\/fr\/anciens-articles\/les-athletes-canadiens-se-tournent-vers-paris-apres-les-jeux-de-tokyo-2020\/\",\"url\":\"https:\/\/equestrian.ca\/fr\/anciens-articles\/les-athletes-canadiens-se-tournent-vers-paris-apres-les-jeux-de-tokyo-2020\/\",\"name\":\"Les athl\u00e8tes canadiens se tournent vers Paris, apr\u00e8s les Jeux de Tokyo 2020 - Equestrian Canada\",\"isPartOf\":{\"@id\":\"https:\/\/equestrian.ca\/fr\/#website\"},\"primaryImageOfPage\":{\"@id\":\"https:\/\/equestrian.ca\/fr\/anciens-articles\/les-athletes-canadiens-se-tournent-vers-paris-apres-les-jeux-de-tokyo-2020\/#primaryimage\"},\"image\":{\"@id\":\"https:\/\/equestrian.ca\/fr\/anciens-articles\/les-athletes-canadiens-se-tournent-vers-paris-apres-les-jeux-de-tokyo-2020\/#primaryimage\"},\"thumbnailUrl\":\"https:\/\/equestrian.ca\/wp-content\/uploads\/2023\/09\/Tokyo-2020-Para-Dressage-Individual-Test-Lauren-Barwick-Sandrino-by-Jon-Stroud-Media.jpg\",\"datePublished\":\"2021-09-17T00:00:00+00:00\",\"author\":{\"@id\":\"https:\/\/equestrian.ca\/fr\/#\/schema\/person\/9abd3ba4d1027626b07355668e4ee3ad\"},\"breadcrumb\":{\"@id\":\"https:\/\/equestrian.ca\/fr\/anciens-articles\/les-athletes-canadiens-se-tournent-vers-paris-apres-les-jeux-de-tokyo-2020\/#breadcrumb\"},\"inLanguage\":\"fr-CA\",\"potentialAction\":[{\"@type\":\"ReadAction\",\"target\":[\"https:\/\/equestrian.ca\/fr\/anciens-articles\/les-athletes-canadiens-se-tournent-vers-paris-apres-les-jeux-de-tokyo-2020\/\"]}]},{\"@type\":\"ImageObject\",\"inLanguage\":\"fr-CA\",\"@id\":\"https:\/\/equestrian.ca\/fr\/anciens-articles\/les-athletes-canadiens-se-tournent-vers-paris-apres-les-jeux-de-tokyo-2020\/#primaryimage\",\"url\":\"https:\/\/equestrian.ca\/wp-content\/uploads\/2023\/09\/Tokyo-2020-Para-Dressage-Individual-Test-Lauren-Barwick-Sandrino-by-Jon-Stroud-Media.jpg\",\"contentUrl\":\"https:\/\/equestrian.ca\/wp-content\/uploads\/2023\/09\/Tokyo-2020-Para-Dressage-Individual-Test-Lauren-Barwick-Sandrino-by-Jon-Stroud-Media.jpg\",\"width\":2000,\"height\":1333},{\"@type\":\"BreadcrumbList\",\"@id\":\"https:\/\/equestrian.ca\/fr\/anciens-articles\/les-athletes-canadiens-se-tournent-vers-paris-apres-les-jeux-de-tokyo-2020\/#breadcrumb\",\"itemListElement\":[{\"@type\":\"ListItem\",\"position\":1,\"name\":\"Home\",\"item\":\"https:\/\/equestrian.ca\/fr\/\"},{\"@type\":\"ListItem\",\"position\":2,\"name\":\"Les athl\u00e8tes canadiens se tournent vers Paris, apr\u00e8s les Jeux de Tokyo 2020\"}]},{\"@type\":\"WebSite\",\"@id\":\"https:\/\/equestrian.ca\/fr\/#website\",\"url\":\"https:\/\/equestrian.ca\/fr\/\",\"name\":\"Equestrian Canada\",\"description\":\"For the love of horses and sport for life.\",\"potentialAction\":[{\"@type\":\"SearchAction\",\"target\":{\"@type\":\"EntryPoint\",\"urlTemplate\":\"https:\/\/equestrian.ca\/fr\/?s={search_term_string}\"},\"query-input\":{\"@type\":\"PropertyValueSpecification\",\"valueRequired\":true,\"valueName\":\"search_term_string\"}}],\"inLanguage\":\"fr-CA\"},{\"@type\":\"Person\",\"@id\":\"https:\/\/equestrian.ca\/fr\/#\/schema\/person\/9abd3ba4d1027626b07355668e4ee3ad\",\"name\":\"Berry\",\"image\":{\"@type\":\"ImageObject\",\"inLanguage\":\"fr-CA\",\"@id\":\"https:\/\/equestrian.ca\/fr\/#\/schema\/person\/image\/\",\"url\":\"https:\/\/secure.gravatar.com\/avatar\/882da3b67056b0c608086d3c77de46948b64244a4c249e81e0bf04a8095ce320?s=96&d=mm&r=g\",\"contentUrl\":\"https:\/\/secure.gravatar.com\/avatar\/882da3b67056b0c608086d3c77de46948b64244a4c249e81e0bf04a8095ce320?s=96&d=mm&r=g\",\"caption\":\"Berry\"},\"url\":\"https:\/\/equestrian.ca\/fr\/author\/mberry\/\"}]}<\/script>\n<!-- \/ Yoast SEO plugin. -->","yoast_head_json":{"title":"Les athl\u00e8tes canadiens se tournent vers Paris, apr\u00e8s les Jeux de Tokyo 2020 - Equestrian Canada","robots":{"index":"index","follow":"follow","max-snippet":"max-snippet:-1","max-image-preview":"max-image-preview:large","max-video-preview":"max-video-preview:-1"},"canonical":"https:\/\/equestrian.ca\/fr\/anciens-articles\/les-athletes-canadiens-se-tournent-vers-paris-apres-les-jeux-de-tokyo-2020\/","og_locale":"fr_CA","og_type":"article","og_title":"Les athl\u00e8tes canadiens se tournent vers Paris, apr\u00e8s les Jeux de Tokyo 2020 - Equestrian Canada","og_description":"Les athl\u00e8tes canadiens ont d\u00fb \u00e9voluer dans des conditions tr\u00e8s strictes en mati\u00e8re de sant\u00e9 et s\u00e9curit\u00e9. L\u2019atmosph\u00e8re \u00e9tait \u00e9galement plut\u00f4t calme, car leurs proches les encourageaient depuis le Canada, faute de pouvoir les accompagner. Ils ont toutefois r\u00e9ussi \u00e0 afficher un record national, \u00e0 \u00e9tablir des records personnels et \u00e0 se ranger plusieurs fois [&hellip;]","og_url":"https:\/\/equestrian.ca\/fr\/anciens-articles\/les-athletes-canadiens-se-tournent-vers-paris-apres-les-jeux-de-tokyo-2020\/","og_site_name":"Equestrian Canada","article_published_time":"2021-09-17T00:00:00+00:00","og_image":[{"width":2000,"height":1333,"url":"https:\/\/equestrian.ca\/wp-content\/uploads\/2023\/09\/Tokyo-2020-Para-Dressage-Individual-Test-Lauren-Barwick-Sandrino-by-Jon-Stroud-Media.jpg","type":"image\/jpeg"}],"author":"Berry","twitter_card":"summary_large_image","twitter_misc":{"\u00c9crit par":"Berry","Estimation du temps de lecture":"4 minutes"},"schema":{"@context":"https:\/\/schema.org","@graph":[{"@type":"Article","@id":"https:\/\/equestrian.ca\/fr\/anciens-articles\/les-athletes-canadiens-se-tournent-vers-paris-apres-les-jeux-de-tokyo-2020\/#article","isPartOf":{"@id":"https:\/\/equestrian.ca\/fr\/anciens-articles\/les-athletes-canadiens-se-tournent-vers-paris-apres-les-jeux-de-tokyo-2020\/"},"author":{"name":"Berry","@id":"https:\/\/equestrian.ca\/fr\/#\/schema\/person\/9abd3ba4d1027626b07355668e4ee3ad"},"headline":"Les athl\u00e8tes canadiens se tournent vers Paris, apr\u00e8s les Jeux de Tokyo 2020","datePublished":"2021-09-17T00:00:00+00:00","mainEntityOfPage":{"@id":"https:\/\/equestrian.ca\/fr\/anciens-articles\/les-athletes-canadiens-se-tournent-vers-paris-apres-les-jeux-de-tokyo-2020\/"},"wordCount":806,"commentCount":0,"image":{"@id":"https:\/\/equestrian.ca\/fr\/anciens-articles\/les-athletes-canadiens-se-tournent-vers-paris-apres-les-jeux-de-tokyo-2020\/#primaryimage"},"thumbnailUrl":"https:\/\/equestrian.ca\/wp-content\/uploads\/2023\/09\/Tokyo-2020-Para-Dressage-Individual-Test-Lauren-Barwick-Sandrino-by-Jon-Stroud-Media.jpg","articleSection":["Anciens articles"],"inLanguage":"fr-CA","potentialAction":[{"@type":"CommentAction","name":"Comment","target":["https:\/\/equestrian.ca\/fr\/anciens-articles\/les-athletes-canadiens-se-tournent-vers-paris-apres-les-jeux-de-tokyo-2020\/#respond"]}]},{"@type":"WebPage","@id":"https:\/\/equestrian.ca\/fr\/anciens-articles\/les-athletes-canadiens-se-tournent-vers-paris-apres-les-jeux-de-tokyo-2020\/","url":"https:\/\/equestrian.ca\/fr\/anciens-articles\/les-athletes-canadiens-se-tournent-vers-paris-apres-les-jeux-de-tokyo-2020\/","name":"Les athl\u00e8tes canadiens se tournent vers Paris, apr\u00e8s les Jeux de Tokyo 2020 - Equestrian Canada","isPartOf":{"@id":"https:\/\/equestrian.ca\/fr\/#website"},"primaryImageOfPage":{"@id":"https:\/\/equestrian.ca\/fr\/anciens-articles\/les-athletes-canadiens-se-tournent-vers-paris-apres-les-jeux-de-tokyo-2020\/#primaryimage"},"image":{"@id":"https:\/\/equestrian.ca\/fr\/anciens-articles\/les-athletes-canadiens-se-tournent-vers-paris-apres-les-jeux-de-tokyo-2020\/#primaryimage"},"thumbnailUrl":"https:\/\/equestrian.ca\/wp-content\/uploads\/2023\/09\/Tokyo-2020-Para-Dressage-Individual-Test-Lauren-Barwick-Sandrino-by-Jon-Stroud-Media.jpg","datePublished":"2021-09-17T00:00:00+00:00","author":{"@id":"https:\/\/equestrian.ca\/fr\/#\/schema\/person\/9abd3ba4d1027626b07355668e4ee3ad"},"breadcrumb":{"@id":"https:\/\/equestrian.ca\/fr\/anciens-articles\/les-athletes-canadiens-se-tournent-vers-paris-apres-les-jeux-de-tokyo-2020\/#breadcrumb"},"inLanguage":"fr-CA","potentialAction":[{"@type":"ReadAction","target":["https:\/\/equestrian.ca\/fr\/anciens-articles\/les-athletes-canadiens-se-tournent-vers-paris-apres-les-jeux-de-tokyo-2020\/"]}]},{"@type":"ImageObject","inLanguage":"fr-CA","@id":"https:\/\/equestrian.ca\/fr\/anciens-articles\/les-athletes-canadiens-se-tournent-vers-paris-apres-les-jeux-de-tokyo-2020\/#primaryimage","url":"https:\/\/equestrian.ca\/wp-content\/uploads\/2023\/09\/Tokyo-2020-Para-Dressage-Individual-Test-Lauren-Barwick-Sandrino-by-Jon-Stroud-Media.jpg","contentUrl":"https:\/\/equestrian.ca\/wp-content\/uploads\/2023\/09\/Tokyo-2020-Para-Dressage-Individual-Test-Lauren-Barwick-Sandrino-by-Jon-Stroud-Media.jpg","width":2000,"height":1333},{"@type":"BreadcrumbList","@id":"https:\/\/equestrian.ca\/fr\/anciens-articles\/les-athletes-canadiens-se-tournent-vers-paris-apres-les-jeux-de-tokyo-2020\/#breadcrumb","itemListElement":[{"@type":"ListItem","position":1,"name":"Home","item":"https:\/\/equestrian.ca\/fr\/"},{"@type":"ListItem","position":2,"name":"Les athl\u00e8tes canadiens se tournent vers Paris, apr\u00e8s les Jeux de Tokyo 2020"}]},{"@type":"WebSite","@id":"https:\/\/equestrian.ca\/fr\/#website","url":"https:\/\/equestrian.ca\/fr\/","name":"Equestrian Canada","description":"For the love of horses and sport for life.","potentialAction":[{"@type":"SearchAction","target":{"@type":"EntryPoint","urlTemplate":"https:\/\/equestrian.ca\/fr\/?s={search_term_string}"},"query-input":{"@type":"PropertyValueSpecification","valueRequired":true,"valueName":"search_term_string"}}],"inLanguage":"fr-CA"},{"@type":"Person","@id":"https:\/\/equestrian.ca\/fr\/#\/schema\/person\/9abd3ba4d1027626b07355668e4ee3ad","name":"Berry","image":{"@type":"ImageObject","inLanguage":"fr-CA","@id":"https:\/\/equestrian.ca\/fr\/#\/schema\/person\/image\/","url":"https:\/\/secure.gravatar.com\/avatar\/882da3b67056b0c608086d3c77de46948b64244a4c249e81e0bf04a8095ce320?s=96&d=mm&r=g","contentUrl":"https:\/\/secure.gravatar.com\/avatar\/882da3b67056b0c608086d3c77de46948b64244a4c249e81e0bf04a8095ce320?s=96&d=mm&r=g","caption":"Berry"},"url":"https:\/\/equestrian.ca\/fr\/author\/mberry\/"}]}},"_links":{"self":[{"href":"https:\/\/equestrian.ca\/fr\/wp-json\/wp\/v2\/posts\/26061","targetHints":{"allow":["GET"]}}],"collection":[{"href":"https:\/\/equestrian.ca\/fr\/wp-json\/wp\/v2\/posts"}],"about":[{"href":"https:\/\/equestrian.ca\/fr\/wp-json\/wp\/v2\/types\/post"}],"author":[{"embeddable":true,"href":"https:\/\/equestrian.ca\/fr\/wp-json\/wp\/v2\/users\/3"}],"replies":[{"embeddable":true,"href":"https:\/\/equestrian.ca\/fr\/wp-json\/wp\/v2\/comments?post=26061"}],"version-history":[{"count":0,"href":"https:\/\/equestrian.ca\/fr\/wp-json\/wp\/v2\/posts\/26061\/revisions"}],"wp:featuredmedia":[{"embeddable":true,"href":"https:\/\/equestrian.ca\/fr\/wp-json\/wp\/v2\/media\/4122"}],"wp:attachment":[{"href":"https:\/\/equestrian.ca\/fr\/wp-json\/wp\/v2\/media?parent=26061"}],"wp:term":[{"taxonomy":"category","embeddable":true,"href":"https:\/\/equestrian.ca\/fr\/wp-json\/wp\/v2\/categories?post=26061"},{"taxonomy":"post_tag","embeddable":true,"href":"https:\/\/equestrian.ca\/fr\/wp-json\/wp\/v2\/tags?post=26061"}],"curies":[{"name":"wp","href":"https:\/\/api.w.org\/{rel}","templated":true}]}}