{"id":26052,"date":"2020-03-27T00:00:00","date_gmt":"2020-03-27T00:00:00","guid":{"rendered":"https:\/\/equestrian.ca\/news\/resume-hebdomadaire-de-canada-equestre-sur-la-covid-19-7\/"},"modified":"2020-03-27T00:00:00","modified_gmt":"2020-03-27T00:00:00","slug":"resume-hebdomadaire-de-canada-equestre-sur-la-covid-19-7","status":"publish","type":"post","link":"https:\/\/equestrian.ca\/fr\/anciens-articles\/resume-hebdomadaire-de-canada-equestre-sur-la-covid-19-7\/","title":{"rendered":"R\u00e9sum\u00e9 hebdomadaire de Canada \u00c9questre sur la COVID-19"},"content":{"rendered":"<h3>\n<p>Ce que CE a fait jusqu&rsquo;\u00e0 pr\u00e9sent :<\/p>\n<\/h3>\n<ul>\n<li>\n<p style=\"display: inline !important;\">R\u00e9daction de la <a href=\"https:\/\/www.equestrian.ca\/nouvelles\/6WF6AvoJSXa4XnQ26\/equestrian-canada-statement-on\" target=\"_blank\" rel=\"noopener\">d\u00e9claration en ligne de CE sur la COVID-19<\/a> comme r\u00e9f\u00e9rence pour se tenir au courant des op\u00e9rations, d\u00e9cisions, recommandations et ressources de CE.<\/p>\n<\/li>\n<li>Fermeture du bureau de CE et transition vers un environnement de travail \u00e0 distance jusqu&rsquo;\u00e0 nouvel ordre.<\/li>\n<li>Suspension de tous les \u00e9v\u00e9nements, cliniques et activit\u00e9s en personne organis\u00e9s par CE, \u00e0 compter du 14 mars 2020, pendant quatre semaines (jusqu&rsquo;au 12 avril 2020).<\/li>\n<li>Annulation de toute comp\u00e9tition sanctionn\u00e9e par CE \u00e0 partir du 16 mars 2020, pendant quatre semaines (jusqu&rsquo;au 12 avril 2020).<\/li>\n<li>Initiation des r\u00e9unions r\u00e9guli\u00e8res avec les organisations provinciales\/territoriales de sport (OPTS) pour assurer une r\u00e9ponse uniforme \u00e0 la COVID-19 \u00e0 l&rsquo;\u00e9chelle nationale.<\/li>\n<li>Publication d\u2019une recommandation commune avec les OPTS pour partager les <a href=\"https:\/\/www.equestrian.ca\/nouvelles\/WvZKr7uy6KSWWZK67\/covid-19-and-equestrian-facility\" target=\"_blank\" rel=\"noopener\">pratiques exemplaires pour les fermes et installations \u00e9questres<\/a> pour favoriser la limitation de la transmission de la COVID-19.<\/li>\n<li>Efforts visant l&rsquo;<a href=\"https:\/\/app.cyberimpact.com\/clients\/23337\/subscribe-forms\/A0745607-A1BD-4435-96DE-80BA27959E08\" target=\"_blank\" rel=\"noopener\">identification des personnes et des chevaux \u00e0 l\u2019\u00e9tranger<\/a> et le soutien \u00e0 leur retour au Canada en partenariat avec l&rsquo;Agence canadienne d&rsquo;inspection des aliments (ACIA), l&rsquo;Agence des services frontaliers du Canada (ASFC) et le d\u00e9partement am\u00e9ricain de l&rsquo;Agriculture.<\/li>\n<li>Conversations avec les autorit\u00e9s gouvernementales f\u00e9d\u00e9rales et les institutions financi\u00e8res comp\u00e9tentes pour plaider en faveur d&rsquo;un soutien financier des industries \u00e9quines et \u00e9questres.<\/li>\n<li>Publication d\u2019une communication d\u00e9crivant le <a href=\"https:\/\/www.equestrian.ca\/nouvelles\/eFi4tYYfLZ9fHgrWf\/support-and-resources-for-equine-farms\" target=\"_blank\" rel=\"noopener\">soutien et les ressources pour les fermes et les installations \u00e9questres<\/a>.<\/li>\n<li>Publication d\u2019un <a href=\"https:\/\/www.equestrian.ca\/nouvelles\/RYbqxiazCvErRZib6\/action-requested-survey-for-equine-farms\" target=\"_blank\" rel=\"noopener\">questionnaire destin\u00e9 \u00e0 recueillir des profils d&rsquo;entreprises<\/a> de fermes et installations \u00e9questres afin de comprendre et de pr\u00e9senter clairement le secteur dans ses efforts de mobilisation.<\/li>\n<li>Tenue d\u2019un <a href=\"https:\/\/www.youtube.com\/watch?v=CsQKy9uIYQQ&amp;feature=youtu.be\" target=\"_blank\" rel=\"noopener\">appel de surveillance national sur les maladies et le bien-\u00eatre des \u00e9quid\u00e9s<\/a> auquel ont particip\u00e9 pr\u00e8s de 600 personnes et qui a port\u00e9 sur les cons\u00e9quences de la COVID-19 sur la communaut\u00e9 \u00e9questre et sur la mani\u00e8re dont les fermes, les installations et les individus peuvent mieux s\u2019y pr\u00e9parer (en anglais seulement).<\/li>\n<li>Tenue d\u2019une s\u00e9ance de brainstorming pour identifier les occasions en ligne de poursuivre l\u2019apprentissage pendant la pand\u00e9mie de COVID-19.<\/li>\n<li>Travail avec le Comit\u00e9 olympique canadien (COC), le Comit\u00e9 paralympique canadien (CPC) et la Commission des athl\u00e8tes en appui de la <a href=\"https:\/\/olympique.ca\/presse\/equipe-canada-nenverra-pas-dathletes-aux-jeux-dete-de-2020-en-raison-des-risques-lies-a-la-covid-19\/\" target=\"_blank\" rel=\"noopener\">d\u00e9cision de ne pas envoyer d\u2019\u00e9quipes canadiennes<\/a> aux Jeux olympiques et paralympiques de Tokyo \u00e0 l\u2019\u00e9t\u00e9 2020.<\/li>\n<li>Travail avec le COC et le CPC pour r\u00e9clamer le report des Jeux en 2021.<\/li>\n<\/ul>\n<h3>Ce que CE continue de faire \u00e0 partir de maintenant :<\/h3>\n<ul>\n<li>\n<p style=\"display: inline !important;\">S&rsquo;assurer que la D\u00e9claration en ligne de CE sur COVID-19 reste \u00e0 jour et accessible.<\/p>\n<\/li>\n<li>Revoir r\u00e9guli\u00e8rement les p\u00e9riodes de suspension\/annulation et la n\u00e9cessit\u00e9 de prolonger ces d\u00e9lais en fonction des \u00e9v\u00e9nements en personne, des cliniques, des activit\u00e9s et des comp\u00e9titions sanctionn\u00e9es. Une mise \u00e0 jour sera envoy\u00e9e au d\u00e9but de la semaine prochaine avec de plus amples informations concernant les d\u00e9lais de suspension.<\/li>\n<li>Cr\u00e9er un groupe de travail compos\u00e9 du personnel de CE et de v\u00e9t\u00e9rinaires sur l&rsquo;\u00e9laboration d&rsquo;un cadre de retour progressif au sport qui garantira la sant\u00e9 et le bien-\u00eatre des chevaux dans leur r\u00e9int\u00e9gration aux comp\u00e9titions, en partenariat avec les OPTS et certains organisateurs de comp\u00e9titions.<\/li>\n<li>Organiser deux r\u00e9unions par semaine avec les OPTS pour d\u00e9velopper des initiatives communes et des ressources partag\u00e9es.<\/li>\n<li>Organiser une r\u00e9union hebdomadaire avec le conseil d&rsquo;administration de CE.<\/li>\n<li>Continuer \u00e0 communiquer avec l&rsquo;ACIA et l&rsquo;ASFC pour aider les personnes et les chevaux qui se trouvent \u00e0 l&rsquo;\u00e9tranger.<\/li>\n<li>Continuer \u00e0 plaider pour le soutien financier des fermes et des installations \u00e9questres aupr\u00e8s des instances gouvernementales f\u00e9d\u00e9rales et des institutions financi\u00e8res appropri\u00e9es.<\/li>\n<li>Recueillir et analyser les donn\u00e9es provenant du questionnaire en vue d&rsquo;\u00e9tablir des profils d&rsquo;entreprises \u00e0 des fins de d\u00e9fense des int\u00e9r\u00eats.<\/li>\n<li>Rassembler, d\u00e9velopper et partager des ressources financi\u00e8res suppl\u00e9mentaires pour les fermes et les installations \u00e9questres.<\/li>\n<li>Surveiller les mises \u00e0 jour du Comit\u00e9 international olympique, du Comit\u00e9 international paralympique et de la FEI relativement aux Jeux olympiques et paralympiques de Tokyo, <a href=\"https:\/\/www.olympic.org\/fr\/news\/communique-commun-du-comite-international-olympique-et-du-comite-d-organisation-de-tokyo-2020\" target=\"_blank\" rel=\"noopener\">qui seront report\u00e9s, au plus tard \u00e0 l\u2019\u00e9t\u00e9 2021<\/a>. L\u2019\u00e9quipe \u00e9questre canadienne gardera ses places de qualification pour le dressage, le concours complet, le saut d\u2019obstacles et le paradressage.<\/li>\n<li>Surveiller le paysage comp\u00e9titif en \u00e9volution et le besoin d\u2019adapter les crit\u00e8res de s\u00e9lection pour les Jeux en cons\u00e9quence.<\/li>\n<li>Analyser constamment nos efforts de r\u00e9ponse pour nous assurer que nous sommes en accord avec les autorit\u00e9s gouvernementales, de la sant\u00e9 et des sports appropri\u00e9es, ainsi que pour garantir qu&rsquo;aucun membre ou participant des industries \u00e9quines et \u00e9questres n&rsquo;est laiss\u00e9 pour compte.<\/li>\n<\/ul>\n<p>CE fournit tous les efforts n\u00e9cessaires afin d\u2019assurer une communication continue, approfondie et \u00e0 jour concernant la pand\u00e9mie du COVID-19. La d\u00e9claration compl\u00e8te de CE sur la COVID-19, mise \u00e0 jour r\u00e9guli\u00e8rement, se trouve sur notre site internet en cliquant <a href=\"https:\/\/www.equestrian.ca\/nouvelles\/6WF6AvoJSXa4XnQ26\/equestrian-canada-statement-on\" target=\"_blank\" rel=\"noopener\">ici<\/a>. Pour la liste compl\u00e8te d\u2019ateliers et d\u2019\u00e9v\u00e9nements annul\u00e9s\/report\u00e9s, veuillez cliquer <a href=\"https:\/\/www.equestrian.ca\/nouvelles\/ZnhuGCYB427pBsqX5\/list-of-cancelled-postponed-ec-clinics\" target=\"_blank\" rel=\"noopener\">ici<\/a>.<\/p>\n<p>Merci pour votre coop\u00e9ration et votre engagement alors que nous travaillons attentivement \u00e0 garder notre communaut\u00e9 en s\u00e9curit\u00e9 et inform\u00e9e pendant la crise de la COVID-19. Nous comptons sur chaque membre de la communaut\u00e9 \u00e9questre canadienne pour prendre des d\u00e9cisions responsables en fonction de l\u2019information disponible, des conditions dans votre r\u00e9gion g\u00e9ographique et des recommandations de vos autorit\u00e9s locales de sant\u00e9 publique.<\/p>\n","protected":false},"excerpt":{"rendered":"<p>Ce que CE a fait jusqu&rsquo;\u00e0 pr\u00e9sent : R\u00e9daction de la d\u00e9claration en ligne de CE sur la COVID-19 comme r\u00e9f\u00e9rence pour se tenir au courant des op\u00e9rations, d\u00e9cisions, recommandations et ressources de CE. Fermeture du bureau de CE et transition vers un environnement de travail \u00e0 distance jusqu&rsquo;\u00e0 nouvel ordre. Suspension de tous les [&hellip;]<\/p>\n","protected":false},"author":3,"featured_media":0,"comment_status":"open","ping_status":"open","sticky":false,"template":"","format":"standard","meta":{"_acf_changed":false,"rs_blank_template":"","rs_page_bg_color":"","slide_template_v7":"","footnotes":""},"categories":[241],"tags":[],"class_list":["post-26052","post","type-post","status-publish","format-standard","hentry","category-anciens-articles"],"acf":[],"yoast_head":"<!-- This site is optimized with the Yoast SEO plugin v27.0 - https:\/\/yoast.com\/product\/yoast-seo-wordpress\/ -->\n<title>R\u00e9sum\u00e9 hebdomadaire de Canada \u00c9questre sur la COVID-19 - Equestrian Canada<\/title>\n<meta name=\"robots\" content=\"index, follow, max-snippet:-1, max-image-preview:large, max-video-preview:-1\" \/>\n<link rel=\"canonical\" href=\"https:\/\/equestrian.ca\/fr\/anciens-articles\/resume-hebdomadaire-de-canada-equestre-sur-la-covid-19-7\/\" \/>\n<meta property=\"og:locale\" content=\"fr_CA\" \/>\n<meta property=\"og:type\" content=\"article\" \/>\n<meta property=\"og:title\" content=\"R\u00e9sum\u00e9 hebdomadaire de Canada \u00c9questre sur la COVID-19 - Equestrian Canada\" \/>\n<meta property=\"og:description\" content=\"Ce que CE a fait jusqu&rsquo;\u00e0 pr\u00e9sent : R\u00e9daction de la d\u00e9claration en ligne de CE sur la COVID-19 comme r\u00e9f\u00e9rence pour se tenir au courant des op\u00e9rations, d\u00e9cisions, recommandations et ressources de CE. Fermeture du bureau de CE et transition vers un environnement de travail \u00e0 distance jusqu&rsquo;\u00e0 nouvel ordre. Suspension de tous les [&hellip;]\" \/>\n<meta property=\"og:url\" content=\"https:\/\/equestrian.ca\/fr\/anciens-articles\/resume-hebdomadaire-de-canada-equestre-sur-la-covid-19-7\/\" \/>\n<meta property=\"og:site_name\" content=\"Equestrian Canada\" \/>\n<meta property=\"article:published_time\" content=\"2020-03-27T00:00:00+00:00\" \/>\n<meta name=\"author\" content=\"Berry\" \/>\n<meta name=\"twitter:card\" content=\"summary_large_image\" \/>\n<meta name=\"twitter:label1\" content=\"\u00c9crit par\" \/>\n\t<meta name=\"twitter:data1\" content=\"Berry\" \/>\n\t<meta name=\"twitter:label2\" content=\"Estimation du temps de lecture\" \/>\n\t<meta name=\"twitter:data2\" content=\"5 minutes\" \/>\n<script type=\"application\/ld+json\" class=\"yoast-schema-graph\">{\"@context\":\"https:\/\/schema.org\",\"@graph\":[{\"@type\":\"Article\",\"@id\":\"https:\/\/equestrian.ca\/fr\/anciens-articles\/resume-hebdomadaire-de-canada-equestre-sur-la-covid-19-7\/#article\",\"isPartOf\":{\"@id\":\"https:\/\/equestrian.ca\/fr\/anciens-articles\/resume-hebdomadaire-de-canada-equestre-sur-la-covid-19-7\/\"},\"author\":{\"name\":\"Berry\",\"@id\":\"https:\/\/equestrian.ca\/fr\/#\/schema\/person\/9abd3ba4d1027626b07355668e4ee3ad\"},\"headline\":\"R\u00e9sum\u00e9 hebdomadaire de Canada \u00c9questre sur la COVID-19\",\"datePublished\":\"2020-03-27T00:00:00+00:00\",\"mainEntityOfPage\":{\"@id\":\"https:\/\/equestrian.ca\/fr\/anciens-articles\/resume-hebdomadaire-de-canada-equestre-sur-la-covid-19-7\/\"},\"wordCount\":949,\"commentCount\":0,\"articleSection\":[\"Anciens articles\"],\"inLanguage\":\"fr-CA\",\"potentialAction\":[{\"@type\":\"CommentAction\",\"name\":\"Comment\",\"target\":[\"https:\/\/equestrian.ca\/fr\/anciens-articles\/resume-hebdomadaire-de-canada-equestre-sur-la-covid-19-7\/#respond\"]}]},{\"@type\":\"WebPage\",\"@id\":\"https:\/\/equestrian.ca\/fr\/anciens-articles\/resume-hebdomadaire-de-canada-equestre-sur-la-covid-19-7\/\",\"url\":\"https:\/\/equestrian.ca\/fr\/anciens-articles\/resume-hebdomadaire-de-canada-equestre-sur-la-covid-19-7\/\",\"name\":\"R\u00e9sum\u00e9 hebdomadaire de Canada \u00c9questre sur la COVID-19 - Equestrian Canada\",\"isPartOf\":{\"@id\":\"https:\/\/equestrian.ca\/fr\/#website\"},\"datePublished\":\"2020-03-27T00:00:00+00:00\",\"author\":{\"@id\":\"https:\/\/equestrian.ca\/fr\/#\/schema\/person\/9abd3ba4d1027626b07355668e4ee3ad\"},\"breadcrumb\":{\"@id\":\"https:\/\/equestrian.ca\/fr\/anciens-articles\/resume-hebdomadaire-de-canada-equestre-sur-la-covid-19-7\/#breadcrumb\"},\"inLanguage\":\"fr-CA\",\"potentialAction\":[{\"@type\":\"ReadAction\",\"target\":[\"https:\/\/equestrian.ca\/fr\/anciens-articles\/resume-hebdomadaire-de-canada-equestre-sur-la-covid-19-7\/\"]}]},{\"@type\":\"BreadcrumbList\",\"@id\":\"https:\/\/equestrian.ca\/fr\/anciens-articles\/resume-hebdomadaire-de-canada-equestre-sur-la-covid-19-7\/#breadcrumb\",\"itemListElement\":[{\"@type\":\"ListItem\",\"position\":1,\"name\":\"Home\",\"item\":\"https:\/\/equestrian.ca\/fr\/\"},{\"@type\":\"ListItem\",\"position\":2,\"name\":\"R\u00e9sum\u00e9 hebdomadaire de Canada \u00c9questre sur la COVID-19\"}]},{\"@type\":\"WebSite\",\"@id\":\"https:\/\/equestrian.ca\/fr\/#website\",\"url\":\"https:\/\/equestrian.ca\/fr\/\",\"name\":\"Equestrian Canada\",\"description\":\"For the love of horses and sport for life.\",\"potentialAction\":[{\"@type\":\"SearchAction\",\"target\":{\"@type\":\"EntryPoint\",\"urlTemplate\":\"https:\/\/equestrian.ca\/fr\/?s={search_term_string}\"},\"query-input\":{\"@type\":\"PropertyValueSpecification\",\"valueRequired\":true,\"valueName\":\"search_term_string\"}}],\"inLanguage\":\"fr-CA\"},{\"@type\":\"Person\",\"@id\":\"https:\/\/equestrian.ca\/fr\/#\/schema\/person\/9abd3ba4d1027626b07355668e4ee3ad\",\"name\":\"Berry\",\"image\":{\"@type\":\"ImageObject\",\"inLanguage\":\"fr-CA\",\"@id\":\"https:\/\/equestrian.ca\/fr\/#\/schema\/person\/image\/\",\"url\":\"https:\/\/secure.gravatar.com\/avatar\/882da3b67056b0c608086d3c77de46948b64244a4c249e81e0bf04a8095ce320?s=96&d=mm&r=g\",\"contentUrl\":\"https:\/\/secure.gravatar.com\/avatar\/882da3b67056b0c608086d3c77de46948b64244a4c249e81e0bf04a8095ce320?s=96&d=mm&r=g\",\"caption\":\"Berry\"},\"url\":\"https:\/\/equestrian.ca\/fr\/author\/mberry\/\"}]}<\/script>\n<!-- \/ Yoast SEO plugin. -->","yoast_head_json":{"title":"R\u00e9sum\u00e9 hebdomadaire de Canada \u00c9questre sur la COVID-19 - Equestrian Canada","robots":{"index":"index","follow":"follow","max-snippet":"max-snippet:-1","max-image-preview":"max-image-preview:large","max-video-preview":"max-video-preview:-1"},"canonical":"https:\/\/equestrian.ca\/fr\/anciens-articles\/resume-hebdomadaire-de-canada-equestre-sur-la-covid-19-7\/","og_locale":"fr_CA","og_type":"article","og_title":"R\u00e9sum\u00e9 hebdomadaire de Canada \u00c9questre sur la COVID-19 - Equestrian Canada","og_description":"Ce que CE a fait jusqu&rsquo;\u00e0 pr\u00e9sent : R\u00e9daction de la d\u00e9claration en ligne de CE sur la COVID-19 comme r\u00e9f\u00e9rence pour se tenir au courant des op\u00e9rations, d\u00e9cisions, recommandations et ressources de CE. Fermeture du bureau de CE et transition vers un environnement de travail \u00e0 distance jusqu&rsquo;\u00e0 nouvel ordre. Suspension de tous les [&hellip;]","og_url":"https:\/\/equestrian.ca\/fr\/anciens-articles\/resume-hebdomadaire-de-canada-equestre-sur-la-covid-19-7\/","og_site_name":"Equestrian Canada","article_published_time":"2020-03-27T00:00:00+00:00","author":"Berry","twitter_card":"summary_large_image","twitter_misc":{"\u00c9crit par":"Berry","Estimation du temps de lecture":"5 minutes"},"schema":{"@context":"https:\/\/schema.org","@graph":[{"@type":"Article","@id":"https:\/\/equestrian.ca\/fr\/anciens-articles\/resume-hebdomadaire-de-canada-equestre-sur-la-covid-19-7\/#article","isPartOf":{"@id":"https:\/\/equestrian.ca\/fr\/anciens-articles\/resume-hebdomadaire-de-canada-equestre-sur-la-covid-19-7\/"},"author":{"name":"Berry","@id":"https:\/\/equestrian.ca\/fr\/#\/schema\/person\/9abd3ba4d1027626b07355668e4ee3ad"},"headline":"R\u00e9sum\u00e9 hebdomadaire de Canada \u00c9questre sur la COVID-19","datePublished":"2020-03-27T00:00:00+00:00","mainEntityOfPage":{"@id":"https:\/\/equestrian.ca\/fr\/anciens-articles\/resume-hebdomadaire-de-canada-equestre-sur-la-covid-19-7\/"},"wordCount":949,"commentCount":0,"articleSection":["Anciens articles"],"inLanguage":"fr-CA","potentialAction":[{"@type":"CommentAction","name":"Comment","target":["https:\/\/equestrian.ca\/fr\/anciens-articles\/resume-hebdomadaire-de-canada-equestre-sur-la-covid-19-7\/#respond"]}]},{"@type":"WebPage","@id":"https:\/\/equestrian.ca\/fr\/anciens-articles\/resume-hebdomadaire-de-canada-equestre-sur-la-covid-19-7\/","url":"https:\/\/equestrian.ca\/fr\/anciens-articles\/resume-hebdomadaire-de-canada-equestre-sur-la-covid-19-7\/","name":"R\u00e9sum\u00e9 hebdomadaire de Canada \u00c9questre sur la COVID-19 - Equestrian Canada","isPartOf":{"@id":"https:\/\/equestrian.ca\/fr\/#website"},"datePublished":"2020-03-27T00:00:00+00:00","author":{"@id":"https:\/\/equestrian.ca\/fr\/#\/schema\/person\/9abd3ba4d1027626b07355668e4ee3ad"},"breadcrumb":{"@id":"https:\/\/equestrian.ca\/fr\/anciens-articles\/resume-hebdomadaire-de-canada-equestre-sur-la-covid-19-7\/#breadcrumb"},"inLanguage":"fr-CA","potentialAction":[{"@type":"ReadAction","target":["https:\/\/equestrian.ca\/fr\/anciens-articles\/resume-hebdomadaire-de-canada-equestre-sur-la-covid-19-7\/"]}]},{"@type":"BreadcrumbList","@id":"https:\/\/equestrian.ca\/fr\/anciens-articles\/resume-hebdomadaire-de-canada-equestre-sur-la-covid-19-7\/#breadcrumb","itemListElement":[{"@type":"ListItem","position":1,"name":"Home","item":"https:\/\/equestrian.ca\/fr\/"},{"@type":"ListItem","position":2,"name":"R\u00e9sum\u00e9 hebdomadaire de Canada \u00c9questre sur la COVID-19"}]},{"@type":"WebSite","@id":"https:\/\/equestrian.ca\/fr\/#website","url":"https:\/\/equestrian.ca\/fr\/","name":"Equestrian Canada","description":"For the love of horses and sport for life.","potentialAction":[{"@type":"SearchAction","target":{"@type":"EntryPoint","urlTemplate":"https:\/\/equestrian.ca\/fr\/?s={search_term_string}"},"query-input":{"@type":"PropertyValueSpecification","valueRequired":true,"valueName":"search_term_string"}}],"inLanguage":"fr-CA"},{"@type":"Person","@id":"https:\/\/equestrian.ca\/fr\/#\/schema\/person\/9abd3ba4d1027626b07355668e4ee3ad","name":"Berry","image":{"@type":"ImageObject","inLanguage":"fr-CA","@id":"https:\/\/equestrian.ca\/fr\/#\/schema\/person\/image\/","url":"https:\/\/secure.gravatar.com\/avatar\/882da3b67056b0c608086d3c77de46948b64244a4c249e81e0bf04a8095ce320?s=96&d=mm&r=g","contentUrl":"https:\/\/secure.gravatar.com\/avatar\/882da3b67056b0c608086d3c77de46948b64244a4c249e81e0bf04a8095ce320?s=96&d=mm&r=g","caption":"Berry"},"url":"https:\/\/equestrian.ca\/fr\/author\/mberry\/"}]}},"_links":{"self":[{"href":"https:\/\/equestrian.ca\/fr\/wp-json\/wp\/v2\/posts\/26052","targetHints":{"allow":["GET"]}}],"collection":[{"href":"https:\/\/equestrian.ca\/fr\/wp-json\/wp\/v2\/posts"}],"about":[{"href":"https:\/\/equestrian.ca\/fr\/wp-json\/wp\/v2\/types\/post"}],"author":[{"embeddable":true,"href":"https:\/\/equestrian.ca\/fr\/wp-json\/wp\/v2\/users\/3"}],"replies":[{"embeddable":true,"href":"https:\/\/equestrian.ca\/fr\/wp-json\/wp\/v2\/comments?post=26052"}],"version-history":[{"count":0,"href":"https:\/\/equestrian.ca\/fr\/wp-json\/wp\/v2\/posts\/26052\/revisions"}],"wp:attachment":[{"href":"https:\/\/equestrian.ca\/fr\/wp-json\/wp\/v2\/media?parent=26052"}],"wp:term":[{"taxonomy":"category","embeddable":true,"href":"https:\/\/equestrian.ca\/fr\/wp-json\/wp\/v2\/categories?post=26052"},{"taxonomy":"post_tag","embeddable":true,"href":"https:\/\/equestrian.ca\/fr\/wp-json\/wp\/v2\/tags?post=26052"}],"curies":[{"name":"wp","href":"https:\/\/api.w.org\/{rel}","templated":true}]}}