{"id":26038,"date":"2020-04-10T00:00:00","date_gmt":"2020-04-10T00:00:00","guid":{"rendered":"https:\/\/equestrian.ca\/news\/resume-hebdomadaire-de-canada-equestre-sur-la-covid-19-6\/"},"modified":"2020-04-10T00:00:00","modified_gmt":"2020-04-10T00:00:00","slug":"resume-hebdomadaire-de-canada-equestre-sur-la-covid-19-6","status":"publish","type":"post","link":"https:\/\/equestrian.ca\/fr\/anciens-articles\/resume-hebdomadaire-de-canada-equestre-sur-la-covid-19-6\/","title":{"rendered":"R\u00e9sum\u00e9 hebdomadaire de Canada \u00c9questre sur la COVID-19"},"content":{"rendered":"<p>Grandes mesures entreprises par CE cette semaine :<\/p>\n<ul>\n<li>\n<p style=\"display: inline !important;\">D\u00e9but de rencontres r\u00e9guli\u00e8res du <a href=\"https:\/\/www.equestrian.ca\/nouvelles\/b2tktP98jWsuZeKW2\/suspension-extended-for-equestrian\" target=\"_blank\" rel=\"noopener\">groupe de travail sur le retour \u00e0 la comp\u00e9tition<\/a> afin d\u2019\u00e9laborer un cadre qui prot\u00e9gera la sant\u00e9 et le bien-\u00eatre des chevaux dans la reprise des comp\u00e9titions dans toutes les disciplines. L\u2019objectif de ce groupe de travail est de d\u00e9velopper des ressources pour r\u00e9introduire la formation et la comp\u00e9tition, appuy\u00e9 sur la documentation actuelle bas\u00e9e sur la science. <\/p>\n<\/li>\n<li>D\u00e9but de l\u2019analyse de donn\u00e9es tir\u00e9es du questionnaire visant \u00e0 recueillir les profils d\u2019entreprises aupr\u00e8s des fermes \u00e9quines et des installations \u00e9questres. Les donn\u00e9es agr\u00e9g\u00e9es et les conclusions de cette analyse seront utilis\u00e9es dans les efforts de mobilisation de CE et seront partag\u00e9es publiquement dans les semaines \u00e0 venir.<\/li>\n<li>Ach\u00e8vement d\u2019un questionnaire aupr\u00e8s de tous les organisateurs de concours sanctionn\u00e9s par CE afin d\u2019\u00e9valuer les implications financi\u00e8res de la suspension des comp\u00e9titions en en raison de la COVID-19. Ces donn\u00e9es seront utilis\u00e9es dans un rapport pour Sport Canada en plus d\u2019\u00eatre utilis\u00e9es par CE afin d\u2019analyser et d\u2019appuyer les besoins des comp\u00e9titions.<\/li>\n<li>Travail sur l\u2019\u00e9laboration de contenus num\u00e9riques afin de poursuivre la formation et l\u2019\u00e9ducation des entra\u00eeneurs dans un environnement virtuel.<\/li>\n<\/ul>\n<p>Derni\u00e8res semaines<\/p>\n<ul>\n<li><a href=\"https:\/\/www.equestrian.ca\/nouvelles\/fB2ndGifiALR2y3sr\/weekly-equestrian-canada-covid-19-wrap\" target=\"_blank\" rel=\"noopener\">3&nbsp;avril<\/a><\/li>\n<li><a href=\"https:\/\/www.equestrian.ca\/nouvelles\/ibjgjLQQebFhjA8iM\/weekly-equestrian-canada-covid-19-wrap\" target=\"_blank\" rel=\"noopener\">27 mars<\/a><\/li>\n<\/ul>\n<p>CE fournit tous les efforts n\u00e9cessaires afin d\u2019assurer une communication continue, approfondie et \u00e0 jour concernant la pand\u00e9mie du coronavirus (COVID-19). La d\u00e9claration compl\u00e8te de CE sur la COVID-19, mise \u00e0 jour r\u00e9guli\u00e8rement, se trouve sur notre site internet en cliquant&nbsp;<a href=\"https:\/\/www.equestrian.ca\/nouvelles\/6WF6AvoJSXa4XnQ26\/equestrian-canada-statement-on\" target=\"_blank\" rel=\"noopener\">ici<\/a>. Pour la liste compl\u00e8te d\u2019ateliers et d\u2019\u00e9v\u00e9nements annul\u00e9s\/report\u00e9s, veuillez cliquer&nbsp;<a href=\"https:\/\/www.equestrian.ca\/nouvelles\/ZnhuGCYB427pBsqX5\/list-of-cancelled-postponed-ec-clinics\" target=\"_blank\" rel=\"noopener\">ici<\/a>.<\/p>\n","protected":false},"excerpt":{"rendered":"<p>Grandes mesures entreprises par CE cette semaine : D\u00e9but de rencontres r\u00e9guli\u00e8res du groupe de travail sur le retour \u00e0 la comp\u00e9tition afin d\u2019\u00e9laborer un cadre qui prot\u00e9gera la sant\u00e9 et le bien-\u00eatre des chevaux dans la reprise des comp\u00e9titions dans toutes les disciplines. L\u2019objectif de ce groupe de travail est de d\u00e9velopper des ressources [&hellip;]<\/p>\n","protected":false},"author":3,"featured_media":0,"comment_status":"open","ping_status":"open","sticky":false,"template":"","format":"standard","meta":{"_acf_changed":false,"rs_blank_template":"","rs_page_bg_color":"","slide_template_v7":"","footnotes":""},"categories":[241],"tags":[],"class_list":["post-26038","post","type-post","status-publish","format-standard","hentry","category-anciens-articles"],"acf":[],"yoast_head":"<!-- This site is optimized with the Yoast SEO plugin v27.0 - https:\/\/yoast.com\/product\/yoast-seo-wordpress\/ -->\n<title>R\u00e9sum\u00e9 hebdomadaire de Canada \u00c9questre sur la COVID-19 - Equestrian Canada<\/title>\n<meta name=\"robots\" content=\"index, follow, max-snippet:-1, max-image-preview:large, max-video-preview:-1\" \/>\n<link rel=\"canonical\" href=\"https:\/\/equestrian.ca\/fr\/anciens-articles\/resume-hebdomadaire-de-canada-equestre-sur-la-covid-19-6\/\" \/>\n<meta property=\"og:locale\" content=\"fr_CA\" \/>\n<meta property=\"og:type\" content=\"article\" \/>\n<meta property=\"og:title\" content=\"R\u00e9sum\u00e9 hebdomadaire de Canada \u00c9questre sur la COVID-19 - Equestrian Canada\" \/>\n<meta property=\"og:description\" content=\"Grandes mesures entreprises par CE cette semaine : D\u00e9but de rencontres r\u00e9guli\u00e8res du groupe de travail sur le retour \u00e0 la comp\u00e9tition afin d\u2019\u00e9laborer un cadre qui prot\u00e9gera la sant\u00e9 et le bien-\u00eatre des chevaux dans la reprise des comp\u00e9titions dans toutes les disciplines. L\u2019objectif de ce groupe de travail est de d\u00e9velopper des ressources [&hellip;]\" \/>\n<meta property=\"og:url\" content=\"https:\/\/equestrian.ca\/fr\/anciens-articles\/resume-hebdomadaire-de-canada-equestre-sur-la-covid-19-6\/\" \/>\n<meta property=\"og:site_name\" content=\"Equestrian Canada\" \/>\n<meta property=\"article:published_time\" content=\"2020-04-10T00:00:00+00:00\" \/>\n<meta name=\"author\" content=\"Berry\" \/>\n<meta name=\"twitter:card\" content=\"summary_large_image\" \/>\n<meta name=\"twitter:label1\" content=\"\u00c9crit par\" \/>\n\t<meta name=\"twitter:data1\" content=\"Berry\" \/>\n\t<meta name=\"twitter:label2\" content=\"Estimation du temps de lecture\" \/>\n\t<meta name=\"twitter:data2\" content=\"2 minutes\" \/>\n<script type=\"application\/ld+json\" class=\"yoast-schema-graph\">{\"@context\":\"https:\/\/schema.org\",\"@graph\":[{\"@type\":\"Article\",\"@id\":\"https:\/\/equestrian.ca\/fr\/anciens-articles\/resume-hebdomadaire-de-canada-equestre-sur-la-covid-19-6\/#article\",\"isPartOf\":{\"@id\":\"https:\/\/equestrian.ca\/fr\/anciens-articles\/resume-hebdomadaire-de-canada-equestre-sur-la-covid-19-6\/\"},\"author\":{\"name\":\"Berry\",\"@id\":\"https:\/\/equestrian.ca\/fr\/#\/schema\/person\/9abd3ba4d1027626b07355668e4ee3ad\"},\"headline\":\"R\u00e9sum\u00e9 hebdomadaire de Canada \u00c9questre sur la COVID-19\",\"datePublished\":\"2020-04-10T00:00:00+00:00\",\"mainEntityOfPage\":{\"@id\":\"https:\/\/equestrian.ca\/fr\/anciens-articles\/resume-hebdomadaire-de-canada-equestre-sur-la-covid-19-6\/\"},\"wordCount\":312,\"commentCount\":0,\"articleSection\":[\"Anciens articles\"],\"inLanguage\":\"fr-CA\",\"potentialAction\":[{\"@type\":\"CommentAction\",\"name\":\"Comment\",\"target\":[\"https:\/\/equestrian.ca\/fr\/anciens-articles\/resume-hebdomadaire-de-canada-equestre-sur-la-covid-19-6\/#respond\"]}]},{\"@type\":\"WebPage\",\"@id\":\"https:\/\/equestrian.ca\/fr\/anciens-articles\/resume-hebdomadaire-de-canada-equestre-sur-la-covid-19-6\/\",\"url\":\"https:\/\/equestrian.ca\/fr\/anciens-articles\/resume-hebdomadaire-de-canada-equestre-sur-la-covid-19-6\/\",\"name\":\"R\u00e9sum\u00e9 hebdomadaire de Canada \u00c9questre sur la COVID-19 - Equestrian Canada\",\"isPartOf\":{\"@id\":\"https:\/\/equestrian.ca\/fr\/#website\"},\"datePublished\":\"2020-04-10T00:00:00+00:00\",\"author\":{\"@id\":\"https:\/\/equestrian.ca\/fr\/#\/schema\/person\/9abd3ba4d1027626b07355668e4ee3ad\"},\"breadcrumb\":{\"@id\":\"https:\/\/equestrian.ca\/fr\/anciens-articles\/resume-hebdomadaire-de-canada-equestre-sur-la-covid-19-6\/#breadcrumb\"},\"inLanguage\":\"fr-CA\",\"potentialAction\":[{\"@type\":\"ReadAction\",\"target\":[\"https:\/\/equestrian.ca\/fr\/anciens-articles\/resume-hebdomadaire-de-canada-equestre-sur-la-covid-19-6\/\"]}]},{\"@type\":\"BreadcrumbList\",\"@id\":\"https:\/\/equestrian.ca\/fr\/anciens-articles\/resume-hebdomadaire-de-canada-equestre-sur-la-covid-19-6\/#breadcrumb\",\"itemListElement\":[{\"@type\":\"ListItem\",\"position\":1,\"name\":\"Home\",\"item\":\"https:\/\/equestrian.ca\/fr\/\"},{\"@type\":\"ListItem\",\"position\":2,\"name\":\"R\u00e9sum\u00e9 hebdomadaire de Canada \u00c9questre sur la COVID-19\"}]},{\"@type\":\"WebSite\",\"@id\":\"https:\/\/equestrian.ca\/fr\/#website\",\"url\":\"https:\/\/equestrian.ca\/fr\/\",\"name\":\"Equestrian Canada\",\"description\":\"For the love of horses and sport for life.\",\"potentialAction\":[{\"@type\":\"SearchAction\",\"target\":{\"@type\":\"EntryPoint\",\"urlTemplate\":\"https:\/\/equestrian.ca\/fr\/?s={search_term_string}\"},\"query-input\":{\"@type\":\"PropertyValueSpecification\",\"valueRequired\":true,\"valueName\":\"search_term_string\"}}],\"inLanguage\":\"fr-CA\"},{\"@type\":\"Person\",\"@id\":\"https:\/\/equestrian.ca\/fr\/#\/schema\/person\/9abd3ba4d1027626b07355668e4ee3ad\",\"name\":\"Berry\",\"image\":{\"@type\":\"ImageObject\",\"inLanguage\":\"fr-CA\",\"@id\":\"https:\/\/equestrian.ca\/fr\/#\/schema\/person\/image\/\",\"url\":\"https:\/\/secure.gravatar.com\/avatar\/882da3b67056b0c608086d3c77de46948b64244a4c249e81e0bf04a8095ce320?s=96&d=mm&r=g\",\"contentUrl\":\"https:\/\/secure.gravatar.com\/avatar\/882da3b67056b0c608086d3c77de46948b64244a4c249e81e0bf04a8095ce320?s=96&d=mm&r=g\",\"caption\":\"Berry\"},\"url\":\"https:\/\/equestrian.ca\/fr\/author\/mberry\/\"}]}<\/script>\n<!-- \/ Yoast SEO plugin. -->","yoast_head_json":{"title":"R\u00e9sum\u00e9 hebdomadaire de Canada \u00c9questre sur la COVID-19 - Equestrian Canada","robots":{"index":"index","follow":"follow","max-snippet":"max-snippet:-1","max-image-preview":"max-image-preview:large","max-video-preview":"max-video-preview:-1"},"canonical":"https:\/\/equestrian.ca\/fr\/anciens-articles\/resume-hebdomadaire-de-canada-equestre-sur-la-covid-19-6\/","og_locale":"fr_CA","og_type":"article","og_title":"R\u00e9sum\u00e9 hebdomadaire de Canada \u00c9questre sur la COVID-19 - Equestrian Canada","og_description":"Grandes mesures entreprises par CE cette semaine : D\u00e9but de rencontres r\u00e9guli\u00e8res du groupe de travail sur le retour \u00e0 la comp\u00e9tition afin d\u2019\u00e9laborer un cadre qui prot\u00e9gera la sant\u00e9 et le bien-\u00eatre des chevaux dans la reprise des comp\u00e9titions dans toutes les disciplines. L\u2019objectif de ce groupe de travail est de d\u00e9velopper des ressources [&hellip;]","og_url":"https:\/\/equestrian.ca\/fr\/anciens-articles\/resume-hebdomadaire-de-canada-equestre-sur-la-covid-19-6\/","og_site_name":"Equestrian Canada","article_published_time":"2020-04-10T00:00:00+00:00","author":"Berry","twitter_card":"summary_large_image","twitter_misc":{"\u00c9crit par":"Berry","Estimation du temps de lecture":"2 minutes"},"schema":{"@context":"https:\/\/schema.org","@graph":[{"@type":"Article","@id":"https:\/\/equestrian.ca\/fr\/anciens-articles\/resume-hebdomadaire-de-canada-equestre-sur-la-covid-19-6\/#article","isPartOf":{"@id":"https:\/\/equestrian.ca\/fr\/anciens-articles\/resume-hebdomadaire-de-canada-equestre-sur-la-covid-19-6\/"},"author":{"name":"Berry","@id":"https:\/\/equestrian.ca\/fr\/#\/schema\/person\/9abd3ba4d1027626b07355668e4ee3ad"},"headline":"R\u00e9sum\u00e9 hebdomadaire de Canada \u00c9questre sur la COVID-19","datePublished":"2020-04-10T00:00:00+00:00","mainEntityOfPage":{"@id":"https:\/\/equestrian.ca\/fr\/anciens-articles\/resume-hebdomadaire-de-canada-equestre-sur-la-covid-19-6\/"},"wordCount":312,"commentCount":0,"articleSection":["Anciens articles"],"inLanguage":"fr-CA","potentialAction":[{"@type":"CommentAction","name":"Comment","target":["https:\/\/equestrian.ca\/fr\/anciens-articles\/resume-hebdomadaire-de-canada-equestre-sur-la-covid-19-6\/#respond"]}]},{"@type":"WebPage","@id":"https:\/\/equestrian.ca\/fr\/anciens-articles\/resume-hebdomadaire-de-canada-equestre-sur-la-covid-19-6\/","url":"https:\/\/equestrian.ca\/fr\/anciens-articles\/resume-hebdomadaire-de-canada-equestre-sur-la-covid-19-6\/","name":"R\u00e9sum\u00e9 hebdomadaire de Canada \u00c9questre sur la COVID-19 - Equestrian Canada","isPartOf":{"@id":"https:\/\/equestrian.ca\/fr\/#website"},"datePublished":"2020-04-10T00:00:00+00:00","author":{"@id":"https:\/\/equestrian.ca\/fr\/#\/schema\/person\/9abd3ba4d1027626b07355668e4ee3ad"},"breadcrumb":{"@id":"https:\/\/equestrian.ca\/fr\/anciens-articles\/resume-hebdomadaire-de-canada-equestre-sur-la-covid-19-6\/#breadcrumb"},"inLanguage":"fr-CA","potentialAction":[{"@type":"ReadAction","target":["https:\/\/equestrian.ca\/fr\/anciens-articles\/resume-hebdomadaire-de-canada-equestre-sur-la-covid-19-6\/"]}]},{"@type":"BreadcrumbList","@id":"https:\/\/equestrian.ca\/fr\/anciens-articles\/resume-hebdomadaire-de-canada-equestre-sur-la-covid-19-6\/#breadcrumb","itemListElement":[{"@type":"ListItem","position":1,"name":"Home","item":"https:\/\/equestrian.ca\/fr\/"},{"@type":"ListItem","position":2,"name":"R\u00e9sum\u00e9 hebdomadaire de Canada \u00c9questre sur la COVID-19"}]},{"@type":"WebSite","@id":"https:\/\/equestrian.ca\/fr\/#website","url":"https:\/\/equestrian.ca\/fr\/","name":"Equestrian Canada","description":"For the love of horses and sport for life.","potentialAction":[{"@type":"SearchAction","target":{"@type":"EntryPoint","urlTemplate":"https:\/\/equestrian.ca\/fr\/?s={search_term_string}"},"query-input":{"@type":"PropertyValueSpecification","valueRequired":true,"valueName":"search_term_string"}}],"inLanguage":"fr-CA"},{"@type":"Person","@id":"https:\/\/equestrian.ca\/fr\/#\/schema\/person\/9abd3ba4d1027626b07355668e4ee3ad","name":"Berry","image":{"@type":"ImageObject","inLanguage":"fr-CA","@id":"https:\/\/equestrian.ca\/fr\/#\/schema\/person\/image\/","url":"https:\/\/secure.gravatar.com\/avatar\/882da3b67056b0c608086d3c77de46948b64244a4c249e81e0bf04a8095ce320?s=96&d=mm&r=g","contentUrl":"https:\/\/secure.gravatar.com\/avatar\/882da3b67056b0c608086d3c77de46948b64244a4c249e81e0bf04a8095ce320?s=96&d=mm&r=g","caption":"Berry"},"url":"https:\/\/equestrian.ca\/fr\/author\/mberry\/"}]}},"_links":{"self":[{"href":"https:\/\/equestrian.ca\/fr\/wp-json\/wp\/v2\/posts\/26038","targetHints":{"allow":["GET"]}}],"collection":[{"href":"https:\/\/equestrian.ca\/fr\/wp-json\/wp\/v2\/posts"}],"about":[{"href":"https:\/\/equestrian.ca\/fr\/wp-json\/wp\/v2\/types\/post"}],"author":[{"embeddable":true,"href":"https:\/\/equestrian.ca\/fr\/wp-json\/wp\/v2\/users\/3"}],"replies":[{"embeddable":true,"href":"https:\/\/equestrian.ca\/fr\/wp-json\/wp\/v2\/comments?post=26038"}],"version-history":[{"count":0,"href":"https:\/\/equestrian.ca\/fr\/wp-json\/wp\/v2\/posts\/26038\/revisions"}],"wp:attachment":[{"href":"https:\/\/equestrian.ca\/fr\/wp-json\/wp\/v2\/media?parent=26038"}],"wp:term":[{"taxonomy":"category","embeddable":true,"href":"https:\/\/equestrian.ca\/fr\/wp-json\/wp\/v2\/categories?post=26038"},{"taxonomy":"post_tag","embeddable":true,"href":"https:\/\/equestrian.ca\/fr\/wp-json\/wp\/v2\/tags?post=26038"}],"curies":[{"name":"wp","href":"https:\/\/api.w.org\/{rel}","templated":true}]}}