{"id":26029,"date":"2023-12-04T00:00:00","date_gmt":"2023-12-04T00:00:00","guid":{"rendered":"https:\/\/equestrian.ca\/news\/les-mises-en-candidatures-pour-les-prix-nationaux-2023-sont-commencees\/"},"modified":"2023-12-04T00:00:00","modified_gmt":"2023-12-04T00:00:00","slug":"les-mises-en-candidatures-pour-les-prix-nationaux-2023-sont-commencees","status":"publish","type":"post","link":"https:\/\/equestrian.ca\/fr\/prix\/les-mises-en-candidatures-pour-les-prix-nationaux-2023-sont-commencees\/","title":{"rendered":"Les mises en candidatures pour les Prix nationaux 2023 sont commenc\u00e9es!"},"content":{"rendered":"<p>Connaissez-vous un cheval, une personne ou un organisme qui a fait une diff\u00e9rence dans la communaut\u00e9 \u00e9questre canadienne en 2023?<\/p>\n<p>Prenez un instant pour proposer une candidature en vue des Prix nationaux de Canada \u00c9questre (CE) de 2023! Nous vous encourageons \u00e0 d\u00e9poser votre propre candidature si vous le d\u00e9sirez. Les membres des OPTS peuvent \u00e9galement nommer des personnes qualifi\u00e9es pour chaque cat\u00e9gorie.<\/p>\n<\/p>\n<\/p>\n<\/p>\n<ul><\/ul>\n<p><a href=\"https:\/\/form.jotform.com\/eccommunications\/ec-2023-national-award-nominations\" class=\"o-button js-wow u-fadeInUpBig\" data-wow-delay=\"0.3s\" style=\"visibility: visible; animation-delay: 0.3s; display: block; margin: 15px auto;width: 50%;\">Proposer une candidature<\/a><\/p>\n<\/p>\n<\/p>\n<\/p>\n<p>Toute la communaut\u00e9 \u00e9questre canadienne a livr\u00e9 de grands efforts et de belles performances dans le sport en 2024. La date limite des mises en candidature pour les Prix nationaux de CE est <b>le 15 janvier 2024, \u00e0 16 h (HE)<\/b>.<\/p>\n<p>Les prix seront d\u00e9cern\u00e9s selon les cat\u00e9gories suivantes afin de saluer le travail impressionnant de personnes, de chevaux et d\u2019organismes qui ont contribu\u00e9 \u00e0 la croissance et \u00e0 la r\u00e9ussite de notre communaut\u00e9 \u00e9questre en 2023. <\/p>\n<ul>\n<li>Prix M\u00e9daille d\u2019or<\/li>\n<li>Prix pour l\u2019ensemble des r\u00e9alisations<\/li>\n<li>Athl\u00e8te \u00e9questre de l\u2019ann\u00e9e \u2013 Troph\u00e9e Dr George Jacobsen<\/li>\n<li>Athl\u00e8te \u00e9questre junior de l\u2019ann\u00e9e \u2013 Troph\u00e9e Gillian Wilson<\/li>\n<li>Cheval d\u2019exception \u2013 Troph\u00e9e Hickstead<\/li>\n<li>B\u00e9n\u00e9vole de l\u2019ann\u00e9e<\/li>\n<li>Propri\u00e9taire de l\u2019ann\u00e9e<\/li>\n<li>Entra\u00eeneur(e) de l\u2019ann\u00e9e<\/li>\n<li>Officiel(le) de l\u2019ann\u00e9e<\/li>\n<li>Cheval de l\u2019ann\u00e9e<\/li>\n<li>\u00c9leveur(-euse) canadien(ne) de l\u2019ann\u00e9e<\/li>\n<li>Cheval d\u2019origine canadienne de l\u2019ann\u00e9e<\/li>\n<li>Prix des m\u00e9dias \u2013 Troph\u00e9e Susan Jane Anstey<\/li>\n<li>Prix pour la sant\u00e9 et le bien-\u00eatre des chevaux <\/li>\n<\/ul>\n<p>Pour en savoir plus sur les prix, veuillez visiter la page Web <a href=\"https:\/\/www.equestrian.ca\/infos\/prix-nationaux#\" target=\"_blank\" rel=\"noopener\">www.equestrian.ca\/infos\/prix-nationaux<\/a>. Le comit\u00e9 des prix examinera les candidatures soumises sur le portail et annoncera les laur\u00e9ates et laur\u00e9ats au d\u00e9but du mois de mars 2024.&nbsp;<\/p>\n<h2>Comit\u00e9 des prix de CE<\/h2>\n<p>Les membres du comit\u00e9 des prix de CE sont les suivant(e)s :<\/p>\n<p>Jennifer Anstey \u2013 Schomberg, ON<br \/>Julie Brewster \u2013 Bowden, AB<br \/>Peggy Hambly (pr\u00e9sidence) \u2013 Guelph, ON<br \/>Alison Martin \u2013 North Vancouver, BC<br \/>Taylor McRae \u2013 Ottawa, ON<\/p>\n<p>Veuillez envoyer vos questions et commentaires sur les Prix nationaux de CE \u00e0 la personne suivante :<\/p>\n<p>Melanie McLearon<br \/>Directrice, Marketing et communications&nbsp;<br \/><a href=\"mailto:mmclearon@equestrian.ca\" target=\"_blank\" rel=\"noopener\">mmclearon@equestrian.ca<\/a><\/p>\n","protected":false},"excerpt":{"rendered":"<p>Connaissez-vous un cheval, une personne ou un organisme qui a fait une diff\u00e9rence dans la communaut\u00e9 \u00e9questre canadienne en 2023? Prenez un instant pour proposer une candidature en vue des Prix nationaux de Canada \u00c9questre (CE) de 2023! Nous vous encourageons \u00e0 d\u00e9poser votre propre candidature si vous le d\u00e9sirez. Les membres des OPTS peuvent [&hellip;]<\/p>\n","protected":false},"author":3,"featured_media":16934,"comment_status":"open","ping_status":"open","sticky":false,"template":"","format":"standard","meta":{"_acf_changed":false,"footnotes":""},"categories":[235],"tags":[],"class_list":["post-26029","post","type-post","status-publish","format-standard","has-post-thumbnail","hentry","category-prix"],"acf":[],"yoast_head":"<!-- This site is optimized with the Yoast SEO plugin v27.0 - https:\/\/yoast.com\/product\/yoast-seo-wordpress\/ -->\n<title>Les mises en candidatures pour les Prix nationaux 2023 sont commenc\u00e9es! - Equestrian Canada<\/title>\n<meta name=\"robots\" content=\"index, follow, max-snippet:-1, max-image-preview:large, max-video-preview:-1\" \/>\n<link rel=\"canonical\" href=\"https:\/\/equestrian.ca\/fr\/prix\/les-mises-en-candidatures-pour-les-prix-nationaux-2023-sont-commencees\/\" \/>\n<meta property=\"og:locale\" content=\"fr_CA\" \/>\n<meta property=\"og:type\" content=\"article\" \/>\n<meta property=\"og:title\" content=\"Les mises en candidatures pour les Prix nationaux 2023 sont commenc\u00e9es! - Equestrian Canada\" \/>\n<meta property=\"og:description\" content=\"Connaissez-vous un cheval, une personne ou un organisme qui a fait une diff\u00e9rence dans la communaut\u00e9 \u00e9questre canadienne en 2023? Prenez un instant pour proposer une candidature en vue des Prix nationaux de Canada \u00c9questre (CE) de 2023! Nous vous encourageons \u00e0 d\u00e9poser votre propre candidature si vous le d\u00e9sirez. Les membres des OPTS peuvent [&hellip;]\" \/>\n<meta property=\"og:url\" content=\"https:\/\/equestrian.ca\/fr\/prix\/les-mises-en-candidatures-pour-les-prix-nationaux-2023-sont-commencees\/\" \/>\n<meta property=\"og:site_name\" content=\"Equestrian Canada\" \/>\n<meta property=\"article:published_time\" content=\"2023-12-04T00:00:00+00:00\" \/>\n<meta property=\"og:image\" content=\"https:\/\/equestrian.ca\/wp-content\/uploads\/2024\/02\/2023-EC-Awards-Insta.jpg\" \/>\n\t<meta property=\"og:image:width\" content=\"1080\" \/>\n\t<meta property=\"og:image:height\" content=\"1080\" \/>\n\t<meta property=\"og:image:type\" content=\"image\/jpeg\" \/>\n<meta name=\"author\" content=\"Berry\" \/>\n<meta name=\"twitter:card\" content=\"summary_large_image\" \/>\n<meta name=\"twitter:label1\" content=\"\u00c9crit par\" \/>\n\t<meta name=\"twitter:data1\" content=\"Berry\" \/>\n\t<meta name=\"twitter:label2\" content=\"Estimation du temps de lecture\" \/>\n\t<meta name=\"twitter:data2\" content=\"2 minutes\" \/>\n<script type=\"application\/ld+json\" class=\"yoast-schema-graph\">{\"@context\":\"https:\/\/schema.org\",\"@graph\":[{\"@type\":\"Article\",\"@id\":\"https:\/\/equestrian.ca\/fr\/prix\/les-mises-en-candidatures-pour-les-prix-nationaux-2023-sont-commencees\/#article\",\"isPartOf\":{\"@id\":\"https:\/\/equestrian.ca\/fr\/prix\/les-mises-en-candidatures-pour-les-prix-nationaux-2023-sont-commencees\/\"},\"author\":{\"name\":\"Berry\",\"@id\":\"https:\/\/equestrian.ca\/fr\/#\/schema\/person\/9abd3ba4d1027626b07355668e4ee3ad\"},\"headline\":\"Les mises en candidatures pour les Prix nationaux 2023 sont commenc\u00e9es!\",\"datePublished\":\"2023-12-04T00:00:00+00:00\",\"mainEntityOfPage\":{\"@id\":\"https:\/\/equestrian.ca\/fr\/prix\/les-mises-en-candidatures-pour-les-prix-nationaux-2023-sont-commencees\/\"},\"wordCount\":366,\"commentCount\":0,\"image\":{\"@id\":\"https:\/\/equestrian.ca\/fr\/prix\/les-mises-en-candidatures-pour-les-prix-nationaux-2023-sont-commencees\/#primaryimage\"},\"thumbnailUrl\":\"https:\/\/equestrian.ca\/wp-content\/uploads\/2024\/02\/2023-EC-Awards-Insta.jpg\",\"articleSection\":[\"Prix\"],\"inLanguage\":\"fr-CA\",\"potentialAction\":[{\"@type\":\"CommentAction\",\"name\":\"Comment\",\"target\":[\"https:\/\/equestrian.ca\/fr\/prix\/les-mises-en-candidatures-pour-les-prix-nationaux-2023-sont-commencees\/#respond\"]}]},{\"@type\":\"WebPage\",\"@id\":\"https:\/\/equestrian.ca\/fr\/prix\/les-mises-en-candidatures-pour-les-prix-nationaux-2023-sont-commencees\/\",\"url\":\"https:\/\/equestrian.ca\/fr\/prix\/les-mises-en-candidatures-pour-les-prix-nationaux-2023-sont-commencees\/\",\"name\":\"Les mises en candidatures pour les Prix nationaux 2023 sont commenc\u00e9es! - Equestrian Canada\",\"isPartOf\":{\"@id\":\"https:\/\/equestrian.ca\/fr\/#website\"},\"primaryImageOfPage\":{\"@id\":\"https:\/\/equestrian.ca\/fr\/prix\/les-mises-en-candidatures-pour-les-prix-nationaux-2023-sont-commencees\/#primaryimage\"},\"image\":{\"@id\":\"https:\/\/equestrian.ca\/fr\/prix\/les-mises-en-candidatures-pour-les-prix-nationaux-2023-sont-commencees\/#primaryimage\"},\"thumbnailUrl\":\"https:\/\/equestrian.ca\/wp-content\/uploads\/2024\/02\/2023-EC-Awards-Insta.jpg\",\"datePublished\":\"2023-12-04T00:00:00+00:00\",\"author\":{\"@id\":\"https:\/\/equestrian.ca\/fr\/#\/schema\/person\/9abd3ba4d1027626b07355668e4ee3ad\"},\"breadcrumb\":{\"@id\":\"https:\/\/equestrian.ca\/fr\/prix\/les-mises-en-candidatures-pour-les-prix-nationaux-2023-sont-commencees\/#breadcrumb\"},\"inLanguage\":\"fr-CA\",\"potentialAction\":[{\"@type\":\"ReadAction\",\"target\":[\"https:\/\/equestrian.ca\/fr\/prix\/les-mises-en-candidatures-pour-les-prix-nationaux-2023-sont-commencees\/\"]}]},{\"@type\":\"ImageObject\",\"inLanguage\":\"fr-CA\",\"@id\":\"https:\/\/equestrian.ca\/fr\/prix\/les-mises-en-candidatures-pour-les-prix-nationaux-2023-sont-commencees\/#primaryimage\",\"url\":\"https:\/\/equestrian.ca\/wp-content\/uploads\/2024\/02\/2023-EC-Awards-Insta.jpg\",\"contentUrl\":\"https:\/\/equestrian.ca\/wp-content\/uploads\/2024\/02\/2023-EC-Awards-Insta.jpg\",\"width\":1080,\"height\":1080},{\"@type\":\"BreadcrumbList\",\"@id\":\"https:\/\/equestrian.ca\/fr\/prix\/les-mises-en-candidatures-pour-les-prix-nationaux-2023-sont-commencees\/#breadcrumb\",\"itemListElement\":[{\"@type\":\"ListItem\",\"position\":1,\"name\":\"Home\",\"item\":\"https:\/\/equestrian.ca\/fr\/\"},{\"@type\":\"ListItem\",\"position\":2,\"name\":\"Les mises en candidatures pour les Prix nationaux 2023 sont commenc\u00e9es!\"}]},{\"@type\":\"WebSite\",\"@id\":\"https:\/\/equestrian.ca\/fr\/#website\",\"url\":\"https:\/\/equestrian.ca\/fr\/\",\"name\":\"Equestrian Canada\",\"description\":\"For the love of horses and sport for life.\",\"potentialAction\":[{\"@type\":\"SearchAction\",\"target\":{\"@type\":\"EntryPoint\",\"urlTemplate\":\"https:\/\/equestrian.ca\/fr\/?s={search_term_string}\"},\"query-input\":{\"@type\":\"PropertyValueSpecification\",\"valueRequired\":true,\"valueName\":\"search_term_string\"}}],\"inLanguage\":\"fr-CA\"},{\"@type\":\"Person\",\"@id\":\"https:\/\/equestrian.ca\/fr\/#\/schema\/person\/9abd3ba4d1027626b07355668e4ee3ad\",\"name\":\"Berry\",\"image\":{\"@type\":\"ImageObject\",\"inLanguage\":\"fr-CA\",\"@id\":\"https:\/\/equestrian.ca\/fr\/#\/schema\/person\/image\/\",\"url\":\"https:\/\/secure.gravatar.com\/avatar\/882da3b67056b0c608086d3c77de46948b64244a4c249e81e0bf04a8095ce320?s=96&d=mm&r=g\",\"contentUrl\":\"https:\/\/secure.gravatar.com\/avatar\/882da3b67056b0c608086d3c77de46948b64244a4c249e81e0bf04a8095ce320?s=96&d=mm&r=g\",\"caption\":\"Berry\"},\"url\":\"https:\/\/equestrian.ca\/fr\/author\/mberry\/\"}]}<\/script>\n<!-- \/ Yoast SEO plugin. -->","yoast_head_json":{"title":"Les mises en candidatures pour les Prix nationaux 2023 sont commenc\u00e9es! - Equestrian Canada","robots":{"index":"index","follow":"follow","max-snippet":"max-snippet:-1","max-image-preview":"max-image-preview:large","max-video-preview":"max-video-preview:-1"},"canonical":"https:\/\/equestrian.ca\/fr\/prix\/les-mises-en-candidatures-pour-les-prix-nationaux-2023-sont-commencees\/","og_locale":"fr_CA","og_type":"article","og_title":"Les mises en candidatures pour les Prix nationaux 2023 sont commenc\u00e9es! - Equestrian Canada","og_description":"Connaissez-vous un cheval, une personne ou un organisme qui a fait une diff\u00e9rence dans la communaut\u00e9 \u00e9questre canadienne en 2023? Prenez un instant pour proposer une candidature en vue des Prix nationaux de Canada \u00c9questre (CE) de 2023! Nous vous encourageons \u00e0 d\u00e9poser votre propre candidature si vous le d\u00e9sirez. Les membres des OPTS peuvent [&hellip;]","og_url":"https:\/\/equestrian.ca\/fr\/prix\/les-mises-en-candidatures-pour-les-prix-nationaux-2023-sont-commencees\/","og_site_name":"Equestrian Canada","article_published_time":"2023-12-04T00:00:00+00:00","og_image":[{"width":1080,"height":1080,"url":"https:\/\/equestrian.ca\/wp-content\/uploads\/2024\/02\/2023-EC-Awards-Insta.jpg","type":"image\/jpeg"}],"author":"Berry","twitter_card":"summary_large_image","twitter_misc":{"\u00c9crit par":"Berry","Estimation du temps de lecture":"2 minutes"},"schema":{"@context":"https:\/\/schema.org","@graph":[{"@type":"Article","@id":"https:\/\/equestrian.ca\/fr\/prix\/les-mises-en-candidatures-pour-les-prix-nationaux-2023-sont-commencees\/#article","isPartOf":{"@id":"https:\/\/equestrian.ca\/fr\/prix\/les-mises-en-candidatures-pour-les-prix-nationaux-2023-sont-commencees\/"},"author":{"name":"Berry","@id":"https:\/\/equestrian.ca\/fr\/#\/schema\/person\/9abd3ba4d1027626b07355668e4ee3ad"},"headline":"Les mises en candidatures pour les Prix nationaux 2023 sont commenc\u00e9es!","datePublished":"2023-12-04T00:00:00+00:00","mainEntityOfPage":{"@id":"https:\/\/equestrian.ca\/fr\/prix\/les-mises-en-candidatures-pour-les-prix-nationaux-2023-sont-commencees\/"},"wordCount":366,"commentCount":0,"image":{"@id":"https:\/\/equestrian.ca\/fr\/prix\/les-mises-en-candidatures-pour-les-prix-nationaux-2023-sont-commencees\/#primaryimage"},"thumbnailUrl":"https:\/\/equestrian.ca\/wp-content\/uploads\/2024\/02\/2023-EC-Awards-Insta.jpg","articleSection":["Prix"],"inLanguage":"fr-CA","potentialAction":[{"@type":"CommentAction","name":"Comment","target":["https:\/\/equestrian.ca\/fr\/prix\/les-mises-en-candidatures-pour-les-prix-nationaux-2023-sont-commencees\/#respond"]}]},{"@type":"WebPage","@id":"https:\/\/equestrian.ca\/fr\/prix\/les-mises-en-candidatures-pour-les-prix-nationaux-2023-sont-commencees\/","url":"https:\/\/equestrian.ca\/fr\/prix\/les-mises-en-candidatures-pour-les-prix-nationaux-2023-sont-commencees\/","name":"Les mises en candidatures pour les Prix nationaux 2023 sont commenc\u00e9es! - Equestrian Canada","isPartOf":{"@id":"https:\/\/equestrian.ca\/fr\/#website"},"primaryImageOfPage":{"@id":"https:\/\/equestrian.ca\/fr\/prix\/les-mises-en-candidatures-pour-les-prix-nationaux-2023-sont-commencees\/#primaryimage"},"image":{"@id":"https:\/\/equestrian.ca\/fr\/prix\/les-mises-en-candidatures-pour-les-prix-nationaux-2023-sont-commencees\/#primaryimage"},"thumbnailUrl":"https:\/\/equestrian.ca\/wp-content\/uploads\/2024\/02\/2023-EC-Awards-Insta.jpg","datePublished":"2023-12-04T00:00:00+00:00","author":{"@id":"https:\/\/equestrian.ca\/fr\/#\/schema\/person\/9abd3ba4d1027626b07355668e4ee3ad"},"breadcrumb":{"@id":"https:\/\/equestrian.ca\/fr\/prix\/les-mises-en-candidatures-pour-les-prix-nationaux-2023-sont-commencees\/#breadcrumb"},"inLanguage":"fr-CA","potentialAction":[{"@type":"ReadAction","target":["https:\/\/equestrian.ca\/fr\/prix\/les-mises-en-candidatures-pour-les-prix-nationaux-2023-sont-commencees\/"]}]},{"@type":"ImageObject","inLanguage":"fr-CA","@id":"https:\/\/equestrian.ca\/fr\/prix\/les-mises-en-candidatures-pour-les-prix-nationaux-2023-sont-commencees\/#primaryimage","url":"https:\/\/equestrian.ca\/wp-content\/uploads\/2024\/02\/2023-EC-Awards-Insta.jpg","contentUrl":"https:\/\/equestrian.ca\/wp-content\/uploads\/2024\/02\/2023-EC-Awards-Insta.jpg","width":1080,"height":1080},{"@type":"BreadcrumbList","@id":"https:\/\/equestrian.ca\/fr\/prix\/les-mises-en-candidatures-pour-les-prix-nationaux-2023-sont-commencees\/#breadcrumb","itemListElement":[{"@type":"ListItem","position":1,"name":"Home","item":"https:\/\/equestrian.ca\/fr\/"},{"@type":"ListItem","position":2,"name":"Les mises en candidatures pour les Prix nationaux 2023 sont commenc\u00e9es!"}]},{"@type":"WebSite","@id":"https:\/\/equestrian.ca\/fr\/#website","url":"https:\/\/equestrian.ca\/fr\/","name":"Equestrian Canada","description":"For the love of horses and sport for life.","potentialAction":[{"@type":"SearchAction","target":{"@type":"EntryPoint","urlTemplate":"https:\/\/equestrian.ca\/fr\/?s={search_term_string}"},"query-input":{"@type":"PropertyValueSpecification","valueRequired":true,"valueName":"search_term_string"}}],"inLanguage":"fr-CA"},{"@type":"Person","@id":"https:\/\/equestrian.ca\/fr\/#\/schema\/person\/9abd3ba4d1027626b07355668e4ee3ad","name":"Berry","image":{"@type":"ImageObject","inLanguage":"fr-CA","@id":"https:\/\/equestrian.ca\/fr\/#\/schema\/person\/image\/","url":"https:\/\/secure.gravatar.com\/avatar\/882da3b67056b0c608086d3c77de46948b64244a4c249e81e0bf04a8095ce320?s=96&d=mm&r=g","contentUrl":"https:\/\/secure.gravatar.com\/avatar\/882da3b67056b0c608086d3c77de46948b64244a4c249e81e0bf04a8095ce320?s=96&d=mm&r=g","caption":"Berry"},"url":"https:\/\/equestrian.ca\/fr\/author\/mberry\/"}]}},"_links":{"self":[{"href":"https:\/\/equestrian.ca\/fr\/wp-json\/wp\/v2\/posts\/26029","targetHints":{"allow":["GET"]}}],"collection":[{"href":"https:\/\/equestrian.ca\/fr\/wp-json\/wp\/v2\/posts"}],"about":[{"href":"https:\/\/equestrian.ca\/fr\/wp-json\/wp\/v2\/types\/post"}],"author":[{"embeddable":true,"href":"https:\/\/equestrian.ca\/fr\/wp-json\/wp\/v2\/users\/3"}],"replies":[{"embeddable":true,"href":"https:\/\/equestrian.ca\/fr\/wp-json\/wp\/v2\/comments?post=26029"}],"version-history":[{"count":0,"href":"https:\/\/equestrian.ca\/fr\/wp-json\/wp\/v2\/posts\/26029\/revisions"}],"wp:featuredmedia":[{"embeddable":true,"href":"https:\/\/equestrian.ca\/fr\/wp-json\/wp\/v2\/media\/16934"}],"wp:attachment":[{"href":"https:\/\/equestrian.ca\/fr\/wp-json\/wp\/v2\/media?parent=26029"}],"wp:term":[{"taxonomy":"category","embeddable":true,"href":"https:\/\/equestrian.ca\/fr\/wp-json\/wp\/v2\/categories?post=26029"},{"taxonomy":"post_tag","embeddable":true,"href":"https:\/\/equestrian.ca\/fr\/wp-json\/wp\/v2\/tags?post=26029"}],"curies":[{"name":"wp","href":"https:\/\/api.w.org\/{rel}","templated":true}]}}