{"id":25968,"date":"2019-11-12T00:00:00","date_gmt":"2019-11-12T00:00:00","guid":{"rendered":"https:\/\/equestrian.ca\/news\/reponse-de-canada-equestre-a-la-declaration-de-la-fei-concernant-la-suspension-provisoire-dune-athlete-de-lequipe-equestre-canadienne\/"},"modified":"2019-11-12T00:00:00","modified_gmt":"2019-11-12T00:00:00","slug":"reponse-de-canada-equestre-a-la-declaration-de-la-fei-concernant-la-suspension-provisoire-dune-athlete-de-lequipe-equestre-canadienne","status":"publish","type":"post","link":"https:\/\/equestrian.ca\/fr\/anciens-articles\/reponse-de-canada-equestre-a-la-declaration-de-la-fei-concernant-la-suspension-provisoire-dune-athlete-de-lequipe-equestre-canadienne\/","title":{"rendered":"R\u00e9ponse de Canada \u00c9questre \u00e0 la d\u00e9claration de la FEI concernant la suspension provisoire d\u2019une athl\u00e8te de l\u2019\u00c9quipe \u00e9questre canadienne"},"content":{"rendered":"<p><b>Ottawa, Ontario,  le 12 novembre 2019 &#8211;<\/b>  La F\u00e9d\u00e9ration \u00e9questre internationale (FEI) <a href=\"https:\/\/inside.fei.org\/content\/athlete-provisionally-suspended-under-fei-human-anti-doping-rules\" target=\"_blank\" rel=\"noopener\">a annonc\u00e9 aujourd\u2019hui <\/a>que les \u00e9chantillons pr\u00e9lev\u00e9s sur l\u2019athl\u00e8te de l\u2019\u00c9quipe canadienne de saut d\u2019obstacles, Nicole Walker, durant la tenue des Jeux panam\u00e9ricains Lima 2019, ont donn\u00e9 un r\u00e9sultat positif de benzoylecgonine, le m\u00e9tabolite de la coca\u00efne, une substance interdite en vertu du Code de l\u2019Agence mondiale antidopage (AMA).<\/p>\n<p>Conform\u00e9ment aux obligations \u00e9dict\u00e9es par l\u2019Agence mondiale antidopage en ce qui a trait aux suspensions provisoires, Nicole Walker voit sa participation aux \u00e9preuves sanctionn\u00e9es par la FEI et par Canada \u00c9questre (CE) temporairement suspendue et ce, \u00e0 compter d\u2019aujourd\u2019hui. <\/p>\n<p>CE respecte fermement les principes du sport propre. Nous croyons \u00e9galement qu\u2019il est de notre devoir d\u2019appuyer nos athl\u00e8tes, c\u2019est pourquoi Nicole pourra compter sur notre plein soutien tout au long de ces moments difficiles.  CE collaborera \u00e9troitement avec Nicole et ses conseillers juridiques afin de d\u00e9terminer les prochaines mesures qu\u2019il convient de prendre. <\/p>\n<p>Pour pr\u00e9server l\u2019int\u00e9grit\u00e9 du travail juridique en cours, CE ne fera aucun autre commentaire sur ce dossier.&nbsp;<\/p>\n<p style=\"text-align: center;\">&#8211; 30 &#8211;<\/p>\n","protected":false},"excerpt":{"rendered":"<p>Ottawa, Ontario, le 12 novembre 2019 &#8211; La F\u00e9d\u00e9ration \u00e9questre internationale (FEI) a annonc\u00e9 aujourd\u2019hui que les \u00e9chantillons pr\u00e9lev\u00e9s sur l\u2019athl\u00e8te de l\u2019\u00c9quipe canadienne de saut d\u2019obstacles, Nicole Walker, durant la tenue des Jeux panam\u00e9ricains Lima 2019, ont donn\u00e9 un r\u00e9sultat positif de benzoylecgonine, le m\u00e9tabolite de la coca\u00efne, une substance interdite en vertu du [&hellip;]<\/p>\n","protected":false},"author":3,"featured_media":3404,"comment_status":"open","ping_status":"open","sticky":false,"template":"","format":"standard","meta":{"_acf_changed":false,"footnotes":""},"categories":[241],"tags":[],"class_list":["post-25968","post","type-post","status-publish","format-standard","has-post-thumbnail","hentry","category-anciens-articles"],"acf":[],"yoast_head":"<!-- This site is optimized with the Yoast SEO plugin v27.0 - https:\/\/yoast.com\/product\/yoast-seo-wordpress\/ -->\n<title>R\u00e9ponse de Canada \u00c9questre \u00e0 la d\u00e9claration de la FEI concernant la suspension provisoire d\u2019une athl\u00e8te de l\u2019\u00c9quipe \u00e9questre canadienne - Equestrian Canada<\/title>\n<meta name=\"robots\" content=\"index, follow, max-snippet:-1, max-image-preview:large, max-video-preview:-1\" \/>\n<link rel=\"canonical\" href=\"https:\/\/equestrian.ca\/fr\/anciens-articles\/reponse-de-canada-equestre-a-la-declaration-de-la-fei-concernant-la-suspension-provisoire-dune-athlete-de-lequipe-equestre-canadienne\/\" \/>\n<meta property=\"og:locale\" content=\"fr_CA\" \/>\n<meta property=\"og:type\" content=\"article\" \/>\n<meta property=\"og:title\" content=\"R\u00e9ponse de Canada \u00c9questre \u00e0 la d\u00e9claration de la FEI concernant la suspension provisoire d\u2019une athl\u00e8te de l\u2019\u00c9quipe \u00e9questre canadienne - Equestrian Canada\" \/>\n<meta property=\"og:description\" content=\"Ottawa, Ontario, le 12 novembre 2019 &#8211; La F\u00e9d\u00e9ration \u00e9questre internationale (FEI) a annonc\u00e9 aujourd\u2019hui que les \u00e9chantillons pr\u00e9lev\u00e9s sur l\u2019athl\u00e8te de l\u2019\u00c9quipe canadienne de saut d\u2019obstacles, Nicole Walker, durant la tenue des Jeux panam\u00e9ricains Lima 2019, ont donn\u00e9 un r\u00e9sultat positif de benzoylecgonine, le m\u00e9tabolite de la coca\u00efne, une substance interdite en vertu du [&hellip;]\" \/>\n<meta property=\"og:url\" content=\"https:\/\/equestrian.ca\/fr\/anciens-articles\/reponse-de-canada-equestre-a-la-declaration-de-la-fei-concernant-la-suspension-provisoire-dune-athlete-de-lequipe-equestre-canadienne\/\" \/>\n<meta property=\"og:site_name\" content=\"Equestrian Canada\" \/>\n<meta property=\"article:published_time\" content=\"2019-11-12T00:00:00+00:00\" \/>\n<meta property=\"og:image\" content=\"https:\/\/equestrian.ca\/wp-content\/uploads\/2023\/09\/EC_Emblem_Navy.jpg\" \/>\n\t<meta property=\"og:image:width\" content=\"800\" \/>\n\t<meta property=\"og:image:height\" content=\"618\" \/>\n\t<meta property=\"og:image:type\" content=\"image\/jpeg\" \/>\n<meta name=\"author\" content=\"Berry\" \/>\n<meta name=\"twitter:card\" content=\"summary_large_image\" \/>\n<meta name=\"twitter:label1\" content=\"\u00c9crit par\" \/>\n\t<meta name=\"twitter:data1\" content=\"Berry\" \/>\n\t<meta name=\"twitter:label2\" content=\"Estimation du temps de lecture\" \/>\n\t<meta name=\"twitter:data2\" content=\"1 minute\" \/>\n<script type=\"application\/ld+json\" class=\"yoast-schema-graph\">{\"@context\":\"https:\/\/schema.org\",\"@graph\":[{\"@type\":\"Article\",\"@id\":\"https:\/\/equestrian.ca\/fr\/anciens-articles\/reponse-de-canada-equestre-a-la-declaration-de-la-fei-concernant-la-suspension-provisoire-dune-athlete-de-lequipe-equestre-canadienne\/#article\",\"isPartOf\":{\"@id\":\"https:\/\/equestrian.ca\/fr\/anciens-articles\/reponse-de-canada-equestre-a-la-declaration-de-la-fei-concernant-la-suspension-provisoire-dune-athlete-de-lequipe-equestre-canadienne\/\"},\"author\":{\"name\":\"Berry\",\"@id\":\"https:\/\/equestrian.ca\/fr\/#\/schema\/person\/9abd3ba4d1027626b07355668e4ee3ad\"},\"headline\":\"R\u00e9ponse de Canada \u00c9questre \u00e0 la d\u00e9claration de la FEI concernant la suspension provisoire d\u2019une athl\u00e8te de l\u2019\u00c9quipe \u00e9questre canadienne\",\"datePublished\":\"2019-11-12T00:00:00+00:00\",\"mainEntityOfPage\":{\"@id\":\"https:\/\/equestrian.ca\/fr\/anciens-articles\/reponse-de-canada-equestre-a-la-declaration-de-la-fei-concernant-la-suspension-provisoire-dune-athlete-de-lequipe-equestre-canadienne\/\"},\"wordCount\":222,\"commentCount\":0,\"image\":{\"@id\":\"https:\/\/equestrian.ca\/fr\/anciens-articles\/reponse-de-canada-equestre-a-la-declaration-de-la-fei-concernant-la-suspension-provisoire-dune-athlete-de-lequipe-equestre-canadienne\/#primaryimage\"},\"thumbnailUrl\":\"https:\/\/equestrian.ca\/wp-content\/uploads\/2023\/09\/EC_Emblem_Navy.jpg\",\"articleSection\":[\"Anciens articles\"],\"inLanguage\":\"fr-CA\",\"potentialAction\":[{\"@type\":\"CommentAction\",\"name\":\"Comment\",\"target\":[\"https:\/\/equestrian.ca\/fr\/anciens-articles\/reponse-de-canada-equestre-a-la-declaration-de-la-fei-concernant-la-suspension-provisoire-dune-athlete-de-lequipe-equestre-canadienne\/#respond\"]}]},{\"@type\":\"WebPage\",\"@id\":\"https:\/\/equestrian.ca\/fr\/anciens-articles\/reponse-de-canada-equestre-a-la-declaration-de-la-fei-concernant-la-suspension-provisoire-dune-athlete-de-lequipe-equestre-canadienne\/\",\"url\":\"https:\/\/equestrian.ca\/fr\/anciens-articles\/reponse-de-canada-equestre-a-la-declaration-de-la-fei-concernant-la-suspension-provisoire-dune-athlete-de-lequipe-equestre-canadienne\/\",\"name\":\"R\u00e9ponse de Canada \u00c9questre \u00e0 la d\u00e9claration de la FEI concernant la suspension provisoire d\u2019une athl\u00e8te de l\u2019\u00c9quipe \u00e9questre canadienne - Equestrian Canada\",\"isPartOf\":{\"@id\":\"https:\/\/equestrian.ca\/fr\/#website\"},\"primaryImageOfPage\":{\"@id\":\"https:\/\/equestrian.ca\/fr\/anciens-articles\/reponse-de-canada-equestre-a-la-declaration-de-la-fei-concernant-la-suspension-provisoire-dune-athlete-de-lequipe-equestre-canadienne\/#primaryimage\"},\"image\":{\"@id\":\"https:\/\/equestrian.ca\/fr\/anciens-articles\/reponse-de-canada-equestre-a-la-declaration-de-la-fei-concernant-la-suspension-provisoire-dune-athlete-de-lequipe-equestre-canadienne\/#primaryimage\"},\"thumbnailUrl\":\"https:\/\/equestrian.ca\/wp-content\/uploads\/2023\/09\/EC_Emblem_Navy.jpg\",\"datePublished\":\"2019-11-12T00:00:00+00:00\",\"author\":{\"@id\":\"https:\/\/equestrian.ca\/fr\/#\/schema\/person\/9abd3ba4d1027626b07355668e4ee3ad\"},\"breadcrumb\":{\"@id\":\"https:\/\/equestrian.ca\/fr\/anciens-articles\/reponse-de-canada-equestre-a-la-declaration-de-la-fei-concernant-la-suspension-provisoire-dune-athlete-de-lequipe-equestre-canadienne\/#breadcrumb\"},\"inLanguage\":\"fr-CA\",\"potentialAction\":[{\"@type\":\"ReadAction\",\"target\":[\"https:\/\/equestrian.ca\/fr\/anciens-articles\/reponse-de-canada-equestre-a-la-declaration-de-la-fei-concernant-la-suspension-provisoire-dune-athlete-de-lequipe-equestre-canadienne\/\"]}]},{\"@type\":\"ImageObject\",\"inLanguage\":\"fr-CA\",\"@id\":\"https:\/\/equestrian.ca\/fr\/anciens-articles\/reponse-de-canada-equestre-a-la-declaration-de-la-fei-concernant-la-suspension-provisoire-dune-athlete-de-lequipe-equestre-canadienne\/#primaryimage\",\"url\":\"https:\/\/equestrian.ca\/wp-content\/uploads\/2023\/09\/EC_Emblem_Navy.jpg\",\"contentUrl\":\"https:\/\/equestrian.ca\/wp-content\/uploads\/2023\/09\/EC_Emblem_Navy.jpg\",\"width\":800,\"height\":618},{\"@type\":\"BreadcrumbList\",\"@id\":\"https:\/\/equestrian.ca\/fr\/anciens-articles\/reponse-de-canada-equestre-a-la-declaration-de-la-fei-concernant-la-suspension-provisoire-dune-athlete-de-lequipe-equestre-canadienne\/#breadcrumb\",\"itemListElement\":[{\"@type\":\"ListItem\",\"position\":1,\"name\":\"Home\",\"item\":\"https:\/\/equestrian.ca\/fr\/\"},{\"@type\":\"ListItem\",\"position\":2,\"name\":\"R\u00e9ponse de Canada \u00c9questre \u00e0 la d\u00e9claration de la FEI concernant la suspension provisoire d\u2019une athl\u00e8te de l\u2019\u00c9quipe \u00e9questre canadienne\"}]},{\"@type\":\"WebSite\",\"@id\":\"https:\/\/equestrian.ca\/fr\/#website\",\"url\":\"https:\/\/equestrian.ca\/fr\/\",\"name\":\"Equestrian Canada\",\"description\":\"For the love of horses and sport for life.\",\"potentialAction\":[{\"@type\":\"SearchAction\",\"target\":{\"@type\":\"EntryPoint\",\"urlTemplate\":\"https:\/\/equestrian.ca\/fr\/?s={search_term_string}\"},\"query-input\":{\"@type\":\"PropertyValueSpecification\",\"valueRequired\":true,\"valueName\":\"search_term_string\"}}],\"inLanguage\":\"fr-CA\"},{\"@type\":\"Person\",\"@id\":\"https:\/\/equestrian.ca\/fr\/#\/schema\/person\/9abd3ba4d1027626b07355668e4ee3ad\",\"name\":\"Berry\",\"image\":{\"@type\":\"ImageObject\",\"inLanguage\":\"fr-CA\",\"@id\":\"https:\/\/equestrian.ca\/fr\/#\/schema\/person\/image\/\",\"url\":\"https:\/\/secure.gravatar.com\/avatar\/882da3b67056b0c608086d3c77de46948b64244a4c249e81e0bf04a8095ce320?s=96&d=mm&r=g\",\"contentUrl\":\"https:\/\/secure.gravatar.com\/avatar\/882da3b67056b0c608086d3c77de46948b64244a4c249e81e0bf04a8095ce320?s=96&d=mm&r=g\",\"caption\":\"Berry\"},\"url\":\"https:\/\/equestrian.ca\/fr\/author\/mberry\/\"}]}<\/script>\n<!-- \/ Yoast SEO plugin. -->","yoast_head_json":{"title":"R\u00e9ponse de Canada \u00c9questre \u00e0 la d\u00e9claration de la FEI concernant la suspension provisoire d\u2019une athl\u00e8te de l\u2019\u00c9quipe \u00e9questre canadienne - Equestrian Canada","robots":{"index":"index","follow":"follow","max-snippet":"max-snippet:-1","max-image-preview":"max-image-preview:large","max-video-preview":"max-video-preview:-1"},"canonical":"https:\/\/equestrian.ca\/fr\/anciens-articles\/reponse-de-canada-equestre-a-la-declaration-de-la-fei-concernant-la-suspension-provisoire-dune-athlete-de-lequipe-equestre-canadienne\/","og_locale":"fr_CA","og_type":"article","og_title":"R\u00e9ponse de Canada \u00c9questre \u00e0 la d\u00e9claration de la FEI concernant la suspension provisoire d\u2019une athl\u00e8te de l\u2019\u00c9quipe \u00e9questre canadienne - Equestrian Canada","og_description":"Ottawa, Ontario, le 12 novembre 2019 &#8211; La F\u00e9d\u00e9ration \u00e9questre internationale (FEI) a annonc\u00e9 aujourd\u2019hui que les \u00e9chantillons pr\u00e9lev\u00e9s sur l\u2019athl\u00e8te de l\u2019\u00c9quipe canadienne de saut d\u2019obstacles, Nicole Walker, durant la tenue des Jeux panam\u00e9ricains Lima 2019, ont donn\u00e9 un r\u00e9sultat positif de benzoylecgonine, le m\u00e9tabolite de la coca\u00efne, une substance interdite en vertu du [&hellip;]","og_url":"https:\/\/equestrian.ca\/fr\/anciens-articles\/reponse-de-canada-equestre-a-la-declaration-de-la-fei-concernant-la-suspension-provisoire-dune-athlete-de-lequipe-equestre-canadienne\/","og_site_name":"Equestrian Canada","article_published_time":"2019-11-12T00:00:00+00:00","og_image":[{"width":800,"height":618,"url":"https:\/\/equestrian.ca\/wp-content\/uploads\/2023\/09\/EC_Emblem_Navy.jpg","type":"image\/jpeg"}],"author":"Berry","twitter_card":"summary_large_image","twitter_misc":{"\u00c9crit par":"Berry","Estimation du temps de lecture":"1 minute"},"schema":{"@context":"https:\/\/schema.org","@graph":[{"@type":"Article","@id":"https:\/\/equestrian.ca\/fr\/anciens-articles\/reponse-de-canada-equestre-a-la-declaration-de-la-fei-concernant-la-suspension-provisoire-dune-athlete-de-lequipe-equestre-canadienne\/#article","isPartOf":{"@id":"https:\/\/equestrian.ca\/fr\/anciens-articles\/reponse-de-canada-equestre-a-la-declaration-de-la-fei-concernant-la-suspension-provisoire-dune-athlete-de-lequipe-equestre-canadienne\/"},"author":{"name":"Berry","@id":"https:\/\/equestrian.ca\/fr\/#\/schema\/person\/9abd3ba4d1027626b07355668e4ee3ad"},"headline":"R\u00e9ponse de Canada \u00c9questre \u00e0 la d\u00e9claration de la FEI concernant la suspension provisoire d\u2019une athl\u00e8te de l\u2019\u00c9quipe \u00e9questre canadienne","datePublished":"2019-11-12T00:00:00+00:00","mainEntityOfPage":{"@id":"https:\/\/equestrian.ca\/fr\/anciens-articles\/reponse-de-canada-equestre-a-la-declaration-de-la-fei-concernant-la-suspension-provisoire-dune-athlete-de-lequipe-equestre-canadienne\/"},"wordCount":222,"commentCount":0,"image":{"@id":"https:\/\/equestrian.ca\/fr\/anciens-articles\/reponse-de-canada-equestre-a-la-declaration-de-la-fei-concernant-la-suspension-provisoire-dune-athlete-de-lequipe-equestre-canadienne\/#primaryimage"},"thumbnailUrl":"https:\/\/equestrian.ca\/wp-content\/uploads\/2023\/09\/EC_Emblem_Navy.jpg","articleSection":["Anciens articles"],"inLanguage":"fr-CA","potentialAction":[{"@type":"CommentAction","name":"Comment","target":["https:\/\/equestrian.ca\/fr\/anciens-articles\/reponse-de-canada-equestre-a-la-declaration-de-la-fei-concernant-la-suspension-provisoire-dune-athlete-de-lequipe-equestre-canadienne\/#respond"]}]},{"@type":"WebPage","@id":"https:\/\/equestrian.ca\/fr\/anciens-articles\/reponse-de-canada-equestre-a-la-declaration-de-la-fei-concernant-la-suspension-provisoire-dune-athlete-de-lequipe-equestre-canadienne\/","url":"https:\/\/equestrian.ca\/fr\/anciens-articles\/reponse-de-canada-equestre-a-la-declaration-de-la-fei-concernant-la-suspension-provisoire-dune-athlete-de-lequipe-equestre-canadienne\/","name":"R\u00e9ponse de Canada \u00c9questre \u00e0 la d\u00e9claration de la FEI concernant la suspension provisoire d\u2019une athl\u00e8te de l\u2019\u00c9quipe \u00e9questre canadienne - Equestrian Canada","isPartOf":{"@id":"https:\/\/equestrian.ca\/fr\/#website"},"primaryImageOfPage":{"@id":"https:\/\/equestrian.ca\/fr\/anciens-articles\/reponse-de-canada-equestre-a-la-declaration-de-la-fei-concernant-la-suspension-provisoire-dune-athlete-de-lequipe-equestre-canadienne\/#primaryimage"},"image":{"@id":"https:\/\/equestrian.ca\/fr\/anciens-articles\/reponse-de-canada-equestre-a-la-declaration-de-la-fei-concernant-la-suspension-provisoire-dune-athlete-de-lequipe-equestre-canadienne\/#primaryimage"},"thumbnailUrl":"https:\/\/equestrian.ca\/wp-content\/uploads\/2023\/09\/EC_Emblem_Navy.jpg","datePublished":"2019-11-12T00:00:00+00:00","author":{"@id":"https:\/\/equestrian.ca\/fr\/#\/schema\/person\/9abd3ba4d1027626b07355668e4ee3ad"},"breadcrumb":{"@id":"https:\/\/equestrian.ca\/fr\/anciens-articles\/reponse-de-canada-equestre-a-la-declaration-de-la-fei-concernant-la-suspension-provisoire-dune-athlete-de-lequipe-equestre-canadienne\/#breadcrumb"},"inLanguage":"fr-CA","potentialAction":[{"@type":"ReadAction","target":["https:\/\/equestrian.ca\/fr\/anciens-articles\/reponse-de-canada-equestre-a-la-declaration-de-la-fei-concernant-la-suspension-provisoire-dune-athlete-de-lequipe-equestre-canadienne\/"]}]},{"@type":"ImageObject","inLanguage":"fr-CA","@id":"https:\/\/equestrian.ca\/fr\/anciens-articles\/reponse-de-canada-equestre-a-la-declaration-de-la-fei-concernant-la-suspension-provisoire-dune-athlete-de-lequipe-equestre-canadienne\/#primaryimage","url":"https:\/\/equestrian.ca\/wp-content\/uploads\/2023\/09\/EC_Emblem_Navy.jpg","contentUrl":"https:\/\/equestrian.ca\/wp-content\/uploads\/2023\/09\/EC_Emblem_Navy.jpg","width":800,"height":618},{"@type":"BreadcrumbList","@id":"https:\/\/equestrian.ca\/fr\/anciens-articles\/reponse-de-canada-equestre-a-la-declaration-de-la-fei-concernant-la-suspension-provisoire-dune-athlete-de-lequipe-equestre-canadienne\/#breadcrumb","itemListElement":[{"@type":"ListItem","position":1,"name":"Home","item":"https:\/\/equestrian.ca\/fr\/"},{"@type":"ListItem","position":2,"name":"R\u00e9ponse de Canada \u00c9questre \u00e0 la d\u00e9claration de la FEI concernant la suspension provisoire d\u2019une athl\u00e8te de l\u2019\u00c9quipe \u00e9questre canadienne"}]},{"@type":"WebSite","@id":"https:\/\/equestrian.ca\/fr\/#website","url":"https:\/\/equestrian.ca\/fr\/","name":"Equestrian Canada","description":"For the love of horses and sport for life.","potentialAction":[{"@type":"SearchAction","target":{"@type":"EntryPoint","urlTemplate":"https:\/\/equestrian.ca\/fr\/?s={search_term_string}"},"query-input":{"@type":"PropertyValueSpecification","valueRequired":true,"valueName":"search_term_string"}}],"inLanguage":"fr-CA"},{"@type":"Person","@id":"https:\/\/equestrian.ca\/fr\/#\/schema\/person\/9abd3ba4d1027626b07355668e4ee3ad","name":"Berry","image":{"@type":"ImageObject","inLanguage":"fr-CA","@id":"https:\/\/equestrian.ca\/fr\/#\/schema\/person\/image\/","url":"https:\/\/secure.gravatar.com\/avatar\/882da3b67056b0c608086d3c77de46948b64244a4c249e81e0bf04a8095ce320?s=96&d=mm&r=g","contentUrl":"https:\/\/secure.gravatar.com\/avatar\/882da3b67056b0c608086d3c77de46948b64244a4c249e81e0bf04a8095ce320?s=96&d=mm&r=g","caption":"Berry"},"url":"https:\/\/equestrian.ca\/fr\/author\/mberry\/"}]}},"_links":{"self":[{"href":"https:\/\/equestrian.ca\/fr\/wp-json\/wp\/v2\/posts\/25968","targetHints":{"allow":["GET"]}}],"collection":[{"href":"https:\/\/equestrian.ca\/fr\/wp-json\/wp\/v2\/posts"}],"about":[{"href":"https:\/\/equestrian.ca\/fr\/wp-json\/wp\/v2\/types\/post"}],"author":[{"embeddable":true,"href":"https:\/\/equestrian.ca\/fr\/wp-json\/wp\/v2\/users\/3"}],"replies":[{"embeddable":true,"href":"https:\/\/equestrian.ca\/fr\/wp-json\/wp\/v2\/comments?post=25968"}],"version-history":[{"count":0,"href":"https:\/\/equestrian.ca\/fr\/wp-json\/wp\/v2\/posts\/25968\/revisions"}],"wp:featuredmedia":[{"embeddable":true,"href":"https:\/\/equestrian.ca\/fr\/wp-json\/wp\/v2\/media\/3404"}],"wp:attachment":[{"href":"https:\/\/equestrian.ca\/fr\/wp-json\/wp\/v2\/media?parent=25968"}],"wp:term":[{"taxonomy":"category","embeddable":true,"href":"https:\/\/equestrian.ca\/fr\/wp-json\/wp\/v2\/categories?post=25968"},{"taxonomy":"post_tag","embeddable":true,"href":"https:\/\/equestrian.ca\/fr\/wp-json\/wp\/v2\/tags?post=25968"}],"curies":[{"name":"wp","href":"https:\/\/api.w.org\/{rel}","templated":true}]}}