{"id":25952,"date":"2022-09-26T00:00:00","date_gmt":"2022-09-26T00:00:00","guid":{"rendered":"https:\/\/equestrian.ca\/news\/le-canada-remporte-la-challenge-cup-des-finales-de-la-coupe-des-nations-jeunes-de-saut-dobstacles-fei-a-peelbergen\/"},"modified":"2022-09-26T00:00:00","modified_gmt":"2022-09-26T00:00:00","slug":"le-canada-remporte-la-challenge-cup-des-finales-de-la-coupe-des-nations-jeunes-de-saut-dobstacles-fei-a-peelbergen","status":"publish","type":"post","link":"https:\/\/equestrian.ca\/fr\/anciens-articles\/le-canada-remporte-la-challenge-cup-des-finales-de-la-coupe-des-nations-jeunes-de-saut-dobstacles-fei-a-peelbergen\/","title":{"rendered":"Le Canada remporte la Challenge Cup des finales de la Coupe des nations Jeunes de saut d\u2019obstacles FEI \u00e0 Peelbergen"},"content":{"rendered":"<p>Les athl\u00e8tes de nouvelle g\u00e9n\u00e9ration Eric Krawitt, Sara Tindale, Lauren Esdale et Sam Walker ont pris la neuvi\u00e8me place de l\u2019\u00e9preuve Jeunes cavaliers du jeudi. Ils et elles ont ensuite eu l\u2019occasion de revenir dans l\u2019ar\u00e8ne le lendemain pour remporter la Challenge Cup, ce qui leur a permis de se loger au septi\u00e8me rang du classement final.\n    <\/p>\n<p><img src='\/wp-content\/uploads\/cdn\/storage\/images_v2\/1510-MH107091.JPG' alt='Canada takes first in the Challenge Cup at the FEI Jumping Nations Cup Youth Finals in Peelbergen' \/><\/p>\n<p><i><b>Source <\/b>: Sportfot<\/i><\/p>\n<p>Le chef d\u2019\u00e9quipe Dayton Gorsline ne tarissait pas d\u2019\u00e9loges envers la jeune \u00e9quipe, qui a surmont\u00e9 bien des difficult\u00e9s pour se rendre au Peelbergen Equestrian Centre, l\u2019un des \u00e9tablissements de sport \u00e9questre les plus grands de l\u2019Europe.<\/p>\n<p>\u00ab Se rendre en Europe n\u2019est pas une mince affaire. Notre \u00e9quipe s\u2019est qualifi\u00e9e dans le pass\u00e9, mais nous n\u2019avons pas pu nous rendre en raison des logistiques. Nous avons r\u00e9ussi cette fois-ci, mais cela a bien failli ne pas fonctionner \u00bb, a dit M. Gorsline. \u00ab Nous devions d\u00e9coller le mercredi, mais cela a \u00e9t\u00e9 repouss\u00e9 au dimanche. Nos transports et livraisons par avion ont \u00e9galement \u00e9t\u00e9 retard\u00e9s. Nous n\u2019avons pas eu le temps de nous installer et avons d\u00fb passer directement aux \u00e9preuves. \u00bb<\/p>\n<\/p>\n<p>L\u2019\u00e9quipe canadienne Jeunes cavaliers n\u2019avait, de m\u00e9moire, jamais encore particip\u00e9 \u00e0 une Coupe des nations europ\u00e9enne. M. Gorsline pense que cette exp\u00e9rience \u00e0 l\u2019\u00e9tranger est essentielle au d\u00e9veloppement de nos nouveaux athl\u00e8tes. \u00ab Ces concours sont tr\u00e8s diff\u00e9rents. C\u2019est beaucoup plus occup\u00e9 et tout se passe plus vite, y compris dans l\u2019aire d\u2019\u00e9chauffement et \u00e0 la barri\u00e8re d\u2019entr\u00e9e. L\u2019horaire est tr\u00e8s serr\u00e9 et ne permet aucun retard. \u00bb<\/p>\n<p><img src='\/wp-content\/uploads\/cdn\/storage\/images_v2\/Esdale.JPG' alt='Canada takes first in the Challenge Cup at the FEI Jumping Nations Cup Youth Finals in Peelbergen' \/><img src='\/wp-content\/uploads\/cdn\/storage\/images_v2\/1510-JB1_1212.JPG' alt='Canada takes first in the Challenge Cup at the FEI Jumping Nations Cup Youth Finals in Peelbergen' \/><\/p>\n<p><i><b>Source <\/b>: Sportfot<\/i><\/p>\n<p>Deux de nos athl\u00e8tes se sont class\u00e9s parmi les dix premiers au classement individuel du Grand Prix CSIO Jeunes cavaliers du jeudi. <b>Eric Krawitt<\/b> a pris la cinqui\u00e8me place aux r\u00eanes de son Selle Fran\u00e7ais Cactus de Cosniere (2012). Le couple a effectu\u00e9 un sans-faute en premi\u00e8re manche et a livr\u00e9 le parcours le plus rapide de la deuxi\u00e8me ronde malgr\u00e9 une barre d\u00e9log\u00e9e (4 p\u00e9nalit\u00e9s). <b>Lauren Esdale<\/b> et Viamdios d\u2019Avril, un Selle Fran\u00e7ais appartenant \u00e0 Pauline Esdale (2009) ont \u00e9galement connu une performance parfaite en premi\u00e8re manche du Bemer Young Riders Tour Prix. Le duo a, tout comme leurs compatriotes, cumul\u00e9 seulement 4 p\u00e9nalit\u00e9s de saut \u00e0 la deuxi\u00e8me ronde. Il a arr\u00eat\u00e9 la montre plus tard, mais a r\u00e9ussi \u00e0 se classer sixi\u00e8me parmi 48 couples.<\/p>\n<p><img src='\/wp-content\/uploads\/cdn\/storage\/images_v2\/1510-JB1_1289.JPG' alt='Canada takes first in the Challenge Cup at the FEI Jumping Nations Cup Youth Finals in Peelbergen' \/><img src='\/wp-content\/uploads\/cdn\/storage\/images_v2\/Walker.JPG' alt='Canada takes first in the Challenge Cup at the FEI Jumping Nations Cup Youth Finals in Peelbergen' \/><\/p>\n<p><i><b>Source<\/b> : Sportfot<\/i><\/p>\n<p>L\u2019\u00e9quipe est par la suite revenue dans l\u2019ar\u00e8ne \u00e0 l\u2019occasion de la Challenge Cup du vendredi. Eric Krawitt et Lauren Esdale s\u2019y sont pr\u00e9sent\u00e9s accompagn\u00e9s des m\u00eames montures, tandis que <b>Sara Tindale<\/b> a conclu un sans-faute en premi\u00e8re manche sur la selle d\u2019Elco Van Hof Ter Naillen, un Sport Horse belge appartenant \u00e0 Tindale Farms (2010). <b>Sam Walker<\/b> a quant \u00e0 lui termin\u00e9 l\u2019\u00e9preuve avec z\u00e9ro p\u00e9nalit\u00e9 sur Evita, la Warmblood n\u00e9erlandaise de Marbill Hill Farm (2009).<\/p>\n<p>Ayant cumul\u00e9 d\u2019excellents temps et seulement quatre p\u00e9nalit\u00e9s de saut en premi\u00e8re ronde, le Canada n\u2019a fait tomber qu\u2019une seule barre au deuxi\u00e8me tour, ce qui lui a permis de se placer premier avec une note finale de 8 et un temps total de 109,54. L\u2019Italie a pris le deuxi\u00e8me rang suivie du Danemark.<\/p>\n<p>Apr\u00e8s cette formidable exp\u00e9rience, M. Gorsline pense que l\u2019\u00e9quipe a bien appris et a de quoi \u00eatre fi\u00e8re. \u00ab Vivre cette exp\u00e9rience \u00e9tait la priorit\u00e9 \u00bb, a-t-il affirm\u00e9. \u00ab 13 pays \u00e9taient pr\u00e9sents, donc tout le monde avait son propre style et son propre syst\u00e8me, ce qui n\u2019est pas le cas en Am\u00e9rique du Nord. C\u2019est une tout autre exp\u00e9rience. \u00c7a reste du saut d\u2019obstacles, mais notre \u00e9quipe a bien perform\u00e9 malgr\u00e9 le temps limit\u00e9, la complexit\u00e9 des obstacles et les normes \u00e9lev\u00e9es. \u00bb<\/p>\n<p><img src='\/wp-content\/uploads\/cdn\/storage\/images_v2\/Trophy.jpg' alt='Canada takes first in the Challenge Cup at the FEI Jumping Nations Cup Youth Finals in Peelbergen' \/><\/p>\n<p>Les jeunes athl\u00e8tes du Canada ont maintenant v\u00e9cu leur premi\u00e8re Coupe des nations europ\u00e9enne face \u00e0 650 jeunes cavaliers. Il ne s\u2019agira certainement pas de leur dernier concours de ce genre. \u00ab Nous voulons revivre cette exp\u00e9rience avec les parents, les propri\u00e9taires, et les autres personnes qui nous soutiennent. Si nous parvenons \u00e0 organiser cela \u00e0 nouveau, nous voudrions arriver plus t\u00f4t et participer \u00e0 un concours avant ou apr\u00e8s. L\u2019\u00e9quipe a beaucoup appris. Nous participons \u00e0 la croissance de la nouvelle g\u00e9n\u00e9ration. Nous esp\u00e9rons que cette exp\u00e9rience fera maintenant partie de leur d\u00e9veloppement. \u00bb<\/p>\n","protected":false},"excerpt":{"rendered":"<p>Les athl\u00e8tes de nouvelle g\u00e9n\u00e9ration Eric Krawitt, Sara Tindale, Lauren Esdale et Sam Walker ont pris la neuvi\u00e8me place de l\u2019\u00e9preuve Jeunes cavaliers du jeudi. Ils et elles ont ensuite eu l\u2019occasion de revenir dans l\u2019ar\u00e8ne le lendemain pour remporter la Challenge Cup, ce qui leur a permis de se loger au septi\u00e8me rang du [&hellip;]<\/p>\n","protected":false},"author":3,"featured_media":3936,"comment_status":"open","ping_status":"open","sticky":false,"template":"","format":"standard","meta":{"_acf_changed":false,"footnotes":""},"categories":[241],"tags":[],"class_list":["post-25952","post","type-post","status-publish","format-standard","has-post-thumbnail","hentry","category-anciens-articles"],"acf":[],"yoast_head":"<!-- This site is optimized with the Yoast SEO plugin v27.0 - https:\/\/yoast.com\/product\/yoast-seo-wordpress\/ -->\n<title>Le Canada remporte la Challenge Cup des finales de la Coupe des nations Jeunes de saut d\u2019obstacles FEI \u00e0 Peelbergen - Equestrian Canada<\/title>\n<meta name=\"robots\" content=\"index, follow, max-snippet:-1, max-image-preview:large, max-video-preview:-1\" \/>\n<link rel=\"canonical\" href=\"https:\/\/equestrian.ca\/fr\/anciens-articles\/le-canada-remporte-la-challenge-cup-des-finales-de-la-coupe-des-nations-jeunes-de-saut-dobstacles-fei-a-peelbergen\/\" \/>\n<meta property=\"og:locale\" content=\"fr_CA\" \/>\n<meta property=\"og:type\" content=\"article\" \/>\n<meta property=\"og:title\" content=\"Le Canada remporte la Challenge Cup des finales de la Coupe des nations Jeunes de saut d\u2019obstacles FEI \u00e0 Peelbergen - Equestrian Canada\" \/>\n<meta property=\"og:description\" content=\"Les athl\u00e8tes de nouvelle g\u00e9n\u00e9ration Eric Krawitt, Sara Tindale, Lauren Esdale et Sam Walker ont pris la neuvi\u00e8me place de l\u2019\u00e9preuve Jeunes cavaliers du jeudi. Ils et elles ont ensuite eu l\u2019occasion de revenir dans l\u2019ar\u00e8ne le lendemain pour remporter la Challenge Cup, ce qui leur a permis de se loger au septi\u00e8me rang du [&hellip;]\" \/>\n<meta property=\"og:url\" content=\"https:\/\/equestrian.ca\/fr\/anciens-articles\/le-canada-remporte-la-challenge-cup-des-finales-de-la-coupe-des-nations-jeunes-de-saut-dobstacles-fei-a-peelbergen\/\" \/>\n<meta property=\"og:site_name\" content=\"Equestrian Canada\" \/>\n<meta property=\"article:published_time\" content=\"2022-09-26T00:00:00+00:00\" \/>\n<meta property=\"og:image\" content=\"https:\/\/equestrian.ca\/wp-content\/uploads\/2023\/09\/1510-JB1_1289.jpg\" \/>\n\t<meta property=\"og:image:width\" content=\"1024\" \/>\n\t<meta property=\"og:image:height\" content=\"683\" \/>\n\t<meta property=\"og:image:type\" content=\"image\/jpeg\" \/>\n<meta name=\"author\" content=\"Berry\" \/>\n<meta name=\"twitter:card\" content=\"summary_large_image\" \/>\n<meta name=\"twitter:label1\" content=\"\u00c9crit par\" \/>\n\t<meta name=\"twitter:data1\" content=\"Berry\" \/>\n\t<meta name=\"twitter:label2\" content=\"Estimation du temps de lecture\" \/>\n\t<meta name=\"twitter:data2\" content=\"4 minutes\" \/>\n<script type=\"application\/ld+json\" class=\"yoast-schema-graph\">{\"@context\":\"https:\/\/schema.org\",\"@graph\":[{\"@type\":\"Article\",\"@id\":\"https:\/\/equestrian.ca\/fr\/anciens-articles\/le-canada-remporte-la-challenge-cup-des-finales-de-la-coupe-des-nations-jeunes-de-saut-dobstacles-fei-a-peelbergen\/#article\",\"isPartOf\":{\"@id\":\"https:\/\/equestrian.ca\/fr\/anciens-articles\/le-canada-remporte-la-challenge-cup-des-finales-de-la-coupe-des-nations-jeunes-de-saut-dobstacles-fei-a-peelbergen\/\"},\"author\":{\"name\":\"Berry\",\"@id\":\"https:\/\/equestrian.ca\/fr\/#\/schema\/person\/9abd3ba4d1027626b07355668e4ee3ad\"},\"headline\":\"Le Canada remporte la Challenge Cup des finales de la Coupe des nations Jeunes de saut d\u2019obstacles FEI \u00e0 Peelbergen\",\"datePublished\":\"2022-09-26T00:00:00+00:00\",\"mainEntityOfPage\":{\"@id\":\"https:\/\/equestrian.ca\/fr\/anciens-articles\/le-canada-remporte-la-challenge-cup-des-finales-de-la-coupe-des-nations-jeunes-de-saut-dobstacles-fei-a-peelbergen\/\"},\"wordCount\":787,\"commentCount\":0,\"image\":{\"@id\":\"https:\/\/equestrian.ca\/fr\/anciens-articles\/le-canada-remporte-la-challenge-cup-des-finales-de-la-coupe-des-nations-jeunes-de-saut-dobstacles-fei-a-peelbergen\/#primaryimage\"},\"thumbnailUrl\":\"https:\/\/equestrian.ca\/wp-content\/uploads\/2023\/09\/1510-JB1_1289.jpg\",\"articleSection\":[\"Anciens articles\"],\"inLanguage\":\"fr-CA\",\"potentialAction\":[{\"@type\":\"CommentAction\",\"name\":\"Comment\",\"target\":[\"https:\/\/equestrian.ca\/fr\/anciens-articles\/le-canada-remporte-la-challenge-cup-des-finales-de-la-coupe-des-nations-jeunes-de-saut-dobstacles-fei-a-peelbergen\/#respond\"]}]},{\"@type\":\"WebPage\",\"@id\":\"https:\/\/equestrian.ca\/fr\/anciens-articles\/le-canada-remporte-la-challenge-cup-des-finales-de-la-coupe-des-nations-jeunes-de-saut-dobstacles-fei-a-peelbergen\/\",\"url\":\"https:\/\/equestrian.ca\/fr\/anciens-articles\/le-canada-remporte-la-challenge-cup-des-finales-de-la-coupe-des-nations-jeunes-de-saut-dobstacles-fei-a-peelbergen\/\",\"name\":\"Le Canada remporte la Challenge Cup des finales de la Coupe des nations Jeunes de saut d\u2019obstacles FEI \u00e0 Peelbergen - Equestrian Canada\",\"isPartOf\":{\"@id\":\"https:\/\/equestrian.ca\/fr\/#website\"},\"primaryImageOfPage\":{\"@id\":\"https:\/\/equestrian.ca\/fr\/anciens-articles\/le-canada-remporte-la-challenge-cup-des-finales-de-la-coupe-des-nations-jeunes-de-saut-dobstacles-fei-a-peelbergen\/#primaryimage\"},\"image\":{\"@id\":\"https:\/\/equestrian.ca\/fr\/anciens-articles\/le-canada-remporte-la-challenge-cup-des-finales-de-la-coupe-des-nations-jeunes-de-saut-dobstacles-fei-a-peelbergen\/#primaryimage\"},\"thumbnailUrl\":\"https:\/\/equestrian.ca\/wp-content\/uploads\/2023\/09\/1510-JB1_1289.jpg\",\"datePublished\":\"2022-09-26T00:00:00+00:00\",\"author\":{\"@id\":\"https:\/\/equestrian.ca\/fr\/#\/schema\/person\/9abd3ba4d1027626b07355668e4ee3ad\"},\"breadcrumb\":{\"@id\":\"https:\/\/equestrian.ca\/fr\/anciens-articles\/le-canada-remporte-la-challenge-cup-des-finales-de-la-coupe-des-nations-jeunes-de-saut-dobstacles-fei-a-peelbergen\/#breadcrumb\"},\"inLanguage\":\"fr-CA\",\"potentialAction\":[{\"@type\":\"ReadAction\",\"target\":[\"https:\/\/equestrian.ca\/fr\/anciens-articles\/le-canada-remporte-la-challenge-cup-des-finales-de-la-coupe-des-nations-jeunes-de-saut-dobstacles-fei-a-peelbergen\/\"]}]},{\"@type\":\"ImageObject\",\"inLanguage\":\"fr-CA\",\"@id\":\"https:\/\/equestrian.ca\/fr\/anciens-articles\/le-canada-remporte-la-challenge-cup-des-finales-de-la-coupe-des-nations-jeunes-de-saut-dobstacles-fei-a-peelbergen\/#primaryimage\",\"url\":\"https:\/\/equestrian.ca\/wp-content\/uploads\/2023\/09\/1510-JB1_1289.jpg\",\"contentUrl\":\"https:\/\/equestrian.ca\/wp-content\/uploads\/2023\/09\/1510-JB1_1289.jpg\",\"width\":1024,\"height\":683},{\"@type\":\"BreadcrumbList\",\"@id\":\"https:\/\/equestrian.ca\/fr\/anciens-articles\/le-canada-remporte-la-challenge-cup-des-finales-de-la-coupe-des-nations-jeunes-de-saut-dobstacles-fei-a-peelbergen\/#breadcrumb\",\"itemListElement\":[{\"@type\":\"ListItem\",\"position\":1,\"name\":\"Home\",\"item\":\"https:\/\/equestrian.ca\/fr\/\"},{\"@type\":\"ListItem\",\"position\":2,\"name\":\"Le Canada remporte la Challenge Cup des finales de la Coupe des nations Jeunes de saut d\u2019obstacles FEI \u00e0 Peelbergen\"}]},{\"@type\":\"WebSite\",\"@id\":\"https:\/\/equestrian.ca\/fr\/#website\",\"url\":\"https:\/\/equestrian.ca\/fr\/\",\"name\":\"Equestrian Canada\",\"description\":\"For the love of horses and sport for life.\",\"potentialAction\":[{\"@type\":\"SearchAction\",\"target\":{\"@type\":\"EntryPoint\",\"urlTemplate\":\"https:\/\/equestrian.ca\/fr\/?s={search_term_string}\"},\"query-input\":{\"@type\":\"PropertyValueSpecification\",\"valueRequired\":true,\"valueName\":\"search_term_string\"}}],\"inLanguage\":\"fr-CA\"},{\"@type\":\"Person\",\"@id\":\"https:\/\/equestrian.ca\/fr\/#\/schema\/person\/9abd3ba4d1027626b07355668e4ee3ad\",\"name\":\"Berry\",\"image\":{\"@type\":\"ImageObject\",\"inLanguage\":\"fr-CA\",\"@id\":\"https:\/\/equestrian.ca\/fr\/#\/schema\/person\/image\/\",\"url\":\"https:\/\/secure.gravatar.com\/avatar\/882da3b67056b0c608086d3c77de46948b64244a4c249e81e0bf04a8095ce320?s=96&d=mm&r=g\",\"contentUrl\":\"https:\/\/secure.gravatar.com\/avatar\/882da3b67056b0c608086d3c77de46948b64244a4c249e81e0bf04a8095ce320?s=96&d=mm&r=g\",\"caption\":\"Berry\"},\"url\":\"https:\/\/equestrian.ca\/fr\/author\/mberry\/\"}]}<\/script>\n<!-- \/ Yoast SEO plugin. -->","yoast_head_json":{"title":"Le Canada remporte la Challenge Cup des finales de la Coupe des nations Jeunes de saut d\u2019obstacles FEI \u00e0 Peelbergen - Equestrian Canada","robots":{"index":"index","follow":"follow","max-snippet":"max-snippet:-1","max-image-preview":"max-image-preview:large","max-video-preview":"max-video-preview:-1"},"canonical":"https:\/\/equestrian.ca\/fr\/anciens-articles\/le-canada-remporte-la-challenge-cup-des-finales-de-la-coupe-des-nations-jeunes-de-saut-dobstacles-fei-a-peelbergen\/","og_locale":"fr_CA","og_type":"article","og_title":"Le Canada remporte la Challenge Cup des finales de la Coupe des nations Jeunes de saut d\u2019obstacles FEI \u00e0 Peelbergen - Equestrian Canada","og_description":"Les athl\u00e8tes de nouvelle g\u00e9n\u00e9ration Eric Krawitt, Sara Tindale, Lauren Esdale et Sam Walker ont pris la neuvi\u00e8me place de l\u2019\u00e9preuve Jeunes cavaliers du jeudi. Ils et elles ont ensuite eu l\u2019occasion de revenir dans l\u2019ar\u00e8ne le lendemain pour remporter la Challenge Cup, ce qui leur a permis de se loger au septi\u00e8me rang du [&hellip;]","og_url":"https:\/\/equestrian.ca\/fr\/anciens-articles\/le-canada-remporte-la-challenge-cup-des-finales-de-la-coupe-des-nations-jeunes-de-saut-dobstacles-fei-a-peelbergen\/","og_site_name":"Equestrian Canada","article_published_time":"2022-09-26T00:00:00+00:00","og_image":[{"width":1024,"height":683,"url":"https:\/\/equestrian.ca\/wp-content\/uploads\/2023\/09\/1510-JB1_1289.jpg","type":"image\/jpeg"}],"author":"Berry","twitter_card":"summary_large_image","twitter_misc":{"\u00c9crit par":"Berry","Estimation du temps de lecture":"4 minutes"},"schema":{"@context":"https:\/\/schema.org","@graph":[{"@type":"Article","@id":"https:\/\/equestrian.ca\/fr\/anciens-articles\/le-canada-remporte-la-challenge-cup-des-finales-de-la-coupe-des-nations-jeunes-de-saut-dobstacles-fei-a-peelbergen\/#article","isPartOf":{"@id":"https:\/\/equestrian.ca\/fr\/anciens-articles\/le-canada-remporte-la-challenge-cup-des-finales-de-la-coupe-des-nations-jeunes-de-saut-dobstacles-fei-a-peelbergen\/"},"author":{"name":"Berry","@id":"https:\/\/equestrian.ca\/fr\/#\/schema\/person\/9abd3ba4d1027626b07355668e4ee3ad"},"headline":"Le Canada remporte la Challenge Cup des finales de la Coupe des nations Jeunes de saut d\u2019obstacles FEI \u00e0 Peelbergen","datePublished":"2022-09-26T00:00:00+00:00","mainEntityOfPage":{"@id":"https:\/\/equestrian.ca\/fr\/anciens-articles\/le-canada-remporte-la-challenge-cup-des-finales-de-la-coupe-des-nations-jeunes-de-saut-dobstacles-fei-a-peelbergen\/"},"wordCount":787,"commentCount":0,"image":{"@id":"https:\/\/equestrian.ca\/fr\/anciens-articles\/le-canada-remporte-la-challenge-cup-des-finales-de-la-coupe-des-nations-jeunes-de-saut-dobstacles-fei-a-peelbergen\/#primaryimage"},"thumbnailUrl":"https:\/\/equestrian.ca\/wp-content\/uploads\/2023\/09\/1510-JB1_1289.jpg","articleSection":["Anciens articles"],"inLanguage":"fr-CA","potentialAction":[{"@type":"CommentAction","name":"Comment","target":["https:\/\/equestrian.ca\/fr\/anciens-articles\/le-canada-remporte-la-challenge-cup-des-finales-de-la-coupe-des-nations-jeunes-de-saut-dobstacles-fei-a-peelbergen\/#respond"]}]},{"@type":"WebPage","@id":"https:\/\/equestrian.ca\/fr\/anciens-articles\/le-canada-remporte-la-challenge-cup-des-finales-de-la-coupe-des-nations-jeunes-de-saut-dobstacles-fei-a-peelbergen\/","url":"https:\/\/equestrian.ca\/fr\/anciens-articles\/le-canada-remporte-la-challenge-cup-des-finales-de-la-coupe-des-nations-jeunes-de-saut-dobstacles-fei-a-peelbergen\/","name":"Le Canada remporte la Challenge Cup des finales de la Coupe des nations Jeunes de saut d\u2019obstacles FEI \u00e0 Peelbergen - Equestrian Canada","isPartOf":{"@id":"https:\/\/equestrian.ca\/fr\/#website"},"primaryImageOfPage":{"@id":"https:\/\/equestrian.ca\/fr\/anciens-articles\/le-canada-remporte-la-challenge-cup-des-finales-de-la-coupe-des-nations-jeunes-de-saut-dobstacles-fei-a-peelbergen\/#primaryimage"},"image":{"@id":"https:\/\/equestrian.ca\/fr\/anciens-articles\/le-canada-remporte-la-challenge-cup-des-finales-de-la-coupe-des-nations-jeunes-de-saut-dobstacles-fei-a-peelbergen\/#primaryimage"},"thumbnailUrl":"https:\/\/equestrian.ca\/wp-content\/uploads\/2023\/09\/1510-JB1_1289.jpg","datePublished":"2022-09-26T00:00:00+00:00","author":{"@id":"https:\/\/equestrian.ca\/fr\/#\/schema\/person\/9abd3ba4d1027626b07355668e4ee3ad"},"breadcrumb":{"@id":"https:\/\/equestrian.ca\/fr\/anciens-articles\/le-canada-remporte-la-challenge-cup-des-finales-de-la-coupe-des-nations-jeunes-de-saut-dobstacles-fei-a-peelbergen\/#breadcrumb"},"inLanguage":"fr-CA","potentialAction":[{"@type":"ReadAction","target":["https:\/\/equestrian.ca\/fr\/anciens-articles\/le-canada-remporte-la-challenge-cup-des-finales-de-la-coupe-des-nations-jeunes-de-saut-dobstacles-fei-a-peelbergen\/"]}]},{"@type":"ImageObject","inLanguage":"fr-CA","@id":"https:\/\/equestrian.ca\/fr\/anciens-articles\/le-canada-remporte-la-challenge-cup-des-finales-de-la-coupe-des-nations-jeunes-de-saut-dobstacles-fei-a-peelbergen\/#primaryimage","url":"https:\/\/equestrian.ca\/wp-content\/uploads\/2023\/09\/1510-JB1_1289.jpg","contentUrl":"https:\/\/equestrian.ca\/wp-content\/uploads\/2023\/09\/1510-JB1_1289.jpg","width":1024,"height":683},{"@type":"BreadcrumbList","@id":"https:\/\/equestrian.ca\/fr\/anciens-articles\/le-canada-remporte-la-challenge-cup-des-finales-de-la-coupe-des-nations-jeunes-de-saut-dobstacles-fei-a-peelbergen\/#breadcrumb","itemListElement":[{"@type":"ListItem","position":1,"name":"Home","item":"https:\/\/equestrian.ca\/fr\/"},{"@type":"ListItem","position":2,"name":"Le Canada remporte la Challenge Cup des finales de la Coupe des nations Jeunes de saut d\u2019obstacles FEI \u00e0 Peelbergen"}]},{"@type":"WebSite","@id":"https:\/\/equestrian.ca\/fr\/#website","url":"https:\/\/equestrian.ca\/fr\/","name":"Equestrian Canada","description":"For the love of horses and sport for life.","potentialAction":[{"@type":"SearchAction","target":{"@type":"EntryPoint","urlTemplate":"https:\/\/equestrian.ca\/fr\/?s={search_term_string}"},"query-input":{"@type":"PropertyValueSpecification","valueRequired":true,"valueName":"search_term_string"}}],"inLanguage":"fr-CA"},{"@type":"Person","@id":"https:\/\/equestrian.ca\/fr\/#\/schema\/person\/9abd3ba4d1027626b07355668e4ee3ad","name":"Berry","image":{"@type":"ImageObject","inLanguage":"fr-CA","@id":"https:\/\/equestrian.ca\/fr\/#\/schema\/person\/image\/","url":"https:\/\/secure.gravatar.com\/avatar\/882da3b67056b0c608086d3c77de46948b64244a4c249e81e0bf04a8095ce320?s=96&d=mm&r=g","contentUrl":"https:\/\/secure.gravatar.com\/avatar\/882da3b67056b0c608086d3c77de46948b64244a4c249e81e0bf04a8095ce320?s=96&d=mm&r=g","caption":"Berry"},"url":"https:\/\/equestrian.ca\/fr\/author\/mberry\/"}]}},"_links":{"self":[{"href":"https:\/\/equestrian.ca\/fr\/wp-json\/wp\/v2\/posts\/25952","targetHints":{"allow":["GET"]}}],"collection":[{"href":"https:\/\/equestrian.ca\/fr\/wp-json\/wp\/v2\/posts"}],"about":[{"href":"https:\/\/equestrian.ca\/fr\/wp-json\/wp\/v2\/types\/post"}],"author":[{"embeddable":true,"href":"https:\/\/equestrian.ca\/fr\/wp-json\/wp\/v2\/users\/3"}],"replies":[{"embeddable":true,"href":"https:\/\/equestrian.ca\/fr\/wp-json\/wp\/v2\/comments?post=25952"}],"version-history":[{"count":0,"href":"https:\/\/equestrian.ca\/fr\/wp-json\/wp\/v2\/posts\/25952\/revisions"}],"wp:featuredmedia":[{"embeddable":true,"href":"https:\/\/equestrian.ca\/fr\/wp-json\/wp\/v2\/media\/3936"}],"wp:attachment":[{"href":"https:\/\/equestrian.ca\/fr\/wp-json\/wp\/v2\/media?parent=25952"}],"wp:term":[{"taxonomy":"category","embeddable":true,"href":"https:\/\/equestrian.ca\/fr\/wp-json\/wp\/v2\/categories?post=25952"},{"taxonomy":"post_tag","embeddable":true,"href":"https:\/\/equestrian.ca\/fr\/wp-json\/wp\/v2\/tags?post=25952"}],"curies":[{"name":"wp","href":"https:\/\/api.w.org\/{rel}","templated":true}]}}