{"id":25935,"date":"2020-05-08T00:00:00","date_gmt":"2020-05-08T00:00:00","guid":{"rendered":"https:\/\/equestrian.ca\/news\/resume-hebdomadaire-de-canada-equestre-sur-la-covid-19-4\/"},"modified":"2020-05-08T00:00:00","modified_gmt":"2020-05-08T00:00:00","slug":"resume-hebdomadaire-de-canada-equestre-sur-la-covid-19-4","status":"publish","type":"post","link":"https:\/\/equestrian.ca\/fr\/anciens-articles\/resume-hebdomadaire-de-canada-equestre-sur-la-covid-19-4\/","title":{"rendered":"R\u00e9sum\u00e9 hebdomadaire de Canada \u00c9questre sur la COVID-19"},"content":{"rendered":"<h2>Grandes mesures entreprises par CE cette semaine :<\/h2>\n<ul>\n<li>Publication d\u2019un <a href=\"https:\/\/www.equestrian.ca\/nouvelles\/YX59pFHTGCjxiA6yt\/equestrian-canada-announces-return-to\" target=\"_blank\" rel=\"noopener\">cadre de reprise des activit\u00e9s commerciales<\/a> afin d\u2019offrir une direction aux propri\u00e9taires\/exploitants de fermes \u00e9quines et d\u2019installations \u00e9questres en anticipation de la lev\u00e9e des restrictions impos\u00e9es dans la lutte contre la pand\u00e9mie de la COVID-19. Ce document a \u00e9t\u00e9 soumis \u00e0 Agriculture et Agroalimentaire Canada, ainsi qu\u2019\u00e0 la ministre de l\u2019Agriculture et de l\u2019Agroalimentaire pour que notre secteur soit consid\u00e9r\u00e9 le plus t\u00f4t possible dans le processus de r\u00e9ouverture de l\u2019\u00e9conomie. <b>Veuillez prendre note<\/b> : Sur la base des commentaires de la communaut\u00e9, le document a \u00e9t\u00e9 mis \u00e0 jour avec un changement au libell\u00e9 li\u00e9 \u00e0 la r\u00e9ouverture des entreprises et aux ajustements au Gabarit du formulaire de d\u00e9claration volontaire.<\/li>\n<li><a href=\"https:\/\/www.equestrian.ca\/nouvelles\/Q35g3nviypzLP5upq\/2020-adequan-r-fei-north-american-youth\" target=\"_blank\" rel=\"noopener\">Annonce de l\u2019annulation<\/a> des portions de dressage et de saut d\u2019obstacles des Championnats nord-am\u00e9ricains jeunesse 2020 en coop\u00e9ration avec US Equestrian et la Federaci\u00f3n Ecuestre Mexicana A.C. La portion de concours complet des CNAJ 2020 a aussi \u00e9t\u00e9 annul\u00e9e.<\/li>\n<li><a href=\"https:\/\/www.equestrian.ca\/nouvelles\/3Kf2SzyZBhmjWHANE\/urgent-federal-support-needed-for-canada\" target=\"_blank\" rel=\"noopener\">Expression de la d\u00e9ception de CE<\/a> que l\u2019annonce du 5 mai 2020 de financement de 252 millions de dollar par le gouvernement f\u00e9d\u00e9ral du secteur de l\u2019agroalimentaire ne comprenait pas de soutien absolument n\u00e9cessaire pour les chevaux de travail du Canada. Visitez notre page de <a href=\"https:\/\/www.equestrian.ca\/industrie\/infos\/reponse-covid-19\" target=\"_blank\" rel=\"noopener\">R\u00e9ponse \u00e0 la COVID-19<\/a> pour ajouter votre voix \u00e0 l\u2019appel pour un soutien du gouvernement.<\/li>\n<\/ul>\n<p>Avec l&rsquo;ouverture de l&rsquo;\u00e9conomie des provinces\/territoires CE d\u00e9sire souligner que les programmes et les \u00e9valuations Apprentissage de l\u2019\u00e9quitation pourront red\u00e9marrer s\u2019ils sont permis par les autorit\u00e9s sanitaires r\u00e9gionales et provinciales.<br \/>Derni\u00e8res semaines :<\/p>\n<ul>\n<li><a href=\"https:\/\/www.equestrian.ca\/news\/Qu62H8mh3TBahcHcm\/weekly-equestrian-canada-covid-19-wrap\" target=\"_blank\" rel=\"noopener\">1 mai<\/a><\/li>\n<li><a href=\"https:\/\/www.equestrian.ca\/nouvelles\/o5qAAZnENqpEAQtKb\/weekly-equestrian-canada-covid-19-wrap\" target=\"_blank\" rel=\"noopener\">24 avril<\/a><\/li>\n<li><a href=\"https:\/\/www.equestrian.ca\/nouvelles\/SmJuuPcNYN2detnEY\/weekly-equestrian-canada-covid-19-wrap\" target=\"_blank\" rel=\"noopener\">17 avril<\/a><\/li>\n<li><a href=\"https:\/\/www.equestrian.ca\/nouvelles\/hPd62Cw7FyRwyP9GZ\/weekly-equestrian-canada-covid-19-wrap\" target=\"_blank\" rel=\"noopener\">10 avril<\/a><\/li>\n<li><a href=\"https:\/\/www.equestrian.ca\/nouvelles\/fB2ndGifiALR2y3sr\/weekly-equestrian-canada-covid-19-wrap\" target=\"_blank\" rel=\"noopener\">3 avril<\/a><\/li>\n<li><a href=\"https:\/\/www.equestrian.ca\/nouvelles\/ibjgjLQQebFhjA8iM\/weekly-equestrian-canada-covid-19-wrap\" target=\"_blank\" rel=\"noopener\">27 mars<\/a><\/li>\n<\/ul>\n<p>CE fournit tous les efforts n\u00e9cessaires afin d\u2019assurer une communication continue, approfondie et \u00e0 jour concernant la pand\u00e9mie du coronavirus (COVID-19). La d\u00e9claration compl\u00e8te de CE sur la COVID-19, mise \u00e0 jour r\u00e9guli\u00e8rement, se trouve sur notre site internet en cliquant <a href=\"https:\/\/www.equestrian.ca\/nouvelles\/6WF6AvoJSXa4XnQ26\/equestrian-canada-statement-on\" target=\"_blank\" rel=\"noopener\">ici<\/a>. Pour une liste des ressources COVID-19 importantes, visitez notre page de <a href=\"https:\/\/www.equestrian.ca\/industrie\/infos\/ressources-covid-19\" target=\"_blank\" rel=\"noopener\">Ressources sur le COVID-19<\/a>. Vous voulez aider \u00e0 sauver des chevaux de travail canadiens? Visitez notre page de <a href=\"https:\/\/www.equestrian.ca\/industrie\/infos\" target=\"_blank\" rel=\"noopener\">R\u00e9ponse COVID-19<\/a>.<\/p>\n","protected":false},"excerpt":{"rendered":"<p>Grandes mesures entreprises par CE cette semaine : Publication d\u2019un cadre de reprise des activit\u00e9s commerciales afin d\u2019offrir une direction aux propri\u00e9taires\/exploitants de fermes \u00e9quines et d\u2019installations \u00e9questres en anticipation de la lev\u00e9e des restrictions impos\u00e9es dans la lutte contre la pand\u00e9mie de la COVID-19. Ce document a \u00e9t\u00e9 soumis \u00e0 Agriculture et Agroalimentaire Canada, [&hellip;]<\/p>\n","protected":false},"author":3,"featured_media":0,"comment_status":"open","ping_status":"open","sticky":false,"template":"","format":"standard","meta":{"_acf_changed":false,"footnotes":""},"categories":[241],"tags":[],"class_list":["post-25935","post","type-post","status-publish","format-standard","hentry","category-anciens-articles"],"acf":[],"yoast_head":"<!-- This site is optimized with the Yoast SEO plugin v27.0 - https:\/\/yoast.com\/product\/yoast-seo-wordpress\/ -->\n<title>R\u00e9sum\u00e9 hebdomadaire de Canada \u00c9questre sur la COVID-19 - Equestrian Canada<\/title>\n<meta name=\"robots\" content=\"index, follow, max-snippet:-1, max-image-preview:large, max-video-preview:-1\" \/>\n<link rel=\"canonical\" href=\"https:\/\/equestrian.ca\/fr\/anciens-articles\/resume-hebdomadaire-de-canada-equestre-sur-la-covid-19-4\/\" \/>\n<meta property=\"og:locale\" content=\"fr_CA\" \/>\n<meta property=\"og:type\" content=\"article\" \/>\n<meta property=\"og:title\" content=\"R\u00e9sum\u00e9 hebdomadaire de Canada \u00c9questre sur la COVID-19 - Equestrian Canada\" \/>\n<meta property=\"og:description\" content=\"Grandes mesures entreprises par CE cette semaine : Publication d\u2019un cadre de reprise des activit\u00e9s commerciales afin d\u2019offrir une direction aux propri\u00e9taires\/exploitants de fermes \u00e9quines et d\u2019installations \u00e9questres en anticipation de la lev\u00e9e des restrictions impos\u00e9es dans la lutte contre la pand\u00e9mie de la COVID-19. Ce document a \u00e9t\u00e9 soumis \u00e0 Agriculture et Agroalimentaire Canada, [&hellip;]\" \/>\n<meta property=\"og:url\" content=\"https:\/\/equestrian.ca\/fr\/anciens-articles\/resume-hebdomadaire-de-canada-equestre-sur-la-covid-19-4\/\" \/>\n<meta property=\"og:site_name\" content=\"Equestrian Canada\" \/>\n<meta property=\"article:published_time\" content=\"2020-05-08T00:00:00+00:00\" \/>\n<meta name=\"author\" content=\"Berry\" \/>\n<meta name=\"twitter:card\" content=\"summary_large_image\" \/>\n<meta name=\"twitter:label1\" content=\"\u00c9crit par\" \/>\n\t<meta name=\"twitter:data1\" content=\"Berry\" \/>\n\t<meta name=\"twitter:label2\" content=\"Estimation du temps de lecture\" \/>\n\t<meta name=\"twitter:data2\" content=\"2 minutes\" \/>\n<script type=\"application\/ld+json\" class=\"yoast-schema-graph\">{\"@context\":\"https:\/\/schema.org\",\"@graph\":[{\"@type\":\"Article\",\"@id\":\"https:\/\/equestrian.ca\/fr\/anciens-articles\/resume-hebdomadaire-de-canada-equestre-sur-la-covid-19-4\/#article\",\"isPartOf\":{\"@id\":\"https:\/\/equestrian.ca\/fr\/anciens-articles\/resume-hebdomadaire-de-canada-equestre-sur-la-covid-19-4\/\"},\"author\":{\"name\":\"Berry\",\"@id\":\"https:\/\/equestrian.ca\/fr\/#\/schema\/person\/9abd3ba4d1027626b07355668e4ee3ad\"},\"headline\":\"R\u00e9sum\u00e9 hebdomadaire de Canada \u00c9questre sur la COVID-19\",\"datePublished\":\"2020-05-08T00:00:00+00:00\",\"mainEntityOfPage\":{\"@id\":\"https:\/\/equestrian.ca\/fr\/anciens-articles\/resume-hebdomadaire-de-canada-equestre-sur-la-covid-19-4\/\"},\"wordCount\":375,\"commentCount\":0,\"articleSection\":[\"Anciens articles\"],\"inLanguage\":\"fr-CA\",\"potentialAction\":[{\"@type\":\"CommentAction\",\"name\":\"Comment\",\"target\":[\"https:\/\/equestrian.ca\/fr\/anciens-articles\/resume-hebdomadaire-de-canada-equestre-sur-la-covid-19-4\/#respond\"]}]},{\"@type\":\"WebPage\",\"@id\":\"https:\/\/equestrian.ca\/fr\/anciens-articles\/resume-hebdomadaire-de-canada-equestre-sur-la-covid-19-4\/\",\"url\":\"https:\/\/equestrian.ca\/fr\/anciens-articles\/resume-hebdomadaire-de-canada-equestre-sur-la-covid-19-4\/\",\"name\":\"R\u00e9sum\u00e9 hebdomadaire de Canada \u00c9questre sur la COVID-19 - Equestrian Canada\",\"isPartOf\":{\"@id\":\"https:\/\/equestrian.ca\/fr\/#website\"},\"datePublished\":\"2020-05-08T00:00:00+00:00\",\"author\":{\"@id\":\"https:\/\/equestrian.ca\/fr\/#\/schema\/person\/9abd3ba4d1027626b07355668e4ee3ad\"},\"breadcrumb\":{\"@id\":\"https:\/\/equestrian.ca\/fr\/anciens-articles\/resume-hebdomadaire-de-canada-equestre-sur-la-covid-19-4\/#breadcrumb\"},\"inLanguage\":\"fr-CA\",\"potentialAction\":[{\"@type\":\"ReadAction\",\"target\":[\"https:\/\/equestrian.ca\/fr\/anciens-articles\/resume-hebdomadaire-de-canada-equestre-sur-la-covid-19-4\/\"]}]},{\"@type\":\"BreadcrumbList\",\"@id\":\"https:\/\/equestrian.ca\/fr\/anciens-articles\/resume-hebdomadaire-de-canada-equestre-sur-la-covid-19-4\/#breadcrumb\",\"itemListElement\":[{\"@type\":\"ListItem\",\"position\":1,\"name\":\"Home\",\"item\":\"https:\/\/equestrian.ca\/fr\/\"},{\"@type\":\"ListItem\",\"position\":2,\"name\":\"R\u00e9sum\u00e9 hebdomadaire de Canada \u00c9questre sur la COVID-19\"}]},{\"@type\":\"WebSite\",\"@id\":\"https:\/\/equestrian.ca\/fr\/#website\",\"url\":\"https:\/\/equestrian.ca\/fr\/\",\"name\":\"Equestrian Canada\",\"description\":\"For the love of horses and sport for life.\",\"potentialAction\":[{\"@type\":\"SearchAction\",\"target\":{\"@type\":\"EntryPoint\",\"urlTemplate\":\"https:\/\/equestrian.ca\/fr\/?s={search_term_string}\"},\"query-input\":{\"@type\":\"PropertyValueSpecification\",\"valueRequired\":true,\"valueName\":\"search_term_string\"}}],\"inLanguage\":\"fr-CA\"},{\"@type\":\"Person\",\"@id\":\"https:\/\/equestrian.ca\/fr\/#\/schema\/person\/9abd3ba4d1027626b07355668e4ee3ad\",\"name\":\"Berry\",\"image\":{\"@type\":\"ImageObject\",\"inLanguage\":\"fr-CA\",\"@id\":\"https:\/\/equestrian.ca\/fr\/#\/schema\/person\/image\/\",\"url\":\"https:\/\/secure.gravatar.com\/avatar\/882da3b67056b0c608086d3c77de46948b64244a4c249e81e0bf04a8095ce320?s=96&d=mm&r=g\",\"contentUrl\":\"https:\/\/secure.gravatar.com\/avatar\/882da3b67056b0c608086d3c77de46948b64244a4c249e81e0bf04a8095ce320?s=96&d=mm&r=g\",\"caption\":\"Berry\"},\"url\":\"https:\/\/equestrian.ca\/fr\/author\/mberry\/\"}]}<\/script>\n<!-- \/ Yoast SEO plugin. -->","yoast_head_json":{"title":"R\u00e9sum\u00e9 hebdomadaire de Canada \u00c9questre sur la COVID-19 - Equestrian Canada","robots":{"index":"index","follow":"follow","max-snippet":"max-snippet:-1","max-image-preview":"max-image-preview:large","max-video-preview":"max-video-preview:-1"},"canonical":"https:\/\/equestrian.ca\/fr\/anciens-articles\/resume-hebdomadaire-de-canada-equestre-sur-la-covid-19-4\/","og_locale":"fr_CA","og_type":"article","og_title":"R\u00e9sum\u00e9 hebdomadaire de Canada \u00c9questre sur la COVID-19 - Equestrian Canada","og_description":"Grandes mesures entreprises par CE cette semaine : Publication d\u2019un cadre de reprise des activit\u00e9s commerciales afin d\u2019offrir une direction aux propri\u00e9taires\/exploitants de fermes \u00e9quines et d\u2019installations \u00e9questres en anticipation de la lev\u00e9e des restrictions impos\u00e9es dans la lutte contre la pand\u00e9mie de la COVID-19. Ce document a \u00e9t\u00e9 soumis \u00e0 Agriculture et Agroalimentaire Canada, [&hellip;]","og_url":"https:\/\/equestrian.ca\/fr\/anciens-articles\/resume-hebdomadaire-de-canada-equestre-sur-la-covid-19-4\/","og_site_name":"Equestrian Canada","article_published_time":"2020-05-08T00:00:00+00:00","author":"Berry","twitter_card":"summary_large_image","twitter_misc":{"\u00c9crit par":"Berry","Estimation du temps de lecture":"2 minutes"},"schema":{"@context":"https:\/\/schema.org","@graph":[{"@type":"Article","@id":"https:\/\/equestrian.ca\/fr\/anciens-articles\/resume-hebdomadaire-de-canada-equestre-sur-la-covid-19-4\/#article","isPartOf":{"@id":"https:\/\/equestrian.ca\/fr\/anciens-articles\/resume-hebdomadaire-de-canada-equestre-sur-la-covid-19-4\/"},"author":{"name":"Berry","@id":"https:\/\/equestrian.ca\/fr\/#\/schema\/person\/9abd3ba4d1027626b07355668e4ee3ad"},"headline":"R\u00e9sum\u00e9 hebdomadaire de Canada \u00c9questre sur la COVID-19","datePublished":"2020-05-08T00:00:00+00:00","mainEntityOfPage":{"@id":"https:\/\/equestrian.ca\/fr\/anciens-articles\/resume-hebdomadaire-de-canada-equestre-sur-la-covid-19-4\/"},"wordCount":375,"commentCount":0,"articleSection":["Anciens articles"],"inLanguage":"fr-CA","potentialAction":[{"@type":"CommentAction","name":"Comment","target":["https:\/\/equestrian.ca\/fr\/anciens-articles\/resume-hebdomadaire-de-canada-equestre-sur-la-covid-19-4\/#respond"]}]},{"@type":"WebPage","@id":"https:\/\/equestrian.ca\/fr\/anciens-articles\/resume-hebdomadaire-de-canada-equestre-sur-la-covid-19-4\/","url":"https:\/\/equestrian.ca\/fr\/anciens-articles\/resume-hebdomadaire-de-canada-equestre-sur-la-covid-19-4\/","name":"R\u00e9sum\u00e9 hebdomadaire de Canada \u00c9questre sur la COVID-19 - Equestrian Canada","isPartOf":{"@id":"https:\/\/equestrian.ca\/fr\/#website"},"datePublished":"2020-05-08T00:00:00+00:00","author":{"@id":"https:\/\/equestrian.ca\/fr\/#\/schema\/person\/9abd3ba4d1027626b07355668e4ee3ad"},"breadcrumb":{"@id":"https:\/\/equestrian.ca\/fr\/anciens-articles\/resume-hebdomadaire-de-canada-equestre-sur-la-covid-19-4\/#breadcrumb"},"inLanguage":"fr-CA","potentialAction":[{"@type":"ReadAction","target":["https:\/\/equestrian.ca\/fr\/anciens-articles\/resume-hebdomadaire-de-canada-equestre-sur-la-covid-19-4\/"]}]},{"@type":"BreadcrumbList","@id":"https:\/\/equestrian.ca\/fr\/anciens-articles\/resume-hebdomadaire-de-canada-equestre-sur-la-covid-19-4\/#breadcrumb","itemListElement":[{"@type":"ListItem","position":1,"name":"Home","item":"https:\/\/equestrian.ca\/fr\/"},{"@type":"ListItem","position":2,"name":"R\u00e9sum\u00e9 hebdomadaire de Canada \u00c9questre sur la COVID-19"}]},{"@type":"WebSite","@id":"https:\/\/equestrian.ca\/fr\/#website","url":"https:\/\/equestrian.ca\/fr\/","name":"Equestrian Canada","description":"For the love of horses and sport for life.","potentialAction":[{"@type":"SearchAction","target":{"@type":"EntryPoint","urlTemplate":"https:\/\/equestrian.ca\/fr\/?s={search_term_string}"},"query-input":{"@type":"PropertyValueSpecification","valueRequired":true,"valueName":"search_term_string"}}],"inLanguage":"fr-CA"},{"@type":"Person","@id":"https:\/\/equestrian.ca\/fr\/#\/schema\/person\/9abd3ba4d1027626b07355668e4ee3ad","name":"Berry","image":{"@type":"ImageObject","inLanguage":"fr-CA","@id":"https:\/\/equestrian.ca\/fr\/#\/schema\/person\/image\/","url":"https:\/\/secure.gravatar.com\/avatar\/882da3b67056b0c608086d3c77de46948b64244a4c249e81e0bf04a8095ce320?s=96&d=mm&r=g","contentUrl":"https:\/\/secure.gravatar.com\/avatar\/882da3b67056b0c608086d3c77de46948b64244a4c249e81e0bf04a8095ce320?s=96&d=mm&r=g","caption":"Berry"},"url":"https:\/\/equestrian.ca\/fr\/author\/mberry\/"}]}},"_links":{"self":[{"href":"https:\/\/equestrian.ca\/fr\/wp-json\/wp\/v2\/posts\/25935","targetHints":{"allow":["GET"]}}],"collection":[{"href":"https:\/\/equestrian.ca\/fr\/wp-json\/wp\/v2\/posts"}],"about":[{"href":"https:\/\/equestrian.ca\/fr\/wp-json\/wp\/v2\/types\/post"}],"author":[{"embeddable":true,"href":"https:\/\/equestrian.ca\/fr\/wp-json\/wp\/v2\/users\/3"}],"replies":[{"embeddable":true,"href":"https:\/\/equestrian.ca\/fr\/wp-json\/wp\/v2\/comments?post=25935"}],"version-history":[{"count":0,"href":"https:\/\/equestrian.ca\/fr\/wp-json\/wp\/v2\/posts\/25935\/revisions"}],"wp:attachment":[{"href":"https:\/\/equestrian.ca\/fr\/wp-json\/wp\/v2\/media?parent=25935"}],"wp:term":[{"taxonomy":"category","embeddable":true,"href":"https:\/\/equestrian.ca\/fr\/wp-json\/wp\/v2\/categories?post=25935"},{"taxonomy":"post_tag","embeddable":true,"href":"https:\/\/equestrian.ca\/fr\/wp-json\/wp\/v2\/tags?post=25935"}],"curies":[{"name":"wp","href":"https:\/\/api.w.org\/{rel}","templated":true}]}}