{"id":25929,"date":"2019-03-14T00:00:00","date_gmt":"2019-03-14T00:00:00","guid":{"rendered":"https:\/\/equestrian.ca\/news\/double-pour-lequipe-canadienne-junior-de-dressage-a-la-coupe-des-nations-cdio-u25-presentee-par-diamante-farms\/"},"modified":"2019-03-14T00:00:00","modified_gmt":"2019-03-14T00:00:00","slug":"double-pour-lequipe-canadienne-junior-de-dressage-a-la-coupe-des-nations-cdio-u25-presentee-par-diamante-farms","status":"publish","type":"post","link":"https:\/\/equestrian.ca\/fr\/anciens-articles\/double-pour-lequipe-canadienne-junior-de-dressage-a-la-coupe-des-nations-cdio-u25-presentee-par-diamante-farms\/","title":{"rendered":"Doubl\u00e9 pour l\u2019\u00e9quipe canadienne junior de dressage \u00e0 la Coupe des Nations CDIO-U25 pr\u00e9sent\u00e9e par Diamante Farms"},"content":{"rendered":"<p>Les m\u00e9dailles ont \u00e9t\u00e9 d\u00e9termin\u00e9es par les deux meilleurs pointages de chaque \u00e9quipe au test Interm\u00e9diaire II 16-25 de la FEI, les \u00c9tats-Unis ayant remport\u00e9 l&rsquo;or avec un pointage total par \u00e9quipe de 138,559 points. Moins d&rsquo;un point derri\u00e8re, \u00c9quipe Canada 1 &#8211; compos\u00e9e de Naima Moreira Lalibert\u00e9 d&rsquo;Outremont (Qu\u00e9bec), Laurence Blais T\u00e8treault de Montr\u00e9al (Qu\u00e9bec) et Tanya Strasser-Shostak de Sainte-Ad\u00e8le (Qu\u00e9bec) a d\u00e9croch\u00e9 la m\u00e9daille d\u2019argent avec un pointage final de 137,882.  <\/p>\n<p><img src='\/wp-content\/uploads\/cdn\/storage\/images_v2\/2019 Wellington NC - U25 Team Canada 1 by Susan J Stickle.jpg' alt='Youth Canadian Dressage Team Pulls One-Two Podium Punch at the Nations Cup CDIO-U25 presented by Diamante Farms' \/><\/p>\n<p><i>\u00c9quipe Canada 1 &#8211; compos\u00e9e de Naima Moreira Lalibert\u00e9 d&rsquo;Outremont (Qu\u00e9bec) Laurence Blais T\u00e8treault de Montr\u00e9al  (Qu\u00e9bec) et Tanya Strasser-Shostak de Sainte-Ad\u00e8le (Qu\u00e9bec) &#8211; a remport\u00e9 la m\u00e9daille d&rsquo;argent \u00e0 la Coupe des Nations CDIO-U25 pr\u00e9sent\u00e9e par Diamante Farms, le mercredi 13 mars 2019 \u00e0 Wellington en Floride. Leur marque finale de 137,882 points \u00e9tait \u00e0 moins d&rsquo;un point d\u2019une m\u00e9daille d\u2019or, remport\u00e9e par les \u00c9tats-Unis (138,559).<br \/><b>De gauche \u00e0 droite : <\/b>Isabelle Judet, Terri Kane, Christine Peters, Moreira Lalibert\u00e9, Strasser-Shostak, Blais T\u00e8treault et Allyn Mann<br \/><b>Source : <\/b>Susan J. Stickle<\/i><\/p>\n<p>Moreira Lalibert\u00e9 sur I Do Kiss (French Kiss x Donnerfly), l&rsquo;\u00e9talon warmblood su\u00e9dois de 13 ans de KML S\u00e0rl, ont plac\u00e9 la barre tr\u00e8s haute avec une note de 71,706 %, \u00e9tablissant une marque personnelle qui lui a permis de monter sur la premi\u00e8re marche du podium de l\u2019\u00e9preuve individuelle.<\/p>\n<p><img src='\/wp-content\/uploads\/cdn\/storage\/images_v2\/2019 Wellington NC - Naima Laliberte &#038; I Do Kiss by Susan J Stickle.jpg' alt='Youth Canadian Dressage Team Pulls One-Two Podium Punch at the Nations Cup CDIO-U25 presented by Diamante Farms' \/><\/p>\n<p><i>En plus de remporter le test Interm\u00e9diaire II 16-25 de la FEI, qui a d\u00e9termin\u00e9 le classement des m\u00e9dailles, le r\u00e9sultat de 71,706% de Moreira Lalibert\u00e9 repr\u00e9sente un record personnel avec I Do Kiss.<br \/><b>Source :<\/b> Susan J. Stickle<\/i><\/p>\n<p>\u00ab Le record personnel a \u00e9t\u00e9 une belle surprise, a d\u00e9clar\u00e9 Moreira Lalibert\u00e9. Mon cheval se sentait mieux que jamais pour moi. C&rsquo;est incroyable de voir des r\u00e9sultats bas\u00e9s sur les efforts que vous avez investis pour y arriver. Am\u00e9liorer de petits d\u00e9tails en pr\u00e9paration, comme la fa\u00e7on dont vous terminez un mouvement, am\u00e9liore les petits points qui deviennent votre note. <\/p>\n<p>\u00ab Je suis si heureuse d&rsquo;avoir accompli cela avec mes co\u00e9quipi\u00e8res, a-t-elle ajout\u00e9 \u00e0 propos de la m\u00e9daille d\u2019argent par \u00e9quipe. Nous avons pass\u00e9 ensemble les niveaux Junior et Jeune cavalier, et maintenant nous faisons partie de l&rsquo;\u00e9quipe U25 ensemble, donc c&rsquo;est incroyable. \u00bb<\/p>\n<p>Blais T\u00e8treault a produit le deuxi\u00e8me pointage contributif d&rsquo;\u00c9quipe Canada 1, avec 66,176 % pour la cinqui\u00e8me place avec Utah (Jazz x Landwind II B), un warmblood hollandais de 18 ans appartenant \u00e0 sa s\u0153ur, Mathilde Blais T\u00e8treault. Strasser-Shostak a compl\u00e9t\u00e9 la performance de l&rsquo;\u00e9quipe avec une septi\u00e8me place sur D\u00e9j\u00e0 vu Tyme (Dauphin x Werbellin), un hongre hanovrien de 12 ans appartenant \u00e0 Evi Strasser et Erika Murphy. <\/p>\n<p>Les trois athl\u00e8tes d&rsquo;\u00c9quipe Canada 1 n&rsquo;\u00e9taient pas \u00e9trang\u00e8res au podium de la Coupe des Nations U25 : Moreira Lalibert\u00e9 et Blais T\u00e8treault ont remport\u00e9 la m\u00e9daille de bronze en 2018, tandis que Strasser-Shostak a remport\u00e9 la m\u00e9daille de bronze en 2017.<\/p>\n<p>\u00c9quipe Canada 2 \u00e9tait compos\u00e9e de Megan Shea de Toronto (Ontario) et de Vanessa Creech-Terauds de Caistor Centre (Ontario). En tant que duo, elles ont comp\u00e9titionn\u00e9 sans le luxe de pouvoir \u00e9liminer un pointage plus faible. Shea a connu un d\u00e9but de test difficile avec K 2 (Kaiser Franz x Argentinius), un hongre Oldenburg de 15 ans appartenant \u00e0 Stephen Shea et qui a \u00e9t\u00e9 son partenaire aux Championnats jeunesse d\u2019Am\u00e9rique du Nord en 2015. Elle a r\u00e9ussi \u00e0 grimper au classement gr\u00e2ce \u00e0 une deuxi\u00e8me manche digne d&rsquo;\u00e9loges, se classant neuvi\u00e8me \u00e0 la toute premi\u00e8re participation de la paire \u00e0 l&rsquo;AGDF.<\/p>\n<p>Sa co\u00e9quipi\u00e8re, Creech-Terauds, a pris le relais sur Hallmark 3 (His Highness x Lancier), un hongre hanovrien de 15 ans appartenant \u00e0 Diane Creech et Louise Leatherdale, pour obtenir la sixi\u00e8me place et contribuer \u00e0 une marque finale de 118,441 points et une m\u00e9daille de bronze.<\/p>\n<p><img src='\/wp-content\/uploads\/cdn\/storage\/images_v2\/2019 Wellington NC - U25 Team Canada 2 by Susan J Stickle.jpg' alt='Youth Canadian Dressage Team Pulls One-Two Podium Punch at the Nations Cup CDIO-U25 presented by Diamante Farms' \/><\/p>\n<p><i>Le Canada \u00e9tait aussi repr\u00e9sent\u00e9 sur le podium par \u00c9quipe Canada 2, compos\u00e9e de Megan Shea, de Toronto (Ontario) et de Vanessa Creech-Terauds, de Caistor Centre (Ontario), qui a remport\u00e9 la m\u00e9daille de bronze avec un score final de 118,441.<br \/><b>De gauche \u00e0 droite : <\/b>Mann, Shea, Creech-Terauds, Peters, Kane, Judet<br \/><b>Source : <\/b>Susan J. Stickle<\/i><\/p>\n<p>\u00ab Hier a \u00e9t\u00e9 une journ\u00e9e de comp\u00e9tition tr\u00e8s amusante \u00bb, a d\u00e9clar\u00e9 Creech-Terauds. \u00ab C&rsquo;\u00e9tait la premi\u00e8re fois que je faisais partie d&rsquo;une \u00e9quipe avec Megan, et faire sa connaissance a \u00e9t\u00e9 formidable. Hallmark et moi sommes une toute nouvelle \u00e9quipe et j&rsquo;\u00e9tais fi\u00e8re qu&rsquo;il se sente aussi \u00e0 l&rsquo;aise dans le man\u00e8ge. \u00bb<\/p>\n<p>\u00ab Je suis tr\u00e8s fi\u00e8re de toutes nos cavali\u00e8res U25, a conclu la chef d\u2019\u00e9quipe Christine Peters. Elles ont fait preuve de professionnalisme et de concentration tout au long de la comp\u00e9tition en d\u00e9montrant un grand esprit d&rsquo;\u00e9quipe. Les tests U25 sont tr\u00e8s difficiles pour le cheval et le cavalier, donc le fait que le Canada ait cette ampleur dans la division est enthousiasmant pour l&rsquo;avenir. \u00bb<\/p>\n<p>Pour en savoir plus et consulter tous les r\u00e9sultats, visitez&nbsp;<a href=\"http:\/\/gdf.coth.com\" target=\"_blank\" rel=\"noopener\">http:\/\/gdf.coth.com<\/a>.<\/p>\n<p style=\"text-align: center;\">&#8211; 30 &#8211;&nbsp;<\/p>\n","protected":false},"excerpt":{"rendered":"<p>Les m\u00e9dailles ont \u00e9t\u00e9 d\u00e9termin\u00e9es par les deux meilleurs pointages de chaque \u00e9quipe au test Interm\u00e9diaire II 16-25 de la FEI, les \u00c9tats-Unis ayant remport\u00e9 l&rsquo;or avec un pointage total par \u00e9quipe de 138,559 points. Moins d&rsquo;un point derri\u00e8re, \u00c9quipe Canada 1 &#8211; compos\u00e9e de Naima Moreira Lalibert\u00e9 d&rsquo;Outremont (Qu\u00e9bec), Laurence Blais T\u00e8treault de Montr\u00e9al [&hellip;]<\/p>\n","protected":false},"author":3,"featured_media":3898,"comment_status":"open","ping_status":"open","sticky":false,"template":"","format":"standard","meta":{"_acf_changed":false,"rs_blank_template":"","rs_page_bg_color":"","slide_template_v7":"","footnotes":""},"categories":[241],"tags":[],"class_list":["post-25929","post","type-post","status-publish","format-standard","has-post-thumbnail","hentry","category-anciens-articles"],"acf":[],"yoast_head":"<!-- This site is optimized with the Yoast SEO plugin v27.0 - https:\/\/yoast.com\/product\/yoast-seo-wordpress\/ -->\n<title>Doubl\u00e9 pour l\u2019\u00e9quipe canadienne junior de dressage \u00e0 la Coupe des Nations CDIO-U25 pr\u00e9sent\u00e9e par Diamante Farms - Equestrian Canada<\/title>\n<meta name=\"robots\" content=\"index, follow, max-snippet:-1, max-image-preview:large, max-video-preview:-1\" \/>\n<link rel=\"canonical\" href=\"https:\/\/equestrian.ca\/fr\/anciens-articles\/double-pour-lequipe-canadienne-junior-de-dressage-a-la-coupe-des-nations-cdio-u25-presentee-par-diamante-farms\/\" \/>\n<meta property=\"og:locale\" content=\"fr_CA\" \/>\n<meta property=\"og:type\" content=\"article\" \/>\n<meta property=\"og:title\" content=\"Doubl\u00e9 pour l\u2019\u00e9quipe canadienne junior de dressage \u00e0 la Coupe des Nations CDIO-U25 pr\u00e9sent\u00e9e par Diamante Farms - Equestrian Canada\" \/>\n<meta property=\"og:description\" content=\"Les m\u00e9dailles ont \u00e9t\u00e9 d\u00e9termin\u00e9es par les deux meilleurs pointages de chaque \u00e9quipe au test Interm\u00e9diaire II 16-25 de la FEI, les \u00c9tats-Unis ayant remport\u00e9 l&rsquo;or avec un pointage total par \u00e9quipe de 138,559 points. Moins d&rsquo;un point derri\u00e8re, \u00c9quipe Canada 1 &#8211; compos\u00e9e de Naima Moreira Lalibert\u00e9 d&rsquo;Outremont (Qu\u00e9bec), Laurence Blais T\u00e8treault de Montr\u00e9al [&hellip;]\" \/>\n<meta property=\"og:url\" content=\"https:\/\/equestrian.ca\/fr\/anciens-articles\/double-pour-lequipe-canadienne-junior-de-dressage-a-la-coupe-des-nations-cdio-u25-presentee-par-diamante-farms\/\" \/>\n<meta property=\"og:site_name\" content=\"Equestrian Canada\" \/>\n<meta property=\"article:published_time\" content=\"2019-03-14T00:00:00+00:00\" \/>\n<meta property=\"og:image\" content=\"https:\/\/equestrian.ca\/wp-content\/uploads\/2023\/09\/2019-Wellington-NC-U25-Team-Canada-1-by-Susan-J-Stickle.jpg\" \/>\n\t<meta property=\"og:image:width\" content=\"980\" \/>\n\t<meta property=\"og:image:height\" content=\"700\" \/>\n\t<meta property=\"og:image:type\" content=\"image\/jpeg\" \/>\n<meta name=\"author\" content=\"Berry\" \/>\n<meta name=\"twitter:card\" content=\"summary_large_image\" \/>\n<meta name=\"twitter:label1\" content=\"\u00c9crit par\" \/>\n\t<meta name=\"twitter:data1\" content=\"Berry\" \/>\n\t<meta name=\"twitter:label2\" content=\"Estimation du temps de lecture\" \/>\n\t<meta name=\"twitter:data2\" content=\"4 minutes\" \/>\n<script type=\"application\/ld+json\" class=\"yoast-schema-graph\">{\"@context\":\"https:\/\/schema.org\",\"@graph\":[{\"@type\":\"Article\",\"@id\":\"https:\/\/equestrian.ca\/fr\/anciens-articles\/double-pour-lequipe-canadienne-junior-de-dressage-a-la-coupe-des-nations-cdio-u25-presentee-par-diamante-farms\/#article\",\"isPartOf\":{\"@id\":\"https:\/\/equestrian.ca\/fr\/anciens-articles\/double-pour-lequipe-canadienne-junior-de-dressage-a-la-coupe-des-nations-cdio-u25-presentee-par-diamante-farms\/\"},\"author\":{\"name\":\"Berry\",\"@id\":\"https:\/\/equestrian.ca\/fr\/#\/schema\/person\/9abd3ba4d1027626b07355668e4ee3ad\"},\"headline\":\"Doubl\u00e9 pour l\u2019\u00e9quipe canadienne junior de dressage \u00e0 la Coupe des Nations CDIO-U25 pr\u00e9sent\u00e9e par Diamante Farms\",\"datePublished\":\"2019-03-14T00:00:00+00:00\",\"mainEntityOfPage\":{\"@id\":\"https:\/\/equestrian.ca\/fr\/anciens-articles\/double-pour-lequipe-canadienne-junior-de-dressage-a-la-coupe-des-nations-cdio-u25-presentee-par-diamante-farms\/\"},\"wordCount\":893,\"commentCount\":0,\"image\":{\"@id\":\"https:\/\/equestrian.ca\/fr\/anciens-articles\/double-pour-lequipe-canadienne-junior-de-dressage-a-la-coupe-des-nations-cdio-u25-presentee-par-diamante-farms\/#primaryimage\"},\"thumbnailUrl\":\"https:\/\/equestrian.ca\/wp-content\/uploads\/2023\/09\/2019-Wellington-NC-U25-Team-Canada-1-by-Susan-J-Stickle.jpg\",\"articleSection\":[\"Anciens articles\"],\"inLanguage\":\"fr-CA\",\"potentialAction\":[{\"@type\":\"CommentAction\",\"name\":\"Comment\",\"target\":[\"https:\/\/equestrian.ca\/fr\/anciens-articles\/double-pour-lequipe-canadienne-junior-de-dressage-a-la-coupe-des-nations-cdio-u25-presentee-par-diamante-farms\/#respond\"]}]},{\"@type\":\"WebPage\",\"@id\":\"https:\/\/equestrian.ca\/fr\/anciens-articles\/double-pour-lequipe-canadienne-junior-de-dressage-a-la-coupe-des-nations-cdio-u25-presentee-par-diamante-farms\/\",\"url\":\"https:\/\/equestrian.ca\/fr\/anciens-articles\/double-pour-lequipe-canadienne-junior-de-dressage-a-la-coupe-des-nations-cdio-u25-presentee-par-diamante-farms\/\",\"name\":\"Doubl\u00e9 pour l\u2019\u00e9quipe canadienne junior de dressage \u00e0 la Coupe des Nations CDIO-U25 pr\u00e9sent\u00e9e par Diamante Farms - Equestrian Canada\",\"isPartOf\":{\"@id\":\"https:\/\/equestrian.ca\/fr\/#website\"},\"primaryImageOfPage\":{\"@id\":\"https:\/\/equestrian.ca\/fr\/anciens-articles\/double-pour-lequipe-canadienne-junior-de-dressage-a-la-coupe-des-nations-cdio-u25-presentee-par-diamante-farms\/#primaryimage\"},\"image\":{\"@id\":\"https:\/\/equestrian.ca\/fr\/anciens-articles\/double-pour-lequipe-canadienne-junior-de-dressage-a-la-coupe-des-nations-cdio-u25-presentee-par-diamante-farms\/#primaryimage\"},\"thumbnailUrl\":\"https:\/\/equestrian.ca\/wp-content\/uploads\/2023\/09\/2019-Wellington-NC-U25-Team-Canada-1-by-Susan-J-Stickle.jpg\",\"datePublished\":\"2019-03-14T00:00:00+00:00\",\"author\":{\"@id\":\"https:\/\/equestrian.ca\/fr\/#\/schema\/person\/9abd3ba4d1027626b07355668e4ee3ad\"},\"breadcrumb\":{\"@id\":\"https:\/\/equestrian.ca\/fr\/anciens-articles\/double-pour-lequipe-canadienne-junior-de-dressage-a-la-coupe-des-nations-cdio-u25-presentee-par-diamante-farms\/#breadcrumb\"},\"inLanguage\":\"fr-CA\",\"potentialAction\":[{\"@type\":\"ReadAction\",\"target\":[\"https:\/\/equestrian.ca\/fr\/anciens-articles\/double-pour-lequipe-canadienne-junior-de-dressage-a-la-coupe-des-nations-cdio-u25-presentee-par-diamante-farms\/\"]}]},{\"@type\":\"ImageObject\",\"inLanguage\":\"fr-CA\",\"@id\":\"https:\/\/equestrian.ca\/fr\/anciens-articles\/double-pour-lequipe-canadienne-junior-de-dressage-a-la-coupe-des-nations-cdio-u25-presentee-par-diamante-farms\/#primaryimage\",\"url\":\"https:\/\/equestrian.ca\/wp-content\/uploads\/2023\/09\/2019-Wellington-NC-U25-Team-Canada-1-by-Susan-J-Stickle.jpg\",\"contentUrl\":\"https:\/\/equestrian.ca\/wp-content\/uploads\/2023\/09\/2019-Wellington-NC-U25-Team-Canada-1-by-Susan-J-Stickle.jpg\",\"width\":980,\"height\":700},{\"@type\":\"BreadcrumbList\",\"@id\":\"https:\/\/equestrian.ca\/fr\/anciens-articles\/double-pour-lequipe-canadienne-junior-de-dressage-a-la-coupe-des-nations-cdio-u25-presentee-par-diamante-farms\/#breadcrumb\",\"itemListElement\":[{\"@type\":\"ListItem\",\"position\":1,\"name\":\"Home\",\"item\":\"https:\/\/equestrian.ca\/fr\/\"},{\"@type\":\"ListItem\",\"position\":2,\"name\":\"Doubl\u00e9 pour l\u2019\u00e9quipe canadienne junior de dressage \u00e0 la Coupe des Nations CDIO-U25 pr\u00e9sent\u00e9e par Diamante Farms\"}]},{\"@type\":\"WebSite\",\"@id\":\"https:\/\/equestrian.ca\/fr\/#website\",\"url\":\"https:\/\/equestrian.ca\/fr\/\",\"name\":\"Equestrian Canada\",\"description\":\"For the love of horses and sport for life.\",\"potentialAction\":[{\"@type\":\"SearchAction\",\"target\":{\"@type\":\"EntryPoint\",\"urlTemplate\":\"https:\/\/equestrian.ca\/fr\/?s={search_term_string}\"},\"query-input\":{\"@type\":\"PropertyValueSpecification\",\"valueRequired\":true,\"valueName\":\"search_term_string\"}}],\"inLanguage\":\"fr-CA\"},{\"@type\":\"Person\",\"@id\":\"https:\/\/equestrian.ca\/fr\/#\/schema\/person\/9abd3ba4d1027626b07355668e4ee3ad\",\"name\":\"Berry\",\"image\":{\"@type\":\"ImageObject\",\"inLanguage\":\"fr-CA\",\"@id\":\"https:\/\/equestrian.ca\/fr\/#\/schema\/person\/image\/\",\"url\":\"https:\/\/secure.gravatar.com\/avatar\/882da3b67056b0c608086d3c77de46948b64244a4c249e81e0bf04a8095ce320?s=96&d=mm&r=g\",\"contentUrl\":\"https:\/\/secure.gravatar.com\/avatar\/882da3b67056b0c608086d3c77de46948b64244a4c249e81e0bf04a8095ce320?s=96&d=mm&r=g\",\"caption\":\"Berry\"},\"url\":\"https:\/\/equestrian.ca\/fr\/author\/mberry\/\"}]}<\/script>\n<!-- \/ Yoast SEO plugin. -->","yoast_head_json":{"title":"Doubl\u00e9 pour l\u2019\u00e9quipe canadienne junior de dressage \u00e0 la Coupe des Nations CDIO-U25 pr\u00e9sent\u00e9e par Diamante Farms - Equestrian Canada","robots":{"index":"index","follow":"follow","max-snippet":"max-snippet:-1","max-image-preview":"max-image-preview:large","max-video-preview":"max-video-preview:-1"},"canonical":"https:\/\/equestrian.ca\/fr\/anciens-articles\/double-pour-lequipe-canadienne-junior-de-dressage-a-la-coupe-des-nations-cdio-u25-presentee-par-diamante-farms\/","og_locale":"fr_CA","og_type":"article","og_title":"Doubl\u00e9 pour l\u2019\u00e9quipe canadienne junior de dressage \u00e0 la Coupe des Nations CDIO-U25 pr\u00e9sent\u00e9e par Diamante Farms - Equestrian Canada","og_description":"Les m\u00e9dailles ont \u00e9t\u00e9 d\u00e9termin\u00e9es par les deux meilleurs pointages de chaque \u00e9quipe au test Interm\u00e9diaire II 16-25 de la FEI, les \u00c9tats-Unis ayant remport\u00e9 l&rsquo;or avec un pointage total par \u00e9quipe de 138,559 points. Moins d&rsquo;un point derri\u00e8re, \u00c9quipe Canada 1 &#8211; compos\u00e9e de Naima Moreira Lalibert\u00e9 d&rsquo;Outremont (Qu\u00e9bec), Laurence Blais T\u00e8treault de Montr\u00e9al [&hellip;]","og_url":"https:\/\/equestrian.ca\/fr\/anciens-articles\/double-pour-lequipe-canadienne-junior-de-dressage-a-la-coupe-des-nations-cdio-u25-presentee-par-diamante-farms\/","og_site_name":"Equestrian Canada","article_published_time":"2019-03-14T00:00:00+00:00","og_image":[{"width":980,"height":700,"url":"https:\/\/equestrian.ca\/wp-content\/uploads\/2023\/09\/2019-Wellington-NC-U25-Team-Canada-1-by-Susan-J-Stickle.jpg","type":"image\/jpeg"}],"author":"Berry","twitter_card":"summary_large_image","twitter_misc":{"\u00c9crit par":"Berry","Estimation du temps de lecture":"4 minutes"},"schema":{"@context":"https:\/\/schema.org","@graph":[{"@type":"Article","@id":"https:\/\/equestrian.ca\/fr\/anciens-articles\/double-pour-lequipe-canadienne-junior-de-dressage-a-la-coupe-des-nations-cdio-u25-presentee-par-diamante-farms\/#article","isPartOf":{"@id":"https:\/\/equestrian.ca\/fr\/anciens-articles\/double-pour-lequipe-canadienne-junior-de-dressage-a-la-coupe-des-nations-cdio-u25-presentee-par-diamante-farms\/"},"author":{"name":"Berry","@id":"https:\/\/equestrian.ca\/fr\/#\/schema\/person\/9abd3ba4d1027626b07355668e4ee3ad"},"headline":"Doubl\u00e9 pour l\u2019\u00e9quipe canadienne junior de dressage \u00e0 la Coupe des Nations CDIO-U25 pr\u00e9sent\u00e9e par Diamante Farms","datePublished":"2019-03-14T00:00:00+00:00","mainEntityOfPage":{"@id":"https:\/\/equestrian.ca\/fr\/anciens-articles\/double-pour-lequipe-canadienne-junior-de-dressage-a-la-coupe-des-nations-cdio-u25-presentee-par-diamante-farms\/"},"wordCount":893,"commentCount":0,"image":{"@id":"https:\/\/equestrian.ca\/fr\/anciens-articles\/double-pour-lequipe-canadienne-junior-de-dressage-a-la-coupe-des-nations-cdio-u25-presentee-par-diamante-farms\/#primaryimage"},"thumbnailUrl":"https:\/\/equestrian.ca\/wp-content\/uploads\/2023\/09\/2019-Wellington-NC-U25-Team-Canada-1-by-Susan-J-Stickle.jpg","articleSection":["Anciens articles"],"inLanguage":"fr-CA","potentialAction":[{"@type":"CommentAction","name":"Comment","target":["https:\/\/equestrian.ca\/fr\/anciens-articles\/double-pour-lequipe-canadienne-junior-de-dressage-a-la-coupe-des-nations-cdio-u25-presentee-par-diamante-farms\/#respond"]}]},{"@type":"WebPage","@id":"https:\/\/equestrian.ca\/fr\/anciens-articles\/double-pour-lequipe-canadienne-junior-de-dressage-a-la-coupe-des-nations-cdio-u25-presentee-par-diamante-farms\/","url":"https:\/\/equestrian.ca\/fr\/anciens-articles\/double-pour-lequipe-canadienne-junior-de-dressage-a-la-coupe-des-nations-cdio-u25-presentee-par-diamante-farms\/","name":"Doubl\u00e9 pour l\u2019\u00e9quipe canadienne junior de dressage \u00e0 la Coupe des Nations CDIO-U25 pr\u00e9sent\u00e9e par Diamante Farms - Equestrian Canada","isPartOf":{"@id":"https:\/\/equestrian.ca\/fr\/#website"},"primaryImageOfPage":{"@id":"https:\/\/equestrian.ca\/fr\/anciens-articles\/double-pour-lequipe-canadienne-junior-de-dressage-a-la-coupe-des-nations-cdio-u25-presentee-par-diamante-farms\/#primaryimage"},"image":{"@id":"https:\/\/equestrian.ca\/fr\/anciens-articles\/double-pour-lequipe-canadienne-junior-de-dressage-a-la-coupe-des-nations-cdio-u25-presentee-par-diamante-farms\/#primaryimage"},"thumbnailUrl":"https:\/\/equestrian.ca\/wp-content\/uploads\/2023\/09\/2019-Wellington-NC-U25-Team-Canada-1-by-Susan-J-Stickle.jpg","datePublished":"2019-03-14T00:00:00+00:00","author":{"@id":"https:\/\/equestrian.ca\/fr\/#\/schema\/person\/9abd3ba4d1027626b07355668e4ee3ad"},"breadcrumb":{"@id":"https:\/\/equestrian.ca\/fr\/anciens-articles\/double-pour-lequipe-canadienne-junior-de-dressage-a-la-coupe-des-nations-cdio-u25-presentee-par-diamante-farms\/#breadcrumb"},"inLanguage":"fr-CA","potentialAction":[{"@type":"ReadAction","target":["https:\/\/equestrian.ca\/fr\/anciens-articles\/double-pour-lequipe-canadienne-junior-de-dressage-a-la-coupe-des-nations-cdio-u25-presentee-par-diamante-farms\/"]}]},{"@type":"ImageObject","inLanguage":"fr-CA","@id":"https:\/\/equestrian.ca\/fr\/anciens-articles\/double-pour-lequipe-canadienne-junior-de-dressage-a-la-coupe-des-nations-cdio-u25-presentee-par-diamante-farms\/#primaryimage","url":"https:\/\/equestrian.ca\/wp-content\/uploads\/2023\/09\/2019-Wellington-NC-U25-Team-Canada-1-by-Susan-J-Stickle.jpg","contentUrl":"https:\/\/equestrian.ca\/wp-content\/uploads\/2023\/09\/2019-Wellington-NC-U25-Team-Canada-1-by-Susan-J-Stickle.jpg","width":980,"height":700},{"@type":"BreadcrumbList","@id":"https:\/\/equestrian.ca\/fr\/anciens-articles\/double-pour-lequipe-canadienne-junior-de-dressage-a-la-coupe-des-nations-cdio-u25-presentee-par-diamante-farms\/#breadcrumb","itemListElement":[{"@type":"ListItem","position":1,"name":"Home","item":"https:\/\/equestrian.ca\/fr\/"},{"@type":"ListItem","position":2,"name":"Doubl\u00e9 pour l\u2019\u00e9quipe canadienne junior de dressage \u00e0 la Coupe des Nations CDIO-U25 pr\u00e9sent\u00e9e par Diamante Farms"}]},{"@type":"WebSite","@id":"https:\/\/equestrian.ca\/fr\/#website","url":"https:\/\/equestrian.ca\/fr\/","name":"Equestrian Canada","description":"For the love of horses and sport for life.","potentialAction":[{"@type":"SearchAction","target":{"@type":"EntryPoint","urlTemplate":"https:\/\/equestrian.ca\/fr\/?s={search_term_string}"},"query-input":{"@type":"PropertyValueSpecification","valueRequired":true,"valueName":"search_term_string"}}],"inLanguage":"fr-CA"},{"@type":"Person","@id":"https:\/\/equestrian.ca\/fr\/#\/schema\/person\/9abd3ba4d1027626b07355668e4ee3ad","name":"Berry","image":{"@type":"ImageObject","inLanguage":"fr-CA","@id":"https:\/\/equestrian.ca\/fr\/#\/schema\/person\/image\/","url":"https:\/\/secure.gravatar.com\/avatar\/882da3b67056b0c608086d3c77de46948b64244a4c249e81e0bf04a8095ce320?s=96&d=mm&r=g","contentUrl":"https:\/\/secure.gravatar.com\/avatar\/882da3b67056b0c608086d3c77de46948b64244a4c249e81e0bf04a8095ce320?s=96&d=mm&r=g","caption":"Berry"},"url":"https:\/\/equestrian.ca\/fr\/author\/mberry\/"}]}},"_links":{"self":[{"href":"https:\/\/equestrian.ca\/fr\/wp-json\/wp\/v2\/posts\/25929","targetHints":{"allow":["GET"]}}],"collection":[{"href":"https:\/\/equestrian.ca\/fr\/wp-json\/wp\/v2\/posts"}],"about":[{"href":"https:\/\/equestrian.ca\/fr\/wp-json\/wp\/v2\/types\/post"}],"author":[{"embeddable":true,"href":"https:\/\/equestrian.ca\/fr\/wp-json\/wp\/v2\/users\/3"}],"replies":[{"embeddable":true,"href":"https:\/\/equestrian.ca\/fr\/wp-json\/wp\/v2\/comments?post=25929"}],"version-history":[{"count":0,"href":"https:\/\/equestrian.ca\/fr\/wp-json\/wp\/v2\/posts\/25929\/revisions"}],"wp:featuredmedia":[{"embeddable":true,"href":"https:\/\/equestrian.ca\/fr\/wp-json\/wp\/v2\/media\/3898"}],"wp:attachment":[{"href":"https:\/\/equestrian.ca\/fr\/wp-json\/wp\/v2\/media?parent=25929"}],"wp:term":[{"taxonomy":"category","embeddable":true,"href":"https:\/\/equestrian.ca\/fr\/wp-json\/wp\/v2\/categories?post=25929"},{"taxonomy":"post_tag","embeddable":true,"href":"https:\/\/equestrian.ca\/fr\/wp-json\/wp\/v2\/tags?post=25929"}],"curies":[{"name":"wp","href":"https:\/\/api.w.org\/{rel}","templated":true}]}}