{"id":25926,"date":"2019-06-19T00:00:00","date_gmt":"2019-06-19T00:00:00","guid":{"rendered":"https:\/\/equestrian.ca\/news\/nomination-de-lequipe-equestre-du-canada-pour-les-jeux-de-lima-2019\/"},"modified":"2019-06-19T00:00:00","modified_gmt":"2019-06-19T00:00:00","slug":"nomination-de-lequipe-equestre-du-canada-pour-les-jeux-de-lima-2019","status":"publish","type":"post","link":"https:\/\/equestrian.ca\/fr\/anciens-articles\/nomination-de-lequipe-equestre-du-canada-pour-les-jeux-de-lima-2019\/","title":{"rendered":"Nomination de l\u2019\u00e9quipe \u00e9questre du Canada pour les Jeux de Lima 2019"},"content":{"rendered":"<p><b>Ottawa (Ontario), le 19 juin 2019<\/b>. \u2013 Canada \u00c9questre (C\u00c9) et le Comit\u00e9 olympique canadien ont d\u00e9voil\u00e9 l\u2019identit\u00e9 des 12 athl\u00e8tes nomm\u00e9s pour participer \u00e0 la comp\u00e9tition dans les trois disciplines du sport \u00e9questre au programme des Jeux panam\u00e9ricains de Lima 2019, du 26 juillet au 11 ao\u00fbt au P\u00e9rou.<\/p>\n<\/p>\n<p>Le Canada enverra trois \u00e9quipes compl\u00e8tes pour ces Jeux, compos\u00e9es de 10 femmes et deux hommes. La portion \u00e9questre des Jeux d\u00e9marrera avec l\u2019\u00e9l\u00e9gance des \u00e9preuves de dressage, les 28, 29 et 31 juillet. La discipline dynamique du concours complet suivra du 2 au 4 ao\u00fbt, suivie par les \u00e9preuves palpitantes du saut d\u2019obstacles, les 6, 7 et 9 ao\u00fbt.<\/p>\n<\/p>\n<p>Les \u00e9quipes \u00e9questres sont compos\u00e9es d\u2019un m\u00e9lange de v\u00e9t\u00e9rans et de quelques autres qui en seront \u00e0 une premi\u00e8re exp\u00e9rience de grands Jeux. Cinq athl\u00e8tes ont d\u00e9j\u00e0 repr\u00e9sent\u00e9 le Canada dans le cadre de grands rendez-vous internationaux tandis que sept autres en seront \u00e0 une premi\u00e8re participation \u00e0 des Jeux multisports seniors.  <\/p>\n<\/p>\n<p>Jessica Phoenix, une des athl\u00e8tes canadiennes les plus d\u00e9cor\u00e9es aux Jeux panam\u00e9ricains, m\u00e8nera l\u2019\u00e9quipe du concours complet. L\u2019athl\u00e8te de 35 ans originaire de Cannington en Ontario montera Pavarotti, un autre v\u00e9t\u00e9ran des Jeux panam\u00e9ricains qui a remport\u00e9 l\u2019or individuel et l\u2019argent par \u00e9quipe \u00e0 Guadalajara en 2011, puis l\u2019argent individuel ainsi que le bronze par \u00e9quipe devant leurs partisans \u00e0 Toronto en 2015.<\/p>\n<\/p>\n<p>\u00ab Je suis extr\u00eamement honor\u00e9e d\u2019avoir l\u2019occasion de monter Pavarotti pour le Canada \u00e0 une troisi\u00e8me \u00e9dition des Jeux panam\u00e9ricains \u00bb, a d\u00e9clar\u00e9 Phoenix qui a aussi repr\u00e9sent\u00e9 le pays \u00e0 deux Jeux olympiques. \u00ab Nous avons connu un long parcours ensemble et c\u2019est tellement un privil\u00e8ge chaque fois de pouvoir concourir avec lui. Je suis vraiment impatiente de vivre les Jeux au sein de cette \u00e9quipe. Go Canada! \u00bb<\/p>\n<\/p>\n<p>En plus de Phoenix, l\u2019\u00e9quipe du concours individuel comprendra aussi une co\u00e9quipi\u00e8re de longue date des Jeux panam\u00e9ricains de Toronto 2015, des Jeux olympiques de Rio 2016 et des Jeux \u00e9questres mondiaux de la FEI 2018 \u00e0 Tryon en Caroline du Nord, Colleen Loach, 36 ans de Dunham au Qu\u00e9bec. Les recrues panam\u00e9ricaines Dana Cooke, 31 ans de Merritt en Colombie-Britannique et Karl Slezak, 37 ans de Tottenham en Ontario viennent compl\u00e9ter les cadres de ce groupe.<\/p>\n<\/p>\n<p>Sp\u00e9cialiste des sauts d\u2019obstacles, la Canadienne Nicole Walker, 25 ans d\u2019Aurora en Ontario figure parmi les athl\u00e8tes qui en seront \u00e0 une premi\u00e8re exp\u00e9rience aux Jeux panam\u00e9ricains cet \u00e9t\u00e9.<\/p>\n<\/p>\n<p>\u00ab Je suis honor\u00e9e de repr\u00e9senter le Canada aux Jeux panam\u00e9ricains \u00e0 Lima. Porter le veston rouge ajoute de la pression, mais cela procure un sentiment incroyable de savoir que le pays entier est derri\u00e8re toi \u00bb, ajoute Walker, qui est championne canadienne en titre de l\u2019\u00e9preuve. \u00ab Ce sera mes premiers grands Jeux. Je chevaucherai au sein d\u2019une \u00e9quipe d\u2019exp\u00e9rience et mon cheval Falco van Spieveld est en tr\u00e8s grande forme. Ensemble, je crois que nous pouvons obtenir un grand r\u00e9sultat pour le Canada. \u00bb<\/p>\n<\/p>\n<p>Walker sera \u00e9paul\u00e9e au sein de l\u2019\u00e9quipe de saut d\u2019obstacles par les v\u00e9t\u00e9rans Mario Deslauriers, 54 ans de Bromont au Qu\u00e9bec et Lisa Carlsen, 54 ans d\u2019Okotoks en Alberta. Deslauriers et Carlsen \u00e9taient co\u00e9quipiers aux Jeux olympiques de S\u00e9oul en 1988 et Deslauriers \u00e9tait aussi aux Jeux de Los Angeles en 1984. Compl\u00e9tant cette \u00e9quipe de saut d\u2019obstacles, Erynn Ballard, 38 ans de Tottenham en Ontario, a disput\u00e9 ses premiers championnats seniors en 2018 aux Jeux \u00e9questres mondiaux en Caroline du Nord.<\/p>\n<\/p>\n<p>L\u2019\u00e9quipe canadienne de dressage comprendra une ancienne des Jeux panam\u00e9ricains et m\u00e9daill\u00e9e d\u2019argent par \u00e9quipe \u00e0 Guadalajara en 2011, Tina Irwin, une athl\u00e8te de 38 ans bas\u00e9e \u00e0 Stouffville en Ontario.<\/p>\n<\/p>\n<p>\u00ab Je suis tr\u00e8s enthousiaste et honor\u00e9e de faire partie de l\u2019\u00e9quipe de dressage pour les Jeux panam\u00e9ricains avec Laurencio \u00bb, raconte Irwin qui poss\u00e8de d\u00e9j\u00e0 un palmar\u00e8s fort impressionnant avec sa monture, ayant notamment \u00e9tabli un record du monde pour le plus petit pointage au petit tour en 2017. \u00ab Je crois que nous avons une \u00e9quipe tr\u00e8s solide cette ann\u00e9e et j\u2019ai h\u00e2te de travailler avec mes co\u00e9quipiers pour remporter une m\u00e9daille. \u00bb<\/p>\n<\/p>\n<p>Outre Irwin, cette \u00e9quipe canadienne \u00e0 Lima sera compos\u00e9e de Jill Irwin, 56 ans et originaire de Moncton au Nouveau-Brunswick, qui a disput\u00e9 une premi\u00e8re comp\u00e9tition senior internationale aux Jeux \u00e9questres mondiaux 2018, ainsi que deux recrues de talent, soit Lindsay Kellock, 29 ans de Toronto en Ontario et Naima Moreira Lalibert\u00e9 d\u2019Outremont au Qu\u00e9bec, qui est la plus jeune membre de l\u2019\u00e9quipe \u00e9questre du Canada \u00e0 Lima, du haut de ses 22 ans.<\/p>\n<\/p>\n<p>Les Jeux panam\u00e9ricains de Lima 2019 seront particuli\u00e8rement significatifs pour l\u2019\u00e9quipe \u00e9questre du Canada (EEC) puisque les athl\u00e8tes des trois disciplines auront l\u2019occasion de se qualifier pour les Jeux olympiques de 2020 \u00e0 Tokyo au Japon.<\/p>\n<\/p>\n<p>Par le pass\u00e9, l\u2019EEC a connu beaucoup de succ\u00e8s aux Jeux panam\u00e9ricains, r\u00e9coltant cinq m\u00e9dailles \u00e0 la derni\u00e8re \u00e9dition \u00e0 Toronto en 2015. L\u2019\u00e9quipe de dressage a d\u00e9croch\u00e9 l\u2019argent, l\u2019\u00e9quipe du concours complet a pris la m\u00e9daille de bronze et l\u2019\u00e9quipe de saut d\u2019obstacles a remport\u00e9 l\u2019or pour la premi\u00e8re fois depuis 1987. Sur le plan individuel, Phoenix et Pavarotti ont \u00e9t\u00e9 m\u00e9daill\u00e9s d\u2019argent au concours complet tandis que Chris von Martels de Ridgetown en Ontario a remport\u00e9 la m\u00e9daille de bronze au dressage.<\/p>\n<\/p>\n<p>\u00ab Une nomination au sein de l\u2019\u00e9quipe nationale pour des grands Jeux repr\u00e9sentent un moment incroyable pour tout athl\u00e8te \u00bb, a d\u00e9clar\u00e9 Jon Garner, directeur sportif \u00e0 C\u00c9. \u00ab Les heures pass\u00e9es \u00e0 peaufiner leur art afin d\u2019arriver \u00e0 ce moment sont incalculables et pour la plupart, ces athl\u00e8tes ont d\u00e9marr\u00e9 leur parcours enfants et sur un poney. Les athl\u00e8tes choisis pour repr\u00e9senter le Canada aux Jeux panam\u00e9ricains de Lima 2019 ont fait tout ce qui leur a \u00e9t\u00e9 demand\u00e9 et plus encore pour atteindre ce niveau. C\u2019est la premi\u00e8re \u00e9tape. \u00bb<\/p>\n<p>\u00ab M\u00eame si l\u2019EEC affiche un tout nouveau visage pour la premi\u00e8re fois depuis longtemps, j\u2019ai la plus grande confiance \u00e0 l\u2019endroit de ce groupe pour r\u00e9aliser la qualification pour les Jeux olympiques de 2020 \u00e0 Tokyo, poursuit Garner. Il faudra une concentration hors pair des athl\u00e8tes et des \u00e9quipes de soutien, mais je n\u2019ai aucun doute qu\u2019ils et elles monteront sur le podium au P\u00e9rou. \u00bb<\/p>\n<\/p>\n<p>Les Jeux panam\u00e9ricains de Lima 2019, r\u00e9uniront environ 6 700 athl\u00e8tes de 41 nations des Am\u00e9riques et comprendra 62 disciplines dans 39 sports. Ce sera le plus grand \u00e9v\u00e9nement sportif jamais organis\u00e9 au P\u00e9rou.<\/p>\n<\/p>\n<p>Voici la liste compl\u00e8te des athl\u00e8tes et entra\u00eeneurs de l\u2019\u00e9quipe \u00e9questre canadienne en nomination pour les Jeux de Lima :<\/p>\n<p>Dressage<\/p>\n<p class=\"\"><b>Athl\u00e8te \/ Localit\u00e9 \/ Cheval \/ Propri\u00e9taire<br \/><\/b><a href=\"http:\/\/events.equestrian.ca\/athlete?id=4025112&amp;lang=fr\" target=\"_blank\" rel=\"noopener\">Jill Irving<\/a> \/ Moncton, N.-B. \/ Degas 12 \/ Jill Irving &amp; Windhaven Farm<br \/><a href=\"http:\/\/events.equestrian.ca\/athlete?id=4051745&amp;lang=fr\" target=\"_blank\" rel=\"noopener\">Tina Irwin<\/a> \/ Stouffville, Ont. \/ Laurencio \/ Tina &amp; Jaimey Irwin<br \/><a href=\"http:\/\/events.equestrian.ca\/athlete?id=4086054&amp;lang=fr\" target=\"_blank\" rel=\"noopener\">Lindsay Kellock<\/a> \/ Toronto, Ont. \/ Floratina \/ Chloe Gasiorowski<br \/><a href=\"http:\/\/events.equestrian.ca\/athlete?id=4099386&amp;lang=fr\" target=\"_blank\" rel=\"noopener\">Naima Moreira Lalibert\u00e9<\/a> \/ Outremont, Qc \/ Statesman \/ KML S.\u00e0.r.l.<br \/><b>R\u00e9serviste:<\/b> <a href=\"http:\/\/events.equestrian.ca\/athlete?id=4076131&amp;lang=fr\" target=\"_blank\" rel=\"noopener\">Megan Lane<\/a> \/ Loretto, Ont. \/ Zodiac MW \/ Deer Ridge Equestrian<br \/><b>R\u00e9serviste:<\/b> <a href=\"http:\/\/events.equestrian.ca\/athlete?id=4044220&amp;lang=fr\" target=\"_blank\" rel=\"noopener\">Belinda Trussell<\/a> \/ Stouffville, Ont. \/ Carlucci \/ Barbara Holden Sinclair<\/p>\n<p>Concours complet&nbsp;<\/p>\n<p><b>Athl\u00e8te \/ Localit\u00e9 \/ Cheval \/ Propri\u00e9taire<br \/><\/b><a href=\"http:\/\/events.equestrian.ca\/athlete?id=4081507&amp;lang=fr\" target=\"_blank\" rel=\"noopener\">Dana Cooke<\/a> \/ Merritt, C.-B. \/ Mississippi \/ FE Mississippi Syndicate LLC<br \/><a href=\"http:\/\/events.equestrian.ca\/athlete?id=4072588&amp;lang=fr\" target=\"_blank\" rel=\"noopener\">Colleen Loach<\/a> \/ Dunham, Qc \/ FE Golden Eye \/ Amanda Bernhard &amp; Colleen Loach<br \/><a href=\"http:\/\/events.equestrian.ca\/athlete?id=4060777&amp;lang=fr\" target=\"_blank\" rel=\"noopener\">Jessica Phoenix<\/a> \/ Cannington, Ont. \/ Pavarotti \/ Jessica Phoenix<br \/><a href=\"http:\/\/events.equestrian.ca\/athlete?id=4076612&amp;lang=fr\" target=\"_blank\" rel=\"noopener\">Karl Slezak<\/a> \/ Tottenham, Ont. \/ Fernhill Wishes \/ Kirk Hoppner &amp; Karl Slezak<br \/><b>R\u00e9serviste: <\/b><a href=\"http:\/\/events.equestrian.ca\/athlete?id=4017179&amp;lang=fr\" target=\"_blank\" rel=\"noopener\">Waylon Roberts<\/a> \/ Port Perry, Ont. \/ Lancaster \/ Michelle &amp; John Koppin<br \/><b>R\u00e9serviste:<\/b> <a href=\"http:\/\/events.equestrian.ca\/athlete?id=4048706&amp;lang=fr\" target=\"_blank\" rel=\"noopener\">Hawley Bennett-Awad<\/a> \/ Aldergrove, C.-B. \/ Jollybo \/ Hawley Bennett-Awad &amp; Jollybo Syndicate LLC<br \/><b>R\u00e9serviste:<\/b> <a href=\"http:\/\/events.equestrian.ca\/athlete?id=4082775&amp;lang=fr\" target=\"_blank\" rel=\"noopener\">Holly Jacks-Smither<\/a> \/ Hillsburgh, Ont. \/ Candy King \/ Holly Jacks-Smither<br \/><b>R\u00e9serviste: <\/b><a href=\"http:\/\/events.equestrian.ca\/athlete?id=4048716&amp;lang=fr\" target=\"_blank\" rel=\"noopener\">Lesley Grant-Law<\/a> \/ Toronto, Ont. \/ Lady Chatterley \/ Lesley Grant-Law, Jackie Brown &amp; Steve Brown<\/p>\n<p>Saut d\u2019obstacles<\/p>\n<p><b>Athl\u00e8te \/ Localit\u00e9 \/ Cheval \/ Propri\u00e9taire<br \/><\/b><a href=\"http:\/\/events.equestrian.ca\/athlete?id=4044753&amp;lang=fr\" target=\"_blank\" rel=\"noopener\">Erynn Ballard<\/a> \/ Tottenham, Ont. \/ Fellini S \/ Ilan Ferder<br \/><a href=\"http:\/\/events.equestrian.ca\/athlete?id=4014096&amp;lang=fr\" target=\"_blank\" rel=\"noopener\">Lisa Carlsen<\/a> \/ Okotoks, Alb. \/ Parette \/ Lisa Carlsen<br \/><a href=\"http:\/\/events.equestrian.ca\/athlete?id=4008666&amp;lang=fr\" target=\"_blank\" rel=\"noopener\">Mario Deslauriers<\/a> \/ Bromont, Qc \/ Bardolina 2 \/ Wishing Well Farm LLC<br \/><a href=\"http:\/\/events.equestrian.ca\/athlete?id=4008666&amp;lang=fr\" target=\"_blank\" rel=\"noopener\">Mario Deslauriers<\/a> \/ Bromont, Qc \/ Amsterdam 27 \/ LUJA LLC &amp; Wishing Well Farm LLC<br \/><a href=\"http:\/\/events.equestrian.ca\/athlete?id=4086947&amp;lang=fr\" target=\"_blank\" rel=\"noopener\">Nicole Walker<\/a> \/ Aurora, Ont. \/ Falco van Spieveld \/ Nicole Walker<br \/><b>R\u00e9serviste:<\/b> <a href=\"http:\/\/events.equestrian.ca\/athlete?id=4033509&amp;lang=fr\" target=\"_blank\" rel=\"noopener\">Beth Underhill<\/a> \/ Schomberg, Ont. \/ Count Me In \/ Sandy Lupton<\/p>\n<p>Chefs d\u2019\u00c9quipe<\/p>\n<p><b>Discipline \/ Nom \/&nbsp;Localit\u00e9&nbsp;<\/b><br \/>Dressage \/ Christine Peters \/ Ottawa, Ont.<br \/>Concours complet \/ Rob Stevenson \/ Lakeside,&nbsp;N.-B.<br \/>Saut d&rsquo;obstacles \/ Mark Laskin \/ Langley, C.-B.<\/p>\n<p>Avant qu&rsquo;un(e) athl\u00e8te soit officiellement nomm\u00e9(e) au sein d&rsquo;\u00c9quipe Canada, toutes les candidatures doivent \u00eatre approuv\u00e9es par le comit\u00e9 de s\u00e9lection du COC, et ce, une fois que toutes les f\u00e9d\u00e9rations sportives nationales ont soumis leurs nominations \u00e0 la fin juin 2019.<\/p>\n<p>CE est soutenu dans sa qu\u00eate de l&rsquo;excellence par <a href=\"https:\/\/www.canada.ca\/fr\/services\/culture\/sport.html\" target=\"_blank\" rel=\"noopener\">Sport Canada<\/a> et son partenaire en haute performance, <a href=\"http:\/\/www.anouslepodium.org\/\" target=\"_blank\" rel=\"noopener\">\u00c0 nous le podium<\/a>.<\/p>\n<p style=\"text-align: center;\">&#8211; 30 &#8211;<\/p>\n<p><img src='\/wp-content\/uploads\/cdn\/storage\/images_v2\/Nicole-Walker-&#038;-Falco-van-Spieveld-by-Cealy-Tetley.jpg' alt='Canadian Equestrian Team Nominated for Lima 2019 Pan American Games' \/><\/p>\n<p><b>PHOTO <\/b>\u2013 L\u2019\u00c9quipe \u00e9questre canadienne des Jeux panam\u00e9ricains Lima 2019 sera constitu\u00e9e de 12 athl\u00e8tes, dont Nicole Walker (Aurora, Ont.), qui aspire \u00e0 repr\u00e9senter le Canada aux Jeux olympiques Tokyo 2020.<\/p>\n<p><b>SOURCE <\/b>&#8211; \u00a9 Cealy Tetley &#8211; <a href=\"http:\/\/www.tetleyphoto.com\/\" target=\"_blank\" rel=\"noopener\">www.tetleyphoto.com<\/a><\/p>\n<p>CONTACTS POUR LES M\u00c9DIAS :<\/p>\n<p>Jessie Christie, gestionnaire principale, marketing et communications<br \/>Canada \u00c9questre<br \/>Cell. : 613-619-9049<br \/>Courriel : <a href=\"mailto:jchristie@equestrian.ca\" target=\"_blank\" rel=\"noopener\">jchristie@equestrian.ca<\/a><\/p>\n<\/p>\n<p>Josh Su, sp\u00e9cialiste des relations publiques<br \/>Comit\u00e9 olympique canadien<br \/>Cell. : 647-464-4060<br \/>Courriel : <a href=\"mailto:jsu@olympique.ca\" target=\"_blank\" rel=\"noopener\">jsu@olympique.ca<\/a>&nbsp;<\/p>\n<p><img src='\/wp-content\/uploads\/cdn\/storage\/images_v2\/1909LIMA_Sponsors_v01.jpg' alt='Canadian Equestrian Team Nominated for Lima 2019 Pan American Games' \/><\/p>\n","protected":false},"excerpt":{"rendered":"<p>Ottawa (Ontario), le 19 juin 2019. \u2013 Canada \u00c9questre (C\u00c9) et le Comit\u00e9 olympique canadien ont d\u00e9voil\u00e9 l\u2019identit\u00e9 des 12 athl\u00e8tes nomm\u00e9s pour participer \u00e0 la comp\u00e9tition dans les trois disciplines du sport \u00e9questre au programme des Jeux panam\u00e9ricains de Lima 2019, du 26 juillet au 11 ao\u00fbt au P\u00e9rou. Le Canada enverra trois \u00e9quipes [&hellip;]<\/p>\n","protected":false},"author":3,"featured_media":3893,"comment_status":"open","ping_status":"open","sticky":false,"template":"","format":"standard","meta":{"_acf_changed":false,"footnotes":""},"categories":[241],"tags":[],"class_list":["post-25926","post","type-post","status-publish","format-standard","has-post-thumbnail","hentry","category-anciens-articles"],"acf":[],"yoast_head":"<!-- This site is optimized with the Yoast SEO plugin v27.0 - https:\/\/yoast.com\/product\/yoast-seo-wordpress\/ -->\n<title>Nomination de l\u2019\u00e9quipe \u00e9questre du Canada pour les Jeux de Lima 2019 - Equestrian Canada<\/title>\n<meta name=\"robots\" content=\"index, follow, max-snippet:-1, max-image-preview:large, max-video-preview:-1\" \/>\n<link rel=\"canonical\" href=\"https:\/\/equestrian.ca\/fr\/anciens-articles\/nomination-de-lequipe-equestre-du-canada-pour-les-jeux-de-lima-2019\/\" \/>\n<meta property=\"og:locale\" content=\"fr_CA\" \/>\n<meta property=\"og:type\" content=\"article\" \/>\n<meta property=\"og:title\" content=\"Nomination de l\u2019\u00e9quipe \u00e9questre du Canada pour les Jeux de Lima 2019 - Equestrian Canada\" \/>\n<meta property=\"og:description\" content=\"Ottawa (Ontario), le 19 juin 2019. \u2013 Canada \u00c9questre (C\u00c9) et le Comit\u00e9 olympique canadien ont d\u00e9voil\u00e9 l\u2019identit\u00e9 des 12 athl\u00e8tes nomm\u00e9s pour participer \u00e0 la comp\u00e9tition dans les trois disciplines du sport \u00e9questre au programme des Jeux panam\u00e9ricains de Lima 2019, du 26 juillet au 11 ao\u00fbt au P\u00e9rou. Le Canada enverra trois \u00e9quipes [&hellip;]\" \/>\n<meta property=\"og:url\" content=\"https:\/\/equestrian.ca\/fr\/anciens-articles\/nomination-de-lequipe-equestre-du-canada-pour-les-jeux-de-lima-2019\/\" \/>\n<meta property=\"og:site_name\" content=\"Equestrian Canada\" \/>\n<meta property=\"article:published_time\" content=\"2019-06-19T00:00:00+00:00\" \/>\n<meta property=\"og:image\" content=\"https:\/\/equestrian.ca\/wp-content\/uploads\/2023\/09\/Nicole-Walker-Falco-van-Spieveld-by-Cealy-Tetley.jpg\" \/>\n\t<meta property=\"og:image:width\" content=\"800\" \/>\n\t<meta property=\"og:image:height\" content=\"450\" \/>\n\t<meta property=\"og:image:type\" content=\"image\/jpeg\" \/>\n<meta name=\"author\" content=\"Berry\" \/>\n<meta name=\"twitter:card\" content=\"summary_large_image\" \/>\n<meta name=\"twitter:label1\" content=\"\u00c9crit par\" \/>\n\t<meta name=\"twitter:data1\" content=\"Berry\" \/>\n\t<meta name=\"twitter:label2\" content=\"Estimation du temps de lecture\" \/>\n\t<meta name=\"twitter:data2\" content=\"8 minutes\" \/>\n<script type=\"application\/ld+json\" class=\"yoast-schema-graph\">{\"@context\":\"https:\/\/schema.org\",\"@graph\":[{\"@type\":\"Article\",\"@id\":\"https:\/\/equestrian.ca\/fr\/anciens-articles\/nomination-de-lequipe-equestre-du-canada-pour-les-jeux-de-lima-2019\/#article\",\"isPartOf\":{\"@id\":\"https:\/\/equestrian.ca\/fr\/anciens-articles\/nomination-de-lequipe-equestre-du-canada-pour-les-jeux-de-lima-2019\/\"},\"author\":{\"name\":\"Berry\",\"@id\":\"https:\/\/equestrian.ca\/fr\/#\/schema\/person\/9abd3ba4d1027626b07355668e4ee3ad\"},\"headline\":\"Nomination de l\u2019\u00e9quipe \u00e9questre du Canada pour les Jeux de Lima 2019\",\"datePublished\":\"2019-06-19T00:00:00+00:00\",\"mainEntityOfPage\":{\"@id\":\"https:\/\/equestrian.ca\/fr\/anciens-articles\/nomination-de-lequipe-equestre-du-canada-pour-les-jeux-de-lima-2019\/\"},\"wordCount\":1573,\"commentCount\":0,\"image\":{\"@id\":\"https:\/\/equestrian.ca\/fr\/anciens-articles\/nomination-de-lequipe-equestre-du-canada-pour-les-jeux-de-lima-2019\/#primaryimage\"},\"thumbnailUrl\":\"https:\/\/equestrian.ca\/wp-content\/uploads\/2023\/09\/Nicole-Walker-Falco-van-Spieveld-by-Cealy-Tetley.jpg\",\"articleSection\":[\"Anciens articles\"],\"inLanguage\":\"fr-CA\",\"potentialAction\":[{\"@type\":\"CommentAction\",\"name\":\"Comment\",\"target\":[\"https:\/\/equestrian.ca\/fr\/anciens-articles\/nomination-de-lequipe-equestre-du-canada-pour-les-jeux-de-lima-2019\/#respond\"]}]},{\"@type\":\"WebPage\",\"@id\":\"https:\/\/equestrian.ca\/fr\/anciens-articles\/nomination-de-lequipe-equestre-du-canada-pour-les-jeux-de-lima-2019\/\",\"url\":\"https:\/\/equestrian.ca\/fr\/anciens-articles\/nomination-de-lequipe-equestre-du-canada-pour-les-jeux-de-lima-2019\/\",\"name\":\"Nomination de l\u2019\u00e9quipe \u00e9questre du Canada pour les Jeux de Lima 2019 - Equestrian Canada\",\"isPartOf\":{\"@id\":\"https:\/\/equestrian.ca\/fr\/#website\"},\"primaryImageOfPage\":{\"@id\":\"https:\/\/equestrian.ca\/fr\/anciens-articles\/nomination-de-lequipe-equestre-du-canada-pour-les-jeux-de-lima-2019\/#primaryimage\"},\"image\":{\"@id\":\"https:\/\/equestrian.ca\/fr\/anciens-articles\/nomination-de-lequipe-equestre-du-canada-pour-les-jeux-de-lima-2019\/#primaryimage\"},\"thumbnailUrl\":\"https:\/\/equestrian.ca\/wp-content\/uploads\/2023\/09\/Nicole-Walker-Falco-van-Spieveld-by-Cealy-Tetley.jpg\",\"datePublished\":\"2019-06-19T00:00:00+00:00\",\"author\":{\"@id\":\"https:\/\/equestrian.ca\/fr\/#\/schema\/person\/9abd3ba4d1027626b07355668e4ee3ad\"},\"breadcrumb\":{\"@id\":\"https:\/\/equestrian.ca\/fr\/anciens-articles\/nomination-de-lequipe-equestre-du-canada-pour-les-jeux-de-lima-2019\/#breadcrumb\"},\"inLanguage\":\"fr-CA\",\"potentialAction\":[{\"@type\":\"ReadAction\",\"target\":[\"https:\/\/equestrian.ca\/fr\/anciens-articles\/nomination-de-lequipe-equestre-du-canada-pour-les-jeux-de-lima-2019\/\"]}]},{\"@type\":\"ImageObject\",\"inLanguage\":\"fr-CA\",\"@id\":\"https:\/\/equestrian.ca\/fr\/anciens-articles\/nomination-de-lequipe-equestre-du-canada-pour-les-jeux-de-lima-2019\/#primaryimage\",\"url\":\"https:\/\/equestrian.ca\/wp-content\/uploads\/2023\/09\/Nicole-Walker-Falco-van-Spieveld-by-Cealy-Tetley.jpg\",\"contentUrl\":\"https:\/\/equestrian.ca\/wp-content\/uploads\/2023\/09\/Nicole-Walker-Falco-van-Spieveld-by-Cealy-Tetley.jpg\",\"width\":800,\"height\":450},{\"@type\":\"BreadcrumbList\",\"@id\":\"https:\/\/equestrian.ca\/fr\/anciens-articles\/nomination-de-lequipe-equestre-du-canada-pour-les-jeux-de-lima-2019\/#breadcrumb\",\"itemListElement\":[{\"@type\":\"ListItem\",\"position\":1,\"name\":\"Home\",\"item\":\"https:\/\/equestrian.ca\/fr\/\"},{\"@type\":\"ListItem\",\"position\":2,\"name\":\"Nomination de l\u2019\u00e9quipe \u00e9questre du Canada pour les Jeux de Lima 2019\"}]},{\"@type\":\"WebSite\",\"@id\":\"https:\/\/equestrian.ca\/fr\/#website\",\"url\":\"https:\/\/equestrian.ca\/fr\/\",\"name\":\"Equestrian Canada\",\"description\":\"For the love of horses and sport for life.\",\"potentialAction\":[{\"@type\":\"SearchAction\",\"target\":{\"@type\":\"EntryPoint\",\"urlTemplate\":\"https:\/\/equestrian.ca\/fr\/?s={search_term_string}\"},\"query-input\":{\"@type\":\"PropertyValueSpecification\",\"valueRequired\":true,\"valueName\":\"search_term_string\"}}],\"inLanguage\":\"fr-CA\"},{\"@type\":\"Person\",\"@id\":\"https:\/\/equestrian.ca\/fr\/#\/schema\/person\/9abd3ba4d1027626b07355668e4ee3ad\",\"name\":\"Berry\",\"image\":{\"@type\":\"ImageObject\",\"inLanguage\":\"fr-CA\",\"@id\":\"https:\/\/equestrian.ca\/fr\/#\/schema\/person\/image\/\",\"url\":\"https:\/\/secure.gravatar.com\/avatar\/882da3b67056b0c608086d3c77de46948b64244a4c249e81e0bf04a8095ce320?s=96&d=mm&r=g\",\"contentUrl\":\"https:\/\/secure.gravatar.com\/avatar\/882da3b67056b0c608086d3c77de46948b64244a4c249e81e0bf04a8095ce320?s=96&d=mm&r=g\",\"caption\":\"Berry\"},\"url\":\"https:\/\/equestrian.ca\/fr\/author\/mberry\/\"}]}<\/script>\n<!-- \/ Yoast SEO plugin. -->","yoast_head_json":{"title":"Nomination de l\u2019\u00e9quipe \u00e9questre du Canada pour les Jeux de Lima 2019 - Equestrian Canada","robots":{"index":"index","follow":"follow","max-snippet":"max-snippet:-1","max-image-preview":"max-image-preview:large","max-video-preview":"max-video-preview:-1"},"canonical":"https:\/\/equestrian.ca\/fr\/anciens-articles\/nomination-de-lequipe-equestre-du-canada-pour-les-jeux-de-lima-2019\/","og_locale":"fr_CA","og_type":"article","og_title":"Nomination de l\u2019\u00e9quipe \u00e9questre du Canada pour les Jeux de Lima 2019 - Equestrian Canada","og_description":"Ottawa (Ontario), le 19 juin 2019. \u2013 Canada \u00c9questre (C\u00c9) et le Comit\u00e9 olympique canadien ont d\u00e9voil\u00e9 l\u2019identit\u00e9 des 12 athl\u00e8tes nomm\u00e9s pour participer \u00e0 la comp\u00e9tition dans les trois disciplines du sport \u00e9questre au programme des Jeux panam\u00e9ricains de Lima 2019, du 26 juillet au 11 ao\u00fbt au P\u00e9rou. Le Canada enverra trois \u00e9quipes [&hellip;]","og_url":"https:\/\/equestrian.ca\/fr\/anciens-articles\/nomination-de-lequipe-equestre-du-canada-pour-les-jeux-de-lima-2019\/","og_site_name":"Equestrian Canada","article_published_time":"2019-06-19T00:00:00+00:00","og_image":[{"width":800,"height":450,"url":"https:\/\/equestrian.ca\/wp-content\/uploads\/2023\/09\/Nicole-Walker-Falco-van-Spieveld-by-Cealy-Tetley.jpg","type":"image\/jpeg"}],"author":"Berry","twitter_card":"summary_large_image","twitter_misc":{"\u00c9crit par":"Berry","Estimation du temps de lecture":"8 minutes"},"schema":{"@context":"https:\/\/schema.org","@graph":[{"@type":"Article","@id":"https:\/\/equestrian.ca\/fr\/anciens-articles\/nomination-de-lequipe-equestre-du-canada-pour-les-jeux-de-lima-2019\/#article","isPartOf":{"@id":"https:\/\/equestrian.ca\/fr\/anciens-articles\/nomination-de-lequipe-equestre-du-canada-pour-les-jeux-de-lima-2019\/"},"author":{"name":"Berry","@id":"https:\/\/equestrian.ca\/fr\/#\/schema\/person\/9abd3ba4d1027626b07355668e4ee3ad"},"headline":"Nomination de l\u2019\u00e9quipe \u00e9questre du Canada pour les Jeux de Lima 2019","datePublished":"2019-06-19T00:00:00+00:00","mainEntityOfPage":{"@id":"https:\/\/equestrian.ca\/fr\/anciens-articles\/nomination-de-lequipe-equestre-du-canada-pour-les-jeux-de-lima-2019\/"},"wordCount":1573,"commentCount":0,"image":{"@id":"https:\/\/equestrian.ca\/fr\/anciens-articles\/nomination-de-lequipe-equestre-du-canada-pour-les-jeux-de-lima-2019\/#primaryimage"},"thumbnailUrl":"https:\/\/equestrian.ca\/wp-content\/uploads\/2023\/09\/Nicole-Walker-Falco-van-Spieveld-by-Cealy-Tetley.jpg","articleSection":["Anciens articles"],"inLanguage":"fr-CA","potentialAction":[{"@type":"CommentAction","name":"Comment","target":["https:\/\/equestrian.ca\/fr\/anciens-articles\/nomination-de-lequipe-equestre-du-canada-pour-les-jeux-de-lima-2019\/#respond"]}]},{"@type":"WebPage","@id":"https:\/\/equestrian.ca\/fr\/anciens-articles\/nomination-de-lequipe-equestre-du-canada-pour-les-jeux-de-lima-2019\/","url":"https:\/\/equestrian.ca\/fr\/anciens-articles\/nomination-de-lequipe-equestre-du-canada-pour-les-jeux-de-lima-2019\/","name":"Nomination de l\u2019\u00e9quipe \u00e9questre du Canada pour les Jeux de Lima 2019 - Equestrian Canada","isPartOf":{"@id":"https:\/\/equestrian.ca\/fr\/#website"},"primaryImageOfPage":{"@id":"https:\/\/equestrian.ca\/fr\/anciens-articles\/nomination-de-lequipe-equestre-du-canada-pour-les-jeux-de-lima-2019\/#primaryimage"},"image":{"@id":"https:\/\/equestrian.ca\/fr\/anciens-articles\/nomination-de-lequipe-equestre-du-canada-pour-les-jeux-de-lima-2019\/#primaryimage"},"thumbnailUrl":"https:\/\/equestrian.ca\/wp-content\/uploads\/2023\/09\/Nicole-Walker-Falco-van-Spieveld-by-Cealy-Tetley.jpg","datePublished":"2019-06-19T00:00:00+00:00","author":{"@id":"https:\/\/equestrian.ca\/fr\/#\/schema\/person\/9abd3ba4d1027626b07355668e4ee3ad"},"breadcrumb":{"@id":"https:\/\/equestrian.ca\/fr\/anciens-articles\/nomination-de-lequipe-equestre-du-canada-pour-les-jeux-de-lima-2019\/#breadcrumb"},"inLanguage":"fr-CA","potentialAction":[{"@type":"ReadAction","target":["https:\/\/equestrian.ca\/fr\/anciens-articles\/nomination-de-lequipe-equestre-du-canada-pour-les-jeux-de-lima-2019\/"]}]},{"@type":"ImageObject","inLanguage":"fr-CA","@id":"https:\/\/equestrian.ca\/fr\/anciens-articles\/nomination-de-lequipe-equestre-du-canada-pour-les-jeux-de-lima-2019\/#primaryimage","url":"https:\/\/equestrian.ca\/wp-content\/uploads\/2023\/09\/Nicole-Walker-Falco-van-Spieveld-by-Cealy-Tetley.jpg","contentUrl":"https:\/\/equestrian.ca\/wp-content\/uploads\/2023\/09\/Nicole-Walker-Falco-van-Spieveld-by-Cealy-Tetley.jpg","width":800,"height":450},{"@type":"BreadcrumbList","@id":"https:\/\/equestrian.ca\/fr\/anciens-articles\/nomination-de-lequipe-equestre-du-canada-pour-les-jeux-de-lima-2019\/#breadcrumb","itemListElement":[{"@type":"ListItem","position":1,"name":"Home","item":"https:\/\/equestrian.ca\/fr\/"},{"@type":"ListItem","position":2,"name":"Nomination de l\u2019\u00e9quipe \u00e9questre du Canada pour les Jeux de Lima 2019"}]},{"@type":"WebSite","@id":"https:\/\/equestrian.ca\/fr\/#website","url":"https:\/\/equestrian.ca\/fr\/","name":"Equestrian Canada","description":"For the love of horses and sport for life.","potentialAction":[{"@type":"SearchAction","target":{"@type":"EntryPoint","urlTemplate":"https:\/\/equestrian.ca\/fr\/?s={search_term_string}"},"query-input":{"@type":"PropertyValueSpecification","valueRequired":true,"valueName":"search_term_string"}}],"inLanguage":"fr-CA"},{"@type":"Person","@id":"https:\/\/equestrian.ca\/fr\/#\/schema\/person\/9abd3ba4d1027626b07355668e4ee3ad","name":"Berry","image":{"@type":"ImageObject","inLanguage":"fr-CA","@id":"https:\/\/equestrian.ca\/fr\/#\/schema\/person\/image\/","url":"https:\/\/secure.gravatar.com\/avatar\/882da3b67056b0c608086d3c77de46948b64244a4c249e81e0bf04a8095ce320?s=96&d=mm&r=g","contentUrl":"https:\/\/secure.gravatar.com\/avatar\/882da3b67056b0c608086d3c77de46948b64244a4c249e81e0bf04a8095ce320?s=96&d=mm&r=g","caption":"Berry"},"url":"https:\/\/equestrian.ca\/fr\/author\/mberry\/"}]}},"_links":{"self":[{"href":"https:\/\/equestrian.ca\/fr\/wp-json\/wp\/v2\/posts\/25926","targetHints":{"allow":["GET"]}}],"collection":[{"href":"https:\/\/equestrian.ca\/fr\/wp-json\/wp\/v2\/posts"}],"about":[{"href":"https:\/\/equestrian.ca\/fr\/wp-json\/wp\/v2\/types\/post"}],"author":[{"embeddable":true,"href":"https:\/\/equestrian.ca\/fr\/wp-json\/wp\/v2\/users\/3"}],"replies":[{"embeddable":true,"href":"https:\/\/equestrian.ca\/fr\/wp-json\/wp\/v2\/comments?post=25926"}],"version-history":[{"count":0,"href":"https:\/\/equestrian.ca\/fr\/wp-json\/wp\/v2\/posts\/25926\/revisions"}],"wp:featuredmedia":[{"embeddable":true,"href":"https:\/\/equestrian.ca\/fr\/wp-json\/wp\/v2\/media\/3893"}],"wp:attachment":[{"href":"https:\/\/equestrian.ca\/fr\/wp-json\/wp\/v2\/media?parent=25926"}],"wp:term":[{"taxonomy":"category","embeddable":true,"href":"https:\/\/equestrian.ca\/fr\/wp-json\/wp\/v2\/categories?post=25926"},{"taxonomy":"post_tag","embeddable":true,"href":"https:\/\/equestrian.ca\/fr\/wp-json\/wp\/v2\/tags?post=25926"}],"curies":[{"name":"wp","href":"https:\/\/api.w.org\/{rel}","templated":true}]}}