{"id":25904,"date":"2019-04-18T00:00:00","date_gmt":"2019-04-18T00:00:00","guid":{"rendered":"https:\/\/equestrian.ca\/news\/on-fete-tous-ensemble-inscrivez-vos-activites-de-la-journee-du-cheval-des-aujourdhui\/"},"modified":"2019-04-18T00:00:00","modified_gmt":"2019-04-18T00:00:00","slug":"on-fete-tous-ensemble-inscrivez-vos-activites-de-la-journee-du-cheval-des-aujourdhui","status":"publish","type":"post","link":"https:\/\/equestrian.ca\/fr\/anciens-articles\/on-fete-tous-ensemble-inscrivez-vos-activites-de-la-journee-du-cheval-des-aujourdhui\/","title":{"rendered":"On f\u00eate tous ensemble ? Inscrivez vos activit\u00e9s de la Journ\u00e9e du cheval d\u00e8s aujourd\u2019hui !"},"content":{"rendered":"<\/p>\n<\/p>\n<\/p>\n<\/p>\n<ul><\/ul>\n<p><a href=\"https:\/\/licence.equestrian.ca\/hdevents\/?lang=fr&amp;utm_source=Cyberimpact&amp;utm_medium=email&amp;utm_campaign=Horse-Day\" class=\"o-button js-wow u-fadeInUpBig\" data-wow-delay=\"0.3s\" style=\"visibility: visible; animation-delay: 0.3s; display: block; margin: 15px auto; width: 50%; animation-name: fadeInUpBig;\">Organisez une activit\u00e9 pour la Journ\u00e9e du cheval de 2019<\/a><\/p>\n<\/p>\n<\/p>\n<\/p>\n<\/p>\n<p>Dans tous les coins du pays, des activit\u00e9s et des c\u00e9l\u00e9brations se tiendront le 1er juin pour permettre aux Canadiens de tous les \u00e2ges et de tous les horizons de d\u00e9couvrir cet animal mythique et explorer le monde \u00e9questre.<\/p>\n<p>Ne ratez pas l\u2019occasion de faire une grande place \u00e0 la Journ\u00e9e du cheval dans vos activit\u00e9s printani\u00e8res. Il y a une foule de moyens de prendre part aux c\u00e9l\u00e9brations :<\/p>\n<h2>Organisez une activit\u00e9 pour la Journ\u00e9e du cheval de 2019<\/h2>\n<p>Vous aimeriez organiser une activit\u00e9 ? <a href=\"https:\/\/app.cyberimpact.com\/click-tracking?ct=gq7hWmWCUi9dCatD4avr9WzwcMYYWsAXmAEaJ84IiYxhggWctqX_Oj8zGEz0HBrsycoJZtxI1XdUDIxJhFFk_yAiU9Vj1igr_YZvxZtGXPnvv0XOQV0gOjTOFnn-CR3g\" target=\"_blank\" rel=\"noopener\">Inscrivez-la<\/a> avant le 20 mai pour recevoir une pochette remplie d\u2019articles \u00e0 distribuer (tatouages temporaires, petites affiches etc.),  documents num\u00e9riques et affiches personnalisables pour promouvoir votre activit\u00e9.&nbsp;<\/p>\n<p>Veuille prendre note que les activit\u00e9s doivent se d\u00e9rouler le 1er juin 2019 pour \u00eatre inscrits comme activit\u00e9 officielle de la Journ\u00e9e du cheval 2019.<\/p>\n<p>Trouvez une activit\u00e9<\/p>\n<p>Trouvez une activit\u00e9 de la Journ\u00e9e du cheval <a href=\"https:\/\/app.cyberimpact.com\/click-tracking?ct=k7Q4MdsuJ-i-wN501s832pLVLLbgOtPNWTkReJwehQvqfaUKLBBUq-q4qJnyv1pAmQS49B8mgTPP_n7Y2T7YEEDreaxjORzt7NwHPL4Z1lFQj6HCOoeq10l_ncebD4fx\" target=\"_blank\" rel=\"noopener\">pr\u00e8s de chez vous<\/a> en cliquant ici. Visitez souvent cette page car d\u2019autres activit\u00e9s s\u2019ajoutent r\u00e9guli\u00e8rement !<\/p>\n<p>Pour obtenir de plus amples informations sur les activit\u00e9s qui se d\u00e9roulent dans votre r\u00e9gion, communiquez avec votre <a href=\"https:\/\/app.cyberimpact.com\/click-tracking?ct=hGD_lassDQ-_W0DpvDhMsmkRCKOBzO3c_2lZ3QmjvSa7hiMXESpE1nDG4x2KU-_hTLyzDQuPYHEFyeQjrpRrcuQSztDDoRmvbLbfQp25QUr3bX8Jf6SfujEOvIJdhaBS\" target=\"_blank\" rel=\"noopener\">Organisme Provincial\/Territorial de Sport (OPTS)<\/a>.<\/p>\n<p>Concours national de dessin<\/p>\n<p>Incitez les jeunes de 3 \u00e0 16 ans \u00e0 participer au <a href=\"https:\/\/app.cyberimpact.com\/click-tracking?ct=N25HXMDT8WAfsM5hhMymscZQA0NvqDo9PyDdQShU4a3NY0zEUkOOIPi_tAVUJE4pRNoqf54lSvuk5yR34_F1LRmzFBvEW0g-cnBJnhKEXe57SJBZ4Ohj1uKHIkGxdf8e\" target=\"_blank\" rel=\"noopener\">Concours national de dessin de la Journ\u00e9e du cheval de 2019<\/a>. Les gagnants de 3 \u00e0 12 ans remporteront un emballage cadeau comprenant un n\u00e9cessaire de pansage et des g\u00e2teries pour chevaux d\u2019une valeur de 50 dollars. Les gagnants de 13 \u00e0 16 ans auront droit \u00e0 une inscription gratuite au cours en ligne <a href=\"https:\/\/app.cyberimpact.com\/click-tracking?ct=KDLoezkWM__ywiAWlfgJMppCKPAs9lz-frZQJKHSz50Ub-7012668T4tk4UskxCHQvSIVSn6ucKhwyXWHkz36S8ovTl4eDnDQRlCr93olEsuNekBsInAP8Gnqi0OU_H_\" target=\"_blank\" rel=\"noopener\">Horse Behaviour and Safety de l\u2019Universit\u00e9 de Guelph<\/a> (en anglais).<\/p>\n<p>Concours de photo<\/p>\n<p>Apportez votre appareil photo, prenez des clich\u00e9s des activit\u00e9s de la Journ\u00e9e du cheval et courez la chance de gagner l\u2019un des cinq prix \u00e9questres comprenant un certificat cadeau des boutiques \u00e9questres Greenhawk d\u2019une valeur de 150 dollars et des articles de marque  Canada \u00c9questre. Pour participer au concours de photo, publiez simplement vos photos de l\u2019\u00e9v\u00e9nement sur Facebook, Twitter ou Instagram, le 1er juin 2019, en utilisant le mot-clic #Journ\u00e9educheval2019. <\/p>\n<p>Pour plus de renseignements au sujet de la Journ\u00e9e du cheval 2019, rendez-vous \u00e0 <a href=\"https:\/\/www.equestrian.ca\/evenements-resultats\/journee-cheval#\" target=\"_blank\" rel=\"noopener\">canadaequestre.ca\/evenements-resultats\/journee-cheval<\/a> ou communiquez avec Jessie Christie, gestionnaire principale, Marketing et communications de CE, par courriel \u00e0 <a href=\"mailto:jchristie@equestrian.ca\" target=\"_blank\" rel=\"noopener\">jchristie@equestrian.ca<\/a> ou par t\u00e9l\u00e9phone au 1 866 282-8395 p. 133.<\/p>\n<\/p>\n<\/p>\n<p><center>&#8211; 30 &#8211;<\/p>\n<p><\/center>\u00c0 propos de la Journ\u00e9e du cheval<\/p>\n<p>Chaque ann\u00e9e au Canada, le premier samedi de juin est consacr\u00e9 \u00e0 la Journ\u00e9e du cheval. Ensemble, Canada \u00c9questre et les associations \u00e9questres provinciales et territoriales invitent tous les Canadiens \u00e0 profiter de ce moment unique pour honorer, d\u00e9couvrir et explorer le monde \u00e9questre. Il s\u2019agit pour plusieurs du premier contact avec un cheval. La Journ\u00e9e du cheval est aussi l\u2019occasion r\u00eav\u00e9e de rendre hommage aux nombreux apports des chevaux dans l\u2019h\u00e9ritage de notre nation ainsi qu\u2019aux gens de tous les \u00e2ges et de tous les horizons qui c\u00f4toient ces animaux dans leurs sports et leurs loisirs. Pour plus de renseignements au sujet de cette journ\u00e9e, rendez-vous \u00e0 <a href=\"https:\/\/www.equestrian.ca\/evenements-resultats\/journee-cheval#\" target=\"_blank\" rel=\"noopener\">canadaequestre.ca\/evenements-resultats\/journee-cheval<\/a>.&nbsp;<\/p>\n","protected":false},"excerpt":{"rendered":"<p>Organisez une activit\u00e9 pour la Journ\u00e9e du cheval de 2019 Dans tous les coins du pays, des activit\u00e9s et des c\u00e9l\u00e9brations se tiendront le 1er juin pour permettre aux Canadiens de tous les \u00e2ges et de tous les horizons de d\u00e9couvrir cet animal mythique et explorer le monde \u00e9questre. Ne ratez pas l\u2019occasion de faire [&hellip;]<\/p>\n","protected":false},"author":3,"featured_media":3853,"comment_status":"open","ping_status":"open","sticky":false,"template":"","format":"standard","meta":{"_acf_changed":false,"footnotes":""},"categories":[241],"tags":[],"class_list":["post-25904","post","type-post","status-publish","format-standard","has-post-thumbnail","hentry","category-anciens-articles"],"acf":[],"yoast_head":"<!-- This site is optimized with the Yoast SEO plugin v27.0 - https:\/\/yoast.com\/product\/yoast-seo-wordpress\/ -->\n<title>On f\u00eate tous ensemble ? Inscrivez vos activit\u00e9s de la Journ\u00e9e du cheval d\u00e8s aujourd\u2019hui ! - Equestrian Canada<\/title>\n<meta name=\"robots\" content=\"index, follow, max-snippet:-1, max-image-preview:large, max-video-preview:-1\" \/>\n<link rel=\"canonical\" href=\"https:\/\/equestrian.ca\/fr\/anciens-articles\/on-fete-tous-ensemble-inscrivez-vos-activites-de-la-journee-du-cheval-des-aujourdhui\/\" \/>\n<meta property=\"og:locale\" content=\"fr_CA\" \/>\n<meta property=\"og:type\" content=\"article\" \/>\n<meta property=\"og:title\" content=\"On f\u00eate tous ensemble ? Inscrivez vos activit\u00e9s de la Journ\u00e9e du cheval d\u00e8s aujourd\u2019hui ! - Equestrian Canada\" \/>\n<meta property=\"og:description\" content=\"Organisez une activit\u00e9 pour la Journ\u00e9e du cheval de 2019 Dans tous les coins du pays, des activit\u00e9s et des c\u00e9l\u00e9brations se tiendront le 1er juin pour permettre aux Canadiens de tous les \u00e2ges et de tous les horizons de d\u00e9couvrir cet animal mythique et explorer le monde \u00e9questre. Ne ratez pas l\u2019occasion de faire [&hellip;]\" \/>\n<meta property=\"og:url\" content=\"https:\/\/equestrian.ca\/fr\/anciens-articles\/on-fete-tous-ensemble-inscrivez-vos-activites-de-la-journee-du-cheval-des-aujourdhui\/\" \/>\n<meta property=\"og:site_name\" content=\"Equestrian Canada\" \/>\n<meta property=\"article:published_time\" content=\"2019-04-18T00:00:00+00:00\" \/>\n<meta property=\"og:image\" content=\"https:\/\/equestrian.ca\/wp-content\/uploads\/2023\/09\/2019_EC_Horse-Day-EN.png\" \/>\n\t<meta property=\"og:image:width\" content=\"262\" \/>\n\t<meta property=\"og:image:height\" content=\"166\" \/>\n\t<meta property=\"og:image:type\" content=\"image\/png\" \/>\n<meta name=\"author\" content=\"Berry\" \/>\n<meta name=\"twitter:card\" content=\"summary_large_image\" \/>\n<meta name=\"twitter:label1\" content=\"\u00c9crit par\" \/>\n\t<meta name=\"twitter:data1\" content=\"Berry\" \/>\n\t<meta name=\"twitter:label2\" content=\"Estimation du temps de lecture\" \/>\n\t<meta name=\"twitter:data2\" content=\"3 minutes\" \/>\n<script type=\"application\/ld+json\" class=\"yoast-schema-graph\">{\"@context\":\"https:\/\/schema.org\",\"@graph\":[{\"@type\":\"Article\",\"@id\":\"https:\/\/equestrian.ca\/fr\/anciens-articles\/on-fete-tous-ensemble-inscrivez-vos-activites-de-la-journee-du-cheval-des-aujourdhui\/#article\",\"isPartOf\":{\"@id\":\"https:\/\/equestrian.ca\/fr\/anciens-articles\/on-fete-tous-ensemble-inscrivez-vos-activites-de-la-journee-du-cheval-des-aujourdhui\/\"},\"author\":{\"name\":\"Berry\",\"@id\":\"https:\/\/equestrian.ca\/fr\/#\/schema\/person\/9abd3ba4d1027626b07355668e4ee3ad\"},\"headline\":\"On f\u00eate tous ensemble ? Inscrivez vos activit\u00e9s de la Journ\u00e9e du cheval d\u00e8s aujourd\u2019hui !\",\"datePublished\":\"2019-04-18T00:00:00+00:00\",\"mainEntityOfPage\":{\"@id\":\"https:\/\/equestrian.ca\/fr\/anciens-articles\/on-fete-tous-ensemble-inscrivez-vos-activites-de-la-journee-du-cheval-des-aujourdhui\/\"},\"wordCount\":559,\"commentCount\":0,\"image\":{\"@id\":\"https:\/\/equestrian.ca\/fr\/anciens-articles\/on-fete-tous-ensemble-inscrivez-vos-activites-de-la-journee-du-cheval-des-aujourdhui\/#primaryimage\"},\"thumbnailUrl\":\"https:\/\/equestrian.ca\/wp-content\/uploads\/2023\/09\/2019_EC_Horse-Day-EN.png\",\"articleSection\":[\"Anciens articles\"],\"inLanguage\":\"fr-CA\",\"potentialAction\":[{\"@type\":\"CommentAction\",\"name\":\"Comment\",\"target\":[\"https:\/\/equestrian.ca\/fr\/anciens-articles\/on-fete-tous-ensemble-inscrivez-vos-activites-de-la-journee-du-cheval-des-aujourdhui\/#respond\"]}]},{\"@type\":\"WebPage\",\"@id\":\"https:\/\/equestrian.ca\/fr\/anciens-articles\/on-fete-tous-ensemble-inscrivez-vos-activites-de-la-journee-du-cheval-des-aujourdhui\/\",\"url\":\"https:\/\/equestrian.ca\/fr\/anciens-articles\/on-fete-tous-ensemble-inscrivez-vos-activites-de-la-journee-du-cheval-des-aujourdhui\/\",\"name\":\"On f\u00eate tous ensemble ? Inscrivez vos activit\u00e9s de la Journ\u00e9e du cheval d\u00e8s aujourd\u2019hui ! - Equestrian Canada\",\"isPartOf\":{\"@id\":\"https:\/\/equestrian.ca\/fr\/#website\"},\"primaryImageOfPage\":{\"@id\":\"https:\/\/equestrian.ca\/fr\/anciens-articles\/on-fete-tous-ensemble-inscrivez-vos-activites-de-la-journee-du-cheval-des-aujourdhui\/#primaryimage\"},\"image\":{\"@id\":\"https:\/\/equestrian.ca\/fr\/anciens-articles\/on-fete-tous-ensemble-inscrivez-vos-activites-de-la-journee-du-cheval-des-aujourdhui\/#primaryimage\"},\"thumbnailUrl\":\"https:\/\/equestrian.ca\/wp-content\/uploads\/2023\/09\/2019_EC_Horse-Day-EN.png\",\"datePublished\":\"2019-04-18T00:00:00+00:00\",\"author\":{\"@id\":\"https:\/\/equestrian.ca\/fr\/#\/schema\/person\/9abd3ba4d1027626b07355668e4ee3ad\"},\"breadcrumb\":{\"@id\":\"https:\/\/equestrian.ca\/fr\/anciens-articles\/on-fete-tous-ensemble-inscrivez-vos-activites-de-la-journee-du-cheval-des-aujourdhui\/#breadcrumb\"},\"inLanguage\":\"fr-CA\",\"potentialAction\":[{\"@type\":\"ReadAction\",\"target\":[\"https:\/\/equestrian.ca\/fr\/anciens-articles\/on-fete-tous-ensemble-inscrivez-vos-activites-de-la-journee-du-cheval-des-aujourdhui\/\"]}]},{\"@type\":\"ImageObject\",\"inLanguage\":\"fr-CA\",\"@id\":\"https:\/\/equestrian.ca\/fr\/anciens-articles\/on-fete-tous-ensemble-inscrivez-vos-activites-de-la-journee-du-cheval-des-aujourdhui\/#primaryimage\",\"url\":\"https:\/\/equestrian.ca\/wp-content\/uploads\/2023\/09\/2019_EC_Horse-Day-EN.png\",\"contentUrl\":\"https:\/\/equestrian.ca\/wp-content\/uploads\/2023\/09\/2019_EC_Horse-Day-EN.png\",\"width\":262,\"height\":166},{\"@type\":\"BreadcrumbList\",\"@id\":\"https:\/\/equestrian.ca\/fr\/anciens-articles\/on-fete-tous-ensemble-inscrivez-vos-activites-de-la-journee-du-cheval-des-aujourdhui\/#breadcrumb\",\"itemListElement\":[{\"@type\":\"ListItem\",\"position\":1,\"name\":\"Home\",\"item\":\"https:\/\/equestrian.ca\/fr\/\"},{\"@type\":\"ListItem\",\"position\":2,\"name\":\"On f\u00eate tous ensemble ? Inscrivez vos activit\u00e9s de la Journ\u00e9e du cheval d\u00e8s aujourd\u2019hui !\"}]},{\"@type\":\"WebSite\",\"@id\":\"https:\/\/equestrian.ca\/fr\/#website\",\"url\":\"https:\/\/equestrian.ca\/fr\/\",\"name\":\"Equestrian Canada\",\"description\":\"For the love of horses and sport for life.\",\"potentialAction\":[{\"@type\":\"SearchAction\",\"target\":{\"@type\":\"EntryPoint\",\"urlTemplate\":\"https:\/\/equestrian.ca\/fr\/?s={search_term_string}\"},\"query-input\":{\"@type\":\"PropertyValueSpecification\",\"valueRequired\":true,\"valueName\":\"search_term_string\"}}],\"inLanguage\":\"fr-CA\"},{\"@type\":\"Person\",\"@id\":\"https:\/\/equestrian.ca\/fr\/#\/schema\/person\/9abd3ba4d1027626b07355668e4ee3ad\",\"name\":\"Berry\",\"image\":{\"@type\":\"ImageObject\",\"inLanguage\":\"fr-CA\",\"@id\":\"https:\/\/equestrian.ca\/fr\/#\/schema\/person\/image\/\",\"url\":\"https:\/\/secure.gravatar.com\/avatar\/882da3b67056b0c608086d3c77de46948b64244a4c249e81e0bf04a8095ce320?s=96&d=mm&r=g\",\"contentUrl\":\"https:\/\/secure.gravatar.com\/avatar\/882da3b67056b0c608086d3c77de46948b64244a4c249e81e0bf04a8095ce320?s=96&d=mm&r=g\",\"caption\":\"Berry\"},\"url\":\"https:\/\/equestrian.ca\/fr\/author\/mberry\/\"}]}<\/script>\n<!-- \/ Yoast SEO plugin. -->","yoast_head_json":{"title":"On f\u00eate tous ensemble ? Inscrivez vos activit\u00e9s de la Journ\u00e9e du cheval d\u00e8s aujourd\u2019hui ! - Equestrian Canada","robots":{"index":"index","follow":"follow","max-snippet":"max-snippet:-1","max-image-preview":"max-image-preview:large","max-video-preview":"max-video-preview:-1"},"canonical":"https:\/\/equestrian.ca\/fr\/anciens-articles\/on-fete-tous-ensemble-inscrivez-vos-activites-de-la-journee-du-cheval-des-aujourdhui\/","og_locale":"fr_CA","og_type":"article","og_title":"On f\u00eate tous ensemble ? Inscrivez vos activit\u00e9s de la Journ\u00e9e du cheval d\u00e8s aujourd\u2019hui ! - Equestrian Canada","og_description":"Organisez une activit\u00e9 pour la Journ\u00e9e du cheval de 2019 Dans tous les coins du pays, des activit\u00e9s et des c\u00e9l\u00e9brations se tiendront le 1er juin pour permettre aux Canadiens de tous les \u00e2ges et de tous les horizons de d\u00e9couvrir cet animal mythique et explorer le monde \u00e9questre. Ne ratez pas l\u2019occasion de faire [&hellip;]","og_url":"https:\/\/equestrian.ca\/fr\/anciens-articles\/on-fete-tous-ensemble-inscrivez-vos-activites-de-la-journee-du-cheval-des-aujourdhui\/","og_site_name":"Equestrian Canada","article_published_time":"2019-04-18T00:00:00+00:00","og_image":[{"width":262,"height":166,"url":"https:\/\/equestrian.ca\/wp-content\/uploads\/2023\/09\/2019_EC_Horse-Day-EN.png","type":"image\/png"}],"author":"Berry","twitter_card":"summary_large_image","twitter_misc":{"\u00c9crit par":"Berry","Estimation du temps de lecture":"3 minutes"},"schema":{"@context":"https:\/\/schema.org","@graph":[{"@type":"Article","@id":"https:\/\/equestrian.ca\/fr\/anciens-articles\/on-fete-tous-ensemble-inscrivez-vos-activites-de-la-journee-du-cheval-des-aujourdhui\/#article","isPartOf":{"@id":"https:\/\/equestrian.ca\/fr\/anciens-articles\/on-fete-tous-ensemble-inscrivez-vos-activites-de-la-journee-du-cheval-des-aujourdhui\/"},"author":{"name":"Berry","@id":"https:\/\/equestrian.ca\/fr\/#\/schema\/person\/9abd3ba4d1027626b07355668e4ee3ad"},"headline":"On f\u00eate tous ensemble ? Inscrivez vos activit\u00e9s de la Journ\u00e9e du cheval d\u00e8s aujourd\u2019hui !","datePublished":"2019-04-18T00:00:00+00:00","mainEntityOfPage":{"@id":"https:\/\/equestrian.ca\/fr\/anciens-articles\/on-fete-tous-ensemble-inscrivez-vos-activites-de-la-journee-du-cheval-des-aujourdhui\/"},"wordCount":559,"commentCount":0,"image":{"@id":"https:\/\/equestrian.ca\/fr\/anciens-articles\/on-fete-tous-ensemble-inscrivez-vos-activites-de-la-journee-du-cheval-des-aujourdhui\/#primaryimage"},"thumbnailUrl":"https:\/\/equestrian.ca\/wp-content\/uploads\/2023\/09\/2019_EC_Horse-Day-EN.png","articleSection":["Anciens articles"],"inLanguage":"fr-CA","potentialAction":[{"@type":"CommentAction","name":"Comment","target":["https:\/\/equestrian.ca\/fr\/anciens-articles\/on-fete-tous-ensemble-inscrivez-vos-activites-de-la-journee-du-cheval-des-aujourdhui\/#respond"]}]},{"@type":"WebPage","@id":"https:\/\/equestrian.ca\/fr\/anciens-articles\/on-fete-tous-ensemble-inscrivez-vos-activites-de-la-journee-du-cheval-des-aujourdhui\/","url":"https:\/\/equestrian.ca\/fr\/anciens-articles\/on-fete-tous-ensemble-inscrivez-vos-activites-de-la-journee-du-cheval-des-aujourdhui\/","name":"On f\u00eate tous ensemble ? Inscrivez vos activit\u00e9s de la Journ\u00e9e du cheval d\u00e8s aujourd\u2019hui ! - Equestrian Canada","isPartOf":{"@id":"https:\/\/equestrian.ca\/fr\/#website"},"primaryImageOfPage":{"@id":"https:\/\/equestrian.ca\/fr\/anciens-articles\/on-fete-tous-ensemble-inscrivez-vos-activites-de-la-journee-du-cheval-des-aujourdhui\/#primaryimage"},"image":{"@id":"https:\/\/equestrian.ca\/fr\/anciens-articles\/on-fete-tous-ensemble-inscrivez-vos-activites-de-la-journee-du-cheval-des-aujourdhui\/#primaryimage"},"thumbnailUrl":"https:\/\/equestrian.ca\/wp-content\/uploads\/2023\/09\/2019_EC_Horse-Day-EN.png","datePublished":"2019-04-18T00:00:00+00:00","author":{"@id":"https:\/\/equestrian.ca\/fr\/#\/schema\/person\/9abd3ba4d1027626b07355668e4ee3ad"},"breadcrumb":{"@id":"https:\/\/equestrian.ca\/fr\/anciens-articles\/on-fete-tous-ensemble-inscrivez-vos-activites-de-la-journee-du-cheval-des-aujourdhui\/#breadcrumb"},"inLanguage":"fr-CA","potentialAction":[{"@type":"ReadAction","target":["https:\/\/equestrian.ca\/fr\/anciens-articles\/on-fete-tous-ensemble-inscrivez-vos-activites-de-la-journee-du-cheval-des-aujourdhui\/"]}]},{"@type":"ImageObject","inLanguage":"fr-CA","@id":"https:\/\/equestrian.ca\/fr\/anciens-articles\/on-fete-tous-ensemble-inscrivez-vos-activites-de-la-journee-du-cheval-des-aujourdhui\/#primaryimage","url":"https:\/\/equestrian.ca\/wp-content\/uploads\/2023\/09\/2019_EC_Horse-Day-EN.png","contentUrl":"https:\/\/equestrian.ca\/wp-content\/uploads\/2023\/09\/2019_EC_Horse-Day-EN.png","width":262,"height":166},{"@type":"BreadcrumbList","@id":"https:\/\/equestrian.ca\/fr\/anciens-articles\/on-fete-tous-ensemble-inscrivez-vos-activites-de-la-journee-du-cheval-des-aujourdhui\/#breadcrumb","itemListElement":[{"@type":"ListItem","position":1,"name":"Home","item":"https:\/\/equestrian.ca\/fr\/"},{"@type":"ListItem","position":2,"name":"On f\u00eate tous ensemble ? Inscrivez vos activit\u00e9s de la Journ\u00e9e du cheval d\u00e8s aujourd\u2019hui !"}]},{"@type":"WebSite","@id":"https:\/\/equestrian.ca\/fr\/#website","url":"https:\/\/equestrian.ca\/fr\/","name":"Equestrian Canada","description":"For the love of horses and sport for life.","potentialAction":[{"@type":"SearchAction","target":{"@type":"EntryPoint","urlTemplate":"https:\/\/equestrian.ca\/fr\/?s={search_term_string}"},"query-input":{"@type":"PropertyValueSpecification","valueRequired":true,"valueName":"search_term_string"}}],"inLanguage":"fr-CA"},{"@type":"Person","@id":"https:\/\/equestrian.ca\/fr\/#\/schema\/person\/9abd3ba4d1027626b07355668e4ee3ad","name":"Berry","image":{"@type":"ImageObject","inLanguage":"fr-CA","@id":"https:\/\/equestrian.ca\/fr\/#\/schema\/person\/image\/","url":"https:\/\/secure.gravatar.com\/avatar\/882da3b67056b0c608086d3c77de46948b64244a4c249e81e0bf04a8095ce320?s=96&d=mm&r=g","contentUrl":"https:\/\/secure.gravatar.com\/avatar\/882da3b67056b0c608086d3c77de46948b64244a4c249e81e0bf04a8095ce320?s=96&d=mm&r=g","caption":"Berry"},"url":"https:\/\/equestrian.ca\/fr\/author\/mberry\/"}]}},"_links":{"self":[{"href":"https:\/\/equestrian.ca\/fr\/wp-json\/wp\/v2\/posts\/25904","targetHints":{"allow":["GET"]}}],"collection":[{"href":"https:\/\/equestrian.ca\/fr\/wp-json\/wp\/v2\/posts"}],"about":[{"href":"https:\/\/equestrian.ca\/fr\/wp-json\/wp\/v2\/types\/post"}],"author":[{"embeddable":true,"href":"https:\/\/equestrian.ca\/fr\/wp-json\/wp\/v2\/users\/3"}],"replies":[{"embeddable":true,"href":"https:\/\/equestrian.ca\/fr\/wp-json\/wp\/v2\/comments?post=25904"}],"version-history":[{"count":0,"href":"https:\/\/equestrian.ca\/fr\/wp-json\/wp\/v2\/posts\/25904\/revisions"}],"wp:featuredmedia":[{"embeddable":true,"href":"https:\/\/equestrian.ca\/fr\/wp-json\/wp\/v2\/media\/3853"}],"wp:attachment":[{"href":"https:\/\/equestrian.ca\/fr\/wp-json\/wp\/v2\/media?parent=25904"}],"wp:term":[{"taxonomy":"category","embeddable":true,"href":"https:\/\/equestrian.ca\/fr\/wp-json\/wp\/v2\/categories?post=25904"},{"taxonomy":"post_tag","embeddable":true,"href":"https:\/\/equestrian.ca\/fr\/wp-json\/wp\/v2\/tags?post=25904"}],"curies":[{"name":"wp","href":"https:\/\/api.w.org\/{rel}","templated":true}]}}