{"id":25881,"date":"2020-01-10T00:00:00","date_gmt":"2020-01-10T00:00:00","guid":{"rendered":"https:\/\/equestrian.ca\/news\/james-hood-se-joint-a-canada-equestre-comme-dhp\/"},"modified":"2020-01-10T00:00:00","modified_gmt":"2020-01-10T00:00:00","slug":"james-hood-se-joint-a-canada-equestre-comme-dhp","status":"publish","type":"post","link":"https:\/\/equestrian.ca\/fr\/anciens-articles\/james-hood-se-joint-a-canada-equestre-comme-dhp\/","title":{"rendered":"James Hood se joint \u00e0 Canada \u00c9questre comme DHP"},"content":{"rendered":"<p>M. Hood poss\u00e8de une vaste exp\u00e9rience et de nombreux succ\u00e8s au sein d&rsquo;organismes de sport, se sp\u00e9cialisant dans le leadership strat\u00e9gique ax\u00e9 sur la haute performance et le d\u00e9veloppement du sport. Il a occup\u00e9 divers postes au sein de Natation Canada et de Swim Alberta, o\u00f9 il a appuy\u00e9 la planification et le leadership de la haute performance, notamment en harmonisant les syst\u00e8mes sportifs de la base jusqu\u2019\u00e0 la haute performance et en faisant participer un large \u00e9ventail d&rsquo;intervenants, y compris des entra\u00eeneurs, des \u00e9quipes de soutien int\u00e9gr\u00e9es, des partenaires provinciaux et des b\u00e9n\u00e9voles. Plus r\u00e9cemment, il a \u00e9t\u00e9 vice-pr\u00e9sident des march\u00e9s du sport chez joe:media group de Calgary, en Alberta, o\u00f9 il a appuy\u00e9 les organismes de sport en mati\u00e8re de diffusion et de production vid\u00e9o.<\/p>\n<p>Reconnu pour sa grande capacit\u00e9 \u00e0 d\u00e9velopper et \u00e0 am\u00e9liorer les relations avec les syst\u00e8mes sportifs externes et les intervenants commerciaux, Hood excelle aussi \u00e0 b\u00e2tir des \u00e9quipes et \u00e0 favoriser le travail d&rsquo;\u00e9quipe. Tr\u00e8s familier avec les grands championnats de sport et les grands Jeux multisports, il a d\u00e9velopp\u00e9 une expertise dans des domaines allant de la logistique \u00e0 la gestion d&rsquo;\u00e9quipe et \u00e0 la diffusion.<\/p>\n<p>Parmi les faits saillants de sa carri\u00e8re, Hood a assum\u00e9 le r\u00f4le d&rsquo;entra\u00eeneur-chef pour les Jeux paralympiques de Barcelone en 1992, de gestionnaire d&rsquo;\u00e9quipe pour les Jeux olympiques de Londres en 2012 et de chef d&rsquo;\u00e9quipe pour les Jeux paralympiques de Rio en 2016. Il a aussi \u00e9t\u00e9 d\u00e9l\u00e9gu\u00e9 technique, officiel ou classificateur \u00e0 plus de sept grands Jeux, dont les Jeux paralympiques, les Jeux panam\u00e9ricains et les Jeux parapanam\u00e9ricains ainsi que les Championnats du monde universitaires de la FISU. De plus, Hood a \u00e9t\u00e9 intronis\u00e9 au Temple de la renomm\u00e9e aquatique de l&rsquo;Ontario et au Temple de la renomm\u00e9e de la natation de l&rsquo;Alberta dans la cat\u00e9gorie des b\u00e2tisseurs, et il a re\u00e7u la m\u00e9daille du Jubil\u00e9 de diamant de la reine Elizabeth II.<\/p>\n<p>\u00c0 titre de directeur de la haute performance de CE, Hood sera responsable de la mise en \u0153uvre de la vision, des strat\u00e9gies et des politiques de CE en mati\u00e8re de haute performance. Les \u00e9l\u00e9ments cl\u00e9s de son r\u00f4le comprennent le leadership et l\u2019harmonisation des intervenants sur les initiatives de haute performance.<\/p>\n<p>\u00ab Je suis tr\u00e8s heureux de me joindre \u00e0 CE, qui poss\u00e8de un long historique de performance et j&rsquo;ai h\u00e2te d&rsquo;avoir l&rsquo;occasion d&rsquo;int\u00e9grer ma passion pour le sport au paysage \u00e9questre, a d\u00e9clar\u00e9 Hood. Mon but est de cr\u00e9er une plateforme et un environnement qui soutiennent les athl\u00e8tes et les entra\u00eeneurs \u00e9questres dans la r\u00e9alisation de performances de classe mondiale et dans l&rsquo;atteinte de succ\u00e8s au niveau international d&rsquo;\u00e9lite \u00bb.<\/p>\n<p style=\"text-align: center;\">-30-<\/p>\n<p><img src='\/wp-content\/uploads\/cdn\/storage\/images_v2\/James Hood - Headshot.jpg' alt='James Hood Joins Equestrian Canada as High Performance Director' \/><\/p>\n<p><b>PHOTO \u2013 <\/b>Le 8 janvier 2020, Canada \u00c9questre a accueilli James Hood au poste de directeur de la haute performance.<\/p>\n<p><b>CR\u00c9DIT PHOTO \u2013 <\/b>\u00a9 CE\/Gerry van Blokland<\/p>\n","protected":false},"excerpt":{"rendered":"<p>M. Hood poss\u00e8de une vaste exp\u00e9rience et de nombreux succ\u00e8s au sein d&rsquo;organismes de sport, se sp\u00e9cialisant dans le leadership strat\u00e9gique ax\u00e9 sur la haute performance et le d\u00e9veloppement du sport. Il a occup\u00e9 divers postes au sein de Natation Canada et de Swim Alberta, o\u00f9 il a appuy\u00e9 la planification et le leadership de [&hellip;]<\/p>\n","protected":false},"author":3,"featured_media":3812,"comment_status":"open","ping_status":"open","sticky":false,"template":"","format":"standard","meta":{"_acf_changed":false,"rs_blank_template":"","rs_page_bg_color":"","slide_template_v7":"","footnotes":""},"categories":[241],"tags":[],"class_list":["post-25881","post","type-post","status-publish","format-standard","has-post-thumbnail","hentry","category-anciens-articles"],"acf":[],"yoast_head":"<!-- This site is optimized with the Yoast SEO plugin v27.0 - https:\/\/yoast.com\/product\/yoast-seo-wordpress\/ -->\n<title>James Hood se joint \u00e0 Canada \u00c9questre comme DHP - Equestrian Canada<\/title>\n<meta name=\"robots\" content=\"index, follow, max-snippet:-1, max-image-preview:large, max-video-preview:-1\" \/>\n<link rel=\"canonical\" href=\"https:\/\/equestrian.ca\/fr\/anciens-articles\/james-hood-se-joint-a-canada-equestre-comme-dhp\/\" \/>\n<meta property=\"og:locale\" content=\"fr_CA\" \/>\n<meta property=\"og:type\" content=\"article\" \/>\n<meta property=\"og:title\" content=\"James Hood se joint \u00e0 Canada \u00c9questre comme DHP - Equestrian Canada\" \/>\n<meta property=\"og:description\" content=\"M. Hood poss\u00e8de une vaste exp\u00e9rience et de nombreux succ\u00e8s au sein d&rsquo;organismes de sport, se sp\u00e9cialisant dans le leadership strat\u00e9gique ax\u00e9 sur la haute performance et le d\u00e9veloppement du sport. Il a occup\u00e9 divers postes au sein de Natation Canada et de Swim Alberta, o\u00f9 il a appuy\u00e9 la planification et le leadership de [&hellip;]\" \/>\n<meta property=\"og:url\" content=\"https:\/\/equestrian.ca\/fr\/anciens-articles\/james-hood-se-joint-a-canada-equestre-comme-dhp\/\" \/>\n<meta property=\"og:site_name\" content=\"Equestrian Canada\" \/>\n<meta property=\"article:published_time\" content=\"2020-01-10T00:00:00+00:00\" \/>\n<meta property=\"og:image\" content=\"https:\/\/equestrian.ca\/wp-content\/uploads\/2023\/09\/James-Hood-Headshot.jpg\" \/>\n\t<meta property=\"og:image:width\" content=\"500\" \/>\n\t<meta property=\"og:image:height\" content=\"500\" \/>\n\t<meta property=\"og:image:type\" content=\"image\/jpeg\" \/>\n<meta name=\"author\" content=\"Berry\" \/>\n<meta name=\"twitter:card\" content=\"summary_large_image\" \/>\n<meta name=\"twitter:label1\" content=\"\u00c9crit par\" \/>\n\t<meta name=\"twitter:data1\" content=\"Berry\" \/>\n\t<meta name=\"twitter:label2\" content=\"Estimation du temps de lecture\" \/>\n\t<meta name=\"twitter:data2\" content=\"3 minutes\" \/>\n<script type=\"application\/ld+json\" class=\"yoast-schema-graph\">{\"@context\":\"https:\/\/schema.org\",\"@graph\":[{\"@type\":\"Article\",\"@id\":\"https:\/\/equestrian.ca\/fr\/anciens-articles\/james-hood-se-joint-a-canada-equestre-comme-dhp\/#article\",\"isPartOf\":{\"@id\":\"https:\/\/equestrian.ca\/fr\/anciens-articles\/james-hood-se-joint-a-canada-equestre-comme-dhp\/\"},\"author\":{\"name\":\"Berry\",\"@id\":\"https:\/\/equestrian.ca\/fr\/#\/schema\/person\/9abd3ba4d1027626b07355668e4ee3ad\"},\"headline\":\"James Hood se joint \u00e0 Canada \u00c9questre comme DHP\",\"datePublished\":\"2020-01-10T00:00:00+00:00\",\"mainEntityOfPage\":{\"@id\":\"https:\/\/equestrian.ca\/fr\/anciens-articles\/james-hood-se-joint-a-canada-equestre-comme-dhp\/\"},\"wordCount\":529,\"commentCount\":0,\"image\":{\"@id\":\"https:\/\/equestrian.ca\/fr\/anciens-articles\/james-hood-se-joint-a-canada-equestre-comme-dhp\/#primaryimage\"},\"thumbnailUrl\":\"https:\/\/equestrian.ca\/wp-content\/uploads\/2023\/09\/James-Hood-Headshot.jpg\",\"articleSection\":[\"Anciens articles\"],\"inLanguage\":\"fr-CA\",\"potentialAction\":[{\"@type\":\"CommentAction\",\"name\":\"Comment\",\"target\":[\"https:\/\/equestrian.ca\/fr\/anciens-articles\/james-hood-se-joint-a-canada-equestre-comme-dhp\/#respond\"]}]},{\"@type\":\"WebPage\",\"@id\":\"https:\/\/equestrian.ca\/fr\/anciens-articles\/james-hood-se-joint-a-canada-equestre-comme-dhp\/\",\"url\":\"https:\/\/equestrian.ca\/fr\/anciens-articles\/james-hood-se-joint-a-canada-equestre-comme-dhp\/\",\"name\":\"James Hood se joint \u00e0 Canada \u00c9questre comme DHP - Equestrian Canada\",\"isPartOf\":{\"@id\":\"https:\/\/equestrian.ca\/fr\/#website\"},\"primaryImageOfPage\":{\"@id\":\"https:\/\/equestrian.ca\/fr\/anciens-articles\/james-hood-se-joint-a-canada-equestre-comme-dhp\/#primaryimage\"},\"image\":{\"@id\":\"https:\/\/equestrian.ca\/fr\/anciens-articles\/james-hood-se-joint-a-canada-equestre-comme-dhp\/#primaryimage\"},\"thumbnailUrl\":\"https:\/\/equestrian.ca\/wp-content\/uploads\/2023\/09\/James-Hood-Headshot.jpg\",\"datePublished\":\"2020-01-10T00:00:00+00:00\",\"author\":{\"@id\":\"https:\/\/equestrian.ca\/fr\/#\/schema\/person\/9abd3ba4d1027626b07355668e4ee3ad\"},\"breadcrumb\":{\"@id\":\"https:\/\/equestrian.ca\/fr\/anciens-articles\/james-hood-se-joint-a-canada-equestre-comme-dhp\/#breadcrumb\"},\"inLanguage\":\"fr-CA\",\"potentialAction\":[{\"@type\":\"ReadAction\",\"target\":[\"https:\/\/equestrian.ca\/fr\/anciens-articles\/james-hood-se-joint-a-canada-equestre-comme-dhp\/\"]}]},{\"@type\":\"ImageObject\",\"inLanguage\":\"fr-CA\",\"@id\":\"https:\/\/equestrian.ca\/fr\/anciens-articles\/james-hood-se-joint-a-canada-equestre-comme-dhp\/#primaryimage\",\"url\":\"https:\/\/equestrian.ca\/wp-content\/uploads\/2023\/09\/James-Hood-Headshot.jpg\",\"contentUrl\":\"https:\/\/equestrian.ca\/wp-content\/uploads\/2023\/09\/James-Hood-Headshot.jpg\",\"width\":500,\"height\":500},{\"@type\":\"BreadcrumbList\",\"@id\":\"https:\/\/equestrian.ca\/fr\/anciens-articles\/james-hood-se-joint-a-canada-equestre-comme-dhp\/#breadcrumb\",\"itemListElement\":[{\"@type\":\"ListItem\",\"position\":1,\"name\":\"Home\",\"item\":\"https:\/\/equestrian.ca\/fr\/\"},{\"@type\":\"ListItem\",\"position\":2,\"name\":\"James Hood se joint \u00e0 Canada \u00c9questre comme DHP\"}]},{\"@type\":\"WebSite\",\"@id\":\"https:\/\/equestrian.ca\/fr\/#website\",\"url\":\"https:\/\/equestrian.ca\/fr\/\",\"name\":\"Equestrian Canada\",\"description\":\"For the love of horses and sport for life.\",\"potentialAction\":[{\"@type\":\"SearchAction\",\"target\":{\"@type\":\"EntryPoint\",\"urlTemplate\":\"https:\/\/equestrian.ca\/fr\/?s={search_term_string}\"},\"query-input\":{\"@type\":\"PropertyValueSpecification\",\"valueRequired\":true,\"valueName\":\"search_term_string\"}}],\"inLanguage\":\"fr-CA\"},{\"@type\":\"Person\",\"@id\":\"https:\/\/equestrian.ca\/fr\/#\/schema\/person\/9abd3ba4d1027626b07355668e4ee3ad\",\"name\":\"Berry\",\"image\":{\"@type\":\"ImageObject\",\"inLanguage\":\"fr-CA\",\"@id\":\"https:\/\/equestrian.ca\/fr\/#\/schema\/person\/image\/\",\"url\":\"https:\/\/secure.gravatar.com\/avatar\/882da3b67056b0c608086d3c77de46948b64244a4c249e81e0bf04a8095ce320?s=96&d=mm&r=g\",\"contentUrl\":\"https:\/\/secure.gravatar.com\/avatar\/882da3b67056b0c608086d3c77de46948b64244a4c249e81e0bf04a8095ce320?s=96&d=mm&r=g\",\"caption\":\"Berry\"},\"url\":\"https:\/\/equestrian.ca\/fr\/author\/mberry\/\"}]}<\/script>\n<!-- \/ Yoast SEO plugin. -->","yoast_head_json":{"title":"James Hood se joint \u00e0 Canada \u00c9questre comme DHP - Equestrian Canada","robots":{"index":"index","follow":"follow","max-snippet":"max-snippet:-1","max-image-preview":"max-image-preview:large","max-video-preview":"max-video-preview:-1"},"canonical":"https:\/\/equestrian.ca\/fr\/anciens-articles\/james-hood-se-joint-a-canada-equestre-comme-dhp\/","og_locale":"fr_CA","og_type":"article","og_title":"James Hood se joint \u00e0 Canada \u00c9questre comme DHP - Equestrian Canada","og_description":"M. Hood poss\u00e8de une vaste exp\u00e9rience et de nombreux succ\u00e8s au sein d&rsquo;organismes de sport, se sp\u00e9cialisant dans le leadership strat\u00e9gique ax\u00e9 sur la haute performance et le d\u00e9veloppement du sport. Il a occup\u00e9 divers postes au sein de Natation Canada et de Swim Alberta, o\u00f9 il a appuy\u00e9 la planification et le leadership de [&hellip;]","og_url":"https:\/\/equestrian.ca\/fr\/anciens-articles\/james-hood-se-joint-a-canada-equestre-comme-dhp\/","og_site_name":"Equestrian Canada","article_published_time":"2020-01-10T00:00:00+00:00","og_image":[{"width":500,"height":500,"url":"https:\/\/equestrian.ca\/wp-content\/uploads\/2023\/09\/James-Hood-Headshot.jpg","type":"image\/jpeg"}],"author":"Berry","twitter_card":"summary_large_image","twitter_misc":{"\u00c9crit par":"Berry","Estimation du temps de lecture":"3 minutes"},"schema":{"@context":"https:\/\/schema.org","@graph":[{"@type":"Article","@id":"https:\/\/equestrian.ca\/fr\/anciens-articles\/james-hood-se-joint-a-canada-equestre-comme-dhp\/#article","isPartOf":{"@id":"https:\/\/equestrian.ca\/fr\/anciens-articles\/james-hood-se-joint-a-canada-equestre-comme-dhp\/"},"author":{"name":"Berry","@id":"https:\/\/equestrian.ca\/fr\/#\/schema\/person\/9abd3ba4d1027626b07355668e4ee3ad"},"headline":"James Hood se joint \u00e0 Canada \u00c9questre comme DHP","datePublished":"2020-01-10T00:00:00+00:00","mainEntityOfPage":{"@id":"https:\/\/equestrian.ca\/fr\/anciens-articles\/james-hood-se-joint-a-canada-equestre-comme-dhp\/"},"wordCount":529,"commentCount":0,"image":{"@id":"https:\/\/equestrian.ca\/fr\/anciens-articles\/james-hood-se-joint-a-canada-equestre-comme-dhp\/#primaryimage"},"thumbnailUrl":"https:\/\/equestrian.ca\/wp-content\/uploads\/2023\/09\/James-Hood-Headshot.jpg","articleSection":["Anciens articles"],"inLanguage":"fr-CA","potentialAction":[{"@type":"CommentAction","name":"Comment","target":["https:\/\/equestrian.ca\/fr\/anciens-articles\/james-hood-se-joint-a-canada-equestre-comme-dhp\/#respond"]}]},{"@type":"WebPage","@id":"https:\/\/equestrian.ca\/fr\/anciens-articles\/james-hood-se-joint-a-canada-equestre-comme-dhp\/","url":"https:\/\/equestrian.ca\/fr\/anciens-articles\/james-hood-se-joint-a-canada-equestre-comme-dhp\/","name":"James Hood se joint \u00e0 Canada \u00c9questre comme DHP - Equestrian Canada","isPartOf":{"@id":"https:\/\/equestrian.ca\/fr\/#website"},"primaryImageOfPage":{"@id":"https:\/\/equestrian.ca\/fr\/anciens-articles\/james-hood-se-joint-a-canada-equestre-comme-dhp\/#primaryimage"},"image":{"@id":"https:\/\/equestrian.ca\/fr\/anciens-articles\/james-hood-se-joint-a-canada-equestre-comme-dhp\/#primaryimage"},"thumbnailUrl":"https:\/\/equestrian.ca\/wp-content\/uploads\/2023\/09\/James-Hood-Headshot.jpg","datePublished":"2020-01-10T00:00:00+00:00","author":{"@id":"https:\/\/equestrian.ca\/fr\/#\/schema\/person\/9abd3ba4d1027626b07355668e4ee3ad"},"breadcrumb":{"@id":"https:\/\/equestrian.ca\/fr\/anciens-articles\/james-hood-se-joint-a-canada-equestre-comme-dhp\/#breadcrumb"},"inLanguage":"fr-CA","potentialAction":[{"@type":"ReadAction","target":["https:\/\/equestrian.ca\/fr\/anciens-articles\/james-hood-se-joint-a-canada-equestre-comme-dhp\/"]}]},{"@type":"ImageObject","inLanguage":"fr-CA","@id":"https:\/\/equestrian.ca\/fr\/anciens-articles\/james-hood-se-joint-a-canada-equestre-comme-dhp\/#primaryimage","url":"https:\/\/equestrian.ca\/wp-content\/uploads\/2023\/09\/James-Hood-Headshot.jpg","contentUrl":"https:\/\/equestrian.ca\/wp-content\/uploads\/2023\/09\/James-Hood-Headshot.jpg","width":500,"height":500},{"@type":"BreadcrumbList","@id":"https:\/\/equestrian.ca\/fr\/anciens-articles\/james-hood-se-joint-a-canada-equestre-comme-dhp\/#breadcrumb","itemListElement":[{"@type":"ListItem","position":1,"name":"Home","item":"https:\/\/equestrian.ca\/fr\/"},{"@type":"ListItem","position":2,"name":"James Hood se joint \u00e0 Canada \u00c9questre comme DHP"}]},{"@type":"WebSite","@id":"https:\/\/equestrian.ca\/fr\/#website","url":"https:\/\/equestrian.ca\/fr\/","name":"Equestrian Canada","description":"For the love of horses and sport for life.","potentialAction":[{"@type":"SearchAction","target":{"@type":"EntryPoint","urlTemplate":"https:\/\/equestrian.ca\/fr\/?s={search_term_string}"},"query-input":{"@type":"PropertyValueSpecification","valueRequired":true,"valueName":"search_term_string"}}],"inLanguage":"fr-CA"},{"@type":"Person","@id":"https:\/\/equestrian.ca\/fr\/#\/schema\/person\/9abd3ba4d1027626b07355668e4ee3ad","name":"Berry","image":{"@type":"ImageObject","inLanguage":"fr-CA","@id":"https:\/\/equestrian.ca\/fr\/#\/schema\/person\/image\/","url":"https:\/\/secure.gravatar.com\/avatar\/882da3b67056b0c608086d3c77de46948b64244a4c249e81e0bf04a8095ce320?s=96&d=mm&r=g","contentUrl":"https:\/\/secure.gravatar.com\/avatar\/882da3b67056b0c608086d3c77de46948b64244a4c249e81e0bf04a8095ce320?s=96&d=mm&r=g","caption":"Berry"},"url":"https:\/\/equestrian.ca\/fr\/author\/mberry\/"}]}},"_links":{"self":[{"href":"https:\/\/equestrian.ca\/fr\/wp-json\/wp\/v2\/posts\/25881","targetHints":{"allow":["GET"]}}],"collection":[{"href":"https:\/\/equestrian.ca\/fr\/wp-json\/wp\/v2\/posts"}],"about":[{"href":"https:\/\/equestrian.ca\/fr\/wp-json\/wp\/v2\/types\/post"}],"author":[{"embeddable":true,"href":"https:\/\/equestrian.ca\/fr\/wp-json\/wp\/v2\/users\/3"}],"replies":[{"embeddable":true,"href":"https:\/\/equestrian.ca\/fr\/wp-json\/wp\/v2\/comments?post=25881"}],"version-history":[{"count":0,"href":"https:\/\/equestrian.ca\/fr\/wp-json\/wp\/v2\/posts\/25881\/revisions"}],"wp:featuredmedia":[{"embeddable":true,"href":"https:\/\/equestrian.ca\/fr\/wp-json\/wp\/v2\/media\/3812"}],"wp:attachment":[{"href":"https:\/\/equestrian.ca\/fr\/wp-json\/wp\/v2\/media?parent=25881"}],"wp:term":[{"taxonomy":"category","embeddable":true,"href":"https:\/\/equestrian.ca\/fr\/wp-json\/wp\/v2\/categories?post=25881"},{"taxonomy":"post_tag","embeddable":true,"href":"https:\/\/equestrian.ca\/fr\/wp-json\/wp\/v2\/tags?post=25881"}],"curies":[{"name":"wp","href":"https:\/\/api.w.org\/{rel}","templated":true}]}}