{"id":25870,"date":"2021-03-19T00:00:00","date_gmt":"2021-03-19T00:00:00","guid":{"rendered":"https:\/\/equestrian.ca\/news\/equipe-canada-remporte-lor-au-cdio-u25-de-la-coupe-des-nations-de-wellington\/"},"modified":"2021-03-19T00:00:00","modified_gmt":"2021-03-19T00:00:00","slug":"equipe-canada-remporte-lor-au-cdio-u25-de-la-coupe-des-nations-de-wellington","status":"publish","type":"post","link":"https:\/\/equestrian.ca\/fr\/anciens-articles\/equipe-canada-remporte-lor-au-cdio-u25-de-la-coupe-des-nations-de-wellington\/","title":{"rendered":"\u00c9quipe Canada remporte l\u2019or au CDIO-U25 de la Coupe des nations de Wellington"},"content":{"rendered":"<p>L\u2019\u00e9quipe gagnante \u00e9tait compos\u00e9e de Camille Carier Bergeron de Mascouche (Qu\u00e9bec), Vanessa Creech-Terauds de Caistor Centre (Ontario) et Beatrice Boucher de Saint-Dominique (Qu\u00e9bec).<\/p>\n<p>La reprise Interm\u00e9diaire II FEI du CDIO-U25 du 17 mars s\u2019est d\u00e9montr\u00e9e cruciale pour le classement du trio. Camille Carier Bergeron, qui a remport\u00e9 la m\u00e9daille de bronze aux \u00e9preuves individuelles et par \u00e9quipe de la Coupe des nations de 2020, a devanc\u00e9 les autres concurrents aux r\u00eanes d\u2019Acoeur (Acordelli x Ricardo), le hongre Baden-W\u00fcrttemberg de 14 ans de Gilles Bergeron, en d\u00e9crochant la premi\u00e8re place (69,412 %).&nbsp;<\/p>\n<p><img src='\/wp-content\/uploads\/cdn\/storage\/images_v2\/2021 AGDF Nations Cup - Camiller Carier Bergeron &#038; Acoeur by Susan J Stickle.JPG' alt='Gold Medal Dreams Realized for Team Canada at CDIO-U25 Wellington Nations Cup' \/><\/p>\n<p><i>Camille Carier Bergeron de Mascouche (Qu\u00e9bec) et Acoeur ont ouvert la voie pour leur \u00e9quipe au CDIO-U25 de la Coupe des nations, laquelle avait lieu du 16 au 21 mars 2021, durant la dixi\u00e8me semaine de l\u2019Adequan Global Dressage Festival (AGDF) \u00e0 Wellington (Floride).<br \/><b>Source <\/b>: Susan J. Stickle<\/i><\/p>\n<p>Vanessa Creech-Terauds n\u2019en \u00e9tait pas \u00e0 sa premi\u00e8re performance, puisqu\u2019elle avait d\u00e9j\u00e0 particip\u00e9 aux trois derni\u00e8res \u00e9ditions de la Coupe des nations et d\u00e9croch\u00e9 deux m\u00e9dailles de bronze en \u00e9quipe. La cavali\u00e8re a livr\u00e9 une belle performance aux r\u00eanes de Fleur de Lis L (First Dance x De Niro), la jument hanovrienne de 12 ans de Diane Creech et Louise Leatherdale, et s\u2019est log\u00e9e en quatri\u00e8me place avec une note de 66,529 %.<\/p>\n<p>Beatrice Boucher, qui participait pour la premi\u00e8re fois \u00e0 une Coupe des nations, a termin\u00e9 le tout en beaut\u00e9 en obtenant une note honorable de 65,323 %, ce qui lui a donn\u00e9 droit au sixi\u00e8me rang. Il s\u2019agissait \u00e9galement de son tout premier concours de niveau FEI aux r\u00eanes de Baldacci (Havidoff x Rubiquil), le hongre warmblood n\u00e9erlandais de 15 ans de Camille et Gilles. <\/p>\n<p>\u00c9quipe Canada a obtenu une note finale de 135,941, ce qui a \u00e9t\u00e9 suffisant pour devancer les \u00c9tats-Unis (135,295) et se hisser au sommet du podium. C\u2019est une premi\u00e8re dans l\u2019histoire de la Coupe des nations, qui existe depuis quatre ans.&nbsp;<\/p>\n<p><img src='\/wp-content\/uploads\/cdn\/storage\/images_v2\/2021 AGDF Nations Cup - Camille Carier Bergeron &#038; Beatrice Boucher &#038; Vanessa Creech-Terauds by Susan J. Stickle.JPG' alt='Gold Medal Dreams Realized for Team Canada at CDIO-U25 Wellington Nations Cup' \/><\/p>\n<p><i>Gr\u00e2ce \u00e0 sa grande exp\u00e9rience, l\u2019\u00e9quipe U25 a r\u00e9ussi \u00e0 remporter l\u2019or pour le Canada.<br \/><\/i><i><b>De gauche \u00e0 droite<\/b> : Camille Carier Bergeron, Beatrice Boucher, Vanessa Creech-Terauds<br \/><\/i><i><b>Source <\/b>: Susan J. Stickle<\/i><\/p>\n<p>Camille Carier Bergeron et Acoeur ont \u00e9galement domin\u00e9 le classement lors des \u00e9preuves individuelles. Le 18 mars, le couple a d\u00e9rob\u00e9 la m\u00e9daille de bronze en Grand Prix CDIO-U25 avec une note de 68,205 %. L\u2019or et l\u2019argent avaient alors \u00e9t\u00e9 remport\u00e9s par deux couples \u00e9tasuniens, c\u2019est-\u00e0-dire Hope Cooper et Hot Chocolate W (70,590 %), et Codi Harrison et Katholt\u2019s Bossco (70,282 %). <\/p>\n<p>Camille Carier Bergeron et sa monture ont aussi ajout\u00e9 une m\u00e9daille d\u2019or \u00e0 leur collection \u00e0 l\u2019occasion de la reprise libre en Grand Prix CDIO-U25, le 19 mars. Le duo a obtenu leur meilleure note \u00e0 vie (74,485 %), ce qui leur a permis de d\u00e9crocher la victoire. Codi Harrison et Katholt\u2019s Bossco ont remport\u00e9 l\u2019argent (74,030 %) tandis que Hope Cooper et Hot Chocolate W se sont log\u00e9s en troisi\u00e8me place (70,695 %).&nbsp;<\/p>\n<p><img src='\/wp-content\/uploads\/cdn\/storage\/images_v2\/2021 AGDF Nations Cup - Camiller Carier Bergeron &#038; Acoeur - Victory Lap by Susan J Stickle.JPG' alt='Gold Medal Dreams Realized for Team Canada at CDIO-U25 Wellington Nations Cup' \/><\/p>\n<p><i>Camille Carier Bergeron et Acoeur ont \u00e9galement remport\u00e9 une m\u00e9daille d\u2019or et une m\u00e9daille de bronze aux \u00e9preuves individuelles CDIO-U25.<br \/><\/i><i><b>Source<\/b> : Susan J. Stickle<\/i><\/p>\n<p>\u00ab\u2009Acoeur a d\u00e9finitivement tout donn\u00e9 au cours des trois derniers jours. Je suis folle de joie de revenir \u00e0 la maison avec trois m\u00e9dailles\u2009\u00bb, explique Camille Carier Bergeron. \u00ab\u2009Nous avons rencontr\u00e9 quelques d\u00e9fis en Grand Prix CDIO-U25, ce qui nous a malheureusement beaucoup nui. Je visais donc une performance parfaite pour la reprise libre I et tout s\u2019est bien pass\u00e9!\u2009\u00bb<\/p>\n<p>\u00ab\u2009Beatrice, Vanessa et moi formions une \u00e9quipe de r\u00eave\u2009\u00bb, ajoute la cavali\u00e8re. \u00ab\u2009Cela nous a rappel\u00e9 tellement de souvenirs de la p\u00e9riode o\u00f9 nous avions concouru ensemble aux Championnats nord-am\u00e9ricains jeunesse. Notre esprit d\u2019\u00e9quipe \u00e9tait fantastique et Denielle, notre Chef d\u2019\u00c9quipe, s\u2019est montr\u00e9e encourageante, bienveillante et d\u00e9vou\u00e9e. Je suis tr\u00e8s reconnaissante envers toute mon \u00e9quipe, ainsi que tous mes amis qui m\u2019ont appuy\u00e9e. Sans eux, je ne serais pas l\u00e0 o\u00f9 j\u2019en suis aujourd\u2019hui.\u2009\u00bb<\/p>\n<p>Beatrice Boucher et Baldacci ont obtenu la sixi\u00e8me place en Grand Prix CDIO-U25 (65,513 %) et \u00e0 la reprise libre CDIO-U25 (70,315 %). Vanessa Creech-Terauds et Fleur de Lis L ont conclu l\u2019\u00e9v\u00e9nement en terminant au septi\u00e8me rang en Grand Prix CDIO-U25 (65,000 %) et au cinqui\u00e8me rang \u00e0 la reprise libre du CDIO-U25 (70,325 %).<\/p>\n<p>\u00ab\u2009Les filles ont d\u00e9montr\u00e9 des habilet\u00e9s \u00e9questres et un professionnalisme tout \u00e0 fait impressionnants\u2009\u00bb, partage Denielle Gallagher-Legriffon, la Chef d\u2019\u00c9quipe de l\u2019\u00e9quipe canadienne U25. \u00ab Elles ont fait de leur mieux chaque jour et se sont am\u00e9lior\u00e9es au fil de leurs performances. J\u2019ai confiance que ces cavali\u00e8res vont devenir des ambassadrices incroyables pour le Canada, et ce, partout dans le monde. Je suis tellement fi\u00e8re d\u2019elles!\u2009\u00bb<\/p>\n<p>Pour consulter le palmar\u00e8s des r\u00e9sultats du CDIO-U25 de l\u2019AGDF, veuillez cliquer <a href=\"https:\/\/results.equestrian-hub.com\/gdf\" target=\"_blank\" rel=\"noopener\">ici<\/a>. Pour en savoir plus sur les programmes et services en dressage, veuillez visiter le <a href=\"https:\/\/www.equestrian.ca\/sport-fr\/dressage\" target=\"_blank\" rel=\"noopener\">site Web de CE<\/a><\/p>\n<\/p>\n<p><center>&#8211; 30 &#8211;<\/p>\n<p><\/center><\/p>\n","protected":false},"excerpt":{"rendered":"<p>L\u2019\u00e9quipe gagnante \u00e9tait compos\u00e9e de Camille Carier Bergeron de Mascouche (Qu\u00e9bec), Vanessa Creech-Terauds de Caistor Centre (Ontario) et Beatrice Boucher de Saint-Dominique (Qu\u00e9bec). La reprise Interm\u00e9diaire II FEI du CDIO-U25 du 17 mars s\u2019est d\u00e9montr\u00e9e cruciale pour le classement du trio. Camille Carier Bergeron, qui a remport\u00e9 la m\u00e9daille de bronze aux \u00e9preuves individuelles et [&hellip;]<\/p>\n","protected":false},"author":3,"featured_media":3743,"comment_status":"open","ping_status":"open","sticky":false,"template":"","format":"standard","meta":{"_acf_changed":false,"footnotes":""},"categories":[241],"tags":[],"class_list":["post-25870","post","type-post","status-publish","format-standard","has-post-thumbnail","hentry","category-anciens-articles"],"acf":[],"yoast_head":"<!-- This site is optimized with the Yoast SEO plugin v27.0 - https:\/\/yoast.com\/product\/yoast-seo-wordpress\/ -->\n<title>\u00c9quipe Canada remporte l\u2019or au CDIO-U25 de la Coupe des nations de Wellington - Equestrian Canada<\/title>\n<meta name=\"robots\" content=\"index, follow, max-snippet:-1, max-image-preview:large, max-video-preview:-1\" \/>\n<link rel=\"canonical\" href=\"https:\/\/equestrian.ca\/fr\/anciens-articles\/equipe-canada-remporte-lor-au-cdio-u25-de-la-coupe-des-nations-de-wellington\/\" \/>\n<meta property=\"og:locale\" content=\"fr_CA\" \/>\n<meta property=\"og:type\" content=\"article\" \/>\n<meta property=\"og:title\" content=\"\u00c9quipe Canada remporte l\u2019or au CDIO-U25 de la Coupe des nations de Wellington - Equestrian Canada\" \/>\n<meta property=\"og:description\" content=\"L\u2019\u00e9quipe gagnante \u00e9tait compos\u00e9e de Camille Carier Bergeron de Mascouche (Qu\u00e9bec), Vanessa Creech-Terauds de Caistor Centre (Ontario) et Beatrice Boucher de Saint-Dominique (Qu\u00e9bec). La reprise Interm\u00e9diaire II FEI du CDIO-U25 du 17 mars s\u2019est d\u00e9montr\u00e9e cruciale pour le classement du trio. Camille Carier Bergeron, qui a remport\u00e9 la m\u00e9daille de bronze aux \u00e9preuves individuelles et [&hellip;]\" \/>\n<meta property=\"og:url\" content=\"https:\/\/equestrian.ca\/fr\/anciens-articles\/equipe-canada-remporte-lor-au-cdio-u25-de-la-coupe-des-nations-de-wellington\/\" \/>\n<meta property=\"og:site_name\" content=\"Equestrian Canada\" \/>\n<meta property=\"article:published_time\" content=\"2021-03-19T00:00:00+00:00\" \/>\n<meta property=\"og:image\" content=\"https:\/\/equestrian.ca\/wp-content\/uploads\/2023\/09\/2021-AGDF-Nations-Cup-Camille-Carier-Bergeron-Beatrice-Boucher-Vanessa-Creech-Terauds-by-Susan-J.-Stickle.jpg\" \/>\n\t<meta property=\"og:image:width\" content=\"700\" \/>\n\t<meta property=\"og:image:height\" content=\"980\" \/>\n\t<meta property=\"og:image:type\" content=\"image\/jpeg\" \/>\n<meta name=\"author\" content=\"Berry\" \/>\n<meta name=\"twitter:card\" content=\"summary_large_image\" \/>\n<meta name=\"twitter:label1\" content=\"\u00c9crit par\" \/>\n\t<meta name=\"twitter:data1\" content=\"Berry\" \/>\n\t<meta name=\"twitter:label2\" content=\"Estimation du temps de lecture\" \/>\n\t<meta name=\"twitter:data2\" content=\"4 minutes\" \/>\n<script type=\"application\/ld+json\" class=\"yoast-schema-graph\">{\"@context\":\"https:\/\/schema.org\",\"@graph\":[{\"@type\":\"Article\",\"@id\":\"https:\/\/equestrian.ca\/fr\/anciens-articles\/equipe-canada-remporte-lor-au-cdio-u25-de-la-coupe-des-nations-de-wellington\/#article\",\"isPartOf\":{\"@id\":\"https:\/\/equestrian.ca\/fr\/anciens-articles\/equipe-canada-remporte-lor-au-cdio-u25-de-la-coupe-des-nations-de-wellington\/\"},\"author\":{\"name\":\"Berry\",\"@id\":\"https:\/\/equestrian.ca\/fr\/#\/schema\/person\/9abd3ba4d1027626b07355668e4ee3ad\"},\"headline\":\"\u00c9quipe Canada remporte l\u2019or au CDIO-U25 de la Coupe des nations de Wellington\",\"datePublished\":\"2021-03-19T00:00:00+00:00\",\"mainEntityOfPage\":{\"@id\":\"https:\/\/equestrian.ca\/fr\/anciens-articles\/equipe-canada-remporte-lor-au-cdio-u25-de-la-coupe-des-nations-de-wellington\/\"},\"wordCount\":860,\"commentCount\":0,\"image\":{\"@id\":\"https:\/\/equestrian.ca\/fr\/anciens-articles\/equipe-canada-remporte-lor-au-cdio-u25-de-la-coupe-des-nations-de-wellington\/#primaryimage\"},\"thumbnailUrl\":\"https:\/\/equestrian.ca\/wp-content\/uploads\/2023\/09\/2021-AGDF-Nations-Cup-Camille-Carier-Bergeron-Beatrice-Boucher-Vanessa-Creech-Terauds-by-Susan-J.-Stickle.jpg\",\"articleSection\":[\"Anciens articles\"],\"inLanguage\":\"fr-CA\",\"potentialAction\":[{\"@type\":\"CommentAction\",\"name\":\"Comment\",\"target\":[\"https:\/\/equestrian.ca\/fr\/anciens-articles\/equipe-canada-remporte-lor-au-cdio-u25-de-la-coupe-des-nations-de-wellington\/#respond\"]}]},{\"@type\":\"WebPage\",\"@id\":\"https:\/\/equestrian.ca\/fr\/anciens-articles\/equipe-canada-remporte-lor-au-cdio-u25-de-la-coupe-des-nations-de-wellington\/\",\"url\":\"https:\/\/equestrian.ca\/fr\/anciens-articles\/equipe-canada-remporte-lor-au-cdio-u25-de-la-coupe-des-nations-de-wellington\/\",\"name\":\"\u00c9quipe Canada remporte l\u2019or au CDIO-U25 de la Coupe des nations de Wellington - Equestrian Canada\",\"isPartOf\":{\"@id\":\"https:\/\/equestrian.ca\/fr\/#website\"},\"primaryImageOfPage\":{\"@id\":\"https:\/\/equestrian.ca\/fr\/anciens-articles\/equipe-canada-remporte-lor-au-cdio-u25-de-la-coupe-des-nations-de-wellington\/#primaryimage\"},\"image\":{\"@id\":\"https:\/\/equestrian.ca\/fr\/anciens-articles\/equipe-canada-remporte-lor-au-cdio-u25-de-la-coupe-des-nations-de-wellington\/#primaryimage\"},\"thumbnailUrl\":\"https:\/\/equestrian.ca\/wp-content\/uploads\/2023\/09\/2021-AGDF-Nations-Cup-Camille-Carier-Bergeron-Beatrice-Boucher-Vanessa-Creech-Terauds-by-Susan-J.-Stickle.jpg\",\"datePublished\":\"2021-03-19T00:00:00+00:00\",\"author\":{\"@id\":\"https:\/\/equestrian.ca\/fr\/#\/schema\/person\/9abd3ba4d1027626b07355668e4ee3ad\"},\"breadcrumb\":{\"@id\":\"https:\/\/equestrian.ca\/fr\/anciens-articles\/equipe-canada-remporte-lor-au-cdio-u25-de-la-coupe-des-nations-de-wellington\/#breadcrumb\"},\"inLanguage\":\"fr-CA\",\"potentialAction\":[{\"@type\":\"ReadAction\",\"target\":[\"https:\/\/equestrian.ca\/fr\/anciens-articles\/equipe-canada-remporte-lor-au-cdio-u25-de-la-coupe-des-nations-de-wellington\/\"]}]},{\"@type\":\"ImageObject\",\"inLanguage\":\"fr-CA\",\"@id\":\"https:\/\/equestrian.ca\/fr\/anciens-articles\/equipe-canada-remporte-lor-au-cdio-u25-de-la-coupe-des-nations-de-wellington\/#primaryimage\",\"url\":\"https:\/\/equestrian.ca\/wp-content\/uploads\/2023\/09\/2021-AGDF-Nations-Cup-Camille-Carier-Bergeron-Beatrice-Boucher-Vanessa-Creech-Terauds-by-Susan-J.-Stickle.jpg\",\"contentUrl\":\"https:\/\/equestrian.ca\/wp-content\/uploads\/2023\/09\/2021-AGDF-Nations-Cup-Camille-Carier-Bergeron-Beatrice-Boucher-Vanessa-Creech-Terauds-by-Susan-J.-Stickle.jpg\",\"width\":700,\"height\":980},{\"@type\":\"BreadcrumbList\",\"@id\":\"https:\/\/equestrian.ca\/fr\/anciens-articles\/equipe-canada-remporte-lor-au-cdio-u25-de-la-coupe-des-nations-de-wellington\/#breadcrumb\",\"itemListElement\":[{\"@type\":\"ListItem\",\"position\":1,\"name\":\"Home\",\"item\":\"https:\/\/equestrian.ca\/fr\/\"},{\"@type\":\"ListItem\",\"position\":2,\"name\":\"\u00c9quipe Canada remporte l\u2019or au CDIO-U25 de la Coupe des nations de Wellington\"}]},{\"@type\":\"WebSite\",\"@id\":\"https:\/\/equestrian.ca\/fr\/#website\",\"url\":\"https:\/\/equestrian.ca\/fr\/\",\"name\":\"Equestrian Canada\",\"description\":\"For the love of horses and sport for life.\",\"potentialAction\":[{\"@type\":\"SearchAction\",\"target\":{\"@type\":\"EntryPoint\",\"urlTemplate\":\"https:\/\/equestrian.ca\/fr\/?s={search_term_string}\"},\"query-input\":{\"@type\":\"PropertyValueSpecification\",\"valueRequired\":true,\"valueName\":\"search_term_string\"}}],\"inLanguage\":\"fr-CA\"},{\"@type\":\"Person\",\"@id\":\"https:\/\/equestrian.ca\/fr\/#\/schema\/person\/9abd3ba4d1027626b07355668e4ee3ad\",\"name\":\"Berry\",\"image\":{\"@type\":\"ImageObject\",\"inLanguage\":\"fr-CA\",\"@id\":\"https:\/\/equestrian.ca\/fr\/#\/schema\/person\/image\/\",\"url\":\"https:\/\/secure.gravatar.com\/avatar\/882da3b67056b0c608086d3c77de46948b64244a4c249e81e0bf04a8095ce320?s=96&d=mm&r=g\",\"contentUrl\":\"https:\/\/secure.gravatar.com\/avatar\/882da3b67056b0c608086d3c77de46948b64244a4c249e81e0bf04a8095ce320?s=96&d=mm&r=g\",\"caption\":\"Berry\"},\"url\":\"https:\/\/equestrian.ca\/fr\/author\/mberry\/\"}]}<\/script>\n<!-- \/ Yoast SEO plugin. -->","yoast_head_json":{"title":"\u00c9quipe Canada remporte l\u2019or au CDIO-U25 de la Coupe des nations de Wellington - Equestrian Canada","robots":{"index":"index","follow":"follow","max-snippet":"max-snippet:-1","max-image-preview":"max-image-preview:large","max-video-preview":"max-video-preview:-1"},"canonical":"https:\/\/equestrian.ca\/fr\/anciens-articles\/equipe-canada-remporte-lor-au-cdio-u25-de-la-coupe-des-nations-de-wellington\/","og_locale":"fr_CA","og_type":"article","og_title":"\u00c9quipe Canada remporte l\u2019or au CDIO-U25 de la Coupe des nations de Wellington - Equestrian Canada","og_description":"L\u2019\u00e9quipe gagnante \u00e9tait compos\u00e9e de Camille Carier Bergeron de Mascouche (Qu\u00e9bec), Vanessa Creech-Terauds de Caistor Centre (Ontario) et Beatrice Boucher de Saint-Dominique (Qu\u00e9bec). La reprise Interm\u00e9diaire II FEI du CDIO-U25 du 17 mars s\u2019est d\u00e9montr\u00e9e cruciale pour le classement du trio. Camille Carier Bergeron, qui a remport\u00e9 la m\u00e9daille de bronze aux \u00e9preuves individuelles et [&hellip;]","og_url":"https:\/\/equestrian.ca\/fr\/anciens-articles\/equipe-canada-remporte-lor-au-cdio-u25-de-la-coupe-des-nations-de-wellington\/","og_site_name":"Equestrian Canada","article_published_time":"2021-03-19T00:00:00+00:00","og_image":[{"width":700,"height":980,"url":"https:\/\/equestrian.ca\/wp-content\/uploads\/2023\/09\/2021-AGDF-Nations-Cup-Camille-Carier-Bergeron-Beatrice-Boucher-Vanessa-Creech-Terauds-by-Susan-J.-Stickle.jpg","type":"image\/jpeg"}],"author":"Berry","twitter_card":"summary_large_image","twitter_misc":{"\u00c9crit par":"Berry","Estimation du temps de lecture":"4 minutes"},"schema":{"@context":"https:\/\/schema.org","@graph":[{"@type":"Article","@id":"https:\/\/equestrian.ca\/fr\/anciens-articles\/equipe-canada-remporte-lor-au-cdio-u25-de-la-coupe-des-nations-de-wellington\/#article","isPartOf":{"@id":"https:\/\/equestrian.ca\/fr\/anciens-articles\/equipe-canada-remporte-lor-au-cdio-u25-de-la-coupe-des-nations-de-wellington\/"},"author":{"name":"Berry","@id":"https:\/\/equestrian.ca\/fr\/#\/schema\/person\/9abd3ba4d1027626b07355668e4ee3ad"},"headline":"\u00c9quipe Canada remporte l\u2019or au CDIO-U25 de la Coupe des nations de Wellington","datePublished":"2021-03-19T00:00:00+00:00","mainEntityOfPage":{"@id":"https:\/\/equestrian.ca\/fr\/anciens-articles\/equipe-canada-remporte-lor-au-cdio-u25-de-la-coupe-des-nations-de-wellington\/"},"wordCount":860,"commentCount":0,"image":{"@id":"https:\/\/equestrian.ca\/fr\/anciens-articles\/equipe-canada-remporte-lor-au-cdio-u25-de-la-coupe-des-nations-de-wellington\/#primaryimage"},"thumbnailUrl":"https:\/\/equestrian.ca\/wp-content\/uploads\/2023\/09\/2021-AGDF-Nations-Cup-Camille-Carier-Bergeron-Beatrice-Boucher-Vanessa-Creech-Terauds-by-Susan-J.-Stickle.jpg","articleSection":["Anciens articles"],"inLanguage":"fr-CA","potentialAction":[{"@type":"CommentAction","name":"Comment","target":["https:\/\/equestrian.ca\/fr\/anciens-articles\/equipe-canada-remporte-lor-au-cdio-u25-de-la-coupe-des-nations-de-wellington\/#respond"]}]},{"@type":"WebPage","@id":"https:\/\/equestrian.ca\/fr\/anciens-articles\/equipe-canada-remporte-lor-au-cdio-u25-de-la-coupe-des-nations-de-wellington\/","url":"https:\/\/equestrian.ca\/fr\/anciens-articles\/equipe-canada-remporte-lor-au-cdio-u25-de-la-coupe-des-nations-de-wellington\/","name":"\u00c9quipe Canada remporte l\u2019or au CDIO-U25 de la Coupe des nations de Wellington - Equestrian Canada","isPartOf":{"@id":"https:\/\/equestrian.ca\/fr\/#website"},"primaryImageOfPage":{"@id":"https:\/\/equestrian.ca\/fr\/anciens-articles\/equipe-canada-remporte-lor-au-cdio-u25-de-la-coupe-des-nations-de-wellington\/#primaryimage"},"image":{"@id":"https:\/\/equestrian.ca\/fr\/anciens-articles\/equipe-canada-remporte-lor-au-cdio-u25-de-la-coupe-des-nations-de-wellington\/#primaryimage"},"thumbnailUrl":"https:\/\/equestrian.ca\/wp-content\/uploads\/2023\/09\/2021-AGDF-Nations-Cup-Camille-Carier-Bergeron-Beatrice-Boucher-Vanessa-Creech-Terauds-by-Susan-J.-Stickle.jpg","datePublished":"2021-03-19T00:00:00+00:00","author":{"@id":"https:\/\/equestrian.ca\/fr\/#\/schema\/person\/9abd3ba4d1027626b07355668e4ee3ad"},"breadcrumb":{"@id":"https:\/\/equestrian.ca\/fr\/anciens-articles\/equipe-canada-remporte-lor-au-cdio-u25-de-la-coupe-des-nations-de-wellington\/#breadcrumb"},"inLanguage":"fr-CA","potentialAction":[{"@type":"ReadAction","target":["https:\/\/equestrian.ca\/fr\/anciens-articles\/equipe-canada-remporte-lor-au-cdio-u25-de-la-coupe-des-nations-de-wellington\/"]}]},{"@type":"ImageObject","inLanguage":"fr-CA","@id":"https:\/\/equestrian.ca\/fr\/anciens-articles\/equipe-canada-remporte-lor-au-cdio-u25-de-la-coupe-des-nations-de-wellington\/#primaryimage","url":"https:\/\/equestrian.ca\/wp-content\/uploads\/2023\/09\/2021-AGDF-Nations-Cup-Camille-Carier-Bergeron-Beatrice-Boucher-Vanessa-Creech-Terauds-by-Susan-J.-Stickle.jpg","contentUrl":"https:\/\/equestrian.ca\/wp-content\/uploads\/2023\/09\/2021-AGDF-Nations-Cup-Camille-Carier-Bergeron-Beatrice-Boucher-Vanessa-Creech-Terauds-by-Susan-J.-Stickle.jpg","width":700,"height":980},{"@type":"BreadcrumbList","@id":"https:\/\/equestrian.ca\/fr\/anciens-articles\/equipe-canada-remporte-lor-au-cdio-u25-de-la-coupe-des-nations-de-wellington\/#breadcrumb","itemListElement":[{"@type":"ListItem","position":1,"name":"Home","item":"https:\/\/equestrian.ca\/fr\/"},{"@type":"ListItem","position":2,"name":"\u00c9quipe Canada remporte l\u2019or au CDIO-U25 de la Coupe des nations de Wellington"}]},{"@type":"WebSite","@id":"https:\/\/equestrian.ca\/fr\/#website","url":"https:\/\/equestrian.ca\/fr\/","name":"Equestrian Canada","description":"For the love of horses and sport for life.","potentialAction":[{"@type":"SearchAction","target":{"@type":"EntryPoint","urlTemplate":"https:\/\/equestrian.ca\/fr\/?s={search_term_string}"},"query-input":{"@type":"PropertyValueSpecification","valueRequired":true,"valueName":"search_term_string"}}],"inLanguage":"fr-CA"},{"@type":"Person","@id":"https:\/\/equestrian.ca\/fr\/#\/schema\/person\/9abd3ba4d1027626b07355668e4ee3ad","name":"Berry","image":{"@type":"ImageObject","inLanguage":"fr-CA","@id":"https:\/\/equestrian.ca\/fr\/#\/schema\/person\/image\/","url":"https:\/\/secure.gravatar.com\/avatar\/882da3b67056b0c608086d3c77de46948b64244a4c249e81e0bf04a8095ce320?s=96&d=mm&r=g","contentUrl":"https:\/\/secure.gravatar.com\/avatar\/882da3b67056b0c608086d3c77de46948b64244a4c249e81e0bf04a8095ce320?s=96&d=mm&r=g","caption":"Berry"},"url":"https:\/\/equestrian.ca\/fr\/author\/mberry\/"}]}},"_links":{"self":[{"href":"https:\/\/equestrian.ca\/fr\/wp-json\/wp\/v2\/posts\/25870","targetHints":{"allow":["GET"]}}],"collection":[{"href":"https:\/\/equestrian.ca\/fr\/wp-json\/wp\/v2\/posts"}],"about":[{"href":"https:\/\/equestrian.ca\/fr\/wp-json\/wp\/v2\/types\/post"}],"author":[{"embeddable":true,"href":"https:\/\/equestrian.ca\/fr\/wp-json\/wp\/v2\/users\/3"}],"replies":[{"embeddable":true,"href":"https:\/\/equestrian.ca\/fr\/wp-json\/wp\/v2\/comments?post=25870"}],"version-history":[{"count":0,"href":"https:\/\/equestrian.ca\/fr\/wp-json\/wp\/v2\/posts\/25870\/revisions"}],"wp:featuredmedia":[{"embeddable":true,"href":"https:\/\/equestrian.ca\/fr\/wp-json\/wp\/v2\/media\/3743"}],"wp:attachment":[{"href":"https:\/\/equestrian.ca\/fr\/wp-json\/wp\/v2\/media?parent=25870"}],"wp:term":[{"taxonomy":"category","embeddable":true,"href":"https:\/\/equestrian.ca\/fr\/wp-json\/wp\/v2\/categories?post=25870"},{"taxonomy":"post_tag","embeddable":true,"href":"https:\/\/equestrian.ca\/fr\/wp-json\/wp\/v2\/tags?post=25870"}],"curies":[{"name":"wp","href":"https:\/\/api.w.org\/{rel}","templated":true}]}}