{"id":25834,"date":"2021-02-18T00:00:00","date_gmt":"2021-02-18T00:00:00","guid":{"rendered":"https:\/\/equestrian.ca\/news\/a-la-memoire-deva-maria-pracht-1937-2021\/"},"modified":"2021-02-18T00:00:00","modified_gmt":"2021-02-18T00:00:00","slug":"a-la-memoire-deva-maria-pracht-1937-2021","status":"publish","type":"post","link":"https:\/\/equestrian.ca\/fr\/anciens-articles\/a-la-memoire-deva-maria-pracht-1937-2021\/","title":{"rendered":"\u00c0 la m\u00e9moire d\u2019Eva Maria Pracht (1937-2021)"},"content":{"rendered":"<p><b>Ottawa (Ontario), le 18 f\u00e9vrier 2021<\/b> \u2013 Canada \u00c9questre (CE) pr\u00e9sente ses plus sinc\u00e8res condol\u00e9ances \u00e0 la famille et aux amis d\u2019Eva \u00ab\u2009<i>Evi\u2009<\/i>\u00bb Maria Pracht de Stouffville (Ontario), d\u00e9c\u00e9d\u00e9e le 15 f\u00e9vrier dernier \u00e0 l\u2019\u00e2ge de 83 ans.<\/p>\n<p>Evi a \u00e9volu\u00e9 dans le milieu du dressage d\u00e8s son enfance puisqu\u2019elle \u00e9tait la fille de l\u2019athl\u00e8te olympique allemand, Josef Neckermann. En 1981, tout juste un an apr\u00e8s avoir quitt\u00e9 l\u2019Allemagne de l\u2019Ouest pour s\u2019installer au Canada, elle a repr\u00e9sent\u00e9 son pays d\u2019adoption dans le cadre d\u2019une \u00e9preuve pr\u00e9paratoire aux Jeux \u00e9questres mondiaux. En 1984, elle a fait ses d\u00e9buts aux Jeux olympiques de Los Angeles sous l\u2019unifoli\u00e9 rouge et blanc avec son cheval Little Joe. <\/p>\n<p>Le dressage \u00e9tait tr\u00e8s peu connu au Canada dans les ann\u00e9es quatre-vingt. Tandis qu\u2019elle continuait de viser l\u2019excellence pour elle-m\u00eame, Evi a accueilli avec g\u00e9n\u00e9rosit\u00e9 tous ceux et celles qui souhaitent apprendre. En 1986, elle et son mari, Hans Pracht, ont r\u00e9ussi \u00e0 convaincre les organisateurs des Championnats mondiaux de dressage d\u2019innover en choisissant le Canada au lieu de l\u2019Europe pour les pr\u00e9senter. Le site des Pracht, <i>International Equestrian Sport Services Ltd<\/i>, de Cedar Valley (Ontario), est ainsi devenu le th\u00e9\u00e2tre de prestations de calibre mondial \u2013 du jamais vu pour le public canadien. Evi, qui y a particip\u00e9 avec Emirage, son Warmblood su\u00e9dois, s\u2019est class\u00e9e parmi les trois premiers. <\/p>\n<p>C\u2019est d\u2019ailleurs avec ce cheval qu\u2019Evi a gravi les \u00e9chelons pour rejoindre le sommet des podiums internationaux. Gr\u00e2ce \u00e0 la contribution de ce couple, l\u2019\u00c9quipe canadienne de dressage a remport\u00e9 la m\u00e9daille d\u2019or aux Jeux panam\u00e9ricains d\u2019Indianapolis de 1987 et, l\u2019ann\u00e9e suivante, la m\u00e9daille de bronze aux Jeux olympiques de S\u00e9oul. Evi a rejoint l\u2019\u00e9quipe canadienne une ultime fois dans le cadre de la Coupe du monde de 1991.  <\/p>\n<p>Tout au long de sa carri\u00e8re d\u2019athl\u00e8te et des d\u00e9cennies qui ont suivi, Evi a poursuivi son travail d\u2019encadrement d\u2019athl\u00e8tes de haut niveau. Elle a donn\u00e9 son appui \u00e0 sa fille, Martina Pracht, en lui confiant les r\u00eanes d\u2019Emirage en vue des Jeux olympiques de Barcelone de 1992. Elle a prodigu\u00e9 des conseils \u00e0 Ashley Holzer, une olympienne \u00e0 quatre reprises qui avait \u00e9t\u00e9 sa co\u00e9quipi\u00e8re \u00e0 S\u00e9oul. Elle a \u00e9galement dispens\u00e9 son enseignement \u00e0 Tina Irwin, qui a \u00e9t\u00e9 m\u00e9daill\u00e9e d\u2019or en individuel et en \u00e9quipe aux Jeux panam\u00e9ricains de Lima de 2019. L\u2019immuable passion d\u2019Evi pour le sport, la profondeur de ses connaissances et son esprit positif faisaient en sorte que sa pr\u00e9sence \u00e9tait appr\u00e9ci\u00e9e et fort recherch\u00e9e sur les terrains de concours.<\/p>\n<p>\u00ab\u2009Evi a marqu\u00e9 \u00e0 jamais notre collectivit\u00e9 et sa disparition est vivement ressentie dans tout le pays\u2009\u00bb, souligne Meg Krueger, chef de la direction de CE. \u00ab\u2009En qualit\u00e9 d\u2019athl\u00e8te, d\u2019entra\u00eeneure et d\u2019inlassables organisatrice et promotrice de concours, elle a transform\u00e9 le sport de dressage au Canada et lui a insuffl\u00e9 la prosp\u00e9rit\u00e9 qu\u2019il connait aujourd\u2019hui. Ceux et celles qui ont eu le bonheur de suivre ses enseignements transmettent maintenant son immense h\u00e9ritage aux jeunes g\u00e9n\u00e9rations.\u2009\u00bb <\/p>\n<p>Eva Maria Pracht laisse dans le deuil sa fille Martina et sa petite-fille, Sabrina von Buttlar, qui perp\u00e9tue la tradition \u00e9questre familiale au sein des sports de chasse et de saut d\u2019obstacles.<\/p>\n<\/p>\n<p><center>&#8211; 30 &#8211;<\/p>\n<p><\/center><img src='\/wp-content\/uploads\/cdn\/storage\/images_v2\/Caught on Camera - Eva Marie Pracht &#038; Benji - by Cealy Tetley.jpg' alt='In Memoriam: Eva Maria Pracht (1937-2021)' \/><\/p>\n<p><b>PHOTO <\/b>\u2013 Canada \u00c9questre offre ses plus sinc\u00e8res condol\u00e9ances \u00e0 la famille et aux amis de feu Eva Maria Pracht de Stouffville (Ontario), d\u00e9c\u00e9d\u00e9e le 15 f\u00e9vrier 2021 \u00e0 l\u2019\u00e2ge de 83 ans.<br \/><b>SOURCE <\/b>\u2013 Cealy Tetley&nbsp;<\/p>\n","protected":false},"excerpt":{"rendered":"<p>Ottawa (Ontario), le 18 f\u00e9vrier 2021 \u2013 Canada \u00c9questre (CE) pr\u00e9sente ses plus sinc\u00e8res condol\u00e9ances \u00e0 la famille et aux amis d\u2019Eva \u00ab\u2009Evi\u2009\u00bb Maria Pracht de Stouffville (Ontario), d\u00e9c\u00e9d\u00e9e le 15 f\u00e9vrier dernier \u00e0 l\u2019\u00e2ge de 83 ans. Evi a \u00e9volu\u00e9 dans le milieu du dressage d\u00e8s son enfance puisqu\u2019elle \u00e9tait la fille de l\u2019athl\u00e8te [&hellip;]<\/p>\n","protected":false},"author":3,"featured_media":3733,"comment_status":"open","ping_status":"open","sticky":false,"template":"","format":"standard","meta":{"_acf_changed":false,"footnotes":""},"categories":[241],"tags":[],"class_list":["post-25834","post","type-post","status-publish","format-standard","has-post-thumbnail","hentry","category-anciens-articles"],"acf":[],"yoast_head":"<!-- This site is optimized with the Yoast SEO plugin v27.0 - https:\/\/yoast.com\/product\/yoast-seo-wordpress\/ -->\n<title>\u00c0 la m\u00e9moire d\u2019Eva Maria Pracht (1937-2021) - Equestrian Canada<\/title>\n<meta name=\"robots\" content=\"index, follow, max-snippet:-1, max-image-preview:large, max-video-preview:-1\" \/>\n<link rel=\"canonical\" href=\"https:\/\/equestrian.ca\/fr\/anciens-articles\/a-la-memoire-deva-maria-pracht-1937-2021\/\" \/>\n<meta property=\"og:locale\" content=\"fr_CA\" \/>\n<meta property=\"og:type\" content=\"article\" \/>\n<meta property=\"og:title\" content=\"\u00c0 la m\u00e9moire d\u2019Eva Maria Pracht (1937-2021) - Equestrian Canada\" \/>\n<meta property=\"og:description\" content=\"Ottawa (Ontario), le 18 f\u00e9vrier 2021 \u2013 Canada \u00c9questre (CE) pr\u00e9sente ses plus sinc\u00e8res condol\u00e9ances \u00e0 la famille et aux amis d\u2019Eva \u00ab\u2009Evi\u2009\u00bb Maria Pracht de Stouffville (Ontario), d\u00e9c\u00e9d\u00e9e le 15 f\u00e9vrier dernier \u00e0 l\u2019\u00e2ge de 83 ans. Evi a \u00e9volu\u00e9 dans le milieu du dressage d\u00e8s son enfance puisqu\u2019elle \u00e9tait la fille de l\u2019athl\u00e8te [&hellip;]\" \/>\n<meta property=\"og:url\" content=\"https:\/\/equestrian.ca\/fr\/anciens-articles\/a-la-memoire-deva-maria-pracht-1937-2021\/\" \/>\n<meta property=\"og:site_name\" content=\"Equestrian Canada\" \/>\n<meta property=\"article:published_time\" content=\"2021-02-18T00:00:00+00:00\" \/>\n<meta property=\"og:image\" content=\"https:\/\/equestrian.ca\/wp-content\/uploads\/2023\/09\/Caught-on-Camera-Eva-Marie-Pracht-Benji-by-Cealy-Tetley.jpg\" \/>\n\t<meta property=\"og:image:width\" content=\"550\" \/>\n\t<meta property=\"og:image:height\" content=\"737\" \/>\n\t<meta property=\"og:image:type\" content=\"image\/jpeg\" \/>\n<meta name=\"author\" content=\"Berry\" \/>\n<meta name=\"twitter:card\" content=\"summary_large_image\" \/>\n<meta name=\"twitter:label1\" content=\"\u00c9crit par\" \/>\n\t<meta name=\"twitter:data1\" content=\"Berry\" \/>\n\t<meta name=\"twitter:label2\" content=\"Estimation du temps de lecture\" \/>\n\t<meta name=\"twitter:data2\" content=\"3 minutes\" \/>\n<script type=\"application\/ld+json\" class=\"yoast-schema-graph\">{\"@context\":\"https:\/\/schema.org\",\"@graph\":[{\"@type\":\"Article\",\"@id\":\"https:\/\/equestrian.ca\/fr\/anciens-articles\/a-la-memoire-deva-maria-pracht-1937-2021\/#article\",\"isPartOf\":{\"@id\":\"https:\/\/equestrian.ca\/fr\/anciens-articles\/a-la-memoire-deva-maria-pracht-1937-2021\/\"},\"author\":{\"name\":\"Berry\",\"@id\":\"https:\/\/equestrian.ca\/fr\/#\/schema\/person\/9abd3ba4d1027626b07355668e4ee3ad\"},\"headline\":\"\u00c0 la m\u00e9moire d\u2019Eva Maria Pracht (1937-2021)\",\"datePublished\":\"2021-02-18T00:00:00+00:00\",\"mainEntityOfPage\":{\"@id\":\"https:\/\/equestrian.ca\/fr\/anciens-articles\/a-la-memoire-deva-maria-pracht-1937-2021\/\"},\"wordCount\":638,\"commentCount\":0,\"image\":{\"@id\":\"https:\/\/equestrian.ca\/fr\/anciens-articles\/a-la-memoire-deva-maria-pracht-1937-2021\/#primaryimage\"},\"thumbnailUrl\":\"https:\/\/equestrian.ca\/wp-content\/uploads\/2023\/09\/Caught-on-Camera-Eva-Marie-Pracht-Benji-by-Cealy-Tetley.jpg\",\"articleSection\":[\"Anciens articles\"],\"inLanguage\":\"fr-CA\",\"potentialAction\":[{\"@type\":\"CommentAction\",\"name\":\"Comment\",\"target\":[\"https:\/\/equestrian.ca\/fr\/anciens-articles\/a-la-memoire-deva-maria-pracht-1937-2021\/#respond\"]}]},{\"@type\":\"WebPage\",\"@id\":\"https:\/\/equestrian.ca\/fr\/anciens-articles\/a-la-memoire-deva-maria-pracht-1937-2021\/\",\"url\":\"https:\/\/equestrian.ca\/fr\/anciens-articles\/a-la-memoire-deva-maria-pracht-1937-2021\/\",\"name\":\"\u00c0 la m\u00e9moire d\u2019Eva Maria Pracht (1937-2021) - Equestrian Canada\",\"isPartOf\":{\"@id\":\"https:\/\/equestrian.ca\/fr\/#website\"},\"primaryImageOfPage\":{\"@id\":\"https:\/\/equestrian.ca\/fr\/anciens-articles\/a-la-memoire-deva-maria-pracht-1937-2021\/#primaryimage\"},\"image\":{\"@id\":\"https:\/\/equestrian.ca\/fr\/anciens-articles\/a-la-memoire-deva-maria-pracht-1937-2021\/#primaryimage\"},\"thumbnailUrl\":\"https:\/\/equestrian.ca\/wp-content\/uploads\/2023\/09\/Caught-on-Camera-Eva-Marie-Pracht-Benji-by-Cealy-Tetley.jpg\",\"datePublished\":\"2021-02-18T00:00:00+00:00\",\"author\":{\"@id\":\"https:\/\/equestrian.ca\/fr\/#\/schema\/person\/9abd3ba4d1027626b07355668e4ee3ad\"},\"breadcrumb\":{\"@id\":\"https:\/\/equestrian.ca\/fr\/anciens-articles\/a-la-memoire-deva-maria-pracht-1937-2021\/#breadcrumb\"},\"inLanguage\":\"fr-CA\",\"potentialAction\":[{\"@type\":\"ReadAction\",\"target\":[\"https:\/\/equestrian.ca\/fr\/anciens-articles\/a-la-memoire-deva-maria-pracht-1937-2021\/\"]}]},{\"@type\":\"ImageObject\",\"inLanguage\":\"fr-CA\",\"@id\":\"https:\/\/equestrian.ca\/fr\/anciens-articles\/a-la-memoire-deva-maria-pracht-1937-2021\/#primaryimage\",\"url\":\"https:\/\/equestrian.ca\/wp-content\/uploads\/2023\/09\/Caught-on-Camera-Eva-Marie-Pracht-Benji-by-Cealy-Tetley.jpg\",\"contentUrl\":\"https:\/\/equestrian.ca\/wp-content\/uploads\/2023\/09\/Caught-on-Camera-Eva-Marie-Pracht-Benji-by-Cealy-Tetley.jpg\",\"width\":550,\"height\":737},{\"@type\":\"BreadcrumbList\",\"@id\":\"https:\/\/equestrian.ca\/fr\/anciens-articles\/a-la-memoire-deva-maria-pracht-1937-2021\/#breadcrumb\",\"itemListElement\":[{\"@type\":\"ListItem\",\"position\":1,\"name\":\"Home\",\"item\":\"https:\/\/equestrian.ca\/fr\/\"},{\"@type\":\"ListItem\",\"position\":2,\"name\":\"\u00c0 la m\u00e9moire d\u2019Eva Maria Pracht (1937-2021)\"}]},{\"@type\":\"WebSite\",\"@id\":\"https:\/\/equestrian.ca\/fr\/#website\",\"url\":\"https:\/\/equestrian.ca\/fr\/\",\"name\":\"Equestrian Canada\",\"description\":\"For the love of horses and sport for life.\",\"potentialAction\":[{\"@type\":\"SearchAction\",\"target\":{\"@type\":\"EntryPoint\",\"urlTemplate\":\"https:\/\/equestrian.ca\/fr\/?s={search_term_string}\"},\"query-input\":{\"@type\":\"PropertyValueSpecification\",\"valueRequired\":true,\"valueName\":\"search_term_string\"}}],\"inLanguage\":\"fr-CA\"},{\"@type\":\"Person\",\"@id\":\"https:\/\/equestrian.ca\/fr\/#\/schema\/person\/9abd3ba4d1027626b07355668e4ee3ad\",\"name\":\"Berry\",\"image\":{\"@type\":\"ImageObject\",\"inLanguage\":\"fr-CA\",\"@id\":\"https:\/\/equestrian.ca\/fr\/#\/schema\/person\/image\/\",\"url\":\"https:\/\/secure.gravatar.com\/avatar\/882da3b67056b0c608086d3c77de46948b64244a4c249e81e0bf04a8095ce320?s=96&d=mm&r=g\",\"contentUrl\":\"https:\/\/secure.gravatar.com\/avatar\/882da3b67056b0c608086d3c77de46948b64244a4c249e81e0bf04a8095ce320?s=96&d=mm&r=g\",\"caption\":\"Berry\"},\"url\":\"https:\/\/equestrian.ca\/fr\/author\/mberry\/\"}]}<\/script>\n<!-- \/ Yoast SEO plugin. -->","yoast_head_json":{"title":"\u00c0 la m\u00e9moire d\u2019Eva Maria Pracht (1937-2021) - Equestrian Canada","robots":{"index":"index","follow":"follow","max-snippet":"max-snippet:-1","max-image-preview":"max-image-preview:large","max-video-preview":"max-video-preview:-1"},"canonical":"https:\/\/equestrian.ca\/fr\/anciens-articles\/a-la-memoire-deva-maria-pracht-1937-2021\/","og_locale":"fr_CA","og_type":"article","og_title":"\u00c0 la m\u00e9moire d\u2019Eva Maria Pracht (1937-2021) - Equestrian Canada","og_description":"Ottawa (Ontario), le 18 f\u00e9vrier 2021 \u2013 Canada \u00c9questre (CE) pr\u00e9sente ses plus sinc\u00e8res condol\u00e9ances \u00e0 la famille et aux amis d\u2019Eva \u00ab\u2009Evi\u2009\u00bb Maria Pracht de Stouffville (Ontario), d\u00e9c\u00e9d\u00e9e le 15 f\u00e9vrier dernier \u00e0 l\u2019\u00e2ge de 83 ans. Evi a \u00e9volu\u00e9 dans le milieu du dressage d\u00e8s son enfance puisqu\u2019elle \u00e9tait la fille de l\u2019athl\u00e8te [&hellip;]","og_url":"https:\/\/equestrian.ca\/fr\/anciens-articles\/a-la-memoire-deva-maria-pracht-1937-2021\/","og_site_name":"Equestrian Canada","article_published_time":"2021-02-18T00:00:00+00:00","og_image":[{"width":550,"height":737,"url":"https:\/\/equestrian.ca\/wp-content\/uploads\/2023\/09\/Caught-on-Camera-Eva-Marie-Pracht-Benji-by-Cealy-Tetley.jpg","type":"image\/jpeg"}],"author":"Berry","twitter_card":"summary_large_image","twitter_misc":{"\u00c9crit par":"Berry","Estimation du temps de lecture":"3 minutes"},"schema":{"@context":"https:\/\/schema.org","@graph":[{"@type":"Article","@id":"https:\/\/equestrian.ca\/fr\/anciens-articles\/a-la-memoire-deva-maria-pracht-1937-2021\/#article","isPartOf":{"@id":"https:\/\/equestrian.ca\/fr\/anciens-articles\/a-la-memoire-deva-maria-pracht-1937-2021\/"},"author":{"name":"Berry","@id":"https:\/\/equestrian.ca\/fr\/#\/schema\/person\/9abd3ba4d1027626b07355668e4ee3ad"},"headline":"\u00c0 la m\u00e9moire d\u2019Eva Maria Pracht (1937-2021)","datePublished":"2021-02-18T00:00:00+00:00","mainEntityOfPage":{"@id":"https:\/\/equestrian.ca\/fr\/anciens-articles\/a-la-memoire-deva-maria-pracht-1937-2021\/"},"wordCount":638,"commentCount":0,"image":{"@id":"https:\/\/equestrian.ca\/fr\/anciens-articles\/a-la-memoire-deva-maria-pracht-1937-2021\/#primaryimage"},"thumbnailUrl":"https:\/\/equestrian.ca\/wp-content\/uploads\/2023\/09\/Caught-on-Camera-Eva-Marie-Pracht-Benji-by-Cealy-Tetley.jpg","articleSection":["Anciens articles"],"inLanguage":"fr-CA","potentialAction":[{"@type":"CommentAction","name":"Comment","target":["https:\/\/equestrian.ca\/fr\/anciens-articles\/a-la-memoire-deva-maria-pracht-1937-2021\/#respond"]}]},{"@type":"WebPage","@id":"https:\/\/equestrian.ca\/fr\/anciens-articles\/a-la-memoire-deva-maria-pracht-1937-2021\/","url":"https:\/\/equestrian.ca\/fr\/anciens-articles\/a-la-memoire-deva-maria-pracht-1937-2021\/","name":"\u00c0 la m\u00e9moire d\u2019Eva Maria Pracht (1937-2021) - Equestrian Canada","isPartOf":{"@id":"https:\/\/equestrian.ca\/fr\/#website"},"primaryImageOfPage":{"@id":"https:\/\/equestrian.ca\/fr\/anciens-articles\/a-la-memoire-deva-maria-pracht-1937-2021\/#primaryimage"},"image":{"@id":"https:\/\/equestrian.ca\/fr\/anciens-articles\/a-la-memoire-deva-maria-pracht-1937-2021\/#primaryimage"},"thumbnailUrl":"https:\/\/equestrian.ca\/wp-content\/uploads\/2023\/09\/Caught-on-Camera-Eva-Marie-Pracht-Benji-by-Cealy-Tetley.jpg","datePublished":"2021-02-18T00:00:00+00:00","author":{"@id":"https:\/\/equestrian.ca\/fr\/#\/schema\/person\/9abd3ba4d1027626b07355668e4ee3ad"},"breadcrumb":{"@id":"https:\/\/equestrian.ca\/fr\/anciens-articles\/a-la-memoire-deva-maria-pracht-1937-2021\/#breadcrumb"},"inLanguage":"fr-CA","potentialAction":[{"@type":"ReadAction","target":["https:\/\/equestrian.ca\/fr\/anciens-articles\/a-la-memoire-deva-maria-pracht-1937-2021\/"]}]},{"@type":"ImageObject","inLanguage":"fr-CA","@id":"https:\/\/equestrian.ca\/fr\/anciens-articles\/a-la-memoire-deva-maria-pracht-1937-2021\/#primaryimage","url":"https:\/\/equestrian.ca\/wp-content\/uploads\/2023\/09\/Caught-on-Camera-Eva-Marie-Pracht-Benji-by-Cealy-Tetley.jpg","contentUrl":"https:\/\/equestrian.ca\/wp-content\/uploads\/2023\/09\/Caught-on-Camera-Eva-Marie-Pracht-Benji-by-Cealy-Tetley.jpg","width":550,"height":737},{"@type":"BreadcrumbList","@id":"https:\/\/equestrian.ca\/fr\/anciens-articles\/a-la-memoire-deva-maria-pracht-1937-2021\/#breadcrumb","itemListElement":[{"@type":"ListItem","position":1,"name":"Home","item":"https:\/\/equestrian.ca\/fr\/"},{"@type":"ListItem","position":2,"name":"\u00c0 la m\u00e9moire d\u2019Eva Maria Pracht (1937-2021)"}]},{"@type":"WebSite","@id":"https:\/\/equestrian.ca\/fr\/#website","url":"https:\/\/equestrian.ca\/fr\/","name":"Equestrian Canada","description":"For the love of horses and sport for life.","potentialAction":[{"@type":"SearchAction","target":{"@type":"EntryPoint","urlTemplate":"https:\/\/equestrian.ca\/fr\/?s={search_term_string}"},"query-input":{"@type":"PropertyValueSpecification","valueRequired":true,"valueName":"search_term_string"}}],"inLanguage":"fr-CA"},{"@type":"Person","@id":"https:\/\/equestrian.ca\/fr\/#\/schema\/person\/9abd3ba4d1027626b07355668e4ee3ad","name":"Berry","image":{"@type":"ImageObject","inLanguage":"fr-CA","@id":"https:\/\/equestrian.ca\/fr\/#\/schema\/person\/image\/","url":"https:\/\/secure.gravatar.com\/avatar\/882da3b67056b0c608086d3c77de46948b64244a4c249e81e0bf04a8095ce320?s=96&d=mm&r=g","contentUrl":"https:\/\/secure.gravatar.com\/avatar\/882da3b67056b0c608086d3c77de46948b64244a4c249e81e0bf04a8095ce320?s=96&d=mm&r=g","caption":"Berry"},"url":"https:\/\/equestrian.ca\/fr\/author\/mberry\/"}]}},"_links":{"self":[{"href":"https:\/\/equestrian.ca\/fr\/wp-json\/wp\/v2\/posts\/25834","targetHints":{"allow":["GET"]}}],"collection":[{"href":"https:\/\/equestrian.ca\/fr\/wp-json\/wp\/v2\/posts"}],"about":[{"href":"https:\/\/equestrian.ca\/fr\/wp-json\/wp\/v2\/types\/post"}],"author":[{"embeddable":true,"href":"https:\/\/equestrian.ca\/fr\/wp-json\/wp\/v2\/users\/3"}],"replies":[{"embeddable":true,"href":"https:\/\/equestrian.ca\/fr\/wp-json\/wp\/v2\/comments?post=25834"}],"version-history":[{"count":0,"href":"https:\/\/equestrian.ca\/fr\/wp-json\/wp\/v2\/posts\/25834\/revisions"}],"wp:featuredmedia":[{"embeddable":true,"href":"https:\/\/equestrian.ca\/fr\/wp-json\/wp\/v2\/media\/3733"}],"wp:attachment":[{"href":"https:\/\/equestrian.ca\/fr\/wp-json\/wp\/v2\/media?parent=25834"}],"wp:term":[{"taxonomy":"category","embeddable":true,"href":"https:\/\/equestrian.ca\/fr\/wp-json\/wp\/v2\/categories?post=25834"},{"taxonomy":"post_tag","embeddable":true,"href":"https:\/\/equestrian.ca\/fr\/wp-json\/wp\/v2\/tags?post=25834"}],"curies":[{"name":"wp","href":"https:\/\/api.w.org\/{rel}","templated":true}]}}