{"id":25807,"date":"2022-09-18T00:00:00","date_gmt":"2022-09-18T00:00:00","guid":{"rendered":"https:\/\/equestrian.ca\/news\/mise-a-jour-sur-lequipe-canadienne-a-pratoni-et-le-pin-au-haras-le-dimanche-18-septembre\/"},"modified":"2022-09-18T00:00:00","modified_gmt":"2022-09-18T00:00:00","slug":"mise-a-jour-sur-lequipe-canadienne-a-pratoni-et-le-pin-au-haras-le-dimanche-18-septembre","status":"publish","type":"post","link":"https:\/\/equestrian.ca\/fr\/anciens-articles\/mise-a-jour-sur-lequipe-canadienne-a-pratoni-et-le-pin-au-haras-le-dimanche-18-septembre\/","title":{"rendered":"Mise \u00e0 jour sur l\u2019\u00e9quipe canadienne \u00e0 Pratoni et Le Pin-au-Haras \u2013 le dimanche 18 septembre"},"content":{"rendered":"<p><img src='\/wp-content\/uploads\/cdn\/storage\/images_v2\/Cyber_PratoniFrance.jpg' alt='Team Canada Pratoni and Le Pin-au-Haras Updates \u2013 Sunday Sept. 18' \/><img src='\/wp-content\/uploads\/cdn\/storage\/images_v2\/Eventing-Pratoni_FRE.jpg' alt='Team Canada Pratoni and Le Pin-au-Haras Updates \u2013 Sunday Sept. 18' \/><\/p>\n<p>Apr\u00e8s avoir r\u00e9gl\u00e9 un diff\u00e9rend au sujet du classement de la Grande-Bretagne, qui a termin\u00e9 au pied du podium, l\u2019Allemagne a \u00e9t\u00e9 d\u00e9clar\u00e9e grande gagnante de la m\u00e9daille d\u2019or. Les \u00c9tats-Unis ont \u00e9t\u00e9 m\u00e9daill\u00e9s d\u2019argent et la Nouvelle-Z\u00e9lande a pris la m\u00e9daille de bronze. Chez les athl\u00e8tes participant en individuel, l\u2019or est all\u00e9 \u00e0 la Britannique Yasmin Ingham avec son partenaire Banzai du Loir, l\u2019Allemande Julia Krajewski et Amande de B\u2019Neville ont d\u00e9croch\u00e9 l\u2019argent, tandis que le couple australien Tim Price et Falco gagnaient le bronze.<\/p>\n<p>Selon les quotas de qualification attribu\u00e9s \u00e0 ces championnats, les sept premiers pays, soit l\u2019Allemagne, les \u00c9tats-Unis, l\u2019Australie, la Grande-Bretagne, l\u2019Irlande, la Su\u00e8de et la Suisse, se sont qualifi\u00e9s pour prendre part aux \u00e9preuves de concours complet des Jeux olympiques de Paris (France) en 2024.<\/p>\n<p>Apr\u00e8s avoir pris part \u00e0 la phase de cross-country du samedi, 68 athl\u00e8tes \u00e9taient inscrits \u00e0 l\u2019ultime phase de saut d\u2019obstacles pr\u00e9sent\u00e9e ce dimanche. Les quatre athl\u00e8tes du Canada \u00e9taient : <b>Dana Cooke<\/b> (en individuel) et trois membres de l\u2019\u00e9quipe, <b>Hawley Awad<\/b>, <b>Holly Jacks<\/b> et <b>Mike Winter<\/b>.<\/p>\n<p>Cr\u00e9\u00e9 par le concepteur italien Uliano Vezzani, le parcours pr\u00e9sentait 13 obstacles avec 16 efforts de saut \u00e0 compl\u00e9ter en 90 secondes. Selon certains, ce parcours \u00e9tait l\u2019un des plus difficiles auxquels les participants et participantes ont \u00e9t\u00e9 confront\u00e9s au cours de leur carri\u00e8re en concours complet. L\u2019\u00e9preuve a d\u00e9but\u00e9 tr\u00e8s t\u00f4t dans l\u2019ordre inverse du classement au terme du cross-country.&nbsp;<\/p>\n<p><img src='\/wp-content\/uploads\/cdn\/storage\/images_v2\/Mike Winter and El Mundo Day 3 by Cealy Tetley.png' alt='Team Canada Pratoni and Le Pin-au-Haras Updates \u2013 Sunday Sept. 18' \/><\/p>\n<p><i>Holly Jacks et Candy King<br \/><b>Source <\/b>: Cealy Tetley<\/i><\/p>\n<p>Au terme de sa premi\u00e8re exp\u00e9rience avec l\u2019\u00e9quipe canadienne, Holly Jacks se dit heureuse tout en admettant qu\u2019elle n\u2019a pas tout \u00e0 fait rejoint le niveau esp\u00e9r\u00e9. Elle a livr\u00e9 la seconde performance de l\u2019\u00e9quipe et ajout\u00e9 93 points au r\u00e9sultat final de l\u2019\u00e9quipe.<\/p>\n<p>\u00ab Je vise toujours plus haut, dit-elle. Toutefois, il s\u2019agit d\u2019une premi\u00e8re exp\u00e9rience en \u00e9quipe tant pour moi que pour mon jeune cheval, et nous avons r\u00e9ussi \u00e0 inscrire un r\u00e9sultat complet. Je vais certainement vouloir am\u00e9liorer ce r\u00e9sultat la prochaine fois. Je repars avec un cheval plus confiant et c\u2019est tout \u00e0 fait la m\u00eame chose pour moi. \u00bb<\/p>\n<p><img src='\/wp-content\/uploads\/cdn\/storage\/images_v2\/Holly Jacks and Candy King Day 3 by Cealy Tetley.jpg' alt='Team Canada Pratoni and Le Pin-au-Haras Updates \u2013 Sunday Sept. 18' \/><\/p>\n<p><i>Hawley Awad et Jollybo<br \/><b>Source<\/b> : Cealy Tetley<\/i><\/p>\n<p>La chance n\u2019a pas souri \u00e0 la cavali\u00e8re originaire de la Colombie-Britannique, Hawley Awad, ainsi qu\u2019\u00e0 sa complice de longue date, Jollybo ((Jumbo x Danzig Connection), une jument de 18 ans. Ensemble, elles formaient le couple canadien le mieux class\u00e9 pr\u00e9alablement \u00e0 la phase de saut d\u2019obstacles. Au terme de celle-ci, le couple \u00e9tait 56e avec un r\u00e9sultat de 88,8.<\/p>\n<p>\u00ab Je suis \u00e9videmment tr\u00e8s d\u00e9\u00e7ue. Je ne m\u2019attendais pas \u00e0 cela, car j\u2019ai travaill\u00e9 dur pour m\u2019y pr\u00e9parer et ma jument \u00e9tait au sommet de sa forme \u00bb, a-t-elle affirm\u00e9. \u00ab Je pense que le terrain accident\u00e9 du cross-country d\u2019hier a \u00e9t\u00e9 tr\u00e8s exigeant pour elle. Aujourd\u2019hui, je ne la sentais pas fatigu\u00e9e, mais je voyais qu\u2019elle n\u2019\u00e9tait pas aussi pr\u00e9cise que d\u2019habitude. Cette jument est d\u2019une tr\u00e8s grande g\u00e9n\u00e9rosit\u00e9, et pour cela, je lui donne la plus haute note. \u00bb<\/p>\n<p>La cavali\u00e8re a \u00e9galement offert ses impressions au sujet de l\u2019environnement de l\u2019\u00e9quipe et sur le futur. Elle est bien d\u00e9termin\u00e9e \u00e0 continuer \u00e0 travailler dur : \u00ab Le comit\u00e9 de la haute performance a fait de tr\u00e8s grands changements et nous leur en sommes tr\u00e8s reconnaissants. De notre c\u00f4t\u00e9, Jolly et moi avons travaill\u00e9 tr\u00e8s dur et nous allons retourner \u00e0 l\u2019entra\u00eenement, car je pense qu\u2019elle a encore du potentiel. J\u2019aimerais beaucoup participer aux \u00e9preuves du Kentucky ou de Badminton au printemps. \u00bb<\/p>\n<p><img src='\/wp-content\/uploads\/cdn\/storage\/images_v2\/Hawley Awad and Jollybo Day 3 by Cealy Tetley.jpg' alt='Team Canada Pratoni and Le Pin-au-Haras Updates \u2013 Sunday Sept. 18' \/><\/p>\n<p><i class=\"\">Hawley Awad et Jollybo<br \/><b>Source <\/b>: Cealy Tetley<\/i><\/p>\n<p>La chance n\u2019a pas souri \u00e0 la cavali\u00e8re originaire de la Colombie-Britannique, Hawley Awad, ainsi qu\u2019\u00e0 sa complice de longue date, Jollybo ((Jumbo x Danzig Connection), une jument de 18 ans. Ensemble, elles formaient le couple canadien le mieux class\u00e9 pr\u00e9alablement \u00e0 la phase de saut d\u2019obstacles. Au terme de celle-ci, le couple \u00e9tait 56e avec un r\u00e9sultat de 88,8.<\/p>\n<p>\u00ab Je suis \u00e9videmment tr\u00e8s d\u00e9\u00e7ue. Je ne m\u2019attendais pas \u00e0 cela, car j\u2019ai travaill\u00e9 dur pour m\u2019y pr\u00e9parer et ma jument \u00e9tait au sommet de sa forme \u00bb, a-t-elle affirm\u00e9. \u00ab Je pense que le terrain accident\u00e9 du cross-country d\u2019hier a \u00e9t\u00e9 tr\u00e8s exigeant pour elle. Aujourd\u2019hui, je ne la sentais pas fatigu\u00e9e, mais je voyais qu\u2019elle n\u2019\u00e9tait pas aussi pr\u00e9cise que d\u2019habitude. Cette jument est d\u2019une tr\u00e8s grande g\u00e9n\u00e9rosit\u00e9, et pour cela, je lui donne la plus haute note. \u00bb<\/p>\n<p>La cavali\u00e8re a \u00e9galement offert ses impressions au sujet de l\u2019environnement de l\u2019\u00e9quipe et sur le futur. Elle est bien d\u00e9termin\u00e9e \u00e0 continuer \u00e0 travailler dur : \u00ab Le comit\u00e9 de la haute performance a fait de tr\u00e8s grands changements et nous leur en sommes tr\u00e8s reconnaissants. De notre c\u00f4t\u00e9, Jolly et moi avons travaill\u00e9 tr\u00e8s dur et nous allons retourner \u00e0 l\u2019entra\u00eenement, car je pense qu\u2019elle a encore du potentiel. J\u2019aimerais beaucoup participer aux \u00e9preuves du Kentucky ou de Badminton au printemps. \u00bb<\/p>\n<p><img src='\/wp-content\/uploads\/cdn\/storage\/images_v2\/Dana Cooke and Mississippi Day 3 by Cealy Tetley.jpg' alt='Team Canada Pratoni and Le Pin-au-Haras Updates \u2013 Sunday Sept. 18' \/><\/p>\n<p><i>Dana Cooke et Mississippi<br \/><b>Source <\/b>: Cealy Tetley<\/i><\/p>\n<p>Dana Cooke, une cavali\u00e8re qui participait en individuel pour le Canada, a connu des difficult\u00e9s tout au long du parcours de saut d\u2019obstacles avec Mississippi (Cassini II x Legaat), sa jument de 12 ans. \u00ab Nous sommes parvenues \u00e0 la ligne d\u2019arriv\u00e9e, alors c\u2019est bon \u00bb, a-t-elle dit au sujet de son r\u00e9sultat. \u00ab Lorsque nous sommes all\u00e9es aux Jeux panam\u00e9ricains, nous n\u2019avons pas pu nous rendre \u00e0 la phase de saut d\u2019obstacles. Aujourd\u2019hui, j\u2019ai boucl\u00e9 la boucle, c\u2019est bien, mais il faut dire que j\u2019ai \u00e9t\u00e9 aid\u00e9e par ma jument qui a travaill\u00e9 de toutes ses forces. \u00bb<\/p>\n<p>La chef d\u2019\u00e9quipe Rebecca Howard a r\u00e9sum\u00e9 ainsi le championnat : \u00ab Tout au long du championnat, nous avons vu le classement changer radicalement. Par exemple, la Grande-Bretagne a caus\u00e9 la surprise lorsqu\u2019elle a d\u00fb renoncer au podium. Le parcours de championnat d\u2019aujourd\u2019hui a frapp\u00e9 de plein fouet et nous avons eu droit \u00e0 une comp\u00e9tition des plus captivantes. \u00bb<\/p>\n<p>En r\u00e9fl\u00e9chissant \u00e0 ce qui a \u00e9t\u00e9 accompli par le contingent canadien \u00e0 Pratoni, Howard a mentionn\u00e9 \u00e0 nouveau que les athl\u00e8tes ont \u00e9norm\u00e9ment appris et que cette exp\u00e9rience servira \u00e0 faire progresser leur carri\u00e8re. \u00ab Nous avons observ\u00e9 une tendance similaire dans chaque phase, c\u2019est-\u00e0-dire que nous entrevoyons un tr\u00e8s bel avenir pour nos athl\u00e8tes. En revanche, certains \u00e9l\u00e9ments de leurs parcours les d\u00e9cevront. Voil\u00e0 o\u00f9 nous en sommes. Il importe donc de continuer \u00e0 nous concentrer sur ce qui a bien \u00e9t\u00e9 afin d\u2019\u00e9riger une structure solide que l\u2019on pourra utiliser pour renforcer davantage notre programme, de m\u00eame que les performances de nos athl\u00e8tes. \u00bb<\/p>\n<p>James Hood, le directeur, Haute performance de Canada \u00c9questre (CE), \u00e9tait \u00e9galement le chef de mission de l\u2019\u00e9quipe canadienne \u00e0 Pratoni. Il a partag\u00e9 ses pens\u00e9es sur les championnats et sur le statut de la haute performance en concours complet.<\/p>\n<p>\u00ab Cette saison a \u00e9t\u00e9 plus mouvement\u00e9e en raison de la restructuration du groupe consultatif de la haute performance (GCHP) et du comit\u00e9 de s\u00e9lection de CE \u00bb, a d\u00e9clar\u00e9 M. Hood. \u00ab Les membres du GCHP ont travaill\u00e9 d\u2019arrache-pied pour am\u00e9liorer nos communications et pour amasser des fonds. Une bonne partie de ce succ\u00e8s est d\u00fb au GCHP. Il est aussi important de remercier les propri\u00e9taires et supporteurs de tout le pays et de partout dans le monde, qui ont contribu\u00e9 \u00e0 la lev\u00e9e de fonds et nous ont apport\u00e9 un soutien moral. \u00bb<\/p>\n<p>\u00ab Je tiens particuli\u00e8rement \u00e0 remercier Shane et Kelly Mane d\u2019avoir appuy\u00e9 notre \u00e9quipe \u00bb, a ajout\u00e9 le chef de mission. \u00ab Cette semaine, nous avons prouv\u00e9 que tout le monde \u2013 athl\u00e8tes, propri\u00e9taires, supporteurs, donateurs, proches et amis r\u00e9unis \u2013 fait partie d\u2019\u00c9quipe Canada. \u00bb<\/p>\n<p>\u00ab Il y a encore beaucoup \u00e0 faire, mais nous progressons vers la bonne direction \u00bb, a conclu M. Hood. \u00ab F\u00e9licitations \u00e0 tous nos couples d\u2019athl\u00e8tes. Ils et elles peuvent \u00eatre tr\u00e8s fiers de leurs performances pour le Canada. \u00bb<\/p>\n<p><img src='\/wp-content\/uploads\/cdn\/storage\/images_v2\/Driving-France_FRE.jpg' alt='Team Canada Pratoni and Le Pin-au-Haras Updates \u2013 Sunday Sept. 18' \/><\/p>\n<p><b>Le Pin-au-Haras (France), le 18 septembre 2022<\/b> \u2013 La Canadienne <b>Kelly Houtappels-Bruder<\/b> s\u2019est empar\u00e9e de la m\u00e9daille de bronze en cette derni\u00e8re journ\u00e9e des Championnats du monde d\u2019attelage en simple FEI (F\u00e9d\u00e9ration Equestre Internationale), lesquels \u00e9taient tenus du 15 au 18 septembre \u00e0 Le Pin-au-Haras, en France. La meneuse a d\u00e9rob\u00e9 la troisi\u00e8me place parmi 71 couples athl\u00e8te-cheval.<\/p>\n<p>Kelly Houtappels-Bruder, qui est originaire d\u2019Ariss (Ontario) et r\u00e9side \u00e0 Steensel (Pays-Bas), est entr\u00e9e dans l\u2019ar\u00e8ne sablonneuse de120 m de longueur et 70 m de largeur aux commandes de Flip (Fidertanz x Carprilli), le Oldenburg de 12 ans qu\u2019elle poss\u00e8de en copropri\u00e9t\u00e9 avec son mari Frank Houtappels. Le duo s\u2019est rang\u00e9 au 20e rang du classement de l\u2019\u00e9preuve avec un r\u00e9sultat de 2,90.<\/p>\n<p><img src='\/wp-content\/uploads\/cdn\/storage\/images_v2\/Kelly Houtappels-Bruder4 Day 3 by Melanie Guillamot.png' alt='Team Canada Pratoni and Le Pin-au-Haras Updates \u2013 Sunday Sept. 18' \/><\/p>\n<p><i>Kelly Houtappels-Bruder, Meike Paridaans et Flip<br \/><b>Source <\/b>: Melanie Guillamot<\/i><\/p>\n<p><img src='\/wp-content\/uploads\/cdn\/storage\/images_v2\/Kelly Houtappels-Bruder1 Day 3 by Melanie Guillamot.png' alt='Team Canada Pratoni and Le Pin-au-Haras Updates \u2013 Sunday Sept. 18' \/><\/p>\n<p><i>Kelly Houtappels-Bruder, Meike Paridaans et Flip<br \/><b>Source <\/b>: Melanie Guillamot<\/i><\/p>\n<p>La meneuse et son cheval ont termin\u00e9 troisi\u00e8mes au classement final avec une note de 139,64. Saskia Siebers des Pays-Bas (135,16) s\u2019est empar\u00e9e de la premi\u00e8re place, suivie de pr\u00e8s par la Fran\u00e7aise Marion Vignaud au deuxi\u00e8me rang (136,46). Kelly Houtappels-Bruder et Flip se hissent ainsi pour une deuxi\u00e8me fois sur le podium en Championnats du monde d\u2019attelage en simple de la FEI, ayant d\u00e9j\u00e0 pris l\u2019argent \u00e0 l\u2019\u00e9dition de 2020 \u00e0 Pau, en France.<\/p>\n<p>\u00ab Figor \u00e9tait tellement bon aujourd\u2019hui! \u00bb, a dit Kelly Houtappels-Bruder. \u00ab C\u2019\u00e9tait un parcours difficile. Le temps \u00e9tait tr\u00e8s limit\u00e9 et il y avait beaucoup de virages serr\u00e9s. Nous n\u2019avons rien fait tomber et avons obtenu un peu plus de deux points pour le temps. \u00bb<\/p>\n<p>La meneuse a \u00e9galement exprim\u00e9 ses sentiments \u00e0 propos de sa place sur le podium : \u00ab Je n\u2019aurais pas pu esp\u00e9rer un meilleur r\u00e9sultat. Nous n\u2019avons pas c\u00e9d\u00e9 notre place, mais nous n\u2019\u00e9tions pas en mesure de monter dans le classement. Je suis vraiment fi\u00e8re de mon \u00e9quipe et je suis tr\u00e8s reconnaissante envers ceux et celles qui m\u2019ont soutenue de chez moi. \u00bb<\/p>\n<p>Lorsqu\u2019on lui a demand\u00e9 de parler de ce qui attend son \u00e9quipe \u00e0 l\u2019avenir, l\u2019athl\u00e8te s\u2019est concentr\u00e9e sur le bien-\u00eatre de son cheval : \u00ab Nous retournons \u00e0 la maison demain. Flip aura droit \u00e0 un repos bien m\u00e9rit\u00e9. Nous allons surtout faire de la selle \u00e0 l\u2019automne et nous allons participer \u00e0 des concours de dressage \u00e0 l\u2019hiver. \u00bb<\/p>\n<p><img src='\/wp-content\/uploads\/cdn\/storage\/images_v2\/Kelly Houtappels-Bruder2 Day 3 by Melanie Guillamot.png' alt='Team Canada Pratoni and Le Pin-au-Haras Updates \u2013 Sunday Sept. 18' \/><\/p>\n<p><i>Kelly Houtappels-Bruder, Meike Paridaans et Flip<br \/><b>Source <\/b>: Melanie Guillamot<\/i><\/p>\n<\/p>\n<p><img src='\/wp-content\/uploads\/cdn\/storage\/images_v2\/Kelly Houtappels-Bruder3 Day 3 by Melanie Guillamot.png' alt='Team Canada Pratoni and Le Pin-au-Haras Updates \u2013 Sunday Sept. 18' \/><\/p>\n<p><i>Kelly Houtappels-Bruder, Meike Paridaans et Flip<br \/><b>Source <\/b>: Melanie Guillamot<\/i><\/p>\n<h2>Sur Canada \u00c9questre<\/h2>\n<p>Organe directeur national des sports et de l\u2019industrie \u00e9questres, Canada \u00c9questre (CE) a le mandat de repr\u00e9senter, de promouvoir et de faire progresser tous les int\u00e9r\u00eats \u00e9quins et \u00e9questres. Rassemblant plus de 18\u2009000 titulaires de licence sportive, quelque 90\u2009000 participants inscrits, 11 organismes provinciaux et territoriaux de sport partenaires et plus de 10 organisations nationales affili\u00e9es, CE est un important contributeur \u00e0 la sant\u00e9 sociale, physique, \u00e9motionnelle et financi\u00e8re de l\u2019industrie \u00e9questre canadienne.<\/p>\n<p>Les m\u00e9dias peuvent communiquer avec :<\/p>\n<p>Melanie McLearon<br \/>Directrice, Marketing et communications<br \/><a href=\"mailto:mmclearon@equestrian.ca\" target=\"_blank\" rel=\"noopener\">mmclearon@equestrian.ca<\/a><br \/>Cellulaire : 705-955-7899&nbsp;<\/p>\n","protected":false},"excerpt":{"rendered":"<p>Apr\u00e8s avoir r\u00e9gl\u00e9 un diff\u00e9rend au sujet du classement de la Grande-Bretagne, qui a termin\u00e9 au pied du podium, l\u2019Allemagne a \u00e9t\u00e9 d\u00e9clar\u00e9e grande gagnante de la m\u00e9daille d\u2019or. Les \u00c9tats-Unis ont \u00e9t\u00e9 m\u00e9daill\u00e9s d\u2019argent et la Nouvelle-Z\u00e9lande a pris la m\u00e9daille de bronze. Chez les athl\u00e8tes participant en individuel, l\u2019or est all\u00e9 \u00e0 la [&hellip;]<\/p>\n","protected":false},"author":3,"featured_media":3694,"comment_status":"open","ping_status":"open","sticky":false,"template":"","format":"standard","meta":{"_acf_changed":false,"footnotes":""},"categories":[241],"tags":[],"class_list":["post-25807","post","type-post","status-publish","format-standard","has-post-thumbnail","hentry","category-anciens-articles"],"acf":[],"yoast_head":"<!-- This site is optimized with the Yoast SEO plugin v27.0 - https:\/\/yoast.com\/product\/yoast-seo-wordpress\/ -->\n<title>Mise \u00e0 jour sur l\u2019\u00e9quipe canadienne \u00e0 Pratoni et Le Pin-au-Haras \u2013 le dimanche 18 septembre - Equestrian Canada<\/title>\n<meta name=\"robots\" content=\"index, follow, max-snippet:-1, max-image-preview:large, max-video-preview:-1\" \/>\n<link rel=\"canonical\" href=\"https:\/\/equestrian.ca\/fr\/anciens-articles\/mise-a-jour-sur-lequipe-canadienne-a-pratoni-et-le-pin-au-haras-le-dimanche-18-septembre\/\" \/>\n<meta property=\"og:locale\" content=\"fr_CA\" \/>\n<meta property=\"og:type\" content=\"article\" \/>\n<meta property=\"og:title\" content=\"Mise \u00e0 jour sur l\u2019\u00e9quipe canadienne \u00e0 Pratoni et Le Pin-au-Haras \u2013 le dimanche 18 septembre - Equestrian Canada\" \/>\n<meta property=\"og:description\" content=\"Apr\u00e8s avoir r\u00e9gl\u00e9 un diff\u00e9rend au sujet du classement de la Grande-Bretagne, qui a termin\u00e9 au pied du podium, l\u2019Allemagne a \u00e9t\u00e9 d\u00e9clar\u00e9e grande gagnante de la m\u00e9daille d\u2019or. Les \u00c9tats-Unis ont \u00e9t\u00e9 m\u00e9daill\u00e9s d\u2019argent et la Nouvelle-Z\u00e9lande a pris la m\u00e9daille de bronze. Chez les athl\u00e8tes participant en individuel, l\u2019or est all\u00e9 \u00e0 la [&hellip;]\" \/>\n<meta property=\"og:url\" content=\"https:\/\/equestrian.ca\/fr\/anciens-articles\/mise-a-jour-sur-lequipe-canadienne-a-pratoni-et-le-pin-au-haras-le-dimanche-18-septembre\/\" \/>\n<meta property=\"og:site_name\" content=\"Equestrian Canada\" \/>\n<meta property=\"article:published_time\" content=\"2022-09-18T00:00:00+00:00\" \/>\n<meta property=\"og:image\" content=\"https:\/\/equestrian.ca\/wp-content\/uploads\/2023\/09\/Holly-Jacks-and-Candy-King-Day-3-by-Cealy-Tetley.jpg\" \/>\n\t<meta property=\"og:image:width\" content=\"1600\" \/>\n\t<meta property=\"og:image:height\" content=\"1600\" \/>\n\t<meta property=\"og:image:type\" content=\"image\/jpeg\" \/>\n<meta name=\"author\" content=\"Berry\" \/>\n<meta name=\"twitter:card\" content=\"summary_large_image\" \/>\n<meta name=\"twitter:label1\" content=\"\u00c9crit par\" \/>\n\t<meta name=\"twitter:data1\" content=\"Berry\" \/>\n\t<meta name=\"twitter:label2\" content=\"Estimation du temps de lecture\" \/>\n\t<meta name=\"twitter:data2\" content=\"10 minutes\" \/>\n<script type=\"application\/ld+json\" class=\"yoast-schema-graph\">{\"@context\":\"https:\/\/schema.org\",\"@graph\":[{\"@type\":\"Article\",\"@id\":\"https:\/\/equestrian.ca\/fr\/anciens-articles\/mise-a-jour-sur-lequipe-canadienne-a-pratoni-et-le-pin-au-haras-le-dimanche-18-septembre\/#article\",\"isPartOf\":{\"@id\":\"https:\/\/equestrian.ca\/fr\/anciens-articles\/mise-a-jour-sur-lequipe-canadienne-a-pratoni-et-le-pin-au-haras-le-dimanche-18-septembre\/\"},\"author\":{\"name\":\"Berry\",\"@id\":\"https:\/\/equestrian.ca\/fr\/#\/schema\/person\/9abd3ba4d1027626b07355668e4ee3ad\"},\"headline\":\"Mise \u00e0 jour sur l\u2019\u00e9quipe canadienne \u00e0 Pratoni et Le Pin-au-Haras \u2013 le dimanche 18 septembre\",\"datePublished\":\"2022-09-18T00:00:00+00:00\",\"mainEntityOfPage\":{\"@id\":\"https:\/\/equestrian.ca\/fr\/anciens-articles\/mise-a-jour-sur-lequipe-canadienne-a-pratoni-et-le-pin-au-haras-le-dimanche-18-septembre\/\"},\"wordCount\":1958,\"commentCount\":0,\"image\":{\"@id\":\"https:\/\/equestrian.ca\/fr\/anciens-articles\/mise-a-jour-sur-lequipe-canadienne-a-pratoni-et-le-pin-au-haras-le-dimanche-18-septembre\/#primaryimage\"},\"thumbnailUrl\":\"https:\/\/equestrian.ca\/wp-content\/uploads\/2023\/09\/Holly-Jacks-and-Candy-King-Day-3-by-Cealy-Tetley.jpg\",\"articleSection\":[\"Anciens articles\"],\"inLanguage\":\"fr-CA\",\"potentialAction\":[{\"@type\":\"CommentAction\",\"name\":\"Comment\",\"target\":[\"https:\/\/equestrian.ca\/fr\/anciens-articles\/mise-a-jour-sur-lequipe-canadienne-a-pratoni-et-le-pin-au-haras-le-dimanche-18-septembre\/#respond\"]}]},{\"@type\":\"WebPage\",\"@id\":\"https:\/\/equestrian.ca\/fr\/anciens-articles\/mise-a-jour-sur-lequipe-canadienne-a-pratoni-et-le-pin-au-haras-le-dimanche-18-septembre\/\",\"url\":\"https:\/\/equestrian.ca\/fr\/anciens-articles\/mise-a-jour-sur-lequipe-canadienne-a-pratoni-et-le-pin-au-haras-le-dimanche-18-septembre\/\",\"name\":\"Mise \u00e0 jour sur l\u2019\u00e9quipe canadienne \u00e0 Pratoni et Le Pin-au-Haras \u2013 le dimanche 18 septembre - Equestrian Canada\",\"isPartOf\":{\"@id\":\"https:\/\/equestrian.ca\/fr\/#website\"},\"primaryImageOfPage\":{\"@id\":\"https:\/\/equestrian.ca\/fr\/anciens-articles\/mise-a-jour-sur-lequipe-canadienne-a-pratoni-et-le-pin-au-haras-le-dimanche-18-septembre\/#primaryimage\"},\"image\":{\"@id\":\"https:\/\/equestrian.ca\/fr\/anciens-articles\/mise-a-jour-sur-lequipe-canadienne-a-pratoni-et-le-pin-au-haras-le-dimanche-18-septembre\/#primaryimage\"},\"thumbnailUrl\":\"https:\/\/equestrian.ca\/wp-content\/uploads\/2023\/09\/Holly-Jacks-and-Candy-King-Day-3-by-Cealy-Tetley.jpg\",\"datePublished\":\"2022-09-18T00:00:00+00:00\",\"author\":{\"@id\":\"https:\/\/equestrian.ca\/fr\/#\/schema\/person\/9abd3ba4d1027626b07355668e4ee3ad\"},\"breadcrumb\":{\"@id\":\"https:\/\/equestrian.ca\/fr\/anciens-articles\/mise-a-jour-sur-lequipe-canadienne-a-pratoni-et-le-pin-au-haras-le-dimanche-18-septembre\/#breadcrumb\"},\"inLanguage\":\"fr-CA\",\"potentialAction\":[{\"@type\":\"ReadAction\",\"target\":[\"https:\/\/equestrian.ca\/fr\/anciens-articles\/mise-a-jour-sur-lequipe-canadienne-a-pratoni-et-le-pin-au-haras-le-dimanche-18-septembre\/\"]}]},{\"@type\":\"ImageObject\",\"inLanguage\":\"fr-CA\",\"@id\":\"https:\/\/equestrian.ca\/fr\/anciens-articles\/mise-a-jour-sur-lequipe-canadienne-a-pratoni-et-le-pin-au-haras-le-dimanche-18-septembre\/#primaryimage\",\"url\":\"https:\/\/equestrian.ca\/wp-content\/uploads\/2023\/09\/Holly-Jacks-and-Candy-King-Day-3-by-Cealy-Tetley.jpg\",\"contentUrl\":\"https:\/\/equestrian.ca\/wp-content\/uploads\/2023\/09\/Holly-Jacks-and-Candy-King-Day-3-by-Cealy-Tetley.jpg\",\"width\":1600,\"height\":1600},{\"@type\":\"BreadcrumbList\",\"@id\":\"https:\/\/equestrian.ca\/fr\/anciens-articles\/mise-a-jour-sur-lequipe-canadienne-a-pratoni-et-le-pin-au-haras-le-dimanche-18-septembre\/#breadcrumb\",\"itemListElement\":[{\"@type\":\"ListItem\",\"position\":1,\"name\":\"Home\",\"item\":\"https:\/\/equestrian.ca\/fr\/\"},{\"@type\":\"ListItem\",\"position\":2,\"name\":\"Mise \u00e0 jour sur l\u2019\u00e9quipe canadienne \u00e0 Pratoni et Le Pin-au-Haras \u2013 le dimanche 18 septembre\"}]},{\"@type\":\"WebSite\",\"@id\":\"https:\/\/equestrian.ca\/fr\/#website\",\"url\":\"https:\/\/equestrian.ca\/fr\/\",\"name\":\"Equestrian Canada\",\"description\":\"For the love of horses and sport for life.\",\"potentialAction\":[{\"@type\":\"SearchAction\",\"target\":{\"@type\":\"EntryPoint\",\"urlTemplate\":\"https:\/\/equestrian.ca\/fr\/?s={search_term_string}\"},\"query-input\":{\"@type\":\"PropertyValueSpecification\",\"valueRequired\":true,\"valueName\":\"search_term_string\"}}],\"inLanguage\":\"fr-CA\"},{\"@type\":\"Person\",\"@id\":\"https:\/\/equestrian.ca\/fr\/#\/schema\/person\/9abd3ba4d1027626b07355668e4ee3ad\",\"name\":\"Berry\",\"image\":{\"@type\":\"ImageObject\",\"inLanguage\":\"fr-CA\",\"@id\":\"https:\/\/equestrian.ca\/fr\/#\/schema\/person\/image\/\",\"url\":\"https:\/\/secure.gravatar.com\/avatar\/882da3b67056b0c608086d3c77de46948b64244a4c249e81e0bf04a8095ce320?s=96&d=mm&r=g\",\"contentUrl\":\"https:\/\/secure.gravatar.com\/avatar\/882da3b67056b0c608086d3c77de46948b64244a4c249e81e0bf04a8095ce320?s=96&d=mm&r=g\",\"caption\":\"Berry\"},\"url\":\"https:\/\/equestrian.ca\/fr\/author\/mberry\/\"}]}<\/script>\n<!-- \/ Yoast SEO plugin. -->","yoast_head_json":{"title":"Mise \u00e0 jour sur l\u2019\u00e9quipe canadienne \u00e0 Pratoni et Le Pin-au-Haras \u2013 le dimanche 18 septembre - Equestrian Canada","robots":{"index":"index","follow":"follow","max-snippet":"max-snippet:-1","max-image-preview":"max-image-preview:large","max-video-preview":"max-video-preview:-1"},"canonical":"https:\/\/equestrian.ca\/fr\/anciens-articles\/mise-a-jour-sur-lequipe-canadienne-a-pratoni-et-le-pin-au-haras-le-dimanche-18-septembre\/","og_locale":"fr_CA","og_type":"article","og_title":"Mise \u00e0 jour sur l\u2019\u00e9quipe canadienne \u00e0 Pratoni et Le Pin-au-Haras \u2013 le dimanche 18 septembre - Equestrian Canada","og_description":"Apr\u00e8s avoir r\u00e9gl\u00e9 un diff\u00e9rend au sujet du classement de la Grande-Bretagne, qui a termin\u00e9 au pied du podium, l\u2019Allemagne a \u00e9t\u00e9 d\u00e9clar\u00e9e grande gagnante de la m\u00e9daille d\u2019or. Les \u00c9tats-Unis ont \u00e9t\u00e9 m\u00e9daill\u00e9s d\u2019argent et la Nouvelle-Z\u00e9lande a pris la m\u00e9daille de bronze. Chez les athl\u00e8tes participant en individuel, l\u2019or est all\u00e9 \u00e0 la [&hellip;]","og_url":"https:\/\/equestrian.ca\/fr\/anciens-articles\/mise-a-jour-sur-lequipe-canadienne-a-pratoni-et-le-pin-au-haras-le-dimanche-18-septembre\/","og_site_name":"Equestrian Canada","article_published_time":"2022-09-18T00:00:00+00:00","og_image":[{"width":1600,"height":1600,"url":"https:\/\/equestrian.ca\/wp-content\/uploads\/2023\/09\/Holly-Jacks-and-Candy-King-Day-3-by-Cealy-Tetley.jpg","type":"image\/jpeg"}],"author":"Berry","twitter_card":"summary_large_image","twitter_misc":{"\u00c9crit par":"Berry","Estimation du temps de lecture":"10 minutes"},"schema":{"@context":"https:\/\/schema.org","@graph":[{"@type":"Article","@id":"https:\/\/equestrian.ca\/fr\/anciens-articles\/mise-a-jour-sur-lequipe-canadienne-a-pratoni-et-le-pin-au-haras-le-dimanche-18-septembre\/#article","isPartOf":{"@id":"https:\/\/equestrian.ca\/fr\/anciens-articles\/mise-a-jour-sur-lequipe-canadienne-a-pratoni-et-le-pin-au-haras-le-dimanche-18-septembre\/"},"author":{"name":"Berry","@id":"https:\/\/equestrian.ca\/fr\/#\/schema\/person\/9abd3ba4d1027626b07355668e4ee3ad"},"headline":"Mise \u00e0 jour sur l\u2019\u00e9quipe canadienne \u00e0 Pratoni et Le Pin-au-Haras \u2013 le dimanche 18 septembre","datePublished":"2022-09-18T00:00:00+00:00","mainEntityOfPage":{"@id":"https:\/\/equestrian.ca\/fr\/anciens-articles\/mise-a-jour-sur-lequipe-canadienne-a-pratoni-et-le-pin-au-haras-le-dimanche-18-septembre\/"},"wordCount":1958,"commentCount":0,"image":{"@id":"https:\/\/equestrian.ca\/fr\/anciens-articles\/mise-a-jour-sur-lequipe-canadienne-a-pratoni-et-le-pin-au-haras-le-dimanche-18-septembre\/#primaryimage"},"thumbnailUrl":"https:\/\/equestrian.ca\/wp-content\/uploads\/2023\/09\/Holly-Jacks-and-Candy-King-Day-3-by-Cealy-Tetley.jpg","articleSection":["Anciens articles"],"inLanguage":"fr-CA","potentialAction":[{"@type":"CommentAction","name":"Comment","target":["https:\/\/equestrian.ca\/fr\/anciens-articles\/mise-a-jour-sur-lequipe-canadienne-a-pratoni-et-le-pin-au-haras-le-dimanche-18-septembre\/#respond"]}]},{"@type":"WebPage","@id":"https:\/\/equestrian.ca\/fr\/anciens-articles\/mise-a-jour-sur-lequipe-canadienne-a-pratoni-et-le-pin-au-haras-le-dimanche-18-septembre\/","url":"https:\/\/equestrian.ca\/fr\/anciens-articles\/mise-a-jour-sur-lequipe-canadienne-a-pratoni-et-le-pin-au-haras-le-dimanche-18-septembre\/","name":"Mise \u00e0 jour sur l\u2019\u00e9quipe canadienne \u00e0 Pratoni et Le Pin-au-Haras \u2013 le dimanche 18 septembre - Equestrian Canada","isPartOf":{"@id":"https:\/\/equestrian.ca\/fr\/#website"},"primaryImageOfPage":{"@id":"https:\/\/equestrian.ca\/fr\/anciens-articles\/mise-a-jour-sur-lequipe-canadienne-a-pratoni-et-le-pin-au-haras-le-dimanche-18-septembre\/#primaryimage"},"image":{"@id":"https:\/\/equestrian.ca\/fr\/anciens-articles\/mise-a-jour-sur-lequipe-canadienne-a-pratoni-et-le-pin-au-haras-le-dimanche-18-septembre\/#primaryimage"},"thumbnailUrl":"https:\/\/equestrian.ca\/wp-content\/uploads\/2023\/09\/Holly-Jacks-and-Candy-King-Day-3-by-Cealy-Tetley.jpg","datePublished":"2022-09-18T00:00:00+00:00","author":{"@id":"https:\/\/equestrian.ca\/fr\/#\/schema\/person\/9abd3ba4d1027626b07355668e4ee3ad"},"breadcrumb":{"@id":"https:\/\/equestrian.ca\/fr\/anciens-articles\/mise-a-jour-sur-lequipe-canadienne-a-pratoni-et-le-pin-au-haras-le-dimanche-18-septembre\/#breadcrumb"},"inLanguage":"fr-CA","potentialAction":[{"@type":"ReadAction","target":["https:\/\/equestrian.ca\/fr\/anciens-articles\/mise-a-jour-sur-lequipe-canadienne-a-pratoni-et-le-pin-au-haras-le-dimanche-18-septembre\/"]}]},{"@type":"ImageObject","inLanguage":"fr-CA","@id":"https:\/\/equestrian.ca\/fr\/anciens-articles\/mise-a-jour-sur-lequipe-canadienne-a-pratoni-et-le-pin-au-haras-le-dimanche-18-septembre\/#primaryimage","url":"https:\/\/equestrian.ca\/wp-content\/uploads\/2023\/09\/Holly-Jacks-and-Candy-King-Day-3-by-Cealy-Tetley.jpg","contentUrl":"https:\/\/equestrian.ca\/wp-content\/uploads\/2023\/09\/Holly-Jacks-and-Candy-King-Day-3-by-Cealy-Tetley.jpg","width":1600,"height":1600},{"@type":"BreadcrumbList","@id":"https:\/\/equestrian.ca\/fr\/anciens-articles\/mise-a-jour-sur-lequipe-canadienne-a-pratoni-et-le-pin-au-haras-le-dimanche-18-septembre\/#breadcrumb","itemListElement":[{"@type":"ListItem","position":1,"name":"Home","item":"https:\/\/equestrian.ca\/fr\/"},{"@type":"ListItem","position":2,"name":"Mise \u00e0 jour sur l\u2019\u00e9quipe canadienne \u00e0 Pratoni et Le Pin-au-Haras \u2013 le dimanche 18 septembre"}]},{"@type":"WebSite","@id":"https:\/\/equestrian.ca\/fr\/#website","url":"https:\/\/equestrian.ca\/fr\/","name":"Equestrian Canada","description":"For the love of horses and sport for life.","potentialAction":[{"@type":"SearchAction","target":{"@type":"EntryPoint","urlTemplate":"https:\/\/equestrian.ca\/fr\/?s={search_term_string}"},"query-input":{"@type":"PropertyValueSpecification","valueRequired":true,"valueName":"search_term_string"}}],"inLanguage":"fr-CA"},{"@type":"Person","@id":"https:\/\/equestrian.ca\/fr\/#\/schema\/person\/9abd3ba4d1027626b07355668e4ee3ad","name":"Berry","image":{"@type":"ImageObject","inLanguage":"fr-CA","@id":"https:\/\/equestrian.ca\/fr\/#\/schema\/person\/image\/","url":"https:\/\/secure.gravatar.com\/avatar\/882da3b67056b0c608086d3c77de46948b64244a4c249e81e0bf04a8095ce320?s=96&d=mm&r=g","contentUrl":"https:\/\/secure.gravatar.com\/avatar\/882da3b67056b0c608086d3c77de46948b64244a4c249e81e0bf04a8095ce320?s=96&d=mm&r=g","caption":"Berry"},"url":"https:\/\/equestrian.ca\/fr\/author\/mberry\/"}]}},"_links":{"self":[{"href":"https:\/\/equestrian.ca\/fr\/wp-json\/wp\/v2\/posts\/25807","targetHints":{"allow":["GET"]}}],"collection":[{"href":"https:\/\/equestrian.ca\/fr\/wp-json\/wp\/v2\/posts"}],"about":[{"href":"https:\/\/equestrian.ca\/fr\/wp-json\/wp\/v2\/types\/post"}],"author":[{"embeddable":true,"href":"https:\/\/equestrian.ca\/fr\/wp-json\/wp\/v2\/users\/3"}],"replies":[{"embeddable":true,"href":"https:\/\/equestrian.ca\/fr\/wp-json\/wp\/v2\/comments?post=25807"}],"version-history":[{"count":0,"href":"https:\/\/equestrian.ca\/fr\/wp-json\/wp\/v2\/posts\/25807\/revisions"}],"wp:featuredmedia":[{"embeddable":true,"href":"https:\/\/equestrian.ca\/fr\/wp-json\/wp\/v2\/media\/3694"}],"wp:attachment":[{"href":"https:\/\/equestrian.ca\/fr\/wp-json\/wp\/v2\/media?parent=25807"}],"wp:term":[{"taxonomy":"category","embeddable":true,"href":"https:\/\/equestrian.ca\/fr\/wp-json\/wp\/v2\/categories?post=25807"},{"taxonomy":"post_tag","embeddable":true,"href":"https:\/\/equestrian.ca\/fr\/wp-json\/wp\/v2\/tags?post=25807"}],"curies":[{"name":"wp","href":"https:\/\/api.w.org\/{rel}","templated":true}]}}