{"id":25792,"date":"2019-08-28T00:00:00","date_gmt":"2019-08-28T00:00:00","guid":{"rendered":"https:\/\/equestrian.ca\/news\/cinq-nouveaux-administrateurs-elus-au-ca-de-canada-equestre\/"},"modified":"2019-08-28T00:00:00","modified_gmt":"2019-08-28T00:00:00","slug":"cinq-nouveaux-administrateurs-elus-au-ca-de-canada-equestre","status":"publish","type":"post","link":"https:\/\/equestrian.ca\/fr\/anciens-articles\/cinq-nouveaux-administrateurs-elus-au-ca-de-canada-equestre\/","title":{"rendered":"Cinq nouveaux administrateurs \u00e9lus au CA de Canada \u00c9questre"},"content":{"rendered":"<p>Les r\u00e9sultats de l\u2019\u00e9lection au Conseil sont les suivants :<\/p>\n<table class=\"medium-editor-table\" width=\"100%\">\n<tbody>\n<tr>\n<td>\n<p><b>Nom<\/b><br \/><span style=\"background-color: transparent;\">Bernadette Alexander<br \/><\/span><span style=\"background-color: transparent;\">Mark Goldman<br \/><\/span><span style=\"background-color: transparent;\">Doug Orr<br \/><\/span><span style=\"background-color: transparent;\">Carla Robin<br \/><\/span><span style=\"background-color: transparent;\">Chris Sorensen<br \/><\/span><span style=\"background-color: transparent;\">Beth Underhill<\/span><\/p>\n<\/td>\n<td>\n<p><b>Ville de r\u00e9sidence<br \/><\/b><span style=\"background-color: transparent;\">Calgary, Alb.<br \/><\/span><span style=\"background-color: transparent;\">La Minerve, Qu\u00e9.<br \/><\/span><span style=\"background-color: transparent;\">Lethbridge, Alb.<br \/><\/span><span style=\"background-color: transparent;\">Langley, C.-B.<br \/><\/span><span style=\"background-color: transparent;\">Caledon, Ont.<br \/><\/span><span style=\"background-color: transparent;\">Schomberg, Ont.<\/span><\/p>\n<\/td>\n<td>\n<p><span style=\"background-color: transparent;\"><b>R\u00e9sultat<br \/><\/b><\/span><span style=\"background-color: transparent;\">Non \u00e9lue<br \/><\/span><span style=\"background-color: transparent;\">\u00c9lu pour un mandat de trois (3) ans<br \/><\/span><span style=\"background-color: transparent;\">\u00c9lu pour un mandat de trois (3) ans<br \/><\/span><span style=\"background-color: transparent;\">\u00c9lue pour un mandat de trois (3) ans<br \/><\/span><span style=\"background-color: transparent;\">\u00c9lu pour un mandat de trois (3) ans<br \/><\/span><span style=\"background-color: transparent;\">\u00c9lue pour un mandat d\u2019un (1) an<\/span><\/p>\n<\/td>\n<\/tr>\n<\/tbody>\n<\/table>\n<p>Pour de plus amples d\u00e9tails sur l\u2019\u00e9lection, visitez la page <a href=\"https:\/\/www.canadaequestre.ca\/infos\/gouvernance\" target=\"_blank\" rel=\"noopener\">https:\/\/www.canadaequestre.ca\/infos\/gouvernance<\/a>. De plus, le Comit\u00e9 de mise en candidature produira un rapport au sujet du processus et des r\u00e9sultats de l\u2019\u00e9lection, qui sera pr\u00e9sent\u00e9 dans le cadre de l\u2019Assembl\u00e9e g\u00e9n\u00e9rale annuelle du 25 septembre 2019 et qui sera ensuite publi\u00e9 sur le site Web de CE.<\/p>\n<p>Si Goldman et Underhill se joignent au Conseil de CE pour la premi\u00e8re fois, Orr, Robin et Sorensen sont de retour comme administrateurs. Ils se joindront aux administrateurs d\u00e9j\u00e0 en place pour compl\u00e9ter le Conseil de CE 2019-2020 :<\/p>\n<p>Meg Krueger (President) \u2013 Mississauga, Ont.<br \/>Craig Collins \u2013 Loretto, Ont.<br \/>Charles Cue \u2013 Aylesford, N.-\u00c9.<br \/>Jane Milton \u2013 Vancouver, C.-B.<br \/>Robert Mitchell \u2013 Vancouver, C.-B.<br \/>Robyn Kennedy \u2013 Guelph, Ont.<br \/>Dr. Wayne Burwash \u2013 Calgary, Alb.<\/p>\n<p>Pendant l\u2019appel de candidatures pour le Conseil de CE, pas moins de neuf candidats qualifi\u00e9s ont soumis leur dossier avant la cl\u00f4ture de la p\u00e9riode de mise en candidature du 15 mai 2019. Apr\u00e8s un examen approfondi de tous les candidats, le Comit\u00e9 de candidature de CE a unanimement convenu de mettre le nom de six candidats sur le bulletin de vote. <\/p>\n<p>Les membres votants de CE ont \u00e9t\u00e9 invit\u00e9s \u00e0 soumettre leur bulletin de vote du 29 juillet au 1er ao\u00fbt 2019 afin d\u2019\u00e9lire les candidats. <\/p>\n<p>Il y avait jusqu\u2019\u00e0 cinq (5) postes d\u2019administrateurs \u00e0 pourvoir en 2019. Conform\u00e9ment aux r\u00e8glements administratifs, sous-paragraphe 4.2 d) Transition  :<\/p>\n<p>\u00c0 compter de 2019 et chaque ann\u00e9e par la suite, sous r\u00e9serve de changements aux r\u00e8glements administratifs ou \u00e0 la Loi et d\u2019une augmentation en vue de pourvoir des fonctions vacantes pour le reste d\u2019un mandat, le nombre d\u2019administrateurs \u00e0 \u00e9lire correspondra au nombre d\u2019administrateurs dont le mandat expire l\u2019ann\u00e9e de l\u2019\u00e9lection.<\/p>\n<ul>\n<li>Quatre (4) administrateurs sont \u00e9lus pour un mandat de trois (3) ans se terminant en 2022 et un (1) administrateur est \u00e9lu pour un mandat d\u2019un (1) an se terminant en 2020.<\/li>\n<li>Veuillez prendre note qu\u2019\u00e0 la suite de la d\u00e9mission d\u2019un (1) administrateur dont le mandat se terminait en 2020, le conseil d\u2019administration a choisi de ne pas pourvoir le poste conform\u00e9ment \u00e0 l\u2019article 4.14 des r\u00e8glements administratifs. <\/li>\n<\/ul>\n<p>Pour de plus amples d\u00e9tails sur le CA de Canada \u00c9questre, visitez la page <a href=\"https:\/\/www.canadaequestre.ca\/infos\/gouvernance\" target=\"_blank\" rel=\"noopener\">https:\/\/www.canadaequestre.ca\/infos\/gouvernance<\/a>.<\/p>\n<\/p>\n<p><center>&#8211; 30 &#8211;<\/p>\n<p><\/center><\/p>\n<h2>\u00c0 propos du Comit\u00e9 de mise en candidature de CE<\/h2>\n<p>Voici la composition du Comit\u00e9 de mise en candidature de CE<\/p>\n<p>D<sup>r<\/sup> Wayne Burwash (pr\u00e9sident) \u2013 Calgary, Alb.<br \/>Mike Boyd \u2013 Etobicoke, Ont.<br \/>Krista Foley \u2013 Sackville, N.-\u00c9.<br \/>Winona (Noni) Hartvikson \u2013 Langley, C.-B.<br \/>Lisa Kavanagh-Ross \u2013 Ailsa Craig, Ont.<br \/>Lorraine MacDonald \u2013 Terra Cotta, Ont.<br \/>Jean Szkotnicki \u2013 Moffat, Ont.<\/p>\n<p>Les membres du Comit\u00e9 de mise en candidature sont responsables de :<\/p>\n<ul>\n<li>Soumettre le nom de candidats aux postes au sein du Conseil d\u2019administration de CE, conform\u00e9ment aux r\u00e8glements administratifs de CE.<\/li>\n<li>S\u2019assurer de la tenue d\u2019une \u00e9lection chaque ann\u00e9e.<\/li>\n<li>S\u2019assurer que CE a un syst\u00e8me robuste de mise en candidature en place.<\/li>\n<li>Recruter des personnes qualifi\u00e9es pour \u00eatre candidates aux \u00e9lections pour un poste d\u2019administrateur(trice).<\/li>\n<\/ul>\n<p>Questions? Commentaires?<\/p>\n<p>Si vous avez des questions ou des commentaires au sujet de l\u2019\u00e9lection du Conseil d\u2019administration de CE 2019, veuillez contacter :<\/p>\n<p>Richard Mongeau<br \/>Chef de la direction<br \/>Canada \u00c9questre<br \/><a href=\"mailto:rmongeau@equestrian.ca\" target=\"_blank\" rel=\"noopener\">rmongeau@equestrian.ca&nbsp;<\/a><\/p>\n","protected":false},"excerpt":{"rendered":"<p>Les r\u00e9sultats de l\u2019\u00e9lection au Conseil sont les suivants : NomBernadette AlexanderMark GoldmanDoug OrrCarla RobinChris SorensenBeth Underhill Ville de r\u00e9sidenceCalgary, Alb.La Minerve, Qu\u00e9.Lethbridge, Alb.Langley, C.-B.Caledon, Ont.Schomberg, Ont. R\u00e9sultatNon \u00e9lue\u00c9lu pour un mandat de trois (3) ans\u00c9lu pour un mandat de trois (3) ans\u00c9lue pour un mandat de trois (3) ans\u00c9lu pour un mandat de trois [&hellip;]<\/p>\n","protected":false},"author":3,"featured_media":3404,"comment_status":"open","ping_status":"open","sticky":false,"template":"","format":"standard","meta":{"_acf_changed":false,"footnotes":""},"categories":[241],"tags":[],"class_list":["post-25792","post","type-post","status-publish","format-standard","has-post-thumbnail","hentry","category-anciens-articles"],"acf":[],"yoast_head":"<!-- This site is optimized with the Yoast SEO plugin v27.0 - https:\/\/yoast.com\/product\/yoast-seo-wordpress\/ -->\n<title>Cinq nouveaux administrateurs \u00e9lus au CA de Canada \u00c9questre - Equestrian Canada<\/title>\n<meta name=\"robots\" content=\"index, follow, max-snippet:-1, max-image-preview:large, max-video-preview:-1\" \/>\n<link rel=\"canonical\" href=\"https:\/\/equestrian.ca\/fr\/anciens-articles\/cinq-nouveaux-administrateurs-elus-au-ca-de-canada-equestre\/\" \/>\n<meta property=\"og:locale\" content=\"fr_CA\" \/>\n<meta property=\"og:type\" content=\"article\" \/>\n<meta property=\"og:title\" content=\"Cinq nouveaux administrateurs \u00e9lus au CA de Canada \u00c9questre - Equestrian Canada\" \/>\n<meta property=\"og:description\" content=\"Les r\u00e9sultats de l\u2019\u00e9lection au Conseil sont les suivants : NomBernadette AlexanderMark GoldmanDoug OrrCarla RobinChris SorensenBeth Underhill Ville de r\u00e9sidenceCalgary, Alb.La Minerve, Qu\u00e9.Lethbridge, Alb.Langley, C.-B.Caledon, Ont.Schomberg, Ont. R\u00e9sultatNon \u00e9lue\u00c9lu pour un mandat de trois (3) ans\u00c9lu pour un mandat de trois (3) ans\u00c9lue pour un mandat de trois (3) ans\u00c9lu pour un mandat de trois [&hellip;]\" \/>\n<meta property=\"og:url\" content=\"https:\/\/equestrian.ca\/fr\/anciens-articles\/cinq-nouveaux-administrateurs-elus-au-ca-de-canada-equestre\/\" \/>\n<meta property=\"og:site_name\" content=\"Equestrian Canada\" \/>\n<meta property=\"article:published_time\" content=\"2019-08-28T00:00:00+00:00\" \/>\n<meta property=\"og:image\" content=\"https:\/\/equestrian.ca\/wp-content\/uploads\/2023\/09\/EC_Emblem_Navy.jpg\" \/>\n\t<meta property=\"og:image:width\" content=\"800\" \/>\n\t<meta property=\"og:image:height\" content=\"618\" \/>\n\t<meta property=\"og:image:type\" content=\"image\/jpeg\" \/>\n<meta name=\"author\" content=\"Berry\" \/>\n<meta name=\"twitter:card\" content=\"summary_large_image\" \/>\n<meta name=\"twitter:label1\" content=\"\u00c9crit par\" \/>\n\t<meta name=\"twitter:data1\" content=\"Berry\" \/>\n\t<meta name=\"twitter:label2\" content=\"Estimation du temps de lecture\" \/>\n\t<meta name=\"twitter:data2\" content=\"3 minutes\" \/>\n<script type=\"application\/ld+json\" class=\"yoast-schema-graph\">{\"@context\":\"https:\/\/schema.org\",\"@graph\":[{\"@type\":\"Article\",\"@id\":\"https:\/\/equestrian.ca\/fr\/anciens-articles\/cinq-nouveaux-administrateurs-elus-au-ca-de-canada-equestre\/#article\",\"isPartOf\":{\"@id\":\"https:\/\/equestrian.ca\/fr\/anciens-articles\/cinq-nouveaux-administrateurs-elus-au-ca-de-canada-equestre\/\"},\"author\":{\"name\":\"Berry\",\"@id\":\"https:\/\/equestrian.ca\/fr\/#\/schema\/person\/9abd3ba4d1027626b07355668e4ee3ad\"},\"headline\":\"Cinq nouveaux administrateurs \u00e9lus au CA de Canada \u00c9questre\",\"datePublished\":\"2019-08-28T00:00:00+00:00\",\"mainEntityOfPage\":{\"@id\":\"https:\/\/equestrian.ca\/fr\/anciens-articles\/cinq-nouveaux-administrateurs-elus-au-ca-de-canada-equestre\/\"},\"wordCount\":653,\"commentCount\":0,\"image\":{\"@id\":\"https:\/\/equestrian.ca\/fr\/anciens-articles\/cinq-nouveaux-administrateurs-elus-au-ca-de-canada-equestre\/#primaryimage\"},\"thumbnailUrl\":\"https:\/\/equestrian.ca\/wp-content\/uploads\/2023\/09\/EC_Emblem_Navy.jpg\",\"articleSection\":[\"Anciens articles\"],\"inLanguage\":\"fr-CA\",\"potentialAction\":[{\"@type\":\"CommentAction\",\"name\":\"Comment\",\"target\":[\"https:\/\/equestrian.ca\/fr\/anciens-articles\/cinq-nouveaux-administrateurs-elus-au-ca-de-canada-equestre\/#respond\"]}]},{\"@type\":\"WebPage\",\"@id\":\"https:\/\/equestrian.ca\/fr\/anciens-articles\/cinq-nouveaux-administrateurs-elus-au-ca-de-canada-equestre\/\",\"url\":\"https:\/\/equestrian.ca\/fr\/anciens-articles\/cinq-nouveaux-administrateurs-elus-au-ca-de-canada-equestre\/\",\"name\":\"Cinq nouveaux administrateurs \u00e9lus au CA de Canada \u00c9questre - Equestrian Canada\",\"isPartOf\":{\"@id\":\"https:\/\/equestrian.ca\/fr\/#website\"},\"primaryImageOfPage\":{\"@id\":\"https:\/\/equestrian.ca\/fr\/anciens-articles\/cinq-nouveaux-administrateurs-elus-au-ca-de-canada-equestre\/#primaryimage\"},\"image\":{\"@id\":\"https:\/\/equestrian.ca\/fr\/anciens-articles\/cinq-nouveaux-administrateurs-elus-au-ca-de-canada-equestre\/#primaryimage\"},\"thumbnailUrl\":\"https:\/\/equestrian.ca\/wp-content\/uploads\/2023\/09\/EC_Emblem_Navy.jpg\",\"datePublished\":\"2019-08-28T00:00:00+00:00\",\"author\":{\"@id\":\"https:\/\/equestrian.ca\/fr\/#\/schema\/person\/9abd3ba4d1027626b07355668e4ee3ad\"},\"breadcrumb\":{\"@id\":\"https:\/\/equestrian.ca\/fr\/anciens-articles\/cinq-nouveaux-administrateurs-elus-au-ca-de-canada-equestre\/#breadcrumb\"},\"inLanguage\":\"fr-CA\",\"potentialAction\":[{\"@type\":\"ReadAction\",\"target\":[\"https:\/\/equestrian.ca\/fr\/anciens-articles\/cinq-nouveaux-administrateurs-elus-au-ca-de-canada-equestre\/\"]}]},{\"@type\":\"ImageObject\",\"inLanguage\":\"fr-CA\",\"@id\":\"https:\/\/equestrian.ca\/fr\/anciens-articles\/cinq-nouveaux-administrateurs-elus-au-ca-de-canada-equestre\/#primaryimage\",\"url\":\"https:\/\/equestrian.ca\/wp-content\/uploads\/2023\/09\/EC_Emblem_Navy.jpg\",\"contentUrl\":\"https:\/\/equestrian.ca\/wp-content\/uploads\/2023\/09\/EC_Emblem_Navy.jpg\",\"width\":800,\"height\":618},{\"@type\":\"BreadcrumbList\",\"@id\":\"https:\/\/equestrian.ca\/fr\/anciens-articles\/cinq-nouveaux-administrateurs-elus-au-ca-de-canada-equestre\/#breadcrumb\",\"itemListElement\":[{\"@type\":\"ListItem\",\"position\":1,\"name\":\"Home\",\"item\":\"https:\/\/equestrian.ca\/fr\/\"},{\"@type\":\"ListItem\",\"position\":2,\"name\":\"Cinq nouveaux administrateurs \u00e9lus au CA de Canada \u00c9questre\"}]},{\"@type\":\"WebSite\",\"@id\":\"https:\/\/equestrian.ca\/fr\/#website\",\"url\":\"https:\/\/equestrian.ca\/fr\/\",\"name\":\"Equestrian Canada\",\"description\":\"For the love of horses and sport for life.\",\"potentialAction\":[{\"@type\":\"SearchAction\",\"target\":{\"@type\":\"EntryPoint\",\"urlTemplate\":\"https:\/\/equestrian.ca\/fr\/?s={search_term_string}\"},\"query-input\":{\"@type\":\"PropertyValueSpecification\",\"valueRequired\":true,\"valueName\":\"search_term_string\"}}],\"inLanguage\":\"fr-CA\"},{\"@type\":\"Person\",\"@id\":\"https:\/\/equestrian.ca\/fr\/#\/schema\/person\/9abd3ba4d1027626b07355668e4ee3ad\",\"name\":\"Berry\",\"image\":{\"@type\":\"ImageObject\",\"inLanguage\":\"fr-CA\",\"@id\":\"https:\/\/equestrian.ca\/fr\/#\/schema\/person\/image\/\",\"url\":\"https:\/\/secure.gravatar.com\/avatar\/882da3b67056b0c608086d3c77de46948b64244a4c249e81e0bf04a8095ce320?s=96&d=mm&r=g\",\"contentUrl\":\"https:\/\/secure.gravatar.com\/avatar\/882da3b67056b0c608086d3c77de46948b64244a4c249e81e0bf04a8095ce320?s=96&d=mm&r=g\",\"caption\":\"Berry\"},\"url\":\"https:\/\/equestrian.ca\/fr\/author\/mberry\/\"}]}<\/script>\n<!-- \/ Yoast SEO plugin. -->","yoast_head_json":{"title":"Cinq nouveaux administrateurs \u00e9lus au CA de Canada \u00c9questre - Equestrian Canada","robots":{"index":"index","follow":"follow","max-snippet":"max-snippet:-1","max-image-preview":"max-image-preview:large","max-video-preview":"max-video-preview:-1"},"canonical":"https:\/\/equestrian.ca\/fr\/anciens-articles\/cinq-nouveaux-administrateurs-elus-au-ca-de-canada-equestre\/","og_locale":"fr_CA","og_type":"article","og_title":"Cinq nouveaux administrateurs \u00e9lus au CA de Canada \u00c9questre - Equestrian Canada","og_description":"Les r\u00e9sultats de l\u2019\u00e9lection au Conseil sont les suivants : NomBernadette AlexanderMark GoldmanDoug OrrCarla RobinChris SorensenBeth Underhill Ville de r\u00e9sidenceCalgary, Alb.La Minerve, Qu\u00e9.Lethbridge, Alb.Langley, C.-B.Caledon, Ont.Schomberg, Ont. R\u00e9sultatNon \u00e9lue\u00c9lu pour un mandat de trois (3) ans\u00c9lu pour un mandat de trois (3) ans\u00c9lue pour un mandat de trois (3) ans\u00c9lu pour un mandat de trois [&hellip;]","og_url":"https:\/\/equestrian.ca\/fr\/anciens-articles\/cinq-nouveaux-administrateurs-elus-au-ca-de-canada-equestre\/","og_site_name":"Equestrian Canada","article_published_time":"2019-08-28T00:00:00+00:00","og_image":[{"width":800,"height":618,"url":"https:\/\/equestrian.ca\/wp-content\/uploads\/2023\/09\/EC_Emblem_Navy.jpg","type":"image\/jpeg"}],"author":"Berry","twitter_card":"summary_large_image","twitter_misc":{"\u00c9crit par":"Berry","Estimation du temps de lecture":"3 minutes"},"schema":{"@context":"https:\/\/schema.org","@graph":[{"@type":"Article","@id":"https:\/\/equestrian.ca\/fr\/anciens-articles\/cinq-nouveaux-administrateurs-elus-au-ca-de-canada-equestre\/#article","isPartOf":{"@id":"https:\/\/equestrian.ca\/fr\/anciens-articles\/cinq-nouveaux-administrateurs-elus-au-ca-de-canada-equestre\/"},"author":{"name":"Berry","@id":"https:\/\/equestrian.ca\/fr\/#\/schema\/person\/9abd3ba4d1027626b07355668e4ee3ad"},"headline":"Cinq nouveaux administrateurs \u00e9lus au CA de Canada \u00c9questre","datePublished":"2019-08-28T00:00:00+00:00","mainEntityOfPage":{"@id":"https:\/\/equestrian.ca\/fr\/anciens-articles\/cinq-nouveaux-administrateurs-elus-au-ca-de-canada-equestre\/"},"wordCount":653,"commentCount":0,"image":{"@id":"https:\/\/equestrian.ca\/fr\/anciens-articles\/cinq-nouveaux-administrateurs-elus-au-ca-de-canada-equestre\/#primaryimage"},"thumbnailUrl":"https:\/\/equestrian.ca\/wp-content\/uploads\/2023\/09\/EC_Emblem_Navy.jpg","articleSection":["Anciens articles"],"inLanguage":"fr-CA","potentialAction":[{"@type":"CommentAction","name":"Comment","target":["https:\/\/equestrian.ca\/fr\/anciens-articles\/cinq-nouveaux-administrateurs-elus-au-ca-de-canada-equestre\/#respond"]}]},{"@type":"WebPage","@id":"https:\/\/equestrian.ca\/fr\/anciens-articles\/cinq-nouveaux-administrateurs-elus-au-ca-de-canada-equestre\/","url":"https:\/\/equestrian.ca\/fr\/anciens-articles\/cinq-nouveaux-administrateurs-elus-au-ca-de-canada-equestre\/","name":"Cinq nouveaux administrateurs \u00e9lus au CA de Canada \u00c9questre - Equestrian Canada","isPartOf":{"@id":"https:\/\/equestrian.ca\/fr\/#website"},"primaryImageOfPage":{"@id":"https:\/\/equestrian.ca\/fr\/anciens-articles\/cinq-nouveaux-administrateurs-elus-au-ca-de-canada-equestre\/#primaryimage"},"image":{"@id":"https:\/\/equestrian.ca\/fr\/anciens-articles\/cinq-nouveaux-administrateurs-elus-au-ca-de-canada-equestre\/#primaryimage"},"thumbnailUrl":"https:\/\/equestrian.ca\/wp-content\/uploads\/2023\/09\/EC_Emblem_Navy.jpg","datePublished":"2019-08-28T00:00:00+00:00","author":{"@id":"https:\/\/equestrian.ca\/fr\/#\/schema\/person\/9abd3ba4d1027626b07355668e4ee3ad"},"breadcrumb":{"@id":"https:\/\/equestrian.ca\/fr\/anciens-articles\/cinq-nouveaux-administrateurs-elus-au-ca-de-canada-equestre\/#breadcrumb"},"inLanguage":"fr-CA","potentialAction":[{"@type":"ReadAction","target":["https:\/\/equestrian.ca\/fr\/anciens-articles\/cinq-nouveaux-administrateurs-elus-au-ca-de-canada-equestre\/"]}]},{"@type":"ImageObject","inLanguage":"fr-CA","@id":"https:\/\/equestrian.ca\/fr\/anciens-articles\/cinq-nouveaux-administrateurs-elus-au-ca-de-canada-equestre\/#primaryimage","url":"https:\/\/equestrian.ca\/wp-content\/uploads\/2023\/09\/EC_Emblem_Navy.jpg","contentUrl":"https:\/\/equestrian.ca\/wp-content\/uploads\/2023\/09\/EC_Emblem_Navy.jpg","width":800,"height":618},{"@type":"BreadcrumbList","@id":"https:\/\/equestrian.ca\/fr\/anciens-articles\/cinq-nouveaux-administrateurs-elus-au-ca-de-canada-equestre\/#breadcrumb","itemListElement":[{"@type":"ListItem","position":1,"name":"Home","item":"https:\/\/equestrian.ca\/fr\/"},{"@type":"ListItem","position":2,"name":"Cinq nouveaux administrateurs \u00e9lus au CA de Canada \u00c9questre"}]},{"@type":"WebSite","@id":"https:\/\/equestrian.ca\/fr\/#website","url":"https:\/\/equestrian.ca\/fr\/","name":"Equestrian Canada","description":"For the love of horses and sport for life.","potentialAction":[{"@type":"SearchAction","target":{"@type":"EntryPoint","urlTemplate":"https:\/\/equestrian.ca\/fr\/?s={search_term_string}"},"query-input":{"@type":"PropertyValueSpecification","valueRequired":true,"valueName":"search_term_string"}}],"inLanguage":"fr-CA"},{"@type":"Person","@id":"https:\/\/equestrian.ca\/fr\/#\/schema\/person\/9abd3ba4d1027626b07355668e4ee3ad","name":"Berry","image":{"@type":"ImageObject","inLanguage":"fr-CA","@id":"https:\/\/equestrian.ca\/fr\/#\/schema\/person\/image\/","url":"https:\/\/secure.gravatar.com\/avatar\/882da3b67056b0c608086d3c77de46948b64244a4c249e81e0bf04a8095ce320?s=96&d=mm&r=g","contentUrl":"https:\/\/secure.gravatar.com\/avatar\/882da3b67056b0c608086d3c77de46948b64244a4c249e81e0bf04a8095ce320?s=96&d=mm&r=g","caption":"Berry"},"url":"https:\/\/equestrian.ca\/fr\/author\/mberry\/"}]}},"_links":{"self":[{"href":"https:\/\/equestrian.ca\/fr\/wp-json\/wp\/v2\/posts\/25792","targetHints":{"allow":["GET"]}}],"collection":[{"href":"https:\/\/equestrian.ca\/fr\/wp-json\/wp\/v2\/posts"}],"about":[{"href":"https:\/\/equestrian.ca\/fr\/wp-json\/wp\/v2\/types\/post"}],"author":[{"embeddable":true,"href":"https:\/\/equestrian.ca\/fr\/wp-json\/wp\/v2\/users\/3"}],"replies":[{"embeddable":true,"href":"https:\/\/equestrian.ca\/fr\/wp-json\/wp\/v2\/comments?post=25792"}],"version-history":[{"count":0,"href":"https:\/\/equestrian.ca\/fr\/wp-json\/wp\/v2\/posts\/25792\/revisions"}],"wp:featuredmedia":[{"embeddable":true,"href":"https:\/\/equestrian.ca\/fr\/wp-json\/wp\/v2\/media\/3404"}],"wp:attachment":[{"href":"https:\/\/equestrian.ca\/fr\/wp-json\/wp\/v2\/media?parent=25792"}],"wp:term":[{"taxonomy":"category","embeddable":true,"href":"https:\/\/equestrian.ca\/fr\/wp-json\/wp\/v2\/categories?post=25792"},{"taxonomy":"post_tag","embeddable":true,"href":"https:\/\/equestrian.ca\/fr\/wp-json\/wp\/v2\/tags?post=25792"}],"curies":[{"name":"wp","href":"https:\/\/api.w.org\/{rel}","templated":true}]}}