{"id":25755,"date":"2021-05-18T00:00:00","date_gmt":"2021-05-18T00:00:00","guid":{"rendered":"https:\/\/equestrian.ca\/news\/preparez-vous-a-celebrer-la-journee-du-cheval-2021-le-5-juin\/"},"modified":"2021-05-18T00:00:00","modified_gmt":"2021-05-18T00:00:00","slug":"preparez-vous-a-celebrer-la-journee-du-cheval-2021-le-5-juin","status":"publish","type":"post","link":"https:\/\/equestrian.ca\/fr\/anciens-articles\/preparez-vous-a-celebrer-la-journee-du-cheval-2021-le-5-juin\/","title":{"rendered":"Pr\u00e9parez-vous \u00e0 c\u00e9l\u00e9brer la Journ\u00e9e du cheval 2021, le 5 juin!"},"content":{"rendered":"<p>La Journ\u00e9e du cheval a \u00e9t\u00e9 cr\u00e9\u00e9e pour sensibiliser le public et promouvoir nos chevaux bien-aim\u00e9s. Nous demandons \u00e0 tous les Canadiens de tout \u00e2ge de continuer \u00e0 c\u00e9l\u00e9brer l\u2019occasion et \u00e0 rendre hommage au monde \u00e9questre. <\/p>\n<p>Int\u00e9grez la Journ\u00e9e du cheval dans vos c\u00e9l\u00e9brations du printemps. Impliquez-vous en suivant <a href=\"http:\/\/instagram.com\/equestrian_can\" target=\"_blank\" rel=\"noopener\">@equestrian_can<\/a> sur Instagram et <a href=\"https:\/\/www.facebook.com\/equestriancan\" target=\"_blank\" rel=\"noopener\">@equestriancan<\/a> sur Facebook, en partageant les le\u00e7ons que votre cheval vous a apprises, en participant aux concours et en nouant des liens avec des passionn\u00e9s de chevaux de partout au pays!&nbsp;<\/p>\n<h2>Concours national de dessin<\/h2>\n<p>Encouragez les jeunes de 3 \u00e0 16 ans \u00e0 participer au <b>Concours national de dessin de la Journ\u00e9e du cheval 2021<\/b>! Les gagnants de chaque cat\u00e9gorie d\u2019\u00e2ge vont recevoir un ch\u00e8que cadeau d\u2019une valeur de 50 $. Les inscriptions sont accept\u00e9es jusqu\u2019au 5 juin 2021, \u00e0 23 h 59 (HE).<\/p>\n<\/p>\n<\/p>\n<\/p>\n<ul><\/ul>\n<p><a href=\"https:\/\/licence.equestrian.ca\/hddrawingcontest\/index.aspx?lang=fr\" class=\"o-button js-wow u-fadeInUpBig\" data-wow-delay=\"0.3s\" style=\"visibility: visible; animation-delay: 0.3s; display: block; margin: 15px auto;width: 50%;\">Inscrivez-vous au Concours national de dessin!<\/a><\/p>\n<\/p>\n<\/p>\n<\/p>\n<p>Pour en savoir plus sur la Journ\u00e9e du cheval 2021, visitez la page <a href=\"https:\/\/www.equestrian.ca\/evenements-resultats\/journee-cheval\" target=\"_blank\" rel=\"noopener\">www.equestrian.ca\/evenements-resultats\/journee-cheval<\/a> ou envoyez un courriel \u00e0 <a href=\"mailto:communications@equestrian.ca\" target=\"_blank\" rel=\"noopener\">communications@equestrian.ca<\/a>.<\/p><\/p>\n","protected":false},"excerpt":{"rendered":"<p>La Journ\u00e9e du cheval a \u00e9t\u00e9 cr\u00e9\u00e9e pour sensibiliser le public et promouvoir nos chevaux bien-aim\u00e9s. Nous demandons \u00e0 tous les Canadiens de tout \u00e2ge de continuer \u00e0 c\u00e9l\u00e9brer l\u2019occasion et \u00e0 rendre hommage au monde \u00e9questre. Int\u00e9grez la Journ\u00e9e du cheval dans vos c\u00e9l\u00e9brations du printemps. Impliquez-vous en suivant @equestrian_can sur Instagram et @equestriancan [&hellip;]<\/p>\n","protected":false},"author":3,"featured_media":3599,"comment_status":"open","ping_status":"open","sticky":false,"template":"","format":"standard","meta":{"_acf_changed":false,"rs_blank_template":"","rs_page_bg_color":"","slide_template_v7":"","footnotes":""},"categories":[241],"tags":[],"class_list":["post-25755","post","type-post","status-publish","format-standard","has-post-thumbnail","hentry","category-anciens-articles"],"acf":[],"yoast_head":"<!-- This site is optimized with the Yoast SEO plugin v27.0 - https:\/\/yoast.com\/product\/yoast-seo-wordpress\/ -->\n<title>Pr\u00e9parez-vous \u00e0 c\u00e9l\u00e9brer la Journ\u00e9e du cheval 2021, le 5 juin! - Equestrian Canada<\/title>\n<meta name=\"robots\" content=\"index, follow, max-snippet:-1, max-image-preview:large, max-video-preview:-1\" \/>\n<link rel=\"canonical\" href=\"https:\/\/equestrian.ca\/fr\/anciens-articles\/preparez-vous-a-celebrer-la-journee-du-cheval-2021-le-5-juin\/\" \/>\n<meta property=\"og:locale\" content=\"fr_CA\" \/>\n<meta property=\"og:type\" content=\"article\" \/>\n<meta property=\"og:title\" content=\"Pr\u00e9parez-vous \u00e0 c\u00e9l\u00e9brer la Journ\u00e9e du cheval 2021, le 5 juin! - Equestrian Canada\" \/>\n<meta property=\"og:description\" content=\"La Journ\u00e9e du cheval a \u00e9t\u00e9 cr\u00e9\u00e9e pour sensibiliser le public et promouvoir nos chevaux bien-aim\u00e9s. Nous demandons \u00e0 tous les Canadiens de tout \u00e2ge de continuer \u00e0 c\u00e9l\u00e9brer l\u2019occasion et \u00e0 rendre hommage au monde \u00e9questre. Int\u00e9grez la Journ\u00e9e du cheval dans vos c\u00e9l\u00e9brations du printemps. Impliquez-vous en suivant @equestrian_can sur Instagram et @equestriancan [&hellip;]\" \/>\n<meta property=\"og:url\" content=\"https:\/\/equestrian.ca\/fr\/anciens-articles\/preparez-vous-a-celebrer-la-journee-du-cheval-2021-le-5-juin\/\" \/>\n<meta property=\"og:site_name\" content=\"Equestrian Canada\" \/>\n<meta property=\"article:published_time\" content=\"2021-05-18T00:00:00+00:00\" \/>\n<meta property=\"og:image\" content=\"https:\/\/equestrian.ca\/wp-content\/uploads\/2023\/09\/2021_EC_Horse-Day-EN-Navy.jpg\" \/>\n\t<meta property=\"og:image:width\" content=\"501\" \/>\n\t<meta property=\"og:image:height\" content=\"501\" \/>\n\t<meta property=\"og:image:type\" content=\"image\/jpeg\" \/>\n<meta name=\"author\" content=\"Berry\" \/>\n<meta name=\"twitter:card\" content=\"summary_large_image\" \/>\n<meta name=\"twitter:label1\" content=\"\u00c9crit par\" \/>\n\t<meta name=\"twitter:data1\" content=\"Berry\" \/>\n\t<meta name=\"twitter:label2\" content=\"Estimation du temps de lecture\" \/>\n\t<meta name=\"twitter:data2\" content=\"1 minute\" \/>\n<script type=\"application\/ld+json\" class=\"yoast-schema-graph\">{\"@context\":\"https:\/\/schema.org\",\"@graph\":[{\"@type\":\"Article\",\"@id\":\"https:\/\/equestrian.ca\/fr\/anciens-articles\/preparez-vous-a-celebrer-la-journee-du-cheval-2021-le-5-juin\/#article\",\"isPartOf\":{\"@id\":\"https:\/\/equestrian.ca\/fr\/anciens-articles\/preparez-vous-a-celebrer-la-journee-du-cheval-2021-le-5-juin\/\"},\"author\":{\"name\":\"Berry\",\"@id\":\"https:\/\/equestrian.ca\/fr\/#\/schema\/person\/9abd3ba4d1027626b07355668e4ee3ad\"},\"headline\":\"Pr\u00e9parez-vous \u00e0 c\u00e9l\u00e9brer la Journ\u00e9e du cheval 2021, le 5 juin!\",\"datePublished\":\"2021-05-18T00:00:00+00:00\",\"mainEntityOfPage\":{\"@id\":\"https:\/\/equestrian.ca\/fr\/anciens-articles\/preparez-vous-a-celebrer-la-journee-du-cheval-2021-le-5-juin\/\"},\"wordCount\":188,\"commentCount\":0,\"image\":{\"@id\":\"https:\/\/equestrian.ca\/fr\/anciens-articles\/preparez-vous-a-celebrer-la-journee-du-cheval-2021-le-5-juin\/#primaryimage\"},\"thumbnailUrl\":\"https:\/\/equestrian.ca\/wp-content\/uploads\/2023\/09\/2021_EC_Horse-Day-EN-Navy.jpg\",\"articleSection\":[\"Anciens articles\"],\"inLanguage\":\"fr-CA\",\"potentialAction\":[{\"@type\":\"CommentAction\",\"name\":\"Comment\",\"target\":[\"https:\/\/equestrian.ca\/fr\/anciens-articles\/preparez-vous-a-celebrer-la-journee-du-cheval-2021-le-5-juin\/#respond\"]}]},{\"@type\":\"WebPage\",\"@id\":\"https:\/\/equestrian.ca\/fr\/anciens-articles\/preparez-vous-a-celebrer-la-journee-du-cheval-2021-le-5-juin\/\",\"url\":\"https:\/\/equestrian.ca\/fr\/anciens-articles\/preparez-vous-a-celebrer-la-journee-du-cheval-2021-le-5-juin\/\",\"name\":\"Pr\u00e9parez-vous \u00e0 c\u00e9l\u00e9brer la Journ\u00e9e du cheval 2021, le 5 juin! - Equestrian Canada\",\"isPartOf\":{\"@id\":\"https:\/\/equestrian.ca\/fr\/#website\"},\"primaryImageOfPage\":{\"@id\":\"https:\/\/equestrian.ca\/fr\/anciens-articles\/preparez-vous-a-celebrer-la-journee-du-cheval-2021-le-5-juin\/#primaryimage\"},\"image\":{\"@id\":\"https:\/\/equestrian.ca\/fr\/anciens-articles\/preparez-vous-a-celebrer-la-journee-du-cheval-2021-le-5-juin\/#primaryimage\"},\"thumbnailUrl\":\"https:\/\/equestrian.ca\/wp-content\/uploads\/2023\/09\/2021_EC_Horse-Day-EN-Navy.jpg\",\"datePublished\":\"2021-05-18T00:00:00+00:00\",\"author\":{\"@id\":\"https:\/\/equestrian.ca\/fr\/#\/schema\/person\/9abd3ba4d1027626b07355668e4ee3ad\"},\"breadcrumb\":{\"@id\":\"https:\/\/equestrian.ca\/fr\/anciens-articles\/preparez-vous-a-celebrer-la-journee-du-cheval-2021-le-5-juin\/#breadcrumb\"},\"inLanguage\":\"fr-CA\",\"potentialAction\":[{\"@type\":\"ReadAction\",\"target\":[\"https:\/\/equestrian.ca\/fr\/anciens-articles\/preparez-vous-a-celebrer-la-journee-du-cheval-2021-le-5-juin\/\"]}]},{\"@type\":\"ImageObject\",\"inLanguage\":\"fr-CA\",\"@id\":\"https:\/\/equestrian.ca\/fr\/anciens-articles\/preparez-vous-a-celebrer-la-journee-du-cheval-2021-le-5-juin\/#primaryimage\",\"url\":\"https:\/\/equestrian.ca\/wp-content\/uploads\/2023\/09\/2021_EC_Horse-Day-EN-Navy.jpg\",\"contentUrl\":\"https:\/\/equestrian.ca\/wp-content\/uploads\/2023\/09\/2021_EC_Horse-Day-EN-Navy.jpg\",\"width\":501,\"height\":501},{\"@type\":\"BreadcrumbList\",\"@id\":\"https:\/\/equestrian.ca\/fr\/anciens-articles\/preparez-vous-a-celebrer-la-journee-du-cheval-2021-le-5-juin\/#breadcrumb\",\"itemListElement\":[{\"@type\":\"ListItem\",\"position\":1,\"name\":\"Home\",\"item\":\"https:\/\/equestrian.ca\/fr\/\"},{\"@type\":\"ListItem\",\"position\":2,\"name\":\"Pr\u00e9parez-vous \u00e0 c\u00e9l\u00e9brer la Journ\u00e9e du cheval 2021, le 5 juin!\"}]},{\"@type\":\"WebSite\",\"@id\":\"https:\/\/equestrian.ca\/fr\/#website\",\"url\":\"https:\/\/equestrian.ca\/fr\/\",\"name\":\"Equestrian Canada\",\"description\":\"For the love of horses and sport for life.\",\"potentialAction\":[{\"@type\":\"SearchAction\",\"target\":{\"@type\":\"EntryPoint\",\"urlTemplate\":\"https:\/\/equestrian.ca\/fr\/?s={search_term_string}\"},\"query-input\":{\"@type\":\"PropertyValueSpecification\",\"valueRequired\":true,\"valueName\":\"search_term_string\"}}],\"inLanguage\":\"fr-CA\"},{\"@type\":\"Person\",\"@id\":\"https:\/\/equestrian.ca\/fr\/#\/schema\/person\/9abd3ba4d1027626b07355668e4ee3ad\",\"name\":\"Berry\",\"image\":{\"@type\":\"ImageObject\",\"inLanguage\":\"fr-CA\",\"@id\":\"https:\/\/equestrian.ca\/fr\/#\/schema\/person\/image\/\",\"url\":\"https:\/\/secure.gravatar.com\/avatar\/882da3b67056b0c608086d3c77de46948b64244a4c249e81e0bf04a8095ce320?s=96&d=mm&r=g\",\"contentUrl\":\"https:\/\/secure.gravatar.com\/avatar\/882da3b67056b0c608086d3c77de46948b64244a4c249e81e0bf04a8095ce320?s=96&d=mm&r=g\",\"caption\":\"Berry\"},\"url\":\"https:\/\/equestrian.ca\/fr\/author\/mberry\/\"}]}<\/script>\n<!-- \/ Yoast SEO plugin. -->","yoast_head_json":{"title":"Pr\u00e9parez-vous \u00e0 c\u00e9l\u00e9brer la Journ\u00e9e du cheval 2021, le 5 juin! - Equestrian Canada","robots":{"index":"index","follow":"follow","max-snippet":"max-snippet:-1","max-image-preview":"max-image-preview:large","max-video-preview":"max-video-preview:-1"},"canonical":"https:\/\/equestrian.ca\/fr\/anciens-articles\/preparez-vous-a-celebrer-la-journee-du-cheval-2021-le-5-juin\/","og_locale":"fr_CA","og_type":"article","og_title":"Pr\u00e9parez-vous \u00e0 c\u00e9l\u00e9brer la Journ\u00e9e du cheval 2021, le 5 juin! - Equestrian Canada","og_description":"La Journ\u00e9e du cheval a \u00e9t\u00e9 cr\u00e9\u00e9e pour sensibiliser le public et promouvoir nos chevaux bien-aim\u00e9s. Nous demandons \u00e0 tous les Canadiens de tout \u00e2ge de continuer \u00e0 c\u00e9l\u00e9brer l\u2019occasion et \u00e0 rendre hommage au monde \u00e9questre. Int\u00e9grez la Journ\u00e9e du cheval dans vos c\u00e9l\u00e9brations du printemps. Impliquez-vous en suivant @equestrian_can sur Instagram et @equestriancan [&hellip;]","og_url":"https:\/\/equestrian.ca\/fr\/anciens-articles\/preparez-vous-a-celebrer-la-journee-du-cheval-2021-le-5-juin\/","og_site_name":"Equestrian Canada","article_published_time":"2021-05-18T00:00:00+00:00","og_image":[{"width":501,"height":501,"url":"https:\/\/equestrian.ca\/wp-content\/uploads\/2023\/09\/2021_EC_Horse-Day-EN-Navy.jpg","type":"image\/jpeg"}],"author":"Berry","twitter_card":"summary_large_image","twitter_misc":{"\u00c9crit par":"Berry","Estimation du temps de lecture":"1 minute"},"schema":{"@context":"https:\/\/schema.org","@graph":[{"@type":"Article","@id":"https:\/\/equestrian.ca\/fr\/anciens-articles\/preparez-vous-a-celebrer-la-journee-du-cheval-2021-le-5-juin\/#article","isPartOf":{"@id":"https:\/\/equestrian.ca\/fr\/anciens-articles\/preparez-vous-a-celebrer-la-journee-du-cheval-2021-le-5-juin\/"},"author":{"name":"Berry","@id":"https:\/\/equestrian.ca\/fr\/#\/schema\/person\/9abd3ba4d1027626b07355668e4ee3ad"},"headline":"Pr\u00e9parez-vous \u00e0 c\u00e9l\u00e9brer la Journ\u00e9e du cheval 2021, le 5 juin!","datePublished":"2021-05-18T00:00:00+00:00","mainEntityOfPage":{"@id":"https:\/\/equestrian.ca\/fr\/anciens-articles\/preparez-vous-a-celebrer-la-journee-du-cheval-2021-le-5-juin\/"},"wordCount":188,"commentCount":0,"image":{"@id":"https:\/\/equestrian.ca\/fr\/anciens-articles\/preparez-vous-a-celebrer-la-journee-du-cheval-2021-le-5-juin\/#primaryimage"},"thumbnailUrl":"https:\/\/equestrian.ca\/wp-content\/uploads\/2023\/09\/2021_EC_Horse-Day-EN-Navy.jpg","articleSection":["Anciens articles"],"inLanguage":"fr-CA","potentialAction":[{"@type":"CommentAction","name":"Comment","target":["https:\/\/equestrian.ca\/fr\/anciens-articles\/preparez-vous-a-celebrer-la-journee-du-cheval-2021-le-5-juin\/#respond"]}]},{"@type":"WebPage","@id":"https:\/\/equestrian.ca\/fr\/anciens-articles\/preparez-vous-a-celebrer-la-journee-du-cheval-2021-le-5-juin\/","url":"https:\/\/equestrian.ca\/fr\/anciens-articles\/preparez-vous-a-celebrer-la-journee-du-cheval-2021-le-5-juin\/","name":"Pr\u00e9parez-vous \u00e0 c\u00e9l\u00e9brer la Journ\u00e9e du cheval 2021, le 5 juin! - Equestrian Canada","isPartOf":{"@id":"https:\/\/equestrian.ca\/fr\/#website"},"primaryImageOfPage":{"@id":"https:\/\/equestrian.ca\/fr\/anciens-articles\/preparez-vous-a-celebrer-la-journee-du-cheval-2021-le-5-juin\/#primaryimage"},"image":{"@id":"https:\/\/equestrian.ca\/fr\/anciens-articles\/preparez-vous-a-celebrer-la-journee-du-cheval-2021-le-5-juin\/#primaryimage"},"thumbnailUrl":"https:\/\/equestrian.ca\/wp-content\/uploads\/2023\/09\/2021_EC_Horse-Day-EN-Navy.jpg","datePublished":"2021-05-18T00:00:00+00:00","author":{"@id":"https:\/\/equestrian.ca\/fr\/#\/schema\/person\/9abd3ba4d1027626b07355668e4ee3ad"},"breadcrumb":{"@id":"https:\/\/equestrian.ca\/fr\/anciens-articles\/preparez-vous-a-celebrer-la-journee-du-cheval-2021-le-5-juin\/#breadcrumb"},"inLanguage":"fr-CA","potentialAction":[{"@type":"ReadAction","target":["https:\/\/equestrian.ca\/fr\/anciens-articles\/preparez-vous-a-celebrer-la-journee-du-cheval-2021-le-5-juin\/"]}]},{"@type":"ImageObject","inLanguage":"fr-CA","@id":"https:\/\/equestrian.ca\/fr\/anciens-articles\/preparez-vous-a-celebrer-la-journee-du-cheval-2021-le-5-juin\/#primaryimage","url":"https:\/\/equestrian.ca\/wp-content\/uploads\/2023\/09\/2021_EC_Horse-Day-EN-Navy.jpg","contentUrl":"https:\/\/equestrian.ca\/wp-content\/uploads\/2023\/09\/2021_EC_Horse-Day-EN-Navy.jpg","width":501,"height":501},{"@type":"BreadcrumbList","@id":"https:\/\/equestrian.ca\/fr\/anciens-articles\/preparez-vous-a-celebrer-la-journee-du-cheval-2021-le-5-juin\/#breadcrumb","itemListElement":[{"@type":"ListItem","position":1,"name":"Home","item":"https:\/\/equestrian.ca\/fr\/"},{"@type":"ListItem","position":2,"name":"Pr\u00e9parez-vous \u00e0 c\u00e9l\u00e9brer la Journ\u00e9e du cheval 2021, le 5 juin!"}]},{"@type":"WebSite","@id":"https:\/\/equestrian.ca\/fr\/#website","url":"https:\/\/equestrian.ca\/fr\/","name":"Equestrian Canada","description":"For the love of horses and sport for life.","potentialAction":[{"@type":"SearchAction","target":{"@type":"EntryPoint","urlTemplate":"https:\/\/equestrian.ca\/fr\/?s={search_term_string}"},"query-input":{"@type":"PropertyValueSpecification","valueRequired":true,"valueName":"search_term_string"}}],"inLanguage":"fr-CA"},{"@type":"Person","@id":"https:\/\/equestrian.ca\/fr\/#\/schema\/person\/9abd3ba4d1027626b07355668e4ee3ad","name":"Berry","image":{"@type":"ImageObject","inLanguage":"fr-CA","@id":"https:\/\/equestrian.ca\/fr\/#\/schema\/person\/image\/","url":"https:\/\/secure.gravatar.com\/avatar\/882da3b67056b0c608086d3c77de46948b64244a4c249e81e0bf04a8095ce320?s=96&d=mm&r=g","contentUrl":"https:\/\/secure.gravatar.com\/avatar\/882da3b67056b0c608086d3c77de46948b64244a4c249e81e0bf04a8095ce320?s=96&d=mm&r=g","caption":"Berry"},"url":"https:\/\/equestrian.ca\/fr\/author\/mberry\/"}]}},"_links":{"self":[{"href":"https:\/\/equestrian.ca\/fr\/wp-json\/wp\/v2\/posts\/25755","targetHints":{"allow":["GET"]}}],"collection":[{"href":"https:\/\/equestrian.ca\/fr\/wp-json\/wp\/v2\/posts"}],"about":[{"href":"https:\/\/equestrian.ca\/fr\/wp-json\/wp\/v2\/types\/post"}],"author":[{"embeddable":true,"href":"https:\/\/equestrian.ca\/fr\/wp-json\/wp\/v2\/users\/3"}],"replies":[{"embeddable":true,"href":"https:\/\/equestrian.ca\/fr\/wp-json\/wp\/v2\/comments?post=25755"}],"version-history":[{"count":0,"href":"https:\/\/equestrian.ca\/fr\/wp-json\/wp\/v2\/posts\/25755\/revisions"}],"wp:featuredmedia":[{"embeddable":true,"href":"https:\/\/equestrian.ca\/fr\/wp-json\/wp\/v2\/media\/3599"}],"wp:attachment":[{"href":"https:\/\/equestrian.ca\/fr\/wp-json\/wp\/v2\/media?parent=25755"}],"wp:term":[{"taxonomy":"category","embeddable":true,"href":"https:\/\/equestrian.ca\/fr\/wp-json\/wp\/v2\/categories?post=25755"},{"taxonomy":"post_tag","embeddable":true,"href":"https:\/\/equestrian.ca\/fr\/wp-json\/wp\/v2\/tags?post=25755"}],"curies":[{"name":"wp","href":"https:\/\/api.w.org\/{rel}","templated":true}]}}