{"id":25743,"date":"2020-06-19T00:00:00","date_gmt":"2020-06-19T00:00:00","guid":{"rendered":"https:\/\/equestrian.ca\/news\/ouverture-de-la-periode-de-candidature-comite-du-developpement-de-lindustrie-equine-de-canada-equestre-2020\/"},"modified":"2020-06-19T00:00:00","modified_gmt":"2020-06-19T00:00:00","slug":"ouverture-de-la-periode-de-candidature-comite-du-developpement-de-lindustrie-equine-de-canada-equestre-2020","status":"publish","type":"post","link":"https:\/\/equestrian.ca\/fr\/anciens-articles\/ouverture-de-la-periode-de-candidature-comite-du-developpement-de-lindustrie-equine-de-canada-equestre-2020\/","title":{"rendered":"Ouverture de la p\u00e9riode de candidature : Comit\u00e9 du d\u00e9veloppement de l\u2019industrie \u00e9quine de Canada \u00c9questre 2020"},"content":{"rendered":"<p>Le comit\u00e9 de d\u00e9veloppement de l\u2019industrie \u00e9quine est un comit\u00e9 op\u00e9rationnel de CE dont l\u2019objectif g\u00e9n\u00e9ral est d\u2019offrir une orientation strat\u00e9gique et des avis \u00e0 la direction pour le d\u00e9veloppement et la d\u00e9fense des int\u00e9r\u00eats de l\u2019industrie \u00e9quine canadienne en lien avec le mandat de CE. Le comit\u00e9 travaillera en collaboration avec d\u2019autres comit\u00e9s et la direction de CE pour livrer son mandat.<\/p>\n<p>Ses responsabilit\u00e9s particuli\u00e8res sont notamment les suivantes :<\/p>\n<\/p>\n<ul>\n<li>Aviser la direction sur les priorit\u00e9s, les strat\u00e9gies et les cibles annuelles de performance op\u00e9rationnelle pour le d\u00e9veloppement permanent et la d\u00e9fense des int\u00e9r\u00eats de l\u2019industrie \u00e9quine du Canada;<\/li>\n<li>Surveiller et analyser les enjeux cl\u00e9s qui touchent l\u2019industrie \u00e9quine en plus d\u2019y r\u00e9pondre;<\/li>\n<li>Repr\u00e9senter CE et l\u2019industrie \u00e9quine au sein de comit\u00e9s et\/ou de groupes du gouvernement (le cas \u00e9ch\u00e9ant);<\/li>\n<li>Fournir une contribution et des commentaires \u00e0 la direction au sujet des politiques, des programmes, des r\u00e8glements et des services li\u00e9s \u00e0 ses fonctions de d\u00e9veloppement et de d\u00e9fense des int\u00e9r\u00eats; <\/li>\n<li>Appuyer la direction dans le traitement d\u2019enjeux \u00e9mergents dans l\u2019industrie \u00e9quine canadienne; <\/li>\n<li>Assurer le lien comme groupe aupr\u00e8s de l\u2019industrie \u00e9quine canadienne en partenariat avec la direction sur des d\u00e9veloppements, des enjeux, des d\u00e9fis et des r\u00e9alisations d\u2019importance dans l\u2019industrie \u00e9quine canadienne; <\/li>\n<li>Fournir des avis strat\u00e9giques \u00e0 la gestionnaire du bien-\u00eatre et de l\u2019industrie sur des questions touchant les programmes et les services \u00e0 l\u2019industrie \u00e9quine;<\/li>\n<li>Nommer des repr\u00e9sentants au sein de divers comit\u00e9s, le cas \u00e9ch\u00e9ant;<\/li>\n<li>Nommer des comit\u00e9s sp\u00e9ciaux de l\u2019industrie \u00e9quine, conform\u00e9ment aux mandats approuv\u00e9s par la direction, le cas \u00e9ch\u00e9ant; et<\/li>\n<li>Assurer le lien avec les organismes provinciaux\/territoriaux de sports \u00e9questres (OPTS) afin d\u2019accro\u00eetre l\u2019efficacit\u00e9 de CE relativement \u00e0 son mandat et \u00e0 son r\u00f4le au sein de l\u2019industrie \u00e9quine canadienne. <\/li>\n<\/ul>\n<p>CE est \u00e0 la recherche de membres de comit\u00e9 qui sont des propri\u00e9taires d\u2019entreprises \u00e9quines et des professionnels de l\u2019industrie \u00e9quine, notamment, mais sans s\u2019y limiter, des \u00e9leveurs, des entra\u00eeneurs, des propri\u00e9taires d\u2019installations et d\u2019autres professionnels engag\u00e9s dans les activit\u00e9s \u00e9quines. <\/p>\n<p>Les membres du comit\u00e9 sont nomm\u00e9s par le chef de la direction. La s\u00e9lection des membres du comit\u00e9 mise sur la diversit\u00e9 en accordant de l&rsquo;importance notamment, mais non seulement, \u00e0 leur exp\u00e9rience \u00e0 l&rsquo;\u00e9chelle nationale et internationale de m\u00eame que de leurs comp\u00e9tences sportives dans l&rsquo;industrie \u00e9quine. La repr\u00e9sentation \u00e9quilibr\u00e9e en ce qui a trait au genre, \u00e0 la r\u00e9gion d\u2019attache et \u00e0 la langue parl\u00e9e sera \u00e9galement prise en consid\u00e9ration.<\/p>\n<p>Pour de plus amples renseignements sur la politique op\u00e9rationnelle du comit\u00e9 de d\u00e9veloppement de l\u2019industrie \u00e9quine, veuillez consulter le <a href=\"https:\/\/www.equestrian.ca\/cdn\/storage\/resources_v2\/EhcKvZygLxykEbbqX\/original\/EhcKvZygLxykEbbqX.pdf?utm_source=Cyberimpact&amp;utm_medium=email&amp;utm_campaign=Technical\" target=\"_blank\" rel=\"noopener\">Guide des comit\u00e9s op\u00e9rationnels de CE<\/a> (disponible en anglais seulement).<\/p>\n<p><b>Comment peut-on postuler?<br \/><\/b>Toute personne int\u00e9ress\u00e9e est invit\u00e9e \u00e0 transmettre son curriculum vitae accompagn\u00e9 d\u2019une lettre d\u2019intention qui souligne les comp\u00e9tences la distinguant particuli\u00e8rement comme candidat pour ce comit\u00e9 :<\/p>\n<p>Kristy House<br \/>Gestionnaire, Bien-\u00eatre et de l&rsquo;industrie<br \/><a href=\"mailto:khouse@equestrian.ca\" target=\"_blank\" rel=\"noopener\">khouse@equestrian.ca<\/a><\/p>\n<p>Le nom complet du candidat ou de la candidate ainsi que son num\u00e9ro de licence sportive de CE et\/ou son num\u00e9ro d\u2019OPTS doivent \u00eatre inclus dans chaque dossier de mise en candidature. <b>La date limite de mise en candidature est le 5 juillet 2020. <\/b><\/p>\n<p>Pour de plus amples renseignements sur la mise en candidature, veuillez contacter Kristy House (<a href=\"mailto:khouse@equestrian.ca\" target=\"_blank\" rel=\"noopener\">khouse@equestrian.ca<\/a>).<\/p>\n<p style=\"text-align: center;\">&#8211; 30 &#8211;<\/p>\n","protected":false},"excerpt":{"rendered":"<p>Le comit\u00e9 de d\u00e9veloppement de l\u2019industrie \u00e9quine est un comit\u00e9 op\u00e9rationnel de CE dont l\u2019objectif g\u00e9n\u00e9ral est d\u2019offrir une orientation strat\u00e9gique et des avis \u00e0 la direction pour le d\u00e9veloppement et la d\u00e9fense des int\u00e9r\u00eats de l\u2019industrie \u00e9quine canadienne en lien avec le mandat de CE. Le comit\u00e9 travaillera en collaboration avec d\u2019autres comit\u00e9s et [&hellip;]<\/p>\n","protected":false},"author":3,"featured_media":0,"comment_status":"open","ping_status":"open","sticky":false,"template":"","format":"standard","meta":{"_acf_changed":false,"footnotes":""},"categories":[241],"tags":[],"class_list":["post-25743","post","type-post","status-publish","format-standard","hentry","category-anciens-articles"],"acf":[],"yoast_head":"<!-- This site is optimized with the Yoast SEO plugin v27.0 - https:\/\/yoast.com\/product\/yoast-seo-wordpress\/ -->\n<title>Ouverture de la p\u00e9riode de candidature : Comit\u00e9 du d\u00e9veloppement de l\u2019industrie \u00e9quine de Canada \u00c9questre 2020 - Equestrian Canada<\/title>\n<meta name=\"robots\" content=\"index, follow, max-snippet:-1, max-image-preview:large, max-video-preview:-1\" \/>\n<link rel=\"canonical\" href=\"https:\/\/equestrian.ca\/fr\/anciens-articles\/ouverture-de-la-periode-de-candidature-comite-du-developpement-de-lindustrie-equine-de-canada-equestre-2020\/\" \/>\n<meta property=\"og:locale\" content=\"fr_CA\" \/>\n<meta property=\"og:type\" content=\"article\" \/>\n<meta property=\"og:title\" content=\"Ouverture de la p\u00e9riode de candidature : Comit\u00e9 du d\u00e9veloppement de l\u2019industrie \u00e9quine de Canada \u00c9questre 2020 - Equestrian Canada\" \/>\n<meta property=\"og:description\" content=\"Le comit\u00e9 de d\u00e9veloppement de l\u2019industrie \u00e9quine est un comit\u00e9 op\u00e9rationnel de CE dont l\u2019objectif g\u00e9n\u00e9ral est d\u2019offrir une orientation strat\u00e9gique et des avis \u00e0 la direction pour le d\u00e9veloppement et la d\u00e9fense des int\u00e9r\u00eats de l\u2019industrie \u00e9quine canadienne en lien avec le mandat de CE. Le comit\u00e9 travaillera en collaboration avec d\u2019autres comit\u00e9s et [&hellip;]\" \/>\n<meta property=\"og:url\" content=\"https:\/\/equestrian.ca\/fr\/anciens-articles\/ouverture-de-la-periode-de-candidature-comite-du-developpement-de-lindustrie-equine-de-canada-equestre-2020\/\" \/>\n<meta property=\"og:site_name\" content=\"Equestrian Canada\" \/>\n<meta property=\"article:published_time\" content=\"2020-06-19T00:00:00+00:00\" \/>\n<meta name=\"author\" content=\"Berry\" \/>\n<meta name=\"twitter:card\" content=\"summary_large_image\" \/>\n<meta name=\"twitter:label1\" content=\"\u00c9crit par\" \/>\n\t<meta name=\"twitter:data1\" content=\"Berry\" \/>\n\t<meta name=\"twitter:label2\" content=\"Estimation du temps de lecture\" \/>\n\t<meta name=\"twitter:data2\" content=\"3 minutes\" \/>\n<script type=\"application\/ld+json\" class=\"yoast-schema-graph\">{\"@context\":\"https:\/\/schema.org\",\"@graph\":[{\"@type\":\"Article\",\"@id\":\"https:\/\/equestrian.ca\/fr\/anciens-articles\/ouverture-de-la-periode-de-candidature-comite-du-developpement-de-lindustrie-equine-de-canada-equestre-2020\/#article\",\"isPartOf\":{\"@id\":\"https:\/\/equestrian.ca\/fr\/anciens-articles\/ouverture-de-la-periode-de-candidature-comite-du-developpement-de-lindustrie-equine-de-canada-equestre-2020\/\"},\"author\":{\"name\":\"Berry\",\"@id\":\"https:\/\/equestrian.ca\/fr\/#\/schema\/person\/9abd3ba4d1027626b07355668e4ee3ad\"},\"headline\":\"Ouverture de la p\u00e9riode de candidature : Comit\u00e9 du d\u00e9veloppement de l\u2019industrie \u00e9quine de Canada \u00c9questre 2020\",\"datePublished\":\"2020-06-19T00:00:00+00:00\",\"mainEntityOfPage\":{\"@id\":\"https:\/\/equestrian.ca\/fr\/anciens-articles\/ouverture-de-la-periode-de-candidature-comite-du-developpement-de-lindustrie-equine-de-canada-equestre-2020\/\"},\"wordCount\":641,\"commentCount\":0,\"articleSection\":[\"Anciens articles\"],\"inLanguage\":\"fr-CA\",\"potentialAction\":[{\"@type\":\"CommentAction\",\"name\":\"Comment\",\"target\":[\"https:\/\/equestrian.ca\/fr\/anciens-articles\/ouverture-de-la-periode-de-candidature-comite-du-developpement-de-lindustrie-equine-de-canada-equestre-2020\/#respond\"]}]},{\"@type\":\"WebPage\",\"@id\":\"https:\/\/equestrian.ca\/fr\/anciens-articles\/ouverture-de-la-periode-de-candidature-comite-du-developpement-de-lindustrie-equine-de-canada-equestre-2020\/\",\"url\":\"https:\/\/equestrian.ca\/fr\/anciens-articles\/ouverture-de-la-periode-de-candidature-comite-du-developpement-de-lindustrie-equine-de-canada-equestre-2020\/\",\"name\":\"Ouverture de la p\u00e9riode de candidature : Comit\u00e9 du d\u00e9veloppement de l\u2019industrie \u00e9quine de Canada \u00c9questre 2020 - Equestrian Canada\",\"isPartOf\":{\"@id\":\"https:\/\/equestrian.ca\/fr\/#website\"},\"datePublished\":\"2020-06-19T00:00:00+00:00\",\"author\":{\"@id\":\"https:\/\/equestrian.ca\/fr\/#\/schema\/person\/9abd3ba4d1027626b07355668e4ee3ad\"},\"breadcrumb\":{\"@id\":\"https:\/\/equestrian.ca\/fr\/anciens-articles\/ouverture-de-la-periode-de-candidature-comite-du-developpement-de-lindustrie-equine-de-canada-equestre-2020\/#breadcrumb\"},\"inLanguage\":\"fr-CA\",\"potentialAction\":[{\"@type\":\"ReadAction\",\"target\":[\"https:\/\/equestrian.ca\/fr\/anciens-articles\/ouverture-de-la-periode-de-candidature-comite-du-developpement-de-lindustrie-equine-de-canada-equestre-2020\/\"]}]},{\"@type\":\"BreadcrumbList\",\"@id\":\"https:\/\/equestrian.ca\/fr\/anciens-articles\/ouverture-de-la-periode-de-candidature-comite-du-developpement-de-lindustrie-equine-de-canada-equestre-2020\/#breadcrumb\",\"itemListElement\":[{\"@type\":\"ListItem\",\"position\":1,\"name\":\"Home\",\"item\":\"https:\/\/equestrian.ca\/fr\/\"},{\"@type\":\"ListItem\",\"position\":2,\"name\":\"Ouverture de la p\u00e9riode de candidature : Comit\u00e9 du d\u00e9veloppement de l\u2019industrie \u00e9quine de Canada \u00c9questre 2020\"}]},{\"@type\":\"WebSite\",\"@id\":\"https:\/\/equestrian.ca\/fr\/#website\",\"url\":\"https:\/\/equestrian.ca\/fr\/\",\"name\":\"Equestrian Canada\",\"description\":\"For the love of horses and sport for life.\",\"potentialAction\":[{\"@type\":\"SearchAction\",\"target\":{\"@type\":\"EntryPoint\",\"urlTemplate\":\"https:\/\/equestrian.ca\/fr\/?s={search_term_string}\"},\"query-input\":{\"@type\":\"PropertyValueSpecification\",\"valueRequired\":true,\"valueName\":\"search_term_string\"}}],\"inLanguage\":\"fr-CA\"},{\"@type\":\"Person\",\"@id\":\"https:\/\/equestrian.ca\/fr\/#\/schema\/person\/9abd3ba4d1027626b07355668e4ee3ad\",\"name\":\"Berry\",\"image\":{\"@type\":\"ImageObject\",\"inLanguage\":\"fr-CA\",\"@id\":\"https:\/\/equestrian.ca\/fr\/#\/schema\/person\/image\/\",\"url\":\"https:\/\/secure.gravatar.com\/avatar\/882da3b67056b0c608086d3c77de46948b64244a4c249e81e0bf04a8095ce320?s=96&d=mm&r=g\",\"contentUrl\":\"https:\/\/secure.gravatar.com\/avatar\/882da3b67056b0c608086d3c77de46948b64244a4c249e81e0bf04a8095ce320?s=96&d=mm&r=g\",\"caption\":\"Berry\"},\"url\":\"https:\/\/equestrian.ca\/fr\/author\/mberry\/\"}]}<\/script>\n<!-- \/ Yoast SEO plugin. -->","yoast_head_json":{"title":"Ouverture de la p\u00e9riode de candidature : Comit\u00e9 du d\u00e9veloppement de l\u2019industrie \u00e9quine de Canada \u00c9questre 2020 - Equestrian Canada","robots":{"index":"index","follow":"follow","max-snippet":"max-snippet:-1","max-image-preview":"max-image-preview:large","max-video-preview":"max-video-preview:-1"},"canonical":"https:\/\/equestrian.ca\/fr\/anciens-articles\/ouverture-de-la-periode-de-candidature-comite-du-developpement-de-lindustrie-equine-de-canada-equestre-2020\/","og_locale":"fr_CA","og_type":"article","og_title":"Ouverture de la p\u00e9riode de candidature : Comit\u00e9 du d\u00e9veloppement de l\u2019industrie \u00e9quine de Canada \u00c9questre 2020 - Equestrian Canada","og_description":"Le comit\u00e9 de d\u00e9veloppement de l\u2019industrie \u00e9quine est un comit\u00e9 op\u00e9rationnel de CE dont l\u2019objectif g\u00e9n\u00e9ral est d\u2019offrir une orientation strat\u00e9gique et des avis \u00e0 la direction pour le d\u00e9veloppement et la d\u00e9fense des int\u00e9r\u00eats de l\u2019industrie \u00e9quine canadienne en lien avec le mandat de CE. Le comit\u00e9 travaillera en collaboration avec d\u2019autres comit\u00e9s et [&hellip;]","og_url":"https:\/\/equestrian.ca\/fr\/anciens-articles\/ouverture-de-la-periode-de-candidature-comite-du-developpement-de-lindustrie-equine-de-canada-equestre-2020\/","og_site_name":"Equestrian Canada","article_published_time":"2020-06-19T00:00:00+00:00","author":"Berry","twitter_card":"summary_large_image","twitter_misc":{"\u00c9crit par":"Berry","Estimation du temps de lecture":"3 minutes"},"schema":{"@context":"https:\/\/schema.org","@graph":[{"@type":"Article","@id":"https:\/\/equestrian.ca\/fr\/anciens-articles\/ouverture-de-la-periode-de-candidature-comite-du-developpement-de-lindustrie-equine-de-canada-equestre-2020\/#article","isPartOf":{"@id":"https:\/\/equestrian.ca\/fr\/anciens-articles\/ouverture-de-la-periode-de-candidature-comite-du-developpement-de-lindustrie-equine-de-canada-equestre-2020\/"},"author":{"name":"Berry","@id":"https:\/\/equestrian.ca\/fr\/#\/schema\/person\/9abd3ba4d1027626b07355668e4ee3ad"},"headline":"Ouverture de la p\u00e9riode de candidature : Comit\u00e9 du d\u00e9veloppement de l\u2019industrie \u00e9quine de Canada \u00c9questre 2020","datePublished":"2020-06-19T00:00:00+00:00","mainEntityOfPage":{"@id":"https:\/\/equestrian.ca\/fr\/anciens-articles\/ouverture-de-la-periode-de-candidature-comite-du-developpement-de-lindustrie-equine-de-canada-equestre-2020\/"},"wordCount":641,"commentCount":0,"articleSection":["Anciens articles"],"inLanguage":"fr-CA","potentialAction":[{"@type":"CommentAction","name":"Comment","target":["https:\/\/equestrian.ca\/fr\/anciens-articles\/ouverture-de-la-periode-de-candidature-comite-du-developpement-de-lindustrie-equine-de-canada-equestre-2020\/#respond"]}]},{"@type":"WebPage","@id":"https:\/\/equestrian.ca\/fr\/anciens-articles\/ouverture-de-la-periode-de-candidature-comite-du-developpement-de-lindustrie-equine-de-canada-equestre-2020\/","url":"https:\/\/equestrian.ca\/fr\/anciens-articles\/ouverture-de-la-periode-de-candidature-comite-du-developpement-de-lindustrie-equine-de-canada-equestre-2020\/","name":"Ouverture de la p\u00e9riode de candidature : Comit\u00e9 du d\u00e9veloppement de l\u2019industrie \u00e9quine de Canada \u00c9questre 2020 - Equestrian Canada","isPartOf":{"@id":"https:\/\/equestrian.ca\/fr\/#website"},"datePublished":"2020-06-19T00:00:00+00:00","author":{"@id":"https:\/\/equestrian.ca\/fr\/#\/schema\/person\/9abd3ba4d1027626b07355668e4ee3ad"},"breadcrumb":{"@id":"https:\/\/equestrian.ca\/fr\/anciens-articles\/ouverture-de-la-periode-de-candidature-comite-du-developpement-de-lindustrie-equine-de-canada-equestre-2020\/#breadcrumb"},"inLanguage":"fr-CA","potentialAction":[{"@type":"ReadAction","target":["https:\/\/equestrian.ca\/fr\/anciens-articles\/ouverture-de-la-periode-de-candidature-comite-du-developpement-de-lindustrie-equine-de-canada-equestre-2020\/"]}]},{"@type":"BreadcrumbList","@id":"https:\/\/equestrian.ca\/fr\/anciens-articles\/ouverture-de-la-periode-de-candidature-comite-du-developpement-de-lindustrie-equine-de-canada-equestre-2020\/#breadcrumb","itemListElement":[{"@type":"ListItem","position":1,"name":"Home","item":"https:\/\/equestrian.ca\/fr\/"},{"@type":"ListItem","position":2,"name":"Ouverture de la p\u00e9riode de candidature : Comit\u00e9 du d\u00e9veloppement de l\u2019industrie \u00e9quine de Canada \u00c9questre 2020"}]},{"@type":"WebSite","@id":"https:\/\/equestrian.ca\/fr\/#website","url":"https:\/\/equestrian.ca\/fr\/","name":"Equestrian Canada","description":"For the love of horses and sport for life.","potentialAction":[{"@type":"SearchAction","target":{"@type":"EntryPoint","urlTemplate":"https:\/\/equestrian.ca\/fr\/?s={search_term_string}"},"query-input":{"@type":"PropertyValueSpecification","valueRequired":true,"valueName":"search_term_string"}}],"inLanguage":"fr-CA"},{"@type":"Person","@id":"https:\/\/equestrian.ca\/fr\/#\/schema\/person\/9abd3ba4d1027626b07355668e4ee3ad","name":"Berry","image":{"@type":"ImageObject","inLanguage":"fr-CA","@id":"https:\/\/equestrian.ca\/fr\/#\/schema\/person\/image\/","url":"https:\/\/secure.gravatar.com\/avatar\/882da3b67056b0c608086d3c77de46948b64244a4c249e81e0bf04a8095ce320?s=96&d=mm&r=g","contentUrl":"https:\/\/secure.gravatar.com\/avatar\/882da3b67056b0c608086d3c77de46948b64244a4c249e81e0bf04a8095ce320?s=96&d=mm&r=g","caption":"Berry"},"url":"https:\/\/equestrian.ca\/fr\/author\/mberry\/"}]}},"_links":{"self":[{"href":"https:\/\/equestrian.ca\/fr\/wp-json\/wp\/v2\/posts\/25743","targetHints":{"allow":["GET"]}}],"collection":[{"href":"https:\/\/equestrian.ca\/fr\/wp-json\/wp\/v2\/posts"}],"about":[{"href":"https:\/\/equestrian.ca\/fr\/wp-json\/wp\/v2\/types\/post"}],"author":[{"embeddable":true,"href":"https:\/\/equestrian.ca\/fr\/wp-json\/wp\/v2\/users\/3"}],"replies":[{"embeddable":true,"href":"https:\/\/equestrian.ca\/fr\/wp-json\/wp\/v2\/comments?post=25743"}],"version-history":[{"count":0,"href":"https:\/\/equestrian.ca\/fr\/wp-json\/wp\/v2\/posts\/25743\/revisions"}],"wp:attachment":[{"href":"https:\/\/equestrian.ca\/fr\/wp-json\/wp\/v2\/media?parent=25743"}],"wp:term":[{"taxonomy":"category","embeddable":true,"href":"https:\/\/equestrian.ca\/fr\/wp-json\/wp\/v2\/categories?post=25743"},{"taxonomy":"post_tag","embeddable":true,"href":"https:\/\/equestrian.ca\/fr\/wp-json\/wp\/v2\/tags?post=25743"}],"curies":[{"name":"wp","href":"https:\/\/api.w.org\/{rel}","templated":true}]}}