{"id":25723,"date":"2021-10-04T00:00:00","date_gmt":"2021-10-04T00:00:00","guid":{"rendered":"https:\/\/equestrian.ca\/news\/melanie-mclearon-se-joint-a-canada-equestre-comme-directrice-communications-et-marketing\/"},"modified":"2021-10-04T00:00:00","modified_gmt":"2021-10-04T00:00:00","slug":"melanie-mclearon-se-joint-a-canada-equestre-comme-directrice-communications-et-marketing","status":"publish","type":"post","link":"https:\/\/equestrian.ca\/fr\/anciens-articles\/melanie-mclearon-se-joint-a-canada-equestre-comme-directrice-communications-et-marketing\/","title":{"rendered":"Melanie McLearon se joint \u00e0 Canada \u00c9questre comme directrice, Communications et marketing"},"content":{"rendered":"<p>M<sup>me<\/sup> McLearon d\u00e9tient une exp\u00e9rience \u00e9tendue et fructueuse de 20 ans dans les secteurs public et priv\u00e9 et est sp\u00e9cialis\u00e9e dans la fourniture d\u2019une direction strat\u00e9gique ax\u00e9e sur le marketing et les communications. Elle a occup\u00e9 plusieurs postes au cours de sa carri\u00e8re et a r\u00e9cemment \u00e9t\u00e9 membre de l\u2019\u00e9quipe de la haute direction de Connexions Familiales de Simcoe Muskoka. Elle \u00e9tait responsable des communications, des lev\u00e9es de fonds, de la mobilisation des intervenants et des relations avec les m\u00e9dias. <\/p>\n<p>M<sup>me<\/sup> McLearon est non seulement connue pour sa grande capacit\u00e9 \u00e0 mener \u00e0 bien des projets de repositionnement de marque, mais \u00e9galement pour ses talents d\u2019\u00e9criture de haut calibre, ses excellentes relations interpersonnelles et son habilet\u00e9 \u00e0 favoriser le travail d\u2019\u00e9quipe. Elle a une belle plume et a d\u00e9montr\u00e9 une grande efficacit\u00e9 dans plusieurs secteurs, en plus d\u2019une grande passion pour l\u2019\u00e9quitation.  <\/p>\n<p>Dipl\u00f4m\u00e9e de l\u2019Ivey Business School de la Western University, elle a grandi en Arabie Saoudite, en Autriche et en Espagne, et a visit\u00e9 plus de trente pays au cours de sa vie. En plus de ses succ\u00e8s universitaires, elle a eu l\u2019occasion de travailler pour Bruce Power, Centraide, l\u2019Ivey Business School et Vision Mondiale Canada. Ces exp\u00e9riences lui ont permis d\u2019acqu\u00e9rir un ensemble de comp\u00e9tences unique qui lui a permis de participer \u00e0 la croissance de marques, \u00e0 l\u2019\u00e9tablissement de relations avec des intervenants et \u00e0 la mise en \u0153uvre de strat\u00e9gies de marketing efficaces, et ce, tout au long de sa carri\u00e8re. <\/p>\n<p>M<sup>me<\/sup> McLearon rel\u00e8ve de la chef de la direction en tant que directrice, Communications et marketing. L\u2019un des \u00e9l\u00e9ments cl\u00e9s de son poste est de planifier et g\u00e9rer la livraison de communications de haute qualit\u00e9 dans des m\u00e9dias diversifi\u00e9s. Elle est aussi responsable de pr\u00e9senter la strat\u00e9gie marketing globale d\u00e9di\u00e9e aux campagnes et de diriger la mobilisation des intervenants actuels et potentiels. Elle a \u00e9galement pour mission de cr\u00e9er un plan progressif de marketing et de promotion qui permettra d\u2019augmenter la visibilit\u00e9 et la notori\u00e9t\u00e9 des sports et de l\u2019industrie \u00e9questres au Canada. <\/p>\n<p>\u00ab\u2009Je suis ravie de travailler pour CE et de me joindre \u00e0 son engagement envers les athl\u00e8tes \u00e9questres dans leur poursuite vers l\u2019excellence, de leurs d\u00e9buts jusqu\u2019au podium\u2009\u00bb, a d\u00e9clar\u00e9 M<sup>me<\/sup> McLearon. \u00ab\u2009Je suis dans le domaine \u00e9questre depuis longtemps. J\u2019ai h\u00e2te d\u2019allier mes capacit\u00e9s et talents professionnels \u00e0 ma passion pour les chevaux et \u00e0 la communaut\u00e9 \u00e9quine. Je suis impatiente de d\u00e9couvrir les d\u00e9fis et les occasions qui m\u2019attendent.\u2009\u00bb<\/p>\n<\/p>\n<p><center>&#8211; 30 &#8211;<\/p>\n<p><\/center><img src='\/wp-content\/uploads\/cdn\/storage\/images_v2\/MelanieMcLearon.JPG' alt='Melanie McLearon Joins Equestrian Canada as Director, Marketing and Communications' \/><\/p>\n<p><b>Source<\/b> \u2013 Nat Caron <a href=\"https:\/\/natcaronphotography.com\/\" target=\"_blank\" rel=\"noopener\">natcaronphotography.com<\/a><\/p>\n","protected":false},"excerpt":{"rendered":"<p>Mme McLearon d\u00e9tient une exp\u00e9rience \u00e9tendue et fructueuse de 20 ans dans les secteurs public et priv\u00e9 et est sp\u00e9cialis\u00e9e dans la fourniture d\u2019une direction strat\u00e9gique ax\u00e9e sur le marketing et les communications. Elle a occup\u00e9 plusieurs postes au cours de sa carri\u00e8re et a r\u00e9cemment \u00e9t\u00e9 membre de l\u2019\u00e9quipe de la haute direction de [&hellip;]<\/p>\n","protected":false},"author":3,"featured_media":3545,"comment_status":"open","ping_status":"open","sticky":false,"template":"","format":"standard","meta":{"_acf_changed":false,"footnotes":""},"categories":[241],"tags":[],"class_list":["post-25723","post","type-post","status-publish","format-standard","has-post-thumbnail","hentry","category-anciens-articles"],"acf":[],"yoast_head":"<!-- This site is optimized with the Yoast SEO plugin v27.0 - https:\/\/yoast.com\/product\/yoast-seo-wordpress\/ -->\n<title>Melanie McLearon se joint \u00e0 Canada \u00c9questre comme directrice, Communications et marketing - Equestrian Canada<\/title>\n<meta name=\"robots\" content=\"index, follow, max-snippet:-1, max-image-preview:large, max-video-preview:-1\" \/>\n<link rel=\"canonical\" href=\"https:\/\/equestrian.ca\/fr\/anciens-articles\/melanie-mclearon-se-joint-a-canada-equestre-comme-directrice-communications-et-marketing\/\" \/>\n<meta property=\"og:locale\" content=\"fr_CA\" \/>\n<meta property=\"og:type\" content=\"article\" \/>\n<meta property=\"og:title\" content=\"Melanie McLearon se joint \u00e0 Canada \u00c9questre comme directrice, Communications et marketing - Equestrian Canada\" \/>\n<meta property=\"og:description\" content=\"Mme McLearon d\u00e9tient une exp\u00e9rience \u00e9tendue et fructueuse de 20 ans dans les secteurs public et priv\u00e9 et est sp\u00e9cialis\u00e9e dans la fourniture d\u2019une direction strat\u00e9gique ax\u00e9e sur le marketing et les communications. Elle a occup\u00e9 plusieurs postes au cours de sa carri\u00e8re et a r\u00e9cemment \u00e9t\u00e9 membre de l\u2019\u00e9quipe de la haute direction de [&hellip;]\" \/>\n<meta property=\"og:url\" content=\"https:\/\/equestrian.ca\/fr\/anciens-articles\/melanie-mclearon-se-joint-a-canada-equestre-comme-directrice-communications-et-marketing\/\" \/>\n<meta property=\"og:site_name\" content=\"Equestrian Canada\" \/>\n<meta property=\"article:published_time\" content=\"2021-10-04T00:00:00+00:00\" \/>\n<meta property=\"og:image\" content=\"https:\/\/equestrian.ca\/wp-content\/uploads\/2023\/09\/MelanieMcLearon.jpg\" \/>\n\t<meta property=\"og:image:width\" content=\"501\" \/>\n\t<meta property=\"og:image:height\" content=\"751\" \/>\n\t<meta property=\"og:image:type\" content=\"image\/jpeg\" \/>\n<meta name=\"author\" content=\"Berry\" \/>\n<meta name=\"twitter:card\" content=\"summary_large_image\" \/>\n<meta name=\"twitter:label1\" content=\"\u00c9crit par\" \/>\n\t<meta name=\"twitter:data1\" content=\"Berry\" \/>\n\t<meta name=\"twitter:label2\" content=\"Estimation du temps de lecture\" \/>\n\t<meta name=\"twitter:data2\" content=\"2 minutes\" \/>\n<script type=\"application\/ld+json\" class=\"yoast-schema-graph\">{\"@context\":\"https:\/\/schema.org\",\"@graph\":[{\"@type\":\"Article\",\"@id\":\"https:\/\/equestrian.ca\/fr\/anciens-articles\/melanie-mclearon-se-joint-a-canada-equestre-comme-directrice-communications-et-marketing\/#article\",\"isPartOf\":{\"@id\":\"https:\/\/equestrian.ca\/fr\/anciens-articles\/melanie-mclearon-se-joint-a-canada-equestre-comme-directrice-communications-et-marketing\/\"},\"author\":{\"name\":\"Berry\",\"@id\":\"https:\/\/equestrian.ca\/fr\/#\/schema\/person\/9abd3ba4d1027626b07355668e4ee3ad\"},\"headline\":\"Melanie McLearon se joint \u00e0 Canada \u00c9questre comme directrice, Communications et marketing\",\"datePublished\":\"2021-10-04T00:00:00+00:00\",\"mainEntityOfPage\":{\"@id\":\"https:\/\/equestrian.ca\/fr\/anciens-articles\/melanie-mclearon-se-joint-a-canada-equestre-comme-directrice-communications-et-marketing\/\"},\"wordCount\":474,\"commentCount\":0,\"image\":{\"@id\":\"https:\/\/equestrian.ca\/fr\/anciens-articles\/melanie-mclearon-se-joint-a-canada-equestre-comme-directrice-communications-et-marketing\/#primaryimage\"},\"thumbnailUrl\":\"https:\/\/equestrian.ca\/wp-content\/uploads\/2023\/09\/MelanieMcLearon.jpg\",\"articleSection\":[\"Anciens articles\"],\"inLanguage\":\"fr-CA\",\"potentialAction\":[{\"@type\":\"CommentAction\",\"name\":\"Comment\",\"target\":[\"https:\/\/equestrian.ca\/fr\/anciens-articles\/melanie-mclearon-se-joint-a-canada-equestre-comme-directrice-communications-et-marketing\/#respond\"]}]},{\"@type\":\"WebPage\",\"@id\":\"https:\/\/equestrian.ca\/fr\/anciens-articles\/melanie-mclearon-se-joint-a-canada-equestre-comme-directrice-communications-et-marketing\/\",\"url\":\"https:\/\/equestrian.ca\/fr\/anciens-articles\/melanie-mclearon-se-joint-a-canada-equestre-comme-directrice-communications-et-marketing\/\",\"name\":\"Melanie McLearon se joint \u00e0 Canada \u00c9questre comme directrice, Communications et marketing - Equestrian Canada\",\"isPartOf\":{\"@id\":\"https:\/\/equestrian.ca\/fr\/#website\"},\"primaryImageOfPage\":{\"@id\":\"https:\/\/equestrian.ca\/fr\/anciens-articles\/melanie-mclearon-se-joint-a-canada-equestre-comme-directrice-communications-et-marketing\/#primaryimage\"},\"image\":{\"@id\":\"https:\/\/equestrian.ca\/fr\/anciens-articles\/melanie-mclearon-se-joint-a-canada-equestre-comme-directrice-communications-et-marketing\/#primaryimage\"},\"thumbnailUrl\":\"https:\/\/equestrian.ca\/wp-content\/uploads\/2023\/09\/MelanieMcLearon.jpg\",\"datePublished\":\"2021-10-04T00:00:00+00:00\",\"author\":{\"@id\":\"https:\/\/equestrian.ca\/fr\/#\/schema\/person\/9abd3ba4d1027626b07355668e4ee3ad\"},\"breadcrumb\":{\"@id\":\"https:\/\/equestrian.ca\/fr\/anciens-articles\/melanie-mclearon-se-joint-a-canada-equestre-comme-directrice-communications-et-marketing\/#breadcrumb\"},\"inLanguage\":\"fr-CA\",\"potentialAction\":[{\"@type\":\"ReadAction\",\"target\":[\"https:\/\/equestrian.ca\/fr\/anciens-articles\/melanie-mclearon-se-joint-a-canada-equestre-comme-directrice-communications-et-marketing\/\"]}]},{\"@type\":\"ImageObject\",\"inLanguage\":\"fr-CA\",\"@id\":\"https:\/\/equestrian.ca\/fr\/anciens-articles\/melanie-mclearon-se-joint-a-canada-equestre-comme-directrice-communications-et-marketing\/#primaryimage\",\"url\":\"https:\/\/equestrian.ca\/wp-content\/uploads\/2023\/09\/MelanieMcLearon.jpg\",\"contentUrl\":\"https:\/\/equestrian.ca\/wp-content\/uploads\/2023\/09\/MelanieMcLearon.jpg\",\"width\":501,\"height\":751},{\"@type\":\"BreadcrumbList\",\"@id\":\"https:\/\/equestrian.ca\/fr\/anciens-articles\/melanie-mclearon-se-joint-a-canada-equestre-comme-directrice-communications-et-marketing\/#breadcrumb\",\"itemListElement\":[{\"@type\":\"ListItem\",\"position\":1,\"name\":\"Home\",\"item\":\"https:\/\/equestrian.ca\/fr\/\"},{\"@type\":\"ListItem\",\"position\":2,\"name\":\"Melanie McLearon se joint \u00e0 Canada \u00c9questre comme directrice, Communications et marketing\"}]},{\"@type\":\"WebSite\",\"@id\":\"https:\/\/equestrian.ca\/fr\/#website\",\"url\":\"https:\/\/equestrian.ca\/fr\/\",\"name\":\"Equestrian Canada\",\"description\":\"For the love of horses and sport for life.\",\"potentialAction\":[{\"@type\":\"SearchAction\",\"target\":{\"@type\":\"EntryPoint\",\"urlTemplate\":\"https:\/\/equestrian.ca\/fr\/?s={search_term_string}\"},\"query-input\":{\"@type\":\"PropertyValueSpecification\",\"valueRequired\":true,\"valueName\":\"search_term_string\"}}],\"inLanguage\":\"fr-CA\"},{\"@type\":\"Person\",\"@id\":\"https:\/\/equestrian.ca\/fr\/#\/schema\/person\/9abd3ba4d1027626b07355668e4ee3ad\",\"name\":\"Berry\",\"image\":{\"@type\":\"ImageObject\",\"inLanguage\":\"fr-CA\",\"@id\":\"https:\/\/equestrian.ca\/fr\/#\/schema\/person\/image\/\",\"url\":\"https:\/\/secure.gravatar.com\/avatar\/882da3b67056b0c608086d3c77de46948b64244a4c249e81e0bf04a8095ce320?s=96&d=mm&r=g\",\"contentUrl\":\"https:\/\/secure.gravatar.com\/avatar\/882da3b67056b0c608086d3c77de46948b64244a4c249e81e0bf04a8095ce320?s=96&d=mm&r=g\",\"caption\":\"Berry\"},\"url\":\"https:\/\/equestrian.ca\/fr\/author\/mberry\/\"}]}<\/script>\n<!-- \/ Yoast SEO plugin. -->","yoast_head_json":{"title":"Melanie McLearon se joint \u00e0 Canada \u00c9questre comme directrice, Communications et marketing - Equestrian Canada","robots":{"index":"index","follow":"follow","max-snippet":"max-snippet:-1","max-image-preview":"max-image-preview:large","max-video-preview":"max-video-preview:-1"},"canonical":"https:\/\/equestrian.ca\/fr\/anciens-articles\/melanie-mclearon-se-joint-a-canada-equestre-comme-directrice-communications-et-marketing\/","og_locale":"fr_CA","og_type":"article","og_title":"Melanie McLearon se joint \u00e0 Canada \u00c9questre comme directrice, Communications et marketing - Equestrian Canada","og_description":"Mme McLearon d\u00e9tient une exp\u00e9rience \u00e9tendue et fructueuse de 20 ans dans les secteurs public et priv\u00e9 et est sp\u00e9cialis\u00e9e dans la fourniture d\u2019une direction strat\u00e9gique ax\u00e9e sur le marketing et les communications. Elle a occup\u00e9 plusieurs postes au cours de sa carri\u00e8re et a r\u00e9cemment \u00e9t\u00e9 membre de l\u2019\u00e9quipe de la haute direction de [&hellip;]","og_url":"https:\/\/equestrian.ca\/fr\/anciens-articles\/melanie-mclearon-se-joint-a-canada-equestre-comme-directrice-communications-et-marketing\/","og_site_name":"Equestrian Canada","article_published_time":"2021-10-04T00:00:00+00:00","og_image":[{"width":501,"height":751,"url":"https:\/\/equestrian.ca\/wp-content\/uploads\/2023\/09\/MelanieMcLearon.jpg","type":"image\/jpeg"}],"author":"Berry","twitter_card":"summary_large_image","twitter_misc":{"\u00c9crit par":"Berry","Estimation du temps de lecture":"2 minutes"},"schema":{"@context":"https:\/\/schema.org","@graph":[{"@type":"Article","@id":"https:\/\/equestrian.ca\/fr\/anciens-articles\/melanie-mclearon-se-joint-a-canada-equestre-comme-directrice-communications-et-marketing\/#article","isPartOf":{"@id":"https:\/\/equestrian.ca\/fr\/anciens-articles\/melanie-mclearon-se-joint-a-canada-equestre-comme-directrice-communications-et-marketing\/"},"author":{"name":"Berry","@id":"https:\/\/equestrian.ca\/fr\/#\/schema\/person\/9abd3ba4d1027626b07355668e4ee3ad"},"headline":"Melanie McLearon se joint \u00e0 Canada \u00c9questre comme directrice, Communications et marketing","datePublished":"2021-10-04T00:00:00+00:00","mainEntityOfPage":{"@id":"https:\/\/equestrian.ca\/fr\/anciens-articles\/melanie-mclearon-se-joint-a-canada-equestre-comme-directrice-communications-et-marketing\/"},"wordCount":474,"commentCount":0,"image":{"@id":"https:\/\/equestrian.ca\/fr\/anciens-articles\/melanie-mclearon-se-joint-a-canada-equestre-comme-directrice-communications-et-marketing\/#primaryimage"},"thumbnailUrl":"https:\/\/equestrian.ca\/wp-content\/uploads\/2023\/09\/MelanieMcLearon.jpg","articleSection":["Anciens articles"],"inLanguage":"fr-CA","potentialAction":[{"@type":"CommentAction","name":"Comment","target":["https:\/\/equestrian.ca\/fr\/anciens-articles\/melanie-mclearon-se-joint-a-canada-equestre-comme-directrice-communications-et-marketing\/#respond"]}]},{"@type":"WebPage","@id":"https:\/\/equestrian.ca\/fr\/anciens-articles\/melanie-mclearon-se-joint-a-canada-equestre-comme-directrice-communications-et-marketing\/","url":"https:\/\/equestrian.ca\/fr\/anciens-articles\/melanie-mclearon-se-joint-a-canada-equestre-comme-directrice-communications-et-marketing\/","name":"Melanie McLearon se joint \u00e0 Canada \u00c9questre comme directrice, Communications et marketing - Equestrian Canada","isPartOf":{"@id":"https:\/\/equestrian.ca\/fr\/#website"},"primaryImageOfPage":{"@id":"https:\/\/equestrian.ca\/fr\/anciens-articles\/melanie-mclearon-se-joint-a-canada-equestre-comme-directrice-communications-et-marketing\/#primaryimage"},"image":{"@id":"https:\/\/equestrian.ca\/fr\/anciens-articles\/melanie-mclearon-se-joint-a-canada-equestre-comme-directrice-communications-et-marketing\/#primaryimage"},"thumbnailUrl":"https:\/\/equestrian.ca\/wp-content\/uploads\/2023\/09\/MelanieMcLearon.jpg","datePublished":"2021-10-04T00:00:00+00:00","author":{"@id":"https:\/\/equestrian.ca\/fr\/#\/schema\/person\/9abd3ba4d1027626b07355668e4ee3ad"},"breadcrumb":{"@id":"https:\/\/equestrian.ca\/fr\/anciens-articles\/melanie-mclearon-se-joint-a-canada-equestre-comme-directrice-communications-et-marketing\/#breadcrumb"},"inLanguage":"fr-CA","potentialAction":[{"@type":"ReadAction","target":["https:\/\/equestrian.ca\/fr\/anciens-articles\/melanie-mclearon-se-joint-a-canada-equestre-comme-directrice-communications-et-marketing\/"]}]},{"@type":"ImageObject","inLanguage":"fr-CA","@id":"https:\/\/equestrian.ca\/fr\/anciens-articles\/melanie-mclearon-se-joint-a-canada-equestre-comme-directrice-communications-et-marketing\/#primaryimage","url":"https:\/\/equestrian.ca\/wp-content\/uploads\/2023\/09\/MelanieMcLearon.jpg","contentUrl":"https:\/\/equestrian.ca\/wp-content\/uploads\/2023\/09\/MelanieMcLearon.jpg","width":501,"height":751},{"@type":"BreadcrumbList","@id":"https:\/\/equestrian.ca\/fr\/anciens-articles\/melanie-mclearon-se-joint-a-canada-equestre-comme-directrice-communications-et-marketing\/#breadcrumb","itemListElement":[{"@type":"ListItem","position":1,"name":"Home","item":"https:\/\/equestrian.ca\/fr\/"},{"@type":"ListItem","position":2,"name":"Melanie McLearon se joint \u00e0 Canada \u00c9questre comme directrice, Communications et marketing"}]},{"@type":"WebSite","@id":"https:\/\/equestrian.ca\/fr\/#website","url":"https:\/\/equestrian.ca\/fr\/","name":"Equestrian Canada","description":"For the love of horses and sport for life.","potentialAction":[{"@type":"SearchAction","target":{"@type":"EntryPoint","urlTemplate":"https:\/\/equestrian.ca\/fr\/?s={search_term_string}"},"query-input":{"@type":"PropertyValueSpecification","valueRequired":true,"valueName":"search_term_string"}}],"inLanguage":"fr-CA"},{"@type":"Person","@id":"https:\/\/equestrian.ca\/fr\/#\/schema\/person\/9abd3ba4d1027626b07355668e4ee3ad","name":"Berry","image":{"@type":"ImageObject","inLanguage":"fr-CA","@id":"https:\/\/equestrian.ca\/fr\/#\/schema\/person\/image\/","url":"https:\/\/secure.gravatar.com\/avatar\/882da3b67056b0c608086d3c77de46948b64244a4c249e81e0bf04a8095ce320?s=96&d=mm&r=g","contentUrl":"https:\/\/secure.gravatar.com\/avatar\/882da3b67056b0c608086d3c77de46948b64244a4c249e81e0bf04a8095ce320?s=96&d=mm&r=g","caption":"Berry"},"url":"https:\/\/equestrian.ca\/fr\/author\/mberry\/"}]}},"_links":{"self":[{"href":"https:\/\/equestrian.ca\/fr\/wp-json\/wp\/v2\/posts\/25723","targetHints":{"allow":["GET"]}}],"collection":[{"href":"https:\/\/equestrian.ca\/fr\/wp-json\/wp\/v2\/posts"}],"about":[{"href":"https:\/\/equestrian.ca\/fr\/wp-json\/wp\/v2\/types\/post"}],"author":[{"embeddable":true,"href":"https:\/\/equestrian.ca\/fr\/wp-json\/wp\/v2\/users\/3"}],"replies":[{"embeddable":true,"href":"https:\/\/equestrian.ca\/fr\/wp-json\/wp\/v2\/comments?post=25723"}],"version-history":[{"count":0,"href":"https:\/\/equestrian.ca\/fr\/wp-json\/wp\/v2\/posts\/25723\/revisions"}],"wp:featuredmedia":[{"embeddable":true,"href":"https:\/\/equestrian.ca\/fr\/wp-json\/wp\/v2\/media\/3545"}],"wp:attachment":[{"href":"https:\/\/equestrian.ca\/fr\/wp-json\/wp\/v2\/media?parent=25723"}],"wp:term":[{"taxonomy":"category","embeddable":true,"href":"https:\/\/equestrian.ca\/fr\/wp-json\/wp\/v2\/categories?post=25723"},{"taxonomy":"post_tag","embeddable":true,"href":"https:\/\/equestrian.ca\/fr\/wp-json\/wp\/v2\/tags?post=25723"}],"curies":[{"name":"wp","href":"https:\/\/api.w.org\/{rel}","templated":true}]}}