{"id":25665,"date":"2019-07-29T00:00:00","date_gmt":"2019-07-29T00:00:00","guid":{"rendered":"https:\/\/equestrian.ca\/news\/leec-en-mouvement-dans-lecurie-avec-laurencio\/"},"modified":"2019-07-29T00:00:00","modified_gmt":"2019-07-29T00:00:00","slug":"leec-en-mouvement-dans-lecurie-avec-laurencio","status":"publish","type":"post","link":"https:\/\/equestrian.ca\/fr\/anciens-articles\/leec-en-mouvement-dans-lecurie-avec-laurencio\/","title":{"rendered":"L\u2019EEC en mouvement | Dans l\u2019\u00e9curie avec Laurencio"},"content":{"rendered":"<h2>\u00c9chos de Lima | 29 juillet 2019<br \/><\/h2>\n<p><i>Bienvenue aux \u00c9chos de Lima ! Je me pr\u00e9sente, Jessie Christie, attach\u00e9e de presse pour l\u2019\u00c9quipe \u00e9questre canadienne \u00e0 Lima. Je suis fi\u00e8re et honor\u00e9e de faire partie de \u00ab&nbsp;l\u2019\u00e9quipe qui \u00e9paule l\u2019\u00e9quipe&nbsp;\u00bb et j\u2019alimenterai votre quotidien d\u2019articles exclusifs et de photos in\u00e9dites de nos athl\u00e8tes, grooms et propri\u00e9taires de chevaux, ainsi que du personnel qui entoure l\u2019\u00e9quipe, ici \u00e0 Lima.&nbsp;<\/i><\/p>\n<hr>\n<p>J\u2019ai eu l\u2019immense plaisir de visiter les \u00e9curies canadiennes aux Jeux panam\u00e9ricains Lima 2019 et d\u2019y rencontrer l\u2019une des membres de l\u2019\u00c9quipe canadienne de dressage, Tina Irwin, pour en savoir davantage sur la superstar Laurencio, son complice en concours. <\/p>\n<p>Laurencio (Laurentio x Donnerhall) est un hongre oldenbourg de 12 ans que la cavali\u00e8re poss\u00e8de en copropri\u00e9t\u00e9 avec son mari, l\u2019athl\u00e8te \u00e9lite de dressage, Jaimey Irwin. C\u2019est en Allemagne, il y a huit ans, dans un \u00e9tablissement de saut d\u2019obstacles, que les Irwin font l\u2019acquisition du majestueux bai fonc\u00e9 alors qu\u2019il n\u2019a que quatre ans. Depuis lors, Tina le fait progresser d\u2019un niveau \u00e0 l\u2019autre et profite de cette exp\u00e9rience tr\u00e8s gratifiante <a href=\"https:\/\/www.equestrian.ca\/nouvelles\/yqZkYBrPSPwwK8uLh\/small-tour-results-hold-big-promise-for\" target=\"_blank\" rel=\"noopener\">et couronn\u00e9e de succ\u00e8s<\/a>.&nbsp;<\/p>\n<p><img src='\/wp-content\/uploads\/cdn\/storage\/images_v2\/2019 Wellington NC - Tina Irwin &#038; Laurencio - Victory Lap - by Susan J Stickle - IG.jpg' alt='CET on the Go | In the Stable with Laurencio' \/><\/p>\n<p>Lorsque je suis arriv\u00e9e, la s\u00e9ance d\u2019entra\u00eenement de Laurencio venait de prendre fin. Il \u00e9tait sous la douche et ses yeux \u00e0 demi ferm\u00e9s, son expression sereine, en disaient long sur son  bien-\u00eatre. Il est \u00e9vident que ce cheval a une attitude relax, un caract\u00e8re en or,  et que  travailler avec lui, c\u2019est du bonheur. Il s\u2019est pr\u00eat\u00e9 \u00e0 la s\u00e9ance photo sous la banni\u00e8re de l\u2019EEC avec beaucoup de patience, bien que ce soit l\u2019heure du lunch pour lui. <\/p>\n<p>Il est si gentil et affectueux qu\u2019on ne peut pas le manquer.  Je pense que sur la presque totalit\u00e9 des photos que nous avons de lui \u00e0 Lima, on le voit faire des c\u00e2lins \u00e0 quelqu\u2019un.<\/p>\n<p><b>Pi\u00e8ce A&nbsp;:<\/b><\/p>\n<p>L\u2019inspection des chevaux aux concours d\u2019envergure peut parfois laisser sortir le c\u00f4t\u00e9 ombrageux de certains participants, mais Laurencio n\u2019est pas comme \u00e7a. Il ne veut que de l\u2019amour&nbsp;:<\/p>\n<p><img src='\/wp-content\/uploads\/cdn\/storage\/images_v2\/Lima 2019 - Social Day 2 - Christine Peters &#038; Tina Irwin by Cealy Tetley.jpeg' alt='CET on the Go | In the Stable with Laurencio' \/><\/p>\n<p><b>Pi\u00e8ce B&nbsp;: <\/b><\/p>\n<p>Nous avons obtenu beaucoup de cel\u00e0&nbsp;:<\/p>\n<p><img src='\/wp-content\/uploads\/cdn\/storage\/images_v2\/Laurencio &#038; Tina Irwin at Stables - by EC-Jessie Christie.jpg' alt='CET on the Go | In the Stable with Laurencio' \/><\/p>\n<p>Avant d\u2019obtenir ceci&nbsp;:&nbsp;<\/p>\n<p><img src='\/wp-content\/uploads\/cdn\/storage\/images_v2\/Laurencio &#038; Tina Irwin at Stables 2 - by EC-Jessie Christie.jpg' alt='CET on the Go | In the Stable with Laurencio' \/><\/p>\n<p>Poursuivez votre lecture pour en apprendre davantage sur le gentil Laurencio directement de Tina Irwin.<\/p>\n<p><i><b>JC<\/b>&nbsp;: Comment d\u00e9cririez-vous sa personnalit\u00e9 ?<\/i><\/p>\n<p><i><b>TI<\/b>&nbsp;: J\u2019ai ce cheval depuis qu\u2019il a quatre ans et il en a 12. J\u2019ai donc pass\u00e9 huit ans aupr\u00e8s de lui. C\u2019est un v\u00e9ritable toutou. Ce cheval est dot\u00e9 d\u2019un temp\u00e9rament exceptionnel. Il est tr\u00e8s, tr\u00e8s calme, doux, gentil et g\u00e9n\u00e9reux. Il est toujours pr\u00eat \u00e0 travailler. Il ne dit jamais non et il est si affectueux.  Nous avons une fillette de cinq ans. Elle le prom\u00e8ne partout, le fait entrer dans la remorque, etc. Mais c\u2019est quand m\u00eame un cheval sensible et vif \u00e0 monter. Une combinaison unique et parfaite&nbsp;: un cheval calme mais extraordinairement agr\u00e9able \u00e0 monter. <\/i><\/p>\n<p><i><b>JC<\/b>&nbsp;: D\u00e9crivez le genre de partenariat que vous avez.<\/i><\/p>\n<p><i><b>TI<\/b>&nbsp;: Une relation tr\u00e8s solide, bien s\u00fbr, car nous nous connaissons depuis longtemps. Je crois que c\u2019est l\u2019une des meilleures fa\u00e7ons de tisser des liens car tout \u00e7a s\u2019est d\u00e9velopp\u00e9 petit \u00e0 petit, d\u2019un niveau \u00e0 l\u2019autre. De la premi\u00e8re comp\u00e9tition \u00e0 la deuxi\u00e8me et ainsi de suite. Tout comme on arrive \u00e0 pr\u00e9voir les r\u00e9actions de quelqu\u2019un que l\u2019on conna\u00eet depuis longtemps. C\u2019est la cl\u00e9, car lorsque l\u2019on participe \u00e0 une \u00e9preuve internationale, on arrive \u00e0 ressentir ce qui se passe chez l\u2019autre, anticiper ses r\u00e9actions et rectifier avant que \u00e7a aille dans le mauvais sens, et vice versa.<\/i><\/p>\n<p><i><b>JC<\/b>&nbsp;: Est-il bizarre parfois ?<\/i><\/p>\n<p><i><b>TI<\/b>&nbsp;: Oui, il aime bien se faire comprendre. Par exemple, il va vous faire savoir que c\u2019est l\u2019heure de manger et il ne se trompe jamais.  Il vous dira, \u00e0 une minute pr\u00e8s, si c\u2019est l\u2019heure du petit-d\u00e9jeuner, du diner, de la d\u00e9tente au paddock, du souper, etc. Et si vous modifiez l\u2019horaire \u00e0 la maison, il va sortir sa t\u00eate du box et commencer \u00e0 faire de grands signes de t\u00eate, de haut en bas et de gauche \u00e0 droite et pousser des hennissements pour attirer l\u2019attention, comme pour dire \u00ab&nbsp;H\u00e9 vous \u00eates en retard!&nbsp;\u00bb. Il est exigeant, alors on le surnomme \u00ab&nbsp;le prince&nbsp;\u00bb car il se prend pour une vedette.<\/i><\/p>\n<p><i><b>JC<\/b>&nbsp;: Quelles sont ses friandises pr\u00e9f\u00e9r\u00e9es ?<\/i><\/p>\n<p><i><b>TI<\/b>&nbsp;: Les bananes assur\u00e9ment. Il les adore.<\/i><\/p>\n<p><i><b>JC<\/b>&nbsp;: Il est particuli\u00e8rement \u00e9vident qu\u2019il aime l\u2019humain, mais comment est-il avec les autres chevaux?<\/i><\/p>\n<p><i>TI&nbsp;: Je n\u2019ai jamais connu un cheval qui n\u2019a pas du tout d\u2019ennemis. Celui-ci est tr\u00e8s sociable. Il aime tout le monde. Dans la remorque, il se fera ami avec tous ceux qui sont avec lui lorsque nous allons \u00e0 un concours hippique. Bien s\u00fbr, il va essayer de les lib\u00e9rer de l\u2019attache. Tr\u00e8s souvent, lorsque nous arrivons quelque part et il a m\u00e2chouill\u00e9 sa barre de poitrine, d\u00e9tach\u00e9 les attaches de son voisin, ou retir\u00e9 la goupille et leur barre de poitrine n\u2019est plus en place. Alors, oui, c\u2019est un bouffon qui aime tout le monde. <\/i><\/p>\n<p><i><b>JC<\/b>&nbsp;: A quoi ressemble son horaire \u00e0 la maison?<\/i><\/p>\n<p><i><b>TI<\/b>&nbsp;: Il mange \u00e0 6h30. Il est toujours le premier \u00e0 \u00eatre mont\u00e9 lorsque j\u2019arrive \u00e0 l\u2019\u00e9curie, autour de 8h45. Je le monte du lundi au vendredi puis il se repose et prend son repas vers midi. Il va ensuite au paddock entre 13h et 16h, ou s\u2019il n\u2019y va pas pour quelque raison que ce soit (mauvaise temp\u00e9rature ou mauvaise surface), il sera promen\u00e9 en main. Il revient \u00e0 l\u2019int\u00e9rieur et prend son repas du soir. Il re\u00e7oit parfois des traitements du chiro ou de l\u2019acupuncteur. La derni\u00e8re visite du soir est \u00e0 21h30 et il a droit \u00e0 un autre repas. Il a cong\u00e9 les samedis et dimanches et reste dehors toute la journ\u00e9e.<\/i><\/p>\n<p><i><b>JC<\/b>&nbsp;: Et comment \u00e7a se d\u00e9roule ici? Quel est son horaire ?<\/i><\/p>\n<p><i><b>TI<\/b>&nbsp;: Penny, notre groom rentre le matin pour son petit-d\u00e9jeuner, puis elle le prom\u00e8ne en main. Elle nettoie son box et le prom\u00e8ne encore un petit peu avant que je le monte pour le d\u00e9tendre. Je le monte au pas pour au moins dix minutes. Donc, beaucoup d\u2019\u00e9chauffement, une petite pause, une phase de travail, petite r\u00e9cup\u00e9ration, puis une marche de dix minutes. La douche suit et il entre au box pour son repas du midi. Les apr\u00e8s-midis sont g\u00e9n\u00e9ralement plus tranquilles. Il se repose au box. Puis Penny lui fait ses soins et le prom\u00e8ne en laisse pour le faire  brouter. Apr\u00e8s cela, il prend son repas du soir et demeure au box pour la nuit.<\/i><\/p>\n<p><i>Le jour de la comp\u00e9tition, la routine est assez semblable. Elle va le sortir et le promener en main t\u00f4t le matin pour le faire bouger. Un cheval doit bouger le plus possible, surtout si l\u2019on est sur un terrain de concours comme celui-ci o\u00f9 il est impossible de le mettre au paddock. Nous voulons qu\u2019il se prom\u00e8ne en main tr\u00e8s souvent, surtout le matin apr\u00e8s le d\u00e9jeuner. Selon l\u2019heure o\u00f9 nous allons concourir \u2013 si c\u2019est t\u00f4t, je vais le monter et il sera promen\u00e9 en main. Il pourra aussi aller marcher quelques fois avec la groom avant que je le monte.&nbsp; &nbsp; &nbsp;<\/i><\/p>\n","protected":false},"excerpt":{"rendered":"<p>\u00c9chos de Lima | 29 juillet 2019 Bienvenue aux \u00c9chos de Lima ! Je me pr\u00e9sente, Jessie Christie, attach\u00e9e de presse pour l\u2019\u00c9quipe \u00e9questre canadienne \u00e0 Lima. Je suis fi\u00e8re et honor\u00e9e de faire partie de \u00ab&nbsp;l\u2019\u00e9quipe qui \u00e9paule l\u2019\u00e9quipe&nbsp;\u00bb et j\u2019alimenterai votre quotidien d\u2019articles exclusifs et de photos in\u00e9dites de nos athl\u00e8tes, grooms et [&hellip;]<\/p>\n","protected":false},"author":3,"featured_media":3445,"comment_status":"open","ping_status":"open","sticky":false,"template":"","format":"standard","meta":{"_acf_changed":false,"footnotes":""},"categories":[241],"tags":[],"class_list":["post-25665","post","type-post","status-publish","format-standard","has-post-thumbnail","hentry","category-anciens-articles"],"acf":[],"yoast_head":"<!-- This site is optimized with the Yoast SEO plugin v27.0 - https:\/\/yoast.com\/product\/yoast-seo-wordpress\/ -->\n<title>L\u2019EEC en mouvement | Dans l\u2019\u00e9curie avec Laurencio - Equestrian Canada<\/title>\n<meta name=\"robots\" content=\"index, follow, max-snippet:-1, max-image-preview:large, max-video-preview:-1\" \/>\n<link rel=\"canonical\" href=\"https:\/\/equestrian.ca\/fr\/anciens-articles\/leec-en-mouvement-dans-lecurie-avec-laurencio\/\" \/>\n<meta property=\"og:locale\" content=\"fr_CA\" \/>\n<meta property=\"og:type\" content=\"article\" \/>\n<meta property=\"og:title\" content=\"L\u2019EEC en mouvement | Dans l\u2019\u00e9curie avec Laurencio - Equestrian Canada\" \/>\n<meta property=\"og:description\" content=\"\u00c9chos de Lima | 29 juillet 2019 Bienvenue aux \u00c9chos de Lima ! Je me pr\u00e9sente, Jessie Christie, attach\u00e9e de presse pour l\u2019\u00c9quipe \u00e9questre canadienne \u00e0 Lima. Je suis fi\u00e8re et honor\u00e9e de faire partie de \u00ab&nbsp;l\u2019\u00e9quipe qui \u00e9paule l\u2019\u00e9quipe&nbsp;\u00bb et j\u2019alimenterai votre quotidien d\u2019articles exclusifs et de photos in\u00e9dites de nos athl\u00e8tes, grooms et [&hellip;]\" \/>\n<meta property=\"og:url\" content=\"https:\/\/equestrian.ca\/fr\/anciens-articles\/leec-en-mouvement-dans-lecurie-avec-laurencio\/\" \/>\n<meta property=\"og:site_name\" content=\"Equestrian Canada\" \/>\n<meta property=\"article:published_time\" content=\"2019-07-29T00:00:00+00:00\" \/>\n<meta property=\"og:image\" content=\"https:\/\/equestrian.ca\/wp-content\/uploads\/2023\/09\/Laurencio-Tina-Irwin-at-Stables-2-by-EC-Jessie-Christie-scaled.jpg\" \/>\n\t<meta property=\"og:image:width\" content=\"2481\" \/>\n\t<meta property=\"og:image:height\" content=\"2560\" \/>\n\t<meta property=\"og:image:type\" content=\"image\/jpeg\" \/>\n<meta name=\"author\" content=\"Berry\" \/>\n<meta name=\"twitter:card\" content=\"summary_large_image\" \/>\n<meta name=\"twitter:label1\" content=\"\u00c9crit par\" \/>\n\t<meta name=\"twitter:data1\" content=\"Berry\" \/>\n\t<meta name=\"twitter:label2\" content=\"Estimation du temps de lecture\" \/>\n\t<meta name=\"twitter:data2\" content=\"7 minutes\" \/>\n<script type=\"application\/ld+json\" class=\"yoast-schema-graph\">{\"@context\":\"https:\/\/schema.org\",\"@graph\":[{\"@type\":\"Article\",\"@id\":\"https:\/\/equestrian.ca\/fr\/anciens-articles\/leec-en-mouvement-dans-lecurie-avec-laurencio\/#article\",\"isPartOf\":{\"@id\":\"https:\/\/equestrian.ca\/fr\/anciens-articles\/leec-en-mouvement-dans-lecurie-avec-laurencio\/\"},\"author\":{\"name\":\"Berry\",\"@id\":\"https:\/\/equestrian.ca\/fr\/#\/schema\/person\/9abd3ba4d1027626b07355668e4ee3ad\"},\"headline\":\"L\u2019EEC en mouvement | Dans l\u2019\u00e9curie avec Laurencio\",\"datePublished\":\"2019-07-29T00:00:00+00:00\",\"mainEntityOfPage\":{\"@id\":\"https:\/\/equestrian.ca\/fr\/anciens-articles\/leec-en-mouvement-dans-lecurie-avec-laurencio\/\"},\"wordCount\":1336,\"commentCount\":0,\"image\":{\"@id\":\"https:\/\/equestrian.ca\/fr\/anciens-articles\/leec-en-mouvement-dans-lecurie-avec-laurencio\/#primaryimage\"},\"thumbnailUrl\":\"https:\/\/equestrian.ca\/wp-content\/uploads\/2023\/09\/Laurencio-Tina-Irwin-at-Stables-2-by-EC-Jessie-Christie-scaled.jpg\",\"articleSection\":[\"Anciens articles\"],\"inLanguage\":\"fr-CA\",\"potentialAction\":[{\"@type\":\"CommentAction\",\"name\":\"Comment\",\"target\":[\"https:\/\/equestrian.ca\/fr\/anciens-articles\/leec-en-mouvement-dans-lecurie-avec-laurencio\/#respond\"]}]},{\"@type\":\"WebPage\",\"@id\":\"https:\/\/equestrian.ca\/fr\/anciens-articles\/leec-en-mouvement-dans-lecurie-avec-laurencio\/\",\"url\":\"https:\/\/equestrian.ca\/fr\/anciens-articles\/leec-en-mouvement-dans-lecurie-avec-laurencio\/\",\"name\":\"L\u2019EEC en mouvement | Dans l\u2019\u00e9curie avec Laurencio - Equestrian Canada\",\"isPartOf\":{\"@id\":\"https:\/\/equestrian.ca\/fr\/#website\"},\"primaryImageOfPage\":{\"@id\":\"https:\/\/equestrian.ca\/fr\/anciens-articles\/leec-en-mouvement-dans-lecurie-avec-laurencio\/#primaryimage\"},\"image\":{\"@id\":\"https:\/\/equestrian.ca\/fr\/anciens-articles\/leec-en-mouvement-dans-lecurie-avec-laurencio\/#primaryimage\"},\"thumbnailUrl\":\"https:\/\/equestrian.ca\/wp-content\/uploads\/2023\/09\/Laurencio-Tina-Irwin-at-Stables-2-by-EC-Jessie-Christie-scaled.jpg\",\"datePublished\":\"2019-07-29T00:00:00+00:00\",\"author\":{\"@id\":\"https:\/\/equestrian.ca\/fr\/#\/schema\/person\/9abd3ba4d1027626b07355668e4ee3ad\"},\"breadcrumb\":{\"@id\":\"https:\/\/equestrian.ca\/fr\/anciens-articles\/leec-en-mouvement-dans-lecurie-avec-laurencio\/#breadcrumb\"},\"inLanguage\":\"fr-CA\",\"potentialAction\":[{\"@type\":\"ReadAction\",\"target\":[\"https:\/\/equestrian.ca\/fr\/anciens-articles\/leec-en-mouvement-dans-lecurie-avec-laurencio\/\"]}]},{\"@type\":\"ImageObject\",\"inLanguage\":\"fr-CA\",\"@id\":\"https:\/\/equestrian.ca\/fr\/anciens-articles\/leec-en-mouvement-dans-lecurie-avec-laurencio\/#primaryimage\",\"url\":\"https:\/\/equestrian.ca\/wp-content\/uploads\/2023\/09\/Laurencio-Tina-Irwin-at-Stables-2-by-EC-Jessie-Christie-scaled.jpg\",\"contentUrl\":\"https:\/\/equestrian.ca\/wp-content\/uploads\/2023\/09\/Laurencio-Tina-Irwin-at-Stables-2-by-EC-Jessie-Christie-scaled.jpg\",\"width\":2481,\"height\":2560},{\"@type\":\"BreadcrumbList\",\"@id\":\"https:\/\/equestrian.ca\/fr\/anciens-articles\/leec-en-mouvement-dans-lecurie-avec-laurencio\/#breadcrumb\",\"itemListElement\":[{\"@type\":\"ListItem\",\"position\":1,\"name\":\"Home\",\"item\":\"https:\/\/equestrian.ca\/fr\/\"},{\"@type\":\"ListItem\",\"position\":2,\"name\":\"L\u2019EEC en mouvement | Dans l\u2019\u00e9curie avec Laurencio\"}]},{\"@type\":\"WebSite\",\"@id\":\"https:\/\/equestrian.ca\/fr\/#website\",\"url\":\"https:\/\/equestrian.ca\/fr\/\",\"name\":\"Equestrian Canada\",\"description\":\"For the love of horses and sport for life.\",\"potentialAction\":[{\"@type\":\"SearchAction\",\"target\":{\"@type\":\"EntryPoint\",\"urlTemplate\":\"https:\/\/equestrian.ca\/fr\/?s={search_term_string}\"},\"query-input\":{\"@type\":\"PropertyValueSpecification\",\"valueRequired\":true,\"valueName\":\"search_term_string\"}}],\"inLanguage\":\"fr-CA\"},{\"@type\":\"Person\",\"@id\":\"https:\/\/equestrian.ca\/fr\/#\/schema\/person\/9abd3ba4d1027626b07355668e4ee3ad\",\"name\":\"Berry\",\"image\":{\"@type\":\"ImageObject\",\"inLanguage\":\"fr-CA\",\"@id\":\"https:\/\/equestrian.ca\/fr\/#\/schema\/person\/image\/\",\"url\":\"https:\/\/secure.gravatar.com\/avatar\/882da3b67056b0c608086d3c77de46948b64244a4c249e81e0bf04a8095ce320?s=96&d=mm&r=g\",\"contentUrl\":\"https:\/\/secure.gravatar.com\/avatar\/882da3b67056b0c608086d3c77de46948b64244a4c249e81e0bf04a8095ce320?s=96&d=mm&r=g\",\"caption\":\"Berry\"},\"url\":\"https:\/\/equestrian.ca\/fr\/author\/mberry\/\"}]}<\/script>\n<!-- \/ Yoast SEO plugin. -->","yoast_head_json":{"title":"L\u2019EEC en mouvement | Dans l\u2019\u00e9curie avec Laurencio - Equestrian Canada","robots":{"index":"index","follow":"follow","max-snippet":"max-snippet:-1","max-image-preview":"max-image-preview:large","max-video-preview":"max-video-preview:-1"},"canonical":"https:\/\/equestrian.ca\/fr\/anciens-articles\/leec-en-mouvement-dans-lecurie-avec-laurencio\/","og_locale":"fr_CA","og_type":"article","og_title":"L\u2019EEC en mouvement | Dans l\u2019\u00e9curie avec Laurencio - Equestrian Canada","og_description":"\u00c9chos de Lima | 29 juillet 2019 Bienvenue aux \u00c9chos de Lima ! Je me pr\u00e9sente, Jessie Christie, attach\u00e9e de presse pour l\u2019\u00c9quipe \u00e9questre canadienne \u00e0 Lima. Je suis fi\u00e8re et honor\u00e9e de faire partie de \u00ab&nbsp;l\u2019\u00e9quipe qui \u00e9paule l\u2019\u00e9quipe&nbsp;\u00bb et j\u2019alimenterai votre quotidien d\u2019articles exclusifs et de photos in\u00e9dites de nos athl\u00e8tes, grooms et [&hellip;]","og_url":"https:\/\/equestrian.ca\/fr\/anciens-articles\/leec-en-mouvement-dans-lecurie-avec-laurencio\/","og_site_name":"Equestrian Canada","article_published_time":"2019-07-29T00:00:00+00:00","og_image":[{"width":2481,"height":2560,"url":"https:\/\/equestrian.ca\/wp-content\/uploads\/2023\/09\/Laurencio-Tina-Irwin-at-Stables-2-by-EC-Jessie-Christie-scaled.jpg","type":"image\/jpeg"}],"author":"Berry","twitter_card":"summary_large_image","twitter_misc":{"\u00c9crit par":"Berry","Estimation du temps de lecture":"7 minutes"},"schema":{"@context":"https:\/\/schema.org","@graph":[{"@type":"Article","@id":"https:\/\/equestrian.ca\/fr\/anciens-articles\/leec-en-mouvement-dans-lecurie-avec-laurencio\/#article","isPartOf":{"@id":"https:\/\/equestrian.ca\/fr\/anciens-articles\/leec-en-mouvement-dans-lecurie-avec-laurencio\/"},"author":{"name":"Berry","@id":"https:\/\/equestrian.ca\/fr\/#\/schema\/person\/9abd3ba4d1027626b07355668e4ee3ad"},"headline":"L\u2019EEC en mouvement | Dans l\u2019\u00e9curie avec Laurencio","datePublished":"2019-07-29T00:00:00+00:00","mainEntityOfPage":{"@id":"https:\/\/equestrian.ca\/fr\/anciens-articles\/leec-en-mouvement-dans-lecurie-avec-laurencio\/"},"wordCount":1336,"commentCount":0,"image":{"@id":"https:\/\/equestrian.ca\/fr\/anciens-articles\/leec-en-mouvement-dans-lecurie-avec-laurencio\/#primaryimage"},"thumbnailUrl":"https:\/\/equestrian.ca\/wp-content\/uploads\/2023\/09\/Laurencio-Tina-Irwin-at-Stables-2-by-EC-Jessie-Christie-scaled.jpg","articleSection":["Anciens articles"],"inLanguage":"fr-CA","potentialAction":[{"@type":"CommentAction","name":"Comment","target":["https:\/\/equestrian.ca\/fr\/anciens-articles\/leec-en-mouvement-dans-lecurie-avec-laurencio\/#respond"]}]},{"@type":"WebPage","@id":"https:\/\/equestrian.ca\/fr\/anciens-articles\/leec-en-mouvement-dans-lecurie-avec-laurencio\/","url":"https:\/\/equestrian.ca\/fr\/anciens-articles\/leec-en-mouvement-dans-lecurie-avec-laurencio\/","name":"L\u2019EEC en mouvement | Dans l\u2019\u00e9curie avec Laurencio - Equestrian Canada","isPartOf":{"@id":"https:\/\/equestrian.ca\/fr\/#website"},"primaryImageOfPage":{"@id":"https:\/\/equestrian.ca\/fr\/anciens-articles\/leec-en-mouvement-dans-lecurie-avec-laurencio\/#primaryimage"},"image":{"@id":"https:\/\/equestrian.ca\/fr\/anciens-articles\/leec-en-mouvement-dans-lecurie-avec-laurencio\/#primaryimage"},"thumbnailUrl":"https:\/\/equestrian.ca\/wp-content\/uploads\/2023\/09\/Laurencio-Tina-Irwin-at-Stables-2-by-EC-Jessie-Christie-scaled.jpg","datePublished":"2019-07-29T00:00:00+00:00","author":{"@id":"https:\/\/equestrian.ca\/fr\/#\/schema\/person\/9abd3ba4d1027626b07355668e4ee3ad"},"breadcrumb":{"@id":"https:\/\/equestrian.ca\/fr\/anciens-articles\/leec-en-mouvement-dans-lecurie-avec-laurencio\/#breadcrumb"},"inLanguage":"fr-CA","potentialAction":[{"@type":"ReadAction","target":["https:\/\/equestrian.ca\/fr\/anciens-articles\/leec-en-mouvement-dans-lecurie-avec-laurencio\/"]}]},{"@type":"ImageObject","inLanguage":"fr-CA","@id":"https:\/\/equestrian.ca\/fr\/anciens-articles\/leec-en-mouvement-dans-lecurie-avec-laurencio\/#primaryimage","url":"https:\/\/equestrian.ca\/wp-content\/uploads\/2023\/09\/Laurencio-Tina-Irwin-at-Stables-2-by-EC-Jessie-Christie-scaled.jpg","contentUrl":"https:\/\/equestrian.ca\/wp-content\/uploads\/2023\/09\/Laurencio-Tina-Irwin-at-Stables-2-by-EC-Jessie-Christie-scaled.jpg","width":2481,"height":2560},{"@type":"BreadcrumbList","@id":"https:\/\/equestrian.ca\/fr\/anciens-articles\/leec-en-mouvement-dans-lecurie-avec-laurencio\/#breadcrumb","itemListElement":[{"@type":"ListItem","position":1,"name":"Home","item":"https:\/\/equestrian.ca\/fr\/"},{"@type":"ListItem","position":2,"name":"L\u2019EEC en mouvement | Dans l\u2019\u00e9curie avec Laurencio"}]},{"@type":"WebSite","@id":"https:\/\/equestrian.ca\/fr\/#website","url":"https:\/\/equestrian.ca\/fr\/","name":"Equestrian Canada","description":"For the love of horses and sport for life.","potentialAction":[{"@type":"SearchAction","target":{"@type":"EntryPoint","urlTemplate":"https:\/\/equestrian.ca\/fr\/?s={search_term_string}"},"query-input":{"@type":"PropertyValueSpecification","valueRequired":true,"valueName":"search_term_string"}}],"inLanguage":"fr-CA"},{"@type":"Person","@id":"https:\/\/equestrian.ca\/fr\/#\/schema\/person\/9abd3ba4d1027626b07355668e4ee3ad","name":"Berry","image":{"@type":"ImageObject","inLanguage":"fr-CA","@id":"https:\/\/equestrian.ca\/fr\/#\/schema\/person\/image\/","url":"https:\/\/secure.gravatar.com\/avatar\/882da3b67056b0c608086d3c77de46948b64244a4c249e81e0bf04a8095ce320?s=96&d=mm&r=g","contentUrl":"https:\/\/secure.gravatar.com\/avatar\/882da3b67056b0c608086d3c77de46948b64244a4c249e81e0bf04a8095ce320?s=96&d=mm&r=g","caption":"Berry"},"url":"https:\/\/equestrian.ca\/fr\/author\/mberry\/"}]}},"_links":{"self":[{"href":"https:\/\/equestrian.ca\/fr\/wp-json\/wp\/v2\/posts\/25665","targetHints":{"allow":["GET"]}}],"collection":[{"href":"https:\/\/equestrian.ca\/fr\/wp-json\/wp\/v2\/posts"}],"about":[{"href":"https:\/\/equestrian.ca\/fr\/wp-json\/wp\/v2\/types\/post"}],"author":[{"embeddable":true,"href":"https:\/\/equestrian.ca\/fr\/wp-json\/wp\/v2\/users\/3"}],"replies":[{"embeddable":true,"href":"https:\/\/equestrian.ca\/fr\/wp-json\/wp\/v2\/comments?post=25665"}],"version-history":[{"count":0,"href":"https:\/\/equestrian.ca\/fr\/wp-json\/wp\/v2\/posts\/25665\/revisions"}],"wp:featuredmedia":[{"embeddable":true,"href":"https:\/\/equestrian.ca\/fr\/wp-json\/wp\/v2\/media\/3445"}],"wp:attachment":[{"href":"https:\/\/equestrian.ca\/fr\/wp-json\/wp\/v2\/media?parent=25665"}],"wp:term":[{"taxonomy":"category","embeddable":true,"href":"https:\/\/equestrian.ca\/fr\/wp-json\/wp\/v2\/categories?post=25665"},{"taxonomy":"post_tag","embeddable":true,"href":"https:\/\/equestrian.ca\/fr\/wp-json\/wp\/v2\/tags?post=25665"}],"curies":[{"name":"wp","href":"https:\/\/api.w.org\/{rel}","templated":true}]}}