{"id":25664,"date":"2020-03-12T00:00:00","date_gmt":"2020-03-12T00:00:00","guid":{"rendered":"https:\/\/equestrian.ca\/news\/sam-walker-fait-le-point-sur-les-debuts-dans-lequipe-canadienne-de-saut-dobstacles\/"},"modified":"2020-03-12T00:00:00","modified_gmt":"2020-03-12T00:00:00","slug":"sam-walker-fait-le-point-sur-les-debuts-dans-lequipe-canadienne-de-saut-dobstacles","status":"publish","type":"post","link":"https:\/\/equestrian.ca\/fr\/anciens-articles\/sam-walker-fait-le-point-sur-les-debuts-dans-lequipe-canadienne-de-saut-dobstacles\/","title":{"rendered":"Sam Walker fait le point sur les d\u00e9buts dans l&rsquo;\u00e9quipe canadienne de saut d&rsquo;obstacles"},"content":{"rendered":"<p>Sam Walker, \u00e2g\u00e9 de 17 ans et originaire de Nobleton en Ontario n&rsquo;est pas \u00e9tranger \u00e0 la comp\u00e9tition sous pression, mais c\u2019\u00e9tait une premi\u00e8re pour lui de porter la veste rouge embl\u00e9matique de l&rsquo;\u00e9quipe canadienne de saut d\u2019obstacles. Il a fait ses d\u00e9buts au sein de l\u2019\u00e9quipe senior \u00e0 la Coupe des Nations Longines\u2122 de la FEI aux \u00c9tats-Unis de 290 000 $ dans le cadre du CSIO 5* Palm Beach Masters de Wellington en Floride.<\/p>\n<p>Le 16 f\u00e9vrier 2020, Sam a particip\u00e9 \u00e0 sa premi\u00e8re Coupe des Nations avec un tout nouveau partenaire, Kel&rsquo;star du Vingt Ponts (Kannan x Landor S) le hongre noir du Luxembourg de 11 ans appartenant \u00e0 Castlefield Sport Horses Inc. Le duo n\u2019a effectu\u00e9 que quatre fautes par tour ce qui a permis \u00e0 l&rsquo;\u00e9quipe canadienne de faire une remont\u00e9e spectaculaire et de prendre le quatri\u00e8me rang.<\/p>\n<p><img src='\/wp-content\/uploads\/cdn\/storage\/images_v2\/Deeridge Nations Cup - Sam Walker &#038; Kel'star du Vingt Ponts (2) by Mackenzie Clark.jpg' alt='Sam Walker Looks Back on Canadian Show Jumping Team Debut' \/><\/p>\n<p><i>Le 16 f\u00e9vrier 2020, Sam Walker de Nobleton en Ontario et Kel&rsquo;star du Vingt Ponts ont fait leurs d\u00e9buts au sein de l&rsquo;\u00e9quipe canadienne de saut d&rsquo;obstacles dans le cadre de la Coupe des Nations de sauts d\u2019obstacles Longines\u2122 de la FEI aux \u00c9tats-Unis de 290 000 $ dans le cadre du CSIO 5* Palm Beach Masters \u00e0 Wellington en Floride.<br \/><b>Photo <\/b>: Mackenzie Clark<\/i><\/p>\n<p>Lisez la suite pour d\u00e9couvrir l&rsquo;exp\u00e9rience qu\u2019a v\u00e9cue Sam !<\/p>\n<hr>\n<p><i>En novembre 2019, nous sommes all\u00e9s en Belgique pour essayer quelques chevaux. Juan Carlos Perez Resendi, notre agent, nous a aid\u00e9s \u00e0 trouver Kel&rsquo;star. Il \u00e9tait la monture du Belge J\u00e9r\u00f4me Guery. Juan Carlos et J\u00e9r\u00f4me ont pens\u00e9 qu&rsquo;il me conviendrait, alors je l&rsquo;ai essay\u00e9 et je suis tomb\u00e9 amoureux. Je suis tr\u00e8s reconnaissant envers Castlefield Sport Horses de me l&rsquo;avoir achet\u00e9.<\/i><\/p>\n<p><i>On s\u2019est imm\u00e9diatement bien entendus Kel&rsquo;star et moi et on a commenc\u00e9 \u00e0 faire de grands sauts ensemble. On a commenc\u00e9 au d\u00e9but du mois de janvier 2020 et on a obtenu de bons r\u00e9sultats dans les premi\u00e8res semaines du festival WEF de Wellington en Floride. C\u2019\u00e9tait le d\u00e9clic instantan\u00e9 et je suis reconnaissant que Mark Laskin [le chef d&rsquo;\u00e9quipe de l&rsquo;\u00e9quipe canadienne de saut d&rsquo;obstacles] et Canada \u00c9questre nous aient choisis pour faire partie de l&rsquo;\u00e9quipe pour la Coupe des Nations. M\u00eame si je n&rsquo;ai pas Kel&rsquo;star depuis longtemps, j&rsquo;ai l&rsquo;impression qu\u2019on est ensemble depuis des ann\u00e9es. On s\u2019entend si bien. Il est gentil \u00e0 l&rsquo;\u00e9curie et c&rsquo;est tellement agr\u00e9able de travailler avec lui. Si les chevaux pouvaient sourire, je pense qu\u2019il serait toujours en train de sourire. Il fait toujours de son mieux, il est tr\u00e8s facile \u00e0 monter et il a un tr\u00e8s bon caract\u00e8re. Ce sont toutes ces qualit\u00e9s que je recherche dans un cheval. Je m&rsquo;entends bien avec un cheval qui m&#8217;emm\u00e8ne aux sauts et qui fait de tr\u00e8s gros efforts. Je suis \u00e9poustoufl\u00e9 de pouvoir monter un cheval qui poss\u00e8de de telles qualit\u00e9s. Il est tellement agr\u00e9able.<\/i><\/p>\n<p><i>Je connaissais tous mes co\u00e9quipiers (Erynn Ballard, Tiffany Foster et Eric Lamaze) avant de participer \u00e0 la Coupe des Nations avec eux. Ce sont tous des gens extr\u00eamement gentils et je les admire \u00e9norm\u00e9ment. Ce sont des travailleurs acharn\u00e9s, des comp\u00e9titeurs extr\u00eamement talentueux et accomplis. Leurs \u00e9loges s&rsquo;\u00e9tendent sur des kilom\u00e8tres et des kilom\u00e8tres, alors c&rsquo;est vraiment g\u00e9nial de pouvoir \u00eatre confiant et \u00e0 l&rsquo;aise dans mon \u00e9quipe. Je ne pense pas que j&rsquo;aurais pu trouver de meilleurs \u00e9quipiers avec qui partager ma premi\u00e8re Coupe des Nations. C&rsquo;\u00e9tait un plaisir de faire partie de l&rsquo;\u00e9quipe avec eux. Bien s\u00fbr, je me suis mis un peu de pression, mais ils ont fait en sorte que l&rsquo;environnement soit sans pression pour que je puisse avoir une bonne premi\u00e8re fois en saut \u00e0 une Coupe des Nations. C&rsquo;\u00e9tait vraiment super d&rsquo;avoir des co\u00e9quipiers de ce calibre.<\/i><\/p>\n<p><img src='\/wp-content\/uploads\/cdn\/storage\/images_v2\/Deeridge Nations Cup - Tiffany Foster &#038; Sam Walker &#038; Eric Lamaze &#038; Erynn Ballard by Mackenzie Clark.jpg' alt='Sam Walker Looks Back on Canadian Show Jumping Team Debut' \/><\/p>\n<p>Sam ne pouvait pas esp\u00e9rer avoir de meilleurs co\u00e9quipiers pour une premi\u00e8re Coupe des Nations !<br \/><b>De gauche \u00e0 droite<\/b> : Tiffany Foster, Sam, Eric Lamaze, Erynn Ballard<br \/><b>Photo <\/b>: Mackenzie Clark<\/p>\n<p><i>Avant le premier tour, j&rsquo;avais vraiment les nerfs \u00e0 vif. Je n&rsquo;\u00e9tais pas inquiet que mon cheval ou moi ne puissions r\u00e9ussir, mais je voulais vraiment vivre une bonne exp\u00e9rience et que \u00e7a se passe bien. Mes co\u00e9quipiers, mon entra\u00eeneur Missy Clark de North Run et mon p\u00e8re chez Forest Hill Farm m&rsquo;ont dit d&rsquo;y aller et de faire comme pour n&rsquo;importe quel autre concours. Ils m\u2019ont dit de ne pas me laisser impressionner par le nom du concours ou la couleur de la veste et de me concentrer \u00e0 obtenir de bons r\u00e9sultats. \u00c7a m&rsquo;a vraiment aid\u00e9 \u00e0 faire ce que je devais faire en gardant mon sang-froid et r\u00e9ussir.<\/i><\/p>\n<p><i>Je me suis efforc\u00e9 de garder un rythme constant tout au long du parcours. Je savais que le temps \u00e9tait serr\u00e9, c&rsquo;est habituellement le cas pour les Coupes des Nations. G\u00e9n\u00e9ralement, quand j&rsquo;ai le bon rythme avec un petit galop, mon cheval saute mieux. J&rsquo;ai essay\u00e9 d&rsquo;avoir assez d&rsquo;\u00e9nergie et le bon rythme d\u00e8s le premier saut pour donner le ton au parcours et j&rsquo;ai essay\u00e9 de le garder par la suite. <\/i><\/p>\n<p><i>Apr\u00e8s le premier tour, tous mes nerfs se sont d\u00e9tendus. Je savais que mon cheval pouvait r\u00e9ussir et j&rsquo;avais une super \u00e9quipe derri\u00e8re moi. Je me suis dit : \u00ab Maintenant que c\u2019est fait, je peux arr\u00eater de stresser \u00bb.<\/i><\/p>\n<p><i>Kel&rsquo;star a \u00e9t\u00e9 incroyable, il a donn\u00e9 tout ce qu\u2019il avait. C&rsquo;\u00e9tait notre premi\u00e8re participation \u00e0 la cat\u00e9gorie 1,60 m ensemble et une premi\u00e8re Coupe des Nations pour lui aussi. Il a d\u00e9j\u00e0 saut\u00e9 dans d&rsquo;autres cat\u00e9gories 1,60 m, mais pas dans le format de la Coupe des Nations. Il a tout de m\u00eame excell\u00e9. Il avait une \u00e9nergie tr\u00e8s constante et n&rsquo;a pas perdu de puissance ni de prudence au deuxi\u00e8me tour. J&rsquo;ai m\u00eame trouv\u00e9 que sa maniabilit\u00e9 s&rsquo;\u00e9tait am\u00e9lior\u00e9e. D&rsquo;habitude, les chevaux se fatiguent ou deviennent un peu plus prudents au deuxi\u00e8me tour, mais il est revenu encore meilleur. C&rsquo;\u00e9tait un sentiment formidable et \u00e7a m&rsquo;a donn\u00e9 encore plus confiance. Il a g\u00e9r\u00e9 la situation mieux que je ne pouvais le demander ou l&rsquo;esp\u00e9rer.<\/i><\/p>\n<p><img src='\/wp-content\/uploads\/cdn\/storage\/images_v2\/Deeridge Nations Cup - Sam Walker &#038; Kel'star du Vingt Ponts by Mackenzie Clark.jpg' alt='Sam Walker Looks Back on Canadian Show Jumping Team Debut' \/><\/p>\n<p>Kel&rsquo;star des Vingt Ponts s&rsquo;est r\u00e9v\u00e9l\u00e9e \u00eatre un partenaire de r\u00eave pour Sam d\u00e8s leurs premiers mois ensemble.<br \/><b>Photo <\/b>: Mackenzie Clark<\/p>\n<p><i>Je pense que je vais garder en t\u00eate que quoi qu&rsquo;il arrive, tout n\u2019est pas perdu. Si on travaille en \u00e9quipe, on peut se reprendre. Au deuxi\u00e8me tour, on a termin\u00e9 en huiti\u00e8me (et derni\u00e8re) position. Nous nous sommes ressaisis et nous sommes revenus pour obtenir de bons r\u00e9sultats et ensuite conclure au quatri\u00e8me rang. <\/i><\/p>\n<p><i>Une autre le\u00e7on que je retiendrai de cette Coupe des Nations est que c\u2019est un concours comme un autre. Je ne peux pas me mettre dans tous mes \u00e9tats et trop y r\u00e9fl\u00e9chir. Je suis super content d&rsquo;\u00eatre arriv\u00e9 o\u00f9 j\u2019en suis et je dois me rappeler que j&rsquo;ai eu la chance de porter la veste rouge sur le parcours. Je dois juste faire de mon mieux.<\/i><\/p>\n<p><i>Je tiens \u00e0 remercier Forest Hill Farm, Cabana Coast Sport Horses, North Run et MarBill Hill Farm. MarBill Hill Farm est propri\u00e9taire de mon autre cheval, Coralissa, qui a aussi particip\u00e9 \u00e0 ce concours et a obtenu de bons r\u00e9sultats.<\/i><\/p>\n<p><i>Je suis tr\u00e8s fier de porter le drapeau canadien sur ma veste, que ce soit pour une \u00e9quipe canadienne junior ou senior. J&rsquo;ai \u00e9t\u00e9 tr\u00e8s fier de repr\u00e9senter mon pays dans toutes les \u00e9preuves par \u00e9quipes que j&rsquo;ai disput\u00e9es. Je pense que le plus important est de bien repr\u00e9senter son pays. J&rsquo;ai vraiment eu l&rsquo;impression de bien le repr\u00e9senter \u00e0 tous les championnats juniors nord-am\u00e9ricains auxquels j&rsquo;ai particip\u00e9 et aussi \u00e0 ma premi\u00e8re Coupe des Nations. Les sauts sont un peu plus haut et les gens de votre \u00e9quipe sont diff\u00e9rents, mais l\u2019\u00e9nergie est la m\u00eame, dans le bon sens. Tous les supporters qui viennent assister sont fiers d&rsquo;\u00eatre Canadiens, nos propri\u00e9taires sont fiers d&rsquo;\u00eatre Canadiens et j\u2019en suis moi-m\u00eame aussi fier. C&rsquo;est un sentiment indescriptible qui vous donne confiance et vous rend fier de concourir pour votre pays.&nbsp;<\/i><\/p>\n","protected":false},"excerpt":{"rendered":"<p>Sam Walker, \u00e2g\u00e9 de 17 ans et originaire de Nobleton en Ontario n&rsquo;est pas \u00e9tranger \u00e0 la comp\u00e9tition sous pression, mais c\u2019\u00e9tait une premi\u00e8re pour lui de porter la veste rouge embl\u00e9matique de l&rsquo;\u00e9quipe canadienne de saut d\u2019obstacles. Il a fait ses d\u00e9buts au sein de l\u2019\u00e9quipe senior \u00e0 la Coupe des Nations Longines\u2122 de [&hellip;]<\/p>\n","protected":false},"author":3,"featured_media":3443,"comment_status":"open","ping_status":"open","sticky":false,"template":"","format":"standard","meta":{"_acf_changed":false,"footnotes":""},"categories":[241],"tags":[],"class_list":["post-25664","post","type-post","status-publish","format-standard","has-post-thumbnail","hentry","category-anciens-articles"],"acf":[],"yoast_head":"<!-- This site is optimized with the Yoast SEO plugin v27.0 - https:\/\/yoast.com\/product\/yoast-seo-wordpress\/ -->\n<title>Sam Walker fait le point sur les d\u00e9buts dans l&#039;\u00e9quipe canadienne de saut d&#039;obstacles - Equestrian Canada<\/title>\n<meta name=\"robots\" content=\"index, follow, max-snippet:-1, max-image-preview:large, max-video-preview:-1\" \/>\n<link rel=\"canonical\" href=\"https:\/\/equestrian.ca\/fr\/anciens-articles\/sam-walker-fait-le-point-sur-les-debuts-dans-lequipe-canadienne-de-saut-dobstacles\/\" \/>\n<meta property=\"og:locale\" content=\"fr_CA\" \/>\n<meta property=\"og:type\" content=\"article\" \/>\n<meta property=\"og:title\" content=\"Sam Walker fait le point sur les d\u00e9buts dans l&#039;\u00e9quipe canadienne de saut d&#039;obstacles - Equestrian Canada\" \/>\n<meta property=\"og:description\" content=\"Sam Walker, \u00e2g\u00e9 de 17 ans et originaire de Nobleton en Ontario n&rsquo;est pas \u00e9tranger \u00e0 la comp\u00e9tition sous pression, mais c\u2019\u00e9tait une premi\u00e8re pour lui de porter la veste rouge embl\u00e9matique de l&rsquo;\u00e9quipe canadienne de saut d\u2019obstacles. Il a fait ses d\u00e9buts au sein de l\u2019\u00e9quipe senior \u00e0 la Coupe des Nations Longines\u2122 de [&hellip;]\" \/>\n<meta property=\"og:url\" content=\"https:\/\/equestrian.ca\/fr\/anciens-articles\/sam-walker-fait-le-point-sur-les-debuts-dans-lequipe-canadienne-de-saut-dobstacles\/\" \/>\n<meta property=\"og:site_name\" content=\"Equestrian Canada\" \/>\n<meta property=\"article:published_time\" content=\"2020-03-12T00:00:00+00:00\" \/>\n<meta property=\"og:image\" content=\"https:\/\/equestrian.ca\/wp-content\/uploads\/2023\/09\/Deeridge-Nations-Cup-Sam-Walker-Kelstar-du-Vingt-Ponts-2-by-Mackenzie-Clark.jpg\" \/>\n\t<meta property=\"og:image:width\" content=\"667\" \/>\n\t<meta property=\"og:image:height\" content=\"1000\" \/>\n\t<meta property=\"og:image:type\" content=\"image\/jpeg\" \/>\n<meta name=\"author\" content=\"Berry\" \/>\n<meta name=\"twitter:card\" content=\"summary_large_image\" \/>\n<meta name=\"twitter:label1\" content=\"\u00c9crit par\" \/>\n\t<meta name=\"twitter:data1\" content=\"Berry\" \/>\n\t<meta name=\"twitter:label2\" content=\"Estimation du temps de lecture\" \/>\n\t<meta name=\"twitter:data2\" content=\"1 minute\" \/>\n<script type=\"application\/ld+json\" class=\"yoast-schema-graph\">{\"@context\":\"https:\/\/schema.org\",\"@graph\":[{\"@type\":\"Article\",\"@id\":\"https:\/\/equestrian.ca\/fr\/anciens-articles\/sam-walker-fait-le-point-sur-les-debuts-dans-lequipe-canadienne-de-saut-dobstacles\/#article\",\"isPartOf\":{\"@id\":\"https:\/\/equestrian.ca\/fr\/anciens-articles\/sam-walker-fait-le-point-sur-les-debuts-dans-lequipe-canadienne-de-saut-dobstacles\/\"},\"author\":{\"name\":\"Berry\",\"@id\":\"https:\/\/equestrian.ca\/fr\/#\/schema\/person\/9abd3ba4d1027626b07355668e4ee3ad\"},\"headline\":\"Sam Walker fait le point sur les d\u00e9buts dans l&rsquo;\u00e9quipe canadienne de saut d&rsquo;obstacles\",\"datePublished\":\"2020-03-12T00:00:00+00:00\",\"mainEntityOfPage\":{\"@id\":\"https:\/\/equestrian.ca\/fr\/anciens-articles\/sam-walker-fait-le-point-sur-les-debuts-dans-lequipe-canadienne-de-saut-dobstacles\/\"},\"wordCount\":163,\"commentCount\":0,\"image\":{\"@id\":\"https:\/\/equestrian.ca\/fr\/anciens-articles\/sam-walker-fait-le-point-sur-les-debuts-dans-lequipe-canadienne-de-saut-dobstacles\/#primaryimage\"},\"thumbnailUrl\":\"https:\/\/equestrian.ca\/wp-content\/uploads\/2023\/09\/Deeridge-Nations-Cup-Sam-Walker-Kelstar-du-Vingt-Ponts-2-by-Mackenzie-Clark.jpg\",\"articleSection\":[\"Anciens articles\"],\"inLanguage\":\"fr-CA\",\"potentialAction\":[{\"@type\":\"CommentAction\",\"name\":\"Comment\",\"target\":[\"https:\/\/equestrian.ca\/fr\/anciens-articles\/sam-walker-fait-le-point-sur-les-debuts-dans-lequipe-canadienne-de-saut-dobstacles\/#respond\"]}]},{\"@type\":\"WebPage\",\"@id\":\"https:\/\/equestrian.ca\/fr\/anciens-articles\/sam-walker-fait-le-point-sur-les-debuts-dans-lequipe-canadienne-de-saut-dobstacles\/\",\"url\":\"https:\/\/equestrian.ca\/fr\/anciens-articles\/sam-walker-fait-le-point-sur-les-debuts-dans-lequipe-canadienne-de-saut-dobstacles\/\",\"name\":\"Sam Walker fait le point sur les d\u00e9buts dans l'\u00e9quipe canadienne de saut d'obstacles - Equestrian Canada\",\"isPartOf\":{\"@id\":\"https:\/\/equestrian.ca\/fr\/#website\"},\"primaryImageOfPage\":{\"@id\":\"https:\/\/equestrian.ca\/fr\/anciens-articles\/sam-walker-fait-le-point-sur-les-debuts-dans-lequipe-canadienne-de-saut-dobstacles\/#primaryimage\"},\"image\":{\"@id\":\"https:\/\/equestrian.ca\/fr\/anciens-articles\/sam-walker-fait-le-point-sur-les-debuts-dans-lequipe-canadienne-de-saut-dobstacles\/#primaryimage\"},\"thumbnailUrl\":\"https:\/\/equestrian.ca\/wp-content\/uploads\/2023\/09\/Deeridge-Nations-Cup-Sam-Walker-Kelstar-du-Vingt-Ponts-2-by-Mackenzie-Clark.jpg\",\"datePublished\":\"2020-03-12T00:00:00+00:00\",\"author\":{\"@id\":\"https:\/\/equestrian.ca\/fr\/#\/schema\/person\/9abd3ba4d1027626b07355668e4ee3ad\"},\"breadcrumb\":{\"@id\":\"https:\/\/equestrian.ca\/fr\/anciens-articles\/sam-walker-fait-le-point-sur-les-debuts-dans-lequipe-canadienne-de-saut-dobstacles\/#breadcrumb\"},\"inLanguage\":\"fr-CA\",\"potentialAction\":[{\"@type\":\"ReadAction\",\"target\":[\"https:\/\/equestrian.ca\/fr\/anciens-articles\/sam-walker-fait-le-point-sur-les-debuts-dans-lequipe-canadienne-de-saut-dobstacles\/\"]}]},{\"@type\":\"ImageObject\",\"inLanguage\":\"fr-CA\",\"@id\":\"https:\/\/equestrian.ca\/fr\/anciens-articles\/sam-walker-fait-le-point-sur-les-debuts-dans-lequipe-canadienne-de-saut-dobstacles\/#primaryimage\",\"url\":\"https:\/\/equestrian.ca\/wp-content\/uploads\/2023\/09\/Deeridge-Nations-Cup-Sam-Walker-Kelstar-du-Vingt-Ponts-2-by-Mackenzie-Clark.jpg\",\"contentUrl\":\"https:\/\/equestrian.ca\/wp-content\/uploads\/2023\/09\/Deeridge-Nations-Cup-Sam-Walker-Kelstar-du-Vingt-Ponts-2-by-Mackenzie-Clark.jpg\",\"width\":667,\"height\":1000},{\"@type\":\"BreadcrumbList\",\"@id\":\"https:\/\/equestrian.ca\/fr\/anciens-articles\/sam-walker-fait-le-point-sur-les-debuts-dans-lequipe-canadienne-de-saut-dobstacles\/#breadcrumb\",\"itemListElement\":[{\"@type\":\"ListItem\",\"position\":1,\"name\":\"Home\",\"item\":\"https:\/\/equestrian.ca\/fr\/\"},{\"@type\":\"ListItem\",\"position\":2,\"name\":\"Sam Walker fait le point sur les d\u00e9buts dans l&#8217;\u00e9quipe canadienne de saut d&#8217;obstacles\"}]},{\"@type\":\"WebSite\",\"@id\":\"https:\/\/equestrian.ca\/fr\/#website\",\"url\":\"https:\/\/equestrian.ca\/fr\/\",\"name\":\"Equestrian Canada\",\"description\":\"For the love of horses and sport for life.\",\"potentialAction\":[{\"@type\":\"SearchAction\",\"target\":{\"@type\":\"EntryPoint\",\"urlTemplate\":\"https:\/\/equestrian.ca\/fr\/?s={search_term_string}\"},\"query-input\":{\"@type\":\"PropertyValueSpecification\",\"valueRequired\":true,\"valueName\":\"search_term_string\"}}],\"inLanguage\":\"fr-CA\"},{\"@type\":\"Person\",\"@id\":\"https:\/\/equestrian.ca\/fr\/#\/schema\/person\/9abd3ba4d1027626b07355668e4ee3ad\",\"name\":\"Berry\",\"image\":{\"@type\":\"ImageObject\",\"inLanguage\":\"fr-CA\",\"@id\":\"https:\/\/equestrian.ca\/fr\/#\/schema\/person\/image\/\",\"url\":\"https:\/\/secure.gravatar.com\/avatar\/882da3b67056b0c608086d3c77de46948b64244a4c249e81e0bf04a8095ce320?s=96&d=mm&r=g\",\"contentUrl\":\"https:\/\/secure.gravatar.com\/avatar\/882da3b67056b0c608086d3c77de46948b64244a4c249e81e0bf04a8095ce320?s=96&d=mm&r=g\",\"caption\":\"Berry\"},\"url\":\"https:\/\/equestrian.ca\/fr\/author\/mberry\/\"}]}<\/script>\n<!-- \/ Yoast SEO plugin. -->","yoast_head_json":{"title":"Sam Walker fait le point sur les d\u00e9buts dans l'\u00e9quipe canadienne de saut d'obstacles - Equestrian Canada","robots":{"index":"index","follow":"follow","max-snippet":"max-snippet:-1","max-image-preview":"max-image-preview:large","max-video-preview":"max-video-preview:-1"},"canonical":"https:\/\/equestrian.ca\/fr\/anciens-articles\/sam-walker-fait-le-point-sur-les-debuts-dans-lequipe-canadienne-de-saut-dobstacles\/","og_locale":"fr_CA","og_type":"article","og_title":"Sam Walker fait le point sur les d\u00e9buts dans l'\u00e9quipe canadienne de saut d'obstacles - Equestrian Canada","og_description":"Sam Walker, \u00e2g\u00e9 de 17 ans et originaire de Nobleton en Ontario n&rsquo;est pas \u00e9tranger \u00e0 la comp\u00e9tition sous pression, mais c\u2019\u00e9tait une premi\u00e8re pour lui de porter la veste rouge embl\u00e9matique de l&rsquo;\u00e9quipe canadienne de saut d\u2019obstacles. Il a fait ses d\u00e9buts au sein de l\u2019\u00e9quipe senior \u00e0 la Coupe des Nations Longines\u2122 de [&hellip;]","og_url":"https:\/\/equestrian.ca\/fr\/anciens-articles\/sam-walker-fait-le-point-sur-les-debuts-dans-lequipe-canadienne-de-saut-dobstacles\/","og_site_name":"Equestrian Canada","article_published_time":"2020-03-12T00:00:00+00:00","og_image":[{"width":667,"height":1000,"url":"https:\/\/equestrian.ca\/wp-content\/uploads\/2023\/09\/Deeridge-Nations-Cup-Sam-Walker-Kelstar-du-Vingt-Ponts-2-by-Mackenzie-Clark.jpg","type":"image\/jpeg"}],"author":"Berry","twitter_card":"summary_large_image","twitter_misc":{"\u00c9crit par":"Berry","Estimation du temps de lecture":"1 minute"},"schema":{"@context":"https:\/\/schema.org","@graph":[{"@type":"Article","@id":"https:\/\/equestrian.ca\/fr\/anciens-articles\/sam-walker-fait-le-point-sur-les-debuts-dans-lequipe-canadienne-de-saut-dobstacles\/#article","isPartOf":{"@id":"https:\/\/equestrian.ca\/fr\/anciens-articles\/sam-walker-fait-le-point-sur-les-debuts-dans-lequipe-canadienne-de-saut-dobstacles\/"},"author":{"name":"Berry","@id":"https:\/\/equestrian.ca\/fr\/#\/schema\/person\/9abd3ba4d1027626b07355668e4ee3ad"},"headline":"Sam Walker fait le point sur les d\u00e9buts dans l&rsquo;\u00e9quipe canadienne de saut d&rsquo;obstacles","datePublished":"2020-03-12T00:00:00+00:00","mainEntityOfPage":{"@id":"https:\/\/equestrian.ca\/fr\/anciens-articles\/sam-walker-fait-le-point-sur-les-debuts-dans-lequipe-canadienne-de-saut-dobstacles\/"},"wordCount":163,"commentCount":0,"image":{"@id":"https:\/\/equestrian.ca\/fr\/anciens-articles\/sam-walker-fait-le-point-sur-les-debuts-dans-lequipe-canadienne-de-saut-dobstacles\/#primaryimage"},"thumbnailUrl":"https:\/\/equestrian.ca\/wp-content\/uploads\/2023\/09\/Deeridge-Nations-Cup-Sam-Walker-Kelstar-du-Vingt-Ponts-2-by-Mackenzie-Clark.jpg","articleSection":["Anciens articles"],"inLanguage":"fr-CA","potentialAction":[{"@type":"CommentAction","name":"Comment","target":["https:\/\/equestrian.ca\/fr\/anciens-articles\/sam-walker-fait-le-point-sur-les-debuts-dans-lequipe-canadienne-de-saut-dobstacles\/#respond"]}]},{"@type":"WebPage","@id":"https:\/\/equestrian.ca\/fr\/anciens-articles\/sam-walker-fait-le-point-sur-les-debuts-dans-lequipe-canadienne-de-saut-dobstacles\/","url":"https:\/\/equestrian.ca\/fr\/anciens-articles\/sam-walker-fait-le-point-sur-les-debuts-dans-lequipe-canadienne-de-saut-dobstacles\/","name":"Sam Walker fait le point sur les d\u00e9buts dans l'\u00e9quipe canadienne de saut d'obstacles - Equestrian Canada","isPartOf":{"@id":"https:\/\/equestrian.ca\/fr\/#website"},"primaryImageOfPage":{"@id":"https:\/\/equestrian.ca\/fr\/anciens-articles\/sam-walker-fait-le-point-sur-les-debuts-dans-lequipe-canadienne-de-saut-dobstacles\/#primaryimage"},"image":{"@id":"https:\/\/equestrian.ca\/fr\/anciens-articles\/sam-walker-fait-le-point-sur-les-debuts-dans-lequipe-canadienne-de-saut-dobstacles\/#primaryimage"},"thumbnailUrl":"https:\/\/equestrian.ca\/wp-content\/uploads\/2023\/09\/Deeridge-Nations-Cup-Sam-Walker-Kelstar-du-Vingt-Ponts-2-by-Mackenzie-Clark.jpg","datePublished":"2020-03-12T00:00:00+00:00","author":{"@id":"https:\/\/equestrian.ca\/fr\/#\/schema\/person\/9abd3ba4d1027626b07355668e4ee3ad"},"breadcrumb":{"@id":"https:\/\/equestrian.ca\/fr\/anciens-articles\/sam-walker-fait-le-point-sur-les-debuts-dans-lequipe-canadienne-de-saut-dobstacles\/#breadcrumb"},"inLanguage":"fr-CA","potentialAction":[{"@type":"ReadAction","target":["https:\/\/equestrian.ca\/fr\/anciens-articles\/sam-walker-fait-le-point-sur-les-debuts-dans-lequipe-canadienne-de-saut-dobstacles\/"]}]},{"@type":"ImageObject","inLanguage":"fr-CA","@id":"https:\/\/equestrian.ca\/fr\/anciens-articles\/sam-walker-fait-le-point-sur-les-debuts-dans-lequipe-canadienne-de-saut-dobstacles\/#primaryimage","url":"https:\/\/equestrian.ca\/wp-content\/uploads\/2023\/09\/Deeridge-Nations-Cup-Sam-Walker-Kelstar-du-Vingt-Ponts-2-by-Mackenzie-Clark.jpg","contentUrl":"https:\/\/equestrian.ca\/wp-content\/uploads\/2023\/09\/Deeridge-Nations-Cup-Sam-Walker-Kelstar-du-Vingt-Ponts-2-by-Mackenzie-Clark.jpg","width":667,"height":1000},{"@type":"BreadcrumbList","@id":"https:\/\/equestrian.ca\/fr\/anciens-articles\/sam-walker-fait-le-point-sur-les-debuts-dans-lequipe-canadienne-de-saut-dobstacles\/#breadcrumb","itemListElement":[{"@type":"ListItem","position":1,"name":"Home","item":"https:\/\/equestrian.ca\/fr\/"},{"@type":"ListItem","position":2,"name":"Sam Walker fait le point sur les d\u00e9buts dans l&#8217;\u00e9quipe canadienne de saut d&#8217;obstacles"}]},{"@type":"WebSite","@id":"https:\/\/equestrian.ca\/fr\/#website","url":"https:\/\/equestrian.ca\/fr\/","name":"Equestrian Canada","description":"For the love of horses and sport for life.","potentialAction":[{"@type":"SearchAction","target":{"@type":"EntryPoint","urlTemplate":"https:\/\/equestrian.ca\/fr\/?s={search_term_string}"},"query-input":{"@type":"PropertyValueSpecification","valueRequired":true,"valueName":"search_term_string"}}],"inLanguage":"fr-CA"},{"@type":"Person","@id":"https:\/\/equestrian.ca\/fr\/#\/schema\/person\/9abd3ba4d1027626b07355668e4ee3ad","name":"Berry","image":{"@type":"ImageObject","inLanguage":"fr-CA","@id":"https:\/\/equestrian.ca\/fr\/#\/schema\/person\/image\/","url":"https:\/\/secure.gravatar.com\/avatar\/882da3b67056b0c608086d3c77de46948b64244a4c249e81e0bf04a8095ce320?s=96&d=mm&r=g","contentUrl":"https:\/\/secure.gravatar.com\/avatar\/882da3b67056b0c608086d3c77de46948b64244a4c249e81e0bf04a8095ce320?s=96&d=mm&r=g","caption":"Berry"},"url":"https:\/\/equestrian.ca\/fr\/author\/mberry\/"}]}},"_links":{"self":[{"href":"https:\/\/equestrian.ca\/fr\/wp-json\/wp\/v2\/posts\/25664","targetHints":{"allow":["GET"]}}],"collection":[{"href":"https:\/\/equestrian.ca\/fr\/wp-json\/wp\/v2\/posts"}],"about":[{"href":"https:\/\/equestrian.ca\/fr\/wp-json\/wp\/v2\/types\/post"}],"author":[{"embeddable":true,"href":"https:\/\/equestrian.ca\/fr\/wp-json\/wp\/v2\/users\/3"}],"replies":[{"embeddable":true,"href":"https:\/\/equestrian.ca\/fr\/wp-json\/wp\/v2\/comments?post=25664"}],"version-history":[{"count":0,"href":"https:\/\/equestrian.ca\/fr\/wp-json\/wp\/v2\/posts\/25664\/revisions"}],"wp:featuredmedia":[{"embeddable":true,"href":"https:\/\/equestrian.ca\/fr\/wp-json\/wp\/v2\/media\/3443"}],"wp:attachment":[{"href":"https:\/\/equestrian.ca\/fr\/wp-json\/wp\/v2\/media?parent=25664"}],"wp:term":[{"taxonomy":"category","embeddable":true,"href":"https:\/\/equestrian.ca\/fr\/wp-json\/wp\/v2\/categories?post=25664"},{"taxonomy":"post_tag","embeddable":true,"href":"https:\/\/equestrian.ca\/fr\/wp-json\/wp\/v2\/tags?post=25664"}],"curies":[{"name":"wp","href":"https:\/\/api.w.org\/{rel}","templated":true}]}}