{"id":25659,"date":"2019-02-01T00:00:00","date_gmt":"2019-02-01T00:00:00","guid":{"rendered":"https:\/\/equestrian.ca\/news\/developpement-et-croissance-du-milieu-equestre-a-lordre-du-jour-du-second-sommet-annuel-ce-opts\/"},"modified":"2019-02-01T00:00:00","modified_gmt":"2019-02-01T00:00:00","slug":"developpement-et-croissance-du-milieu-equestre-a-lordre-du-jour-du-second-sommet-annuel-ce-opts","status":"publish","type":"post","link":"https:\/\/equestrian.ca\/fr\/anciens-articles\/developpement-et-croissance-du-milieu-equestre-a-lordre-du-jour-du-second-sommet-annuel-ce-opts\/","title":{"rendered":"D\u00e9veloppement et croissance du milieu \u00e9questre \u00e0 l\u2019ordre du jour du Second Sommet annuel C\u00c9-OPTS"},"content":{"rendered":"<p><b>Ottawa (Ontario), le 31 janvier 2019<\/b> \u2013 Lors du second Sommet annuel C\u00c9-OPTS qui se tiendra les 1er et 2 f\u00e9vrier \u00e0 Toronto, Canada \u00c9questre (C\u00c9) et les intervenants des <a href=\"https:\/\/www.canadaequestre.ca\/infos\/gouvernance\/provinciaux-territorial-partenaires\" target=\"_blank\" rel=\"noopener\">Organismes provinciaux et territoriaux de sport<\/a> (OPTS) se rencontreront pour partager des informations sur l\u2019avancement du Protocole d\u2019entente C\u00c9-OPTS 2018-2020, lequel constituera l\u2019\u00e9l\u00e9ment central de la discussion et de la collaboration.<\/p>\n<p>Paraph\u00e9 en mai 2018, le Protocole d\u2019entente C\u00c9-OPTS 2018-2020 a \u00e9t\u00e9 \u00e9labor\u00e9 en vue d\u2019\u00e9tudier, de restructurer et d\u2019am\u00e9liorer les programmes et services propos\u00e9s aux sportifs \u00e9questres canadiens. Il est le r\u00e9sultat d\u2019une d\u00e9marche sans pr\u00e9c\u00e9dent visant \u00e0 harmoniser les priorit\u00e9s des OPTS et de C\u00c9 dans les sph\u00e8res du d\u00e9veloppement et de la croissance \u00e9questres. <\/p>\n<p>\u00ab Nous comptons sur le dynamisme du Sommet annuel C\u00c9-OPTS pour mettre en place une collaboration \u00e9troite et un dialogue constructif entre C\u00c9 et les OPTS \u00bb,  a indiqu\u00e9 M. Richard Mongeau, chef de la direction de C\u00c9. \u00ab Le Plan d\u2019initiatives strat\u00e9giques et le Protocole d\u2019entente C\u00c9-OPTS sont tous deux ambitieux, progressistes et issus d\u2019une pens\u00e9e commune. Pour assurer le succ\u00e8s de leur mise en oeuvre, nous devons d\u00e9ployer des efforts concert\u00e9s reposant sur la mise en commun de nos comp\u00e9tences. Je me r\u00e9jouis \u00e0 l\u2019id\u00e9e de travailler avec l\u2019ensemble des parties concern\u00e9es pour apporter les changements qui acc\u00e9l\u00e9reront la croissance du milieu \u00e9questre canadien. \u00bb<\/p>\n<p>Parmi les projets et initiatives qui seront sp\u00e9cifiquement abord\u00e9s dans le cadre du sommet, mentionnons :<\/p>\n<h2>Le d\u00e9veloppement du sport \u00e9questre au Canada (DSEC)<\/h2>\n<p>Le d\u00e9veloppement du sport \u00e9questre au Canada se fonde sur l\u2019analyse et la restructuration des programmes qui soutiennent le d\u00e9veloppement des entra\u00eeneurs, des instructeurs et des athl\u00e8tes. Pilot\u00e9 par Douglas Duncan, un expert-conseil en sport ind\u00e9pendant qui a rejoint l\u2019\u00e9quipe \u00e0 l\u2019automne 2018 suite \u00e0 un processus d\u2019appel d\u2019offres, le projet exige une forte collaboration entre C\u00c9 et les OPTS.<\/p>\n<p>La sp\u00e9cialit\u00e9 de Duncan est d\u2019offrir du soutien aux organismes sportifs par l\u2019\u00e9laboration et la mise en place de programmes visant \u00e0 am\u00e9liorer la qualit\u00e9 de la pratique sportive des participants et soutenir le d\u00e9veloppement \u00e0 long terme de l\u2019athl\u00e8te. M. Duncan se joint au projet apr\u00e8s avoir r\u00e9ussi \u00e0 mettre de l\u2019avant de grandes initiatives de changement. Il a  \u00e9labor\u00e9 avec succ\u00e8s une vari\u00e9t\u00e9 programmes (syst\u00e8mes de comp\u00e9tition, initiation, perfectionnement d\u2019entra\u00eeneurs, etc.) et ce, pour divers organismes sportifs nationaux, plus particuli\u00e8rement Patinage de vitesse Canada, Athl\u00e9tisme Canada et pour l\u2019entreprise sociale Le sport, c\u2019est pour la vie.<\/p>\n<p>Durant toute la dur\u00e9e du projet, Duncan travaillera en \u00e9troite collaboration avec le personnel et les intervenants de C\u00c9 et des OPTS, dont les membres du comit\u00e9 du DSEC, Richard Mongeau, Sonia Dantu, Tracey MCague-McElrea, Heather Myrer, Chris Sorensen, Craig Collins et Meg Kruger. Il collaborera aussi avec les deux comit\u00e9s nationaux de formation des entra\u00eeneurs et avec des athl\u00e8tes de haut calibre, notamment les cavaliers olympiques canadiens en plus de bon nombre d\u2019entraineurs canadiens r\u00e9put\u00e9s comme.   <\/p>\n<p>Parmi les composantes principales de ce projet de grande ampleur, mentionnons : <\/p>\n<ul>\n<li>L\u2019examen minutieux des difficult\u00e9s auxquelles fait face le programme de certification actuel, et l\u2019identification des mesures \u00e0 prendre pour \u00e9tablir les bases n\u00e9cessaires au soutien d\u2019une refonte enti\u00e8re de la formation et de la certification de l\u2019entra\u00eeneur \u00e9questre au Canada;<\/li>\n<li>Le d\u00e9veloppement d\u2019une strat\u00e9gie pour faciliter la mise en place de la certification obligatoire des entra\u00eeneurs aux concours sanctionn\u00e9s de C\u00c9;<\/li>\n<li>L\u2019examen et la refonte des programmes actuels d\u2019initiation \u00e0 l\u2019\u00e9quitation et la mise en place d\u2019un nouveau programme S\u2019amuser gr\u00e2ce au sport pour combler les lacunes  dans le d\u00e9veloppement des jeunes;<\/li>\n<li>L\u2019int\u00e9gration harmonieuse de tous les programmes de perfectionnement pour athl\u00e8tes et instructeurs\/entra\u00eeneurs afin d\u2019offrir des m\u00e9thodes p\u00e9dagogiques de qualit\u00e9, \u00e0 toutes les \u00e9tapes du mod\u00e8le de D\u00e9veloppement \u00e0 long terme du sportif \u00e9questre de C\u00c9.<\/li>\n<\/ul>\n<p>Harmonisation de la structure des concours<\/p>\n<p>Tel qu\u2019\u00e9nonc\u00e9 dans le Plan d\u2019initiatives strat\u00e9giques 2018-2022, l\u2019examen de la structure des concours, l\u2019harmonisation et la mise en place au Canada de championnats nationaux pour les sports \u00e9questres constituent d\u2019importantes priorit\u00e9s pour C\u00c9. <\/p>\n<p>Douglas Duncan assumera le r\u00f4le d\u2019expert-conseil charg\u00e9 du projet durant la phase initiale de cette initiative, aux c\u00f4t\u00e9s de la gestionnaire Haute performance de C\u00c9, Anna Johnson, qui occupera le poste de gestionnaire de projet. Ils b\u00e9n\u00e9ficieront du soutien du Comit\u00e9 d\u2019harmonisation de la structure des concours (CHSC) constitu\u00e9 de : <\/p>\n<p>Chris Sorensen \u2013 Copr\u00e9sident (Membre du Conseil d\u2019administration de C\u00c9)<br \/>Craig Collins \u2013 Copr\u00e9sident (Membre du Conseil d\u2019administration de C\u00c9)<br \/>Anne Welch \u2013 Dressage<br \/>Peter Gray \u2013 Concours complet<br \/>Mike Lawrence \u2013 Saut d\u2019obstacles<br \/>Birgit Valkenborg \u2013 Paradressage<br \/>Patricia Carley \u2013 Attelage<br \/>Dessia Miller \u2013 Endurance<br \/>Rhea Pole \u2013 Reining<br \/>Charlene Kostecki \u2013 Voltige<br \/>Nicole Duplessis \u2013 Repr\u00e9sentante OPTS<br \/>Ali Buchanan \u2013 Repr\u00e9sentante OPTS<br \/>Jon Garner \u2013 Repr\u00e9sentant du personnel de C\u00c9<\/p>\n<p>Comptant sur la collaboration entre C\u00c9 et les OPTS, et l\u2019apport de nombreux acteurs du milieu et participants aux disciplines reconnues par C\u00c9, la phase initiale de ce grand projet sera constitu\u00e9e de trois \u00e9tapes : <\/p>\n<ul>\n<li><b>\u00c9tablissement des faits<\/b> : Examiner les analyses existantes, d\u00e9terminer ce qui fonctionne et mentionner les lacunes, pour mettre au point des bases statistiques et confirmer les domaines prioritaires.<\/li>\n<li><b>Analyse et harmonisation<\/b> : D\u00e9terminer les secteurs o\u00f9 l\u2019harmonisation est n\u00e9cessaire avec le DLTSE, le US Equestrian, la FEI, etc.<\/li>\n<li><b>Recommandations et plan d\u2019action<\/b> : Fournir une analyse et des recommandations fond\u00e9es sur des donn\u00e9es factuelles quant \u00e0 la fa\u00e7on d\u2019avancer \u00e0 la phase suivante du projet par discipline.<\/li>\n<\/ul>\n<p>Informations suppl\u00e9mentaires<\/p>\n<p>De plus amples renseignements et mises \u00e0 jour vous seront communiqu\u00e9s au sujet de  l\u2019avancement des projets dans le cadre du Protocole d\u2019entente C\u00c9-OPTS 2018-2020 et du Plan d\u2019initiatives strat\u00e9giques 2018-2022 d\u00e8s qu\u2019ils seront disponibles. Pri\u00e8re d\u2019adresser toute question relative \u00e0 ces projets et initiatives, \u00e0 :<\/p>\n<p>Richard Mongeau<br \/>Chef de la direction<br \/>Canada \u00c9questre<br \/><a href=\"mailto:rmongeau@equestrian.ca\" target=\"_blank\" style=\"background-color: white;\" rel=\"noopener\">rmongeau@equestrian.ca<\/a><\/p>\n<p class=\"\" style=\"text-align: center;\">&#8211; 30 &#8211;<\/p>\n","protected":false},"excerpt":{"rendered":"<p>Ottawa (Ontario), le 31 janvier 2019 \u2013 Lors du second Sommet annuel C\u00c9-OPTS qui se tiendra les 1er et 2 f\u00e9vrier \u00e0 Toronto, Canada \u00c9questre (C\u00c9) et les intervenants des Organismes provinciaux et territoriaux de sport (OPTS) se rencontreront pour partager des informations sur l\u2019avancement du Protocole d\u2019entente C\u00c9-OPTS 2018-2020, lequel constituera l\u2019\u00e9l\u00e9ment central de [&hellip;]<\/p>\n","protected":false},"author":3,"featured_media":3404,"comment_status":"open","ping_status":"open","sticky":false,"template":"","format":"standard","meta":{"_acf_changed":false,"footnotes":""},"categories":[241],"tags":[],"class_list":["post-25659","post","type-post","status-publish","format-standard","has-post-thumbnail","hentry","category-anciens-articles"],"acf":[],"yoast_head":"<!-- This site is optimized with the Yoast SEO plugin v27.0 - https:\/\/yoast.com\/product\/yoast-seo-wordpress\/ -->\n<title>D\u00e9veloppement et croissance du milieu \u00e9questre \u00e0 l\u2019ordre du jour du Second Sommet annuel C\u00c9-OPTS - Equestrian Canada<\/title>\n<meta name=\"robots\" content=\"index, follow, max-snippet:-1, max-image-preview:large, max-video-preview:-1\" \/>\n<link rel=\"canonical\" href=\"https:\/\/equestrian.ca\/fr\/anciens-articles\/developpement-et-croissance-du-milieu-equestre-a-lordre-du-jour-du-second-sommet-annuel-ce-opts\/\" \/>\n<meta property=\"og:locale\" content=\"fr_CA\" \/>\n<meta property=\"og:type\" content=\"article\" \/>\n<meta property=\"og:title\" content=\"D\u00e9veloppement et croissance du milieu \u00e9questre \u00e0 l\u2019ordre du jour du Second Sommet annuel C\u00c9-OPTS - Equestrian Canada\" \/>\n<meta property=\"og:description\" content=\"Ottawa (Ontario), le 31 janvier 2019 \u2013 Lors du second Sommet annuel C\u00c9-OPTS qui se tiendra les 1er et 2 f\u00e9vrier \u00e0 Toronto, Canada \u00c9questre (C\u00c9) et les intervenants des Organismes provinciaux et territoriaux de sport (OPTS) se rencontreront pour partager des informations sur l\u2019avancement du Protocole d\u2019entente C\u00c9-OPTS 2018-2020, lequel constituera l\u2019\u00e9l\u00e9ment central de [&hellip;]\" \/>\n<meta property=\"og:url\" content=\"https:\/\/equestrian.ca\/fr\/anciens-articles\/developpement-et-croissance-du-milieu-equestre-a-lordre-du-jour-du-second-sommet-annuel-ce-opts\/\" \/>\n<meta property=\"og:site_name\" content=\"Equestrian Canada\" \/>\n<meta property=\"article:published_time\" content=\"2019-02-01T00:00:00+00:00\" \/>\n<meta property=\"og:image\" content=\"https:\/\/equestrian.ca\/wp-content\/uploads\/2023\/09\/EC_Emblem_Navy.jpg\" \/>\n\t<meta property=\"og:image:width\" content=\"800\" \/>\n\t<meta property=\"og:image:height\" content=\"618\" \/>\n\t<meta property=\"og:image:type\" content=\"image\/jpeg\" \/>\n<meta name=\"author\" content=\"Berry\" \/>\n<meta name=\"twitter:card\" content=\"summary_large_image\" \/>\n<meta name=\"twitter:label1\" content=\"\u00c9crit par\" \/>\n\t<meta name=\"twitter:data1\" content=\"Berry\" \/>\n\t<meta name=\"twitter:label2\" content=\"Estimation du temps de lecture\" \/>\n\t<meta name=\"twitter:data2\" content=\"5 minutes\" \/>\n<script type=\"application\/ld+json\" class=\"yoast-schema-graph\">{\"@context\":\"https:\/\/schema.org\",\"@graph\":[{\"@type\":\"Article\",\"@id\":\"https:\/\/equestrian.ca\/fr\/anciens-articles\/developpement-et-croissance-du-milieu-equestre-a-lordre-du-jour-du-second-sommet-annuel-ce-opts\/#article\",\"isPartOf\":{\"@id\":\"https:\/\/equestrian.ca\/fr\/anciens-articles\/developpement-et-croissance-du-milieu-equestre-a-lordre-du-jour-du-second-sommet-annuel-ce-opts\/\"},\"author\":{\"name\":\"Berry\",\"@id\":\"https:\/\/equestrian.ca\/fr\/#\/schema\/person\/9abd3ba4d1027626b07355668e4ee3ad\"},\"headline\":\"D\u00e9veloppement et croissance du milieu \u00e9questre \u00e0 l\u2019ordre du jour du Second Sommet annuel C\u00c9-OPTS\",\"datePublished\":\"2019-02-01T00:00:00+00:00\",\"mainEntityOfPage\":{\"@id\":\"https:\/\/equestrian.ca\/fr\/anciens-articles\/developpement-et-croissance-du-milieu-equestre-a-lordre-du-jour-du-second-sommet-annuel-ce-opts\/\"},\"wordCount\":1067,\"commentCount\":0,\"image\":{\"@id\":\"https:\/\/equestrian.ca\/fr\/anciens-articles\/developpement-et-croissance-du-milieu-equestre-a-lordre-du-jour-du-second-sommet-annuel-ce-opts\/#primaryimage\"},\"thumbnailUrl\":\"https:\/\/equestrian.ca\/wp-content\/uploads\/2023\/09\/EC_Emblem_Navy.jpg\",\"articleSection\":[\"Anciens articles\"],\"inLanguage\":\"fr-CA\",\"potentialAction\":[{\"@type\":\"CommentAction\",\"name\":\"Comment\",\"target\":[\"https:\/\/equestrian.ca\/fr\/anciens-articles\/developpement-et-croissance-du-milieu-equestre-a-lordre-du-jour-du-second-sommet-annuel-ce-opts\/#respond\"]}]},{\"@type\":\"WebPage\",\"@id\":\"https:\/\/equestrian.ca\/fr\/anciens-articles\/developpement-et-croissance-du-milieu-equestre-a-lordre-du-jour-du-second-sommet-annuel-ce-opts\/\",\"url\":\"https:\/\/equestrian.ca\/fr\/anciens-articles\/developpement-et-croissance-du-milieu-equestre-a-lordre-du-jour-du-second-sommet-annuel-ce-opts\/\",\"name\":\"D\u00e9veloppement et croissance du milieu \u00e9questre \u00e0 l\u2019ordre du jour du Second Sommet annuel C\u00c9-OPTS - Equestrian Canada\",\"isPartOf\":{\"@id\":\"https:\/\/equestrian.ca\/fr\/#website\"},\"primaryImageOfPage\":{\"@id\":\"https:\/\/equestrian.ca\/fr\/anciens-articles\/developpement-et-croissance-du-milieu-equestre-a-lordre-du-jour-du-second-sommet-annuel-ce-opts\/#primaryimage\"},\"image\":{\"@id\":\"https:\/\/equestrian.ca\/fr\/anciens-articles\/developpement-et-croissance-du-milieu-equestre-a-lordre-du-jour-du-second-sommet-annuel-ce-opts\/#primaryimage\"},\"thumbnailUrl\":\"https:\/\/equestrian.ca\/wp-content\/uploads\/2023\/09\/EC_Emblem_Navy.jpg\",\"datePublished\":\"2019-02-01T00:00:00+00:00\",\"author\":{\"@id\":\"https:\/\/equestrian.ca\/fr\/#\/schema\/person\/9abd3ba4d1027626b07355668e4ee3ad\"},\"breadcrumb\":{\"@id\":\"https:\/\/equestrian.ca\/fr\/anciens-articles\/developpement-et-croissance-du-milieu-equestre-a-lordre-du-jour-du-second-sommet-annuel-ce-opts\/#breadcrumb\"},\"inLanguage\":\"fr-CA\",\"potentialAction\":[{\"@type\":\"ReadAction\",\"target\":[\"https:\/\/equestrian.ca\/fr\/anciens-articles\/developpement-et-croissance-du-milieu-equestre-a-lordre-du-jour-du-second-sommet-annuel-ce-opts\/\"]}]},{\"@type\":\"ImageObject\",\"inLanguage\":\"fr-CA\",\"@id\":\"https:\/\/equestrian.ca\/fr\/anciens-articles\/developpement-et-croissance-du-milieu-equestre-a-lordre-du-jour-du-second-sommet-annuel-ce-opts\/#primaryimage\",\"url\":\"https:\/\/equestrian.ca\/wp-content\/uploads\/2023\/09\/EC_Emblem_Navy.jpg\",\"contentUrl\":\"https:\/\/equestrian.ca\/wp-content\/uploads\/2023\/09\/EC_Emblem_Navy.jpg\",\"width\":800,\"height\":618},{\"@type\":\"BreadcrumbList\",\"@id\":\"https:\/\/equestrian.ca\/fr\/anciens-articles\/developpement-et-croissance-du-milieu-equestre-a-lordre-du-jour-du-second-sommet-annuel-ce-opts\/#breadcrumb\",\"itemListElement\":[{\"@type\":\"ListItem\",\"position\":1,\"name\":\"Home\",\"item\":\"https:\/\/equestrian.ca\/fr\/\"},{\"@type\":\"ListItem\",\"position\":2,\"name\":\"D\u00e9veloppement et croissance du milieu \u00e9questre \u00e0 l\u2019ordre du jour du Second Sommet annuel C\u00c9-OPTS\"}]},{\"@type\":\"WebSite\",\"@id\":\"https:\/\/equestrian.ca\/fr\/#website\",\"url\":\"https:\/\/equestrian.ca\/fr\/\",\"name\":\"Equestrian Canada\",\"description\":\"For the love of horses and sport for life.\",\"potentialAction\":[{\"@type\":\"SearchAction\",\"target\":{\"@type\":\"EntryPoint\",\"urlTemplate\":\"https:\/\/equestrian.ca\/fr\/?s={search_term_string}\"},\"query-input\":{\"@type\":\"PropertyValueSpecification\",\"valueRequired\":true,\"valueName\":\"search_term_string\"}}],\"inLanguage\":\"fr-CA\"},{\"@type\":\"Person\",\"@id\":\"https:\/\/equestrian.ca\/fr\/#\/schema\/person\/9abd3ba4d1027626b07355668e4ee3ad\",\"name\":\"Berry\",\"image\":{\"@type\":\"ImageObject\",\"inLanguage\":\"fr-CA\",\"@id\":\"https:\/\/equestrian.ca\/fr\/#\/schema\/person\/image\/\",\"url\":\"https:\/\/secure.gravatar.com\/avatar\/882da3b67056b0c608086d3c77de46948b64244a4c249e81e0bf04a8095ce320?s=96&d=mm&r=g\",\"contentUrl\":\"https:\/\/secure.gravatar.com\/avatar\/882da3b67056b0c608086d3c77de46948b64244a4c249e81e0bf04a8095ce320?s=96&d=mm&r=g\",\"caption\":\"Berry\"},\"url\":\"https:\/\/equestrian.ca\/fr\/author\/mberry\/\"}]}<\/script>\n<!-- \/ Yoast SEO plugin. -->","yoast_head_json":{"title":"D\u00e9veloppement et croissance du milieu \u00e9questre \u00e0 l\u2019ordre du jour du Second Sommet annuel C\u00c9-OPTS - Equestrian Canada","robots":{"index":"index","follow":"follow","max-snippet":"max-snippet:-1","max-image-preview":"max-image-preview:large","max-video-preview":"max-video-preview:-1"},"canonical":"https:\/\/equestrian.ca\/fr\/anciens-articles\/developpement-et-croissance-du-milieu-equestre-a-lordre-du-jour-du-second-sommet-annuel-ce-opts\/","og_locale":"fr_CA","og_type":"article","og_title":"D\u00e9veloppement et croissance du milieu \u00e9questre \u00e0 l\u2019ordre du jour du Second Sommet annuel C\u00c9-OPTS - Equestrian Canada","og_description":"Ottawa (Ontario), le 31 janvier 2019 \u2013 Lors du second Sommet annuel C\u00c9-OPTS qui se tiendra les 1er et 2 f\u00e9vrier \u00e0 Toronto, Canada \u00c9questre (C\u00c9) et les intervenants des Organismes provinciaux et territoriaux de sport (OPTS) se rencontreront pour partager des informations sur l\u2019avancement du Protocole d\u2019entente C\u00c9-OPTS 2018-2020, lequel constituera l\u2019\u00e9l\u00e9ment central de [&hellip;]","og_url":"https:\/\/equestrian.ca\/fr\/anciens-articles\/developpement-et-croissance-du-milieu-equestre-a-lordre-du-jour-du-second-sommet-annuel-ce-opts\/","og_site_name":"Equestrian Canada","article_published_time":"2019-02-01T00:00:00+00:00","og_image":[{"width":800,"height":618,"url":"https:\/\/equestrian.ca\/wp-content\/uploads\/2023\/09\/EC_Emblem_Navy.jpg","type":"image\/jpeg"}],"author":"Berry","twitter_card":"summary_large_image","twitter_misc":{"\u00c9crit par":"Berry","Estimation du temps de lecture":"5 minutes"},"schema":{"@context":"https:\/\/schema.org","@graph":[{"@type":"Article","@id":"https:\/\/equestrian.ca\/fr\/anciens-articles\/developpement-et-croissance-du-milieu-equestre-a-lordre-du-jour-du-second-sommet-annuel-ce-opts\/#article","isPartOf":{"@id":"https:\/\/equestrian.ca\/fr\/anciens-articles\/developpement-et-croissance-du-milieu-equestre-a-lordre-du-jour-du-second-sommet-annuel-ce-opts\/"},"author":{"name":"Berry","@id":"https:\/\/equestrian.ca\/fr\/#\/schema\/person\/9abd3ba4d1027626b07355668e4ee3ad"},"headline":"D\u00e9veloppement et croissance du milieu \u00e9questre \u00e0 l\u2019ordre du jour du Second Sommet annuel C\u00c9-OPTS","datePublished":"2019-02-01T00:00:00+00:00","mainEntityOfPage":{"@id":"https:\/\/equestrian.ca\/fr\/anciens-articles\/developpement-et-croissance-du-milieu-equestre-a-lordre-du-jour-du-second-sommet-annuel-ce-opts\/"},"wordCount":1067,"commentCount":0,"image":{"@id":"https:\/\/equestrian.ca\/fr\/anciens-articles\/developpement-et-croissance-du-milieu-equestre-a-lordre-du-jour-du-second-sommet-annuel-ce-opts\/#primaryimage"},"thumbnailUrl":"https:\/\/equestrian.ca\/wp-content\/uploads\/2023\/09\/EC_Emblem_Navy.jpg","articleSection":["Anciens articles"],"inLanguage":"fr-CA","potentialAction":[{"@type":"CommentAction","name":"Comment","target":["https:\/\/equestrian.ca\/fr\/anciens-articles\/developpement-et-croissance-du-milieu-equestre-a-lordre-du-jour-du-second-sommet-annuel-ce-opts\/#respond"]}]},{"@type":"WebPage","@id":"https:\/\/equestrian.ca\/fr\/anciens-articles\/developpement-et-croissance-du-milieu-equestre-a-lordre-du-jour-du-second-sommet-annuel-ce-opts\/","url":"https:\/\/equestrian.ca\/fr\/anciens-articles\/developpement-et-croissance-du-milieu-equestre-a-lordre-du-jour-du-second-sommet-annuel-ce-opts\/","name":"D\u00e9veloppement et croissance du milieu \u00e9questre \u00e0 l\u2019ordre du jour du Second Sommet annuel C\u00c9-OPTS - Equestrian Canada","isPartOf":{"@id":"https:\/\/equestrian.ca\/fr\/#website"},"primaryImageOfPage":{"@id":"https:\/\/equestrian.ca\/fr\/anciens-articles\/developpement-et-croissance-du-milieu-equestre-a-lordre-du-jour-du-second-sommet-annuel-ce-opts\/#primaryimage"},"image":{"@id":"https:\/\/equestrian.ca\/fr\/anciens-articles\/developpement-et-croissance-du-milieu-equestre-a-lordre-du-jour-du-second-sommet-annuel-ce-opts\/#primaryimage"},"thumbnailUrl":"https:\/\/equestrian.ca\/wp-content\/uploads\/2023\/09\/EC_Emblem_Navy.jpg","datePublished":"2019-02-01T00:00:00+00:00","author":{"@id":"https:\/\/equestrian.ca\/fr\/#\/schema\/person\/9abd3ba4d1027626b07355668e4ee3ad"},"breadcrumb":{"@id":"https:\/\/equestrian.ca\/fr\/anciens-articles\/developpement-et-croissance-du-milieu-equestre-a-lordre-du-jour-du-second-sommet-annuel-ce-opts\/#breadcrumb"},"inLanguage":"fr-CA","potentialAction":[{"@type":"ReadAction","target":["https:\/\/equestrian.ca\/fr\/anciens-articles\/developpement-et-croissance-du-milieu-equestre-a-lordre-du-jour-du-second-sommet-annuel-ce-opts\/"]}]},{"@type":"ImageObject","inLanguage":"fr-CA","@id":"https:\/\/equestrian.ca\/fr\/anciens-articles\/developpement-et-croissance-du-milieu-equestre-a-lordre-du-jour-du-second-sommet-annuel-ce-opts\/#primaryimage","url":"https:\/\/equestrian.ca\/wp-content\/uploads\/2023\/09\/EC_Emblem_Navy.jpg","contentUrl":"https:\/\/equestrian.ca\/wp-content\/uploads\/2023\/09\/EC_Emblem_Navy.jpg","width":800,"height":618},{"@type":"BreadcrumbList","@id":"https:\/\/equestrian.ca\/fr\/anciens-articles\/developpement-et-croissance-du-milieu-equestre-a-lordre-du-jour-du-second-sommet-annuel-ce-opts\/#breadcrumb","itemListElement":[{"@type":"ListItem","position":1,"name":"Home","item":"https:\/\/equestrian.ca\/fr\/"},{"@type":"ListItem","position":2,"name":"D\u00e9veloppement et croissance du milieu \u00e9questre \u00e0 l\u2019ordre du jour du Second Sommet annuel C\u00c9-OPTS"}]},{"@type":"WebSite","@id":"https:\/\/equestrian.ca\/fr\/#website","url":"https:\/\/equestrian.ca\/fr\/","name":"Equestrian Canada","description":"For the love of horses and sport for life.","potentialAction":[{"@type":"SearchAction","target":{"@type":"EntryPoint","urlTemplate":"https:\/\/equestrian.ca\/fr\/?s={search_term_string}"},"query-input":{"@type":"PropertyValueSpecification","valueRequired":true,"valueName":"search_term_string"}}],"inLanguage":"fr-CA"},{"@type":"Person","@id":"https:\/\/equestrian.ca\/fr\/#\/schema\/person\/9abd3ba4d1027626b07355668e4ee3ad","name":"Berry","image":{"@type":"ImageObject","inLanguage":"fr-CA","@id":"https:\/\/equestrian.ca\/fr\/#\/schema\/person\/image\/","url":"https:\/\/secure.gravatar.com\/avatar\/882da3b67056b0c608086d3c77de46948b64244a4c249e81e0bf04a8095ce320?s=96&d=mm&r=g","contentUrl":"https:\/\/secure.gravatar.com\/avatar\/882da3b67056b0c608086d3c77de46948b64244a4c249e81e0bf04a8095ce320?s=96&d=mm&r=g","caption":"Berry"},"url":"https:\/\/equestrian.ca\/fr\/author\/mberry\/"}]}},"_links":{"self":[{"href":"https:\/\/equestrian.ca\/fr\/wp-json\/wp\/v2\/posts\/25659","targetHints":{"allow":["GET"]}}],"collection":[{"href":"https:\/\/equestrian.ca\/fr\/wp-json\/wp\/v2\/posts"}],"about":[{"href":"https:\/\/equestrian.ca\/fr\/wp-json\/wp\/v2\/types\/post"}],"author":[{"embeddable":true,"href":"https:\/\/equestrian.ca\/fr\/wp-json\/wp\/v2\/users\/3"}],"replies":[{"embeddable":true,"href":"https:\/\/equestrian.ca\/fr\/wp-json\/wp\/v2\/comments?post=25659"}],"version-history":[{"count":0,"href":"https:\/\/equestrian.ca\/fr\/wp-json\/wp\/v2\/posts\/25659\/revisions"}],"wp:featuredmedia":[{"embeddable":true,"href":"https:\/\/equestrian.ca\/fr\/wp-json\/wp\/v2\/media\/3404"}],"wp:attachment":[{"href":"https:\/\/equestrian.ca\/fr\/wp-json\/wp\/v2\/media?parent=25659"}],"wp:term":[{"taxonomy":"category","embeddable":true,"href":"https:\/\/equestrian.ca\/fr\/wp-json\/wp\/v2\/categories?post=25659"},{"taxonomy":"post_tag","embeddable":true,"href":"https:\/\/equestrian.ca\/fr\/wp-json\/wp\/v2\/tags?post=25659"}],"curies":[{"name":"wp","href":"https:\/\/api.w.org\/{rel}","templated":true}]}}