{"id":25651,"date":"2020-01-22T00:00:00","date_gmt":"2020-01-22T00:00:00","guid":{"rendered":"https:\/\/equestrian.ca\/news\/mise-a-jour-sur-le-programme-canadien-didentification-des-equides-merci-de-vos-commentaires\/"},"modified":"2020-01-22T00:00:00","modified_gmt":"2020-01-22T00:00:00","slug":"mise-a-jour-sur-le-programme-canadien-didentification-des-equides-merci-de-vos-commentaires","status":"publish","type":"post","link":"https:\/\/equestrian.ca\/fr\/anciens-articles\/mise-a-jour-sur-le-programme-canadien-didentification-des-equides-merci-de-vos-commentaires\/","title":{"rendered":"Mise  \u00e0 jour sur le Programme canadien d\u2019identification des \u00e9quid\u00e9s: Merci de vos commentaires"},"content":{"rendered":"<p>Au d\u00e9but septembre, un sommaire de la <a href=\"https:\/\/www.equestrian.ca\/cdn\/storage\/resources_v2\/rJwDZWC8fLhN53WSj\/original\/rJwDZWC8fLhN53WSj.pdf\" target=\"_blank\" rel=\"noopener\">Phase 1 du PCIE<\/a> a \u00e9t\u00e9 publi\u00e9 afin d\u2019informer le milieu \u00e9questre. Le <a href=\"https:\/\/licence.equestrian.ca\/ceip\/index.aspx\" target=\"_blank\" rel=\"noopener\">formulaire de transmission \u00e9lectronique des commentaires<\/a> demeurera accessible ind\u00e9finiment afin de donner aux divers intervenants du secteur \u00e9quin la possibilit\u00e9 de faire conna\u00eetre leur opinion et leurs attentes en ce qui a trait au programme.<\/p>\n<p>Nous sommes d\u00e9termin\u00e9s \u00e0 cr\u00e9er un programme qui r\u00e9pond aux besoins des divers acteurs du secteur \u00e9questre canadien et qui am\u00e9liore la sant\u00e9 et le bien-\u00eatre des chevaux ainsi que la viabilit\u00e9 de l\u2019industrie. Afin de respecter cet engagement, nous nous efforcerons de travailler de concert avec le plus de groupes possible tout au long de l\u2019\u00e9laboration, de la mise en \u0153uvre et de l\u2019\u00e9volution continue du programme pour veiller \u00e0 ce que les livrables r\u00e9pondent toujours aux besoins du milieu.<\/p>\n<p>Nous estimons qu\u2019il est important de vous faire conna\u00eetre les commentaires que nous avons re\u00e7us \u00e0 ce jour. Voici pourquoi :<\/p>\n<\/p>\n<ul>\n<li>pour rassurer les membres du milieu que leurs commentaires ont \u00e9t\u00e9 entendus et pris en compte et pour souligner les changements ou ajouts \u00e0 la port\u00e9e du programme qui en d\u00e9coulent;<\/li>\n<li>pour faire conna\u00eetre ces r\u00e9troactions au public g\u00e9n\u00e9ral;<\/li>\n<li>pour r\u00e9pondre aux questions, pr\u00e9occupations ou incompr\u00e9hensions ou pour apporter des clarifications \u00e0 cet \u00e9gard.<\/li>\n<\/ul>\n<h3>\n<p>Taux de r\u00e9ponse et statistiques<\/p>\n<\/h3>\n<p>Bien que le taux de r\u00e9ponse ait \u00e9t\u00e9 plut\u00f4t faible (12 r\u00e9ponses au total), les commentaires re\u00e7us \u00e9taient constructifs et favorables. On compte parmi les r\u00e9pondants des propri\u00e9taires de chevaux, des associations v\u00e9t\u00e9rinaires provinciales, des associations de race nationales et des \u00e9leveurs canadiens de chevaux. <\/p>\n<p>En ce qui concerne nos efforts de communication, voici un r\u00e9sum\u00e9 des statistiques li\u00e9es \u00e0 nos divers modes de diffusion :<\/p>\n<p><img src='\/wp-content\/uploads\/cdn\/storage\/images_v2\/2020.22.01 CEIP Tables_FR.png' alt='Canadian Equine Identification Program Update: Thank You for Your Feedback' \/><\/p>\n<p>Le programme propos\u00e9 a fait l\u2019objet d\u2019une pr\u00e9sentation \u00e0 l\u2019occasion de la conf\u00e9rence t\u00e9l\u00e9phonique sur la surveillance nationale de la sant\u00e9 et du bien-\u00eatre des chevaux (<i>National Equine Disease and Welfare Surveillance Call<\/i>) qui a eu lieu le 4 octobre 2019. Pour en \u00e9couter l\u2019enregistrement (en anglais seulement), cliquez <a href=\"https:\/\/www.youtube.com\/watch?v=1MI2ahi4YoI&amp;feature=youtu.be\" target=\"_blank\" rel=\"noopener\">ici<\/a>.<\/p>\n<h3>Th\u00e8mes r\u00e9currents soulev\u00e9s dans les commentaires<\/h3>\n<p>\u00c0 ce jour, les sujets soulev\u00e9s dans les consultations et les commentaires transmis portent sur les th\u00e8mes g\u00e9n\u00e9raux suivants :<\/p>\n<p><b>Micropu\u00e7age<\/b><\/p>\n<p>Un bon nombre de r\u00e9troactions portaient sur la partie du programme propos\u00e9 concernant le micropu\u00e7age (ou l\u2019identification physique), notamment sur les pr\u00e9f\u00e9rences et exigences relatives \u00e0 l\u2019emplacement de la micropuce et sur les pr\u00e9f\u00e9rences quant au choix d\u2019un fabricant en particulier.<\/p>\n<p>Les points suivants apportent des clarifications quant aux pr\u00e9occupations les plus couramment soulev\u00e9es au sujet des micropuces :<\/p>\n<\/p>\n<p><i>Si mon cheval a d\u00e9j\u00e0 une micropuce, faudra-t-il lui en implanter une nouvelle munie du code 124 propre au Canada?<\/i><\/p>\n<p>Les chevaux qui ont \u00e9t\u00e9 micropuc\u00e9s avant le lancement du programme b\u00e9n\u00e9ficieront d\u2019un droit acquis et il ne sera pas obligatoire de leur implanter une nouvelle micropuce pourvu que celle-ci soit rep\u00e9rable, compatible \u00e0 la technologie RFID et conforme aux normes ISO. Les propri\u00e9taires de chevaux d\u00e9j\u00e0 micropuc\u00e9s auront le choix de faire implanter aussi la puce propre aux Canada s\u2019ils le d\u00e9sirent.<\/p>\n<p><i>La micropuce remplacerait-elle les modes d\u2019identification physique traditionnels propres aux races, tels que le marquage et le tatouage?<\/i><\/p>\n<p>Non, la micropuce constitue un mode d\u2019identification suppl\u00e9mentaire, \u00e0 moins d\u2019indication contraire de l\u2019association de race correspondante. <\/p>\n<p><i>Sera-t-il obligatoire d\u2019implanter la micropuce soit dans la l\u00e8vre sup\u00e9rieure, soit dans la r\u00e9gion nucale?<\/i><\/p>\n<p>Le site d\u2019implantation n\u2019est pas impos\u00e9. Ce sera au choix du propri\u00e9taire ou de l\u2019association de race affili\u00e9e. CE continuera de collaborer avec des chercheurs qui travaillent sur les applications, les sites d\u2019implantation et l\u2019am\u00e9lioration des processus en mati\u00e8re de micropu\u00e7age. <\/p>\n<p><i>Les micropuces devront-elles \u00eatre implant\u00e9es par un v\u00e9t\u00e9rinaire ou sera-t-il possible pour un propri\u00e9taire de le faire par lui-m\u00eame?<\/i><\/p>\n<p>Le droit d\u2019implanter une micropuce d\u00e9pend de la r\u00e9glementation v\u00e9t\u00e9rinaire en vigueur dans votre province ou r\u00e9gion, selon qu\u2019il s\u2019agit d\u2019un acte r\u00e9serv\u00e9 aux v\u00e9t\u00e9rinaires sur votre territoire. Si l\u2019implantation d\u2019une micropuce est reconnue comme un acte r\u00e9serv\u00e9 dans votre r\u00e9gion, il est fortement recommand\u00e9 d\u2019aborder la question avec votre v\u00e9t\u00e9rinaire.<\/p>\n<p><b>Associations de race affili\u00e9es<\/b><\/p>\n<p>Plusieurs associations nationales de race de chevaux ont d\u00e9montr\u00e9 leur int\u00e9r\u00eat pour un programme d\u2019identification national, et certaines d\u2019entre elles ont d\u2019ailleurs demand\u00e9 \u00e0 CE de d\u00e9velopper un syst\u00e8me centralis\u00e9 d\u2019identification des \u00e9quid\u00e9s. Le mode de fonctionnement propos\u00e9 pour les associations de race permettrait d\u2019offrir aux \u00e9leveurs, organismes et propri\u00e9taires un processus administratif simple et efficace.<\/p>\n<p><i>De quelle mani\u00e8re les associations de race pourront-elles s\u2019affilier au programme? L\u2019affiliation sera-t-elle obligatoire pour toutes les associations de race?<\/i><\/p>\n<p>Il revient aux groupes nationaux et provinciaux de race de choisir s\u2019ils souhaitent s\u2019affilier \u00e0 CE et au PCIE. M\u00eame si leur association de race correspondante n\u2019est pas affili\u00e9e, les propri\u00e9taires et \u00e9leveurs auront toujours la possibilit\u00e9 de participer au programme \u00e0 titre individuel. <\/p>\n<p><i>Si mon association de race est affili\u00e9e \u00e0 CE, devrai-je pr\u00e9voir des formalit\u00e9s administratives, des co\u00fbts ou des adh\u00e9sions suppl\u00e9mentaires en tant qu\u2019\u00e9leveur?<\/i><\/p>\n<p>CE a l\u2019intention de mettre en place des infrastructures technologiques appropri\u00e9es permettant la double inscription afin qu\u2019un seul traitement administratif soit n\u00e9cessaire. <\/p>\n<p><i>La licence sportive de CE sera-t-elle requise pour participer au programme?<\/i><\/p>\n<p>Non. Il est pr\u00e9vu que le PCIE soit un programme autonome auquel tous les \u00e9leveurs, propri\u00e9taires et chevaux au Canada auront acc\u00e8s.<\/p>\n<h3>\n<p>Aper\u00e7u des r\u00e9troactions par secteur<\/p>\n<\/h3>\n<p>Voici un aper\u00e7u des commentaires re\u00e7us de divers secteurs du milieu \u00e9questre :<\/p>\n<p><b>Milieu v\u00e9t\u00e9rinaire<\/b><\/p>\n<ul>\n<li><i>Il pourrait \u00eatre utile d\u2019inclure dans les informations accessibles \u00e0 tous, en plus du num\u00e9ro de micropuce, le statut vivant\/d\u00e9c\u00e9d\u00e9, interdit d\u2019abattage pour consommation ainsi que la date de naissance. Cette information importante est souvent perdue au cours des transactions quand rien ne certifie l&rsquo;\u00e2ge r\u00e9el.<\/i><\/li>\n<li><i>Le programme est excellent et comporte de grands d\u00e9fis dans sa r\u00e9alisation.<\/i><\/li>\n<li><i>Nous croyons qu\u2019il sera tr\u00e8s difficile d\u2019obtenir une tra\u00e7abilit\u00e9 pour les maladies ou \u00e9pid\u00e9mies. Il faudrait pr\u00e9voir un m\u00e9canisme de mise \u00e0 jour des changements obligatoire car actuellement ce n\u2019est pas dans les habitudes du milieu.  Certains chevaux changent de lieux de r\u00e9sidence ou de propri\u00e9taires de fa\u00e7on tr\u00e8s fr\u00e9quentes, sans cette discipline le programme aura de la difficult\u00e9 \u00e0 atteindre ses objectifs de sant\u00e9. <\/i><\/li>\n<li><i>Pour les v\u00e9t\u00e9rinaires, la confidentialit\u00e9 des dossiers m\u00e9dicaux est tr\u00e8s importante, il est n\u00e9cessaire de d\u00e9finir les obligations de divulgation et les cons\u00e9quences que celles-ci peuvent avoir sur le propri\u00e9taire du cheval.  Le propri\u00e9taire doit \u00eatre raisonnablement inform\u00e9 de la port\u00e9e de ses autorisations.   <\/i><\/li>\n<li><i>\u00c0 l\u2019instar du syst\u00e8me de l\u2019Union Europ\u00e9enne, il serait n\u00e9cessaire, dans un contexte de salubrit\u00e9 des aliments, que la portion donn\u00e9e de sant\u00e9 inclus une clause \u00ab d\u2019interdiction d\u2019abattage pour consommation humaine \u00bb \u00e0 partir du moment o\u00f9 le cheval a re\u00e7u un m\u00e9dicament interdit chez les animaux de consommation au Canada.  Cette information pourrait \u00eatre accessible facilement dans les informations de bases.-  L\u2019Ordre des m\u00e9decins v\u00e9t\u00e9rinaires du Qu\u00e9bec.<\/i><\/li>\n<\/ul>\n<p><b>Organismes \u00e9questres provinciaux<\/b><\/p>\n<ul>\n<li><i class=\"\">Nous constatons, suite \u00e0 la lecture du document, que le projet se d\u00e9roulera principalement sur une base volontaire, ce qui, \u00e0 notre avis, met en p\u00e9ril sa valeur. Pour notre part, des efforts devraient plut\u00f4t \u00eatre d\u00e9ploy\u00e9s pour inciter les instances gouvernementales \u00e0 l\u00e9gif\u00e9rer sur l\u2019obligation d\u2019identifier les chevaux du Canada et sur la mise en place d\u2019un programme de tra\u00e7abilit\u00e9.<\/i><\/li>\n<li><i>\u00c0 notre avis, la mise en place d\u2019un organisme ind\u00e9pendant ayant pour r\u00f4le de g\u00e9rer l\u2019information, de la prot\u00e9ger (confidentialit\u00e9) et de la partager aux moments critiques serait davantage prise au s\u00e9rieux par les instances gouvernementales. Le Programme d\u2019identification des chevaux de Canada \u00c9questre pr\u00e9sente actuellement plus d\u2019avantages pour les propri\u00e9taires de chevaux qui participent \u00e0 certaines comp\u00e9titions, qui, bien que fort int\u00e9ressants pour eux, diluent le message sur les intentions en mati\u00e8re de sant\u00e9 du cheptel \u00e9quin.- Cheval Quebec.<\/i><\/li>\n<li><i>Nous croyons en ce programme dans la mesure o\u00f9 il est mis en place d\u2019abord pour des raisons de protection de la sant\u00e9 du cheptel de chevaux au Canada. Nous croyons que les efforts et l\u2019argent des propri\u00e9taires canadiens de chevaux ne peuvent \u00eatre utilis\u00e9s pour la mise en place d\u2019un programme qui n\u2019est pas reconnu et soutenu par le gouvernement canadien, car le risque d\u2019avoir \u00e0 recommencer l\u2019exercice un peu plus tard est grand.<\/i><\/li>\n<\/ul>\n<h3>\n<p>Les prochaines \u00e9tapes<\/p>\n<\/h3>\n<p>Au cours des prochains mois, l\u2019\u00e9laboration du PCIE se poursuivra et l\u2019ensemble des r\u00e9troactions re\u00e7ues seront prises en compte, puis int\u00e9gr\u00e9es dans la mesure du possible. D\u2019autres mises \u00e0 jour sont pr\u00e9vues au d\u00e9but de 2020.<\/p>\n<p>Pour toute question ou tout commentaire au sujet du PCIE, veuillez communiquer avec :<\/p>\n<p>Kristy House<br \/>Gestionnaire, Bien-\u00eatre et identification<br \/>Canada \u00c9questre<br \/><a href=\"mailto:khouse@equestrian.ca\" target=\"_blank\" rel=\"noopener\">khouse@equestrian.ca<\/a><br \/>1 866 282-8395 p. 130<\/p>\n","protected":false},"excerpt":{"rendered":"<p>Au d\u00e9but septembre, un sommaire de la Phase 1 du PCIE a \u00e9t\u00e9 publi\u00e9 afin d\u2019informer le milieu \u00e9questre. Le formulaire de transmission \u00e9lectronique des commentaires demeurera accessible ind\u00e9finiment afin de donner aux divers intervenants du secteur \u00e9quin la possibilit\u00e9 de faire conna\u00eetre leur opinion et leurs attentes en ce qui a trait au programme. [&hellip;]<\/p>\n","protected":false},"author":3,"featured_media":3404,"comment_status":"open","ping_status":"open","sticky":false,"template":"","format":"standard","meta":{"_acf_changed":false,"footnotes":""},"categories":[241],"tags":[],"class_list":["post-25651","post","type-post","status-publish","format-standard","has-post-thumbnail","hentry","category-anciens-articles"],"acf":[],"yoast_head":"<!-- This site is optimized with the Yoast SEO plugin v27.0 - https:\/\/yoast.com\/product\/yoast-seo-wordpress\/ -->\n<title>Mise \u00e0 jour sur le Programme canadien d\u2019identification des \u00e9quid\u00e9s: Merci de vos commentaires - Equestrian Canada<\/title>\n<meta name=\"robots\" content=\"index, follow, max-snippet:-1, max-image-preview:large, max-video-preview:-1\" \/>\n<link rel=\"canonical\" href=\"https:\/\/equestrian.ca\/fr\/anciens-articles\/mise-a-jour-sur-le-programme-canadien-didentification-des-equides-merci-de-vos-commentaires\/\" \/>\n<meta property=\"og:locale\" content=\"fr_CA\" \/>\n<meta property=\"og:type\" content=\"article\" \/>\n<meta property=\"og:title\" content=\"Mise \u00e0 jour sur le Programme canadien d\u2019identification des \u00e9quid\u00e9s: Merci de vos commentaires - Equestrian Canada\" \/>\n<meta property=\"og:description\" content=\"Au d\u00e9but septembre, un sommaire de la Phase 1 du PCIE a \u00e9t\u00e9 publi\u00e9 afin d\u2019informer le milieu \u00e9questre. Le formulaire de transmission \u00e9lectronique des commentaires demeurera accessible ind\u00e9finiment afin de donner aux divers intervenants du secteur \u00e9quin la possibilit\u00e9 de faire conna\u00eetre leur opinion et leurs attentes en ce qui a trait au programme. [&hellip;]\" \/>\n<meta property=\"og:url\" content=\"https:\/\/equestrian.ca\/fr\/anciens-articles\/mise-a-jour-sur-le-programme-canadien-didentification-des-equides-merci-de-vos-commentaires\/\" \/>\n<meta property=\"og:site_name\" content=\"Equestrian Canada\" \/>\n<meta property=\"article:published_time\" content=\"2020-01-22T00:00:00+00:00\" \/>\n<meta property=\"og:image\" content=\"https:\/\/equestrian.ca\/wp-content\/uploads\/2023\/09\/EC_Emblem_Navy.jpg\" \/>\n\t<meta property=\"og:image:width\" content=\"800\" \/>\n\t<meta property=\"og:image:height\" content=\"618\" \/>\n\t<meta property=\"og:image:type\" content=\"image\/jpeg\" \/>\n<meta name=\"author\" content=\"Berry\" \/>\n<meta name=\"twitter:card\" content=\"summary_large_image\" \/>\n<meta name=\"twitter:label1\" content=\"\u00c9crit par\" \/>\n\t<meta name=\"twitter:data1\" content=\"Berry\" \/>\n\t<meta name=\"twitter:label2\" content=\"Estimation du temps de lecture\" \/>\n\t<meta name=\"twitter:data2\" content=\"8 minutes\" \/>\n<script type=\"application\/ld+json\" class=\"yoast-schema-graph\">{\"@context\":\"https:\/\/schema.org\",\"@graph\":[{\"@type\":\"Article\",\"@id\":\"https:\/\/equestrian.ca\/fr\/anciens-articles\/mise-a-jour-sur-le-programme-canadien-didentification-des-equides-merci-de-vos-commentaires\/#article\",\"isPartOf\":{\"@id\":\"https:\/\/equestrian.ca\/fr\/anciens-articles\/mise-a-jour-sur-le-programme-canadien-didentification-des-equides-merci-de-vos-commentaires\/\"},\"author\":{\"name\":\"Berry\",\"@id\":\"https:\/\/equestrian.ca\/fr\/#\/schema\/person\/9abd3ba4d1027626b07355668e4ee3ad\"},\"headline\":\"Mise \u00e0 jour sur le Programme canadien d\u2019identification des \u00e9quid\u00e9s: Merci de vos commentaires\",\"datePublished\":\"2020-01-22T00:00:00+00:00\",\"mainEntityOfPage\":{\"@id\":\"https:\/\/equestrian.ca\/fr\/anciens-articles\/mise-a-jour-sur-le-programme-canadien-didentification-des-equides-merci-de-vos-commentaires\/\"},\"wordCount\":1631,\"commentCount\":0,\"image\":{\"@id\":\"https:\/\/equestrian.ca\/fr\/anciens-articles\/mise-a-jour-sur-le-programme-canadien-didentification-des-equides-merci-de-vos-commentaires\/#primaryimage\"},\"thumbnailUrl\":\"https:\/\/equestrian.ca\/wp-content\/uploads\/2023\/09\/EC_Emblem_Navy.jpg\",\"articleSection\":[\"Anciens articles\"],\"inLanguage\":\"fr-CA\",\"potentialAction\":[{\"@type\":\"CommentAction\",\"name\":\"Comment\",\"target\":[\"https:\/\/equestrian.ca\/fr\/anciens-articles\/mise-a-jour-sur-le-programme-canadien-didentification-des-equides-merci-de-vos-commentaires\/#respond\"]}]},{\"@type\":\"WebPage\",\"@id\":\"https:\/\/equestrian.ca\/fr\/anciens-articles\/mise-a-jour-sur-le-programme-canadien-didentification-des-equides-merci-de-vos-commentaires\/\",\"url\":\"https:\/\/equestrian.ca\/fr\/anciens-articles\/mise-a-jour-sur-le-programme-canadien-didentification-des-equides-merci-de-vos-commentaires\/\",\"name\":\"Mise \u00e0 jour sur le Programme canadien d\u2019identification des \u00e9quid\u00e9s: Merci de vos commentaires - Equestrian Canada\",\"isPartOf\":{\"@id\":\"https:\/\/equestrian.ca\/fr\/#website\"},\"primaryImageOfPage\":{\"@id\":\"https:\/\/equestrian.ca\/fr\/anciens-articles\/mise-a-jour-sur-le-programme-canadien-didentification-des-equides-merci-de-vos-commentaires\/#primaryimage\"},\"image\":{\"@id\":\"https:\/\/equestrian.ca\/fr\/anciens-articles\/mise-a-jour-sur-le-programme-canadien-didentification-des-equides-merci-de-vos-commentaires\/#primaryimage\"},\"thumbnailUrl\":\"https:\/\/equestrian.ca\/wp-content\/uploads\/2023\/09\/EC_Emblem_Navy.jpg\",\"datePublished\":\"2020-01-22T00:00:00+00:00\",\"author\":{\"@id\":\"https:\/\/equestrian.ca\/fr\/#\/schema\/person\/9abd3ba4d1027626b07355668e4ee3ad\"},\"breadcrumb\":{\"@id\":\"https:\/\/equestrian.ca\/fr\/anciens-articles\/mise-a-jour-sur-le-programme-canadien-didentification-des-equides-merci-de-vos-commentaires\/#breadcrumb\"},\"inLanguage\":\"fr-CA\",\"potentialAction\":[{\"@type\":\"ReadAction\",\"target\":[\"https:\/\/equestrian.ca\/fr\/anciens-articles\/mise-a-jour-sur-le-programme-canadien-didentification-des-equides-merci-de-vos-commentaires\/\"]}]},{\"@type\":\"ImageObject\",\"inLanguage\":\"fr-CA\",\"@id\":\"https:\/\/equestrian.ca\/fr\/anciens-articles\/mise-a-jour-sur-le-programme-canadien-didentification-des-equides-merci-de-vos-commentaires\/#primaryimage\",\"url\":\"https:\/\/equestrian.ca\/wp-content\/uploads\/2023\/09\/EC_Emblem_Navy.jpg\",\"contentUrl\":\"https:\/\/equestrian.ca\/wp-content\/uploads\/2023\/09\/EC_Emblem_Navy.jpg\",\"width\":800,\"height\":618},{\"@type\":\"BreadcrumbList\",\"@id\":\"https:\/\/equestrian.ca\/fr\/anciens-articles\/mise-a-jour-sur-le-programme-canadien-didentification-des-equides-merci-de-vos-commentaires\/#breadcrumb\",\"itemListElement\":[{\"@type\":\"ListItem\",\"position\":1,\"name\":\"Home\",\"item\":\"https:\/\/equestrian.ca\/fr\/\"},{\"@type\":\"ListItem\",\"position\":2,\"name\":\"Mise \u00e0 jour sur le Programme canadien d\u2019identification des \u00e9quid\u00e9s: Merci de vos commentaires\"}]},{\"@type\":\"WebSite\",\"@id\":\"https:\/\/equestrian.ca\/fr\/#website\",\"url\":\"https:\/\/equestrian.ca\/fr\/\",\"name\":\"Equestrian Canada\",\"description\":\"For the love of horses and sport for life.\",\"potentialAction\":[{\"@type\":\"SearchAction\",\"target\":{\"@type\":\"EntryPoint\",\"urlTemplate\":\"https:\/\/equestrian.ca\/fr\/?s={search_term_string}\"},\"query-input\":{\"@type\":\"PropertyValueSpecification\",\"valueRequired\":true,\"valueName\":\"search_term_string\"}}],\"inLanguage\":\"fr-CA\"},{\"@type\":\"Person\",\"@id\":\"https:\/\/equestrian.ca\/fr\/#\/schema\/person\/9abd3ba4d1027626b07355668e4ee3ad\",\"name\":\"Berry\",\"image\":{\"@type\":\"ImageObject\",\"inLanguage\":\"fr-CA\",\"@id\":\"https:\/\/equestrian.ca\/fr\/#\/schema\/person\/image\/\",\"url\":\"https:\/\/secure.gravatar.com\/avatar\/882da3b67056b0c608086d3c77de46948b64244a4c249e81e0bf04a8095ce320?s=96&d=mm&r=g\",\"contentUrl\":\"https:\/\/secure.gravatar.com\/avatar\/882da3b67056b0c608086d3c77de46948b64244a4c249e81e0bf04a8095ce320?s=96&d=mm&r=g\",\"caption\":\"Berry\"},\"url\":\"https:\/\/equestrian.ca\/fr\/author\/mberry\/\"}]}<\/script>\n<!-- \/ Yoast SEO plugin. -->","yoast_head_json":{"title":"Mise \u00e0 jour sur le Programme canadien d\u2019identification des \u00e9quid\u00e9s: Merci de vos commentaires - Equestrian Canada","robots":{"index":"index","follow":"follow","max-snippet":"max-snippet:-1","max-image-preview":"max-image-preview:large","max-video-preview":"max-video-preview:-1"},"canonical":"https:\/\/equestrian.ca\/fr\/anciens-articles\/mise-a-jour-sur-le-programme-canadien-didentification-des-equides-merci-de-vos-commentaires\/","og_locale":"fr_CA","og_type":"article","og_title":"Mise \u00e0 jour sur le Programme canadien d\u2019identification des \u00e9quid\u00e9s: Merci de vos commentaires - Equestrian Canada","og_description":"Au d\u00e9but septembre, un sommaire de la Phase 1 du PCIE a \u00e9t\u00e9 publi\u00e9 afin d\u2019informer le milieu \u00e9questre. Le formulaire de transmission \u00e9lectronique des commentaires demeurera accessible ind\u00e9finiment afin de donner aux divers intervenants du secteur \u00e9quin la possibilit\u00e9 de faire conna\u00eetre leur opinion et leurs attentes en ce qui a trait au programme. [&hellip;]","og_url":"https:\/\/equestrian.ca\/fr\/anciens-articles\/mise-a-jour-sur-le-programme-canadien-didentification-des-equides-merci-de-vos-commentaires\/","og_site_name":"Equestrian Canada","article_published_time":"2020-01-22T00:00:00+00:00","og_image":[{"width":800,"height":618,"url":"https:\/\/equestrian.ca\/wp-content\/uploads\/2023\/09\/EC_Emblem_Navy.jpg","type":"image\/jpeg"}],"author":"Berry","twitter_card":"summary_large_image","twitter_misc":{"\u00c9crit par":"Berry","Estimation du temps de lecture":"8 minutes"},"schema":{"@context":"https:\/\/schema.org","@graph":[{"@type":"Article","@id":"https:\/\/equestrian.ca\/fr\/anciens-articles\/mise-a-jour-sur-le-programme-canadien-didentification-des-equides-merci-de-vos-commentaires\/#article","isPartOf":{"@id":"https:\/\/equestrian.ca\/fr\/anciens-articles\/mise-a-jour-sur-le-programme-canadien-didentification-des-equides-merci-de-vos-commentaires\/"},"author":{"name":"Berry","@id":"https:\/\/equestrian.ca\/fr\/#\/schema\/person\/9abd3ba4d1027626b07355668e4ee3ad"},"headline":"Mise \u00e0 jour sur le Programme canadien d\u2019identification des \u00e9quid\u00e9s: Merci de vos commentaires","datePublished":"2020-01-22T00:00:00+00:00","mainEntityOfPage":{"@id":"https:\/\/equestrian.ca\/fr\/anciens-articles\/mise-a-jour-sur-le-programme-canadien-didentification-des-equides-merci-de-vos-commentaires\/"},"wordCount":1631,"commentCount":0,"image":{"@id":"https:\/\/equestrian.ca\/fr\/anciens-articles\/mise-a-jour-sur-le-programme-canadien-didentification-des-equides-merci-de-vos-commentaires\/#primaryimage"},"thumbnailUrl":"https:\/\/equestrian.ca\/wp-content\/uploads\/2023\/09\/EC_Emblem_Navy.jpg","articleSection":["Anciens articles"],"inLanguage":"fr-CA","potentialAction":[{"@type":"CommentAction","name":"Comment","target":["https:\/\/equestrian.ca\/fr\/anciens-articles\/mise-a-jour-sur-le-programme-canadien-didentification-des-equides-merci-de-vos-commentaires\/#respond"]}]},{"@type":"WebPage","@id":"https:\/\/equestrian.ca\/fr\/anciens-articles\/mise-a-jour-sur-le-programme-canadien-didentification-des-equides-merci-de-vos-commentaires\/","url":"https:\/\/equestrian.ca\/fr\/anciens-articles\/mise-a-jour-sur-le-programme-canadien-didentification-des-equides-merci-de-vos-commentaires\/","name":"Mise \u00e0 jour sur le Programme canadien d\u2019identification des \u00e9quid\u00e9s: Merci de vos commentaires - Equestrian Canada","isPartOf":{"@id":"https:\/\/equestrian.ca\/fr\/#website"},"primaryImageOfPage":{"@id":"https:\/\/equestrian.ca\/fr\/anciens-articles\/mise-a-jour-sur-le-programme-canadien-didentification-des-equides-merci-de-vos-commentaires\/#primaryimage"},"image":{"@id":"https:\/\/equestrian.ca\/fr\/anciens-articles\/mise-a-jour-sur-le-programme-canadien-didentification-des-equides-merci-de-vos-commentaires\/#primaryimage"},"thumbnailUrl":"https:\/\/equestrian.ca\/wp-content\/uploads\/2023\/09\/EC_Emblem_Navy.jpg","datePublished":"2020-01-22T00:00:00+00:00","author":{"@id":"https:\/\/equestrian.ca\/fr\/#\/schema\/person\/9abd3ba4d1027626b07355668e4ee3ad"},"breadcrumb":{"@id":"https:\/\/equestrian.ca\/fr\/anciens-articles\/mise-a-jour-sur-le-programme-canadien-didentification-des-equides-merci-de-vos-commentaires\/#breadcrumb"},"inLanguage":"fr-CA","potentialAction":[{"@type":"ReadAction","target":["https:\/\/equestrian.ca\/fr\/anciens-articles\/mise-a-jour-sur-le-programme-canadien-didentification-des-equides-merci-de-vos-commentaires\/"]}]},{"@type":"ImageObject","inLanguage":"fr-CA","@id":"https:\/\/equestrian.ca\/fr\/anciens-articles\/mise-a-jour-sur-le-programme-canadien-didentification-des-equides-merci-de-vos-commentaires\/#primaryimage","url":"https:\/\/equestrian.ca\/wp-content\/uploads\/2023\/09\/EC_Emblem_Navy.jpg","contentUrl":"https:\/\/equestrian.ca\/wp-content\/uploads\/2023\/09\/EC_Emblem_Navy.jpg","width":800,"height":618},{"@type":"BreadcrumbList","@id":"https:\/\/equestrian.ca\/fr\/anciens-articles\/mise-a-jour-sur-le-programme-canadien-didentification-des-equides-merci-de-vos-commentaires\/#breadcrumb","itemListElement":[{"@type":"ListItem","position":1,"name":"Home","item":"https:\/\/equestrian.ca\/fr\/"},{"@type":"ListItem","position":2,"name":"Mise \u00e0 jour sur le Programme canadien d\u2019identification des \u00e9quid\u00e9s: Merci de vos commentaires"}]},{"@type":"WebSite","@id":"https:\/\/equestrian.ca\/fr\/#website","url":"https:\/\/equestrian.ca\/fr\/","name":"Equestrian Canada","description":"For the love of horses and sport for life.","potentialAction":[{"@type":"SearchAction","target":{"@type":"EntryPoint","urlTemplate":"https:\/\/equestrian.ca\/fr\/?s={search_term_string}"},"query-input":{"@type":"PropertyValueSpecification","valueRequired":true,"valueName":"search_term_string"}}],"inLanguage":"fr-CA"},{"@type":"Person","@id":"https:\/\/equestrian.ca\/fr\/#\/schema\/person\/9abd3ba4d1027626b07355668e4ee3ad","name":"Berry","image":{"@type":"ImageObject","inLanguage":"fr-CA","@id":"https:\/\/equestrian.ca\/fr\/#\/schema\/person\/image\/","url":"https:\/\/secure.gravatar.com\/avatar\/882da3b67056b0c608086d3c77de46948b64244a4c249e81e0bf04a8095ce320?s=96&d=mm&r=g","contentUrl":"https:\/\/secure.gravatar.com\/avatar\/882da3b67056b0c608086d3c77de46948b64244a4c249e81e0bf04a8095ce320?s=96&d=mm&r=g","caption":"Berry"},"url":"https:\/\/equestrian.ca\/fr\/author\/mberry\/"}]}},"_links":{"self":[{"href":"https:\/\/equestrian.ca\/fr\/wp-json\/wp\/v2\/posts\/25651","targetHints":{"allow":["GET"]}}],"collection":[{"href":"https:\/\/equestrian.ca\/fr\/wp-json\/wp\/v2\/posts"}],"about":[{"href":"https:\/\/equestrian.ca\/fr\/wp-json\/wp\/v2\/types\/post"}],"author":[{"embeddable":true,"href":"https:\/\/equestrian.ca\/fr\/wp-json\/wp\/v2\/users\/3"}],"replies":[{"embeddable":true,"href":"https:\/\/equestrian.ca\/fr\/wp-json\/wp\/v2\/comments?post=25651"}],"version-history":[{"count":0,"href":"https:\/\/equestrian.ca\/fr\/wp-json\/wp\/v2\/posts\/25651\/revisions"}],"wp:featuredmedia":[{"embeddable":true,"href":"https:\/\/equestrian.ca\/fr\/wp-json\/wp\/v2\/media\/3404"}],"wp:attachment":[{"href":"https:\/\/equestrian.ca\/fr\/wp-json\/wp\/v2\/media?parent=25651"}],"wp:term":[{"taxonomy":"category","embeddable":true,"href":"https:\/\/equestrian.ca\/fr\/wp-json\/wp\/v2\/categories?post=25651"},{"taxonomy":"post_tag","embeddable":true,"href":"https:\/\/equestrian.ca\/fr\/wp-json\/wp\/v2\/tags?post=25651"}],"curies":[{"name":"wp","href":"https:\/\/api.w.org\/{rel}","templated":true}]}}